{"id":8895,"date":"2023-12-22T14:25:19","date_gmt":"2023-12-22T17:25:19","guid":{"rendered":"https:\/\/apuntesdesanluis.com\/?p=8895"},"modified":"2023-12-22T14:26:39","modified_gmt":"2023-12-22T17:26:39","slug":"condenaron-a-dos-hermanos-por-amenazas-violacion-de-domicilio-y-resistencia-a-la-autoridad","status":"publish","type":"post","link":"https:\/\/apuntesdesanluis.com\/index.php\/2023\/12\/22\/condenaron-a-dos-hermanos-por-amenazas-violacion-de-domicilio-y-resistencia-a-la-autoridad\/","title":{"rendered":"CONDENARON A DOS HERMANOS POR AMENAZAS, VIOLACI\u00d3N DE DOMICILIO Y RESISTENCIA A LA AUTORIDAD"},"content":{"rendered":"<h3>Los hechos ocurrieron en marzo de 2019 en la localidad de Carpinter\u00eda.<\/h3>\n<h3>Este jueves, la Jueza de la C\u00e1mara de Apelaciones de la Tercera Circunscripci\u00f3n, Sandra Elizabeth Piguillem, conden\u00f3 a dos hermanos de Carpinter\u00eda por los delitos de amenazas, violaci\u00f3n de domicilio, atentado y resistencia a la autoridad, en concurso real.<\/h3>\n<h3>Se trata de F.E.R., de 32 a\u00f1os, y de F.L.R., de 28 a\u00f1os, quienes en marzo de 2019 ingresaron al predio de una vivienda de la mencionada localidad, con la intenci\u00f3n de robar una motocicleta. Al ser sorprendidos por el propietario, huyeron entre la maleza, refugi\u00e1ndose en una edificaci\u00f3n lindante que pertenece a su padre.<\/h3>\n<h3>Sin embargo, el hermano mayor volvi\u00f3 a la casa del vecino e intent\u00f3 entrar por la ventana de una de las habitaciones. Tras un forcejeo con el damnificado, F.E.R. escap\u00f3 de la morada.<\/h3>\n<h3>Los delincuentes se quedaron escondidos en la propiedad de al lado y, al llegar la polic\u00eda, comenzaron a amenazar a los gritos a su vecino. Cuando los uniformados se acercaron a ellos, los atacaron y trataron de huir.<\/h3>\n<h3>Los efectivos lograron reducir a los atacantes, que fueron demorados en la Subcomisar\u00eda de Carpinter\u00eda, donde F.L.R. rompi\u00f3 intencionalmente un lavabo luego de pedir autorizaci\u00f3n para usar el sanitario.<\/h3>\n<h3>En la audiencia desarrollada este 21 de diciembre, el Fiscal Mario N\u00e9stor Zudaire, junto al Defensor Oficial en lo Penal, Jos\u00e9 Francisco P\u00e9rez, presentaron la propuesta para finalizar el proceso de forma abreviada.<\/h3>\n<h3>En el recinto estuvo presente F.E.R., mientras que su hermano F.L.R. particip\u00f3 de la audiencia de forma virtual desde el Servicio Penitenciario, en virtud de encontrarse cumpliendo una condena por robo y resistencia a la autoridad, dictada el 6 de diciembre de este a\u00f1o por la Jueza Mar\u00eda Claudia Uccello.<\/h3>\n<h3>El defensor P\u00e9rez explic\u00f3 las condiciones del acuerdo arribado con la fiscal\u00eda, mediante el cual, los acusados reconocieron ser los autores de los delitos atribuidos, y prestaron conformidad a la imposici\u00f3n de las penas convenidas.<\/h3>\n<h3>En el caso de F.E.R., los delitos imputados fueron: amenazas, violaci\u00f3n de domicilio, atentado y resistencia a la autoridad, todos ellos en concurso real, y la pena acordada fue de 2 a\u00f1os y 4 meses de prisi\u00f3n en suspenso.<\/h3>\n<h3>Como atenuantes, las partes consideraron la ausencia de antecedentes penales computables y, como agravantes, la naturaleza de la acci\u00f3n, los medios empleados para cometer el delito y la extensi\u00f3n del da\u00f1o causado, debido al temor que genera en las v\u00edctimas la idea de que esos hechos se vuelvan a repetir.<\/h3>\n<h3>Como reglas de conducta que el acusado deber\u00e1 cumplir para mantener la libertad condicional, el fiscal determin\u00f3 las siguientes: fijar residencia y someterse al cuidado de un patronato; abstenerse de concurrir a determinados lugares y\/o relacionarse con determinadas personas para prevenir disturbios; abstenerse de consumir estupefacientes y de abusar del consumo de bebidas alcoh\u00f3licas.<\/h3>\n<h3>En cuanto a F.L.R., los delitos imputados fueron: amenazas, violaci\u00f3n de domicilio, da\u00f1os agravados, atentado y resistencia a la autoridad, en concurso real; y la pena convenida fue de 5 a\u00f1os y 8 meses de prisi\u00f3n efectiva, trat\u00e1ndose de una pena unificada con dos condenas anteriores.<\/h3>\n<h3>Al respecto, el defensor inform\u00f3 que el joven de 28 a\u00f1os fue recientemente condenado en el marco de una causa por robo y resistencia a la autoridad, por un hecho ocurrido en mayo de 2018 en Carpinter\u00eda; y que anteriormente hab\u00eda sido condenado por una causa de encubrimiento, que data del 2016, en la cual se le impuso una pena de 1 a\u00f1o y 8 meses de prisi\u00f3n en suspenso.<\/h3>\n<h3>Sin embargo, a partir de la condena por la causa de 2018, la prisi\u00f3n en suspenso pas\u00f3 a convertirse en prisi\u00f3n de cumplimiento efectivo.<\/h3>\n<h3>Debido a los antecedentes penales del acusado, el fiscal no encontr\u00f3 atenuantes para establecer el monto de la pena, pero s\u00ed los consider\u00f3 como agravantes de la misma, sumado a la naturaleza de la acci\u00f3n, los medios empleados para lograr la perpetraci\u00f3n del delito y la extensi\u00f3n del da\u00f1o causado.<\/h3>\n<h3>Los imputados ratificaron el acuerdo ante la jueza Piguillem, quien resolvi\u00f3 homologarlo, declar\u00e1ndolos culpables como coautores materiales de los delitos atribuidos.<\/h3>\n<h3>Al hermano mayor (F.E.R.) lo conden\u00f3 a sufrir la pena de 2 a\u00f1os y 4 meses de prisi\u00f3n en suspenso, imponi\u00e9ndole como pautas de conducta fijar residencia en un plazo no mayor de 72 horas; abstenerse de consumir estupefacientes y bebidas alcoh\u00f3licas en exceso.<\/h3>\n<h3>Mientras que, al hermano menor (F.L.R.) lo conden\u00f3 a una pena unificada de 5 a\u00f1os y 8 meses de prisi\u00f3n efectiva, accesorias de ley y costas procesales.<\/h3>\n<p>&nbsp;<\/p>\n<p>&nbsp;<\/p>\n<p>&nbsp;<\/p>\n","protected":false},"excerpt":{"rendered":"<p>Los hechos ocurrieron en marzo de 2019 en la localidad de Carpinter\u00eda. Este jueves, la&#8230;<\/p>\n","protected":false},"author":1,"featured_media":8896,"comment_status":"closed","ping_status":"closed","sticky":false,"template":"","format":"standard","meta":{"footnotes":""},"categories":[6],"tags":[],"class_list":["post-8895","post","type-post","status-publish","format-standard","has-post-thumbnail","hentry","category-ciudad-provincia"],"yoast_head":"<!-- This site is optimized with the Yoast SEO plugin v26.1.1 - https:\/\/yoast.com\/wordpress\/plugins\/seo\/ -->\n<title>CONDENARON A DOS HERMANOS POR AMENAZAS, VIOLACI\u00d3N DE DOMICILIO Y RESISTENCIA A LA AUTORIDAD - Apuntes de San Luis<\/title>\n<meta name=\"robots\" content=\"index, follow, max-snippet:-1, max-image-preview:large, max-video-preview:-1\" \/>\n<link rel=\"canonical\" href=\"https:\/\/apuntesdesanluis.com\/index.php\/2023\/12\/22\/condenaron-a-dos-hermanos-por-amenazas-violacion-de-domicilio-y-resistencia-a-la-autoridad\/\" \/>\n<meta property=\"og:locale\" content=\"es_ES\" \/>\n<meta property=\"og:type\" content=\"article\" \/>\n<meta property=\"og:title\" content=\"CONDENARON A DOS HERMANOS POR AMENAZAS, VIOLACI\u00d3N DE DOMICILIO Y RESISTENCIA A LA AUTORIDAD - Apuntes de San Luis\" \/>\n<meta property=\"og:description\" content=\"Los hechos ocurrieron en marzo de 2019 en la localidad de Carpinter\u00eda. Este jueves, la...\" \/>\n<meta property=\"og:url\" content=\"https:\/\/apuntesdesanluis.com\/index.php\/2023\/12\/22\/condenaron-a-dos-hermanos-por-amenazas-violacion-de-domicilio-y-resistencia-a-la-autoridad\/\" \/>\n<meta property=\"og:site_name\" content=\"Apuntes de San Luis\" \/>\n<meta property=\"article:published_time\" content=\"2023-12-22T17:25:19+00:00\" \/>\n<meta property=\"article:modified_time\" content=\"2023-12-22T17:26:39+00:00\" \/>\n<meta property=\"og:image\" content=\"https:\/\/apuntesdesanluis.com\/wp-content\/uploads\/2023\/12\/HERMANOS.png\" \/>\n\t<meta property=\"og:image:width\" content=\"600\" \/>\n\t<meta property=\"og:image:height\" content=\"318\" \/>\n\t<meta property=\"og:image:type\" content=\"image\/png\" \/>\n<meta name=\"author\" content=\"apuntesdesanluis.com\" \/>\n<meta name=\"twitter:card\" content=\"summary_large_image\" \/>\n<meta name=\"twitter:label1\" content=\"Escrito por\" \/>\n\t<meta name=\"twitter:data1\" content=\"apuntesdesanluis.com\" \/>\n\t<meta name=\"twitter:label2\" content=\"Tiempo de lectura\" \/>\n\t<meta name=\"twitter:data2\" content=\"4 minutos\" \/>\n<script type=\"application\/ld+json\" class=\"yoast-schema-graph\">{\"@context\":\"https:\/\/schema.org\",\"@graph\":[{\"@type\":\"Article\",\"@id\":\"https:\/\/apuntesdesanluis.com\/index.php\/2023\/12\/22\/condenaron-a-dos-hermanos-por-amenazas-violacion-de-domicilio-y-resistencia-a-la-autoridad\/#article\",\"isPartOf\":{\"@id\":\"https:\/\/apuntesdesanluis.com\/index.php\/2023\/12\/22\/condenaron-a-dos-hermanos-por-amenazas-violacion-de-domicilio-y-resistencia-a-la-autoridad\/\"},\"author\":{\"name\":\"apuntesdesanluis.com\",\"@id\":\"https:\/\/apuntesdesanluis.com\/#\/schema\/person\/b55151d52296fcce64d1a72538a70b90\"},\"headline\":\"CONDENARON A DOS HERMANOS POR AMENAZAS, VIOLACI\u00d3N DE DOMICILIO Y RESISTENCIA A LA AUTORIDAD\",\"datePublished\":\"2023-12-22T17:25:19+00:00\",\"dateModified\":\"2023-12-22T17:26:39+00:00\",\"mainEntityOfPage\":{\"@id\":\"https:\/\/apuntesdesanluis.com\/index.php\/2023\/12\/22\/condenaron-a-dos-hermanos-por-amenazas-violacion-de-domicilio-y-resistencia-a-la-autoridad\/\"},\"wordCount\":819,\"publisher\":{\"@id\":\"https:\/\/apuntesdesanluis.com\/#\/schema\/person\/b55151d52296fcce64d1a72538a70b90\"},\"image\":{\"@id\":\"https:\/\/apuntesdesanluis.com\/index.php\/2023\/12\/22\/condenaron-a-dos-hermanos-por-amenazas-violacion-de-domicilio-y-resistencia-a-la-autoridad\/#primaryimage\"},\"thumbnailUrl\":\"https:\/\/apuntesdesanluis.com\/wp-content\/uploads\/2023\/12\/HERMANOS.png\",\"articleSection\":[\"Ciudad\/Provincia\"],\"inLanguage\":\"es-AR\"},{\"@type\":\"WebPage\",\"@id\":\"https:\/\/apuntesdesanluis.com\/index.php\/2023\/12\/22\/condenaron-a-dos-hermanos-por-amenazas-violacion-de-domicilio-y-resistencia-a-la-autoridad\/\",\"url\":\"https:\/\/apuntesdesanluis.com\/index.php\/2023\/12\/22\/condenaron-a-dos-hermanos-por-amenazas-violacion-de-domicilio-y-resistencia-a-la-autoridad\/\",\"name\":\"CONDENARON A DOS HERMANOS POR AMENAZAS, VIOLACI\u00d3N DE DOMICILIO Y RESISTENCIA A LA AUTORIDAD - Apuntes de San Luis\",\"isPartOf\":{\"@id\":\"https:\/\/apuntesdesanluis.com\/#website\"},\"primaryImageOfPage\":{\"@id\":\"https:\/\/apuntesdesanluis.com\/index.php\/2023\/12\/22\/condenaron-a-dos-hermanos-por-amenazas-violacion-de-domicilio-y-resistencia-a-la-autoridad\/#primaryimage\"},\"image\":{\"@id\":\"https:\/\/apuntesdesanluis.com\/index.php\/2023\/12\/22\/condenaron-a-dos-hermanos-por-amenazas-violacion-de-domicilio-y-resistencia-a-la-autoridad\/#primaryimage\"},\"thumbnailUrl\":\"https:\/\/apuntesdesanluis.com\/wp-content\/uploads\/2023\/12\/HERMANOS.png\",\"datePublished\":\"2023-12-22T17:25:19+00:00\",\"dateModified\":\"2023-12-22T17:26:39+00:00\",\"breadcrumb\":{\"@id\":\"https:\/\/apuntesdesanluis.com\/index.php\/2023\/12\/22\/condenaron-a-dos-hermanos-por-amenazas-violacion-de-domicilio-y-resistencia-a-la-autoridad\/#breadcrumb\"},\"inLanguage\":\"es-AR\",\"potentialAction\":[{\"@type\":\"ReadAction\",\"target\":[\"https:\/\/apuntesdesanluis.com\/index.php\/2023\/12\/22\/condenaron-a-dos-hermanos-por-amenazas-violacion-de-domicilio-y-resistencia-a-la-autoridad\/\"]}]},{\"@type\":\"ImageObject\",\"inLanguage\":\"es-AR\",\"@id\":\"https:\/\/apuntesdesanluis.com\/index.php\/2023\/12\/22\/condenaron-a-dos-hermanos-por-amenazas-violacion-de-domicilio-y-resistencia-a-la-autoridad\/#primaryimage\",\"url\":\"https:\/\/apuntesdesanluis.com\/wp-content\/uploads\/2023\/12\/HERMANOS.png\",\"contentUrl\":\"https:\/\/apuntesdesanluis.com\/wp-content\/uploads\/2023\/12\/HERMANOS.png\",\"width\":600,\"height\":318},{\"@type\":\"BreadcrumbList\",\"@id\":\"https:\/\/apuntesdesanluis.com\/index.php\/2023\/12\/22\/condenaron-a-dos-hermanos-por-amenazas-violacion-de-domicilio-y-resistencia-a-la-autoridad\/#breadcrumb\",\"itemListElement\":[{\"@type\":\"ListItem\",\"position\":1,\"name\":\"Inicio\",\"item\":\"https:\/\/apuntesdesanluis.com\/\"},{\"@type\":\"ListItem\",\"position\":2,\"name\":\"CONDENARON A DOS HERMANOS POR AMENAZAS, VIOLACI\u00d3N DE DOMICILIO Y RESISTENCIA A LA AUTORIDAD\"}]},{\"@type\":\"WebSite\",\"@id\":\"https:\/\/apuntesdesanluis.com\/#website\",\"url\":\"https:\/\/apuntesdesanluis.com\/\",\"name\":\"Apuntes de San Luis\",\"description\":\"\",\"publisher\":{\"@id\":\"https:\/\/apuntesdesanluis.com\/#\/schema\/person\/b55151d52296fcce64d1a72538a70b90\"},\"potentialAction\":[{\"@type\":\"SearchAction\",\"target\":{\"@type\":\"EntryPoint\",\"urlTemplate\":\"https:\/\/apuntesdesanluis.com\/?s={search_term_string}\"},\"query-input\":{\"@type\":\"PropertyValueSpecification\",\"valueRequired\":true,\"valueName\":\"search_term_string\"}}],\"inLanguage\":\"es-AR\"},{\"@type\":[\"Person\",\"Organization\"],\"@id\":\"https:\/\/apuntesdesanluis.com\/#\/schema\/person\/b55151d52296fcce64d1a72538a70b90\",\"name\":\"apuntesdesanluis.com\",\"image\":{\"@type\":\"ImageObject\",\"inLanguage\":\"es-AR\",\"@id\":\"https:\/\/apuntesdesanluis.com\/#\/schema\/person\/image\/\",\"url\":\"https:\/\/apuntesdesanluis.com\/wp-content\/uploads\/2023\/07\/cropped-apuntesdesanluis.png\",\"contentUrl\":\"https:\/\/apuntesdesanluis.com\/wp-content\/uploads\/2023\/07\/cropped-apuntesdesanluis.png\",\"width\":450,\"height\":112,\"caption\":\"apuntesdesanluis.com\"},\"logo\":{\"@id\":\"https:\/\/apuntesdesanluis.com\/#\/schema\/person\/image\/\"},\"sameAs\":[\"https:\/\/apuntesdesanluis.com\"],\"url\":\"https:\/\/apuntesdesanluis.com\/index.php\/author\/apuntesdesanluis-com\/\"}]}<\/script>\n<!-- \/ Yoast SEO plugin. -->","yoast_head_json":{"title":"CONDENARON A DOS HERMANOS POR AMENAZAS, VIOLACI\u00d3N DE DOMICILIO Y RESISTENCIA A LA AUTORIDAD - Apuntes de San Luis","robots":{"index":"index","follow":"follow","max-snippet":"max-snippet:-1","max-image-preview":"max-image-preview:large","max-video-preview":"max-video-preview:-1"},"canonical":"https:\/\/apuntesdesanluis.com\/index.php\/2023\/12\/22\/condenaron-a-dos-hermanos-por-amenazas-violacion-de-domicilio-y-resistencia-a-la-autoridad\/","og_locale":"es_ES","og_type":"article","og_title":"CONDENARON A DOS HERMANOS POR AMENAZAS, VIOLACI\u00d3N DE DOMICILIO Y RESISTENCIA A LA AUTORIDAD - Apuntes de San Luis","og_description":"Los hechos ocurrieron en marzo de 2019 en la localidad de Carpinter\u00eda. Este jueves, la...","og_url":"https:\/\/apuntesdesanluis.com\/index.php\/2023\/12\/22\/condenaron-a-dos-hermanos-por-amenazas-violacion-de-domicilio-y-resistencia-a-la-autoridad\/","og_site_name":"Apuntes de San Luis","article_published_time":"2023-12-22T17:25:19+00:00","article_modified_time":"2023-12-22T17:26:39+00:00","og_image":[{"width":600,"height":318,"url":"https:\/\/apuntesdesanluis.com\/wp-content\/uploads\/2023\/12\/HERMANOS.png","type":"image\/png"}],"author":"apuntesdesanluis.com","twitter_card":"summary_large_image","twitter_misc":{"Escrito por":"apuntesdesanluis.com","Tiempo de lectura":"4 minutos"},"schema":{"@context":"https:\/\/schema.org","@graph":[{"@type":"Article","@id":"https:\/\/apuntesdesanluis.com\/index.php\/2023\/12\/22\/condenaron-a-dos-hermanos-por-amenazas-violacion-de-domicilio-y-resistencia-a-la-autoridad\/#article","isPartOf":{"@id":"https:\/\/apuntesdesanluis.com\/index.php\/2023\/12\/22\/condenaron-a-dos-hermanos-por-amenazas-violacion-de-domicilio-y-resistencia-a-la-autoridad\/"},"author":{"name":"apuntesdesanluis.com","@id":"https:\/\/apuntesdesanluis.com\/#\/schema\/person\/b55151d52296fcce64d1a72538a70b90"},"headline":"CONDENARON A DOS HERMANOS POR AMENAZAS, VIOLACI\u00d3N DE DOMICILIO Y RESISTENCIA A LA AUTORIDAD","datePublished":"2023-12-22T17:25:19+00:00","dateModified":"2023-12-22T17:26:39+00:00","mainEntityOfPage":{"@id":"https:\/\/apuntesdesanluis.com\/index.php\/2023\/12\/22\/condenaron-a-dos-hermanos-por-amenazas-violacion-de-domicilio-y-resistencia-a-la-autoridad\/"},"wordCount":819,"publisher":{"@id":"https:\/\/apuntesdesanluis.com\/#\/schema\/person\/b55151d52296fcce64d1a72538a70b90"},"image":{"@id":"https:\/\/apuntesdesanluis.com\/index.php\/2023\/12\/22\/condenaron-a-dos-hermanos-por-amenazas-violacion-de-domicilio-y-resistencia-a-la-autoridad\/#primaryimage"},"thumbnailUrl":"https:\/\/apuntesdesanluis.com\/wp-content\/uploads\/2023\/12\/HERMANOS.png","articleSection":["Ciudad\/Provincia"],"inLanguage":"es-AR"},{"@type":"WebPage","@id":"https:\/\/apuntesdesanluis.com\/index.php\/2023\/12\/22\/condenaron-a-dos-hermanos-por-amenazas-violacion-de-domicilio-y-resistencia-a-la-autoridad\/","url":"https:\/\/apuntesdesanluis.com\/index.php\/2023\/12\/22\/condenaron-a-dos-hermanos-por-amenazas-violacion-de-domicilio-y-resistencia-a-la-autoridad\/","name":"CONDENARON A DOS HERMANOS POR AMENAZAS, VIOLACI\u00d3N DE DOMICILIO Y RESISTENCIA A LA AUTORIDAD - Apuntes de San Luis","isPartOf":{"@id":"https:\/\/apuntesdesanluis.com\/#website"},"primaryImageOfPage":{"@id":"https:\/\/apuntesdesanluis.com\/index.php\/2023\/12\/22\/condenaron-a-dos-hermanos-por-amenazas-violacion-de-domicilio-y-resistencia-a-la-autoridad\/#primaryimage"},"image":{"@id":"https:\/\/apuntesdesanluis.com\/index.php\/2023\/12\/22\/condenaron-a-dos-hermanos-por-amenazas-violacion-de-domicilio-y-resistencia-a-la-autoridad\/#primaryimage"},"thumbnailUrl":"https:\/\/apuntesdesanluis.com\/wp-content\/uploads\/2023\/12\/HERMANOS.png","datePublished":"2023-12-22T17:25:19+00:00","dateModified":"2023-12-22T17:26:39+00:00","breadcrumb":{"@id":"https:\/\/apuntesdesanluis.com\/index.php\/2023\/12\/22\/condenaron-a-dos-hermanos-por-amenazas-violacion-de-domicilio-y-resistencia-a-la-autoridad\/#breadcrumb"},"inLanguage":"es-AR","potentialAction":[{"@type":"ReadAction","target":["https:\/\/apuntesdesanluis.com\/index.php\/2023\/12\/22\/condenaron-a-dos-hermanos-por-amenazas-violacion-de-domicilio-y-resistencia-a-la-autoridad\/"]}]},{"@type":"ImageObject","inLanguage":"es-AR","@id":"https:\/\/apuntesdesanluis.com\/index.php\/2023\/12\/22\/condenaron-a-dos-hermanos-por-amenazas-violacion-de-domicilio-y-resistencia-a-la-autoridad\/#primaryimage","url":"https:\/\/apuntesdesanluis.com\/wp-content\/uploads\/2023\/12\/HERMANOS.png","contentUrl":"https:\/\/apuntesdesanluis.com\/wp-content\/uploads\/2023\/12\/HERMANOS.png","width":600,"height":318},{"@type":"BreadcrumbList","@id":"https:\/\/apuntesdesanluis.com\/index.php\/2023\/12\/22\/condenaron-a-dos-hermanos-por-amenazas-violacion-de-domicilio-y-resistencia-a-la-autoridad\/#breadcrumb","itemListElement":[{"@type":"ListItem","position":1,"name":"Inicio","item":"https:\/\/apuntesdesanluis.com\/"},{"@type":"ListItem","position":2,"name":"CONDENARON A DOS HERMANOS POR AMENAZAS, VIOLACI\u00d3N DE DOMICILIO Y RESISTENCIA A LA AUTORIDAD"}]},{"@type":"WebSite","@id":"https:\/\/apuntesdesanluis.com\/#website","url":"https:\/\/apuntesdesanluis.com\/","name":"Apuntes de San Luis","description":"","publisher":{"@id":"https:\/\/apuntesdesanluis.com\/#\/schema\/person\/b55151d52296fcce64d1a72538a70b90"},"potentialAction":[{"@type":"SearchAction","target":{"@type":"EntryPoint","urlTemplate":"https:\/\/apuntesdesanluis.com\/?s={search_term_string}"},"query-input":{"@type":"PropertyValueSpecification","valueRequired":true,"valueName":"search_term_string"}}],"inLanguage":"es-AR"},{"@type":["Person","Organization"],"@id":"https:\/\/apuntesdesanluis.com\/#\/schema\/person\/b55151d52296fcce64d1a72538a70b90","name":"apuntesdesanluis.com","image":{"@type":"ImageObject","inLanguage":"es-AR","@id":"https:\/\/apuntesdesanluis.com\/#\/schema\/person\/image\/","url":"https:\/\/apuntesdesanluis.com\/wp-content\/uploads\/2023\/07\/cropped-apuntesdesanluis.png","contentUrl":"https:\/\/apuntesdesanluis.com\/wp-content\/uploads\/2023\/07\/cropped-apuntesdesanluis.png","width":450,"height":112,"caption":"apuntesdesanluis.com"},"logo":{"@id":"https:\/\/apuntesdesanluis.com\/#\/schema\/person\/image\/"},"sameAs":["https:\/\/apuntesdesanluis.com"],"url":"https:\/\/apuntesdesanluis.com\/index.php\/author\/apuntesdesanluis-com\/"}]}},"featured_image_urls":{"full":["https:\/\/apuntesdesanluis.com\/wp-content\/uploads\/2023\/12\/HERMANOS.png",600,318,false],"thumbnail":["https:\/\/apuntesdesanluis.com\/wp-content\/uploads\/2023\/12\/HERMANOS-150x150.png",150,150,true],"medium":["https:\/\/apuntesdesanluis.com\/wp-content\/uploads\/2023\/12\/HERMANOS-300x159.png",300,159,true],"medium_large":["https:\/\/apuntesdesanluis.com\/wp-content\/uploads\/2023\/12\/HERMANOS.png",600,318,false],"large":["https:\/\/apuntesdesanluis.com\/wp-content\/uploads\/2023\/12\/HERMANOS.png",600,318,false],"1536x1536":["https:\/\/apuntesdesanluis.com\/wp-content\/uploads\/2023\/12\/HERMANOS.png",600,318,false],"2048x2048":["https:\/\/apuntesdesanluis.com\/wp-content\/uploads\/2023\/12\/HERMANOS.png",600,318,false],"newsever-slider-full":["https:\/\/apuntesdesanluis.com\/wp-content\/uploads\/2023\/12\/HERMANOS.png",600,318,false],"newsever-featured":["https:\/\/apuntesdesanluis.com\/wp-content\/uploads\/2023\/12\/HERMANOS.png",600,318,false],"newsever-medium":["https:\/\/apuntesdesanluis.com\/wp-content\/uploads\/2023\/12\/HERMANOS.png",600,318,false]},"author_info":{"display_name":"apuntesdesanluis.com","author_link":"https:\/\/apuntesdesanluis.com\/index.php\/author\/apuntesdesanluis-com\/"},"category_info":"<a href=\"https:\/\/apuntesdesanluis.com\/index.php\/category\/ciudad-provincia\/\" rel=\"category tag\">Ciudad\/Provincia<\/a>","tag_info":"Ciudad\/Provincia","comment_count":"0","_links":{"self":[{"href":"https:\/\/apuntesdesanluis.com\/index.php\/wp-json\/wp\/v2\/posts\/8895","targetHints":{"allow":["GET"]}}],"collection":[{"href":"https:\/\/apuntesdesanluis.com\/index.php\/wp-json\/wp\/v2\/posts"}],"about":[{"href":"https:\/\/apuntesdesanluis.com\/index.php\/wp-json\/wp\/v2\/types\/post"}],"author":[{"embeddable":true,"href":"https:\/\/apuntesdesanluis.com\/index.php\/wp-json\/wp\/v2\/users\/1"}],"replies":[{"embeddable":true,"href":"https:\/\/apuntesdesanluis.com\/index.php\/wp-json\/wp\/v2\/comments?post=8895"}],"version-history":[{"count":2,"href":"https:\/\/apuntesdesanluis.com\/index.php\/wp-json\/wp\/v2\/posts\/8895\/revisions"}],"predecessor-version":[{"id":8898,"href":"https:\/\/apuntesdesanluis.com\/index.php\/wp-json\/wp\/v2\/posts\/8895\/revisions\/8898"}],"wp:featuredmedia":[{"embeddable":true,"href":"https:\/\/apuntesdesanluis.com\/index.php\/wp-json\/wp\/v2\/media\/8896"}],"wp:attachment":[{"href":"https:\/\/apuntesdesanluis.com\/index.php\/wp-json\/wp\/v2\/media?parent=8895"}],"wp:term":[{"taxonomy":"category","embeddable":true,"href":"https:\/\/apuntesdesanluis.com\/index.php\/wp-json\/wp\/v2\/categories?post=8895"},{"taxonomy":"post_tag","embeddable":true,"href":"https:\/\/apuntesdesanluis.com\/index.php\/wp-json\/wp\/v2\/tags?post=8895"}],"curies":[{"name":"wp","href":"https:\/\/api.w.org\/{rel}","templated":true}]}}