{"id":8899,"date":"2023-12-23T09:30:53","date_gmt":"2023-12-23T12:30:53","guid":{"rendered":"https:\/\/apuntesdesanluis.com\/?p=8899"},"modified":"2023-12-23T09:30:53","modified_gmt":"2023-12-23T12:30:53","slug":"cuarto-informe-de-poggi-la-feria-industrial-de-abril-costo-1-300-millones","status":"publish","type":"post","link":"https:\/\/apuntesdesanluis.com\/index.php\/2023\/12\/23\/cuarto-informe-de-poggi-la-feria-industrial-de-abril-costo-1-300-millones\/","title":{"rendered":"CUARTO INFORME DE POGGI: LA FERIA INDUSTRIAL DE ABRIL COST\u00d3 $1.300 MILLONES"},"content":{"rendered":"<h3>En un nuevo informe a la ciudadan\u00eda, que ya se ha convertido en un cl\u00e1sico, el mandatario afirm\u00f3 que se detect\u00f3 el faltante de c\u00e1maras de fotos y videos, drones, micr\u00f3fonos y mochilas de transmisi\u00f3n de streaming. Adem\u00e1s Carolina Ag\u00fcero Garc\u00eda, la ex secretaria de Comunicaci\u00f3n, habr\u00eda gastado una fortuna en la Feria Industrial realizada en abril en Villa Mercedes, en el predio La Pedrera.<\/h3>\n<h3>El gobernador <strong>Claudio Poggi<\/strong>\u00a0brind\u00f3 su cuarto informe a la poblaci\u00f3n de San Luis, reiterando su \u201cconvencimiento de que la plata que hoy nos falta, que le falta a la provincia para cumplir con sus compromisos, sobre todo los salariales, en un 100%, se la llevaron la corrupci\u00f3n y los aprovechados del Estado\u201d.<\/h3>\n<h3>Anunci\u00f3 adem\u00e1s que habilitar\u00e1n el<span style=\"color: #3366ff;\"><strong> 0800-345-0836<\/strong><\/span> para recibir denuncias, que pueden ser an\u00f3nimas, y poder as\u00ed seguir descubriendo nichos de corrupci\u00f3n.<\/h3>\n<h3>En este caso, se refiri\u00f3 exclusivamente a la Secretar\u00eda de Comunicaci\u00f3n de la provincia, que estaba a cargo de <strong>Carolina Ag\u00fcero Garc\u00eda<\/strong>.<\/h3>\n<p><img fetchpriority=\"high\" decoding=\"async\" class=\"wp-image-8901 aligncenter\" src=\"https:\/\/apuntesdesanluis.com\/wp-content\/uploads\/2023\/12\/caro-300x193.png\" alt=\"\" width=\"623\" height=\"401\" srcset=\"https:\/\/apuntesdesanluis.com\/wp-content\/uploads\/2023\/12\/caro-300x193.png 300w, https:\/\/apuntesdesanluis.com\/wp-content\/uploads\/2023\/12\/caro.png 600w\" sizes=\"(max-width: 623px) 100vw, 623px\" \/><\/p>\n<h3>\u201cHe recibido informaci\u00f3n respecto de que esa Secretar\u00eda, en un evento denominado Feria Industrial realizada en abril de este a\u00f1o, realiz\u00f3 un festival de contrataciones directas por un monto de aquel momento, hace ocho meses, de casi 1.300 millones de pesos\u201d, comenz\u00f3 el primer mandatario, quien ya procedi\u00f3 como es habitual en casos de corrupci\u00f3n: \u201cHe instruido a Fiscal\u00eda de Estado para que investigue esas contrataciones y facturaciones, porque son de varias empresas, facturaciones de bajo n\u00famero, factura n\u00famero 2, n\u00famero 4, n\u00famero 6, n\u00famero 8, empresas recientemente constituidas, para ese momento\u201d.<\/h3>\n<h3>Seg\u00fan Poggi, \u201cllama la atenci\u00f3n una facturaci\u00f3n realizada por un servicio de log\u00edstica prestada por un familiar directo de Ag\u00fcero Garc\u00eda por un monto de 110 millones de pesos. Creaban empresas, estaban jurando los funcionarios y creaban en paralelo empresas para venderle al Estado y que ellos mismos las contrataran. Es una matriz que se repite en muchas \u00e1reas de gobierno de la gesti\u00f3n anterior, y ah\u00ed se iba la plata\u201d.<\/h3>\n<p><iframe title=\"Claudio Javier Poggi, Gobernador de la Provincia de San Luis\" width=\"640\" height=\"360\" src=\"https:\/\/www.youtube.com\/embed\/ZXB5B353Dg8?feature=oembed\" frameborder=\"0\" allow=\"accelerometer; autoplay; clipboard-write; encrypted-media; gyroscope; picture-in-picture; web-share\" referrerpolicy=\"strict-origin-when-cross-origin\" allowfullscreen><\/iframe><\/p>\n<h3>\u201cSi bien la exsecretaria de Comunicaci\u00f3n, muy cordialmente y con un escribano de por medio, hizo a la gesti\u00f3n nueva una entrega de los equipamientos del canal de televisi\u00f3n y de la Agencia de Noticias, tenemos sobrados elementos para afirmar que fue parcial. A partir de la entrega del equipamiento que nos hicieron llegar, y seg\u00fan comentarios de los propios empleados p\u00fablicos, hay un conjunto de equipamiento cuyas facturas nos adjuntaron que no figuran en las actas de traspaso. Faltan c\u00e1maras de fotos, c\u00e1maras de video, drones, equipos de computaci\u00f3n de dise\u00f1o, micr\u00f3fonos, mochilas de transmisi\u00f3n para streaming, entre otros elementos\u201d, enumer\u00f3 el Gobernador, quien agreg\u00f3: \u201cImag\u00ednense el valor que tiene todo ese equipamiento, valor d\u00f3lar. Se compraron y no est\u00e1n, se fueron. Otra matriz que se repiti\u00f3, faltante de equipamiento comprado en la gesti\u00f3n anterior y que no estaba al momento del traspaso de mando\u201d.<\/h3>\n<h3>Como es habitual en otras \u00e1reas, los funcionarios actuales est\u00e1n recibiendo denuncias, informes, no solamente de las mismas \u00e1reas de gobierno actuales, sino de empleados p\u00fablicos, de proveedores, de vecinos. \u201cLa verdad que nos estamos llenando de informaci\u00f3n. Ahora la vamos a ordenar. Vamos a crear una l\u00ednea para denuncias, un 0800. Ser\u00e1 el 0800-345-0836. Ustedes all\u00ed pueden hacer en forma nominada o an\u00f3nima denuncias de posibles hechos de corrupci\u00f3n en los que estar\u00eda siendo afectado el Estado provincial y su patrimonio. Faltante de bienes, de veh\u00edculos, de computadoras, de aires acondicionados, mercader\u00edas y materiales de desarrollo social que no est\u00e1n, que estaban almacenados y no est\u00e1n. Incluso de empresas que se fueron creando en paralelo a la gesti\u00f3n de gobierno para ser proveedor del Estado\u201d, pidi\u00f3 el primer mandatario.<\/h3>\n<h3>A todo aquel que llame al 0800-345-0836 despu\u00e9s seguramente le pedir\u00e1n un respaldo probatorio, un video, fotos, facturas, para seguir la investigaci\u00f3n con m\u00e1s certeza, pero manteniendo siempre el anonimato. \u201cLa verdad que cada d\u00eda que pasa estoy m\u00e1s convencido de que la plata que hoy le falta a la provincia y que no nos permite cumplir con los compromisos b\u00e1sicos, adem\u00e1s de una p\u00e9sima administraci\u00f3n, responde a la corrupci\u00f3n y a los aprovechados del Estado. Vamos a investigar todo\u201d, cerr\u00f3 el Gobernador.<\/h3>\n<p>&nbsp;<\/p>\n<p>&nbsp;<\/p>\n","protected":false},"excerpt":{"rendered":"<p>En un nuevo informe a la ciudadan\u00eda, que ya se ha convertido en un cl\u00e1sico,&#8230;<\/p>\n","protected":false},"author":1,"featured_media":8900,"comment_status":"closed","ping_status":"closed","sticky":false,"template":"","format":"standard","meta":{"footnotes":""},"categories":[6],"tags":[],"class_list":["post-8899","post","type-post","status-publish","format-standard","has-post-thumbnail","hentry","category-ciudad-provincia"],"yoast_head":"<!-- This site is optimized with the Yoast SEO plugin v26.1.1 - https:\/\/yoast.com\/wordpress\/plugins\/seo\/ -->\n<title>CUARTO INFORME DE POGGI: LA FERIA INDUSTRIAL DE ABRIL COST\u00d3 $1.300 MILLONES - Apuntes de San Luis<\/title>\n<meta name=\"robots\" content=\"index, follow, max-snippet:-1, max-image-preview:large, max-video-preview:-1\" \/>\n<link rel=\"canonical\" href=\"https:\/\/apuntesdesanluis.com\/index.php\/2023\/12\/23\/cuarto-informe-de-poggi-la-feria-industrial-de-abril-costo-1-300-millones\/\" \/>\n<meta property=\"og:locale\" content=\"es_ES\" \/>\n<meta property=\"og:type\" content=\"article\" \/>\n<meta property=\"og:title\" content=\"CUARTO INFORME DE POGGI: LA FERIA INDUSTRIAL DE ABRIL COST\u00d3 $1.300 MILLONES - Apuntes de San Luis\" \/>\n<meta property=\"og:description\" content=\"En un nuevo informe a la ciudadan\u00eda, que ya se ha convertido en un cl\u00e1sico,...\" \/>\n<meta property=\"og:url\" content=\"https:\/\/apuntesdesanluis.com\/index.php\/2023\/12\/23\/cuarto-informe-de-poggi-la-feria-industrial-de-abril-costo-1-300-millones\/\" \/>\n<meta property=\"og:site_name\" content=\"Apuntes de San Luis\" \/>\n<meta property=\"article:published_time\" content=\"2023-12-23T12:30:53+00:00\" \/>\n<meta property=\"og:image\" content=\"https:\/\/apuntesdesanluis.com\/wp-content\/uploads\/2023\/12\/claudio-poggi-2.png\" \/>\n\t<meta property=\"og:image:width\" content=\"600\" \/>\n\t<meta property=\"og:image:height\" content=\"356\" \/>\n\t<meta property=\"og:image:type\" content=\"image\/png\" \/>\n<meta name=\"author\" content=\"apuntesdesanluis.com\" \/>\n<meta name=\"twitter:card\" content=\"summary_large_image\" \/>\n<meta name=\"twitter:label1\" content=\"Escrito por\" \/>\n\t<meta name=\"twitter:data1\" content=\"apuntesdesanluis.com\" \/>\n\t<meta name=\"twitter:label2\" content=\"Tiempo de lectura\" \/>\n\t<meta name=\"twitter:data2\" content=\"4 minutos\" \/>\n<script type=\"application\/ld+json\" class=\"yoast-schema-graph\">{\"@context\":\"https:\/\/schema.org\",\"@graph\":[{\"@type\":\"Article\",\"@id\":\"https:\/\/apuntesdesanluis.com\/index.php\/2023\/12\/23\/cuarto-informe-de-poggi-la-feria-industrial-de-abril-costo-1-300-millones\/#article\",\"isPartOf\":{\"@id\":\"https:\/\/apuntesdesanluis.com\/index.php\/2023\/12\/23\/cuarto-informe-de-poggi-la-feria-industrial-de-abril-costo-1-300-millones\/\"},\"author\":{\"name\":\"apuntesdesanluis.com\",\"@id\":\"https:\/\/apuntesdesanluis.com\/#\/schema\/person\/b55151d52296fcce64d1a72538a70b90\"},\"headline\":\"CUARTO INFORME DE POGGI: LA FERIA INDUSTRIAL DE ABRIL COST\u00d3 $1.300 MILLONES\",\"datePublished\":\"2023-12-23T12:30:53+00:00\",\"mainEntityOfPage\":{\"@id\":\"https:\/\/apuntesdesanluis.com\/index.php\/2023\/12\/23\/cuarto-informe-de-poggi-la-feria-industrial-de-abril-costo-1-300-millones\/\"},\"wordCount\":774,\"publisher\":{\"@id\":\"https:\/\/apuntesdesanluis.com\/#\/schema\/person\/b55151d52296fcce64d1a72538a70b90\"},\"image\":{\"@id\":\"https:\/\/apuntesdesanluis.com\/index.php\/2023\/12\/23\/cuarto-informe-de-poggi-la-feria-industrial-de-abril-costo-1-300-millones\/#primaryimage\"},\"thumbnailUrl\":\"https:\/\/apuntesdesanluis.com\/wp-content\/uploads\/2023\/12\/claudio-poggi-2.png\",\"articleSection\":[\"Ciudad\/Provincia\"],\"inLanguage\":\"es-AR\"},{\"@type\":\"WebPage\",\"@id\":\"https:\/\/apuntesdesanluis.com\/index.php\/2023\/12\/23\/cuarto-informe-de-poggi-la-feria-industrial-de-abril-costo-1-300-millones\/\",\"url\":\"https:\/\/apuntesdesanluis.com\/index.php\/2023\/12\/23\/cuarto-informe-de-poggi-la-feria-industrial-de-abril-costo-1-300-millones\/\",\"name\":\"CUARTO INFORME DE POGGI: LA FERIA INDUSTRIAL DE ABRIL COST\u00d3 $1.300 MILLONES - Apuntes de San Luis\",\"isPartOf\":{\"@id\":\"https:\/\/apuntesdesanluis.com\/#website\"},\"primaryImageOfPage\":{\"@id\":\"https:\/\/apuntesdesanluis.com\/index.php\/2023\/12\/23\/cuarto-informe-de-poggi-la-feria-industrial-de-abril-costo-1-300-millones\/#primaryimage\"},\"image\":{\"@id\":\"https:\/\/apuntesdesanluis.com\/index.php\/2023\/12\/23\/cuarto-informe-de-poggi-la-feria-industrial-de-abril-costo-1-300-millones\/#primaryimage\"},\"thumbnailUrl\":\"https:\/\/apuntesdesanluis.com\/wp-content\/uploads\/2023\/12\/claudio-poggi-2.png\",\"datePublished\":\"2023-12-23T12:30:53+00:00\",\"breadcrumb\":{\"@id\":\"https:\/\/apuntesdesanluis.com\/index.php\/2023\/12\/23\/cuarto-informe-de-poggi-la-feria-industrial-de-abril-costo-1-300-millones\/#breadcrumb\"},\"inLanguage\":\"es-AR\",\"potentialAction\":[{\"@type\":\"ReadAction\",\"target\":[\"https:\/\/apuntesdesanluis.com\/index.php\/2023\/12\/23\/cuarto-informe-de-poggi-la-feria-industrial-de-abril-costo-1-300-millones\/\"]}]},{\"@type\":\"ImageObject\",\"inLanguage\":\"es-AR\",\"@id\":\"https:\/\/apuntesdesanluis.com\/index.php\/2023\/12\/23\/cuarto-informe-de-poggi-la-feria-industrial-de-abril-costo-1-300-millones\/#primaryimage\",\"url\":\"https:\/\/apuntesdesanluis.com\/wp-content\/uploads\/2023\/12\/claudio-poggi-2.png\",\"contentUrl\":\"https:\/\/apuntesdesanluis.com\/wp-content\/uploads\/2023\/12\/claudio-poggi-2.png\",\"width\":600,\"height\":356},{\"@type\":\"BreadcrumbList\",\"@id\":\"https:\/\/apuntesdesanluis.com\/index.php\/2023\/12\/23\/cuarto-informe-de-poggi-la-feria-industrial-de-abril-costo-1-300-millones\/#breadcrumb\",\"itemListElement\":[{\"@type\":\"ListItem\",\"position\":1,\"name\":\"Inicio\",\"item\":\"https:\/\/apuntesdesanluis.com\/\"},{\"@type\":\"ListItem\",\"position\":2,\"name\":\"CUARTO INFORME DE POGGI: LA FERIA INDUSTRIAL DE ABRIL COST\u00d3 $1.300 MILLONES\"}]},{\"@type\":\"WebSite\",\"@id\":\"https:\/\/apuntesdesanluis.com\/#website\",\"url\":\"https:\/\/apuntesdesanluis.com\/\",\"name\":\"Apuntes de San Luis\",\"description\":\"\",\"publisher\":{\"@id\":\"https:\/\/apuntesdesanluis.com\/#\/schema\/person\/b55151d52296fcce64d1a72538a70b90\"},\"potentialAction\":[{\"@type\":\"SearchAction\",\"target\":{\"@type\":\"EntryPoint\",\"urlTemplate\":\"https:\/\/apuntesdesanluis.com\/?s={search_term_string}\"},\"query-input\":{\"@type\":\"PropertyValueSpecification\",\"valueRequired\":true,\"valueName\":\"search_term_string\"}}],\"inLanguage\":\"es-AR\"},{\"@type\":[\"Person\",\"Organization\"],\"@id\":\"https:\/\/apuntesdesanluis.com\/#\/schema\/person\/b55151d52296fcce64d1a72538a70b90\",\"name\":\"apuntesdesanluis.com\",\"image\":{\"@type\":\"ImageObject\",\"inLanguage\":\"es-AR\",\"@id\":\"https:\/\/apuntesdesanluis.com\/#\/schema\/person\/image\/\",\"url\":\"https:\/\/apuntesdesanluis.com\/wp-content\/uploads\/2023\/07\/cropped-apuntesdesanluis.png\",\"contentUrl\":\"https:\/\/apuntesdesanluis.com\/wp-content\/uploads\/2023\/07\/cropped-apuntesdesanluis.png\",\"width\":450,\"height\":112,\"caption\":\"apuntesdesanluis.com\"},\"logo\":{\"@id\":\"https:\/\/apuntesdesanluis.com\/#\/schema\/person\/image\/\"},\"sameAs\":[\"https:\/\/apuntesdesanluis.com\"],\"url\":\"https:\/\/apuntesdesanluis.com\/index.php\/author\/apuntesdesanluis-com\/\"}]}<\/script>\n<!-- \/ Yoast SEO plugin. -->","yoast_head_json":{"title":"CUARTO INFORME DE POGGI: LA FERIA INDUSTRIAL DE ABRIL COST\u00d3 $1.300 MILLONES - Apuntes de San Luis","robots":{"index":"index","follow":"follow","max-snippet":"max-snippet:-1","max-image-preview":"max-image-preview:large","max-video-preview":"max-video-preview:-1"},"canonical":"https:\/\/apuntesdesanluis.com\/index.php\/2023\/12\/23\/cuarto-informe-de-poggi-la-feria-industrial-de-abril-costo-1-300-millones\/","og_locale":"es_ES","og_type":"article","og_title":"CUARTO INFORME DE POGGI: LA FERIA INDUSTRIAL DE ABRIL COST\u00d3 $1.300 MILLONES - Apuntes de San Luis","og_description":"En un nuevo informe a la ciudadan\u00eda, que ya se ha convertido en un cl\u00e1sico,...","og_url":"https:\/\/apuntesdesanluis.com\/index.php\/2023\/12\/23\/cuarto-informe-de-poggi-la-feria-industrial-de-abril-costo-1-300-millones\/","og_site_name":"Apuntes de San Luis","article_published_time":"2023-12-23T12:30:53+00:00","og_image":[{"width":600,"height":356,"url":"https:\/\/apuntesdesanluis.com\/wp-content\/uploads\/2023\/12\/claudio-poggi-2.png","type":"image\/png"}],"author":"apuntesdesanluis.com","twitter_card":"summary_large_image","twitter_misc":{"Escrito por":"apuntesdesanluis.com","Tiempo de lectura":"4 minutos"},"schema":{"@context":"https:\/\/schema.org","@graph":[{"@type":"Article","@id":"https:\/\/apuntesdesanluis.com\/index.php\/2023\/12\/23\/cuarto-informe-de-poggi-la-feria-industrial-de-abril-costo-1-300-millones\/#article","isPartOf":{"@id":"https:\/\/apuntesdesanluis.com\/index.php\/2023\/12\/23\/cuarto-informe-de-poggi-la-feria-industrial-de-abril-costo-1-300-millones\/"},"author":{"name":"apuntesdesanluis.com","@id":"https:\/\/apuntesdesanluis.com\/#\/schema\/person\/b55151d52296fcce64d1a72538a70b90"},"headline":"CUARTO INFORME DE POGGI: LA FERIA INDUSTRIAL DE ABRIL COST\u00d3 $1.300 MILLONES","datePublished":"2023-12-23T12:30:53+00:00","mainEntityOfPage":{"@id":"https:\/\/apuntesdesanluis.com\/index.php\/2023\/12\/23\/cuarto-informe-de-poggi-la-feria-industrial-de-abril-costo-1-300-millones\/"},"wordCount":774,"publisher":{"@id":"https:\/\/apuntesdesanluis.com\/#\/schema\/person\/b55151d52296fcce64d1a72538a70b90"},"image":{"@id":"https:\/\/apuntesdesanluis.com\/index.php\/2023\/12\/23\/cuarto-informe-de-poggi-la-feria-industrial-de-abril-costo-1-300-millones\/#primaryimage"},"thumbnailUrl":"https:\/\/apuntesdesanluis.com\/wp-content\/uploads\/2023\/12\/claudio-poggi-2.png","articleSection":["Ciudad\/Provincia"],"inLanguage":"es-AR"},{"@type":"WebPage","@id":"https:\/\/apuntesdesanluis.com\/index.php\/2023\/12\/23\/cuarto-informe-de-poggi-la-feria-industrial-de-abril-costo-1-300-millones\/","url":"https:\/\/apuntesdesanluis.com\/index.php\/2023\/12\/23\/cuarto-informe-de-poggi-la-feria-industrial-de-abril-costo-1-300-millones\/","name":"CUARTO INFORME DE POGGI: LA FERIA INDUSTRIAL DE ABRIL COST\u00d3 $1.300 MILLONES - Apuntes de San Luis","isPartOf":{"@id":"https:\/\/apuntesdesanluis.com\/#website"},"primaryImageOfPage":{"@id":"https:\/\/apuntesdesanluis.com\/index.php\/2023\/12\/23\/cuarto-informe-de-poggi-la-feria-industrial-de-abril-costo-1-300-millones\/#primaryimage"},"image":{"@id":"https:\/\/apuntesdesanluis.com\/index.php\/2023\/12\/23\/cuarto-informe-de-poggi-la-feria-industrial-de-abril-costo-1-300-millones\/#primaryimage"},"thumbnailUrl":"https:\/\/apuntesdesanluis.com\/wp-content\/uploads\/2023\/12\/claudio-poggi-2.png","datePublished":"2023-12-23T12:30:53+00:00","breadcrumb":{"@id":"https:\/\/apuntesdesanluis.com\/index.php\/2023\/12\/23\/cuarto-informe-de-poggi-la-feria-industrial-de-abril-costo-1-300-millones\/#breadcrumb"},"inLanguage":"es-AR","potentialAction":[{"@type":"ReadAction","target":["https:\/\/apuntesdesanluis.com\/index.php\/2023\/12\/23\/cuarto-informe-de-poggi-la-feria-industrial-de-abril-costo-1-300-millones\/"]}]},{"@type":"ImageObject","inLanguage":"es-AR","@id":"https:\/\/apuntesdesanluis.com\/index.php\/2023\/12\/23\/cuarto-informe-de-poggi-la-feria-industrial-de-abril-costo-1-300-millones\/#primaryimage","url":"https:\/\/apuntesdesanluis.com\/wp-content\/uploads\/2023\/12\/claudio-poggi-2.png","contentUrl":"https:\/\/apuntesdesanluis.com\/wp-content\/uploads\/2023\/12\/claudio-poggi-2.png","width":600,"height":356},{"@type":"BreadcrumbList","@id":"https:\/\/apuntesdesanluis.com\/index.php\/2023\/12\/23\/cuarto-informe-de-poggi-la-feria-industrial-de-abril-costo-1-300-millones\/#breadcrumb","itemListElement":[{"@type":"ListItem","position":1,"name":"Inicio","item":"https:\/\/apuntesdesanluis.com\/"},{"@type":"ListItem","position":2,"name":"CUARTO INFORME DE POGGI: LA FERIA INDUSTRIAL DE ABRIL COST\u00d3 $1.300 MILLONES"}]},{"@type":"WebSite","@id":"https:\/\/apuntesdesanluis.com\/#website","url":"https:\/\/apuntesdesanluis.com\/","name":"Apuntes de San Luis","description":"","publisher":{"@id":"https:\/\/apuntesdesanluis.com\/#\/schema\/person\/b55151d52296fcce64d1a72538a70b90"},"potentialAction":[{"@type":"SearchAction","target":{"@type":"EntryPoint","urlTemplate":"https:\/\/apuntesdesanluis.com\/?s={search_term_string}"},"query-input":{"@type":"PropertyValueSpecification","valueRequired":true,"valueName":"search_term_string"}}],"inLanguage":"es-AR"},{"@type":["Person","Organization"],"@id":"https:\/\/apuntesdesanluis.com\/#\/schema\/person\/b55151d52296fcce64d1a72538a70b90","name":"apuntesdesanluis.com","image":{"@type":"ImageObject","inLanguage":"es-AR","@id":"https:\/\/apuntesdesanluis.com\/#\/schema\/person\/image\/","url":"https:\/\/apuntesdesanluis.com\/wp-content\/uploads\/2023\/07\/cropped-apuntesdesanluis.png","contentUrl":"https:\/\/apuntesdesanluis.com\/wp-content\/uploads\/2023\/07\/cropped-apuntesdesanluis.png","width":450,"height":112,"caption":"apuntesdesanluis.com"},"logo":{"@id":"https:\/\/apuntesdesanluis.com\/#\/schema\/person\/image\/"},"sameAs":["https:\/\/apuntesdesanluis.com"],"url":"https:\/\/apuntesdesanluis.com\/index.php\/author\/apuntesdesanluis-com\/"}]}},"featured_image_urls":{"full":["https:\/\/apuntesdesanluis.com\/wp-content\/uploads\/2023\/12\/claudio-poggi-2.png",600,356,false],"thumbnail":["https:\/\/apuntesdesanluis.com\/wp-content\/uploads\/2023\/12\/claudio-poggi-2-150x150.png",150,150,true],"medium":["https:\/\/apuntesdesanluis.com\/wp-content\/uploads\/2023\/12\/claudio-poggi-2-300x178.png",300,178,true],"medium_large":["https:\/\/apuntesdesanluis.com\/wp-content\/uploads\/2023\/12\/claudio-poggi-2.png",600,356,false],"large":["https:\/\/apuntesdesanluis.com\/wp-content\/uploads\/2023\/12\/claudio-poggi-2.png",600,356,false],"1536x1536":["https:\/\/apuntesdesanluis.com\/wp-content\/uploads\/2023\/12\/claudio-poggi-2.png",600,356,false],"2048x2048":["https:\/\/apuntesdesanluis.com\/wp-content\/uploads\/2023\/12\/claudio-poggi-2.png",600,356,false],"newsever-slider-full":["https:\/\/apuntesdesanluis.com\/wp-content\/uploads\/2023\/12\/claudio-poggi-2.png",600,356,false],"newsever-featured":["https:\/\/apuntesdesanluis.com\/wp-content\/uploads\/2023\/12\/claudio-poggi-2.png",600,356,false],"newsever-medium":["https:\/\/apuntesdesanluis.com\/wp-content\/uploads\/2023\/12\/claudio-poggi-2.png",600,356,false]},"author_info":{"display_name":"apuntesdesanluis.com","author_link":"https:\/\/apuntesdesanluis.com\/index.php\/author\/apuntesdesanluis-com\/"},"category_info":"<a href=\"https:\/\/apuntesdesanluis.com\/index.php\/category\/ciudad-provincia\/\" rel=\"category tag\">Ciudad\/Provincia<\/a>","tag_info":"Ciudad\/Provincia","comment_count":"0","_links":{"self":[{"href":"https:\/\/apuntesdesanluis.com\/index.php\/wp-json\/wp\/v2\/posts\/8899","targetHints":{"allow":["GET"]}}],"collection":[{"href":"https:\/\/apuntesdesanluis.com\/index.php\/wp-json\/wp\/v2\/posts"}],"about":[{"href":"https:\/\/apuntesdesanluis.com\/index.php\/wp-json\/wp\/v2\/types\/post"}],"author":[{"embeddable":true,"href":"https:\/\/apuntesdesanluis.com\/index.php\/wp-json\/wp\/v2\/users\/1"}],"replies":[{"embeddable":true,"href":"https:\/\/apuntesdesanluis.com\/index.php\/wp-json\/wp\/v2\/comments?post=8899"}],"version-history":[{"count":1,"href":"https:\/\/apuntesdesanluis.com\/index.php\/wp-json\/wp\/v2\/posts\/8899\/revisions"}],"predecessor-version":[{"id":8902,"href":"https:\/\/apuntesdesanluis.com\/index.php\/wp-json\/wp\/v2\/posts\/8899\/revisions\/8902"}],"wp:featuredmedia":[{"embeddable":true,"href":"https:\/\/apuntesdesanluis.com\/index.php\/wp-json\/wp\/v2\/media\/8900"}],"wp:attachment":[{"href":"https:\/\/apuntesdesanluis.com\/index.php\/wp-json\/wp\/v2\/media?parent=8899"}],"wp:term":[{"taxonomy":"category","embeddable":true,"href":"https:\/\/apuntesdesanluis.com\/index.php\/wp-json\/wp\/v2\/categories?post=8899"},{"taxonomy":"post_tag","embeddable":true,"href":"https:\/\/apuntesdesanluis.com\/index.php\/wp-json\/wp\/v2\/tags?post=8899"}],"curies":[{"name":"wp","href":"https:\/\/api.w.org\/{rel}","templated":true}]}}