{"id":8903,"date":"2023-12-23T09:35:31","date_gmt":"2023-12-23T12:35:31","guid":{"rendered":"https:\/\/apuntesdesanluis.com\/?p=8903"},"modified":"2023-12-23T09:35:31","modified_gmt":"2023-12-23T12:35:31","slug":"femicidio-de-concaran-el-imputado-continuara-en-prision-preventiva","status":"publish","type":"post","link":"https:\/\/apuntesdesanluis.com\/index.php\/2023\/12\/23\/femicidio-de-concaran-el-imputado-continuara-en-prision-preventiva\/","title":{"rendered":"FEMICIDIO DE CONCAR\u00c1N: EL IMPUTADO CONTINUAR\u00c1 EN PRISI\u00d3N PREVENTIVA"},"content":{"rendered":"<h3>El hecho ocurri\u00f3 el 12 de agosto y el presunto autor del homicidio es <strong>R.V.P<\/strong>, pareja de la v\u00edctima, quien permanecer\u00e1 alojado en el Servicio Penitenciario Provincial por otros 120 d\u00edas, a la espera de la resoluci\u00f3n procesal.<\/h3>\n<h3>El Tribunal de Impugnaciones en lo Penal de la Segunda y Tercera Circunscripci\u00f3n Judicial, confirm\u00f3 la prisi\u00f3n preventiva en contra de R.V.P., se\u00f1alado como presunto autor del femicidio de su pareja, <strong>Margarita Quiroga<\/strong>.<\/h3>\n<h3>El hecho que se investiga, ocurri\u00f3 el 12 de agosto de este a\u00f1o en la vivienda que la v\u00edctima compart\u00eda con el imputado en la localidad de Concar\u00e1n.<\/h3>\n<h3>La mujer de 58 a\u00f1os fue encontrada por sus hijas. Su cuerpo yac\u00eda en el suelo del living-comedor, y presentaba m\u00faltiples heridas cortantes en la cabeza, rostro, cuello, t\u00f3rax, brazos y piernas.<\/h3>\n<h3>R.V.P. fue detenido al d\u00eda siguiente cuando, gracias al llamado de un vecino, la polic\u00eda logr\u00f3 interceptarlo en la zona de Ruta Provincial N\u00ba6, a la altura del Arroyo Las Ca\u00f1as. El hombre ten\u00eda manchas hem\u00e1ticas en su ropa, m\u00faltiples lesiones y rasgu\u00f1os.<\/h3>\n<h3>El 15 de agosto se llev\u00f3 a cabo la audiencia de formulaci\u00f3n de cargos, oportunidad en la que el Juez de Garant\u00eda provisorio N\u00b01, Mat\u00edas Farinazzo Tempestini, lo imput\u00f3 como presunto autor del delito de homicidio doblemente calificado por el v\u00ednculo y por mediar violencia de g\u00e9nero, dict\u00e1ndole 120 d\u00edas de prisi\u00f3n preventiva hasta tanto la fiscal\u00eda finalizara la investigaci\u00f3n.<\/h3>\n<h3>Vencido dicho plazo, el Ministerio Fiscal, representado por las Dras. D\u00e9bora Antonella Roy Gitto y Lorena Ohanian, solicit\u00f3 prorrogar la medida de coerci\u00f3n por otros 120 d\u00edas, a fin de reunir la evidencia necesaria para formalizar la acusaci\u00f3n en contra del imputado y requerir la elevaci\u00f3n de la causa a juicio, requerimiento al que adhiri\u00f3 la querella, Dra. Guadalupe S\u00e1nchez.<\/h3>\n<h3>La defensa de R.V.P., ejercida por el Defensor Oficial en lo Penal, Jos\u00e9 Luis Gui\u00f1az\u00fa, apel\u00f3 el pedido de pr\u00f3rroga, solicitando al Tribunal de Impugnaciones que fijara una audiencia de revisi\u00f3n para resolver la controversia.<\/h3>\n<h3>La misma tuvo lugar este jueves 21 de diciembre, en horas de la ma\u00f1ana, ante el tribunal integrado por los Dres. Mar\u00eda Monserrath Bocca, Diego Hern\u00e1n Herrera y Marcelo Bustamante Marone.<\/h3>\n<h3>Luego de escuchar las presentaciones de las partes, los magistrados confirmaron la pr\u00f3rroga de la prisi\u00f3n preventiva por el t\u00e9rmino de 120 d\u00edas, tal como lo ordenara oportunamente el Juez de Garant\u00eda, Jorge Osvaldo Pinto, quien interviene como magistrado subrogante del Juzgado de Garant\u00eda N\u00b01 de la Tercera Circunscripci\u00f3n.<\/h3>\n<h3>Entre sus fundamentos, el Tribunal sostuvo que en la presente causa se encuentran reunidos todos los presupuestos del art\u00edculo 202 del C\u00f3digo Procesal Penal;\u00a0 considerando adem\u00e1s que existe peligro de fuga, por la falta de arraigo del imputado, puesto que viv\u00eda en el domicilio de la v\u00edctima; sumado a las caracter\u00edsticas del hecho y la pena en expectativa, as\u00ed como la solidez de la imputaci\u00f3n y la prueba reunida en su contra; siendo relevante el comportamiento que R.V.P. tuvo luego del hecho, cuando intent\u00f3 ocultar sus rastros mediante distintas maniobras a fin de evadir el accionar de la justicia.<\/h3>\n<h3>Tambi\u00e9n consider\u00f3 que existe riesgo de entorpecimiento, ya que el imputado demostr\u00f3 su intencionalidad desde el inicio, destruyendo, modificando y ocultando elementos de prueba; teniendo en cuenta, adem\u00e1s, que sus hermanos son testigos en la causa y que los mismos podr\u00edan verse influenciados por el imputado.<\/h3>\n<h3>Asimismo, valoraron el peligro latente que existe para la familia de la v\u00edctima, fundamentalmente para las hijas de Margarita.<\/h3>\n<h3>Por todo lo expuesto, el tribunal consider\u00f3 que, dadas las caracter\u00edsticas del hecho, la peligrosidad del imputado, as\u00ed como los riesgos procesales referenciados, la prisi\u00f3n preventiva resultaba la \u00fanica medida de coerci\u00f3n id\u00f3nea para asegurar los fines del proceso, estimando que el plazo otorgado de 120 d\u00edas de pr\u00f3rroga era razonable y proporcional.<\/h3>\n<p>&nbsp;<\/p>\n<p>&nbsp;<\/p>\n<p>&nbsp;<\/p>\n<p>&nbsp;<\/p>\n","protected":false},"excerpt":{"rendered":"<p>El hecho ocurri\u00f3 el 12 de agosto y el presunto autor del homicidio es R.V.P,&#8230;<\/p>\n","protected":false},"author":1,"featured_media":8904,"comment_status":"closed","ping_status":"closed","sticky":false,"template":"","format":"standard","meta":{"footnotes":""},"categories":[6],"tags":[],"class_list":["post-8903","post","type-post","status-publish","format-standard","has-post-thumbnail","hentry","category-ciudad-provincia"],"yoast_head":"<!-- This site is optimized with the Yoast SEO plugin v26.1.1 - https:\/\/yoast.com\/wordpress\/plugins\/seo\/ -->\n<title>FEMICIDIO DE CONCAR\u00c1N: EL IMPUTADO CONTINUAR\u00c1 EN PRISI\u00d3N PREVENTIVA - Apuntes de San Luis<\/title>\n<meta name=\"robots\" content=\"index, follow, max-snippet:-1, max-image-preview:large, max-video-preview:-1\" \/>\n<link rel=\"canonical\" href=\"https:\/\/apuntesdesanluis.com\/index.php\/2023\/12\/23\/femicidio-de-concaran-el-imputado-continuara-en-prision-preventiva\/\" \/>\n<meta property=\"og:locale\" content=\"es_ES\" \/>\n<meta property=\"og:type\" content=\"article\" \/>\n<meta property=\"og:title\" content=\"FEMICIDIO DE CONCAR\u00c1N: EL IMPUTADO CONTINUAR\u00c1 EN PRISI\u00d3N PREVENTIVA - Apuntes de San Luis\" \/>\n<meta property=\"og:description\" content=\"El hecho ocurri\u00f3 el 12 de agosto y el presunto autor del homicidio es R.V.P,...\" \/>\n<meta property=\"og:url\" content=\"https:\/\/apuntesdesanluis.com\/index.php\/2023\/12\/23\/femicidio-de-concaran-el-imputado-continuara-en-prision-preventiva\/\" \/>\n<meta property=\"og:site_name\" content=\"Apuntes de San Luis\" \/>\n<meta property=\"article:published_time\" content=\"2023-12-23T12:35:31+00:00\" \/>\n<meta property=\"og:image\" content=\"https:\/\/apuntesdesanluis.com\/wp-content\/uploads\/2023\/12\/audiencia-9.png\" \/>\n\t<meta property=\"og:image:width\" content=\"584\" \/>\n\t<meta property=\"og:image:height\" content=\"320\" \/>\n\t<meta property=\"og:image:type\" content=\"image\/png\" \/>\n<meta name=\"author\" content=\"apuntesdesanluis.com\" \/>\n<meta name=\"twitter:card\" content=\"summary_large_image\" \/>\n<meta name=\"twitter:label1\" content=\"Escrito por\" \/>\n\t<meta name=\"twitter:data1\" content=\"apuntesdesanluis.com\" \/>\n\t<meta name=\"twitter:label2\" content=\"Tiempo de lectura\" \/>\n\t<meta name=\"twitter:data2\" content=\"3 minutos\" \/>\n<script type=\"application\/ld+json\" class=\"yoast-schema-graph\">{\"@context\":\"https:\/\/schema.org\",\"@graph\":[{\"@type\":\"Article\",\"@id\":\"https:\/\/apuntesdesanluis.com\/index.php\/2023\/12\/23\/femicidio-de-concaran-el-imputado-continuara-en-prision-preventiva\/#article\",\"isPartOf\":{\"@id\":\"https:\/\/apuntesdesanluis.com\/index.php\/2023\/12\/23\/femicidio-de-concaran-el-imputado-continuara-en-prision-preventiva\/\"},\"author\":{\"name\":\"apuntesdesanluis.com\",\"@id\":\"https:\/\/apuntesdesanluis.com\/#\/schema\/person\/b55151d52296fcce64d1a72538a70b90\"},\"headline\":\"FEMICIDIO DE CONCAR\u00c1N: EL IMPUTADO CONTINUAR\u00c1 EN PRISI\u00d3N PREVENTIVA\",\"datePublished\":\"2023-12-23T12:35:31+00:00\",\"mainEntityOfPage\":{\"@id\":\"https:\/\/apuntesdesanluis.com\/index.php\/2023\/12\/23\/femicidio-de-concaran-el-imputado-continuara-en-prision-preventiva\/\"},\"wordCount\":707,\"publisher\":{\"@id\":\"https:\/\/apuntesdesanluis.com\/#\/schema\/person\/b55151d52296fcce64d1a72538a70b90\"},\"image\":{\"@id\":\"https:\/\/apuntesdesanluis.com\/index.php\/2023\/12\/23\/femicidio-de-concaran-el-imputado-continuara-en-prision-preventiva\/#primaryimage\"},\"thumbnailUrl\":\"https:\/\/apuntesdesanluis.com\/wp-content\/uploads\/2023\/12\/audiencia-9.png\",\"articleSection\":[\"Ciudad\/Provincia\"],\"inLanguage\":\"es-AR\"},{\"@type\":\"WebPage\",\"@id\":\"https:\/\/apuntesdesanluis.com\/index.php\/2023\/12\/23\/femicidio-de-concaran-el-imputado-continuara-en-prision-preventiva\/\",\"url\":\"https:\/\/apuntesdesanluis.com\/index.php\/2023\/12\/23\/femicidio-de-concaran-el-imputado-continuara-en-prision-preventiva\/\",\"name\":\"FEMICIDIO DE CONCAR\u00c1N: EL IMPUTADO CONTINUAR\u00c1 EN PRISI\u00d3N PREVENTIVA - Apuntes de San Luis\",\"isPartOf\":{\"@id\":\"https:\/\/apuntesdesanluis.com\/#website\"},\"primaryImageOfPage\":{\"@id\":\"https:\/\/apuntesdesanluis.com\/index.php\/2023\/12\/23\/femicidio-de-concaran-el-imputado-continuara-en-prision-preventiva\/#primaryimage\"},\"image\":{\"@id\":\"https:\/\/apuntesdesanluis.com\/index.php\/2023\/12\/23\/femicidio-de-concaran-el-imputado-continuara-en-prision-preventiva\/#primaryimage\"},\"thumbnailUrl\":\"https:\/\/apuntesdesanluis.com\/wp-content\/uploads\/2023\/12\/audiencia-9.png\",\"datePublished\":\"2023-12-23T12:35:31+00:00\",\"breadcrumb\":{\"@id\":\"https:\/\/apuntesdesanluis.com\/index.php\/2023\/12\/23\/femicidio-de-concaran-el-imputado-continuara-en-prision-preventiva\/#breadcrumb\"},\"inLanguage\":\"es-AR\",\"potentialAction\":[{\"@type\":\"ReadAction\",\"target\":[\"https:\/\/apuntesdesanluis.com\/index.php\/2023\/12\/23\/femicidio-de-concaran-el-imputado-continuara-en-prision-preventiva\/\"]}]},{\"@type\":\"ImageObject\",\"inLanguage\":\"es-AR\",\"@id\":\"https:\/\/apuntesdesanluis.com\/index.php\/2023\/12\/23\/femicidio-de-concaran-el-imputado-continuara-en-prision-preventiva\/#primaryimage\",\"url\":\"https:\/\/apuntesdesanluis.com\/wp-content\/uploads\/2023\/12\/audiencia-9.png\",\"contentUrl\":\"https:\/\/apuntesdesanluis.com\/wp-content\/uploads\/2023\/12\/audiencia-9.png\",\"width\":584,\"height\":320},{\"@type\":\"BreadcrumbList\",\"@id\":\"https:\/\/apuntesdesanluis.com\/index.php\/2023\/12\/23\/femicidio-de-concaran-el-imputado-continuara-en-prision-preventiva\/#breadcrumb\",\"itemListElement\":[{\"@type\":\"ListItem\",\"position\":1,\"name\":\"Inicio\",\"item\":\"https:\/\/apuntesdesanluis.com\/\"},{\"@type\":\"ListItem\",\"position\":2,\"name\":\"FEMICIDIO DE CONCAR\u00c1N: EL IMPUTADO CONTINUAR\u00c1 EN PRISI\u00d3N PREVENTIVA\"}]},{\"@type\":\"WebSite\",\"@id\":\"https:\/\/apuntesdesanluis.com\/#website\",\"url\":\"https:\/\/apuntesdesanluis.com\/\",\"name\":\"Apuntes de San Luis\",\"description\":\"\",\"publisher\":{\"@id\":\"https:\/\/apuntesdesanluis.com\/#\/schema\/person\/b55151d52296fcce64d1a72538a70b90\"},\"potentialAction\":[{\"@type\":\"SearchAction\",\"target\":{\"@type\":\"EntryPoint\",\"urlTemplate\":\"https:\/\/apuntesdesanluis.com\/?s={search_term_string}\"},\"query-input\":{\"@type\":\"PropertyValueSpecification\",\"valueRequired\":true,\"valueName\":\"search_term_string\"}}],\"inLanguage\":\"es-AR\"},{\"@type\":[\"Person\",\"Organization\"],\"@id\":\"https:\/\/apuntesdesanluis.com\/#\/schema\/person\/b55151d52296fcce64d1a72538a70b90\",\"name\":\"apuntesdesanluis.com\",\"image\":{\"@type\":\"ImageObject\",\"inLanguage\":\"es-AR\",\"@id\":\"https:\/\/apuntesdesanluis.com\/#\/schema\/person\/image\/\",\"url\":\"https:\/\/apuntesdesanluis.com\/wp-content\/uploads\/2023\/07\/cropped-apuntesdesanluis.png\",\"contentUrl\":\"https:\/\/apuntesdesanluis.com\/wp-content\/uploads\/2023\/07\/cropped-apuntesdesanluis.png\",\"width\":450,\"height\":112,\"caption\":\"apuntesdesanluis.com\"},\"logo\":{\"@id\":\"https:\/\/apuntesdesanluis.com\/#\/schema\/person\/image\/\"},\"sameAs\":[\"https:\/\/apuntesdesanluis.com\"],\"url\":\"https:\/\/apuntesdesanluis.com\/index.php\/author\/apuntesdesanluis-com\/\"}]}<\/script>\n<!-- \/ Yoast SEO plugin. -->","yoast_head_json":{"title":"FEMICIDIO DE CONCAR\u00c1N: EL IMPUTADO CONTINUAR\u00c1 EN PRISI\u00d3N PREVENTIVA - Apuntes de San Luis","robots":{"index":"index","follow":"follow","max-snippet":"max-snippet:-1","max-image-preview":"max-image-preview:large","max-video-preview":"max-video-preview:-1"},"canonical":"https:\/\/apuntesdesanluis.com\/index.php\/2023\/12\/23\/femicidio-de-concaran-el-imputado-continuara-en-prision-preventiva\/","og_locale":"es_ES","og_type":"article","og_title":"FEMICIDIO DE CONCAR\u00c1N: EL IMPUTADO CONTINUAR\u00c1 EN PRISI\u00d3N PREVENTIVA - Apuntes de San Luis","og_description":"El hecho ocurri\u00f3 el 12 de agosto y el presunto autor del homicidio es R.V.P,...","og_url":"https:\/\/apuntesdesanluis.com\/index.php\/2023\/12\/23\/femicidio-de-concaran-el-imputado-continuara-en-prision-preventiva\/","og_site_name":"Apuntes de San Luis","article_published_time":"2023-12-23T12:35:31+00:00","og_image":[{"width":584,"height":320,"url":"https:\/\/apuntesdesanluis.com\/wp-content\/uploads\/2023\/12\/audiencia-9.png","type":"image\/png"}],"author":"apuntesdesanluis.com","twitter_card":"summary_large_image","twitter_misc":{"Escrito por":"apuntesdesanluis.com","Tiempo de lectura":"3 minutos"},"schema":{"@context":"https:\/\/schema.org","@graph":[{"@type":"Article","@id":"https:\/\/apuntesdesanluis.com\/index.php\/2023\/12\/23\/femicidio-de-concaran-el-imputado-continuara-en-prision-preventiva\/#article","isPartOf":{"@id":"https:\/\/apuntesdesanluis.com\/index.php\/2023\/12\/23\/femicidio-de-concaran-el-imputado-continuara-en-prision-preventiva\/"},"author":{"name":"apuntesdesanluis.com","@id":"https:\/\/apuntesdesanluis.com\/#\/schema\/person\/b55151d52296fcce64d1a72538a70b90"},"headline":"FEMICIDIO DE CONCAR\u00c1N: EL IMPUTADO CONTINUAR\u00c1 EN PRISI\u00d3N PREVENTIVA","datePublished":"2023-12-23T12:35:31+00:00","mainEntityOfPage":{"@id":"https:\/\/apuntesdesanluis.com\/index.php\/2023\/12\/23\/femicidio-de-concaran-el-imputado-continuara-en-prision-preventiva\/"},"wordCount":707,"publisher":{"@id":"https:\/\/apuntesdesanluis.com\/#\/schema\/person\/b55151d52296fcce64d1a72538a70b90"},"image":{"@id":"https:\/\/apuntesdesanluis.com\/index.php\/2023\/12\/23\/femicidio-de-concaran-el-imputado-continuara-en-prision-preventiva\/#primaryimage"},"thumbnailUrl":"https:\/\/apuntesdesanluis.com\/wp-content\/uploads\/2023\/12\/audiencia-9.png","articleSection":["Ciudad\/Provincia"],"inLanguage":"es-AR"},{"@type":"WebPage","@id":"https:\/\/apuntesdesanluis.com\/index.php\/2023\/12\/23\/femicidio-de-concaran-el-imputado-continuara-en-prision-preventiva\/","url":"https:\/\/apuntesdesanluis.com\/index.php\/2023\/12\/23\/femicidio-de-concaran-el-imputado-continuara-en-prision-preventiva\/","name":"FEMICIDIO DE CONCAR\u00c1N: EL IMPUTADO CONTINUAR\u00c1 EN PRISI\u00d3N PREVENTIVA - Apuntes de San Luis","isPartOf":{"@id":"https:\/\/apuntesdesanluis.com\/#website"},"primaryImageOfPage":{"@id":"https:\/\/apuntesdesanluis.com\/index.php\/2023\/12\/23\/femicidio-de-concaran-el-imputado-continuara-en-prision-preventiva\/#primaryimage"},"image":{"@id":"https:\/\/apuntesdesanluis.com\/index.php\/2023\/12\/23\/femicidio-de-concaran-el-imputado-continuara-en-prision-preventiva\/#primaryimage"},"thumbnailUrl":"https:\/\/apuntesdesanluis.com\/wp-content\/uploads\/2023\/12\/audiencia-9.png","datePublished":"2023-12-23T12:35:31+00:00","breadcrumb":{"@id":"https:\/\/apuntesdesanluis.com\/index.php\/2023\/12\/23\/femicidio-de-concaran-el-imputado-continuara-en-prision-preventiva\/#breadcrumb"},"inLanguage":"es-AR","potentialAction":[{"@type":"ReadAction","target":["https:\/\/apuntesdesanluis.com\/index.php\/2023\/12\/23\/femicidio-de-concaran-el-imputado-continuara-en-prision-preventiva\/"]}]},{"@type":"ImageObject","inLanguage":"es-AR","@id":"https:\/\/apuntesdesanluis.com\/index.php\/2023\/12\/23\/femicidio-de-concaran-el-imputado-continuara-en-prision-preventiva\/#primaryimage","url":"https:\/\/apuntesdesanluis.com\/wp-content\/uploads\/2023\/12\/audiencia-9.png","contentUrl":"https:\/\/apuntesdesanluis.com\/wp-content\/uploads\/2023\/12\/audiencia-9.png","width":584,"height":320},{"@type":"BreadcrumbList","@id":"https:\/\/apuntesdesanluis.com\/index.php\/2023\/12\/23\/femicidio-de-concaran-el-imputado-continuara-en-prision-preventiva\/#breadcrumb","itemListElement":[{"@type":"ListItem","position":1,"name":"Inicio","item":"https:\/\/apuntesdesanluis.com\/"},{"@type":"ListItem","position":2,"name":"FEMICIDIO DE CONCAR\u00c1N: EL IMPUTADO CONTINUAR\u00c1 EN PRISI\u00d3N PREVENTIVA"}]},{"@type":"WebSite","@id":"https:\/\/apuntesdesanluis.com\/#website","url":"https:\/\/apuntesdesanluis.com\/","name":"Apuntes de San Luis","description":"","publisher":{"@id":"https:\/\/apuntesdesanluis.com\/#\/schema\/person\/b55151d52296fcce64d1a72538a70b90"},"potentialAction":[{"@type":"SearchAction","target":{"@type":"EntryPoint","urlTemplate":"https:\/\/apuntesdesanluis.com\/?s={search_term_string}"},"query-input":{"@type":"PropertyValueSpecification","valueRequired":true,"valueName":"search_term_string"}}],"inLanguage":"es-AR"},{"@type":["Person","Organization"],"@id":"https:\/\/apuntesdesanluis.com\/#\/schema\/person\/b55151d52296fcce64d1a72538a70b90","name":"apuntesdesanluis.com","image":{"@type":"ImageObject","inLanguage":"es-AR","@id":"https:\/\/apuntesdesanluis.com\/#\/schema\/person\/image\/","url":"https:\/\/apuntesdesanluis.com\/wp-content\/uploads\/2023\/07\/cropped-apuntesdesanluis.png","contentUrl":"https:\/\/apuntesdesanluis.com\/wp-content\/uploads\/2023\/07\/cropped-apuntesdesanluis.png","width":450,"height":112,"caption":"apuntesdesanluis.com"},"logo":{"@id":"https:\/\/apuntesdesanluis.com\/#\/schema\/person\/image\/"},"sameAs":["https:\/\/apuntesdesanluis.com"],"url":"https:\/\/apuntesdesanluis.com\/index.php\/author\/apuntesdesanluis-com\/"}]}},"featured_image_urls":{"full":["https:\/\/apuntesdesanluis.com\/wp-content\/uploads\/2023\/12\/audiencia-9.png",584,320,false],"thumbnail":["https:\/\/apuntesdesanluis.com\/wp-content\/uploads\/2023\/12\/audiencia-9-150x150.png",150,150,true],"medium":["https:\/\/apuntesdesanluis.com\/wp-content\/uploads\/2023\/12\/audiencia-9-300x164.png",300,164,true],"medium_large":["https:\/\/apuntesdesanluis.com\/wp-content\/uploads\/2023\/12\/audiencia-9.png",584,320,false],"large":["https:\/\/apuntesdesanluis.com\/wp-content\/uploads\/2023\/12\/audiencia-9.png",584,320,false],"1536x1536":["https:\/\/apuntesdesanluis.com\/wp-content\/uploads\/2023\/12\/audiencia-9.png",584,320,false],"2048x2048":["https:\/\/apuntesdesanluis.com\/wp-content\/uploads\/2023\/12\/audiencia-9.png",584,320,false],"newsever-slider-full":["https:\/\/apuntesdesanluis.com\/wp-content\/uploads\/2023\/12\/audiencia-9.png",584,320,false],"newsever-featured":["https:\/\/apuntesdesanluis.com\/wp-content\/uploads\/2023\/12\/audiencia-9.png",584,320,false],"newsever-medium":["https:\/\/apuntesdesanluis.com\/wp-content\/uploads\/2023\/12\/audiencia-9.png",584,320,false]},"author_info":{"display_name":"apuntesdesanluis.com","author_link":"https:\/\/apuntesdesanluis.com\/index.php\/author\/apuntesdesanluis-com\/"},"category_info":"<a href=\"https:\/\/apuntesdesanluis.com\/index.php\/category\/ciudad-provincia\/\" rel=\"category tag\">Ciudad\/Provincia<\/a>","tag_info":"Ciudad\/Provincia","comment_count":"0","_links":{"self":[{"href":"https:\/\/apuntesdesanluis.com\/index.php\/wp-json\/wp\/v2\/posts\/8903","targetHints":{"allow":["GET"]}}],"collection":[{"href":"https:\/\/apuntesdesanluis.com\/index.php\/wp-json\/wp\/v2\/posts"}],"about":[{"href":"https:\/\/apuntesdesanluis.com\/index.php\/wp-json\/wp\/v2\/types\/post"}],"author":[{"embeddable":true,"href":"https:\/\/apuntesdesanluis.com\/index.php\/wp-json\/wp\/v2\/users\/1"}],"replies":[{"embeddable":true,"href":"https:\/\/apuntesdesanluis.com\/index.php\/wp-json\/wp\/v2\/comments?post=8903"}],"version-history":[{"count":1,"href":"https:\/\/apuntesdesanluis.com\/index.php\/wp-json\/wp\/v2\/posts\/8903\/revisions"}],"predecessor-version":[{"id":8905,"href":"https:\/\/apuntesdesanluis.com\/index.php\/wp-json\/wp\/v2\/posts\/8903\/revisions\/8905"}],"wp:featuredmedia":[{"embeddable":true,"href":"https:\/\/apuntesdesanluis.com\/index.php\/wp-json\/wp\/v2\/media\/8904"}],"wp:attachment":[{"href":"https:\/\/apuntesdesanluis.com\/index.php\/wp-json\/wp\/v2\/media?parent=8903"}],"wp:term":[{"taxonomy":"category","embeddable":true,"href":"https:\/\/apuntesdesanluis.com\/index.php\/wp-json\/wp\/v2\/categories?post=8903"},{"taxonomy":"post_tag","embeddable":true,"href":"https:\/\/apuntesdesanluis.com\/index.php\/wp-json\/wp\/v2\/tags?post=8903"}],"curies":[{"name":"wp","href":"https:\/\/api.w.org\/{rel}","templated":true}]}}