{"id":8909,"date":"2023-12-23T09:45:27","date_gmt":"2023-12-23T12:45:27","guid":{"rendered":"https:\/\/apuntesdesanluis.com\/?p=8909"},"modified":"2023-12-23T09:45:27","modified_gmt":"2023-12-23T12:45:27","slug":"jury-por-el-crimen-de-lucio-dupuy-absolvieron-a-la-jueza-y-a-la-asesora-de-menores","status":"publish","type":"post","link":"https:\/\/apuntesdesanluis.com\/index.php\/2023\/12\/23\/jury-por-el-crimen-de-lucio-dupuy-absolvieron-a-la-jueza-y-a-la-asesora-de-menores\/","title":{"rendered":"JURY POR EL CRIMEN DE LUCIO DUPUY: ABSOLVIERON A LA JUEZA Y A LA ASESORA DE MENORES"},"content":{"rendered":"<h3>El Poder Judicial de La Pampa absolvi\u00f3 a la jueza <strong>Ana Clara P\u00e9rez Balleste<\/strong>r y a la asesora de menores, <strong>Elisa Cat\u00e1n<\/strong>, por el caso del asesinato del ni\u00f1o Lucio Dupuy.<\/h3>\n<h3>Ambas funcionarias hab\u00edan sido acusadas por \u201cmal desempe\u00f1o\u201d al entregarle la custodia a la madre del menor, Magdalena Esp\u00f3sito Valenti, y a su pareja, Abigail P\u00e1ez, las dos condenadas a la pena de prisi\u00f3n perpetua por el crimen del ni\u00f1o.<\/h3>\n<h3>La sentencia fue dictaminada por Fabricio Luis Losi, presidente del Superior Tribunal de Justicia; junto con las diputadas Mar\u00eda Silvina Larreta y Mar\u00eda Andrea Valderrama Calvo; y las abogadas Silvina Mar\u00eda Garro y Mar\u00eda Natalia Gaccio.<\/h3>\n<h3>Por unanimidad concluyeron en que las funcionarias no fueron responsables del posterior asesinato del menor en manos de su mam\u00e1 y su pareja por lo que informaron que deber\u00e1n reintegrarse a sus funciones de manera inmediata.<\/h3>\n<h3>El veredicto se dio a conocer a las 12.00 en la Legislatura de la provincia y all\u00ed estuvo presente Ballester con su abogado, mientras que Cat\u00e1n adjudic\u00f3 su ausencia con un problema familiar. Sus defensas s\u00ed presenciaron la audiencia.<\/h3>\n<h3>El an\u00e1lisis sobre la actuaci\u00f3n de la jueza P\u00e9rez Ballester y la asesora Cat\u00e1n fue por dos expedientes, el de la tutela por la cual Luci\u00f3 qued\u00f3 en poder de su mam\u00e1, y el del cuidado personal.<\/h3>\n<h3>La votaci\u00f3n del Jury fue 4 a 1 a favor de la absoluci\u00f3n: el titular del jury y presidente del Superior Tribunal de Justicia, Fabricio Luis Losi; la diputada Mar\u00eda Andrea Valderrama Calvo y las abogadas por la matr\u00edcula, Silvina Mar\u00eda Garro y Mar\u00eda Natalia Gaccio.<\/h3>\n<h3>En tanto, la legisladora Mar\u00eda Silvia Larreta vot\u00f3 en minor\u00eda por la destituci\u00f3n de ambas funcionarias aunque no prosper\u00f3.<\/h3>\n<h3>La decisi\u00f3n del Tribunal fue luego de escuchar a 33 testigos durante cinco jornadas de juicio y donde de los testimonios no surgi\u00f3 evidencias de maltrato sobre Lucio mientras estuvo bajo el cuidado de su mam\u00e1 Magdalena Esp\u00f3sito Valenti y Abigail P\u00e1ez.<\/h3>\n<h3>P\u00e9rez Ballester y Cat\u00e1n hab\u00edan sido suspendidas oportunamente en sus funciones al frente de Juzgado de la Familia, Ni\u00f1as, Ni\u00f1os y Adolescentes N\u00b0 1 y de la Asesor\u00eda de Ni\u00f1as, Ni\u00f1os y Adolescentes N\u00b0 2 de General Pico, respectivamente.<\/h3>\n<h3>No obstante, esa medida ahora queda sin efecto y podr\u00e1n ser reincorporadas a sus lugares.<\/h3>\n<h3>Durante el juicio, el procurador subrogante, Guillermo Sancho, hab\u00eda acusado a las funcionarias de no citar al padre y de no comunicar el acuerdo a la autoridad de aplicaci\u00f3n administrativa (Direcci\u00f3n General de Ni\u00f1ez) ante la posible vulneraci\u00f3n de derechos del ni\u00f1o. Adem\u00e1s a Cat\u00e1n le imput\u00f3 que consintiera el archivo del expediente de cuidado del peque\u00f1o.<\/h3>\n<h3>En ese expediente, P\u00e9rez Ballester le entreg\u00f3 la tutela de Lucio a su t\u00eda pol\u00edtica, Leticia Noem\u00ed Hidalgo, el 2 de julio de 2019, debido a que la madre no estaba en condiciones econ\u00f3micas de mantenerlo. Ello ocurri\u00f3 despu\u00e9s de realizarse un estudio socio-ambiental que demostr\u00f3 la idoneidad de la t\u00eda para hacerse cargo del ni\u00f1o. La entrega se hizo de com\u00fan acuerdo con la progenitora.<\/h3>\n<h3>Adem\u00e1s, se tuvo en cuenta como prueba de cargo que tampoco se escuch\u00f3 al ni\u00f1o Lucio sobre el hecho de quedar bajo cuidado de su mam\u00e1.<\/h3>\n<h3>Con respecto a la tramitaci\u00f3n del cuidado personal, el 4 de noviembre de 2020 P\u00e9rez Ballester homolog\u00f3 un nuevo acuerdo entre Hidalgo y Esp\u00f3sito Valenti para dejar sin efecto la tutela y que la tenencia volviera a ser ejercida pdor la madre. Un a\u00f1o despu\u00e9s, el chiquito fue asesinado por lo cual fue condenado a prisi\u00f3n perpetua Magdalena Esp\u00f3sito Valenti y su pareja Abigail P\u00e1ez.<\/h3>\n","protected":false},"excerpt":{"rendered":"<p>El Poder Judicial de La Pampa absolvi\u00f3 a la jueza Ana Clara P\u00e9rez Ballester y&#8230;<\/p>\n","protected":false},"author":1,"featured_media":8910,"comment_status":"closed","ping_status":"closed","sticky":false,"template":"","format":"standard","meta":{"footnotes":""},"categories":[5],"tags":[],"class_list":["post-8909","post","type-post","status-publish","format-standard","has-post-thumbnail","hentry","category-nacionales-internacionales"],"yoast_head":"<!-- This site is optimized with the Yoast SEO plugin v26.1.1 - https:\/\/yoast.com\/wordpress\/plugins\/seo\/ -->\n<title>JURY POR EL CRIMEN DE LUCIO DUPUY: ABSOLVIERON A LA JUEZA Y A LA ASESORA DE MENORES - Apuntes de San Luis<\/title>\n<meta name=\"robots\" content=\"index, follow, max-snippet:-1, max-image-preview:large, max-video-preview:-1\" \/>\n<link rel=\"canonical\" href=\"https:\/\/apuntesdesanluis.com\/index.php\/2023\/12\/23\/jury-por-el-crimen-de-lucio-dupuy-absolvieron-a-la-jueza-y-a-la-asesora-de-menores\/\" \/>\n<meta property=\"og:locale\" content=\"es_ES\" \/>\n<meta property=\"og:type\" content=\"article\" \/>\n<meta property=\"og:title\" content=\"JURY POR EL CRIMEN DE LUCIO DUPUY: ABSOLVIERON A LA JUEZA Y A LA ASESORA DE MENORES - Apuntes de San Luis\" \/>\n<meta property=\"og:description\" content=\"El Poder Judicial de La Pampa absolvi\u00f3 a la jueza Ana Clara P\u00e9rez Ballester y...\" \/>\n<meta property=\"og:url\" content=\"https:\/\/apuntesdesanluis.com\/index.php\/2023\/12\/23\/jury-por-el-crimen-de-lucio-dupuy-absolvieron-a-la-jueza-y-a-la-asesora-de-menores\/\" \/>\n<meta property=\"og:site_name\" content=\"Apuntes de San Luis\" \/>\n<meta property=\"article:published_time\" content=\"2023-12-23T12:45:27+00:00\" \/>\n<meta property=\"og:image\" content=\"https:\/\/apuntesdesanluis.com\/wp-content\/uploads\/2023\/12\/juicio-lucio-dupuy.png\" \/>\n\t<meta property=\"og:image:width\" content=\"769\" \/>\n\t<meta property=\"og:image:height\" content=\"421\" \/>\n\t<meta property=\"og:image:type\" content=\"image\/png\" \/>\n<meta name=\"author\" content=\"apuntesdesanluis.com\" \/>\n<meta name=\"twitter:card\" content=\"summary_large_image\" \/>\n<meta name=\"twitter:label1\" content=\"Escrito por\" \/>\n\t<meta name=\"twitter:data1\" content=\"apuntesdesanluis.com\" \/>\n\t<meta name=\"twitter:label2\" content=\"Tiempo de lectura\" \/>\n\t<meta name=\"twitter:data2\" content=\"3 minutos\" \/>\n<script type=\"application\/ld+json\" class=\"yoast-schema-graph\">{\"@context\":\"https:\/\/schema.org\",\"@graph\":[{\"@type\":\"Article\",\"@id\":\"https:\/\/apuntesdesanluis.com\/index.php\/2023\/12\/23\/jury-por-el-crimen-de-lucio-dupuy-absolvieron-a-la-jueza-y-a-la-asesora-de-menores\/#article\",\"isPartOf\":{\"@id\":\"https:\/\/apuntesdesanluis.com\/index.php\/2023\/12\/23\/jury-por-el-crimen-de-lucio-dupuy-absolvieron-a-la-jueza-y-a-la-asesora-de-menores\/\"},\"author\":{\"name\":\"apuntesdesanluis.com\",\"@id\":\"https:\/\/apuntesdesanluis.com\/#\/schema\/person\/b55151d52296fcce64d1a72538a70b90\"},\"headline\":\"JURY POR EL CRIMEN DE LUCIO DUPUY: ABSOLVIERON A LA JUEZA Y A LA ASESORA DE MENORES\",\"datePublished\":\"2023-12-23T12:45:27+00:00\",\"mainEntityOfPage\":{\"@id\":\"https:\/\/apuntesdesanluis.com\/index.php\/2023\/12\/23\/jury-por-el-crimen-de-lucio-dupuy-absolvieron-a-la-jueza-y-a-la-asesora-de-menores\/\"},\"wordCount\":668,\"publisher\":{\"@id\":\"https:\/\/apuntesdesanluis.com\/#\/schema\/person\/b55151d52296fcce64d1a72538a70b90\"},\"image\":{\"@id\":\"https:\/\/apuntesdesanluis.com\/index.php\/2023\/12\/23\/jury-por-el-crimen-de-lucio-dupuy-absolvieron-a-la-jueza-y-a-la-asesora-de-menores\/#primaryimage\"},\"thumbnailUrl\":\"https:\/\/apuntesdesanluis.com\/wp-content\/uploads\/2023\/12\/juicio-lucio-dupuy.png\",\"articleSection\":[\"Nacionales\/Internacionales\"],\"inLanguage\":\"es-AR\"},{\"@type\":\"WebPage\",\"@id\":\"https:\/\/apuntesdesanluis.com\/index.php\/2023\/12\/23\/jury-por-el-crimen-de-lucio-dupuy-absolvieron-a-la-jueza-y-a-la-asesora-de-menores\/\",\"url\":\"https:\/\/apuntesdesanluis.com\/index.php\/2023\/12\/23\/jury-por-el-crimen-de-lucio-dupuy-absolvieron-a-la-jueza-y-a-la-asesora-de-menores\/\",\"name\":\"JURY POR EL CRIMEN DE LUCIO DUPUY: ABSOLVIERON A LA JUEZA Y A LA ASESORA DE MENORES - Apuntes de San Luis\",\"isPartOf\":{\"@id\":\"https:\/\/apuntesdesanluis.com\/#website\"},\"primaryImageOfPage\":{\"@id\":\"https:\/\/apuntesdesanluis.com\/index.php\/2023\/12\/23\/jury-por-el-crimen-de-lucio-dupuy-absolvieron-a-la-jueza-y-a-la-asesora-de-menores\/#primaryimage\"},\"image\":{\"@id\":\"https:\/\/apuntesdesanluis.com\/index.php\/2023\/12\/23\/jury-por-el-crimen-de-lucio-dupuy-absolvieron-a-la-jueza-y-a-la-asesora-de-menores\/#primaryimage\"},\"thumbnailUrl\":\"https:\/\/apuntesdesanluis.com\/wp-content\/uploads\/2023\/12\/juicio-lucio-dupuy.png\",\"datePublished\":\"2023-12-23T12:45:27+00:00\",\"breadcrumb\":{\"@id\":\"https:\/\/apuntesdesanluis.com\/index.php\/2023\/12\/23\/jury-por-el-crimen-de-lucio-dupuy-absolvieron-a-la-jueza-y-a-la-asesora-de-menores\/#breadcrumb\"},\"inLanguage\":\"es-AR\",\"potentialAction\":[{\"@type\":\"ReadAction\",\"target\":[\"https:\/\/apuntesdesanluis.com\/index.php\/2023\/12\/23\/jury-por-el-crimen-de-lucio-dupuy-absolvieron-a-la-jueza-y-a-la-asesora-de-menores\/\"]}]},{\"@type\":\"ImageObject\",\"inLanguage\":\"es-AR\",\"@id\":\"https:\/\/apuntesdesanluis.com\/index.php\/2023\/12\/23\/jury-por-el-crimen-de-lucio-dupuy-absolvieron-a-la-jueza-y-a-la-asesora-de-menores\/#primaryimage\",\"url\":\"https:\/\/apuntesdesanluis.com\/wp-content\/uploads\/2023\/12\/juicio-lucio-dupuy.png\",\"contentUrl\":\"https:\/\/apuntesdesanluis.com\/wp-content\/uploads\/2023\/12\/juicio-lucio-dupuy.png\",\"width\":769,\"height\":421},{\"@type\":\"BreadcrumbList\",\"@id\":\"https:\/\/apuntesdesanluis.com\/index.php\/2023\/12\/23\/jury-por-el-crimen-de-lucio-dupuy-absolvieron-a-la-jueza-y-a-la-asesora-de-menores\/#breadcrumb\",\"itemListElement\":[{\"@type\":\"ListItem\",\"position\":1,\"name\":\"Inicio\",\"item\":\"https:\/\/apuntesdesanluis.com\/\"},{\"@type\":\"ListItem\",\"position\":2,\"name\":\"JURY POR EL CRIMEN DE LUCIO DUPUY: ABSOLVIERON A LA JUEZA Y A LA ASESORA DE MENORES\"}]},{\"@type\":\"WebSite\",\"@id\":\"https:\/\/apuntesdesanluis.com\/#website\",\"url\":\"https:\/\/apuntesdesanluis.com\/\",\"name\":\"Apuntes de San Luis\",\"description\":\"\",\"publisher\":{\"@id\":\"https:\/\/apuntesdesanluis.com\/#\/schema\/person\/b55151d52296fcce64d1a72538a70b90\"},\"potentialAction\":[{\"@type\":\"SearchAction\",\"target\":{\"@type\":\"EntryPoint\",\"urlTemplate\":\"https:\/\/apuntesdesanluis.com\/?s={search_term_string}\"},\"query-input\":{\"@type\":\"PropertyValueSpecification\",\"valueRequired\":true,\"valueName\":\"search_term_string\"}}],\"inLanguage\":\"es-AR\"},{\"@type\":[\"Person\",\"Organization\"],\"@id\":\"https:\/\/apuntesdesanluis.com\/#\/schema\/person\/b55151d52296fcce64d1a72538a70b90\",\"name\":\"apuntesdesanluis.com\",\"image\":{\"@type\":\"ImageObject\",\"inLanguage\":\"es-AR\",\"@id\":\"https:\/\/apuntesdesanluis.com\/#\/schema\/person\/image\/\",\"url\":\"https:\/\/apuntesdesanluis.com\/wp-content\/uploads\/2023\/07\/cropped-apuntesdesanluis.png\",\"contentUrl\":\"https:\/\/apuntesdesanluis.com\/wp-content\/uploads\/2023\/07\/cropped-apuntesdesanluis.png\",\"width\":450,\"height\":112,\"caption\":\"apuntesdesanluis.com\"},\"logo\":{\"@id\":\"https:\/\/apuntesdesanluis.com\/#\/schema\/person\/image\/\"},\"sameAs\":[\"https:\/\/apuntesdesanluis.com\"],\"url\":\"https:\/\/apuntesdesanluis.com\/index.php\/author\/apuntesdesanluis-com\/\"}]}<\/script>\n<!-- \/ Yoast SEO plugin. -->","yoast_head_json":{"title":"JURY POR EL CRIMEN DE LUCIO DUPUY: ABSOLVIERON A LA JUEZA Y A LA ASESORA DE MENORES - Apuntes de San Luis","robots":{"index":"index","follow":"follow","max-snippet":"max-snippet:-1","max-image-preview":"max-image-preview:large","max-video-preview":"max-video-preview:-1"},"canonical":"https:\/\/apuntesdesanluis.com\/index.php\/2023\/12\/23\/jury-por-el-crimen-de-lucio-dupuy-absolvieron-a-la-jueza-y-a-la-asesora-de-menores\/","og_locale":"es_ES","og_type":"article","og_title":"JURY POR EL CRIMEN DE LUCIO DUPUY: ABSOLVIERON A LA JUEZA Y A LA ASESORA DE MENORES - Apuntes de San Luis","og_description":"El Poder Judicial de La Pampa absolvi\u00f3 a la jueza Ana Clara P\u00e9rez Ballester y...","og_url":"https:\/\/apuntesdesanluis.com\/index.php\/2023\/12\/23\/jury-por-el-crimen-de-lucio-dupuy-absolvieron-a-la-jueza-y-a-la-asesora-de-menores\/","og_site_name":"Apuntes de San Luis","article_published_time":"2023-12-23T12:45:27+00:00","og_image":[{"width":769,"height":421,"url":"https:\/\/apuntesdesanluis.com\/wp-content\/uploads\/2023\/12\/juicio-lucio-dupuy.png","type":"image\/png"}],"author":"apuntesdesanluis.com","twitter_card":"summary_large_image","twitter_misc":{"Escrito por":"apuntesdesanluis.com","Tiempo de lectura":"3 minutos"},"schema":{"@context":"https:\/\/schema.org","@graph":[{"@type":"Article","@id":"https:\/\/apuntesdesanluis.com\/index.php\/2023\/12\/23\/jury-por-el-crimen-de-lucio-dupuy-absolvieron-a-la-jueza-y-a-la-asesora-de-menores\/#article","isPartOf":{"@id":"https:\/\/apuntesdesanluis.com\/index.php\/2023\/12\/23\/jury-por-el-crimen-de-lucio-dupuy-absolvieron-a-la-jueza-y-a-la-asesora-de-menores\/"},"author":{"name":"apuntesdesanluis.com","@id":"https:\/\/apuntesdesanluis.com\/#\/schema\/person\/b55151d52296fcce64d1a72538a70b90"},"headline":"JURY POR EL CRIMEN DE LUCIO DUPUY: ABSOLVIERON A LA JUEZA Y A LA ASESORA DE MENORES","datePublished":"2023-12-23T12:45:27+00:00","mainEntityOfPage":{"@id":"https:\/\/apuntesdesanluis.com\/index.php\/2023\/12\/23\/jury-por-el-crimen-de-lucio-dupuy-absolvieron-a-la-jueza-y-a-la-asesora-de-menores\/"},"wordCount":668,"publisher":{"@id":"https:\/\/apuntesdesanluis.com\/#\/schema\/person\/b55151d52296fcce64d1a72538a70b90"},"image":{"@id":"https:\/\/apuntesdesanluis.com\/index.php\/2023\/12\/23\/jury-por-el-crimen-de-lucio-dupuy-absolvieron-a-la-jueza-y-a-la-asesora-de-menores\/#primaryimage"},"thumbnailUrl":"https:\/\/apuntesdesanluis.com\/wp-content\/uploads\/2023\/12\/juicio-lucio-dupuy.png","articleSection":["Nacionales\/Internacionales"],"inLanguage":"es-AR"},{"@type":"WebPage","@id":"https:\/\/apuntesdesanluis.com\/index.php\/2023\/12\/23\/jury-por-el-crimen-de-lucio-dupuy-absolvieron-a-la-jueza-y-a-la-asesora-de-menores\/","url":"https:\/\/apuntesdesanluis.com\/index.php\/2023\/12\/23\/jury-por-el-crimen-de-lucio-dupuy-absolvieron-a-la-jueza-y-a-la-asesora-de-menores\/","name":"JURY POR EL CRIMEN DE LUCIO DUPUY: ABSOLVIERON A LA JUEZA Y A LA ASESORA DE MENORES - Apuntes de San Luis","isPartOf":{"@id":"https:\/\/apuntesdesanluis.com\/#website"},"primaryImageOfPage":{"@id":"https:\/\/apuntesdesanluis.com\/index.php\/2023\/12\/23\/jury-por-el-crimen-de-lucio-dupuy-absolvieron-a-la-jueza-y-a-la-asesora-de-menores\/#primaryimage"},"image":{"@id":"https:\/\/apuntesdesanluis.com\/index.php\/2023\/12\/23\/jury-por-el-crimen-de-lucio-dupuy-absolvieron-a-la-jueza-y-a-la-asesora-de-menores\/#primaryimage"},"thumbnailUrl":"https:\/\/apuntesdesanluis.com\/wp-content\/uploads\/2023\/12\/juicio-lucio-dupuy.png","datePublished":"2023-12-23T12:45:27+00:00","breadcrumb":{"@id":"https:\/\/apuntesdesanluis.com\/index.php\/2023\/12\/23\/jury-por-el-crimen-de-lucio-dupuy-absolvieron-a-la-jueza-y-a-la-asesora-de-menores\/#breadcrumb"},"inLanguage":"es-AR","potentialAction":[{"@type":"ReadAction","target":["https:\/\/apuntesdesanluis.com\/index.php\/2023\/12\/23\/jury-por-el-crimen-de-lucio-dupuy-absolvieron-a-la-jueza-y-a-la-asesora-de-menores\/"]}]},{"@type":"ImageObject","inLanguage":"es-AR","@id":"https:\/\/apuntesdesanluis.com\/index.php\/2023\/12\/23\/jury-por-el-crimen-de-lucio-dupuy-absolvieron-a-la-jueza-y-a-la-asesora-de-menores\/#primaryimage","url":"https:\/\/apuntesdesanluis.com\/wp-content\/uploads\/2023\/12\/juicio-lucio-dupuy.png","contentUrl":"https:\/\/apuntesdesanluis.com\/wp-content\/uploads\/2023\/12\/juicio-lucio-dupuy.png","width":769,"height":421},{"@type":"BreadcrumbList","@id":"https:\/\/apuntesdesanluis.com\/index.php\/2023\/12\/23\/jury-por-el-crimen-de-lucio-dupuy-absolvieron-a-la-jueza-y-a-la-asesora-de-menores\/#breadcrumb","itemListElement":[{"@type":"ListItem","position":1,"name":"Inicio","item":"https:\/\/apuntesdesanluis.com\/"},{"@type":"ListItem","position":2,"name":"JURY POR EL CRIMEN DE LUCIO DUPUY: ABSOLVIERON A LA JUEZA Y A LA ASESORA DE MENORES"}]},{"@type":"WebSite","@id":"https:\/\/apuntesdesanluis.com\/#website","url":"https:\/\/apuntesdesanluis.com\/","name":"Apuntes de San Luis","description":"","publisher":{"@id":"https:\/\/apuntesdesanluis.com\/#\/schema\/person\/b55151d52296fcce64d1a72538a70b90"},"potentialAction":[{"@type":"SearchAction","target":{"@type":"EntryPoint","urlTemplate":"https:\/\/apuntesdesanluis.com\/?s={search_term_string}"},"query-input":{"@type":"PropertyValueSpecification","valueRequired":true,"valueName":"search_term_string"}}],"inLanguage":"es-AR"},{"@type":["Person","Organization"],"@id":"https:\/\/apuntesdesanluis.com\/#\/schema\/person\/b55151d52296fcce64d1a72538a70b90","name":"apuntesdesanluis.com","image":{"@type":"ImageObject","inLanguage":"es-AR","@id":"https:\/\/apuntesdesanluis.com\/#\/schema\/person\/image\/","url":"https:\/\/apuntesdesanluis.com\/wp-content\/uploads\/2023\/07\/cropped-apuntesdesanluis.png","contentUrl":"https:\/\/apuntesdesanluis.com\/wp-content\/uploads\/2023\/07\/cropped-apuntesdesanluis.png","width":450,"height":112,"caption":"apuntesdesanluis.com"},"logo":{"@id":"https:\/\/apuntesdesanluis.com\/#\/schema\/person\/image\/"},"sameAs":["https:\/\/apuntesdesanluis.com"],"url":"https:\/\/apuntesdesanluis.com\/index.php\/author\/apuntesdesanluis-com\/"}]}},"featured_image_urls":{"full":["https:\/\/apuntesdesanluis.com\/wp-content\/uploads\/2023\/12\/juicio-lucio-dupuy.png",769,421,false],"thumbnail":["https:\/\/apuntesdesanluis.com\/wp-content\/uploads\/2023\/12\/juicio-lucio-dupuy-150x150.png",150,150,true],"medium":["https:\/\/apuntesdesanluis.com\/wp-content\/uploads\/2023\/12\/juicio-lucio-dupuy-300x164.png",300,164,true],"medium_large":["https:\/\/apuntesdesanluis.com\/wp-content\/uploads\/2023\/12\/juicio-lucio-dupuy.png",640,350,false],"large":["https:\/\/apuntesdesanluis.com\/wp-content\/uploads\/2023\/12\/juicio-lucio-dupuy.png",640,350,false],"1536x1536":["https:\/\/apuntesdesanluis.com\/wp-content\/uploads\/2023\/12\/juicio-lucio-dupuy.png",769,421,false],"2048x2048":["https:\/\/apuntesdesanluis.com\/wp-content\/uploads\/2023\/12\/juicio-lucio-dupuy.png",769,421,false],"newsever-slider-full":["https:\/\/apuntesdesanluis.com\/wp-content\/uploads\/2023\/12\/juicio-lucio-dupuy.png",769,421,false],"newsever-featured":["https:\/\/apuntesdesanluis.com\/wp-content\/uploads\/2023\/12\/juicio-lucio-dupuy.png",769,421,false],"newsever-medium":["https:\/\/apuntesdesanluis.com\/wp-content\/uploads\/2023\/12\/juicio-lucio-dupuy-720x421.png",720,421,true]},"author_info":{"display_name":"apuntesdesanluis.com","author_link":"https:\/\/apuntesdesanluis.com\/index.php\/author\/apuntesdesanluis-com\/"},"category_info":"<a href=\"https:\/\/apuntesdesanluis.com\/index.php\/category\/nacionales-internacionales\/\" rel=\"category tag\">Nacionales\/Internacionales<\/a>","tag_info":"Nacionales\/Internacionales","comment_count":"0","_links":{"self":[{"href":"https:\/\/apuntesdesanluis.com\/index.php\/wp-json\/wp\/v2\/posts\/8909","targetHints":{"allow":["GET"]}}],"collection":[{"href":"https:\/\/apuntesdesanluis.com\/index.php\/wp-json\/wp\/v2\/posts"}],"about":[{"href":"https:\/\/apuntesdesanluis.com\/index.php\/wp-json\/wp\/v2\/types\/post"}],"author":[{"embeddable":true,"href":"https:\/\/apuntesdesanluis.com\/index.php\/wp-json\/wp\/v2\/users\/1"}],"replies":[{"embeddable":true,"href":"https:\/\/apuntesdesanluis.com\/index.php\/wp-json\/wp\/v2\/comments?post=8909"}],"version-history":[{"count":1,"href":"https:\/\/apuntesdesanluis.com\/index.php\/wp-json\/wp\/v2\/posts\/8909\/revisions"}],"predecessor-version":[{"id":8911,"href":"https:\/\/apuntesdesanluis.com\/index.php\/wp-json\/wp\/v2\/posts\/8909\/revisions\/8911"}],"wp:featuredmedia":[{"embeddable":true,"href":"https:\/\/apuntesdesanluis.com\/index.php\/wp-json\/wp\/v2\/media\/8910"}],"wp:attachment":[{"href":"https:\/\/apuntesdesanluis.com\/index.php\/wp-json\/wp\/v2\/media?parent=8909"}],"wp:term":[{"taxonomy":"category","embeddable":true,"href":"https:\/\/apuntesdesanluis.com\/index.php\/wp-json\/wp\/v2\/categories?post=8909"},{"taxonomy":"post_tag","embeddable":true,"href":"https:\/\/apuntesdesanluis.com\/index.php\/wp-json\/wp\/v2\/tags?post=8909"}],"curies":[{"name":"wp","href":"https:\/\/api.w.org\/{rel}","templated":true}]}}