{"id":893,"date":"2023-08-02T08:59:00","date_gmt":"2023-08-02T11:59:00","guid":{"rendered":"https:\/\/apuntesdesanluis.com\/?p=893"},"modified":"2023-08-02T08:59:00","modified_gmt":"2023-08-02T11:59:00","slug":"la-cta-cuestiono-la-criminalizacion-de-la-protesta-tras-el-escrache-a-bullrich","status":"publish","type":"post","link":"https:\/\/apuntesdesanluis.com\/index.php\/2023\/08\/02\/la-cta-cuestiono-la-criminalizacion-de-la-protesta-tras-el-escrache-a-bullrich\/","title":{"rendered":"LA CTA CUESTION\u00d3 LA \u201cCRIMINALIZACI\u00d3N DE LA PROTESTA\u201d, TRAS EL ESCRACHE A BULLRICH"},"content":{"rendered":"<h3>\u201cDesde la CTA-San Luis repudiamos la persecuci\u00f3n y criminalizaci\u00f3n de la protesta por parte de los medios de comunicaci\u00f3n, tanto provinciales como nacionales\u201d, expres\u00f3 la CTA San Luis, por la cobertura realizada sobre la protesta protagonizada por un grupo de j\u00f3venes, durante la visita de la precandidata presidencial de Juntos por el Cambio, Patricia Bullrich.<\/h3>\n<h3>\u201cVivimos en un pa\u00eds democr\u00e1tico, donde todos tenemos derecho a expresarnos. Eso fue lo que hicieron las compa\u00f1eras de La Neurona Rebelde, que en el sexto aniversario de la desaparici\u00f3n y muerte de Santiago Maldonado, quisieron leer la carta que la mam\u00e1 de \u00e9ste le escribiera a Patricia Bullrich, hoy de campa\u00f1a en San Luis\u201d.<\/h3>\n<h3>\u201cLa derecha no solo hace uso de los medios nocivos de comunicaci\u00f3n, sino tambi\u00e9n de la fuerza f\u00edsica. Fue as\u00ed que les arrebataron las mochilas, las empujaron y las violentaron para que no pudieran terminar de leer la carta. Esto no es todo, luego los medios como La Naci\u00f3n y Clar\u00edn publicaron sus caras sin ning\u00fan cuidado, estigmatiz\u00e1ndolas y mintiendo sobre los hechos. Ojal\u00e1 hubieran puesto el mismo empe\u00f1o en denunciar a los responsables del intento de magnicidio de la compa\u00f1era Cristina Fern\u00e1ndez de Kirchner o de los ejecutores materiales e ideol\u00f3gicos de Santiago\u201d, continu\u00f3.<\/h3>\n<h3>\u201cTodo esto es una muestra de lo que la derecha est\u00e1 dispuesta a hacer para disciplinas y callar a nuestro pueblo\u201d, concluy\u00f3 la CTA San Luis.<\/h3>\n","protected":false},"excerpt":{"rendered":"<p>\u201cDesde la CTA-San Luis repudiamos la persecuci\u00f3n y criminalizaci\u00f3n de la protesta por parte de&#8230;<\/p>\n","protected":false},"author":1,"featured_media":894,"comment_status":"closed","ping_status":"closed","sticky":false,"template":"","format":"standard","meta":{"footnotes":""},"categories":[6],"tags":[],"class_list":["post-893","post","type-post","status-publish","format-standard","has-post-thumbnail","hentry","category-ciudad-provincia"],"yoast_head":"<!-- This site is optimized with the Yoast SEO plugin v26.1.1 - https:\/\/yoast.com\/wordpress\/plugins\/seo\/ -->\n<title>LA CTA CUESTION\u00d3 LA \u201cCRIMINALIZACI\u00d3N DE LA PROTESTA\u201d, TRAS EL ESCRACHE A BULLRICH - Apuntes de San Luis<\/title>\n<meta name=\"robots\" content=\"index, follow, max-snippet:-1, max-image-preview:large, max-video-preview:-1\" \/>\n<link rel=\"canonical\" href=\"https:\/\/apuntesdesanluis.com\/index.php\/2023\/08\/02\/la-cta-cuestiono-la-criminalizacion-de-la-protesta-tras-el-escrache-a-bullrich\/\" \/>\n<meta property=\"og:locale\" content=\"es_ES\" \/>\n<meta property=\"og:type\" content=\"article\" \/>\n<meta property=\"og:title\" content=\"LA CTA CUESTION\u00d3 LA \u201cCRIMINALIZACI\u00d3N DE LA PROTESTA\u201d, TRAS EL ESCRACHE A BULLRICH - Apuntes de San Luis\" \/>\n<meta property=\"og:description\" content=\"\u201cDesde la CTA-San Luis repudiamos la persecuci\u00f3n y criminalizaci\u00f3n de la protesta por parte de...\" \/>\n<meta property=\"og:url\" content=\"https:\/\/apuntesdesanluis.com\/index.php\/2023\/08\/02\/la-cta-cuestiono-la-criminalizacion-de-la-protesta-tras-el-escrache-a-bullrich\/\" \/>\n<meta property=\"og:site_name\" content=\"Apuntes de San Luis\" \/>\n<meta property=\"article:published_time\" content=\"2023-08-02T11:59:00+00:00\" \/>\n<meta property=\"og:image\" content=\"https:\/\/apuntesdesanluis.com\/wp-content\/uploads\/2023\/08\/escrache-1.png\" \/>\n\t<meta property=\"og:image:width\" content=\"590\" \/>\n\t<meta property=\"og:image:height\" content=\"339\" \/>\n\t<meta property=\"og:image:type\" content=\"image\/png\" \/>\n<meta name=\"author\" content=\"apuntesdesanluis.com\" \/>\n<meta name=\"twitter:card\" content=\"summary_large_image\" \/>\n<meta name=\"twitter:label1\" content=\"Escrito por\" \/>\n\t<meta name=\"twitter:data1\" content=\"apuntesdesanluis.com\" \/>\n\t<meta name=\"twitter:label2\" content=\"Tiempo de lectura\" \/>\n\t<meta name=\"twitter:data2\" content=\"2 minutos\" \/>\n<script type=\"application\/ld+json\" class=\"yoast-schema-graph\">{\"@context\":\"https:\/\/schema.org\",\"@graph\":[{\"@type\":\"Article\",\"@id\":\"https:\/\/apuntesdesanluis.com\/index.php\/2023\/08\/02\/la-cta-cuestiono-la-criminalizacion-de-la-protesta-tras-el-escrache-a-bullrich\/#article\",\"isPartOf\":{\"@id\":\"https:\/\/apuntesdesanluis.com\/index.php\/2023\/08\/02\/la-cta-cuestiono-la-criminalizacion-de-la-protesta-tras-el-escrache-a-bullrich\/\"},\"author\":{\"name\":\"apuntesdesanluis.com\",\"@id\":\"https:\/\/apuntesdesanluis.com\/#\/schema\/person\/b55151d52296fcce64d1a72538a70b90\"},\"headline\":\"LA CTA CUESTION\u00d3 LA \u201cCRIMINALIZACI\u00d3N DE LA PROTESTA\u201d, TRAS EL ESCRACHE A BULLRICH\",\"datePublished\":\"2023-08-02T11:59:00+00:00\",\"mainEntityOfPage\":{\"@id\":\"https:\/\/apuntesdesanluis.com\/index.php\/2023\/08\/02\/la-cta-cuestiono-la-criminalizacion-de-la-protesta-tras-el-escrache-a-bullrich\/\"},\"wordCount\":265,\"publisher\":{\"@id\":\"https:\/\/apuntesdesanluis.com\/#\/schema\/person\/b55151d52296fcce64d1a72538a70b90\"},\"image\":{\"@id\":\"https:\/\/apuntesdesanluis.com\/index.php\/2023\/08\/02\/la-cta-cuestiono-la-criminalizacion-de-la-protesta-tras-el-escrache-a-bullrich\/#primaryimage\"},\"thumbnailUrl\":\"https:\/\/apuntesdesanluis.com\/wp-content\/uploads\/2023\/08\/escrache-1.png\",\"articleSection\":[\"Ciudad\/Provincia\"],\"inLanguage\":\"es-AR\"},{\"@type\":\"WebPage\",\"@id\":\"https:\/\/apuntesdesanluis.com\/index.php\/2023\/08\/02\/la-cta-cuestiono-la-criminalizacion-de-la-protesta-tras-el-escrache-a-bullrich\/\",\"url\":\"https:\/\/apuntesdesanluis.com\/index.php\/2023\/08\/02\/la-cta-cuestiono-la-criminalizacion-de-la-protesta-tras-el-escrache-a-bullrich\/\",\"name\":\"LA CTA CUESTION\u00d3 LA \u201cCRIMINALIZACI\u00d3N DE LA PROTESTA\u201d, TRAS EL ESCRACHE A BULLRICH - Apuntes de San Luis\",\"isPartOf\":{\"@id\":\"https:\/\/apuntesdesanluis.com\/#website\"},\"primaryImageOfPage\":{\"@id\":\"https:\/\/apuntesdesanluis.com\/index.php\/2023\/08\/02\/la-cta-cuestiono-la-criminalizacion-de-la-protesta-tras-el-escrache-a-bullrich\/#primaryimage\"},\"image\":{\"@id\":\"https:\/\/apuntesdesanluis.com\/index.php\/2023\/08\/02\/la-cta-cuestiono-la-criminalizacion-de-la-protesta-tras-el-escrache-a-bullrich\/#primaryimage\"},\"thumbnailUrl\":\"https:\/\/apuntesdesanluis.com\/wp-content\/uploads\/2023\/08\/escrache-1.png\",\"datePublished\":\"2023-08-02T11:59:00+00:00\",\"breadcrumb\":{\"@id\":\"https:\/\/apuntesdesanluis.com\/index.php\/2023\/08\/02\/la-cta-cuestiono-la-criminalizacion-de-la-protesta-tras-el-escrache-a-bullrich\/#breadcrumb\"},\"inLanguage\":\"es-AR\",\"potentialAction\":[{\"@type\":\"ReadAction\",\"target\":[\"https:\/\/apuntesdesanluis.com\/index.php\/2023\/08\/02\/la-cta-cuestiono-la-criminalizacion-de-la-protesta-tras-el-escrache-a-bullrich\/\"]}]},{\"@type\":\"ImageObject\",\"inLanguage\":\"es-AR\",\"@id\":\"https:\/\/apuntesdesanluis.com\/index.php\/2023\/08\/02\/la-cta-cuestiono-la-criminalizacion-de-la-protesta-tras-el-escrache-a-bullrich\/#primaryimage\",\"url\":\"https:\/\/apuntesdesanluis.com\/wp-content\/uploads\/2023\/08\/escrache-1.png\",\"contentUrl\":\"https:\/\/apuntesdesanluis.com\/wp-content\/uploads\/2023\/08\/escrache-1.png\",\"width\":590,\"height\":339},{\"@type\":\"BreadcrumbList\",\"@id\":\"https:\/\/apuntesdesanluis.com\/index.php\/2023\/08\/02\/la-cta-cuestiono-la-criminalizacion-de-la-protesta-tras-el-escrache-a-bullrich\/#breadcrumb\",\"itemListElement\":[{\"@type\":\"ListItem\",\"position\":1,\"name\":\"Inicio\",\"item\":\"https:\/\/apuntesdesanluis.com\/\"},{\"@type\":\"ListItem\",\"position\":2,\"name\":\"LA CTA CUESTION\u00d3 LA \u201cCRIMINALIZACI\u00d3N DE LA PROTESTA\u201d, TRAS EL ESCRACHE A BULLRICH\"}]},{\"@type\":\"WebSite\",\"@id\":\"https:\/\/apuntesdesanluis.com\/#website\",\"url\":\"https:\/\/apuntesdesanluis.com\/\",\"name\":\"Apuntes de San Luis\",\"description\":\"\",\"publisher\":{\"@id\":\"https:\/\/apuntesdesanluis.com\/#\/schema\/person\/b55151d52296fcce64d1a72538a70b90\"},\"potentialAction\":[{\"@type\":\"SearchAction\",\"target\":{\"@type\":\"EntryPoint\",\"urlTemplate\":\"https:\/\/apuntesdesanluis.com\/?s={search_term_string}\"},\"query-input\":{\"@type\":\"PropertyValueSpecification\",\"valueRequired\":true,\"valueName\":\"search_term_string\"}}],\"inLanguage\":\"es-AR\"},{\"@type\":[\"Person\",\"Organization\"],\"@id\":\"https:\/\/apuntesdesanluis.com\/#\/schema\/person\/b55151d52296fcce64d1a72538a70b90\",\"name\":\"apuntesdesanluis.com\",\"image\":{\"@type\":\"ImageObject\",\"inLanguage\":\"es-AR\",\"@id\":\"https:\/\/apuntesdesanluis.com\/#\/schema\/person\/image\/\",\"url\":\"https:\/\/apuntesdesanluis.com\/wp-content\/uploads\/2023\/07\/cropped-apuntesdesanluis.png\",\"contentUrl\":\"https:\/\/apuntesdesanluis.com\/wp-content\/uploads\/2023\/07\/cropped-apuntesdesanluis.png\",\"width\":450,\"height\":112,\"caption\":\"apuntesdesanluis.com\"},\"logo\":{\"@id\":\"https:\/\/apuntesdesanluis.com\/#\/schema\/person\/image\/\"},\"sameAs\":[\"https:\/\/apuntesdesanluis.com\"],\"url\":\"https:\/\/apuntesdesanluis.com\/index.php\/author\/apuntesdesanluis-com\/\"}]}<\/script>\n<!-- \/ Yoast SEO plugin. -->","yoast_head_json":{"title":"LA CTA CUESTION\u00d3 LA \u201cCRIMINALIZACI\u00d3N DE LA PROTESTA\u201d, TRAS EL ESCRACHE A BULLRICH - Apuntes de San Luis","robots":{"index":"index","follow":"follow","max-snippet":"max-snippet:-1","max-image-preview":"max-image-preview:large","max-video-preview":"max-video-preview:-1"},"canonical":"https:\/\/apuntesdesanluis.com\/index.php\/2023\/08\/02\/la-cta-cuestiono-la-criminalizacion-de-la-protesta-tras-el-escrache-a-bullrich\/","og_locale":"es_ES","og_type":"article","og_title":"LA CTA CUESTION\u00d3 LA \u201cCRIMINALIZACI\u00d3N DE LA PROTESTA\u201d, TRAS EL ESCRACHE A BULLRICH - Apuntes de San Luis","og_description":"\u201cDesde la CTA-San Luis repudiamos la persecuci\u00f3n y criminalizaci\u00f3n de la protesta por parte de...","og_url":"https:\/\/apuntesdesanluis.com\/index.php\/2023\/08\/02\/la-cta-cuestiono-la-criminalizacion-de-la-protesta-tras-el-escrache-a-bullrich\/","og_site_name":"Apuntes de San Luis","article_published_time":"2023-08-02T11:59:00+00:00","og_image":[{"width":590,"height":339,"url":"https:\/\/apuntesdesanluis.com\/wp-content\/uploads\/2023\/08\/escrache-1.png","type":"image\/png"}],"author":"apuntesdesanluis.com","twitter_card":"summary_large_image","twitter_misc":{"Escrito por":"apuntesdesanluis.com","Tiempo de lectura":"2 minutos"},"schema":{"@context":"https:\/\/schema.org","@graph":[{"@type":"Article","@id":"https:\/\/apuntesdesanluis.com\/index.php\/2023\/08\/02\/la-cta-cuestiono-la-criminalizacion-de-la-protesta-tras-el-escrache-a-bullrich\/#article","isPartOf":{"@id":"https:\/\/apuntesdesanluis.com\/index.php\/2023\/08\/02\/la-cta-cuestiono-la-criminalizacion-de-la-protesta-tras-el-escrache-a-bullrich\/"},"author":{"name":"apuntesdesanluis.com","@id":"https:\/\/apuntesdesanluis.com\/#\/schema\/person\/b55151d52296fcce64d1a72538a70b90"},"headline":"LA CTA CUESTION\u00d3 LA \u201cCRIMINALIZACI\u00d3N DE LA PROTESTA\u201d, TRAS EL ESCRACHE A BULLRICH","datePublished":"2023-08-02T11:59:00+00:00","mainEntityOfPage":{"@id":"https:\/\/apuntesdesanluis.com\/index.php\/2023\/08\/02\/la-cta-cuestiono-la-criminalizacion-de-la-protesta-tras-el-escrache-a-bullrich\/"},"wordCount":265,"publisher":{"@id":"https:\/\/apuntesdesanluis.com\/#\/schema\/person\/b55151d52296fcce64d1a72538a70b90"},"image":{"@id":"https:\/\/apuntesdesanluis.com\/index.php\/2023\/08\/02\/la-cta-cuestiono-la-criminalizacion-de-la-protesta-tras-el-escrache-a-bullrich\/#primaryimage"},"thumbnailUrl":"https:\/\/apuntesdesanluis.com\/wp-content\/uploads\/2023\/08\/escrache-1.png","articleSection":["Ciudad\/Provincia"],"inLanguage":"es-AR"},{"@type":"WebPage","@id":"https:\/\/apuntesdesanluis.com\/index.php\/2023\/08\/02\/la-cta-cuestiono-la-criminalizacion-de-la-protesta-tras-el-escrache-a-bullrich\/","url":"https:\/\/apuntesdesanluis.com\/index.php\/2023\/08\/02\/la-cta-cuestiono-la-criminalizacion-de-la-protesta-tras-el-escrache-a-bullrich\/","name":"LA CTA CUESTION\u00d3 LA \u201cCRIMINALIZACI\u00d3N DE LA PROTESTA\u201d, TRAS EL ESCRACHE A BULLRICH - Apuntes de San Luis","isPartOf":{"@id":"https:\/\/apuntesdesanluis.com\/#website"},"primaryImageOfPage":{"@id":"https:\/\/apuntesdesanluis.com\/index.php\/2023\/08\/02\/la-cta-cuestiono-la-criminalizacion-de-la-protesta-tras-el-escrache-a-bullrich\/#primaryimage"},"image":{"@id":"https:\/\/apuntesdesanluis.com\/index.php\/2023\/08\/02\/la-cta-cuestiono-la-criminalizacion-de-la-protesta-tras-el-escrache-a-bullrich\/#primaryimage"},"thumbnailUrl":"https:\/\/apuntesdesanluis.com\/wp-content\/uploads\/2023\/08\/escrache-1.png","datePublished":"2023-08-02T11:59:00+00:00","breadcrumb":{"@id":"https:\/\/apuntesdesanluis.com\/index.php\/2023\/08\/02\/la-cta-cuestiono-la-criminalizacion-de-la-protesta-tras-el-escrache-a-bullrich\/#breadcrumb"},"inLanguage":"es-AR","potentialAction":[{"@type":"ReadAction","target":["https:\/\/apuntesdesanluis.com\/index.php\/2023\/08\/02\/la-cta-cuestiono-la-criminalizacion-de-la-protesta-tras-el-escrache-a-bullrich\/"]}]},{"@type":"ImageObject","inLanguage":"es-AR","@id":"https:\/\/apuntesdesanluis.com\/index.php\/2023\/08\/02\/la-cta-cuestiono-la-criminalizacion-de-la-protesta-tras-el-escrache-a-bullrich\/#primaryimage","url":"https:\/\/apuntesdesanluis.com\/wp-content\/uploads\/2023\/08\/escrache-1.png","contentUrl":"https:\/\/apuntesdesanluis.com\/wp-content\/uploads\/2023\/08\/escrache-1.png","width":590,"height":339},{"@type":"BreadcrumbList","@id":"https:\/\/apuntesdesanluis.com\/index.php\/2023\/08\/02\/la-cta-cuestiono-la-criminalizacion-de-la-protesta-tras-el-escrache-a-bullrich\/#breadcrumb","itemListElement":[{"@type":"ListItem","position":1,"name":"Inicio","item":"https:\/\/apuntesdesanluis.com\/"},{"@type":"ListItem","position":2,"name":"LA CTA CUESTION\u00d3 LA \u201cCRIMINALIZACI\u00d3N DE LA PROTESTA\u201d, TRAS EL ESCRACHE A BULLRICH"}]},{"@type":"WebSite","@id":"https:\/\/apuntesdesanluis.com\/#website","url":"https:\/\/apuntesdesanluis.com\/","name":"Apuntes de San Luis","description":"","publisher":{"@id":"https:\/\/apuntesdesanluis.com\/#\/schema\/person\/b55151d52296fcce64d1a72538a70b90"},"potentialAction":[{"@type":"SearchAction","target":{"@type":"EntryPoint","urlTemplate":"https:\/\/apuntesdesanluis.com\/?s={search_term_string}"},"query-input":{"@type":"PropertyValueSpecification","valueRequired":true,"valueName":"search_term_string"}}],"inLanguage":"es-AR"},{"@type":["Person","Organization"],"@id":"https:\/\/apuntesdesanluis.com\/#\/schema\/person\/b55151d52296fcce64d1a72538a70b90","name":"apuntesdesanluis.com","image":{"@type":"ImageObject","inLanguage":"es-AR","@id":"https:\/\/apuntesdesanluis.com\/#\/schema\/person\/image\/","url":"https:\/\/apuntesdesanluis.com\/wp-content\/uploads\/2023\/07\/cropped-apuntesdesanluis.png","contentUrl":"https:\/\/apuntesdesanluis.com\/wp-content\/uploads\/2023\/07\/cropped-apuntesdesanluis.png","width":450,"height":112,"caption":"apuntesdesanluis.com"},"logo":{"@id":"https:\/\/apuntesdesanluis.com\/#\/schema\/person\/image\/"},"sameAs":["https:\/\/apuntesdesanluis.com"],"url":"https:\/\/apuntesdesanluis.com\/index.php\/author\/apuntesdesanluis-com\/"}]}},"featured_image_urls":{"full":["https:\/\/apuntesdesanluis.com\/wp-content\/uploads\/2023\/08\/escrache-1.png",590,339,false],"thumbnail":["https:\/\/apuntesdesanluis.com\/wp-content\/uploads\/2023\/08\/escrache-1-150x150.png",150,150,true],"medium":["https:\/\/apuntesdesanluis.com\/wp-content\/uploads\/2023\/08\/escrache-1-300x172.png",300,172,true],"medium_large":["https:\/\/apuntesdesanluis.com\/wp-content\/uploads\/2023\/08\/escrache-1.png",590,339,false],"large":["https:\/\/apuntesdesanluis.com\/wp-content\/uploads\/2023\/08\/escrache-1.png",590,339,false],"1536x1536":["https:\/\/apuntesdesanluis.com\/wp-content\/uploads\/2023\/08\/escrache-1.png",590,339,false],"2048x2048":["https:\/\/apuntesdesanluis.com\/wp-content\/uploads\/2023\/08\/escrache-1.png",590,339,false],"newsever-slider-full":["https:\/\/apuntesdesanluis.com\/wp-content\/uploads\/2023\/08\/escrache-1.png",590,339,false],"newsever-featured":["https:\/\/apuntesdesanluis.com\/wp-content\/uploads\/2023\/08\/escrache-1.png",590,339,false],"newsever-medium":["https:\/\/apuntesdesanluis.com\/wp-content\/uploads\/2023\/08\/escrache-1.png",590,339,false]},"author_info":{"display_name":"apuntesdesanluis.com","author_link":"https:\/\/apuntesdesanluis.com\/index.php\/author\/apuntesdesanluis-com\/"},"category_info":"<a href=\"https:\/\/apuntesdesanluis.com\/index.php\/category\/ciudad-provincia\/\" rel=\"category tag\">Ciudad\/Provincia<\/a>","tag_info":"Ciudad\/Provincia","comment_count":"0","_links":{"self":[{"href":"https:\/\/apuntesdesanluis.com\/index.php\/wp-json\/wp\/v2\/posts\/893","targetHints":{"allow":["GET"]}}],"collection":[{"href":"https:\/\/apuntesdesanluis.com\/index.php\/wp-json\/wp\/v2\/posts"}],"about":[{"href":"https:\/\/apuntesdesanluis.com\/index.php\/wp-json\/wp\/v2\/types\/post"}],"author":[{"embeddable":true,"href":"https:\/\/apuntesdesanluis.com\/index.php\/wp-json\/wp\/v2\/users\/1"}],"replies":[{"embeddable":true,"href":"https:\/\/apuntesdesanluis.com\/index.php\/wp-json\/wp\/v2\/comments?post=893"}],"version-history":[{"count":1,"href":"https:\/\/apuntesdesanluis.com\/index.php\/wp-json\/wp\/v2\/posts\/893\/revisions"}],"predecessor-version":[{"id":895,"href":"https:\/\/apuntesdesanluis.com\/index.php\/wp-json\/wp\/v2\/posts\/893\/revisions\/895"}],"wp:featuredmedia":[{"embeddable":true,"href":"https:\/\/apuntesdesanluis.com\/index.php\/wp-json\/wp\/v2\/media\/894"}],"wp:attachment":[{"href":"https:\/\/apuntesdesanluis.com\/index.php\/wp-json\/wp\/v2\/media?parent=893"}],"wp:term":[{"taxonomy":"category","embeddable":true,"href":"https:\/\/apuntesdesanluis.com\/index.php\/wp-json\/wp\/v2\/categories?post=893"},{"taxonomy":"post_tag","embeddable":true,"href":"https:\/\/apuntesdesanluis.com\/index.php\/wp-json\/wp\/v2\/tags?post=893"}],"curies":[{"name":"wp","href":"https:\/\/api.w.org\/{rel}","templated":true}]}}