{"id":8979,"date":"2023-12-26T08:55:34","date_gmt":"2023-12-26T11:55:34","guid":{"rendered":"https:\/\/apuntesdesanluis.com\/?p=8979"},"modified":"2023-12-26T08:55:52","modified_gmt":"2023-12-26T11:55:52","slug":"censo-3167-empleados-que-no-presentaron-sus-declaraciones-juradas-pueden-hacerlo-este-martes","status":"publish","type":"post","link":"https:\/\/apuntesdesanluis.com\/index.php\/2023\/12\/26\/censo-3167-empleados-que-no-presentaron-sus-declaraciones-juradas-pueden-hacerlo-este-martes\/","title":{"rendered":"CENSO: 3167 EMPLEADOS QUE NO PRESENTARON SUS DECLARACIONES JURADAS PUEDEN HACERLO ESTE MARTES"},"content":{"rendered":"<h3>El dato es llamativo y fue confirmado por el responsable de Estad\u00edstica y Censos, <strong>H\u00e9ctor Mazzina<\/strong>. Esos m\u00e1s de 3 mil empleados de la planta del estado, completaron y descargaron la documentaci\u00f3n pero no la presentaron personalmente en sus lugares de trabajo.<\/h3>\n<h3>Al respecto de esto, Mazzina explic\u00f3 que este s\u00e1bado le presentaron al gobernador, Claudio Poggi, los datos del Censo de Empleados P\u00fablicos. En la oportunidad, le informaron que las personas que hicieron la declaraci\u00f3n jurada fueron 26.705 y las que la validaron presencialmente fueron 23.807.<\/h3>\n<h3>De esas personas faltantes, que no cumplieron con el requisito de la presencialidad, hubo 452 que se excusaron por licencia y 3.167 trabajadores no se presentaron personalmente a entregar la documentaci\u00f3n.<\/h3>\n<h3>Sobre estas personas que no han cumplido con la presencialidad, se habilitar\u00e1 el d\u00eda martes una nueva oportunidad para que se acerquen con el formulario a sus lugares de trabajo.<\/h3>\n<h3>\u201c\u00bfC\u00f3mo confirmar que se cumplido correctamente con el censo?<\/h3>\n<h3>Pueden ingresar desde este s\u00e1bado a la p\u00e1gina <span style=\"color: #3366ff;\"><a style=\"color: #3366ff;\" href=\"http:\/\/www.sanluis.gov.ar\">www.sanluis.gov.ar<\/a><\/span> y verificar si est\u00e1 completo el procedimiento censal.<\/h3>\n<h3>\u201cEntonces, el d\u00eda martes aquellos que no han cumplido con la presencialidad pueden hacerlo desde las 8 de la ma\u00f1ana. Repito los n\u00fameros: Los que han generado la declaraci\u00f3n jurada fueron 26.706 y los que han validado la declaraci\u00f3n jurada de forma presencial fueron 23.807. Aquellos que se han excusado con licencia son 452 y los que deber\u00edan completar el requisito de la presencialidad son 3.167 y tiene la oportunidad el martes\u201d, indic\u00f3 Mazzina.<\/h3>\n","protected":false},"excerpt":{"rendered":"<p>El dato es llamativo y fue confirmado por el responsable de Estad\u00edstica y Censos, H\u00e9ctor&#8230;<\/p>\n","protected":false},"author":1,"featured_media":288,"comment_status":"closed","ping_status":"closed","sticky":false,"template":"","format":"standard","meta":{"footnotes":""},"categories":[6],"tags":[],"class_list":["post-8979","post","type-post","status-publish","format-standard","has-post-thumbnail","hentry","category-ciudad-provincia"],"yoast_head":"<!-- This site is optimized with the Yoast SEO plugin v26.1.1 - https:\/\/yoast.com\/wordpress\/plugins\/seo\/ -->\n<title>CENSO: 3167 EMPLEADOS QUE NO PRESENTARON SUS DECLARACIONES JURADAS PUEDEN HACERLO ESTE MARTES - Apuntes de San Luis<\/title>\n<meta name=\"robots\" content=\"index, follow, max-snippet:-1, max-image-preview:large, max-video-preview:-1\" \/>\n<link rel=\"canonical\" href=\"https:\/\/apuntesdesanluis.com\/index.php\/2023\/12\/26\/censo-3167-empleados-que-no-presentaron-sus-declaraciones-juradas-pueden-hacerlo-este-martes\/\" \/>\n<meta property=\"og:locale\" content=\"es_ES\" \/>\n<meta property=\"og:type\" content=\"article\" \/>\n<meta property=\"og:title\" content=\"CENSO: 3167 EMPLEADOS QUE NO PRESENTARON SUS DECLARACIONES JURADAS PUEDEN HACERLO ESTE MARTES - Apuntes de San Luis\" \/>\n<meta property=\"og:description\" content=\"El dato es llamativo y fue confirmado por el responsable de Estad\u00edstica y Censos, H\u00e9ctor...\" \/>\n<meta property=\"og:url\" content=\"https:\/\/apuntesdesanluis.com\/index.php\/2023\/12\/26\/censo-3167-empleados-que-no-presentaron-sus-declaraciones-juradas-pueden-hacerlo-este-martes\/\" \/>\n<meta property=\"og:site_name\" content=\"Apuntes de San Luis\" \/>\n<meta property=\"article:published_time\" content=\"2023-12-26T11:55:34+00:00\" \/>\n<meta property=\"article:modified_time\" content=\"2023-12-26T11:55:52+00:00\" \/>\n<meta property=\"og:image\" content=\"https:\/\/apuntesdesanluis.com\/wp-content\/uploads\/2023\/07\/TERRAZAS-AEREA-630x420-1.jpg\" \/>\n\t<meta property=\"og:image:width\" content=\"499\" \/>\n\t<meta property=\"og:image:height\" content=\"304\" \/>\n\t<meta property=\"og:image:type\" content=\"image\/jpeg\" \/>\n<meta name=\"author\" content=\"apuntesdesanluis.com\" \/>\n<meta name=\"twitter:card\" content=\"summary_large_image\" \/>\n<meta name=\"twitter:label1\" content=\"Escrito por\" \/>\n\t<meta name=\"twitter:data1\" content=\"apuntesdesanluis.com\" \/>\n\t<meta name=\"twitter:label2\" content=\"Tiempo de lectura\" \/>\n\t<meta name=\"twitter:data2\" content=\"2 minutos\" \/>\n<script type=\"application\/ld+json\" class=\"yoast-schema-graph\">{\"@context\":\"https:\/\/schema.org\",\"@graph\":[{\"@type\":\"Article\",\"@id\":\"https:\/\/apuntesdesanluis.com\/index.php\/2023\/12\/26\/censo-3167-empleados-que-no-presentaron-sus-declaraciones-juradas-pueden-hacerlo-este-martes\/#article\",\"isPartOf\":{\"@id\":\"https:\/\/apuntesdesanluis.com\/index.php\/2023\/12\/26\/censo-3167-empleados-que-no-presentaron-sus-declaraciones-juradas-pueden-hacerlo-este-martes\/\"},\"author\":{\"name\":\"apuntesdesanluis.com\",\"@id\":\"https:\/\/apuntesdesanluis.com\/#\/schema\/person\/b55151d52296fcce64d1a72538a70b90\"},\"headline\":\"CENSO: 3167 EMPLEADOS QUE NO PRESENTARON SUS DECLARACIONES JURADAS PUEDEN HACERLO ESTE MARTES\",\"datePublished\":\"2023-12-26T11:55:34+00:00\",\"dateModified\":\"2023-12-26T11:55:52+00:00\",\"mainEntityOfPage\":{\"@id\":\"https:\/\/apuntesdesanluis.com\/index.php\/2023\/12\/26\/censo-3167-empleados-que-no-presentaron-sus-declaraciones-juradas-pueden-hacerlo-este-martes\/\"},\"wordCount\":271,\"publisher\":{\"@id\":\"https:\/\/apuntesdesanluis.com\/#\/schema\/person\/b55151d52296fcce64d1a72538a70b90\"},\"image\":{\"@id\":\"https:\/\/apuntesdesanluis.com\/index.php\/2023\/12\/26\/censo-3167-empleados-que-no-presentaron-sus-declaraciones-juradas-pueden-hacerlo-este-martes\/#primaryimage\"},\"thumbnailUrl\":\"https:\/\/apuntesdesanluis.com\/wp-content\/uploads\/2023\/07\/TERRAZAS-AEREA-630x420-1.jpg\",\"articleSection\":[\"Ciudad\/Provincia\"],\"inLanguage\":\"es-AR\"},{\"@type\":\"WebPage\",\"@id\":\"https:\/\/apuntesdesanluis.com\/index.php\/2023\/12\/26\/censo-3167-empleados-que-no-presentaron-sus-declaraciones-juradas-pueden-hacerlo-este-martes\/\",\"url\":\"https:\/\/apuntesdesanluis.com\/index.php\/2023\/12\/26\/censo-3167-empleados-que-no-presentaron-sus-declaraciones-juradas-pueden-hacerlo-este-martes\/\",\"name\":\"CENSO: 3167 EMPLEADOS QUE NO PRESENTARON SUS DECLARACIONES JURADAS PUEDEN HACERLO ESTE MARTES - Apuntes de San Luis\",\"isPartOf\":{\"@id\":\"https:\/\/apuntesdesanluis.com\/#website\"},\"primaryImageOfPage\":{\"@id\":\"https:\/\/apuntesdesanluis.com\/index.php\/2023\/12\/26\/censo-3167-empleados-que-no-presentaron-sus-declaraciones-juradas-pueden-hacerlo-este-martes\/#primaryimage\"},\"image\":{\"@id\":\"https:\/\/apuntesdesanluis.com\/index.php\/2023\/12\/26\/censo-3167-empleados-que-no-presentaron-sus-declaraciones-juradas-pueden-hacerlo-este-martes\/#primaryimage\"},\"thumbnailUrl\":\"https:\/\/apuntesdesanluis.com\/wp-content\/uploads\/2023\/07\/TERRAZAS-AEREA-630x420-1.jpg\",\"datePublished\":\"2023-12-26T11:55:34+00:00\",\"dateModified\":\"2023-12-26T11:55:52+00:00\",\"breadcrumb\":{\"@id\":\"https:\/\/apuntesdesanluis.com\/index.php\/2023\/12\/26\/censo-3167-empleados-que-no-presentaron-sus-declaraciones-juradas-pueden-hacerlo-este-martes\/#breadcrumb\"},\"inLanguage\":\"es-AR\",\"potentialAction\":[{\"@type\":\"ReadAction\",\"target\":[\"https:\/\/apuntesdesanluis.com\/index.php\/2023\/12\/26\/censo-3167-empleados-que-no-presentaron-sus-declaraciones-juradas-pueden-hacerlo-este-martes\/\"]}]},{\"@type\":\"ImageObject\",\"inLanguage\":\"es-AR\",\"@id\":\"https:\/\/apuntesdesanluis.com\/index.php\/2023\/12\/26\/censo-3167-empleados-que-no-presentaron-sus-declaraciones-juradas-pueden-hacerlo-este-martes\/#primaryimage\",\"url\":\"https:\/\/apuntesdesanluis.com\/wp-content\/uploads\/2023\/07\/TERRAZAS-AEREA-630x420-1.jpg\",\"contentUrl\":\"https:\/\/apuntesdesanluis.com\/wp-content\/uploads\/2023\/07\/TERRAZAS-AEREA-630x420-1.jpg\",\"width\":499,\"height\":304},{\"@type\":\"BreadcrumbList\",\"@id\":\"https:\/\/apuntesdesanluis.com\/index.php\/2023\/12\/26\/censo-3167-empleados-que-no-presentaron-sus-declaraciones-juradas-pueden-hacerlo-este-martes\/#breadcrumb\",\"itemListElement\":[{\"@type\":\"ListItem\",\"position\":1,\"name\":\"Inicio\",\"item\":\"https:\/\/apuntesdesanluis.com\/\"},{\"@type\":\"ListItem\",\"position\":2,\"name\":\"CENSO: 3167 EMPLEADOS QUE NO PRESENTARON SUS DECLARACIONES JURADAS PUEDEN HACERLO ESTE MARTES\"}]},{\"@type\":\"WebSite\",\"@id\":\"https:\/\/apuntesdesanluis.com\/#website\",\"url\":\"https:\/\/apuntesdesanluis.com\/\",\"name\":\"Apuntes de San Luis\",\"description\":\"\",\"publisher\":{\"@id\":\"https:\/\/apuntesdesanluis.com\/#\/schema\/person\/b55151d52296fcce64d1a72538a70b90\"},\"potentialAction\":[{\"@type\":\"SearchAction\",\"target\":{\"@type\":\"EntryPoint\",\"urlTemplate\":\"https:\/\/apuntesdesanluis.com\/?s={search_term_string}\"},\"query-input\":{\"@type\":\"PropertyValueSpecification\",\"valueRequired\":true,\"valueName\":\"search_term_string\"}}],\"inLanguage\":\"es-AR\"},{\"@type\":[\"Person\",\"Organization\"],\"@id\":\"https:\/\/apuntesdesanluis.com\/#\/schema\/person\/b55151d52296fcce64d1a72538a70b90\",\"name\":\"apuntesdesanluis.com\",\"image\":{\"@type\":\"ImageObject\",\"inLanguage\":\"es-AR\",\"@id\":\"https:\/\/apuntesdesanluis.com\/#\/schema\/person\/image\/\",\"url\":\"https:\/\/apuntesdesanluis.com\/wp-content\/uploads\/2023\/07\/cropped-apuntesdesanluis.png\",\"contentUrl\":\"https:\/\/apuntesdesanluis.com\/wp-content\/uploads\/2023\/07\/cropped-apuntesdesanluis.png\",\"width\":450,\"height\":112,\"caption\":\"apuntesdesanluis.com\"},\"logo\":{\"@id\":\"https:\/\/apuntesdesanluis.com\/#\/schema\/person\/image\/\"},\"sameAs\":[\"https:\/\/apuntesdesanluis.com\"],\"url\":\"https:\/\/apuntesdesanluis.com\/index.php\/author\/apuntesdesanluis-com\/\"}]}<\/script>\n<!-- \/ Yoast SEO plugin. -->","yoast_head_json":{"title":"CENSO: 3167 EMPLEADOS QUE NO PRESENTARON SUS DECLARACIONES JURADAS PUEDEN HACERLO ESTE MARTES - Apuntes de San Luis","robots":{"index":"index","follow":"follow","max-snippet":"max-snippet:-1","max-image-preview":"max-image-preview:large","max-video-preview":"max-video-preview:-1"},"canonical":"https:\/\/apuntesdesanluis.com\/index.php\/2023\/12\/26\/censo-3167-empleados-que-no-presentaron-sus-declaraciones-juradas-pueden-hacerlo-este-martes\/","og_locale":"es_ES","og_type":"article","og_title":"CENSO: 3167 EMPLEADOS QUE NO PRESENTARON SUS DECLARACIONES JURADAS PUEDEN HACERLO ESTE MARTES - Apuntes de San Luis","og_description":"El dato es llamativo y fue confirmado por el responsable de Estad\u00edstica y Censos, H\u00e9ctor...","og_url":"https:\/\/apuntesdesanluis.com\/index.php\/2023\/12\/26\/censo-3167-empleados-que-no-presentaron-sus-declaraciones-juradas-pueden-hacerlo-este-martes\/","og_site_name":"Apuntes de San Luis","article_published_time":"2023-12-26T11:55:34+00:00","article_modified_time":"2023-12-26T11:55:52+00:00","og_image":[{"width":499,"height":304,"url":"https:\/\/apuntesdesanluis.com\/wp-content\/uploads\/2023\/07\/TERRAZAS-AEREA-630x420-1.jpg","type":"image\/jpeg"}],"author":"apuntesdesanluis.com","twitter_card":"summary_large_image","twitter_misc":{"Escrito por":"apuntesdesanluis.com","Tiempo de lectura":"2 minutos"},"schema":{"@context":"https:\/\/schema.org","@graph":[{"@type":"Article","@id":"https:\/\/apuntesdesanluis.com\/index.php\/2023\/12\/26\/censo-3167-empleados-que-no-presentaron-sus-declaraciones-juradas-pueden-hacerlo-este-martes\/#article","isPartOf":{"@id":"https:\/\/apuntesdesanluis.com\/index.php\/2023\/12\/26\/censo-3167-empleados-que-no-presentaron-sus-declaraciones-juradas-pueden-hacerlo-este-martes\/"},"author":{"name":"apuntesdesanluis.com","@id":"https:\/\/apuntesdesanluis.com\/#\/schema\/person\/b55151d52296fcce64d1a72538a70b90"},"headline":"CENSO: 3167 EMPLEADOS QUE NO PRESENTARON SUS DECLARACIONES JURADAS PUEDEN HACERLO ESTE MARTES","datePublished":"2023-12-26T11:55:34+00:00","dateModified":"2023-12-26T11:55:52+00:00","mainEntityOfPage":{"@id":"https:\/\/apuntesdesanluis.com\/index.php\/2023\/12\/26\/censo-3167-empleados-que-no-presentaron-sus-declaraciones-juradas-pueden-hacerlo-este-martes\/"},"wordCount":271,"publisher":{"@id":"https:\/\/apuntesdesanluis.com\/#\/schema\/person\/b55151d52296fcce64d1a72538a70b90"},"image":{"@id":"https:\/\/apuntesdesanluis.com\/index.php\/2023\/12\/26\/censo-3167-empleados-que-no-presentaron-sus-declaraciones-juradas-pueden-hacerlo-este-martes\/#primaryimage"},"thumbnailUrl":"https:\/\/apuntesdesanluis.com\/wp-content\/uploads\/2023\/07\/TERRAZAS-AEREA-630x420-1.jpg","articleSection":["Ciudad\/Provincia"],"inLanguage":"es-AR"},{"@type":"WebPage","@id":"https:\/\/apuntesdesanluis.com\/index.php\/2023\/12\/26\/censo-3167-empleados-que-no-presentaron-sus-declaraciones-juradas-pueden-hacerlo-este-martes\/","url":"https:\/\/apuntesdesanluis.com\/index.php\/2023\/12\/26\/censo-3167-empleados-que-no-presentaron-sus-declaraciones-juradas-pueden-hacerlo-este-martes\/","name":"CENSO: 3167 EMPLEADOS QUE NO PRESENTARON SUS DECLARACIONES JURADAS PUEDEN HACERLO ESTE MARTES - Apuntes de San Luis","isPartOf":{"@id":"https:\/\/apuntesdesanluis.com\/#website"},"primaryImageOfPage":{"@id":"https:\/\/apuntesdesanluis.com\/index.php\/2023\/12\/26\/censo-3167-empleados-que-no-presentaron-sus-declaraciones-juradas-pueden-hacerlo-este-martes\/#primaryimage"},"image":{"@id":"https:\/\/apuntesdesanluis.com\/index.php\/2023\/12\/26\/censo-3167-empleados-que-no-presentaron-sus-declaraciones-juradas-pueden-hacerlo-este-martes\/#primaryimage"},"thumbnailUrl":"https:\/\/apuntesdesanluis.com\/wp-content\/uploads\/2023\/07\/TERRAZAS-AEREA-630x420-1.jpg","datePublished":"2023-12-26T11:55:34+00:00","dateModified":"2023-12-26T11:55:52+00:00","breadcrumb":{"@id":"https:\/\/apuntesdesanluis.com\/index.php\/2023\/12\/26\/censo-3167-empleados-que-no-presentaron-sus-declaraciones-juradas-pueden-hacerlo-este-martes\/#breadcrumb"},"inLanguage":"es-AR","potentialAction":[{"@type":"ReadAction","target":["https:\/\/apuntesdesanluis.com\/index.php\/2023\/12\/26\/censo-3167-empleados-que-no-presentaron-sus-declaraciones-juradas-pueden-hacerlo-este-martes\/"]}]},{"@type":"ImageObject","inLanguage":"es-AR","@id":"https:\/\/apuntesdesanluis.com\/index.php\/2023\/12\/26\/censo-3167-empleados-que-no-presentaron-sus-declaraciones-juradas-pueden-hacerlo-este-martes\/#primaryimage","url":"https:\/\/apuntesdesanluis.com\/wp-content\/uploads\/2023\/07\/TERRAZAS-AEREA-630x420-1.jpg","contentUrl":"https:\/\/apuntesdesanluis.com\/wp-content\/uploads\/2023\/07\/TERRAZAS-AEREA-630x420-1.jpg","width":499,"height":304},{"@type":"BreadcrumbList","@id":"https:\/\/apuntesdesanluis.com\/index.php\/2023\/12\/26\/censo-3167-empleados-que-no-presentaron-sus-declaraciones-juradas-pueden-hacerlo-este-martes\/#breadcrumb","itemListElement":[{"@type":"ListItem","position":1,"name":"Inicio","item":"https:\/\/apuntesdesanluis.com\/"},{"@type":"ListItem","position":2,"name":"CENSO: 3167 EMPLEADOS QUE NO PRESENTARON SUS DECLARACIONES JURADAS PUEDEN HACERLO ESTE MARTES"}]},{"@type":"WebSite","@id":"https:\/\/apuntesdesanluis.com\/#website","url":"https:\/\/apuntesdesanluis.com\/","name":"Apuntes de San Luis","description":"","publisher":{"@id":"https:\/\/apuntesdesanluis.com\/#\/schema\/person\/b55151d52296fcce64d1a72538a70b90"},"potentialAction":[{"@type":"SearchAction","target":{"@type":"EntryPoint","urlTemplate":"https:\/\/apuntesdesanluis.com\/?s={search_term_string}"},"query-input":{"@type":"PropertyValueSpecification","valueRequired":true,"valueName":"search_term_string"}}],"inLanguage":"es-AR"},{"@type":["Person","Organization"],"@id":"https:\/\/apuntesdesanluis.com\/#\/schema\/person\/b55151d52296fcce64d1a72538a70b90","name":"apuntesdesanluis.com","image":{"@type":"ImageObject","inLanguage":"es-AR","@id":"https:\/\/apuntesdesanluis.com\/#\/schema\/person\/image\/","url":"https:\/\/apuntesdesanluis.com\/wp-content\/uploads\/2023\/07\/cropped-apuntesdesanluis.png","contentUrl":"https:\/\/apuntesdesanluis.com\/wp-content\/uploads\/2023\/07\/cropped-apuntesdesanluis.png","width":450,"height":112,"caption":"apuntesdesanluis.com"},"logo":{"@id":"https:\/\/apuntesdesanluis.com\/#\/schema\/person\/image\/"},"sameAs":["https:\/\/apuntesdesanluis.com"],"url":"https:\/\/apuntesdesanluis.com\/index.php\/author\/apuntesdesanluis-com\/"}]}},"featured_image_urls":{"full":["https:\/\/apuntesdesanluis.com\/wp-content\/uploads\/2023\/07\/TERRAZAS-AEREA-630x420-1.jpg",499,304,false],"thumbnail":["https:\/\/apuntesdesanluis.com\/wp-content\/uploads\/2023\/07\/TERRAZAS-AEREA-630x420-1-150x150.jpg",150,150,true],"medium":["https:\/\/apuntesdesanluis.com\/wp-content\/uploads\/2023\/07\/TERRAZAS-AEREA-630x420-1-300x183.jpg",300,183,true],"medium_large":["https:\/\/apuntesdesanluis.com\/wp-content\/uploads\/2023\/07\/TERRAZAS-AEREA-630x420-1.jpg",499,304,false],"large":["https:\/\/apuntesdesanluis.com\/wp-content\/uploads\/2023\/07\/TERRAZAS-AEREA-630x420-1.jpg",499,304,false],"1536x1536":["https:\/\/apuntesdesanluis.com\/wp-content\/uploads\/2023\/07\/TERRAZAS-AEREA-630x420-1.jpg",499,304,false],"2048x2048":["https:\/\/apuntesdesanluis.com\/wp-content\/uploads\/2023\/07\/TERRAZAS-AEREA-630x420-1.jpg",499,304,false],"newsever-slider-full":["https:\/\/apuntesdesanluis.com\/wp-content\/uploads\/2023\/07\/TERRAZAS-AEREA-630x420-1.jpg",499,304,false],"newsever-featured":["https:\/\/apuntesdesanluis.com\/wp-content\/uploads\/2023\/07\/TERRAZAS-AEREA-630x420-1.jpg",499,304,false],"newsever-medium":["https:\/\/apuntesdesanluis.com\/wp-content\/uploads\/2023\/07\/TERRAZAS-AEREA-630x420-1.jpg",499,304,false]},"author_info":{"display_name":"apuntesdesanluis.com","author_link":"https:\/\/apuntesdesanluis.com\/index.php\/author\/apuntesdesanluis-com\/"},"category_info":"<a href=\"https:\/\/apuntesdesanluis.com\/index.php\/category\/ciudad-provincia\/\" rel=\"category tag\">Ciudad\/Provincia<\/a>","tag_info":"Ciudad\/Provincia","comment_count":"0","_links":{"self":[{"href":"https:\/\/apuntesdesanluis.com\/index.php\/wp-json\/wp\/v2\/posts\/8979","targetHints":{"allow":["GET"]}}],"collection":[{"href":"https:\/\/apuntesdesanluis.com\/index.php\/wp-json\/wp\/v2\/posts"}],"about":[{"href":"https:\/\/apuntesdesanluis.com\/index.php\/wp-json\/wp\/v2\/types\/post"}],"author":[{"embeddable":true,"href":"https:\/\/apuntesdesanluis.com\/index.php\/wp-json\/wp\/v2\/users\/1"}],"replies":[{"embeddable":true,"href":"https:\/\/apuntesdesanluis.com\/index.php\/wp-json\/wp\/v2\/comments?post=8979"}],"version-history":[{"count":2,"href":"https:\/\/apuntesdesanluis.com\/index.php\/wp-json\/wp\/v2\/posts\/8979\/revisions"}],"predecessor-version":[{"id":8981,"href":"https:\/\/apuntesdesanluis.com\/index.php\/wp-json\/wp\/v2\/posts\/8979\/revisions\/8981"}],"wp:featuredmedia":[{"embeddable":true,"href":"https:\/\/apuntesdesanluis.com\/index.php\/wp-json\/wp\/v2\/media\/288"}],"wp:attachment":[{"href":"https:\/\/apuntesdesanluis.com\/index.php\/wp-json\/wp\/v2\/media?parent=8979"}],"wp:term":[{"taxonomy":"category","embeddable":true,"href":"https:\/\/apuntesdesanluis.com\/index.php\/wp-json\/wp\/v2\/categories?post=8979"},{"taxonomy":"post_tag","embeddable":true,"href":"https:\/\/apuntesdesanluis.com\/index.php\/wp-json\/wp\/v2\/tags?post=8979"}],"curies":[{"name":"wp","href":"https:\/\/api.w.org\/{rel}","templated":true}]}}