{"id":8986,"date":"2023-12-26T20:47:58","date_gmt":"2023-12-26T23:47:58","guid":{"rendered":"https:\/\/apuntesdesanluis.com\/?p=8986"},"modified":"2023-12-26T20:47:58","modified_gmt":"2023-12-26T23:47:58","slug":"formularon-cargos-al-hombre-que-hirio-a-la-nena-de-7-anos","status":"publish","type":"post","link":"https:\/\/apuntesdesanluis.com\/index.php\/2023\/12\/26\/formularon-cargos-al-hombre-que-hirio-a-la-nena-de-7-anos\/","title":{"rendered":"FORMULARON CARGOS AL HOMBRE QUE HIRI\u00d3 A LA NENA DE 7 A\u00d1OS"},"content":{"rendered":"<h3>El Juez tuvo por admitido los cargos formulados por fiscal\u00eda y dispuso medidas cautelares.<\/h3>\n<h3>Este martes, se desarroll\u00f3 en el marco de una investigaci\u00f3n por el delito de abuso de arma, una audiencia en donde se resolvi\u00f3 sobre la formulaci\u00f3n de cargos y las medidas cautelares. La misma se realiz\u00f3 en el Juzgado de Garant\u00eda N\u00ba 2 a cargo del Dr. Mat\u00edas Farinazzo Tempestini, intervino como secretario el Dr. Ignacio Esquerre.<\/h3>\n<h3>Habiendo vencido la pr\u00f3rroga de detenci\u00f3n, la defensa \u2013 ejercida por el Dr. Flavio \u00c1vila \u2013 solicit\u00f3 la libertad y expres\u00f3 que, atento la formulaci\u00f3n de cargos y a la escala penal del delito no se deber\u00eda aplicar una medida gravosa, agreg\u00f3 que no existe peligro de fuga ni riesgo procesal y que su defendido tiene trabajo estable, es padre de familia, todos factores que acreditan y justifican el arraigo.<\/h3>\n<h3>El Dr. Maximiliano Bazla \u2013Fiscal de Instrucci\u00f3n- por su parte solicit\u00f3 al Juez que se expida por la resoluci\u00f3n de formulaci\u00f3n de cargo. En ese sentido, el Dr. Farinazzo Tempestini consider\u00f3 que conforme la naturaleza de la audiencia y cumpliendo con la finalidad del derecho de defensa, tuvo por admitido los cargos.<\/h3>\n<h3>En relaci\u00f3n a la solicitud de medida cautelares, la fiscal\u00eda esgrimi\u00f3 que teniendo en cuenta la investigaci\u00f3n realizada estos d\u00edas de pr\u00f3rroga y la confirmaci\u00f3n de que el imputado tiene arraigo, la escala penal, no tiene antecedentes y a los fines de prevenir y evitar futuros conflictos de vecinos que originaron el hecho, solicit\u00f3: cese de agresi\u00f3n y hostigamiento, prohibici\u00f3n de contacto por cualquier medio y una prohibici\u00f3n de acercamiento de ambas partes. La defensa adhiri\u00f3 a lo solicitado por la fiscal\u00eda.<\/h3>\n<h3>El magistrado tuvo por admitido los cargos por considerarlo autor del delito de abuso de arma de fuego (art. 104). Y dispuso que las medidas sean por 120 d\u00edas y rec\u00edprocas entre el imputado y la familia vecina, quienes tendr\u00edan un conflicto que habr\u00eda generado el hecho endilgado.<\/h3>\n<h3>HECHOS<\/h3>\n<h3>El Ministerio P\u00fablico Fiscal de la Segunda Circunscripci\u00f3n Judicial investiga un hecho ocurrido el pasado 16 de diciembre en el Barrio Eva Per\u00f3n II de Villa Mercedes.<\/h3>\n<h3>La fiscal\u00eda formul\u00f3 cargos por el delito de abuso de arma de fuego (art. 104 1er p\u00e1rrafo) a un hombre de 37 a\u00f1os. El fiscal relat\u00f3 que el pasado 16 de diciembre, entre las 13:15 hs y 13:20hs aproximadamente, el imputado mediante la utilizaci\u00f3n de arma de fuego, dispar\u00f3 hacia un inmueble ubicado en calle Prof. Hamann y Amaro Gal\u00e1n \u2013donde funciona un merendero-, el cual impact\u00f3 en el brazo de una ni\u00f1a de siete a\u00f1os.<\/h3>\n<h3>El fiscal mencion\u00f3 que el disparo no provoc\u00f3 lesiones graves, no ingres\u00f3 en la cavidad tor\u00e1xica de la ni\u00f1a y que no toc\u00f3 huesos, \u00f3rganos ni arterias.\u00a0 El ingreso de la bala fue de abajo hacia arriba.<\/h3>\n<h3>Por otro lado agreg\u00f3 que, seg\u00fan las investigaciones, ese d\u00eda el imputado mantuvo una discusi\u00f3n en la calle con un vecino \u2013que vive en el domicilio hacia donde se efectu\u00f3 el disparo- y que la acci\u00f3n de disparar se realiz\u00f3 con el fin de amenazar, amedrantar, y que no hubo intenci\u00f3n de causar muerte ni lesi\u00f3n.<\/h3>\n<h3>Para mayor informaci\u00f3n, ingrese al siguiente enlace: <span style=\"color: #3366ff;\"><a style=\"color: #3366ff;\" href=\"https:\/\/www.periodicojudicial.gov.ar\/abuso-de-arma-audiencia-de-formulacion-de-cargos\/\">https:\/\/www.periodicojudicial.gov.ar\/abuso-de-arma-audiencia-de-formulacion-de-cargos\/<\/a><\/span><\/h3>\n<p>&nbsp;<\/p>\n<p>&nbsp;<\/p>\n<p>&nbsp;<\/p>\n<p>&nbsp;<\/p>\n","protected":false},"excerpt":{"rendered":"<p>El Juez tuvo por admitido los cargos formulados por fiscal\u00eda y dispuso medidas cautelares. Este&#8230;<\/p>\n","protected":false},"author":1,"featured_media":8987,"comment_status":"closed","ping_status":"closed","sticky":false,"template":"","format":"standard","meta":{"footnotes":""},"categories":[6],"tags":[],"class_list":["post-8986","post","type-post","status-publish","format-standard","has-post-thumbnail","hentry","category-ciudad-provincia"],"yoast_head":"<!-- This site is optimized with the Yoast SEO plugin v26.1.1 - https:\/\/yoast.com\/wordpress\/plugins\/seo\/ -->\n<title>FORMULARON CARGOS AL HOMBRE QUE HIRI\u00d3 A LA NENA DE 7 A\u00d1OS - Apuntes de San Luis<\/title>\n<meta name=\"robots\" content=\"index, follow, max-snippet:-1, max-image-preview:large, max-video-preview:-1\" \/>\n<link rel=\"canonical\" href=\"https:\/\/apuntesdesanluis.com\/index.php\/2023\/12\/26\/formularon-cargos-al-hombre-que-hirio-a-la-nena-de-7-anos\/\" \/>\n<meta property=\"og:locale\" content=\"es_ES\" \/>\n<meta property=\"og:type\" content=\"article\" \/>\n<meta property=\"og:title\" content=\"FORMULARON CARGOS AL HOMBRE QUE HIRI\u00d3 A LA NENA DE 7 A\u00d1OS - Apuntes de San Luis\" \/>\n<meta property=\"og:description\" content=\"El Juez tuvo por admitido los cargos formulados por fiscal\u00eda y dispuso medidas cautelares. Este...\" \/>\n<meta property=\"og:url\" content=\"https:\/\/apuntesdesanluis.com\/index.php\/2023\/12\/26\/formularon-cargos-al-hombre-que-hirio-a-la-nena-de-7-anos\/\" \/>\n<meta property=\"og:site_name\" content=\"Apuntes de San Luis\" \/>\n<meta property=\"article:published_time\" content=\"2023-12-26T23:47:58+00:00\" \/>\n<meta property=\"og:image\" content=\"https:\/\/apuntesdesanluis.com\/wp-content\/uploads\/2023\/12\/AUDIENCIA-10.png\" \/>\n\t<meta property=\"og:image:width\" content=\"600\" \/>\n\t<meta property=\"og:image:height\" content=\"376\" \/>\n\t<meta property=\"og:image:type\" content=\"image\/png\" \/>\n<meta name=\"author\" content=\"apuntesdesanluis.com\" \/>\n<meta name=\"twitter:card\" content=\"summary_large_image\" \/>\n<meta name=\"twitter:label1\" content=\"Escrito por\" \/>\n\t<meta name=\"twitter:data1\" content=\"apuntesdesanluis.com\" \/>\n\t<meta name=\"twitter:label2\" content=\"Tiempo de lectura\" \/>\n\t<meta name=\"twitter:data2\" content=\"3 minutos\" \/>\n<script type=\"application\/ld+json\" class=\"yoast-schema-graph\">{\"@context\":\"https:\/\/schema.org\",\"@graph\":[{\"@type\":\"Article\",\"@id\":\"https:\/\/apuntesdesanluis.com\/index.php\/2023\/12\/26\/formularon-cargos-al-hombre-que-hirio-a-la-nena-de-7-anos\/#article\",\"isPartOf\":{\"@id\":\"https:\/\/apuntesdesanluis.com\/index.php\/2023\/12\/26\/formularon-cargos-al-hombre-que-hirio-a-la-nena-de-7-anos\/\"},\"author\":{\"name\":\"apuntesdesanluis.com\",\"@id\":\"https:\/\/apuntesdesanluis.com\/#\/schema\/person\/b55151d52296fcce64d1a72538a70b90\"},\"headline\":\"FORMULARON CARGOS AL HOMBRE QUE HIRI\u00d3 A LA NENA DE 7 A\u00d1OS\",\"datePublished\":\"2023-12-26T23:47:58+00:00\",\"mainEntityOfPage\":{\"@id\":\"https:\/\/apuntesdesanluis.com\/index.php\/2023\/12\/26\/formularon-cargos-al-hombre-que-hirio-a-la-nena-de-7-anos\/\"},\"wordCount\":584,\"publisher\":{\"@id\":\"https:\/\/apuntesdesanluis.com\/#\/schema\/person\/b55151d52296fcce64d1a72538a70b90\"},\"image\":{\"@id\":\"https:\/\/apuntesdesanluis.com\/index.php\/2023\/12\/26\/formularon-cargos-al-hombre-que-hirio-a-la-nena-de-7-anos\/#primaryimage\"},\"thumbnailUrl\":\"https:\/\/apuntesdesanluis.com\/wp-content\/uploads\/2023\/12\/AUDIENCIA-10.png\",\"articleSection\":[\"Ciudad\/Provincia\"],\"inLanguage\":\"es-AR\"},{\"@type\":\"WebPage\",\"@id\":\"https:\/\/apuntesdesanluis.com\/index.php\/2023\/12\/26\/formularon-cargos-al-hombre-que-hirio-a-la-nena-de-7-anos\/\",\"url\":\"https:\/\/apuntesdesanluis.com\/index.php\/2023\/12\/26\/formularon-cargos-al-hombre-que-hirio-a-la-nena-de-7-anos\/\",\"name\":\"FORMULARON CARGOS AL HOMBRE QUE HIRI\u00d3 A LA NENA DE 7 A\u00d1OS - Apuntes de San Luis\",\"isPartOf\":{\"@id\":\"https:\/\/apuntesdesanluis.com\/#website\"},\"primaryImageOfPage\":{\"@id\":\"https:\/\/apuntesdesanluis.com\/index.php\/2023\/12\/26\/formularon-cargos-al-hombre-que-hirio-a-la-nena-de-7-anos\/#primaryimage\"},\"image\":{\"@id\":\"https:\/\/apuntesdesanluis.com\/index.php\/2023\/12\/26\/formularon-cargos-al-hombre-que-hirio-a-la-nena-de-7-anos\/#primaryimage\"},\"thumbnailUrl\":\"https:\/\/apuntesdesanluis.com\/wp-content\/uploads\/2023\/12\/AUDIENCIA-10.png\",\"datePublished\":\"2023-12-26T23:47:58+00:00\",\"breadcrumb\":{\"@id\":\"https:\/\/apuntesdesanluis.com\/index.php\/2023\/12\/26\/formularon-cargos-al-hombre-que-hirio-a-la-nena-de-7-anos\/#breadcrumb\"},\"inLanguage\":\"es-AR\",\"potentialAction\":[{\"@type\":\"ReadAction\",\"target\":[\"https:\/\/apuntesdesanluis.com\/index.php\/2023\/12\/26\/formularon-cargos-al-hombre-que-hirio-a-la-nena-de-7-anos\/\"]}]},{\"@type\":\"ImageObject\",\"inLanguage\":\"es-AR\",\"@id\":\"https:\/\/apuntesdesanluis.com\/index.php\/2023\/12\/26\/formularon-cargos-al-hombre-que-hirio-a-la-nena-de-7-anos\/#primaryimage\",\"url\":\"https:\/\/apuntesdesanluis.com\/wp-content\/uploads\/2023\/12\/AUDIENCIA-10.png\",\"contentUrl\":\"https:\/\/apuntesdesanluis.com\/wp-content\/uploads\/2023\/12\/AUDIENCIA-10.png\",\"width\":600,\"height\":376},{\"@type\":\"BreadcrumbList\",\"@id\":\"https:\/\/apuntesdesanluis.com\/index.php\/2023\/12\/26\/formularon-cargos-al-hombre-que-hirio-a-la-nena-de-7-anos\/#breadcrumb\",\"itemListElement\":[{\"@type\":\"ListItem\",\"position\":1,\"name\":\"Inicio\",\"item\":\"https:\/\/apuntesdesanluis.com\/\"},{\"@type\":\"ListItem\",\"position\":2,\"name\":\"FORMULARON CARGOS AL HOMBRE QUE HIRI\u00d3 A LA NENA DE 7 A\u00d1OS\"}]},{\"@type\":\"WebSite\",\"@id\":\"https:\/\/apuntesdesanluis.com\/#website\",\"url\":\"https:\/\/apuntesdesanluis.com\/\",\"name\":\"Apuntes de San Luis\",\"description\":\"\",\"publisher\":{\"@id\":\"https:\/\/apuntesdesanluis.com\/#\/schema\/person\/b55151d52296fcce64d1a72538a70b90\"},\"potentialAction\":[{\"@type\":\"SearchAction\",\"target\":{\"@type\":\"EntryPoint\",\"urlTemplate\":\"https:\/\/apuntesdesanluis.com\/?s={search_term_string}\"},\"query-input\":{\"@type\":\"PropertyValueSpecification\",\"valueRequired\":true,\"valueName\":\"search_term_string\"}}],\"inLanguage\":\"es-AR\"},{\"@type\":[\"Person\",\"Organization\"],\"@id\":\"https:\/\/apuntesdesanluis.com\/#\/schema\/person\/b55151d52296fcce64d1a72538a70b90\",\"name\":\"apuntesdesanluis.com\",\"image\":{\"@type\":\"ImageObject\",\"inLanguage\":\"es-AR\",\"@id\":\"https:\/\/apuntesdesanluis.com\/#\/schema\/person\/image\/\",\"url\":\"https:\/\/apuntesdesanluis.com\/wp-content\/uploads\/2023\/07\/cropped-apuntesdesanluis.png\",\"contentUrl\":\"https:\/\/apuntesdesanluis.com\/wp-content\/uploads\/2023\/07\/cropped-apuntesdesanluis.png\",\"width\":450,\"height\":112,\"caption\":\"apuntesdesanluis.com\"},\"logo\":{\"@id\":\"https:\/\/apuntesdesanluis.com\/#\/schema\/person\/image\/\"},\"sameAs\":[\"https:\/\/apuntesdesanluis.com\"],\"url\":\"https:\/\/apuntesdesanluis.com\/index.php\/author\/apuntesdesanluis-com\/\"}]}<\/script>\n<!-- \/ Yoast SEO plugin. -->","yoast_head_json":{"title":"FORMULARON CARGOS AL HOMBRE QUE HIRI\u00d3 A LA NENA DE 7 A\u00d1OS - Apuntes de San Luis","robots":{"index":"index","follow":"follow","max-snippet":"max-snippet:-1","max-image-preview":"max-image-preview:large","max-video-preview":"max-video-preview:-1"},"canonical":"https:\/\/apuntesdesanluis.com\/index.php\/2023\/12\/26\/formularon-cargos-al-hombre-que-hirio-a-la-nena-de-7-anos\/","og_locale":"es_ES","og_type":"article","og_title":"FORMULARON CARGOS AL HOMBRE QUE HIRI\u00d3 A LA NENA DE 7 A\u00d1OS - Apuntes de San Luis","og_description":"El Juez tuvo por admitido los cargos formulados por fiscal\u00eda y dispuso medidas cautelares. Este...","og_url":"https:\/\/apuntesdesanluis.com\/index.php\/2023\/12\/26\/formularon-cargos-al-hombre-que-hirio-a-la-nena-de-7-anos\/","og_site_name":"Apuntes de San Luis","article_published_time":"2023-12-26T23:47:58+00:00","og_image":[{"width":600,"height":376,"url":"https:\/\/apuntesdesanluis.com\/wp-content\/uploads\/2023\/12\/AUDIENCIA-10.png","type":"image\/png"}],"author":"apuntesdesanluis.com","twitter_card":"summary_large_image","twitter_misc":{"Escrito por":"apuntesdesanluis.com","Tiempo de lectura":"3 minutos"},"schema":{"@context":"https:\/\/schema.org","@graph":[{"@type":"Article","@id":"https:\/\/apuntesdesanluis.com\/index.php\/2023\/12\/26\/formularon-cargos-al-hombre-que-hirio-a-la-nena-de-7-anos\/#article","isPartOf":{"@id":"https:\/\/apuntesdesanluis.com\/index.php\/2023\/12\/26\/formularon-cargos-al-hombre-que-hirio-a-la-nena-de-7-anos\/"},"author":{"name":"apuntesdesanluis.com","@id":"https:\/\/apuntesdesanluis.com\/#\/schema\/person\/b55151d52296fcce64d1a72538a70b90"},"headline":"FORMULARON CARGOS AL HOMBRE QUE HIRI\u00d3 A LA NENA DE 7 A\u00d1OS","datePublished":"2023-12-26T23:47:58+00:00","mainEntityOfPage":{"@id":"https:\/\/apuntesdesanluis.com\/index.php\/2023\/12\/26\/formularon-cargos-al-hombre-que-hirio-a-la-nena-de-7-anos\/"},"wordCount":584,"publisher":{"@id":"https:\/\/apuntesdesanluis.com\/#\/schema\/person\/b55151d52296fcce64d1a72538a70b90"},"image":{"@id":"https:\/\/apuntesdesanluis.com\/index.php\/2023\/12\/26\/formularon-cargos-al-hombre-que-hirio-a-la-nena-de-7-anos\/#primaryimage"},"thumbnailUrl":"https:\/\/apuntesdesanluis.com\/wp-content\/uploads\/2023\/12\/AUDIENCIA-10.png","articleSection":["Ciudad\/Provincia"],"inLanguage":"es-AR"},{"@type":"WebPage","@id":"https:\/\/apuntesdesanluis.com\/index.php\/2023\/12\/26\/formularon-cargos-al-hombre-que-hirio-a-la-nena-de-7-anos\/","url":"https:\/\/apuntesdesanluis.com\/index.php\/2023\/12\/26\/formularon-cargos-al-hombre-que-hirio-a-la-nena-de-7-anos\/","name":"FORMULARON CARGOS AL HOMBRE QUE HIRI\u00d3 A LA NENA DE 7 A\u00d1OS - Apuntes de San Luis","isPartOf":{"@id":"https:\/\/apuntesdesanluis.com\/#website"},"primaryImageOfPage":{"@id":"https:\/\/apuntesdesanluis.com\/index.php\/2023\/12\/26\/formularon-cargos-al-hombre-que-hirio-a-la-nena-de-7-anos\/#primaryimage"},"image":{"@id":"https:\/\/apuntesdesanluis.com\/index.php\/2023\/12\/26\/formularon-cargos-al-hombre-que-hirio-a-la-nena-de-7-anos\/#primaryimage"},"thumbnailUrl":"https:\/\/apuntesdesanluis.com\/wp-content\/uploads\/2023\/12\/AUDIENCIA-10.png","datePublished":"2023-12-26T23:47:58+00:00","breadcrumb":{"@id":"https:\/\/apuntesdesanluis.com\/index.php\/2023\/12\/26\/formularon-cargos-al-hombre-que-hirio-a-la-nena-de-7-anos\/#breadcrumb"},"inLanguage":"es-AR","potentialAction":[{"@type":"ReadAction","target":["https:\/\/apuntesdesanluis.com\/index.php\/2023\/12\/26\/formularon-cargos-al-hombre-que-hirio-a-la-nena-de-7-anos\/"]}]},{"@type":"ImageObject","inLanguage":"es-AR","@id":"https:\/\/apuntesdesanluis.com\/index.php\/2023\/12\/26\/formularon-cargos-al-hombre-que-hirio-a-la-nena-de-7-anos\/#primaryimage","url":"https:\/\/apuntesdesanluis.com\/wp-content\/uploads\/2023\/12\/AUDIENCIA-10.png","contentUrl":"https:\/\/apuntesdesanluis.com\/wp-content\/uploads\/2023\/12\/AUDIENCIA-10.png","width":600,"height":376},{"@type":"BreadcrumbList","@id":"https:\/\/apuntesdesanluis.com\/index.php\/2023\/12\/26\/formularon-cargos-al-hombre-que-hirio-a-la-nena-de-7-anos\/#breadcrumb","itemListElement":[{"@type":"ListItem","position":1,"name":"Inicio","item":"https:\/\/apuntesdesanluis.com\/"},{"@type":"ListItem","position":2,"name":"FORMULARON CARGOS AL HOMBRE QUE HIRI\u00d3 A LA NENA DE 7 A\u00d1OS"}]},{"@type":"WebSite","@id":"https:\/\/apuntesdesanluis.com\/#website","url":"https:\/\/apuntesdesanluis.com\/","name":"Apuntes de San Luis","description":"","publisher":{"@id":"https:\/\/apuntesdesanluis.com\/#\/schema\/person\/b55151d52296fcce64d1a72538a70b90"},"potentialAction":[{"@type":"SearchAction","target":{"@type":"EntryPoint","urlTemplate":"https:\/\/apuntesdesanluis.com\/?s={search_term_string}"},"query-input":{"@type":"PropertyValueSpecification","valueRequired":true,"valueName":"search_term_string"}}],"inLanguage":"es-AR"},{"@type":["Person","Organization"],"@id":"https:\/\/apuntesdesanluis.com\/#\/schema\/person\/b55151d52296fcce64d1a72538a70b90","name":"apuntesdesanluis.com","image":{"@type":"ImageObject","inLanguage":"es-AR","@id":"https:\/\/apuntesdesanluis.com\/#\/schema\/person\/image\/","url":"https:\/\/apuntesdesanluis.com\/wp-content\/uploads\/2023\/07\/cropped-apuntesdesanluis.png","contentUrl":"https:\/\/apuntesdesanluis.com\/wp-content\/uploads\/2023\/07\/cropped-apuntesdesanluis.png","width":450,"height":112,"caption":"apuntesdesanluis.com"},"logo":{"@id":"https:\/\/apuntesdesanluis.com\/#\/schema\/person\/image\/"},"sameAs":["https:\/\/apuntesdesanluis.com"],"url":"https:\/\/apuntesdesanluis.com\/index.php\/author\/apuntesdesanluis-com\/"}]}},"featured_image_urls":{"full":["https:\/\/apuntesdesanluis.com\/wp-content\/uploads\/2023\/12\/AUDIENCIA-10.png",600,376,false],"thumbnail":["https:\/\/apuntesdesanluis.com\/wp-content\/uploads\/2023\/12\/AUDIENCIA-10-150x150.png",150,150,true],"medium":["https:\/\/apuntesdesanluis.com\/wp-content\/uploads\/2023\/12\/AUDIENCIA-10-300x188.png",300,188,true],"medium_large":["https:\/\/apuntesdesanluis.com\/wp-content\/uploads\/2023\/12\/AUDIENCIA-10.png",600,376,false],"large":["https:\/\/apuntesdesanluis.com\/wp-content\/uploads\/2023\/12\/AUDIENCIA-10.png",600,376,false],"1536x1536":["https:\/\/apuntesdesanluis.com\/wp-content\/uploads\/2023\/12\/AUDIENCIA-10.png",600,376,false],"2048x2048":["https:\/\/apuntesdesanluis.com\/wp-content\/uploads\/2023\/12\/AUDIENCIA-10.png",600,376,false],"newsever-slider-full":["https:\/\/apuntesdesanluis.com\/wp-content\/uploads\/2023\/12\/AUDIENCIA-10.png",600,376,false],"newsever-featured":["https:\/\/apuntesdesanluis.com\/wp-content\/uploads\/2023\/12\/AUDIENCIA-10.png",600,376,false],"newsever-medium":["https:\/\/apuntesdesanluis.com\/wp-content\/uploads\/2023\/12\/AUDIENCIA-10.png",600,376,false]},"author_info":{"display_name":"apuntesdesanluis.com","author_link":"https:\/\/apuntesdesanluis.com\/index.php\/author\/apuntesdesanluis-com\/"},"category_info":"<a href=\"https:\/\/apuntesdesanluis.com\/index.php\/category\/ciudad-provincia\/\" rel=\"category tag\">Ciudad\/Provincia<\/a>","tag_info":"Ciudad\/Provincia","comment_count":"0","_links":{"self":[{"href":"https:\/\/apuntesdesanluis.com\/index.php\/wp-json\/wp\/v2\/posts\/8986","targetHints":{"allow":["GET"]}}],"collection":[{"href":"https:\/\/apuntesdesanluis.com\/index.php\/wp-json\/wp\/v2\/posts"}],"about":[{"href":"https:\/\/apuntesdesanluis.com\/index.php\/wp-json\/wp\/v2\/types\/post"}],"author":[{"embeddable":true,"href":"https:\/\/apuntesdesanluis.com\/index.php\/wp-json\/wp\/v2\/users\/1"}],"replies":[{"embeddable":true,"href":"https:\/\/apuntesdesanluis.com\/index.php\/wp-json\/wp\/v2\/comments?post=8986"}],"version-history":[{"count":1,"href":"https:\/\/apuntesdesanluis.com\/index.php\/wp-json\/wp\/v2\/posts\/8986\/revisions"}],"predecessor-version":[{"id":8988,"href":"https:\/\/apuntesdesanluis.com\/index.php\/wp-json\/wp\/v2\/posts\/8986\/revisions\/8988"}],"wp:featuredmedia":[{"embeddable":true,"href":"https:\/\/apuntesdesanluis.com\/index.php\/wp-json\/wp\/v2\/media\/8987"}],"wp:attachment":[{"href":"https:\/\/apuntesdesanluis.com\/index.php\/wp-json\/wp\/v2\/media?parent=8986"}],"wp:term":[{"taxonomy":"category","embeddable":true,"href":"https:\/\/apuntesdesanluis.com\/index.php\/wp-json\/wp\/v2\/categories?post=8986"},{"taxonomy":"post_tag","embeddable":true,"href":"https:\/\/apuntesdesanluis.com\/index.php\/wp-json\/wp\/v2\/tags?post=8986"}],"curies":[{"name":"wp","href":"https:\/\/api.w.org\/{rel}","templated":true}]}}