{"id":8989,"date":"2023-12-26T20:54:27","date_gmt":"2023-12-26T23:54:27","guid":{"rendered":"https:\/\/apuntesdesanluis.com\/?p=8989"},"modified":"2023-12-26T20:54:27","modified_gmt":"2023-12-26T23:54:27","slug":"araujo-confirmo-que-en-febrero-se-pagaran-las-estampillas-escolares","status":"publish","type":"post","link":"https:\/\/apuntesdesanluis.com\/index.php\/2023\/12\/26\/araujo-confirmo-que-en-febrero-se-pagaran-las-estampillas-escolares\/","title":{"rendered":"ARAUJO CONFIRM\u00d3 QUE EN FEBRERO SE PAGAR\u00c1N LAS ESTAMPILLAS ESCOLARES"},"content":{"rendered":"<h3><strong>Guillermo Araujo<\/strong>, el ministro de Educaci\u00f3n, se refiri\u00f3 en conferencia de prensa a diversos temas que tienen que ver con su \u00e1rea, y uno de los m\u00e1s importantes est\u00e1 referido a las estampillas escolares. Record\u00f3 que \u201cse cobr\u00f3 un adelanto debido a un cambio en la legislaci\u00f3n. Lo que siempre se abonaba en agosto, septiembre, octubre o noviembre, este a\u00f1o se adelant\u00f3 a mayo, antes de las elecciones. Ese mes, alrededor de 7.500 chicos cobraron un adelanto de 300 d\u00f3lares cada uno, con lo cual lo que est\u00e1 faltando abonar es el resto, que son el equivalente a 900 d\u00f3lares. Hasta el viernes pasado ten\u00edan tiempo los directivos para acreditar qui\u00e9nes eran los chicos que estaban en condiciones de cobrar esas estampillas porque hab\u00edan concluido con los estudios, porque algunos todav\u00eda est\u00e1n con materias previas\u201d.<\/h3>\n<h3>Araujo aclar\u00f3 que \u201cson 3.226 los que se han acreditado hasta la fecha tope, con lo cual ahora vamos a empezar con las corroboraciones y las acreditaciones, por lo que estaremos abonando en la primera semana de febrero el saldo para los que terminaron la secundaria. Son unos 3.000 millones de pesos\u201d.<\/h3>\n<h3>En cuanto a la Beca al M\u00e9rito, el Ministro dijo que va a seguir: \u201cEs una pol\u00edtica que hay que recuperar m\u00e1s all\u00e1 del valor econ\u00f3mico, queremos volver a resaltar algo clave en la educaci\u00f3n que es el m\u00e9rito\u201d.<\/h3>\n<p><iframe title=\"Guillermo Araujo, ministro de Educaci\u00f3n\" width=\"640\" height=\"360\" src=\"https:\/\/www.youtube.com\/embed\/lm_RUn-n78w?feature=oembed\" frameborder=\"0\" allow=\"accelerometer; autoplay; clipboard-write; encrypted-media; gyroscope; picture-in-picture; web-share\" referrerpolicy=\"strict-origin-when-cross-origin\" allowfullscreen><\/iframe><\/p>\n<h3>Luego se refiri\u00f3 a la reuni\u00f3n del \u00faltimo s\u00e1bado con directivos de escuelas p\u00fablicas de gesti\u00f3n privada. \u201cEl motivo fue conocernos, charlar, escucharnos. Fue un encuentro muy bien recibido y celebraron que, a pocos d\u00edas de haber asumido, el nuevo gobierno los convoco para hablar\u201d.<\/h3>\n<h3>Sobre el aumento de los subsidios al 90% para todas las escuelas que otorg\u00f3 la administraci\u00f3n saliente poco antes de irse, Araujo les remarc\u00f3 \u201cla situaci\u00f3n financiera dif\u00edcil y complicada que est\u00e1 pasando la provincia, tambi\u00e9n que ese aporte no est\u00e1 previsto en el presupuesto del a\u00f1o 2024, ya que fue una medida que no tuvo la intenci\u00f3n de que sea para siempre, sino por estos tres meses nada m\u00e1s. Pero as\u00ed todo, el Gobernador les transmiti\u00f3 la tranquilidad de que se iba a hacer el esfuerzo para mantener ese aporte, rediscutiendo el convenio\u201d.<\/h3>\n<h3>En cuanto a la l\u00f3gica preocupaci\u00f3n que tienen los padres con respecto a las cuotas, el funcionario aclar\u00f3 que \u201ceso depende de cada instituci\u00f3n, recordemos que cada una es aut\u00f3noma y decide el destino de los fondos. La diferencia entre lo que recib\u00edan y la generalizaci\u00f3n en el 90% son unos 2.000 millones al a\u00f1o, es un monto importante que adem\u00e1s no estaba pensado para mejorar la educaci\u00f3n\u201d.<\/h3>\n<h3>Araujo continu\u00f3: \u201cEntonces habr\u00e1 que hacer el esfuerzo de buscar esos fondos en otras partidas presupuestarias para poder cumplir con ese 90%. Sabemos que es inversi\u00f3n en educaci\u00f3n, que este gobierno, como lo ha manifestado Claudio Poggi, va a volver a poner la educaci\u00f3n en el centro de las pol\u00edticas p\u00fablicas. Los que decidieron ese aumento hab\u00edan pensado en otra cosa, por eso vamos a rediscutir este decreto para que esos fondos vayan destinados a cuestiones que mejoren realmente la educaci\u00f3n\u201d.<\/h3>\n<h3>Y puso como ejemplo, \u201cla capacitaci\u00f3n docente, algunas actividades con los chicos y por supuesto, tambi\u00e9n estar\u00e1 dirigido a cuestiones salariales. Son aspectos que vamos a discutir individualmente con cada una de las instituciones\u201d.<\/h3>\n<h3>En el final, descart\u00f3 que haya empezado a haber despido de docentes. \u201cVengo a traer tranquilidad, por eso el subsidio se va a mantener al 90%, de all\u00ed la premura en hacer la reuni\u00f3n con las escuelas p\u00fablicas de gesti\u00f3n privada\u201d.<\/h3>\n","protected":false},"excerpt":{"rendered":"<p>Guillermo Araujo, el ministro de Educaci\u00f3n, se refiri\u00f3 en conferencia de prensa a diversos temas&#8230;<\/p>\n","protected":false},"author":1,"featured_media":8990,"comment_status":"closed","ping_status":"closed","sticky":false,"template":"","format":"standard","meta":{"footnotes":""},"categories":[6],"tags":[],"class_list":["post-8989","post","type-post","status-publish","format-standard","has-post-thumbnail","hentry","category-ciudad-provincia"],"yoast_head":"<!-- This site is optimized with the Yoast SEO plugin v26.1.1 - https:\/\/yoast.com\/wordpress\/plugins\/seo\/ -->\n<title>ARAUJO CONFIRM\u00d3 QUE EN FEBRERO SE PAGAR\u00c1N LAS ESTAMPILLAS ESCOLARES - Apuntes de San Luis<\/title>\n<meta name=\"robots\" content=\"index, follow, max-snippet:-1, max-image-preview:large, max-video-preview:-1\" \/>\n<link rel=\"canonical\" href=\"https:\/\/apuntesdesanluis.com\/index.php\/2023\/12\/26\/araujo-confirmo-que-en-febrero-se-pagaran-las-estampillas-escolares\/\" \/>\n<meta property=\"og:locale\" content=\"es_ES\" \/>\n<meta property=\"og:type\" content=\"article\" \/>\n<meta property=\"og:title\" content=\"ARAUJO CONFIRM\u00d3 QUE EN FEBRERO SE PAGAR\u00c1N LAS ESTAMPILLAS ESCOLARES - Apuntes de San Luis\" \/>\n<meta property=\"og:description\" content=\"Guillermo Araujo, el ministro de Educaci\u00f3n, se refiri\u00f3 en conferencia de prensa a diversos temas...\" \/>\n<meta property=\"og:url\" content=\"https:\/\/apuntesdesanluis.com\/index.php\/2023\/12\/26\/araujo-confirmo-que-en-febrero-se-pagaran-las-estampillas-escolares\/\" \/>\n<meta property=\"og:site_name\" content=\"Apuntes de San Luis\" \/>\n<meta property=\"article:published_time\" content=\"2023-12-26T23:54:27+00:00\" \/>\n<meta property=\"og:image\" content=\"https:\/\/apuntesdesanluis.com\/wp-content\/uploads\/2023\/12\/guillermo-araujo.png\" \/>\n\t<meta property=\"og:image:width\" content=\"600\" \/>\n\t<meta property=\"og:image:height\" content=\"346\" \/>\n\t<meta property=\"og:image:type\" content=\"image\/png\" \/>\n<meta name=\"author\" content=\"apuntesdesanluis.com\" \/>\n<meta name=\"twitter:card\" content=\"summary_large_image\" \/>\n<meta name=\"twitter:label1\" content=\"Escrito por\" \/>\n\t<meta name=\"twitter:data1\" content=\"apuntesdesanluis.com\" \/>\n\t<meta name=\"twitter:label2\" content=\"Tiempo de lectura\" \/>\n\t<meta name=\"twitter:data2\" content=\"3 minutos\" \/>\n<script type=\"application\/ld+json\" class=\"yoast-schema-graph\">{\"@context\":\"https:\/\/schema.org\",\"@graph\":[{\"@type\":\"Article\",\"@id\":\"https:\/\/apuntesdesanluis.com\/index.php\/2023\/12\/26\/araujo-confirmo-que-en-febrero-se-pagaran-las-estampillas-escolares\/#article\",\"isPartOf\":{\"@id\":\"https:\/\/apuntesdesanluis.com\/index.php\/2023\/12\/26\/araujo-confirmo-que-en-febrero-se-pagaran-las-estampillas-escolares\/\"},\"author\":{\"name\":\"apuntesdesanluis.com\",\"@id\":\"https:\/\/apuntesdesanluis.com\/#\/schema\/person\/b55151d52296fcce64d1a72538a70b90\"},\"headline\":\"ARAUJO CONFIRM\u00d3 QUE EN FEBRERO SE PAGAR\u00c1N LAS ESTAMPILLAS ESCOLARES\",\"datePublished\":\"2023-12-26T23:54:27+00:00\",\"mainEntityOfPage\":{\"@id\":\"https:\/\/apuntesdesanluis.com\/index.php\/2023\/12\/26\/araujo-confirmo-que-en-febrero-se-pagaran-las-estampillas-escolares\/\"},\"wordCount\":647,\"publisher\":{\"@id\":\"https:\/\/apuntesdesanluis.com\/#\/schema\/person\/b55151d52296fcce64d1a72538a70b90\"},\"image\":{\"@id\":\"https:\/\/apuntesdesanluis.com\/index.php\/2023\/12\/26\/araujo-confirmo-que-en-febrero-se-pagaran-las-estampillas-escolares\/#primaryimage\"},\"thumbnailUrl\":\"https:\/\/apuntesdesanluis.com\/wp-content\/uploads\/2023\/12\/guillermo-araujo.png\",\"articleSection\":[\"Ciudad\/Provincia\"],\"inLanguage\":\"es-AR\"},{\"@type\":\"WebPage\",\"@id\":\"https:\/\/apuntesdesanluis.com\/index.php\/2023\/12\/26\/araujo-confirmo-que-en-febrero-se-pagaran-las-estampillas-escolares\/\",\"url\":\"https:\/\/apuntesdesanluis.com\/index.php\/2023\/12\/26\/araujo-confirmo-que-en-febrero-se-pagaran-las-estampillas-escolares\/\",\"name\":\"ARAUJO CONFIRM\u00d3 QUE EN FEBRERO SE PAGAR\u00c1N LAS ESTAMPILLAS ESCOLARES - Apuntes de San Luis\",\"isPartOf\":{\"@id\":\"https:\/\/apuntesdesanluis.com\/#website\"},\"primaryImageOfPage\":{\"@id\":\"https:\/\/apuntesdesanluis.com\/index.php\/2023\/12\/26\/araujo-confirmo-que-en-febrero-se-pagaran-las-estampillas-escolares\/#primaryimage\"},\"image\":{\"@id\":\"https:\/\/apuntesdesanluis.com\/index.php\/2023\/12\/26\/araujo-confirmo-que-en-febrero-se-pagaran-las-estampillas-escolares\/#primaryimage\"},\"thumbnailUrl\":\"https:\/\/apuntesdesanluis.com\/wp-content\/uploads\/2023\/12\/guillermo-araujo.png\",\"datePublished\":\"2023-12-26T23:54:27+00:00\",\"breadcrumb\":{\"@id\":\"https:\/\/apuntesdesanluis.com\/index.php\/2023\/12\/26\/araujo-confirmo-que-en-febrero-se-pagaran-las-estampillas-escolares\/#breadcrumb\"},\"inLanguage\":\"es-AR\",\"potentialAction\":[{\"@type\":\"ReadAction\",\"target\":[\"https:\/\/apuntesdesanluis.com\/index.php\/2023\/12\/26\/araujo-confirmo-que-en-febrero-se-pagaran-las-estampillas-escolares\/\"]}]},{\"@type\":\"ImageObject\",\"inLanguage\":\"es-AR\",\"@id\":\"https:\/\/apuntesdesanluis.com\/index.php\/2023\/12\/26\/araujo-confirmo-que-en-febrero-se-pagaran-las-estampillas-escolares\/#primaryimage\",\"url\":\"https:\/\/apuntesdesanluis.com\/wp-content\/uploads\/2023\/12\/guillermo-araujo.png\",\"contentUrl\":\"https:\/\/apuntesdesanluis.com\/wp-content\/uploads\/2023\/12\/guillermo-araujo.png\",\"width\":600,\"height\":346},{\"@type\":\"BreadcrumbList\",\"@id\":\"https:\/\/apuntesdesanluis.com\/index.php\/2023\/12\/26\/araujo-confirmo-que-en-febrero-se-pagaran-las-estampillas-escolares\/#breadcrumb\",\"itemListElement\":[{\"@type\":\"ListItem\",\"position\":1,\"name\":\"Inicio\",\"item\":\"https:\/\/apuntesdesanluis.com\/\"},{\"@type\":\"ListItem\",\"position\":2,\"name\":\"ARAUJO CONFIRM\u00d3 QUE EN FEBRERO SE PAGAR\u00c1N LAS ESTAMPILLAS ESCOLARES\"}]},{\"@type\":\"WebSite\",\"@id\":\"https:\/\/apuntesdesanluis.com\/#website\",\"url\":\"https:\/\/apuntesdesanluis.com\/\",\"name\":\"Apuntes de San Luis\",\"description\":\"\",\"publisher\":{\"@id\":\"https:\/\/apuntesdesanluis.com\/#\/schema\/person\/b55151d52296fcce64d1a72538a70b90\"},\"potentialAction\":[{\"@type\":\"SearchAction\",\"target\":{\"@type\":\"EntryPoint\",\"urlTemplate\":\"https:\/\/apuntesdesanluis.com\/?s={search_term_string}\"},\"query-input\":{\"@type\":\"PropertyValueSpecification\",\"valueRequired\":true,\"valueName\":\"search_term_string\"}}],\"inLanguage\":\"es-AR\"},{\"@type\":[\"Person\",\"Organization\"],\"@id\":\"https:\/\/apuntesdesanluis.com\/#\/schema\/person\/b55151d52296fcce64d1a72538a70b90\",\"name\":\"apuntesdesanluis.com\",\"image\":{\"@type\":\"ImageObject\",\"inLanguage\":\"es-AR\",\"@id\":\"https:\/\/apuntesdesanluis.com\/#\/schema\/person\/image\/\",\"url\":\"https:\/\/apuntesdesanluis.com\/wp-content\/uploads\/2023\/07\/cropped-apuntesdesanluis.png\",\"contentUrl\":\"https:\/\/apuntesdesanluis.com\/wp-content\/uploads\/2023\/07\/cropped-apuntesdesanluis.png\",\"width\":450,\"height\":112,\"caption\":\"apuntesdesanluis.com\"},\"logo\":{\"@id\":\"https:\/\/apuntesdesanluis.com\/#\/schema\/person\/image\/\"},\"sameAs\":[\"https:\/\/apuntesdesanluis.com\"],\"url\":\"https:\/\/apuntesdesanluis.com\/index.php\/author\/apuntesdesanluis-com\/\"}]}<\/script>\n<!-- \/ Yoast SEO plugin. -->","yoast_head_json":{"title":"ARAUJO CONFIRM\u00d3 QUE EN FEBRERO SE PAGAR\u00c1N LAS ESTAMPILLAS ESCOLARES - Apuntes de San Luis","robots":{"index":"index","follow":"follow","max-snippet":"max-snippet:-1","max-image-preview":"max-image-preview:large","max-video-preview":"max-video-preview:-1"},"canonical":"https:\/\/apuntesdesanluis.com\/index.php\/2023\/12\/26\/araujo-confirmo-que-en-febrero-se-pagaran-las-estampillas-escolares\/","og_locale":"es_ES","og_type":"article","og_title":"ARAUJO CONFIRM\u00d3 QUE EN FEBRERO SE PAGAR\u00c1N LAS ESTAMPILLAS ESCOLARES - Apuntes de San Luis","og_description":"Guillermo Araujo, el ministro de Educaci\u00f3n, se refiri\u00f3 en conferencia de prensa a diversos temas...","og_url":"https:\/\/apuntesdesanluis.com\/index.php\/2023\/12\/26\/araujo-confirmo-que-en-febrero-se-pagaran-las-estampillas-escolares\/","og_site_name":"Apuntes de San Luis","article_published_time":"2023-12-26T23:54:27+00:00","og_image":[{"width":600,"height":346,"url":"https:\/\/apuntesdesanluis.com\/wp-content\/uploads\/2023\/12\/guillermo-araujo.png","type":"image\/png"}],"author":"apuntesdesanluis.com","twitter_card":"summary_large_image","twitter_misc":{"Escrito por":"apuntesdesanluis.com","Tiempo de lectura":"3 minutos"},"schema":{"@context":"https:\/\/schema.org","@graph":[{"@type":"Article","@id":"https:\/\/apuntesdesanluis.com\/index.php\/2023\/12\/26\/araujo-confirmo-que-en-febrero-se-pagaran-las-estampillas-escolares\/#article","isPartOf":{"@id":"https:\/\/apuntesdesanluis.com\/index.php\/2023\/12\/26\/araujo-confirmo-que-en-febrero-se-pagaran-las-estampillas-escolares\/"},"author":{"name":"apuntesdesanluis.com","@id":"https:\/\/apuntesdesanluis.com\/#\/schema\/person\/b55151d52296fcce64d1a72538a70b90"},"headline":"ARAUJO CONFIRM\u00d3 QUE EN FEBRERO SE PAGAR\u00c1N LAS ESTAMPILLAS ESCOLARES","datePublished":"2023-12-26T23:54:27+00:00","mainEntityOfPage":{"@id":"https:\/\/apuntesdesanluis.com\/index.php\/2023\/12\/26\/araujo-confirmo-que-en-febrero-se-pagaran-las-estampillas-escolares\/"},"wordCount":647,"publisher":{"@id":"https:\/\/apuntesdesanluis.com\/#\/schema\/person\/b55151d52296fcce64d1a72538a70b90"},"image":{"@id":"https:\/\/apuntesdesanluis.com\/index.php\/2023\/12\/26\/araujo-confirmo-que-en-febrero-se-pagaran-las-estampillas-escolares\/#primaryimage"},"thumbnailUrl":"https:\/\/apuntesdesanluis.com\/wp-content\/uploads\/2023\/12\/guillermo-araujo.png","articleSection":["Ciudad\/Provincia"],"inLanguage":"es-AR"},{"@type":"WebPage","@id":"https:\/\/apuntesdesanluis.com\/index.php\/2023\/12\/26\/araujo-confirmo-que-en-febrero-se-pagaran-las-estampillas-escolares\/","url":"https:\/\/apuntesdesanluis.com\/index.php\/2023\/12\/26\/araujo-confirmo-que-en-febrero-se-pagaran-las-estampillas-escolares\/","name":"ARAUJO CONFIRM\u00d3 QUE EN FEBRERO SE PAGAR\u00c1N LAS ESTAMPILLAS ESCOLARES - Apuntes de San Luis","isPartOf":{"@id":"https:\/\/apuntesdesanluis.com\/#website"},"primaryImageOfPage":{"@id":"https:\/\/apuntesdesanluis.com\/index.php\/2023\/12\/26\/araujo-confirmo-que-en-febrero-se-pagaran-las-estampillas-escolares\/#primaryimage"},"image":{"@id":"https:\/\/apuntesdesanluis.com\/index.php\/2023\/12\/26\/araujo-confirmo-que-en-febrero-se-pagaran-las-estampillas-escolares\/#primaryimage"},"thumbnailUrl":"https:\/\/apuntesdesanluis.com\/wp-content\/uploads\/2023\/12\/guillermo-araujo.png","datePublished":"2023-12-26T23:54:27+00:00","breadcrumb":{"@id":"https:\/\/apuntesdesanluis.com\/index.php\/2023\/12\/26\/araujo-confirmo-que-en-febrero-se-pagaran-las-estampillas-escolares\/#breadcrumb"},"inLanguage":"es-AR","potentialAction":[{"@type":"ReadAction","target":["https:\/\/apuntesdesanluis.com\/index.php\/2023\/12\/26\/araujo-confirmo-que-en-febrero-se-pagaran-las-estampillas-escolares\/"]}]},{"@type":"ImageObject","inLanguage":"es-AR","@id":"https:\/\/apuntesdesanluis.com\/index.php\/2023\/12\/26\/araujo-confirmo-que-en-febrero-se-pagaran-las-estampillas-escolares\/#primaryimage","url":"https:\/\/apuntesdesanluis.com\/wp-content\/uploads\/2023\/12\/guillermo-araujo.png","contentUrl":"https:\/\/apuntesdesanluis.com\/wp-content\/uploads\/2023\/12\/guillermo-araujo.png","width":600,"height":346},{"@type":"BreadcrumbList","@id":"https:\/\/apuntesdesanluis.com\/index.php\/2023\/12\/26\/araujo-confirmo-que-en-febrero-se-pagaran-las-estampillas-escolares\/#breadcrumb","itemListElement":[{"@type":"ListItem","position":1,"name":"Inicio","item":"https:\/\/apuntesdesanluis.com\/"},{"@type":"ListItem","position":2,"name":"ARAUJO CONFIRM\u00d3 QUE EN FEBRERO SE PAGAR\u00c1N LAS ESTAMPILLAS ESCOLARES"}]},{"@type":"WebSite","@id":"https:\/\/apuntesdesanluis.com\/#website","url":"https:\/\/apuntesdesanluis.com\/","name":"Apuntes de San Luis","description":"","publisher":{"@id":"https:\/\/apuntesdesanluis.com\/#\/schema\/person\/b55151d52296fcce64d1a72538a70b90"},"potentialAction":[{"@type":"SearchAction","target":{"@type":"EntryPoint","urlTemplate":"https:\/\/apuntesdesanluis.com\/?s={search_term_string}"},"query-input":{"@type":"PropertyValueSpecification","valueRequired":true,"valueName":"search_term_string"}}],"inLanguage":"es-AR"},{"@type":["Person","Organization"],"@id":"https:\/\/apuntesdesanluis.com\/#\/schema\/person\/b55151d52296fcce64d1a72538a70b90","name":"apuntesdesanluis.com","image":{"@type":"ImageObject","inLanguage":"es-AR","@id":"https:\/\/apuntesdesanluis.com\/#\/schema\/person\/image\/","url":"https:\/\/apuntesdesanluis.com\/wp-content\/uploads\/2023\/07\/cropped-apuntesdesanluis.png","contentUrl":"https:\/\/apuntesdesanluis.com\/wp-content\/uploads\/2023\/07\/cropped-apuntesdesanluis.png","width":450,"height":112,"caption":"apuntesdesanluis.com"},"logo":{"@id":"https:\/\/apuntesdesanluis.com\/#\/schema\/person\/image\/"},"sameAs":["https:\/\/apuntesdesanluis.com"],"url":"https:\/\/apuntesdesanluis.com\/index.php\/author\/apuntesdesanluis-com\/"}]}},"featured_image_urls":{"full":["https:\/\/apuntesdesanluis.com\/wp-content\/uploads\/2023\/12\/guillermo-araujo.png",600,346,false],"thumbnail":["https:\/\/apuntesdesanluis.com\/wp-content\/uploads\/2023\/12\/guillermo-araujo-150x150.png",150,150,true],"medium":["https:\/\/apuntesdesanluis.com\/wp-content\/uploads\/2023\/12\/guillermo-araujo-300x173.png",300,173,true],"medium_large":["https:\/\/apuntesdesanluis.com\/wp-content\/uploads\/2023\/12\/guillermo-araujo.png",600,346,false],"large":["https:\/\/apuntesdesanluis.com\/wp-content\/uploads\/2023\/12\/guillermo-araujo.png",600,346,false],"1536x1536":["https:\/\/apuntesdesanluis.com\/wp-content\/uploads\/2023\/12\/guillermo-araujo.png",600,346,false],"2048x2048":["https:\/\/apuntesdesanluis.com\/wp-content\/uploads\/2023\/12\/guillermo-araujo.png",600,346,false],"newsever-slider-full":["https:\/\/apuntesdesanluis.com\/wp-content\/uploads\/2023\/12\/guillermo-araujo.png",600,346,false],"newsever-featured":["https:\/\/apuntesdesanluis.com\/wp-content\/uploads\/2023\/12\/guillermo-araujo.png",600,346,false],"newsever-medium":["https:\/\/apuntesdesanluis.com\/wp-content\/uploads\/2023\/12\/guillermo-araujo.png",600,346,false]},"author_info":{"display_name":"apuntesdesanluis.com","author_link":"https:\/\/apuntesdesanluis.com\/index.php\/author\/apuntesdesanluis-com\/"},"category_info":"<a href=\"https:\/\/apuntesdesanluis.com\/index.php\/category\/ciudad-provincia\/\" rel=\"category tag\">Ciudad\/Provincia<\/a>","tag_info":"Ciudad\/Provincia","comment_count":"0","_links":{"self":[{"href":"https:\/\/apuntesdesanluis.com\/index.php\/wp-json\/wp\/v2\/posts\/8989","targetHints":{"allow":["GET"]}}],"collection":[{"href":"https:\/\/apuntesdesanluis.com\/index.php\/wp-json\/wp\/v2\/posts"}],"about":[{"href":"https:\/\/apuntesdesanluis.com\/index.php\/wp-json\/wp\/v2\/types\/post"}],"author":[{"embeddable":true,"href":"https:\/\/apuntesdesanluis.com\/index.php\/wp-json\/wp\/v2\/users\/1"}],"replies":[{"embeddable":true,"href":"https:\/\/apuntesdesanluis.com\/index.php\/wp-json\/wp\/v2\/comments?post=8989"}],"version-history":[{"count":1,"href":"https:\/\/apuntesdesanluis.com\/index.php\/wp-json\/wp\/v2\/posts\/8989\/revisions"}],"predecessor-version":[{"id":8991,"href":"https:\/\/apuntesdesanluis.com\/index.php\/wp-json\/wp\/v2\/posts\/8989\/revisions\/8991"}],"wp:featuredmedia":[{"embeddable":true,"href":"https:\/\/apuntesdesanluis.com\/index.php\/wp-json\/wp\/v2\/media\/8990"}],"wp:attachment":[{"href":"https:\/\/apuntesdesanluis.com\/index.php\/wp-json\/wp\/v2\/media?parent=8989"}],"wp:term":[{"taxonomy":"category","embeddable":true,"href":"https:\/\/apuntesdesanluis.com\/index.php\/wp-json\/wp\/v2\/categories?post=8989"},{"taxonomy":"post_tag","embeddable":true,"href":"https:\/\/apuntesdesanluis.com\/index.php\/wp-json\/wp\/v2\/tags?post=8989"}],"curies":[{"name":"wp","href":"https:\/\/api.w.org\/{rel}","templated":true}]}}