{"id":8995,"date":"2023-12-26T21:31:14","date_gmt":"2023-12-27T00:31:14","guid":{"rendered":"https:\/\/apuntesdesanluis.com\/?p=8995"},"modified":"2023-12-26T22:02:45","modified_gmt":"2023-12-27T01:02:45","slug":"la-unvime-obtuvo-el-financiamiento-para-4to-a-6to-ano-de-la-carrera-de-medicina","status":"publish","type":"post","link":"https:\/\/apuntesdesanluis.com\/index.php\/2023\/12\/26\/la-unvime-obtuvo-el-financiamiento-para-4to-a-6to-ano-de-la-carrera-de-medicina\/","title":{"rendered":"LA UNVIME OBTUVO EL FINANCIAMIENTO PARA 4TO. A 6TO. A\u00d1O DE LA CARRERA DE MEDICINA"},"content":{"rendered":"<h3>As\u00ed lo inform\u00f3 el Rector de la Universidad Nacional de Villa Mercedes, <strong>Marcelo Sosa<\/strong>, quien antes de asumir efectu\u00f3 gestiones ante el entonces Secretario de Pol\u00edticas Universitarias, CPN <strong>Oscar Alpa<\/strong>, y el ministro de Educaci\u00f3n de la Naci\u00f3n, Lic. <strong>Jaime Perczyk<\/strong>. El financiamiento es por casi $270 millones.<\/h3>\n<h3>\u201cLa verdad es que nos da una inmensa alegr\u00eda y satisfacci\u00f3n poder comunicar esta noticia, que da tranquilidad a la instituci\u00f3n, sobre todo a los alumnos que con tanto esfuerzo llevan adelante el cursado de la carrera, y a las autoridades de la Escuela de Ciencias de la Salud, que van a poder planificar la convocatoria para la contrataci\u00f3n de aproximadamente 60 docentes\u201d, agreg\u00f3.<\/h3>\n<p><img fetchpriority=\"high\" decoding=\"async\" class=\"wp-image-8997 aligncenter\" src=\"https:\/\/apuntesdesanluis.com\/wp-content\/uploads\/2023\/12\/medicina-300x196.png\" alt=\"\" width=\"706\" height=\"461\" srcset=\"https:\/\/apuntesdesanluis.com\/wp-content\/uploads\/2023\/12\/medicina-300x196.png 300w, https:\/\/apuntesdesanluis.com\/wp-content\/uploads\/2023\/12\/medicina-768x503.png 768w, https:\/\/apuntesdesanluis.com\/wp-content\/uploads\/2023\/12\/medicina.png 822w\" sizes=\"(max-width: 706px) 100vw, 706px\" \/><\/p>\n<h3>El Rector de la UNViMe remarc\u00f3: &#8220;Si algo nos faltaba para cerrar de la mejor manera este a\u00f1o, es la certeza de que la universidad podr\u00e1 continuar planificando el desarrollo de esta carrera, al igual que el resto de su propuesta acad\u00e9mica, tanto en Ciencias de la Salud como en la totalidad de sus escuelas. Lo hemos dicho siempre y lo repito: nuestra raz\u00f3n de ser son los alumnos, a ellos nos debemos y por ellos trabajamos cada d\u00eda\u201d.<\/h3>\n<h3>La Resoluci\u00f3n 752-2023, que lleva la firma del ex titular de la SPU, aprueba el Proyecto \u201cContrato Programa para la Puesta en Marcha del cuarto a sexto a\u00f1o de la Carrera de Medicina de la Universidad Nacional de Villa Mercedes, por la suma de pesos Doscientos Sesenta y Nueve Millones Cuatrocientos Cuarenta mil Cuatrocientos Treinta y Nueve ($269.440.439)\u201d.<\/h3>\n<h3>Asimismo, dispone asignar y transferir la suma de pesos Cuarenta y Un Millones Trescientos Cinco Mil Cuatrocientos Veinticinco ($41.305.425), \u201ccon destino espec\u00edfico a financiar costos salariales correspondientes al Primer A\u00f1o de ejecuci\u00f3n del proyecto aprobado\u201d.<\/h3>\n<p><img decoding=\"async\" class=\"wp-image-8998 aligncenter\" src=\"https:\/\/apuntesdesanluis.com\/wp-content\/uploads\/2023\/12\/resolucion-300x184.png\" alt=\"\" width=\"714\" height=\"438\" srcset=\"https:\/\/apuntesdesanluis.com\/wp-content\/uploads\/2023\/12\/resolucion-300x184.png 300w, https:\/\/apuntesdesanluis.com\/wp-content\/uploads\/2023\/12\/resolucion.png 612w\" sizes=\"(max-width: 714px) 100vw, 714px\" \/><\/p>\n<h3>En los considerandos la resoluci\u00f3n consigna adem\u00e1s que la universidad \u201cprev\u00e9 objetivos espec\u00edficos, como la conformaci\u00f3n de los equipos docentes de cuarto a sexto a\u00f1o, mediante la creaci\u00f3n de los cargos y la designaci\u00f3n de los docentes de los espacios curriculares involucrados, poner en marcha la Pr\u00e1ctica Final Obligatoria (PFO) mediante la constituci\u00f3n de los equipos docentes necesarios para la articulaci\u00f3n con los campos cl\u00ednicos hospitalarios y comunitarios y para el seguimiento, evaluaci\u00f3n y acreditaci\u00f3n de los aprendizajes de los estudiantes durante el PFO\u201d.<\/h3>\n<h3>El Dr. Sosa apunt\u00f3 que para nuestra universidad es una \u201cexcelente noticia saber que tiene garantizados los fondos para planificar los \u00faltimos tres a\u00f1os de esta carrera que es estrat\u00e9gica para nuestro pa\u00eds, y que est\u00e1 en el ADN de su fundaci\u00f3n, hace poco m\u00e1s de 14 a\u00f1os\u201d.<\/h3>\n<h3>Finalmente resalt\u00f3 las gestiones realizadas desde el Departamento de Ciencias B\u00e1sicas y la Direcci\u00f3n de la Escuela de Ciencias de la Salud, para que estas gestiones llegaran a buen puerto, como asimismo la colaboraci\u00f3n brindada por el Secretario General de FEDUN, Dr. <strong>Daniel Ricci<\/strong>, quien acompa\u00f1\u00f3 todas la tramitaci\u00f3n ante los diferentes organismos nacionales.<\/h3>\n<p>&nbsp;<\/p>\n<p>&nbsp;<\/p>\n<p>&nbsp;<\/p>\n<p>&nbsp;<\/p>\n","protected":false},"excerpt":{"rendered":"<p>As\u00ed lo inform\u00f3 el Rector de la Universidad Nacional de Villa Mercedes, Marcelo Sosa, quien&#8230;<\/p>\n","protected":false},"author":1,"featured_media":8996,"comment_status":"closed","ping_status":"closed","sticky":false,"template":"","format":"standard","meta":{"footnotes":""},"categories":[6],"tags":[],"class_list":["post-8995","post","type-post","status-publish","format-standard","has-post-thumbnail","hentry","category-ciudad-provincia"],"yoast_head":"<!-- This site is optimized with the Yoast SEO plugin v26.1.1 - https:\/\/yoast.com\/wordpress\/plugins\/seo\/ -->\n<title>LA UNVIME OBTUVO EL FINANCIAMIENTO PARA 4TO. A 6TO. A\u00d1O DE LA CARRERA DE MEDICINA - Apuntes de San Luis<\/title>\n<meta name=\"robots\" content=\"index, follow, max-snippet:-1, max-image-preview:large, max-video-preview:-1\" \/>\n<link rel=\"canonical\" href=\"https:\/\/apuntesdesanluis.com\/index.php\/2023\/12\/26\/la-unvime-obtuvo-el-financiamiento-para-4to-a-6to-ano-de-la-carrera-de-medicina\/\" \/>\n<meta property=\"og:locale\" content=\"es_ES\" \/>\n<meta property=\"og:type\" content=\"article\" \/>\n<meta property=\"og:title\" content=\"LA UNVIME OBTUVO EL FINANCIAMIENTO PARA 4TO. A 6TO. A\u00d1O DE LA CARRERA DE MEDICINA - Apuntes de San Luis\" \/>\n<meta property=\"og:description\" content=\"As\u00ed lo inform\u00f3 el Rector de la Universidad Nacional de Villa Mercedes, Marcelo Sosa, quien...\" \/>\n<meta property=\"og:url\" content=\"https:\/\/apuntesdesanluis.com\/index.php\/2023\/12\/26\/la-unvime-obtuvo-el-financiamiento-para-4to-a-6to-ano-de-la-carrera-de-medicina\/\" \/>\n<meta property=\"og:site_name\" content=\"Apuntes de San Luis\" \/>\n<meta property=\"article:published_time\" content=\"2023-12-27T00:31:14+00:00\" \/>\n<meta property=\"article:modified_time\" content=\"2023-12-27T01:02:45+00:00\" \/>\n<meta property=\"og:image\" content=\"https:\/\/apuntesdesanluis.com\/wp-content\/uploads\/2023\/12\/rector-marcelo-sosa.png\" \/>\n\t<meta property=\"og:image:width\" content=\"683\" \/>\n\t<meta property=\"og:image:height\" content=\"379\" \/>\n\t<meta property=\"og:image:type\" content=\"image\/png\" \/>\n<meta name=\"author\" content=\"apuntesdesanluis.com\" \/>\n<meta name=\"twitter:card\" content=\"summary_large_image\" \/>\n<meta name=\"twitter:label1\" content=\"Escrito por\" \/>\n\t<meta name=\"twitter:data1\" content=\"apuntesdesanluis.com\" \/>\n\t<meta name=\"twitter:label2\" content=\"Tiempo de lectura\" \/>\n\t<meta name=\"twitter:data2\" content=\"3 minutos\" \/>\n<script type=\"application\/ld+json\" class=\"yoast-schema-graph\">{\"@context\":\"https:\/\/schema.org\",\"@graph\":[{\"@type\":\"Article\",\"@id\":\"https:\/\/apuntesdesanluis.com\/index.php\/2023\/12\/26\/la-unvime-obtuvo-el-financiamiento-para-4to-a-6to-ano-de-la-carrera-de-medicina\/#article\",\"isPartOf\":{\"@id\":\"https:\/\/apuntesdesanluis.com\/index.php\/2023\/12\/26\/la-unvime-obtuvo-el-financiamiento-para-4to-a-6to-ano-de-la-carrera-de-medicina\/\"},\"author\":{\"name\":\"apuntesdesanluis.com\",\"@id\":\"https:\/\/apuntesdesanluis.com\/#\/schema\/person\/b55151d52296fcce64d1a72538a70b90\"},\"headline\":\"LA UNVIME OBTUVO EL FINANCIAMIENTO PARA 4TO. A 6TO. A\u00d1O DE LA CARRERA DE MEDICINA\",\"datePublished\":\"2023-12-27T00:31:14+00:00\",\"dateModified\":\"2023-12-27T01:02:45+00:00\",\"mainEntityOfPage\":{\"@id\":\"https:\/\/apuntesdesanluis.com\/index.php\/2023\/12\/26\/la-unvime-obtuvo-el-financiamiento-para-4to-a-6to-ano-de-la-carrera-de-medicina\/\"},\"wordCount\":524,\"publisher\":{\"@id\":\"https:\/\/apuntesdesanluis.com\/#\/schema\/person\/b55151d52296fcce64d1a72538a70b90\"},\"image\":{\"@id\":\"https:\/\/apuntesdesanluis.com\/index.php\/2023\/12\/26\/la-unvime-obtuvo-el-financiamiento-para-4to-a-6to-ano-de-la-carrera-de-medicina\/#primaryimage\"},\"thumbnailUrl\":\"https:\/\/apuntesdesanluis.com\/wp-content\/uploads\/2023\/12\/rector-marcelo-sosa.png\",\"articleSection\":[\"Ciudad\/Provincia\"],\"inLanguage\":\"es-AR\"},{\"@type\":\"WebPage\",\"@id\":\"https:\/\/apuntesdesanluis.com\/index.php\/2023\/12\/26\/la-unvime-obtuvo-el-financiamiento-para-4to-a-6to-ano-de-la-carrera-de-medicina\/\",\"url\":\"https:\/\/apuntesdesanluis.com\/index.php\/2023\/12\/26\/la-unvime-obtuvo-el-financiamiento-para-4to-a-6to-ano-de-la-carrera-de-medicina\/\",\"name\":\"LA UNVIME OBTUVO EL FINANCIAMIENTO PARA 4TO. A 6TO. A\u00d1O DE LA CARRERA DE MEDICINA - Apuntes de San Luis\",\"isPartOf\":{\"@id\":\"https:\/\/apuntesdesanluis.com\/#website\"},\"primaryImageOfPage\":{\"@id\":\"https:\/\/apuntesdesanluis.com\/index.php\/2023\/12\/26\/la-unvime-obtuvo-el-financiamiento-para-4to-a-6to-ano-de-la-carrera-de-medicina\/#primaryimage\"},\"image\":{\"@id\":\"https:\/\/apuntesdesanluis.com\/index.php\/2023\/12\/26\/la-unvime-obtuvo-el-financiamiento-para-4to-a-6to-ano-de-la-carrera-de-medicina\/#primaryimage\"},\"thumbnailUrl\":\"https:\/\/apuntesdesanluis.com\/wp-content\/uploads\/2023\/12\/rector-marcelo-sosa.png\",\"datePublished\":\"2023-12-27T00:31:14+00:00\",\"dateModified\":\"2023-12-27T01:02:45+00:00\",\"breadcrumb\":{\"@id\":\"https:\/\/apuntesdesanluis.com\/index.php\/2023\/12\/26\/la-unvime-obtuvo-el-financiamiento-para-4to-a-6to-ano-de-la-carrera-de-medicina\/#breadcrumb\"},\"inLanguage\":\"es-AR\",\"potentialAction\":[{\"@type\":\"ReadAction\",\"target\":[\"https:\/\/apuntesdesanluis.com\/index.php\/2023\/12\/26\/la-unvime-obtuvo-el-financiamiento-para-4to-a-6to-ano-de-la-carrera-de-medicina\/\"]}]},{\"@type\":\"ImageObject\",\"inLanguage\":\"es-AR\",\"@id\":\"https:\/\/apuntesdesanluis.com\/index.php\/2023\/12\/26\/la-unvime-obtuvo-el-financiamiento-para-4to-a-6to-ano-de-la-carrera-de-medicina\/#primaryimage\",\"url\":\"https:\/\/apuntesdesanluis.com\/wp-content\/uploads\/2023\/12\/rector-marcelo-sosa.png\",\"contentUrl\":\"https:\/\/apuntesdesanluis.com\/wp-content\/uploads\/2023\/12\/rector-marcelo-sosa.png\",\"width\":683,\"height\":379},{\"@type\":\"BreadcrumbList\",\"@id\":\"https:\/\/apuntesdesanluis.com\/index.php\/2023\/12\/26\/la-unvime-obtuvo-el-financiamiento-para-4to-a-6to-ano-de-la-carrera-de-medicina\/#breadcrumb\",\"itemListElement\":[{\"@type\":\"ListItem\",\"position\":1,\"name\":\"Inicio\",\"item\":\"https:\/\/apuntesdesanluis.com\/\"},{\"@type\":\"ListItem\",\"position\":2,\"name\":\"LA UNVIME OBTUVO EL FINANCIAMIENTO PARA 4TO. A 6TO. A\u00d1O DE LA CARRERA DE MEDICINA\"}]},{\"@type\":\"WebSite\",\"@id\":\"https:\/\/apuntesdesanluis.com\/#website\",\"url\":\"https:\/\/apuntesdesanluis.com\/\",\"name\":\"Apuntes de San Luis\",\"description\":\"\",\"publisher\":{\"@id\":\"https:\/\/apuntesdesanluis.com\/#\/schema\/person\/b55151d52296fcce64d1a72538a70b90\"},\"potentialAction\":[{\"@type\":\"SearchAction\",\"target\":{\"@type\":\"EntryPoint\",\"urlTemplate\":\"https:\/\/apuntesdesanluis.com\/?s={search_term_string}\"},\"query-input\":{\"@type\":\"PropertyValueSpecification\",\"valueRequired\":true,\"valueName\":\"search_term_string\"}}],\"inLanguage\":\"es-AR\"},{\"@type\":[\"Person\",\"Organization\"],\"@id\":\"https:\/\/apuntesdesanluis.com\/#\/schema\/person\/b55151d52296fcce64d1a72538a70b90\",\"name\":\"apuntesdesanluis.com\",\"image\":{\"@type\":\"ImageObject\",\"inLanguage\":\"es-AR\",\"@id\":\"https:\/\/apuntesdesanluis.com\/#\/schema\/person\/image\/\",\"url\":\"https:\/\/apuntesdesanluis.com\/wp-content\/uploads\/2023\/07\/cropped-apuntesdesanluis.png\",\"contentUrl\":\"https:\/\/apuntesdesanluis.com\/wp-content\/uploads\/2023\/07\/cropped-apuntesdesanluis.png\",\"width\":450,\"height\":112,\"caption\":\"apuntesdesanluis.com\"},\"logo\":{\"@id\":\"https:\/\/apuntesdesanluis.com\/#\/schema\/person\/image\/\"},\"sameAs\":[\"https:\/\/apuntesdesanluis.com\"],\"url\":\"https:\/\/apuntesdesanluis.com\/index.php\/author\/apuntesdesanluis-com\/\"}]}<\/script>\n<!-- \/ Yoast SEO plugin. -->","yoast_head_json":{"title":"LA UNVIME OBTUVO EL FINANCIAMIENTO PARA 4TO. A 6TO. A\u00d1O DE LA CARRERA DE MEDICINA - Apuntes de San Luis","robots":{"index":"index","follow":"follow","max-snippet":"max-snippet:-1","max-image-preview":"max-image-preview:large","max-video-preview":"max-video-preview:-1"},"canonical":"https:\/\/apuntesdesanluis.com\/index.php\/2023\/12\/26\/la-unvime-obtuvo-el-financiamiento-para-4to-a-6to-ano-de-la-carrera-de-medicina\/","og_locale":"es_ES","og_type":"article","og_title":"LA UNVIME OBTUVO EL FINANCIAMIENTO PARA 4TO. A 6TO. A\u00d1O DE LA CARRERA DE MEDICINA - Apuntes de San Luis","og_description":"As\u00ed lo inform\u00f3 el Rector de la Universidad Nacional de Villa Mercedes, Marcelo Sosa, quien...","og_url":"https:\/\/apuntesdesanluis.com\/index.php\/2023\/12\/26\/la-unvime-obtuvo-el-financiamiento-para-4to-a-6to-ano-de-la-carrera-de-medicina\/","og_site_name":"Apuntes de San Luis","article_published_time":"2023-12-27T00:31:14+00:00","article_modified_time":"2023-12-27T01:02:45+00:00","og_image":[{"width":683,"height":379,"url":"https:\/\/apuntesdesanluis.com\/wp-content\/uploads\/2023\/12\/rector-marcelo-sosa.png","type":"image\/png"}],"author":"apuntesdesanluis.com","twitter_card":"summary_large_image","twitter_misc":{"Escrito por":"apuntesdesanluis.com","Tiempo de lectura":"3 minutos"},"schema":{"@context":"https:\/\/schema.org","@graph":[{"@type":"Article","@id":"https:\/\/apuntesdesanluis.com\/index.php\/2023\/12\/26\/la-unvime-obtuvo-el-financiamiento-para-4to-a-6to-ano-de-la-carrera-de-medicina\/#article","isPartOf":{"@id":"https:\/\/apuntesdesanluis.com\/index.php\/2023\/12\/26\/la-unvime-obtuvo-el-financiamiento-para-4to-a-6to-ano-de-la-carrera-de-medicina\/"},"author":{"name":"apuntesdesanluis.com","@id":"https:\/\/apuntesdesanluis.com\/#\/schema\/person\/b55151d52296fcce64d1a72538a70b90"},"headline":"LA UNVIME OBTUVO EL FINANCIAMIENTO PARA 4TO. A 6TO. A\u00d1O DE LA CARRERA DE MEDICINA","datePublished":"2023-12-27T00:31:14+00:00","dateModified":"2023-12-27T01:02:45+00:00","mainEntityOfPage":{"@id":"https:\/\/apuntesdesanluis.com\/index.php\/2023\/12\/26\/la-unvime-obtuvo-el-financiamiento-para-4to-a-6to-ano-de-la-carrera-de-medicina\/"},"wordCount":524,"publisher":{"@id":"https:\/\/apuntesdesanluis.com\/#\/schema\/person\/b55151d52296fcce64d1a72538a70b90"},"image":{"@id":"https:\/\/apuntesdesanluis.com\/index.php\/2023\/12\/26\/la-unvime-obtuvo-el-financiamiento-para-4to-a-6to-ano-de-la-carrera-de-medicina\/#primaryimage"},"thumbnailUrl":"https:\/\/apuntesdesanluis.com\/wp-content\/uploads\/2023\/12\/rector-marcelo-sosa.png","articleSection":["Ciudad\/Provincia"],"inLanguage":"es-AR"},{"@type":"WebPage","@id":"https:\/\/apuntesdesanluis.com\/index.php\/2023\/12\/26\/la-unvime-obtuvo-el-financiamiento-para-4to-a-6to-ano-de-la-carrera-de-medicina\/","url":"https:\/\/apuntesdesanluis.com\/index.php\/2023\/12\/26\/la-unvime-obtuvo-el-financiamiento-para-4to-a-6to-ano-de-la-carrera-de-medicina\/","name":"LA UNVIME OBTUVO EL FINANCIAMIENTO PARA 4TO. A 6TO. A\u00d1O DE LA CARRERA DE MEDICINA - Apuntes de San Luis","isPartOf":{"@id":"https:\/\/apuntesdesanluis.com\/#website"},"primaryImageOfPage":{"@id":"https:\/\/apuntesdesanluis.com\/index.php\/2023\/12\/26\/la-unvime-obtuvo-el-financiamiento-para-4to-a-6to-ano-de-la-carrera-de-medicina\/#primaryimage"},"image":{"@id":"https:\/\/apuntesdesanluis.com\/index.php\/2023\/12\/26\/la-unvime-obtuvo-el-financiamiento-para-4to-a-6to-ano-de-la-carrera-de-medicina\/#primaryimage"},"thumbnailUrl":"https:\/\/apuntesdesanluis.com\/wp-content\/uploads\/2023\/12\/rector-marcelo-sosa.png","datePublished":"2023-12-27T00:31:14+00:00","dateModified":"2023-12-27T01:02:45+00:00","breadcrumb":{"@id":"https:\/\/apuntesdesanluis.com\/index.php\/2023\/12\/26\/la-unvime-obtuvo-el-financiamiento-para-4to-a-6to-ano-de-la-carrera-de-medicina\/#breadcrumb"},"inLanguage":"es-AR","potentialAction":[{"@type":"ReadAction","target":["https:\/\/apuntesdesanluis.com\/index.php\/2023\/12\/26\/la-unvime-obtuvo-el-financiamiento-para-4to-a-6to-ano-de-la-carrera-de-medicina\/"]}]},{"@type":"ImageObject","inLanguage":"es-AR","@id":"https:\/\/apuntesdesanluis.com\/index.php\/2023\/12\/26\/la-unvime-obtuvo-el-financiamiento-para-4to-a-6to-ano-de-la-carrera-de-medicina\/#primaryimage","url":"https:\/\/apuntesdesanluis.com\/wp-content\/uploads\/2023\/12\/rector-marcelo-sosa.png","contentUrl":"https:\/\/apuntesdesanluis.com\/wp-content\/uploads\/2023\/12\/rector-marcelo-sosa.png","width":683,"height":379},{"@type":"BreadcrumbList","@id":"https:\/\/apuntesdesanluis.com\/index.php\/2023\/12\/26\/la-unvime-obtuvo-el-financiamiento-para-4to-a-6to-ano-de-la-carrera-de-medicina\/#breadcrumb","itemListElement":[{"@type":"ListItem","position":1,"name":"Inicio","item":"https:\/\/apuntesdesanluis.com\/"},{"@type":"ListItem","position":2,"name":"LA UNVIME OBTUVO EL FINANCIAMIENTO PARA 4TO. A 6TO. A\u00d1O DE LA CARRERA DE MEDICINA"}]},{"@type":"WebSite","@id":"https:\/\/apuntesdesanluis.com\/#website","url":"https:\/\/apuntesdesanluis.com\/","name":"Apuntes de San Luis","description":"","publisher":{"@id":"https:\/\/apuntesdesanluis.com\/#\/schema\/person\/b55151d52296fcce64d1a72538a70b90"},"potentialAction":[{"@type":"SearchAction","target":{"@type":"EntryPoint","urlTemplate":"https:\/\/apuntesdesanluis.com\/?s={search_term_string}"},"query-input":{"@type":"PropertyValueSpecification","valueRequired":true,"valueName":"search_term_string"}}],"inLanguage":"es-AR"},{"@type":["Person","Organization"],"@id":"https:\/\/apuntesdesanluis.com\/#\/schema\/person\/b55151d52296fcce64d1a72538a70b90","name":"apuntesdesanluis.com","image":{"@type":"ImageObject","inLanguage":"es-AR","@id":"https:\/\/apuntesdesanluis.com\/#\/schema\/person\/image\/","url":"https:\/\/apuntesdesanluis.com\/wp-content\/uploads\/2023\/07\/cropped-apuntesdesanluis.png","contentUrl":"https:\/\/apuntesdesanluis.com\/wp-content\/uploads\/2023\/07\/cropped-apuntesdesanluis.png","width":450,"height":112,"caption":"apuntesdesanluis.com"},"logo":{"@id":"https:\/\/apuntesdesanluis.com\/#\/schema\/person\/image\/"},"sameAs":["https:\/\/apuntesdesanluis.com"],"url":"https:\/\/apuntesdesanluis.com\/index.php\/author\/apuntesdesanluis-com\/"}]}},"featured_image_urls":{"full":["https:\/\/apuntesdesanluis.com\/wp-content\/uploads\/2023\/12\/rector-marcelo-sosa.png",683,379,false],"thumbnail":["https:\/\/apuntesdesanluis.com\/wp-content\/uploads\/2023\/12\/rector-marcelo-sosa-150x150.png",150,150,true],"medium":["https:\/\/apuntesdesanluis.com\/wp-content\/uploads\/2023\/12\/rector-marcelo-sosa-300x166.png",300,166,true],"medium_large":["https:\/\/apuntesdesanluis.com\/wp-content\/uploads\/2023\/12\/rector-marcelo-sosa.png",640,355,false],"large":["https:\/\/apuntesdesanluis.com\/wp-content\/uploads\/2023\/12\/rector-marcelo-sosa.png",640,355,false],"1536x1536":["https:\/\/apuntesdesanluis.com\/wp-content\/uploads\/2023\/12\/rector-marcelo-sosa.png",683,379,false],"2048x2048":["https:\/\/apuntesdesanluis.com\/wp-content\/uploads\/2023\/12\/rector-marcelo-sosa.png",683,379,false],"newsever-slider-full":["https:\/\/apuntesdesanluis.com\/wp-content\/uploads\/2023\/12\/rector-marcelo-sosa.png",683,379,false],"newsever-featured":["https:\/\/apuntesdesanluis.com\/wp-content\/uploads\/2023\/12\/rector-marcelo-sosa.png",683,379,false],"newsever-medium":["https:\/\/apuntesdesanluis.com\/wp-content\/uploads\/2023\/12\/rector-marcelo-sosa.png",683,379,false]},"author_info":{"display_name":"apuntesdesanluis.com","author_link":"https:\/\/apuntesdesanluis.com\/index.php\/author\/apuntesdesanluis-com\/"},"category_info":"<a href=\"https:\/\/apuntesdesanluis.com\/index.php\/category\/ciudad-provincia\/\" rel=\"category tag\">Ciudad\/Provincia<\/a>","tag_info":"Ciudad\/Provincia","comment_count":"0","_links":{"self":[{"href":"https:\/\/apuntesdesanluis.com\/index.php\/wp-json\/wp\/v2\/posts\/8995","targetHints":{"allow":["GET"]}}],"collection":[{"href":"https:\/\/apuntesdesanluis.com\/index.php\/wp-json\/wp\/v2\/posts"}],"about":[{"href":"https:\/\/apuntesdesanluis.com\/index.php\/wp-json\/wp\/v2\/types\/post"}],"author":[{"embeddable":true,"href":"https:\/\/apuntesdesanluis.com\/index.php\/wp-json\/wp\/v2\/users\/1"}],"replies":[{"embeddable":true,"href":"https:\/\/apuntesdesanluis.com\/index.php\/wp-json\/wp\/v2\/comments?post=8995"}],"version-history":[{"count":5,"href":"https:\/\/apuntesdesanluis.com\/index.php\/wp-json\/wp\/v2\/posts\/8995\/revisions"}],"predecessor-version":[{"id":9009,"href":"https:\/\/apuntesdesanluis.com\/index.php\/wp-json\/wp\/v2\/posts\/8995\/revisions\/9009"}],"wp:featuredmedia":[{"embeddable":true,"href":"https:\/\/apuntesdesanluis.com\/index.php\/wp-json\/wp\/v2\/media\/8996"}],"wp:attachment":[{"href":"https:\/\/apuntesdesanluis.com\/index.php\/wp-json\/wp\/v2\/media?parent=8995"}],"wp:term":[{"taxonomy":"category","embeddable":true,"href":"https:\/\/apuntesdesanluis.com\/index.php\/wp-json\/wp\/v2\/categories?post=8995"},{"taxonomy":"post_tag","embeddable":true,"href":"https:\/\/apuntesdesanluis.com\/index.php\/wp-json\/wp\/v2\/tags?post=8995"}],"curies":[{"name":"wp","href":"https:\/\/api.w.org\/{rel}","templated":true}]}}