{"id":900,"date":"2023-08-02T14:49:40","date_gmt":"2023-08-02T17:49:40","guid":{"rendered":"https:\/\/apuntesdesanluis.com\/?p=900"},"modified":"2023-08-02T14:55:57","modified_gmt":"2023-08-02T17:55:57","slug":"caso-de-grooming-condenaron-al-pastor-a-3-anos-de-prision-en-suspenso","status":"publish","type":"post","link":"https:\/\/apuntesdesanluis.com\/index.php\/2023\/08\/02\/caso-de-grooming-condenaron-al-pastor-a-3-anos-de-prision-en-suspenso\/","title":{"rendered":"CASO DE GROOMING: CONDENARON  AL PASTOR A 3 A\u00d1OS DE PRISI\u00d3N EN SUSPENSO"},"content":{"rendered":"<h3><strong>En la ma\u00f1ana de este mi\u00e9rcoles se desarroll\u00f3 la audiencia en la que\u00a0<\/strong><strong>Edgar David Nicollier Giacomuzzi fue condenado a tres a\u00f1os de prisi\u00f3n en suspenso y declarado responsable en car\u00e1cter de autor del delito de grooming, previsto en el Art. 131 del C\u00f3digo Penal Argentino. <\/strong><\/h3>\n<h3><strong>Adem\u00e1s, la Dra. Mirta Ucelay de Garciarena, subrogando en el Juzgado de Garant\u00eda N\u00ba 2 de la Segunda Circunscripci\u00f3n Judicial, le orden\u00f3 fijar domicilio en la provincia de Mendoza y\u00a0 le impuso una prohibici\u00f3n de acercamiento y de cualquier tipo de contacto frente a las v\u00edctimas.<\/strong><\/h3>\n<h3>En el inicio de la audiencia, las partes explicaron el acuerdo para concluir la causa mediante el procedimiento de juicio abreviado, conforme lo previsto en el Art. 234 del C\u00f3digo de Procedimiento Penal de la provincia de San Luis.<\/h3>\n<h3>En representaci\u00f3n del Ministerio P\u00fablico Fiscal, la Dra. Daniela Torres \u2013 acompa\u00f1ada por el fiscal adjunto Gast\u00f3n Yllera \u2013 record\u00f3 las circunstancias en las que se inici\u00f3 la investigaci\u00f3n. Explic\u00f3 que el\u00a0 delito se encuadra en lo previsto en el art. 131 del C\u00f3digo Penal Argentina y que se acord\u00f3 una pena de tres a\u00f1os de prisi\u00f3n en suspenso.<\/h3>\n<h3>La defensa, representada por la Dra. Alejandra Zunini y el procurador Adolfo Cafieri no formul\u00f3 objeciones. Mientras que, cedida la palabra al imputado, reconoci\u00f3 su autor\u00eda, la calificaci\u00f3n legal efectuada y la imposici\u00f3n de la pena, todo conforme lo se\u00f1alado por la representante del Ministerio P\u00fablico Fiscal.<\/h3>\n<h3>Luego de escuchar a las partes, la Dra. Ucelay comunic\u00f3 la admisibilidad del juicio abreviado y declar\u00f3 a Edgar David Nicollier Giacomuzzi responsable del delito de grooming en calidad de autor y lo conden\u00f3 a sufrir la pena de tres a\u00f1os de prisi\u00f3n en suspenso, disponiendo su inmediata libertad, sin perjuicio de quedar a disposici\u00f3n de alguna autoridad que as\u00ed lo requiera.<\/h3>\n<h3><img fetchpriority=\"high\" decoding=\"async\" class=\" wp-image-450120 aligncenter\" src=\"https:\/\/www.periodicojudicial.gov.ar\/wp-content\/uploads\/2023\/08\/DSC_0397-300x200.jpg\" sizes=\"(max-width: 300px) 100vw, 300px\" srcset=\"https:\/\/www.periodicojudicial.gov.ar\/wp-content\/uploads\/2023\/08\/DSC_0397-300x200.jpg 300w, https:\/\/www.periodicojudicial.gov.ar\/wp-content\/uploads\/2023\/08\/DSC_0397-1024x683.jpg 1024w, https:\/\/www.periodicojudicial.gov.ar\/wp-content\/uploads\/2023\/08\/DSC_0397-768x512.jpg 768w, https:\/\/www.periodicojudicial.gov.ar\/wp-content\/uploads\/2023\/08\/DSC_0397-600x398.jpg 600w, https:\/\/www.periodicojudicial.gov.ar\/wp-content\/uploads\/2023\/08\/DSC_0397-1536x1025.jpg 1536w, https:\/\/www.periodicojudicial.gov.ar\/wp-content\/uploads\/2023\/08\/DSC_0397-2048x1367.jpg 2048w, https:\/\/www.periodicojudicial.gov.ar\/wp-content\/uploads\/2023\/08\/DSC_0397-272x182.jpg 272w\" alt=\"\" width=\"488\" height=\"325\" \/><\/h3>\n<h3><strong>HECHOS<\/strong><\/h3>\n<h3>La Dra. Torres\u00a0 describi\u00f3 las circunstancias que motivaron el inicio de la investigaci\u00f3n. Dijo que hubo dos v\u00edctimas. La primera denuncia se radic\u00f3 el pasado 7 de febrero, cuando la madre de una de las ni\u00f1as inform\u00f3 que su hija recib\u00eda mensajes a trav\u00e9s de alguien que le requer\u00eda im\u00e1genes de \u00edndole sexual.<\/h3>\n<h3>Las conversaciones que ten\u00edan se dieron por Instagram con dos ni\u00f1as de 10 a\u00f1os y otra de 12. \u201cEntre los mensajes a una de las chicas eran que pretend\u00eda un encuentro y otra recibi\u00f3 una foto de \u00e9l que ayud\u00f3 a dar con el sospechoso\u201d.<\/h3>\n<h3>Al trascender el hecho y la detenci\u00f3n, la Iglesia del S\u00e9ptimo D\u00eda donde\u00a0<strong>Nicollier se desempe\u00f1aba como pastor procedi\u00f3 a expulsarlo y a ponerse a disposici\u00f3n de la justicia.<\/strong><\/h3>\n","protected":false},"excerpt":{"rendered":"<p>En la ma\u00f1ana de este mi\u00e9rcoles se desarroll\u00f3 la audiencia en la que\u00a0Edgar David Nicollier&#8230;<\/p>\n","protected":false},"author":1,"featured_media":901,"comment_status":"closed","ping_status":"closed","sticky":false,"template":"","format":"standard","meta":{"footnotes":""},"categories":[6],"tags":[],"class_list":["post-900","post","type-post","status-publish","format-standard","has-post-thumbnail","hentry","category-ciudad-provincia"],"yoast_head":"<!-- This site is optimized with the Yoast SEO plugin v26.1.1 - https:\/\/yoast.com\/wordpress\/plugins\/seo\/ -->\n<title>CASO DE GROOMING: CONDENARON AL PASTOR A 3 A\u00d1OS DE PRISI\u00d3N EN SUSPENSO - Apuntes de San Luis<\/title>\n<meta name=\"robots\" content=\"index, follow, max-snippet:-1, max-image-preview:large, max-video-preview:-1\" \/>\n<link rel=\"canonical\" href=\"https:\/\/apuntesdesanluis.com\/index.php\/2023\/08\/02\/caso-de-grooming-condenaron-al-pastor-a-3-anos-de-prision-en-suspenso\/\" \/>\n<meta property=\"og:locale\" content=\"es_ES\" \/>\n<meta property=\"og:type\" content=\"article\" \/>\n<meta property=\"og:title\" content=\"CASO DE GROOMING: CONDENARON AL PASTOR A 3 A\u00d1OS DE PRISI\u00d3N EN SUSPENSO - Apuntes de San Luis\" \/>\n<meta property=\"og:description\" content=\"En la ma\u00f1ana de este mi\u00e9rcoles se desarroll\u00f3 la audiencia en la que\u00a0Edgar David Nicollier...\" \/>\n<meta property=\"og:url\" content=\"https:\/\/apuntesdesanluis.com\/index.php\/2023\/08\/02\/caso-de-grooming-condenaron-al-pastor-a-3-anos-de-prision-en-suspenso\/\" \/>\n<meta property=\"og:site_name\" content=\"Apuntes de San Luis\" \/>\n<meta property=\"article:published_time\" content=\"2023-08-02T17:49:40+00:00\" \/>\n<meta property=\"article:modified_time\" content=\"2023-08-02T17:55:57+00:00\" \/>\n<meta property=\"og:image\" content=\"https:\/\/apuntesdesanluis.com\/wp-content\/uploads\/2023\/08\/juicio.png\" \/>\n\t<meta property=\"og:image:width\" content=\"600\" \/>\n\t<meta property=\"og:image:height\" content=\"359\" \/>\n\t<meta property=\"og:image:type\" content=\"image\/png\" \/>\n<meta name=\"author\" content=\"apuntesdesanluis.com\" \/>\n<meta name=\"twitter:card\" content=\"summary_large_image\" \/>\n<meta name=\"twitter:label1\" content=\"Escrito por\" \/>\n\t<meta name=\"twitter:data1\" content=\"apuntesdesanluis.com\" \/>\n\t<meta name=\"twitter:label2\" content=\"Tiempo de lectura\" \/>\n\t<meta name=\"twitter:data2\" content=\"3 minutos\" \/>\n<script type=\"application\/ld+json\" class=\"yoast-schema-graph\">{\"@context\":\"https:\/\/schema.org\",\"@graph\":[{\"@type\":\"Article\",\"@id\":\"https:\/\/apuntesdesanluis.com\/index.php\/2023\/08\/02\/caso-de-grooming-condenaron-al-pastor-a-3-anos-de-prision-en-suspenso\/#article\",\"isPartOf\":{\"@id\":\"https:\/\/apuntesdesanluis.com\/index.php\/2023\/08\/02\/caso-de-grooming-condenaron-al-pastor-a-3-anos-de-prision-en-suspenso\/\"},\"author\":{\"name\":\"apuntesdesanluis.com\",\"@id\":\"https:\/\/apuntesdesanluis.com\/#\/schema\/person\/b55151d52296fcce64d1a72538a70b90\"},\"headline\":\"CASO DE GROOMING: CONDENARON AL PASTOR A 3 A\u00d1OS DE PRISI\u00d3N EN SUSPENSO\",\"datePublished\":\"2023-08-02T17:49:40+00:00\",\"dateModified\":\"2023-08-02T17:55:57+00:00\",\"mainEntityOfPage\":{\"@id\":\"https:\/\/apuntesdesanluis.com\/index.php\/2023\/08\/02\/caso-de-grooming-condenaron-al-pastor-a-3-anos-de-prision-en-suspenso\/\"},\"wordCount\":476,\"publisher\":{\"@id\":\"https:\/\/apuntesdesanluis.com\/#\/schema\/person\/b55151d52296fcce64d1a72538a70b90\"},\"image\":{\"@id\":\"https:\/\/apuntesdesanluis.com\/index.php\/2023\/08\/02\/caso-de-grooming-condenaron-al-pastor-a-3-anos-de-prision-en-suspenso\/#primaryimage\"},\"thumbnailUrl\":\"https:\/\/apuntesdesanluis.com\/wp-content\/uploads\/2023\/08\/juicio.png\",\"articleSection\":[\"Ciudad\/Provincia\"],\"inLanguage\":\"es-AR\"},{\"@type\":\"WebPage\",\"@id\":\"https:\/\/apuntesdesanluis.com\/index.php\/2023\/08\/02\/caso-de-grooming-condenaron-al-pastor-a-3-anos-de-prision-en-suspenso\/\",\"url\":\"https:\/\/apuntesdesanluis.com\/index.php\/2023\/08\/02\/caso-de-grooming-condenaron-al-pastor-a-3-anos-de-prision-en-suspenso\/\",\"name\":\"CASO DE GROOMING: CONDENARON AL PASTOR A 3 A\u00d1OS DE PRISI\u00d3N EN SUSPENSO - Apuntes de San Luis\",\"isPartOf\":{\"@id\":\"https:\/\/apuntesdesanluis.com\/#website\"},\"primaryImageOfPage\":{\"@id\":\"https:\/\/apuntesdesanluis.com\/index.php\/2023\/08\/02\/caso-de-grooming-condenaron-al-pastor-a-3-anos-de-prision-en-suspenso\/#primaryimage\"},\"image\":{\"@id\":\"https:\/\/apuntesdesanluis.com\/index.php\/2023\/08\/02\/caso-de-grooming-condenaron-al-pastor-a-3-anos-de-prision-en-suspenso\/#primaryimage\"},\"thumbnailUrl\":\"https:\/\/apuntesdesanluis.com\/wp-content\/uploads\/2023\/08\/juicio.png\",\"datePublished\":\"2023-08-02T17:49:40+00:00\",\"dateModified\":\"2023-08-02T17:55:57+00:00\",\"breadcrumb\":{\"@id\":\"https:\/\/apuntesdesanluis.com\/index.php\/2023\/08\/02\/caso-de-grooming-condenaron-al-pastor-a-3-anos-de-prision-en-suspenso\/#breadcrumb\"},\"inLanguage\":\"es-AR\",\"potentialAction\":[{\"@type\":\"ReadAction\",\"target\":[\"https:\/\/apuntesdesanluis.com\/index.php\/2023\/08\/02\/caso-de-grooming-condenaron-al-pastor-a-3-anos-de-prision-en-suspenso\/\"]}]},{\"@type\":\"ImageObject\",\"inLanguage\":\"es-AR\",\"@id\":\"https:\/\/apuntesdesanluis.com\/index.php\/2023\/08\/02\/caso-de-grooming-condenaron-al-pastor-a-3-anos-de-prision-en-suspenso\/#primaryimage\",\"url\":\"https:\/\/apuntesdesanluis.com\/wp-content\/uploads\/2023\/08\/juicio.png\",\"contentUrl\":\"https:\/\/apuntesdesanluis.com\/wp-content\/uploads\/2023\/08\/juicio.png\",\"width\":600,\"height\":359},{\"@type\":\"BreadcrumbList\",\"@id\":\"https:\/\/apuntesdesanluis.com\/index.php\/2023\/08\/02\/caso-de-grooming-condenaron-al-pastor-a-3-anos-de-prision-en-suspenso\/#breadcrumb\",\"itemListElement\":[{\"@type\":\"ListItem\",\"position\":1,\"name\":\"Inicio\",\"item\":\"https:\/\/apuntesdesanluis.com\/\"},{\"@type\":\"ListItem\",\"position\":2,\"name\":\"CASO DE GROOMING: CONDENARON AL PASTOR A 3 A\u00d1OS DE PRISI\u00d3N EN SUSPENSO\"}]},{\"@type\":\"WebSite\",\"@id\":\"https:\/\/apuntesdesanluis.com\/#website\",\"url\":\"https:\/\/apuntesdesanluis.com\/\",\"name\":\"Apuntes de San Luis\",\"description\":\"\",\"publisher\":{\"@id\":\"https:\/\/apuntesdesanluis.com\/#\/schema\/person\/b55151d52296fcce64d1a72538a70b90\"},\"potentialAction\":[{\"@type\":\"SearchAction\",\"target\":{\"@type\":\"EntryPoint\",\"urlTemplate\":\"https:\/\/apuntesdesanluis.com\/?s={search_term_string}\"},\"query-input\":{\"@type\":\"PropertyValueSpecification\",\"valueRequired\":true,\"valueName\":\"search_term_string\"}}],\"inLanguage\":\"es-AR\"},{\"@type\":[\"Person\",\"Organization\"],\"@id\":\"https:\/\/apuntesdesanluis.com\/#\/schema\/person\/b55151d52296fcce64d1a72538a70b90\",\"name\":\"apuntesdesanluis.com\",\"image\":{\"@type\":\"ImageObject\",\"inLanguage\":\"es-AR\",\"@id\":\"https:\/\/apuntesdesanluis.com\/#\/schema\/person\/image\/\",\"url\":\"https:\/\/apuntesdesanluis.com\/wp-content\/uploads\/2023\/07\/cropped-apuntesdesanluis.png\",\"contentUrl\":\"https:\/\/apuntesdesanluis.com\/wp-content\/uploads\/2023\/07\/cropped-apuntesdesanluis.png\",\"width\":450,\"height\":112,\"caption\":\"apuntesdesanluis.com\"},\"logo\":{\"@id\":\"https:\/\/apuntesdesanluis.com\/#\/schema\/person\/image\/\"},\"sameAs\":[\"https:\/\/apuntesdesanluis.com\"],\"url\":\"https:\/\/apuntesdesanluis.com\/index.php\/author\/apuntesdesanluis-com\/\"}]}<\/script>\n<!-- \/ Yoast SEO plugin. -->","yoast_head_json":{"title":"CASO DE GROOMING: CONDENARON AL PASTOR A 3 A\u00d1OS DE PRISI\u00d3N EN SUSPENSO - Apuntes de San Luis","robots":{"index":"index","follow":"follow","max-snippet":"max-snippet:-1","max-image-preview":"max-image-preview:large","max-video-preview":"max-video-preview:-1"},"canonical":"https:\/\/apuntesdesanluis.com\/index.php\/2023\/08\/02\/caso-de-grooming-condenaron-al-pastor-a-3-anos-de-prision-en-suspenso\/","og_locale":"es_ES","og_type":"article","og_title":"CASO DE GROOMING: CONDENARON AL PASTOR A 3 A\u00d1OS DE PRISI\u00d3N EN SUSPENSO - Apuntes de San Luis","og_description":"En la ma\u00f1ana de este mi\u00e9rcoles se desarroll\u00f3 la audiencia en la que\u00a0Edgar David Nicollier...","og_url":"https:\/\/apuntesdesanluis.com\/index.php\/2023\/08\/02\/caso-de-grooming-condenaron-al-pastor-a-3-anos-de-prision-en-suspenso\/","og_site_name":"Apuntes de San Luis","article_published_time":"2023-08-02T17:49:40+00:00","article_modified_time":"2023-08-02T17:55:57+00:00","og_image":[{"width":600,"height":359,"url":"https:\/\/apuntesdesanluis.com\/wp-content\/uploads\/2023\/08\/juicio.png","type":"image\/png"}],"author":"apuntesdesanluis.com","twitter_card":"summary_large_image","twitter_misc":{"Escrito por":"apuntesdesanluis.com","Tiempo de lectura":"3 minutos"},"schema":{"@context":"https:\/\/schema.org","@graph":[{"@type":"Article","@id":"https:\/\/apuntesdesanluis.com\/index.php\/2023\/08\/02\/caso-de-grooming-condenaron-al-pastor-a-3-anos-de-prision-en-suspenso\/#article","isPartOf":{"@id":"https:\/\/apuntesdesanluis.com\/index.php\/2023\/08\/02\/caso-de-grooming-condenaron-al-pastor-a-3-anos-de-prision-en-suspenso\/"},"author":{"name":"apuntesdesanluis.com","@id":"https:\/\/apuntesdesanluis.com\/#\/schema\/person\/b55151d52296fcce64d1a72538a70b90"},"headline":"CASO DE GROOMING: CONDENARON AL PASTOR A 3 A\u00d1OS DE PRISI\u00d3N EN SUSPENSO","datePublished":"2023-08-02T17:49:40+00:00","dateModified":"2023-08-02T17:55:57+00:00","mainEntityOfPage":{"@id":"https:\/\/apuntesdesanluis.com\/index.php\/2023\/08\/02\/caso-de-grooming-condenaron-al-pastor-a-3-anos-de-prision-en-suspenso\/"},"wordCount":476,"publisher":{"@id":"https:\/\/apuntesdesanluis.com\/#\/schema\/person\/b55151d52296fcce64d1a72538a70b90"},"image":{"@id":"https:\/\/apuntesdesanluis.com\/index.php\/2023\/08\/02\/caso-de-grooming-condenaron-al-pastor-a-3-anos-de-prision-en-suspenso\/#primaryimage"},"thumbnailUrl":"https:\/\/apuntesdesanluis.com\/wp-content\/uploads\/2023\/08\/juicio.png","articleSection":["Ciudad\/Provincia"],"inLanguage":"es-AR"},{"@type":"WebPage","@id":"https:\/\/apuntesdesanluis.com\/index.php\/2023\/08\/02\/caso-de-grooming-condenaron-al-pastor-a-3-anos-de-prision-en-suspenso\/","url":"https:\/\/apuntesdesanluis.com\/index.php\/2023\/08\/02\/caso-de-grooming-condenaron-al-pastor-a-3-anos-de-prision-en-suspenso\/","name":"CASO DE GROOMING: CONDENARON AL PASTOR A 3 A\u00d1OS DE PRISI\u00d3N EN SUSPENSO - Apuntes de San Luis","isPartOf":{"@id":"https:\/\/apuntesdesanluis.com\/#website"},"primaryImageOfPage":{"@id":"https:\/\/apuntesdesanluis.com\/index.php\/2023\/08\/02\/caso-de-grooming-condenaron-al-pastor-a-3-anos-de-prision-en-suspenso\/#primaryimage"},"image":{"@id":"https:\/\/apuntesdesanluis.com\/index.php\/2023\/08\/02\/caso-de-grooming-condenaron-al-pastor-a-3-anos-de-prision-en-suspenso\/#primaryimage"},"thumbnailUrl":"https:\/\/apuntesdesanluis.com\/wp-content\/uploads\/2023\/08\/juicio.png","datePublished":"2023-08-02T17:49:40+00:00","dateModified":"2023-08-02T17:55:57+00:00","breadcrumb":{"@id":"https:\/\/apuntesdesanluis.com\/index.php\/2023\/08\/02\/caso-de-grooming-condenaron-al-pastor-a-3-anos-de-prision-en-suspenso\/#breadcrumb"},"inLanguage":"es-AR","potentialAction":[{"@type":"ReadAction","target":["https:\/\/apuntesdesanluis.com\/index.php\/2023\/08\/02\/caso-de-grooming-condenaron-al-pastor-a-3-anos-de-prision-en-suspenso\/"]}]},{"@type":"ImageObject","inLanguage":"es-AR","@id":"https:\/\/apuntesdesanluis.com\/index.php\/2023\/08\/02\/caso-de-grooming-condenaron-al-pastor-a-3-anos-de-prision-en-suspenso\/#primaryimage","url":"https:\/\/apuntesdesanluis.com\/wp-content\/uploads\/2023\/08\/juicio.png","contentUrl":"https:\/\/apuntesdesanluis.com\/wp-content\/uploads\/2023\/08\/juicio.png","width":600,"height":359},{"@type":"BreadcrumbList","@id":"https:\/\/apuntesdesanluis.com\/index.php\/2023\/08\/02\/caso-de-grooming-condenaron-al-pastor-a-3-anos-de-prision-en-suspenso\/#breadcrumb","itemListElement":[{"@type":"ListItem","position":1,"name":"Inicio","item":"https:\/\/apuntesdesanluis.com\/"},{"@type":"ListItem","position":2,"name":"CASO DE GROOMING: CONDENARON AL PASTOR A 3 A\u00d1OS DE PRISI\u00d3N EN SUSPENSO"}]},{"@type":"WebSite","@id":"https:\/\/apuntesdesanluis.com\/#website","url":"https:\/\/apuntesdesanluis.com\/","name":"Apuntes de San Luis","description":"","publisher":{"@id":"https:\/\/apuntesdesanluis.com\/#\/schema\/person\/b55151d52296fcce64d1a72538a70b90"},"potentialAction":[{"@type":"SearchAction","target":{"@type":"EntryPoint","urlTemplate":"https:\/\/apuntesdesanluis.com\/?s={search_term_string}"},"query-input":{"@type":"PropertyValueSpecification","valueRequired":true,"valueName":"search_term_string"}}],"inLanguage":"es-AR"},{"@type":["Person","Organization"],"@id":"https:\/\/apuntesdesanluis.com\/#\/schema\/person\/b55151d52296fcce64d1a72538a70b90","name":"apuntesdesanluis.com","image":{"@type":"ImageObject","inLanguage":"es-AR","@id":"https:\/\/apuntesdesanluis.com\/#\/schema\/person\/image\/","url":"https:\/\/apuntesdesanluis.com\/wp-content\/uploads\/2023\/07\/cropped-apuntesdesanluis.png","contentUrl":"https:\/\/apuntesdesanluis.com\/wp-content\/uploads\/2023\/07\/cropped-apuntesdesanluis.png","width":450,"height":112,"caption":"apuntesdesanluis.com"},"logo":{"@id":"https:\/\/apuntesdesanluis.com\/#\/schema\/person\/image\/"},"sameAs":["https:\/\/apuntesdesanluis.com"],"url":"https:\/\/apuntesdesanluis.com\/index.php\/author\/apuntesdesanluis-com\/"}]}},"featured_image_urls":{"full":["https:\/\/apuntesdesanluis.com\/wp-content\/uploads\/2023\/08\/juicio.png",600,359,false],"thumbnail":["https:\/\/apuntesdesanluis.com\/wp-content\/uploads\/2023\/08\/juicio-150x150.png",150,150,true],"medium":["https:\/\/apuntesdesanluis.com\/wp-content\/uploads\/2023\/08\/juicio-300x180.png",300,180,true],"medium_large":["https:\/\/apuntesdesanluis.com\/wp-content\/uploads\/2023\/08\/juicio.png",600,359,false],"large":["https:\/\/apuntesdesanluis.com\/wp-content\/uploads\/2023\/08\/juicio.png",600,359,false],"1536x1536":["https:\/\/apuntesdesanluis.com\/wp-content\/uploads\/2023\/08\/juicio.png",600,359,false],"2048x2048":["https:\/\/apuntesdesanluis.com\/wp-content\/uploads\/2023\/08\/juicio.png",600,359,false],"newsever-slider-full":["https:\/\/apuntesdesanluis.com\/wp-content\/uploads\/2023\/08\/juicio.png",600,359,false],"newsever-featured":["https:\/\/apuntesdesanluis.com\/wp-content\/uploads\/2023\/08\/juicio.png",600,359,false],"newsever-medium":["https:\/\/apuntesdesanluis.com\/wp-content\/uploads\/2023\/08\/juicio.png",600,359,false]},"author_info":{"display_name":"apuntesdesanluis.com","author_link":"https:\/\/apuntesdesanluis.com\/index.php\/author\/apuntesdesanluis-com\/"},"category_info":"<a href=\"https:\/\/apuntesdesanluis.com\/index.php\/category\/ciudad-provincia\/\" rel=\"category tag\">Ciudad\/Provincia<\/a>","tag_info":"Ciudad\/Provincia","comment_count":"0","_links":{"self":[{"href":"https:\/\/apuntesdesanluis.com\/index.php\/wp-json\/wp\/v2\/posts\/900","targetHints":{"allow":["GET"]}}],"collection":[{"href":"https:\/\/apuntesdesanluis.com\/index.php\/wp-json\/wp\/v2\/posts"}],"about":[{"href":"https:\/\/apuntesdesanluis.com\/index.php\/wp-json\/wp\/v2\/types\/post"}],"author":[{"embeddable":true,"href":"https:\/\/apuntesdesanluis.com\/index.php\/wp-json\/wp\/v2\/users\/1"}],"replies":[{"embeddable":true,"href":"https:\/\/apuntesdesanluis.com\/index.php\/wp-json\/wp\/v2\/comments?post=900"}],"version-history":[{"count":5,"href":"https:\/\/apuntesdesanluis.com\/index.php\/wp-json\/wp\/v2\/posts\/900\/revisions"}],"predecessor-version":[{"id":906,"href":"https:\/\/apuntesdesanluis.com\/index.php\/wp-json\/wp\/v2\/posts\/900\/revisions\/906"}],"wp:featuredmedia":[{"embeddable":true,"href":"https:\/\/apuntesdesanluis.com\/index.php\/wp-json\/wp\/v2\/media\/901"}],"wp:attachment":[{"href":"https:\/\/apuntesdesanluis.com\/index.php\/wp-json\/wp\/v2\/media?parent=900"}],"wp:term":[{"taxonomy":"category","embeddable":true,"href":"https:\/\/apuntesdesanluis.com\/index.php\/wp-json\/wp\/v2\/categories?post=900"},{"taxonomy":"post_tag","embeddable":true,"href":"https:\/\/apuntesdesanluis.com\/index.php\/wp-json\/wp\/v2\/tags?post=900"}],"curies":[{"name":"wp","href":"https:\/\/api.w.org\/{rel}","templated":true}]}}