{"id":9018,"date":"2023-12-26T22:33:18","date_gmt":"2023-12-27T01:33:18","guid":{"rendered":"https:\/\/apuntesdesanluis.com\/?p=9018"},"modified":"2023-12-26T22:33:18","modified_gmt":"2023-12-27T01:33:18","slug":"comenzo-el-juicio-contra-cuatro-personas-por-el-homicidio-de-claudio-leyes","status":"publish","type":"post","link":"https:\/\/apuntesdesanluis.com\/index.php\/2023\/12\/26\/comenzo-el-juicio-contra-cuatro-personas-por-el-homicidio-de-claudio-leyes\/","title":{"rendered":"COMENZ\u00d3 EL JUICIO CONTRA CUATRO PERSONAS POR EL HOMICIDIO DE CLAUDIO LEYES"},"content":{"rendered":"<h3>En la Sala Oral N\u00ba 1 de los tribunales de la ciudad de San Luis, comenzaron a ser juzgados desde este martes <strong>Bernab\u00e9 Ch\u00e1vez, Ver\u00f3nica Ag\u00fcero, An\u00edbal Galeano<\/strong>, y <strong>Yamila Barroso<\/strong>, acusados del delito de homicidio en ocasi\u00f3n de robo en perjuicio de <strong>Claudio Leyes<\/strong>. Por este hecho, las personas imputadas enfrentan pedidos de condenas de 16 a 20 a\u00f1os de prisi\u00f3n.<\/h3>\n<h3>\u201cLas pruebas contras los acusados es contundente. Los cuatro acusados tuvieron participaci\u00f3n directa y un codominio funcional del hecho\u201d, expres\u00f3 la fiscal de Juicio, Virginia Palacios, en su alegato de apertura.<\/h3>\n<h3>La \u201ccoautor\u00eda funcional\u201d supone una divisi\u00f3n o distribuci\u00f3n del trabajo en la que todos tienen \u201cdominio funcional\u201d del hecho, pero individualmente solamente realizan una parte del n\u00facleo t\u00edpico (unos trazan el plan, otros se apoderan, otros facilitan la huida, etc).<\/h3>\n<h3>De acuerdo a la reconstrucci\u00f3n que realiz\u00f3 el Ministerio P\u00fablico Fiscal, el 17 de abril a la madrugada, Reymundo Cabrera se comunic\u00f3 con Leyes y quedaron en reunirse en el play\u00f3n de la estaci\u00f3n de servicio Axi\u00f3n de Juana Koslay.<\/h3>\n<h3>\u201cEllos se conoc\u00edan. Cabrera se encontraba con los aqu\u00ed acusados en una garita y todos se subieron a un Peugeot 206 y se dirigieron hasta donde se encontraba Leyes. Eran entre las 5:50 y las 6:00 horas. Una vez en el lugar arremetieron contra la v\u00edctima en forma conjunta. Galeano lo golpe\u00f3 y una vez en el piso lo siguieron golpeando. Lo desapoderaron de su billetera, le sacaron dinero y otras pertenencias. Toda esta secuencia la vamos a probar a lo largo del debate oral\u201d, dijo la fiscal.\u00a0 Iv\u00e1n Coria, abogado de la parte querellante, adhiri\u00f3 a lo expresado por Palacios.<\/h3>\n<h3>La v\u00edctima estuvo internada en el Hospital Ram\u00f3n Carrillo durante seis meses. En octubre del 2022 recibi\u00f3 alta domiciliaria y muri\u00f3 el 17 de enero de 2023 en su domicilio del Barrio Maximiliano Toro, a causa de un shock cardiog\u00e9nico irreversible, traumatismos graves de cr\u00e1neo y epilepsia\/convulsi\u00f3n postraum\u00e1tica. En un primer momento, la causa estaba calificada como robo doblemente calificado. Luego de la muerte de Leyes, mut\u00f3 a homicidio en ocasi\u00f3n de robo.<\/h3>\n<h3>Federico Putelli, abogado defensor de Galeano y Ch\u00e1vez, dijo en su alegato que sus defendidos se hab\u00edan reunido ese d\u00eda a tomar alcohol y que Cabrera llam\u00f3 a Leyes. \u201cEn la playa se produce una discusi\u00f3n y hubo un intercambio de golpes. Ch\u00e1vez lo desapodera de sus cosas, pero no le pega, no hubo nunca una intenci\u00f3n de matar para robar. Vale decir que cuando llega la ambulancia al lugar, Leyes se niega a ser atendido y es por eso que Cabrera lo lleva hasta su casa. All\u00ed \u00e9l se cae nuevamente\u201d, narr\u00f3 el defensor.<\/h3>\n<h3>Adriana Algarbe, defensora de Barroso, dijo que ni su defendida ni la otra mujer se bajaron del auto esa noche por lo que \u201cjam\u00e1s pudo tener un co-dominio funcional del hecho\u201d. La Defensora Oficial N\u00ba 2, Eliana Pradel, por su parte, dijo que su defendida esa noche acompa\u00f1\u00f3 al agresor, Ch\u00e1vez. \u201cNo ten\u00eda otra opci\u00f3n, si ella se alejaba, \u00e9l la golpeaba. El d\u00eda del hecho, Ag\u00fcero ni golpe\u00f3 ni rob\u00f3. Ella fue v\u00edctima de m\u00faltiples violencias, desde vivir en situaci\u00f3n de calle a sufrir abusos y ser v\u00edctima de una red de trata. Por la vida que vivi\u00f3 ella naturaliz\u00f3 la violencia por lo que le solicito al tribunal que analice y juzgue con perspectiva de g\u00e9nero\u201d, dijo la Defensora.<\/h3>\n<h3>El debate continuar\u00e1 este mi\u00e9rcoles con la declaraci\u00f3n de ocho testigos.<\/h3>\n<h3>El debate oral y p\u00fablico est\u00e1 a cargo del Colegio de Jueces de la Primera Circunscripci\u00f3n, integrado por Mar\u00eda Eugenia Zabala Chacur, Jos\u00e9 Luis Flores y Ariel Parrillis.<\/h3>\n<p>&nbsp;<\/p>\n<p>&nbsp;<\/p>\n<p>&nbsp;<\/p>\n<p>&nbsp;<\/p>\n<p>&nbsp;<\/p>\n","protected":false},"excerpt":{"rendered":"<p>En la Sala Oral N\u00ba 1 de los tribunales de la ciudad de San Luis,&#8230;<\/p>\n","protected":false},"author":1,"featured_media":9019,"comment_status":"closed","ping_status":"closed","sticky":false,"template":"","format":"standard","meta":{"footnotes":""},"categories":[6],"tags":[],"class_list":["post-9018","post","type-post","status-publish","format-standard","has-post-thumbnail","hentry","category-ciudad-provincia"],"yoast_head":"<!-- This site is optimized with the Yoast SEO plugin v26.1.1 - https:\/\/yoast.com\/wordpress\/plugins\/seo\/ -->\n<title>COMENZ\u00d3 EL JUICIO CONTRA CUATRO PERSONAS POR EL HOMICIDIO DE CLAUDIO LEYES - Apuntes de San Luis<\/title>\n<meta name=\"robots\" content=\"index, follow, max-snippet:-1, max-image-preview:large, max-video-preview:-1\" \/>\n<link rel=\"canonical\" href=\"https:\/\/apuntesdesanluis.com\/index.php\/2023\/12\/26\/comenzo-el-juicio-contra-cuatro-personas-por-el-homicidio-de-claudio-leyes\/\" \/>\n<meta property=\"og:locale\" content=\"es_ES\" \/>\n<meta property=\"og:type\" content=\"article\" \/>\n<meta property=\"og:title\" content=\"COMENZ\u00d3 EL JUICIO CONTRA CUATRO PERSONAS POR EL HOMICIDIO DE CLAUDIO LEYES - Apuntes de San Luis\" \/>\n<meta property=\"og:description\" content=\"En la Sala Oral N\u00ba 1 de los tribunales de la ciudad de San Luis,...\" \/>\n<meta property=\"og:url\" content=\"https:\/\/apuntesdesanluis.com\/index.php\/2023\/12\/26\/comenzo-el-juicio-contra-cuatro-personas-por-el-homicidio-de-claudio-leyes\/\" \/>\n<meta property=\"og:site_name\" content=\"Apuntes de San Luis\" \/>\n<meta property=\"article:published_time\" content=\"2023-12-27T01:33:18+00:00\" \/>\n<meta property=\"og:image\" content=\"https:\/\/apuntesdesanluis.com\/wp-content\/uploads\/2023\/12\/JUICIO-5.png\" \/>\n\t<meta property=\"og:image:width\" content=\"617\" \/>\n\t<meta property=\"og:image:height\" content=\"364\" \/>\n\t<meta property=\"og:image:type\" content=\"image\/png\" \/>\n<meta name=\"author\" content=\"apuntesdesanluis.com\" \/>\n<meta name=\"twitter:card\" content=\"summary_large_image\" \/>\n<meta name=\"twitter:label1\" content=\"Escrito por\" \/>\n\t<meta name=\"twitter:data1\" content=\"apuntesdesanluis.com\" \/>\n\t<meta name=\"twitter:label2\" content=\"Tiempo de lectura\" \/>\n\t<meta name=\"twitter:data2\" content=\"3 minutos\" \/>\n<script type=\"application\/ld+json\" class=\"yoast-schema-graph\">{\"@context\":\"https:\/\/schema.org\",\"@graph\":[{\"@type\":\"Article\",\"@id\":\"https:\/\/apuntesdesanluis.com\/index.php\/2023\/12\/26\/comenzo-el-juicio-contra-cuatro-personas-por-el-homicidio-de-claudio-leyes\/#article\",\"isPartOf\":{\"@id\":\"https:\/\/apuntesdesanluis.com\/index.php\/2023\/12\/26\/comenzo-el-juicio-contra-cuatro-personas-por-el-homicidio-de-claudio-leyes\/\"},\"author\":{\"name\":\"apuntesdesanluis.com\",\"@id\":\"https:\/\/apuntesdesanluis.com\/#\/schema\/person\/b55151d52296fcce64d1a72538a70b90\"},\"headline\":\"COMENZ\u00d3 EL JUICIO CONTRA CUATRO PERSONAS POR EL HOMICIDIO DE CLAUDIO LEYES\",\"datePublished\":\"2023-12-27T01:33:18+00:00\",\"mainEntityOfPage\":{\"@id\":\"https:\/\/apuntesdesanluis.com\/index.php\/2023\/12\/26\/comenzo-el-juicio-contra-cuatro-personas-por-el-homicidio-de-claudio-leyes\/\"},\"wordCount\":659,\"publisher\":{\"@id\":\"https:\/\/apuntesdesanluis.com\/#\/schema\/person\/b55151d52296fcce64d1a72538a70b90\"},\"image\":{\"@id\":\"https:\/\/apuntesdesanluis.com\/index.php\/2023\/12\/26\/comenzo-el-juicio-contra-cuatro-personas-por-el-homicidio-de-claudio-leyes\/#primaryimage\"},\"thumbnailUrl\":\"https:\/\/apuntesdesanluis.com\/wp-content\/uploads\/2023\/12\/JUICIO-5.png\",\"articleSection\":[\"Ciudad\/Provincia\"],\"inLanguage\":\"es-AR\"},{\"@type\":\"WebPage\",\"@id\":\"https:\/\/apuntesdesanluis.com\/index.php\/2023\/12\/26\/comenzo-el-juicio-contra-cuatro-personas-por-el-homicidio-de-claudio-leyes\/\",\"url\":\"https:\/\/apuntesdesanluis.com\/index.php\/2023\/12\/26\/comenzo-el-juicio-contra-cuatro-personas-por-el-homicidio-de-claudio-leyes\/\",\"name\":\"COMENZ\u00d3 EL JUICIO CONTRA CUATRO PERSONAS POR EL HOMICIDIO DE CLAUDIO LEYES - Apuntes de San Luis\",\"isPartOf\":{\"@id\":\"https:\/\/apuntesdesanluis.com\/#website\"},\"primaryImageOfPage\":{\"@id\":\"https:\/\/apuntesdesanluis.com\/index.php\/2023\/12\/26\/comenzo-el-juicio-contra-cuatro-personas-por-el-homicidio-de-claudio-leyes\/#primaryimage\"},\"image\":{\"@id\":\"https:\/\/apuntesdesanluis.com\/index.php\/2023\/12\/26\/comenzo-el-juicio-contra-cuatro-personas-por-el-homicidio-de-claudio-leyes\/#primaryimage\"},\"thumbnailUrl\":\"https:\/\/apuntesdesanluis.com\/wp-content\/uploads\/2023\/12\/JUICIO-5.png\",\"datePublished\":\"2023-12-27T01:33:18+00:00\",\"breadcrumb\":{\"@id\":\"https:\/\/apuntesdesanluis.com\/index.php\/2023\/12\/26\/comenzo-el-juicio-contra-cuatro-personas-por-el-homicidio-de-claudio-leyes\/#breadcrumb\"},\"inLanguage\":\"es-AR\",\"potentialAction\":[{\"@type\":\"ReadAction\",\"target\":[\"https:\/\/apuntesdesanluis.com\/index.php\/2023\/12\/26\/comenzo-el-juicio-contra-cuatro-personas-por-el-homicidio-de-claudio-leyes\/\"]}]},{\"@type\":\"ImageObject\",\"inLanguage\":\"es-AR\",\"@id\":\"https:\/\/apuntesdesanluis.com\/index.php\/2023\/12\/26\/comenzo-el-juicio-contra-cuatro-personas-por-el-homicidio-de-claudio-leyes\/#primaryimage\",\"url\":\"https:\/\/apuntesdesanluis.com\/wp-content\/uploads\/2023\/12\/JUICIO-5.png\",\"contentUrl\":\"https:\/\/apuntesdesanluis.com\/wp-content\/uploads\/2023\/12\/JUICIO-5.png\",\"width\":617,\"height\":364},{\"@type\":\"BreadcrumbList\",\"@id\":\"https:\/\/apuntesdesanluis.com\/index.php\/2023\/12\/26\/comenzo-el-juicio-contra-cuatro-personas-por-el-homicidio-de-claudio-leyes\/#breadcrumb\",\"itemListElement\":[{\"@type\":\"ListItem\",\"position\":1,\"name\":\"Inicio\",\"item\":\"https:\/\/apuntesdesanluis.com\/\"},{\"@type\":\"ListItem\",\"position\":2,\"name\":\"COMENZ\u00d3 EL JUICIO CONTRA CUATRO PERSONAS POR EL HOMICIDIO DE CLAUDIO LEYES\"}]},{\"@type\":\"WebSite\",\"@id\":\"https:\/\/apuntesdesanluis.com\/#website\",\"url\":\"https:\/\/apuntesdesanluis.com\/\",\"name\":\"Apuntes de San Luis\",\"description\":\"\",\"publisher\":{\"@id\":\"https:\/\/apuntesdesanluis.com\/#\/schema\/person\/b55151d52296fcce64d1a72538a70b90\"},\"potentialAction\":[{\"@type\":\"SearchAction\",\"target\":{\"@type\":\"EntryPoint\",\"urlTemplate\":\"https:\/\/apuntesdesanluis.com\/?s={search_term_string}\"},\"query-input\":{\"@type\":\"PropertyValueSpecification\",\"valueRequired\":true,\"valueName\":\"search_term_string\"}}],\"inLanguage\":\"es-AR\"},{\"@type\":[\"Person\",\"Organization\"],\"@id\":\"https:\/\/apuntesdesanluis.com\/#\/schema\/person\/b55151d52296fcce64d1a72538a70b90\",\"name\":\"apuntesdesanluis.com\",\"image\":{\"@type\":\"ImageObject\",\"inLanguage\":\"es-AR\",\"@id\":\"https:\/\/apuntesdesanluis.com\/#\/schema\/person\/image\/\",\"url\":\"https:\/\/apuntesdesanluis.com\/wp-content\/uploads\/2023\/07\/cropped-apuntesdesanluis.png\",\"contentUrl\":\"https:\/\/apuntesdesanluis.com\/wp-content\/uploads\/2023\/07\/cropped-apuntesdesanluis.png\",\"width\":450,\"height\":112,\"caption\":\"apuntesdesanluis.com\"},\"logo\":{\"@id\":\"https:\/\/apuntesdesanluis.com\/#\/schema\/person\/image\/\"},\"sameAs\":[\"https:\/\/apuntesdesanluis.com\"],\"url\":\"https:\/\/apuntesdesanluis.com\/index.php\/author\/apuntesdesanluis-com\/\"}]}<\/script>\n<!-- \/ Yoast SEO plugin. -->","yoast_head_json":{"title":"COMENZ\u00d3 EL JUICIO CONTRA CUATRO PERSONAS POR EL HOMICIDIO DE CLAUDIO LEYES - Apuntes de San Luis","robots":{"index":"index","follow":"follow","max-snippet":"max-snippet:-1","max-image-preview":"max-image-preview:large","max-video-preview":"max-video-preview:-1"},"canonical":"https:\/\/apuntesdesanluis.com\/index.php\/2023\/12\/26\/comenzo-el-juicio-contra-cuatro-personas-por-el-homicidio-de-claudio-leyes\/","og_locale":"es_ES","og_type":"article","og_title":"COMENZ\u00d3 EL JUICIO CONTRA CUATRO PERSONAS POR EL HOMICIDIO DE CLAUDIO LEYES - Apuntes de San Luis","og_description":"En la Sala Oral N\u00ba 1 de los tribunales de la ciudad de San Luis,...","og_url":"https:\/\/apuntesdesanluis.com\/index.php\/2023\/12\/26\/comenzo-el-juicio-contra-cuatro-personas-por-el-homicidio-de-claudio-leyes\/","og_site_name":"Apuntes de San Luis","article_published_time":"2023-12-27T01:33:18+00:00","og_image":[{"width":617,"height":364,"url":"https:\/\/apuntesdesanluis.com\/wp-content\/uploads\/2023\/12\/JUICIO-5.png","type":"image\/png"}],"author":"apuntesdesanluis.com","twitter_card":"summary_large_image","twitter_misc":{"Escrito por":"apuntesdesanluis.com","Tiempo de lectura":"3 minutos"},"schema":{"@context":"https:\/\/schema.org","@graph":[{"@type":"Article","@id":"https:\/\/apuntesdesanluis.com\/index.php\/2023\/12\/26\/comenzo-el-juicio-contra-cuatro-personas-por-el-homicidio-de-claudio-leyes\/#article","isPartOf":{"@id":"https:\/\/apuntesdesanluis.com\/index.php\/2023\/12\/26\/comenzo-el-juicio-contra-cuatro-personas-por-el-homicidio-de-claudio-leyes\/"},"author":{"name":"apuntesdesanluis.com","@id":"https:\/\/apuntesdesanluis.com\/#\/schema\/person\/b55151d52296fcce64d1a72538a70b90"},"headline":"COMENZ\u00d3 EL JUICIO CONTRA CUATRO PERSONAS POR EL HOMICIDIO DE CLAUDIO LEYES","datePublished":"2023-12-27T01:33:18+00:00","mainEntityOfPage":{"@id":"https:\/\/apuntesdesanluis.com\/index.php\/2023\/12\/26\/comenzo-el-juicio-contra-cuatro-personas-por-el-homicidio-de-claudio-leyes\/"},"wordCount":659,"publisher":{"@id":"https:\/\/apuntesdesanluis.com\/#\/schema\/person\/b55151d52296fcce64d1a72538a70b90"},"image":{"@id":"https:\/\/apuntesdesanluis.com\/index.php\/2023\/12\/26\/comenzo-el-juicio-contra-cuatro-personas-por-el-homicidio-de-claudio-leyes\/#primaryimage"},"thumbnailUrl":"https:\/\/apuntesdesanluis.com\/wp-content\/uploads\/2023\/12\/JUICIO-5.png","articleSection":["Ciudad\/Provincia"],"inLanguage":"es-AR"},{"@type":"WebPage","@id":"https:\/\/apuntesdesanluis.com\/index.php\/2023\/12\/26\/comenzo-el-juicio-contra-cuatro-personas-por-el-homicidio-de-claudio-leyes\/","url":"https:\/\/apuntesdesanluis.com\/index.php\/2023\/12\/26\/comenzo-el-juicio-contra-cuatro-personas-por-el-homicidio-de-claudio-leyes\/","name":"COMENZ\u00d3 EL JUICIO CONTRA CUATRO PERSONAS POR EL HOMICIDIO DE CLAUDIO LEYES - Apuntes de San Luis","isPartOf":{"@id":"https:\/\/apuntesdesanluis.com\/#website"},"primaryImageOfPage":{"@id":"https:\/\/apuntesdesanluis.com\/index.php\/2023\/12\/26\/comenzo-el-juicio-contra-cuatro-personas-por-el-homicidio-de-claudio-leyes\/#primaryimage"},"image":{"@id":"https:\/\/apuntesdesanluis.com\/index.php\/2023\/12\/26\/comenzo-el-juicio-contra-cuatro-personas-por-el-homicidio-de-claudio-leyes\/#primaryimage"},"thumbnailUrl":"https:\/\/apuntesdesanluis.com\/wp-content\/uploads\/2023\/12\/JUICIO-5.png","datePublished":"2023-12-27T01:33:18+00:00","breadcrumb":{"@id":"https:\/\/apuntesdesanluis.com\/index.php\/2023\/12\/26\/comenzo-el-juicio-contra-cuatro-personas-por-el-homicidio-de-claudio-leyes\/#breadcrumb"},"inLanguage":"es-AR","potentialAction":[{"@type":"ReadAction","target":["https:\/\/apuntesdesanluis.com\/index.php\/2023\/12\/26\/comenzo-el-juicio-contra-cuatro-personas-por-el-homicidio-de-claudio-leyes\/"]}]},{"@type":"ImageObject","inLanguage":"es-AR","@id":"https:\/\/apuntesdesanluis.com\/index.php\/2023\/12\/26\/comenzo-el-juicio-contra-cuatro-personas-por-el-homicidio-de-claudio-leyes\/#primaryimage","url":"https:\/\/apuntesdesanluis.com\/wp-content\/uploads\/2023\/12\/JUICIO-5.png","contentUrl":"https:\/\/apuntesdesanluis.com\/wp-content\/uploads\/2023\/12\/JUICIO-5.png","width":617,"height":364},{"@type":"BreadcrumbList","@id":"https:\/\/apuntesdesanluis.com\/index.php\/2023\/12\/26\/comenzo-el-juicio-contra-cuatro-personas-por-el-homicidio-de-claudio-leyes\/#breadcrumb","itemListElement":[{"@type":"ListItem","position":1,"name":"Inicio","item":"https:\/\/apuntesdesanluis.com\/"},{"@type":"ListItem","position":2,"name":"COMENZ\u00d3 EL JUICIO CONTRA CUATRO PERSONAS POR EL HOMICIDIO DE CLAUDIO LEYES"}]},{"@type":"WebSite","@id":"https:\/\/apuntesdesanluis.com\/#website","url":"https:\/\/apuntesdesanluis.com\/","name":"Apuntes de San Luis","description":"","publisher":{"@id":"https:\/\/apuntesdesanluis.com\/#\/schema\/person\/b55151d52296fcce64d1a72538a70b90"},"potentialAction":[{"@type":"SearchAction","target":{"@type":"EntryPoint","urlTemplate":"https:\/\/apuntesdesanluis.com\/?s={search_term_string}"},"query-input":{"@type":"PropertyValueSpecification","valueRequired":true,"valueName":"search_term_string"}}],"inLanguage":"es-AR"},{"@type":["Person","Organization"],"@id":"https:\/\/apuntesdesanluis.com\/#\/schema\/person\/b55151d52296fcce64d1a72538a70b90","name":"apuntesdesanluis.com","image":{"@type":"ImageObject","inLanguage":"es-AR","@id":"https:\/\/apuntesdesanluis.com\/#\/schema\/person\/image\/","url":"https:\/\/apuntesdesanluis.com\/wp-content\/uploads\/2023\/07\/cropped-apuntesdesanluis.png","contentUrl":"https:\/\/apuntesdesanluis.com\/wp-content\/uploads\/2023\/07\/cropped-apuntesdesanluis.png","width":450,"height":112,"caption":"apuntesdesanluis.com"},"logo":{"@id":"https:\/\/apuntesdesanluis.com\/#\/schema\/person\/image\/"},"sameAs":["https:\/\/apuntesdesanluis.com"],"url":"https:\/\/apuntesdesanluis.com\/index.php\/author\/apuntesdesanluis-com\/"}]}},"featured_image_urls":{"full":["https:\/\/apuntesdesanluis.com\/wp-content\/uploads\/2023\/12\/JUICIO-5.png",617,364,false],"thumbnail":["https:\/\/apuntesdesanluis.com\/wp-content\/uploads\/2023\/12\/JUICIO-5-150x150.png",150,150,true],"medium":["https:\/\/apuntesdesanluis.com\/wp-content\/uploads\/2023\/12\/JUICIO-5-300x177.png",300,177,true],"medium_large":["https:\/\/apuntesdesanluis.com\/wp-content\/uploads\/2023\/12\/JUICIO-5.png",617,364,false],"large":["https:\/\/apuntesdesanluis.com\/wp-content\/uploads\/2023\/12\/JUICIO-5.png",617,364,false],"1536x1536":["https:\/\/apuntesdesanluis.com\/wp-content\/uploads\/2023\/12\/JUICIO-5.png",617,364,false],"2048x2048":["https:\/\/apuntesdesanluis.com\/wp-content\/uploads\/2023\/12\/JUICIO-5.png",617,364,false],"newsever-slider-full":["https:\/\/apuntesdesanluis.com\/wp-content\/uploads\/2023\/12\/JUICIO-5.png",617,364,false],"newsever-featured":["https:\/\/apuntesdesanluis.com\/wp-content\/uploads\/2023\/12\/JUICIO-5.png",617,364,false],"newsever-medium":["https:\/\/apuntesdesanluis.com\/wp-content\/uploads\/2023\/12\/JUICIO-5.png",617,364,false]},"author_info":{"display_name":"apuntesdesanluis.com","author_link":"https:\/\/apuntesdesanluis.com\/index.php\/author\/apuntesdesanluis-com\/"},"category_info":"<a href=\"https:\/\/apuntesdesanluis.com\/index.php\/category\/ciudad-provincia\/\" rel=\"category tag\">Ciudad\/Provincia<\/a>","tag_info":"Ciudad\/Provincia","comment_count":"0","_links":{"self":[{"href":"https:\/\/apuntesdesanluis.com\/index.php\/wp-json\/wp\/v2\/posts\/9018","targetHints":{"allow":["GET"]}}],"collection":[{"href":"https:\/\/apuntesdesanluis.com\/index.php\/wp-json\/wp\/v2\/posts"}],"about":[{"href":"https:\/\/apuntesdesanluis.com\/index.php\/wp-json\/wp\/v2\/types\/post"}],"author":[{"embeddable":true,"href":"https:\/\/apuntesdesanluis.com\/index.php\/wp-json\/wp\/v2\/users\/1"}],"replies":[{"embeddable":true,"href":"https:\/\/apuntesdesanluis.com\/index.php\/wp-json\/wp\/v2\/comments?post=9018"}],"version-history":[{"count":1,"href":"https:\/\/apuntesdesanluis.com\/index.php\/wp-json\/wp\/v2\/posts\/9018\/revisions"}],"predecessor-version":[{"id":9020,"href":"https:\/\/apuntesdesanluis.com\/index.php\/wp-json\/wp\/v2\/posts\/9018\/revisions\/9020"}],"wp:featuredmedia":[{"embeddable":true,"href":"https:\/\/apuntesdesanluis.com\/index.php\/wp-json\/wp\/v2\/media\/9019"}],"wp:attachment":[{"href":"https:\/\/apuntesdesanluis.com\/index.php\/wp-json\/wp\/v2\/media?parent=9018"}],"wp:term":[{"taxonomy":"category","embeddable":true,"href":"https:\/\/apuntesdesanluis.com\/index.php\/wp-json\/wp\/v2\/categories?post=9018"},{"taxonomy":"post_tag","embeddable":true,"href":"https:\/\/apuntesdesanluis.com\/index.php\/wp-json\/wp\/v2\/tags?post=9018"}],"curies":[{"name":"wp","href":"https:\/\/api.w.org\/{rel}","templated":true}]}}