{"id":9029,"date":"2023-12-26T23:09:21","date_gmt":"2023-12-27T02:09:21","guid":{"rendered":"https:\/\/apuntesdesanluis.com\/?p=9029"},"modified":"2023-12-26T23:09:21","modified_gmt":"2023-12-27T02:09:21","slug":"estatales-provinciales-cobran-el-viernes-el-primer-tramo-de-los-haberes-de-diciembre","status":"publish","type":"post","link":"https:\/\/apuntesdesanluis.com\/index.php\/2023\/12\/26\/estatales-provinciales-cobran-el-viernes-el-primer-tramo-de-los-haberes-de-diciembre\/","title":{"rendered":"ESTATALES PROVINCIALES COBRAN EL VIERNES EL PRIMER TRAMO DE LOS HABERES DE DICIEMBRE"},"content":{"rendered":"<h3>Debido a los descalabros financieros de la gesti\u00f3n anterior, el pago de sueldos tuvo que ser desdoblado. La medida responde al fuerte d\u00e9ficit fiscal heredado, que asciende a $125.120 millones.<\/h3>\n<h3>La Agencia de Noticias San Luis confirm\u00f3 que &#8220;este viernes los empleados p\u00fablicos van a cobrar el 50% de los sueldos correspondientes a diciembre, mientras que el otro 50% lo van a percibir a mediados de enero. El uso irresponsable de los fondos p\u00fablicos de parte de la gesti\u00f3n que dej\u00f3 el poder el 9 de diciembre, el exceso de gastos y la discrecionalidad en la disposici\u00f3n del dinero provocaron una medida \u00b4excepcional y dolorosa\u00b4, como reconoci\u00f3 el propio gobernador Claudio Poggi. Por eso, por primera vez en 40 a\u00f1os el pago de sueldos para los agentes de la administraci\u00f3n p\u00fablica provincial se har\u00e1 en dos tramos&#8221;.<\/h3>\n<h3>El salario correspondiente a diciembre se pagar\u00e1 de la siguiente manera:<\/h3>\n<h3>&#8211; 50% el viernes 29 de diciembre<\/h3>\n<h3>&#8211; 50% el martes 16 de enero de 2024<\/h3>\n<h3>El primer mandatario hab\u00eda informado en reuni\u00f3n de gabinete ampliada la medida tomada \u201ccon profundo dolor y bronca\u201d, que apunta a garantizar el normal funcionamiento del Estado. En esa oportunidad mencion\u00f3 que se trata de una acci\u00f3n inevitable debido al estado desastroso en que el gobierno anterior dej\u00f3 las finanzas p\u00fablicas. Los beneficiarios de planes cobrar\u00e1n la totalidad del ingreso el viernes, mientras que los funcionarios van percibir todo el salario reci\u00e9n el 16 de enero.<\/h3>\n","protected":false},"excerpt":{"rendered":"<p>Debido a los descalabros financieros de la gesti\u00f3n anterior, el pago de sueldos tuvo que&#8230;<\/p>\n","protected":false},"author":1,"featured_media":9030,"comment_status":"closed","ping_status":"closed","sticky":false,"template":"","format":"standard","meta":{"footnotes":""},"categories":[6],"tags":[],"class_list":["post-9029","post","type-post","status-publish","format-standard","has-post-thumbnail","hentry","category-ciudad-provincia"],"yoast_head":"<!-- This site is optimized with the Yoast SEO plugin v26.1.1 - https:\/\/yoast.com\/wordpress\/plugins\/seo\/ -->\n<title>ESTATALES PROVINCIALES COBRAN EL VIERNES EL PRIMER TRAMO DE LOS HABERES DE DICIEMBRE - Apuntes de San Luis<\/title>\n<meta name=\"robots\" content=\"index, follow, max-snippet:-1, max-image-preview:large, max-video-preview:-1\" \/>\n<link rel=\"canonical\" href=\"https:\/\/apuntesdesanluis.com\/index.php\/2023\/12\/26\/estatales-provinciales-cobran-el-viernes-el-primer-tramo-de-los-haberes-de-diciembre\/\" \/>\n<meta property=\"og:locale\" content=\"es_ES\" \/>\n<meta property=\"og:type\" content=\"article\" \/>\n<meta property=\"og:title\" content=\"ESTATALES PROVINCIALES COBRAN EL VIERNES EL PRIMER TRAMO DE LOS HABERES DE DICIEMBRE - Apuntes de San Luis\" \/>\n<meta property=\"og:description\" content=\"Debido a los descalabros financieros de la gesti\u00f3n anterior, el pago de sueldos tuvo que...\" \/>\n<meta property=\"og:url\" content=\"https:\/\/apuntesdesanluis.com\/index.php\/2023\/12\/26\/estatales-provinciales-cobran-el-viernes-el-primer-tramo-de-los-haberes-de-diciembre\/\" \/>\n<meta property=\"og:site_name\" content=\"Apuntes de San Luis\" \/>\n<meta property=\"article:published_time\" content=\"2023-12-27T02:09:21+00:00\" \/>\n<meta property=\"og:image\" content=\"https:\/\/apuntesdesanluis.com\/wp-content\/uploads\/2023\/12\/billete-partido.png\" \/>\n\t<meta property=\"og:image:width\" content=\"600\" \/>\n\t<meta property=\"og:image:height\" content=\"325\" \/>\n\t<meta property=\"og:image:type\" content=\"image\/png\" \/>\n<meta name=\"author\" content=\"apuntesdesanluis.com\" \/>\n<meta name=\"twitter:card\" content=\"summary_large_image\" \/>\n<meta name=\"twitter:label1\" content=\"Escrito por\" \/>\n\t<meta name=\"twitter:data1\" content=\"apuntesdesanluis.com\" \/>\n\t<meta name=\"twitter:label2\" content=\"Tiempo de lectura\" \/>\n\t<meta name=\"twitter:data2\" content=\"2 minutos\" \/>\n<script type=\"application\/ld+json\" class=\"yoast-schema-graph\">{\"@context\":\"https:\/\/schema.org\",\"@graph\":[{\"@type\":\"Article\",\"@id\":\"https:\/\/apuntesdesanluis.com\/index.php\/2023\/12\/26\/estatales-provinciales-cobran-el-viernes-el-primer-tramo-de-los-haberes-de-diciembre\/#article\",\"isPartOf\":{\"@id\":\"https:\/\/apuntesdesanluis.com\/index.php\/2023\/12\/26\/estatales-provinciales-cobran-el-viernes-el-primer-tramo-de-los-haberes-de-diciembre\/\"},\"author\":{\"name\":\"apuntesdesanluis.com\",\"@id\":\"https:\/\/apuntesdesanluis.com\/#\/schema\/person\/b55151d52296fcce64d1a72538a70b90\"},\"headline\":\"ESTATALES PROVINCIALES COBRAN EL VIERNES EL PRIMER TRAMO DE LOS HABERES DE DICIEMBRE\",\"datePublished\":\"2023-12-27T02:09:21+00:00\",\"mainEntityOfPage\":{\"@id\":\"https:\/\/apuntesdesanluis.com\/index.php\/2023\/12\/26\/estatales-provinciales-cobran-el-viernes-el-primer-tramo-de-los-haberes-de-diciembre\/\"},\"wordCount\":257,\"publisher\":{\"@id\":\"https:\/\/apuntesdesanluis.com\/#\/schema\/person\/b55151d52296fcce64d1a72538a70b90\"},\"image\":{\"@id\":\"https:\/\/apuntesdesanluis.com\/index.php\/2023\/12\/26\/estatales-provinciales-cobran-el-viernes-el-primer-tramo-de-los-haberes-de-diciembre\/#primaryimage\"},\"thumbnailUrl\":\"https:\/\/apuntesdesanluis.com\/wp-content\/uploads\/2023\/12\/billete-partido.png\",\"articleSection\":[\"Ciudad\/Provincia\"],\"inLanguage\":\"es-AR\"},{\"@type\":\"WebPage\",\"@id\":\"https:\/\/apuntesdesanluis.com\/index.php\/2023\/12\/26\/estatales-provinciales-cobran-el-viernes-el-primer-tramo-de-los-haberes-de-diciembre\/\",\"url\":\"https:\/\/apuntesdesanluis.com\/index.php\/2023\/12\/26\/estatales-provinciales-cobran-el-viernes-el-primer-tramo-de-los-haberes-de-diciembre\/\",\"name\":\"ESTATALES PROVINCIALES COBRAN EL VIERNES EL PRIMER TRAMO DE LOS HABERES DE DICIEMBRE - Apuntes de San Luis\",\"isPartOf\":{\"@id\":\"https:\/\/apuntesdesanluis.com\/#website\"},\"primaryImageOfPage\":{\"@id\":\"https:\/\/apuntesdesanluis.com\/index.php\/2023\/12\/26\/estatales-provinciales-cobran-el-viernes-el-primer-tramo-de-los-haberes-de-diciembre\/#primaryimage\"},\"image\":{\"@id\":\"https:\/\/apuntesdesanluis.com\/index.php\/2023\/12\/26\/estatales-provinciales-cobran-el-viernes-el-primer-tramo-de-los-haberes-de-diciembre\/#primaryimage\"},\"thumbnailUrl\":\"https:\/\/apuntesdesanluis.com\/wp-content\/uploads\/2023\/12\/billete-partido.png\",\"datePublished\":\"2023-12-27T02:09:21+00:00\",\"breadcrumb\":{\"@id\":\"https:\/\/apuntesdesanluis.com\/index.php\/2023\/12\/26\/estatales-provinciales-cobran-el-viernes-el-primer-tramo-de-los-haberes-de-diciembre\/#breadcrumb\"},\"inLanguage\":\"es-AR\",\"potentialAction\":[{\"@type\":\"ReadAction\",\"target\":[\"https:\/\/apuntesdesanluis.com\/index.php\/2023\/12\/26\/estatales-provinciales-cobran-el-viernes-el-primer-tramo-de-los-haberes-de-diciembre\/\"]}]},{\"@type\":\"ImageObject\",\"inLanguage\":\"es-AR\",\"@id\":\"https:\/\/apuntesdesanluis.com\/index.php\/2023\/12\/26\/estatales-provinciales-cobran-el-viernes-el-primer-tramo-de-los-haberes-de-diciembre\/#primaryimage\",\"url\":\"https:\/\/apuntesdesanluis.com\/wp-content\/uploads\/2023\/12\/billete-partido.png\",\"contentUrl\":\"https:\/\/apuntesdesanluis.com\/wp-content\/uploads\/2023\/12\/billete-partido.png\",\"width\":600,\"height\":325},{\"@type\":\"BreadcrumbList\",\"@id\":\"https:\/\/apuntesdesanluis.com\/index.php\/2023\/12\/26\/estatales-provinciales-cobran-el-viernes-el-primer-tramo-de-los-haberes-de-diciembre\/#breadcrumb\",\"itemListElement\":[{\"@type\":\"ListItem\",\"position\":1,\"name\":\"Inicio\",\"item\":\"https:\/\/apuntesdesanluis.com\/\"},{\"@type\":\"ListItem\",\"position\":2,\"name\":\"ESTATALES PROVINCIALES COBRAN EL VIERNES EL PRIMER TRAMO DE LOS HABERES DE DICIEMBRE\"}]},{\"@type\":\"WebSite\",\"@id\":\"https:\/\/apuntesdesanluis.com\/#website\",\"url\":\"https:\/\/apuntesdesanluis.com\/\",\"name\":\"Apuntes de San Luis\",\"description\":\"\",\"publisher\":{\"@id\":\"https:\/\/apuntesdesanluis.com\/#\/schema\/person\/b55151d52296fcce64d1a72538a70b90\"},\"potentialAction\":[{\"@type\":\"SearchAction\",\"target\":{\"@type\":\"EntryPoint\",\"urlTemplate\":\"https:\/\/apuntesdesanluis.com\/?s={search_term_string}\"},\"query-input\":{\"@type\":\"PropertyValueSpecification\",\"valueRequired\":true,\"valueName\":\"search_term_string\"}}],\"inLanguage\":\"es-AR\"},{\"@type\":[\"Person\",\"Organization\"],\"@id\":\"https:\/\/apuntesdesanluis.com\/#\/schema\/person\/b55151d52296fcce64d1a72538a70b90\",\"name\":\"apuntesdesanluis.com\",\"image\":{\"@type\":\"ImageObject\",\"inLanguage\":\"es-AR\",\"@id\":\"https:\/\/apuntesdesanluis.com\/#\/schema\/person\/image\/\",\"url\":\"https:\/\/apuntesdesanluis.com\/wp-content\/uploads\/2023\/07\/cropped-apuntesdesanluis.png\",\"contentUrl\":\"https:\/\/apuntesdesanluis.com\/wp-content\/uploads\/2023\/07\/cropped-apuntesdesanluis.png\",\"width\":450,\"height\":112,\"caption\":\"apuntesdesanluis.com\"},\"logo\":{\"@id\":\"https:\/\/apuntesdesanluis.com\/#\/schema\/person\/image\/\"},\"sameAs\":[\"https:\/\/apuntesdesanluis.com\"],\"url\":\"https:\/\/apuntesdesanluis.com\/index.php\/author\/apuntesdesanluis-com\/\"}]}<\/script>\n<!-- \/ Yoast SEO plugin. -->","yoast_head_json":{"title":"ESTATALES PROVINCIALES COBRAN EL VIERNES EL PRIMER TRAMO DE LOS HABERES DE DICIEMBRE - Apuntes de San Luis","robots":{"index":"index","follow":"follow","max-snippet":"max-snippet:-1","max-image-preview":"max-image-preview:large","max-video-preview":"max-video-preview:-1"},"canonical":"https:\/\/apuntesdesanluis.com\/index.php\/2023\/12\/26\/estatales-provinciales-cobran-el-viernes-el-primer-tramo-de-los-haberes-de-diciembre\/","og_locale":"es_ES","og_type":"article","og_title":"ESTATALES PROVINCIALES COBRAN EL VIERNES EL PRIMER TRAMO DE LOS HABERES DE DICIEMBRE - Apuntes de San Luis","og_description":"Debido a los descalabros financieros de la gesti\u00f3n anterior, el pago de sueldos tuvo que...","og_url":"https:\/\/apuntesdesanluis.com\/index.php\/2023\/12\/26\/estatales-provinciales-cobran-el-viernes-el-primer-tramo-de-los-haberes-de-diciembre\/","og_site_name":"Apuntes de San Luis","article_published_time":"2023-12-27T02:09:21+00:00","og_image":[{"width":600,"height":325,"url":"https:\/\/apuntesdesanluis.com\/wp-content\/uploads\/2023\/12\/billete-partido.png","type":"image\/png"}],"author":"apuntesdesanluis.com","twitter_card":"summary_large_image","twitter_misc":{"Escrito por":"apuntesdesanluis.com","Tiempo de lectura":"2 minutos"},"schema":{"@context":"https:\/\/schema.org","@graph":[{"@type":"Article","@id":"https:\/\/apuntesdesanluis.com\/index.php\/2023\/12\/26\/estatales-provinciales-cobran-el-viernes-el-primer-tramo-de-los-haberes-de-diciembre\/#article","isPartOf":{"@id":"https:\/\/apuntesdesanluis.com\/index.php\/2023\/12\/26\/estatales-provinciales-cobran-el-viernes-el-primer-tramo-de-los-haberes-de-diciembre\/"},"author":{"name":"apuntesdesanluis.com","@id":"https:\/\/apuntesdesanluis.com\/#\/schema\/person\/b55151d52296fcce64d1a72538a70b90"},"headline":"ESTATALES PROVINCIALES COBRAN EL VIERNES EL PRIMER TRAMO DE LOS HABERES DE DICIEMBRE","datePublished":"2023-12-27T02:09:21+00:00","mainEntityOfPage":{"@id":"https:\/\/apuntesdesanluis.com\/index.php\/2023\/12\/26\/estatales-provinciales-cobran-el-viernes-el-primer-tramo-de-los-haberes-de-diciembre\/"},"wordCount":257,"publisher":{"@id":"https:\/\/apuntesdesanluis.com\/#\/schema\/person\/b55151d52296fcce64d1a72538a70b90"},"image":{"@id":"https:\/\/apuntesdesanluis.com\/index.php\/2023\/12\/26\/estatales-provinciales-cobran-el-viernes-el-primer-tramo-de-los-haberes-de-diciembre\/#primaryimage"},"thumbnailUrl":"https:\/\/apuntesdesanluis.com\/wp-content\/uploads\/2023\/12\/billete-partido.png","articleSection":["Ciudad\/Provincia"],"inLanguage":"es-AR"},{"@type":"WebPage","@id":"https:\/\/apuntesdesanluis.com\/index.php\/2023\/12\/26\/estatales-provinciales-cobran-el-viernes-el-primer-tramo-de-los-haberes-de-diciembre\/","url":"https:\/\/apuntesdesanluis.com\/index.php\/2023\/12\/26\/estatales-provinciales-cobran-el-viernes-el-primer-tramo-de-los-haberes-de-diciembre\/","name":"ESTATALES PROVINCIALES COBRAN EL VIERNES EL PRIMER TRAMO DE LOS HABERES DE DICIEMBRE - Apuntes de San Luis","isPartOf":{"@id":"https:\/\/apuntesdesanluis.com\/#website"},"primaryImageOfPage":{"@id":"https:\/\/apuntesdesanluis.com\/index.php\/2023\/12\/26\/estatales-provinciales-cobran-el-viernes-el-primer-tramo-de-los-haberes-de-diciembre\/#primaryimage"},"image":{"@id":"https:\/\/apuntesdesanluis.com\/index.php\/2023\/12\/26\/estatales-provinciales-cobran-el-viernes-el-primer-tramo-de-los-haberes-de-diciembre\/#primaryimage"},"thumbnailUrl":"https:\/\/apuntesdesanluis.com\/wp-content\/uploads\/2023\/12\/billete-partido.png","datePublished":"2023-12-27T02:09:21+00:00","breadcrumb":{"@id":"https:\/\/apuntesdesanluis.com\/index.php\/2023\/12\/26\/estatales-provinciales-cobran-el-viernes-el-primer-tramo-de-los-haberes-de-diciembre\/#breadcrumb"},"inLanguage":"es-AR","potentialAction":[{"@type":"ReadAction","target":["https:\/\/apuntesdesanluis.com\/index.php\/2023\/12\/26\/estatales-provinciales-cobran-el-viernes-el-primer-tramo-de-los-haberes-de-diciembre\/"]}]},{"@type":"ImageObject","inLanguage":"es-AR","@id":"https:\/\/apuntesdesanluis.com\/index.php\/2023\/12\/26\/estatales-provinciales-cobran-el-viernes-el-primer-tramo-de-los-haberes-de-diciembre\/#primaryimage","url":"https:\/\/apuntesdesanluis.com\/wp-content\/uploads\/2023\/12\/billete-partido.png","contentUrl":"https:\/\/apuntesdesanluis.com\/wp-content\/uploads\/2023\/12\/billete-partido.png","width":600,"height":325},{"@type":"BreadcrumbList","@id":"https:\/\/apuntesdesanluis.com\/index.php\/2023\/12\/26\/estatales-provinciales-cobran-el-viernes-el-primer-tramo-de-los-haberes-de-diciembre\/#breadcrumb","itemListElement":[{"@type":"ListItem","position":1,"name":"Inicio","item":"https:\/\/apuntesdesanluis.com\/"},{"@type":"ListItem","position":2,"name":"ESTATALES PROVINCIALES COBRAN EL VIERNES EL PRIMER TRAMO DE LOS HABERES DE DICIEMBRE"}]},{"@type":"WebSite","@id":"https:\/\/apuntesdesanluis.com\/#website","url":"https:\/\/apuntesdesanluis.com\/","name":"Apuntes de San Luis","description":"","publisher":{"@id":"https:\/\/apuntesdesanluis.com\/#\/schema\/person\/b55151d52296fcce64d1a72538a70b90"},"potentialAction":[{"@type":"SearchAction","target":{"@type":"EntryPoint","urlTemplate":"https:\/\/apuntesdesanluis.com\/?s={search_term_string}"},"query-input":{"@type":"PropertyValueSpecification","valueRequired":true,"valueName":"search_term_string"}}],"inLanguage":"es-AR"},{"@type":["Person","Organization"],"@id":"https:\/\/apuntesdesanluis.com\/#\/schema\/person\/b55151d52296fcce64d1a72538a70b90","name":"apuntesdesanluis.com","image":{"@type":"ImageObject","inLanguage":"es-AR","@id":"https:\/\/apuntesdesanluis.com\/#\/schema\/person\/image\/","url":"https:\/\/apuntesdesanluis.com\/wp-content\/uploads\/2023\/07\/cropped-apuntesdesanluis.png","contentUrl":"https:\/\/apuntesdesanluis.com\/wp-content\/uploads\/2023\/07\/cropped-apuntesdesanluis.png","width":450,"height":112,"caption":"apuntesdesanluis.com"},"logo":{"@id":"https:\/\/apuntesdesanluis.com\/#\/schema\/person\/image\/"},"sameAs":["https:\/\/apuntesdesanluis.com"],"url":"https:\/\/apuntesdesanluis.com\/index.php\/author\/apuntesdesanluis-com\/"}]}},"featured_image_urls":{"full":["https:\/\/apuntesdesanluis.com\/wp-content\/uploads\/2023\/12\/billete-partido.png",600,325,false],"thumbnail":["https:\/\/apuntesdesanluis.com\/wp-content\/uploads\/2023\/12\/billete-partido-150x150.png",150,150,true],"medium":["https:\/\/apuntesdesanluis.com\/wp-content\/uploads\/2023\/12\/billete-partido-300x163.png",300,163,true],"medium_large":["https:\/\/apuntesdesanluis.com\/wp-content\/uploads\/2023\/12\/billete-partido.png",600,325,false],"large":["https:\/\/apuntesdesanluis.com\/wp-content\/uploads\/2023\/12\/billete-partido.png",600,325,false],"1536x1536":["https:\/\/apuntesdesanluis.com\/wp-content\/uploads\/2023\/12\/billete-partido.png",600,325,false],"2048x2048":["https:\/\/apuntesdesanluis.com\/wp-content\/uploads\/2023\/12\/billete-partido.png",600,325,false],"newsever-slider-full":["https:\/\/apuntesdesanluis.com\/wp-content\/uploads\/2023\/12\/billete-partido.png",600,325,false],"newsever-featured":["https:\/\/apuntesdesanluis.com\/wp-content\/uploads\/2023\/12\/billete-partido.png",600,325,false],"newsever-medium":["https:\/\/apuntesdesanluis.com\/wp-content\/uploads\/2023\/12\/billete-partido.png",600,325,false]},"author_info":{"display_name":"apuntesdesanluis.com","author_link":"https:\/\/apuntesdesanluis.com\/index.php\/author\/apuntesdesanluis-com\/"},"category_info":"<a href=\"https:\/\/apuntesdesanluis.com\/index.php\/category\/ciudad-provincia\/\" rel=\"category tag\">Ciudad\/Provincia<\/a>","tag_info":"Ciudad\/Provincia","comment_count":"0","_links":{"self":[{"href":"https:\/\/apuntesdesanluis.com\/index.php\/wp-json\/wp\/v2\/posts\/9029","targetHints":{"allow":["GET"]}}],"collection":[{"href":"https:\/\/apuntesdesanluis.com\/index.php\/wp-json\/wp\/v2\/posts"}],"about":[{"href":"https:\/\/apuntesdesanluis.com\/index.php\/wp-json\/wp\/v2\/types\/post"}],"author":[{"embeddable":true,"href":"https:\/\/apuntesdesanluis.com\/index.php\/wp-json\/wp\/v2\/users\/1"}],"replies":[{"embeddable":true,"href":"https:\/\/apuntesdesanluis.com\/index.php\/wp-json\/wp\/v2\/comments?post=9029"}],"version-history":[{"count":1,"href":"https:\/\/apuntesdesanluis.com\/index.php\/wp-json\/wp\/v2\/posts\/9029\/revisions"}],"predecessor-version":[{"id":9031,"href":"https:\/\/apuntesdesanluis.com\/index.php\/wp-json\/wp\/v2\/posts\/9029\/revisions\/9031"}],"wp:featuredmedia":[{"embeddable":true,"href":"https:\/\/apuntesdesanluis.com\/index.php\/wp-json\/wp\/v2\/media\/9030"}],"wp:attachment":[{"href":"https:\/\/apuntesdesanluis.com\/index.php\/wp-json\/wp\/v2\/media?parent=9029"}],"wp:term":[{"taxonomy":"category","embeddable":true,"href":"https:\/\/apuntesdesanluis.com\/index.php\/wp-json\/wp\/v2\/categories?post=9029"},{"taxonomy":"post_tag","embeddable":true,"href":"https:\/\/apuntesdesanluis.com\/index.php\/wp-json\/wp\/v2\/tags?post=9029"}],"curies":[{"name":"wp","href":"https:\/\/api.w.org\/{rel}","templated":true}]}}