{"id":9050,"date":"2023-12-27T01:26:44","date_gmt":"2023-12-27T04:26:44","guid":{"rendered":"https:\/\/apuntesdesanluis.com\/?p=9050"},"modified":"2023-12-27T01:29:24","modified_gmt":"2023-12-27T04:29:24","slug":"aspero-pronunciamiento-radical-cuestionando-la-inaccion-del-poder-judicial","status":"publish","type":"post","link":"https:\/\/apuntesdesanluis.com\/index.php\/2023\/12\/27\/aspero-pronunciamiento-radical-cuestionando-la-inaccion-del-poder-judicial\/","title":{"rendered":"\u00c1SPERO PRONUNCIAMIENTO RADICAL CUESTIONANDO LA INACCI\u00d3N DEL PODER JUDICIAL"},"content":{"rendered":"<h3>\u201cAnte los incre\u00edbles, escandalosos y absolutamente repudiables hechos de corrupci\u00f3n que viene denunciando el Gobernador de San Luis, Claudio Poggi, como autoridad m\u00e1xima de la Provincia, la <strong>Uni\u00f3n C\u00edvica Radical<\/strong> quiere advertir al pueblo y especialmente al Poder Judicial, que el cambio votado mayoritariamente en la Naci\u00f3n y especialmente en San Luis, es tambi\u00e9n y fundamentalmente, para el Poder Judicial\u201d, se\u00f1ala el comunicado del partido que preside del intendente de Merlo, <strong>Juan \u00c1lvarez Pinto<\/strong>.<\/h3>\n<h3>El radicalismo expresa que \u201cresulta por dem\u00e1s llamativo que ante el estr\u00e9pito p\u00fablico que se ha producido con las revelaciones tanto del Gobernador, Ministros y Funcionarios, no haya un solo Fiscal actuando de Oficio\u00a0 y menos una Instrucci\u00f3n del Procurador General al respecto. En contradicci\u00f3n al accionar tomado en 2015 con la actividad militante tomada por los mismos funcionarios que hoy ocupan cargos en La Justicia Penal, con las acciones persecutorias llevadas a cabo y ordenadas por el entonces Gobernador y responsable del espantoso descalabro actual, Alberto Rodr\u00edguez Sa\u00e1\u201d.<\/h3>\n<h3>\u201cEl pueblo de San Luis necesita ver al Poder Judicial actuando con celeridad y en defensa del Estado Provincial y sobre todo de su gente\u201d (\u2026) lo cual \u201cimplicar\u00eda un verdadero cambio cultural y el Poder Judicial recuperar\u00eda algo de su prestigio perdido\u201d, eval\u00faa.<\/h3>\n<h3>En otra parte, el pronunciamiento se\u00f1ala: \u201cLos comprovincianos somos totalmente conscientes que el alto d\u00e9ficit fiscal -de m\u00e1s de 125 mil millones de pesos- se explica en gran medida por el despilfarro y la corrupci\u00f3n. La justicia no va recuperar la credibilidad, sino recupera los dineros saqueados a la arcas p\u00fablicas, que son los recursos que faltan para poder afrontar las obligaciones -sobre todo las salariales- del estado provincial\u201d.<\/h3>\n<h3>Remarca que \u201cel cambio deber\u00eda ejemplarizarlo el propio Superior Tribunal de Justicia,\u00a0 cuyos miembros fueron nombrados por el anterior Gobierno y con tanta cercan\u00eda y dependencia del mismo. Pero sobre todo por del Procurador General, un verdadero \u00b4puntero\u00b4 del Gobierno destructor que se fue, con activa militancia en su defensa, que hace dudar mucho y razonablemente de que vaya a hacer alguna actividad digna investigando semejantes delitos y protegiendo como es debido,\u00a0 al pueblo de la Provincia\u201d.<\/h3>\n<h3>\u00a0En este sentido, considera que \u201ces casi de una obviedad que el Procurador deber\u00eda dejar su cargo y permitir que un nuevo funcionario id\u00f3neo e independiente se haga cargo de tan importante tarea para la Institucionalidad de San Luis\u201d, enfatiza.<\/h3>\n<p><img fetchpriority=\"high\" decoding=\"async\" class=\"wp-image-9051 aligncenter\" src=\"https:\/\/apuntesdesanluis.com\/wp-content\/uploads\/2023\/12\/pagano-alvarez-300x143.png\" alt=\"\" width=\"680\" height=\"324\" srcset=\"https:\/\/apuntesdesanluis.com\/wp-content\/uploads\/2023\/12\/pagano-alvarez-300x143.png 300w, https:\/\/apuntesdesanluis.com\/wp-content\/uploads\/2023\/12\/pagano-alvarez.png 517w\" sizes=\"(max-width: 680px) 100vw, 680px\" \/><\/p>\n<h3>\u201cEl ejemplo que deben dar los otros Poderes del Estado, como lo viene haciendo el Poder Ejecutivo, y el compromiso de los ciudadanos que actuando con toda libertad exijan y promuevan las acciones para que haya Justicia\u00a0 e Igualdad, son la garant\u00eda de que el cambio definitivo elegido por el pueblo de San Luis, se har\u00e1 realidad\u201d.<\/h3>\n<h3>\u201cSolo as\u00ed podremos decir en nuestra provincia, nunca m\u00e1s a la corrupci\u00f3n. Nunca m\u00e1s al despilfarro de los recursos p\u00fablicos. Nunca m\u00e1s a que unos pocos se aprovechen del Estado\u201d, concluye el comunicado firmado por el Presidente de la UCR, <strong>Juan \u00c1lvarez Pinto<\/strong>, y el Secretario General <strong>Roberto Pagano<\/strong>.<\/h3>\n<p>&nbsp;<\/p>\n<p>&nbsp;<\/p>\n<p>&nbsp;<\/p>\n","protected":false},"excerpt":{"rendered":"<p>\u201cAnte los incre\u00edbles, escandalosos y absolutamente repudiables hechos de corrupci\u00f3n que viene denunciando el Gobernador&#8230;<\/p>\n","protected":false},"author":1,"featured_media":9052,"comment_status":"closed","ping_status":"closed","sticky":false,"template":"","format":"standard","meta":{"footnotes":""},"categories":[6],"tags":[],"class_list":["post-9050","post","type-post","status-publish","format-standard","has-post-thumbnail","hentry","category-ciudad-provincia"],"yoast_head":"<!-- This site is optimized with the Yoast SEO plugin v26.1.1 - https:\/\/yoast.com\/wordpress\/plugins\/seo\/ -->\n<title>\u00c1SPERO PRONUNCIAMIENTO RADICAL CUESTIONANDO LA INACCI\u00d3N DEL PODER JUDICIAL - Apuntes de San Luis<\/title>\n<meta name=\"robots\" content=\"index, follow, max-snippet:-1, max-image-preview:large, max-video-preview:-1\" \/>\n<link rel=\"canonical\" href=\"https:\/\/apuntesdesanluis.com\/index.php\/2023\/12\/27\/aspero-pronunciamiento-radical-cuestionando-la-inaccion-del-poder-judicial\/\" \/>\n<meta property=\"og:locale\" content=\"es_ES\" \/>\n<meta property=\"og:type\" content=\"article\" \/>\n<meta property=\"og:title\" content=\"\u00c1SPERO PRONUNCIAMIENTO RADICAL CUESTIONANDO LA INACCI\u00d3N DEL PODER JUDICIAL - Apuntes de San Luis\" \/>\n<meta property=\"og:description\" content=\"\u201cAnte los incre\u00edbles, escandalosos y absolutamente repudiables hechos de corrupci\u00f3n que viene denunciando el Gobernador...\" \/>\n<meta property=\"og:url\" content=\"https:\/\/apuntesdesanluis.com\/index.php\/2023\/12\/27\/aspero-pronunciamiento-radical-cuestionando-la-inaccion-del-poder-judicial\/\" \/>\n<meta property=\"og:site_name\" content=\"Apuntes de San Luis\" \/>\n<meta property=\"article:published_time\" content=\"2023-12-27T04:26:44+00:00\" \/>\n<meta property=\"article:modified_time\" content=\"2023-12-27T04:29:24+00:00\" \/>\n<meta property=\"og:image\" content=\"https:\/\/apuntesdesanluis.com\/wp-content\/uploads\/2023\/12\/justicia-san-luis.png\" \/>\n\t<meta property=\"og:image:width\" content=\"600\" \/>\n\t<meta property=\"og:image:height\" content=\"341\" \/>\n\t<meta property=\"og:image:type\" content=\"image\/png\" \/>\n<meta name=\"author\" content=\"apuntesdesanluis.com\" \/>\n<meta name=\"twitter:card\" content=\"summary_large_image\" \/>\n<meta name=\"twitter:label1\" content=\"Escrito por\" \/>\n\t<meta name=\"twitter:data1\" content=\"apuntesdesanluis.com\" \/>\n\t<meta name=\"twitter:label2\" content=\"Tiempo de lectura\" \/>\n\t<meta name=\"twitter:data2\" content=\"3 minutos\" \/>\n<script type=\"application\/ld+json\" class=\"yoast-schema-graph\">{\"@context\":\"https:\/\/schema.org\",\"@graph\":[{\"@type\":\"Article\",\"@id\":\"https:\/\/apuntesdesanluis.com\/index.php\/2023\/12\/27\/aspero-pronunciamiento-radical-cuestionando-la-inaccion-del-poder-judicial\/#article\",\"isPartOf\":{\"@id\":\"https:\/\/apuntesdesanluis.com\/index.php\/2023\/12\/27\/aspero-pronunciamiento-radical-cuestionando-la-inaccion-del-poder-judicial\/\"},\"author\":{\"name\":\"apuntesdesanluis.com\",\"@id\":\"https:\/\/apuntesdesanluis.com\/#\/schema\/person\/b55151d52296fcce64d1a72538a70b90\"},\"headline\":\"\u00c1SPERO PRONUNCIAMIENTO RADICAL CUESTIONANDO LA INACCI\u00d3N DEL PODER JUDICIAL\",\"datePublished\":\"2023-12-27T04:26:44+00:00\",\"dateModified\":\"2023-12-27T04:29:24+00:00\",\"mainEntityOfPage\":{\"@id\":\"https:\/\/apuntesdesanluis.com\/index.php\/2023\/12\/27\/aspero-pronunciamiento-radical-cuestionando-la-inaccion-del-poder-judicial\/\"},\"wordCount\":541,\"publisher\":{\"@id\":\"https:\/\/apuntesdesanluis.com\/#\/schema\/person\/b55151d52296fcce64d1a72538a70b90\"},\"image\":{\"@id\":\"https:\/\/apuntesdesanluis.com\/index.php\/2023\/12\/27\/aspero-pronunciamiento-radical-cuestionando-la-inaccion-del-poder-judicial\/#primaryimage\"},\"thumbnailUrl\":\"https:\/\/apuntesdesanluis.com\/wp-content\/uploads\/2023\/12\/justicia-san-luis.png\",\"articleSection\":[\"Ciudad\/Provincia\"],\"inLanguage\":\"es-AR\"},{\"@type\":\"WebPage\",\"@id\":\"https:\/\/apuntesdesanluis.com\/index.php\/2023\/12\/27\/aspero-pronunciamiento-radical-cuestionando-la-inaccion-del-poder-judicial\/\",\"url\":\"https:\/\/apuntesdesanluis.com\/index.php\/2023\/12\/27\/aspero-pronunciamiento-radical-cuestionando-la-inaccion-del-poder-judicial\/\",\"name\":\"\u00c1SPERO PRONUNCIAMIENTO RADICAL CUESTIONANDO LA INACCI\u00d3N DEL PODER JUDICIAL - Apuntes de San Luis\",\"isPartOf\":{\"@id\":\"https:\/\/apuntesdesanluis.com\/#website\"},\"primaryImageOfPage\":{\"@id\":\"https:\/\/apuntesdesanluis.com\/index.php\/2023\/12\/27\/aspero-pronunciamiento-radical-cuestionando-la-inaccion-del-poder-judicial\/#primaryimage\"},\"image\":{\"@id\":\"https:\/\/apuntesdesanluis.com\/index.php\/2023\/12\/27\/aspero-pronunciamiento-radical-cuestionando-la-inaccion-del-poder-judicial\/#primaryimage\"},\"thumbnailUrl\":\"https:\/\/apuntesdesanluis.com\/wp-content\/uploads\/2023\/12\/justicia-san-luis.png\",\"datePublished\":\"2023-12-27T04:26:44+00:00\",\"dateModified\":\"2023-12-27T04:29:24+00:00\",\"breadcrumb\":{\"@id\":\"https:\/\/apuntesdesanluis.com\/index.php\/2023\/12\/27\/aspero-pronunciamiento-radical-cuestionando-la-inaccion-del-poder-judicial\/#breadcrumb\"},\"inLanguage\":\"es-AR\",\"potentialAction\":[{\"@type\":\"ReadAction\",\"target\":[\"https:\/\/apuntesdesanluis.com\/index.php\/2023\/12\/27\/aspero-pronunciamiento-radical-cuestionando-la-inaccion-del-poder-judicial\/\"]}]},{\"@type\":\"ImageObject\",\"inLanguage\":\"es-AR\",\"@id\":\"https:\/\/apuntesdesanluis.com\/index.php\/2023\/12\/27\/aspero-pronunciamiento-radical-cuestionando-la-inaccion-del-poder-judicial\/#primaryimage\",\"url\":\"https:\/\/apuntesdesanluis.com\/wp-content\/uploads\/2023\/12\/justicia-san-luis.png\",\"contentUrl\":\"https:\/\/apuntesdesanluis.com\/wp-content\/uploads\/2023\/12\/justicia-san-luis.png\",\"width\":600,\"height\":341},{\"@type\":\"BreadcrumbList\",\"@id\":\"https:\/\/apuntesdesanluis.com\/index.php\/2023\/12\/27\/aspero-pronunciamiento-radical-cuestionando-la-inaccion-del-poder-judicial\/#breadcrumb\",\"itemListElement\":[{\"@type\":\"ListItem\",\"position\":1,\"name\":\"Inicio\",\"item\":\"https:\/\/apuntesdesanluis.com\/\"},{\"@type\":\"ListItem\",\"position\":2,\"name\":\"\u00c1SPERO PRONUNCIAMIENTO RADICAL CUESTIONANDO LA INACCI\u00d3N DEL PODER JUDICIAL\"}]},{\"@type\":\"WebSite\",\"@id\":\"https:\/\/apuntesdesanluis.com\/#website\",\"url\":\"https:\/\/apuntesdesanluis.com\/\",\"name\":\"Apuntes de San Luis\",\"description\":\"\",\"publisher\":{\"@id\":\"https:\/\/apuntesdesanluis.com\/#\/schema\/person\/b55151d52296fcce64d1a72538a70b90\"},\"potentialAction\":[{\"@type\":\"SearchAction\",\"target\":{\"@type\":\"EntryPoint\",\"urlTemplate\":\"https:\/\/apuntesdesanluis.com\/?s={search_term_string}\"},\"query-input\":{\"@type\":\"PropertyValueSpecification\",\"valueRequired\":true,\"valueName\":\"search_term_string\"}}],\"inLanguage\":\"es-AR\"},{\"@type\":[\"Person\",\"Organization\"],\"@id\":\"https:\/\/apuntesdesanluis.com\/#\/schema\/person\/b55151d52296fcce64d1a72538a70b90\",\"name\":\"apuntesdesanluis.com\",\"image\":{\"@type\":\"ImageObject\",\"inLanguage\":\"es-AR\",\"@id\":\"https:\/\/apuntesdesanluis.com\/#\/schema\/person\/image\/\",\"url\":\"https:\/\/apuntesdesanluis.com\/wp-content\/uploads\/2023\/07\/cropped-apuntesdesanluis.png\",\"contentUrl\":\"https:\/\/apuntesdesanluis.com\/wp-content\/uploads\/2023\/07\/cropped-apuntesdesanluis.png\",\"width\":450,\"height\":112,\"caption\":\"apuntesdesanluis.com\"},\"logo\":{\"@id\":\"https:\/\/apuntesdesanluis.com\/#\/schema\/person\/image\/\"},\"sameAs\":[\"https:\/\/apuntesdesanluis.com\"],\"url\":\"https:\/\/apuntesdesanluis.com\/index.php\/author\/apuntesdesanluis-com\/\"}]}<\/script>\n<!-- \/ Yoast SEO plugin. -->","yoast_head_json":{"title":"\u00c1SPERO PRONUNCIAMIENTO RADICAL CUESTIONANDO LA INACCI\u00d3N DEL PODER JUDICIAL - Apuntes de San Luis","robots":{"index":"index","follow":"follow","max-snippet":"max-snippet:-1","max-image-preview":"max-image-preview:large","max-video-preview":"max-video-preview:-1"},"canonical":"https:\/\/apuntesdesanluis.com\/index.php\/2023\/12\/27\/aspero-pronunciamiento-radical-cuestionando-la-inaccion-del-poder-judicial\/","og_locale":"es_ES","og_type":"article","og_title":"\u00c1SPERO PRONUNCIAMIENTO RADICAL CUESTIONANDO LA INACCI\u00d3N DEL PODER JUDICIAL - Apuntes de San Luis","og_description":"\u201cAnte los incre\u00edbles, escandalosos y absolutamente repudiables hechos de corrupci\u00f3n que viene denunciando el Gobernador...","og_url":"https:\/\/apuntesdesanluis.com\/index.php\/2023\/12\/27\/aspero-pronunciamiento-radical-cuestionando-la-inaccion-del-poder-judicial\/","og_site_name":"Apuntes de San Luis","article_published_time":"2023-12-27T04:26:44+00:00","article_modified_time":"2023-12-27T04:29:24+00:00","og_image":[{"width":600,"height":341,"url":"https:\/\/apuntesdesanluis.com\/wp-content\/uploads\/2023\/12\/justicia-san-luis.png","type":"image\/png"}],"author":"apuntesdesanluis.com","twitter_card":"summary_large_image","twitter_misc":{"Escrito por":"apuntesdesanluis.com","Tiempo de lectura":"3 minutos"},"schema":{"@context":"https:\/\/schema.org","@graph":[{"@type":"Article","@id":"https:\/\/apuntesdesanluis.com\/index.php\/2023\/12\/27\/aspero-pronunciamiento-radical-cuestionando-la-inaccion-del-poder-judicial\/#article","isPartOf":{"@id":"https:\/\/apuntesdesanluis.com\/index.php\/2023\/12\/27\/aspero-pronunciamiento-radical-cuestionando-la-inaccion-del-poder-judicial\/"},"author":{"name":"apuntesdesanluis.com","@id":"https:\/\/apuntesdesanluis.com\/#\/schema\/person\/b55151d52296fcce64d1a72538a70b90"},"headline":"\u00c1SPERO PRONUNCIAMIENTO RADICAL CUESTIONANDO LA INACCI\u00d3N DEL PODER JUDICIAL","datePublished":"2023-12-27T04:26:44+00:00","dateModified":"2023-12-27T04:29:24+00:00","mainEntityOfPage":{"@id":"https:\/\/apuntesdesanluis.com\/index.php\/2023\/12\/27\/aspero-pronunciamiento-radical-cuestionando-la-inaccion-del-poder-judicial\/"},"wordCount":541,"publisher":{"@id":"https:\/\/apuntesdesanluis.com\/#\/schema\/person\/b55151d52296fcce64d1a72538a70b90"},"image":{"@id":"https:\/\/apuntesdesanluis.com\/index.php\/2023\/12\/27\/aspero-pronunciamiento-radical-cuestionando-la-inaccion-del-poder-judicial\/#primaryimage"},"thumbnailUrl":"https:\/\/apuntesdesanluis.com\/wp-content\/uploads\/2023\/12\/justicia-san-luis.png","articleSection":["Ciudad\/Provincia"],"inLanguage":"es-AR"},{"@type":"WebPage","@id":"https:\/\/apuntesdesanluis.com\/index.php\/2023\/12\/27\/aspero-pronunciamiento-radical-cuestionando-la-inaccion-del-poder-judicial\/","url":"https:\/\/apuntesdesanluis.com\/index.php\/2023\/12\/27\/aspero-pronunciamiento-radical-cuestionando-la-inaccion-del-poder-judicial\/","name":"\u00c1SPERO PRONUNCIAMIENTO RADICAL CUESTIONANDO LA INACCI\u00d3N DEL PODER JUDICIAL - Apuntes de San Luis","isPartOf":{"@id":"https:\/\/apuntesdesanluis.com\/#website"},"primaryImageOfPage":{"@id":"https:\/\/apuntesdesanluis.com\/index.php\/2023\/12\/27\/aspero-pronunciamiento-radical-cuestionando-la-inaccion-del-poder-judicial\/#primaryimage"},"image":{"@id":"https:\/\/apuntesdesanluis.com\/index.php\/2023\/12\/27\/aspero-pronunciamiento-radical-cuestionando-la-inaccion-del-poder-judicial\/#primaryimage"},"thumbnailUrl":"https:\/\/apuntesdesanluis.com\/wp-content\/uploads\/2023\/12\/justicia-san-luis.png","datePublished":"2023-12-27T04:26:44+00:00","dateModified":"2023-12-27T04:29:24+00:00","breadcrumb":{"@id":"https:\/\/apuntesdesanluis.com\/index.php\/2023\/12\/27\/aspero-pronunciamiento-radical-cuestionando-la-inaccion-del-poder-judicial\/#breadcrumb"},"inLanguage":"es-AR","potentialAction":[{"@type":"ReadAction","target":["https:\/\/apuntesdesanluis.com\/index.php\/2023\/12\/27\/aspero-pronunciamiento-radical-cuestionando-la-inaccion-del-poder-judicial\/"]}]},{"@type":"ImageObject","inLanguage":"es-AR","@id":"https:\/\/apuntesdesanluis.com\/index.php\/2023\/12\/27\/aspero-pronunciamiento-radical-cuestionando-la-inaccion-del-poder-judicial\/#primaryimage","url":"https:\/\/apuntesdesanluis.com\/wp-content\/uploads\/2023\/12\/justicia-san-luis.png","contentUrl":"https:\/\/apuntesdesanluis.com\/wp-content\/uploads\/2023\/12\/justicia-san-luis.png","width":600,"height":341},{"@type":"BreadcrumbList","@id":"https:\/\/apuntesdesanluis.com\/index.php\/2023\/12\/27\/aspero-pronunciamiento-radical-cuestionando-la-inaccion-del-poder-judicial\/#breadcrumb","itemListElement":[{"@type":"ListItem","position":1,"name":"Inicio","item":"https:\/\/apuntesdesanluis.com\/"},{"@type":"ListItem","position":2,"name":"\u00c1SPERO PRONUNCIAMIENTO RADICAL CUESTIONANDO LA INACCI\u00d3N DEL PODER JUDICIAL"}]},{"@type":"WebSite","@id":"https:\/\/apuntesdesanluis.com\/#website","url":"https:\/\/apuntesdesanluis.com\/","name":"Apuntes de San Luis","description":"","publisher":{"@id":"https:\/\/apuntesdesanluis.com\/#\/schema\/person\/b55151d52296fcce64d1a72538a70b90"},"potentialAction":[{"@type":"SearchAction","target":{"@type":"EntryPoint","urlTemplate":"https:\/\/apuntesdesanluis.com\/?s={search_term_string}"},"query-input":{"@type":"PropertyValueSpecification","valueRequired":true,"valueName":"search_term_string"}}],"inLanguage":"es-AR"},{"@type":["Person","Organization"],"@id":"https:\/\/apuntesdesanluis.com\/#\/schema\/person\/b55151d52296fcce64d1a72538a70b90","name":"apuntesdesanluis.com","image":{"@type":"ImageObject","inLanguage":"es-AR","@id":"https:\/\/apuntesdesanluis.com\/#\/schema\/person\/image\/","url":"https:\/\/apuntesdesanluis.com\/wp-content\/uploads\/2023\/07\/cropped-apuntesdesanluis.png","contentUrl":"https:\/\/apuntesdesanluis.com\/wp-content\/uploads\/2023\/07\/cropped-apuntesdesanluis.png","width":450,"height":112,"caption":"apuntesdesanluis.com"},"logo":{"@id":"https:\/\/apuntesdesanluis.com\/#\/schema\/person\/image\/"},"sameAs":["https:\/\/apuntesdesanluis.com"],"url":"https:\/\/apuntesdesanluis.com\/index.php\/author\/apuntesdesanluis-com\/"}]}},"featured_image_urls":{"full":["https:\/\/apuntesdesanluis.com\/wp-content\/uploads\/2023\/12\/justicia-san-luis.png",600,341,false],"thumbnail":["https:\/\/apuntesdesanluis.com\/wp-content\/uploads\/2023\/12\/justicia-san-luis-150x150.png",150,150,true],"medium":["https:\/\/apuntesdesanluis.com\/wp-content\/uploads\/2023\/12\/justicia-san-luis-300x171.png",300,171,true],"medium_large":["https:\/\/apuntesdesanluis.com\/wp-content\/uploads\/2023\/12\/justicia-san-luis.png",600,341,false],"large":["https:\/\/apuntesdesanluis.com\/wp-content\/uploads\/2023\/12\/justicia-san-luis.png",600,341,false],"1536x1536":["https:\/\/apuntesdesanluis.com\/wp-content\/uploads\/2023\/12\/justicia-san-luis.png",600,341,false],"2048x2048":["https:\/\/apuntesdesanluis.com\/wp-content\/uploads\/2023\/12\/justicia-san-luis.png",600,341,false],"newsever-slider-full":["https:\/\/apuntesdesanluis.com\/wp-content\/uploads\/2023\/12\/justicia-san-luis.png",600,341,false],"newsever-featured":["https:\/\/apuntesdesanluis.com\/wp-content\/uploads\/2023\/12\/justicia-san-luis.png",600,341,false],"newsever-medium":["https:\/\/apuntesdesanluis.com\/wp-content\/uploads\/2023\/12\/justicia-san-luis.png",600,341,false]},"author_info":{"display_name":"apuntesdesanluis.com","author_link":"https:\/\/apuntesdesanluis.com\/index.php\/author\/apuntesdesanluis-com\/"},"category_info":"<a href=\"https:\/\/apuntesdesanluis.com\/index.php\/category\/ciudad-provincia\/\" rel=\"category tag\">Ciudad\/Provincia<\/a>","tag_info":"Ciudad\/Provincia","comment_count":"0","_links":{"self":[{"href":"https:\/\/apuntesdesanluis.com\/index.php\/wp-json\/wp\/v2\/posts\/9050","targetHints":{"allow":["GET"]}}],"collection":[{"href":"https:\/\/apuntesdesanluis.com\/index.php\/wp-json\/wp\/v2\/posts"}],"about":[{"href":"https:\/\/apuntesdesanluis.com\/index.php\/wp-json\/wp\/v2\/types\/post"}],"author":[{"embeddable":true,"href":"https:\/\/apuntesdesanluis.com\/index.php\/wp-json\/wp\/v2\/users\/1"}],"replies":[{"embeddable":true,"href":"https:\/\/apuntesdesanluis.com\/index.php\/wp-json\/wp\/v2\/comments?post=9050"}],"version-history":[{"count":4,"href":"https:\/\/apuntesdesanluis.com\/index.php\/wp-json\/wp\/v2\/posts\/9050\/revisions"}],"predecessor-version":[{"id":9056,"href":"https:\/\/apuntesdesanluis.com\/index.php\/wp-json\/wp\/v2\/posts\/9050\/revisions\/9056"}],"wp:featuredmedia":[{"embeddable":true,"href":"https:\/\/apuntesdesanluis.com\/index.php\/wp-json\/wp\/v2\/media\/9052"}],"wp:attachment":[{"href":"https:\/\/apuntesdesanluis.com\/index.php\/wp-json\/wp\/v2\/media?parent=9050"}],"wp:term":[{"taxonomy":"category","embeddable":true,"href":"https:\/\/apuntesdesanluis.com\/index.php\/wp-json\/wp\/v2\/categories?post=9050"},{"taxonomy":"post_tag","embeddable":true,"href":"https:\/\/apuntesdesanluis.com\/index.php\/wp-json\/wp\/v2\/tags?post=9050"}],"curies":[{"name":"wp","href":"https:\/\/api.w.org\/{rel}","templated":true}]}}