{"id":9069,"date":"2023-12-27T23:40:50","date_gmt":"2023-12-28T02:40:50","guid":{"rendered":"https:\/\/apuntesdesanluis.com\/?p=9069"},"modified":"2023-12-28T01:20:07","modified_gmt":"2023-12-28T04:20:07","slug":"la-unvime-podra-compartir-nuevo-edificio-de-la-upro-y-tendra-acceso-a-la-morgue-judicial","status":"publish","type":"post","link":"https:\/\/apuntesdesanluis.com\/index.php\/2023\/12\/27\/la-unvime-podra-compartir-nuevo-edificio-de-la-upro-y-tendra-acceso-a-la-morgue-judicial\/","title":{"rendered":"LA UNVIME PODR\u00c1 COMPARTIR NUEVO EDIFICIO DE LA UPRO Y TENDR\u00c1 ACCESO A LA MORGUE JUDICIAL"},"content":{"rendered":"<h3>Ese fue el resultado de la agenda que cumpli\u00f3 este mi\u00e9rcoles en San Luis el Rector de la Universidad Nacional de Villa Mercedes, Dr. <strong>Marcelo Sosa, <\/strong>quien superando todo tipo de grietas y prejuicios, se reuni\u00f3 en la misma jornada con el gobernador y con representantes del Poder Judicial.<\/h3>\n<h3>En horas del mediod\u00eda concurri\u00f3 a Terrazas del Portezuelo, donde fue recibido en audiencia por el gobernador de la provincia <strong>Claudio Poggi<\/strong>.<\/h3>\n<h3>\u201cLe comentamos al gobernador el proyecto de construcci\u00f3n de nuestro Campus, que se encuentra inconcluso, y la dificultad actual que tenemos por la falta de aulas propias, y en ese marco nos ofreci\u00f3 generosamente que compartamos con la Universidad Provincial de Oficios ese nuevo edificio pr\u00f3ximo a entregarse, en barrio Los Poetas, lo cual aceptamos gustosamente\u201d, se\u00f1al\u00f3 el Rector.<\/h3>\n<p><img fetchpriority=\"high\" decoding=\"async\" class=\"wp-image-9071 aligncenter\" src=\"https:\/\/apuntesdesanluis.com\/wp-content\/uploads\/2023\/12\/gobernador-rector-300x184.png\" alt=\"\" width=\"691\" height=\"424\" srcset=\"https:\/\/apuntesdesanluis.com\/wp-content\/uploads\/2023\/12\/gobernador-rector-300x184.png 300w, https:\/\/apuntesdesanluis.com\/wp-content\/uploads\/2023\/12\/gobernador-rector-768x471.png 768w, https:\/\/apuntesdesanluis.com\/wp-content\/uploads\/2023\/12\/gobernador-rector.png 836w\" sizes=\"(max-width: 691px) 100vw, 691px\" \/><\/p>\n<h3>La sede est\u00e1 ubicada en la intersecci\u00f3n de las calles Garc\u00eda Lorca y Juan Llerena, frente a la ex Cl\u00ednica del Ni\u00f1o. Las aulas son de tipo funcional, de gran espacio, donde su tama\u00f1o se puede ir restringiendo y adecuando de acuerdo a la necesidad. La capacidad supera los 3.600 metros cuadrados, considerando planta baja y alta. Tiene una gran nave cubierta, con dimensiones aptas para poder subdividirla para el dictado de clases.<\/h3>\n<h3>El proyecto original prev\u00e9 un auditorio, sala de reuniones, un espacio para el funcionamiento de servicio de cantina o buffet y otro para el estacionamiento.<\/h3>\n<p><img decoding=\"async\" class=\"wp-image-9072 aligncenter\" src=\"https:\/\/apuntesdesanluis.com\/wp-content\/uploads\/2023\/12\/sede-Upro-300x175.png\" alt=\"\" width=\"691\" height=\"403\" srcset=\"https:\/\/apuntesdesanluis.com\/wp-content\/uploads\/2023\/12\/sede-Upro-300x175.png 300w, https:\/\/apuntesdesanluis.com\/wp-content\/uploads\/2023\/12\/sede-Upro.png 592w\" sizes=\"(max-width: 691px) 100vw, 691px\" \/><\/p>\n<h3>El Dr. Sosa agreg\u00f3 que teniendo en cuenta la gran dispersi\u00f3n de aulas que existe en espacios cedidos por distintas instituciones educativas, \u201cpensamos que esto nos va a resolver un gran problema, al permitirnos concentrar la actividad de al menos las carreras que se dictan en dos de las cuatro escuelas, para el ciclo lectivo 2024\u201d.<\/h3>\n<h3>El Rector destac\u00f3 la recepci\u00f3n y el acompa\u00f1amiento expresado por el gobernador Claudio Poggi, en la primera reuni\u00f3n formal entre ambos, al tiempo que agradeci\u00f3 su gesto en nombre de la comunidad universitaria.<\/h3>\n<p><img decoding=\"async\" class=\"wp-image-9073 aligncenter\" src=\"https:\/\/apuntesdesanluis.com\/wp-content\/uploads\/2023\/12\/rector-poggi-tell-300x215.jpg\" alt=\"\" width=\"691\" height=\"495\" srcset=\"https:\/\/apuntesdesanluis.com\/wp-content\/uploads\/2023\/12\/rector-poggi-tell-300x215.jpg 300w, https:\/\/apuntesdesanluis.com\/wp-content\/uploads\/2023\/12\/rector-poggi-tell.jpg 706w\" sizes=\"(max-width: 691px) 100vw, 691px\" \/><\/p>\n<h4 style=\"text-align: center;\"><em>El Rector Marcelo Sosa y el Sec. General Santiago Tell, junto a Claudio Poggi.<\/em><\/h4>\n<h3>Asimismo, lo invit\u00f3 a visitar la UNViMe tras el receso de enero, para dialogar respecto a algunas acciones de articulaci\u00f3n entre el gobierno y la universidad, a trav\u00e9s de las carreras que conforman su propuesta acad\u00e9mica.<\/h3>\n<p><iframe title=\"Marcelo Sosa, rector de UNViMe\" width=\"640\" height=\"360\" src=\"https:\/\/www.youtube.com\/embed\/D1ad10zwa2w?feature=oembed\" frameborder=\"0\" allow=\"accelerometer; autoplay; clipboard-write; encrypted-media; gyroscope; picture-in-picture; web-share\" referrerpolicy=\"strict-origin-when-cross-origin\" allowfullscreen><\/iframe><\/p>\n<h3><strong>MORGUE JUDICIAL<\/strong><\/h3>\n<h3>El titular de la UNViMe se dirigi\u00f3 luego a la sede del Poder Judicial, donde firm\u00f3 un convenio con el Presidente del Superior Tribunal de Justicia y el Procurador General de la provincia, a trav\u00e9s del cual se facilita a los alumnos de Medicina el acceso a la Morgue Judicial, para efectuar sus pr\u00e1cticas acad\u00e9micas<\/h3>\n<h3>El Procurador General de la provincia <strong>Luis Martinez<\/strong> recibi\u00f3 a los funcionarios en su despacho, y manifest\u00f3 su \u201ctotal apoyo\u201d para que los estudiantes de la carrera de Medicina puedan acceder a las instalaciones de la Morgue Judicial de la Segunda Circunscripci\u00f3n, para efectuar sus pr\u00e1cticas acad\u00e9micas y pre-profesionales.<\/h3>\n<p><img loading=\"lazy\" decoding=\"async\" class=\"wp-image-9074 aligncenter\" src=\"https:\/\/apuntesdesanluis.com\/wp-content\/uploads\/2023\/12\/Firma-convenio-300x188.jpg\" alt=\"\" width=\"697\" height=\"437\" srcset=\"https:\/\/apuntesdesanluis.com\/wp-content\/uploads\/2023\/12\/Firma-convenio-300x188.jpg 300w, https:\/\/apuntesdesanluis.com\/wp-content\/uploads\/2023\/12\/Firma-convenio.jpg 600w\" sizes=\"(max-width: 697px) 100vw, 697px\" \/><\/p>\n<h3>El convenio fue suscripto por el Rector de la UNViMe Marcelo Sosa; el Presidente del Superior Tribunal de Justicia, <strong>Jorge Levingston<\/strong>; y el Procurador General Luis Martinez.<\/h3>\n<h3>\u201cPara el Poder Judicial de la provincia, es un orgullo poder concretar este convenio que facilita la formaci\u00f3n de los futuros profesionales m\u00e9dicos, que luego se incorporar\u00e1n al sistema de salud en beneficio de la sociedad en su conjunto\u201d, expres\u00f3.<\/h3>\n<h3>El Rector por su parte agradeci\u00f3 \u201cla comprensi\u00f3n y generosa predisposici\u00f3n del Poder Judicial de nuestra provincia, en la persona del Procurador, puesto que representa un avance fundamental para el desarrollo de nuestros estudiantes, el acceso a pr\u00e1cticas de este tipo, las cuales son imprescindibles para su instancia educativa\u201d.<\/h3>\n<h3>Agreg\u00f3 que &#8220;despu\u00e9s de m\u00e1s de tres a\u00f1os desde que comenzaron las primeras reuniones entre la universidad y la justicia para firmar este acuerdo, y que por diferentes motivos nunca se pudo concretar, hoy estamos felices de poder hacer realidad este convenio en beneficio de nuestros alumnos&#8221;.<\/h3>\n<h3>Record\u00f3 tambi\u00e9n lo siguiente: \u201cHace dos semanas, el 14 de diciembre pasado, me reun\u00ed con un grupo de estudiantes de Medicina, para escuchar qu\u00e9 dificultades tienen con el cursado y ver c\u00f3mo los podemos ayudar. Lo hice preocupado por el desgranamiento que tiene esta carrera y los pocos estudiantes que cursan los \u00faltimos a\u00f1os. Entre otras cosas, me plantearon una falencia concreta: la falta de pr\u00e1cticas con cad\u00e1veres, \u00f3rganos, etc. Es algo l\u00f3gico y comprensible, porque estas cosas m\u00e1s all\u00e1 que se estudien te\u00f3ricamente, hay que observarlas en forma pr\u00e1ctica. Entonces me compromet\u00ed a trabajar sobre este tema y hoy tenemos el primer resultado\u201d.<\/h3>\n<p><img loading=\"lazy\" decoding=\"async\" class=\"wp-image-9075 aligncenter\" src=\"https:\/\/apuntesdesanluis.com\/wp-content\/uploads\/2023\/12\/rector-procurador-saludo-300x180.jpg\" alt=\"\" width=\"695\" height=\"417\" srcset=\"https:\/\/apuntesdesanluis.com\/wp-content\/uploads\/2023\/12\/rector-procurador-saludo-300x180.jpg 300w, https:\/\/apuntesdesanluis.com\/wp-content\/uploads\/2023\/12\/rector-procurador-saludo.jpg 600w\" sizes=\"(max-width: 695px) 100vw, 695px\" \/><\/p>\n<h3>Al t\u00e9rmino de la firma del convenio, el Rector dialog\u00f3 con Prensa Institucional y destac\u00f3 que a partir de ahora se va a poder \u00abprofundizar el nivel de excelencia que queremos para nuestros futuros m\u00e9dicos\u201d.<\/h3>\n<h3>Sum\u00f3 a esto que recientemente se obtuvo del Ministerio de Educaci\u00f3n de la Naci\u00f3n un aporte de casi 270 millones de pesos \u201cpara financiar la contrataci\u00f3n del plantel docente para el dictado de 4to. a 6to. a\u00f1o de la carrera de Medicina.<\/h3>\n<h3>A\u00f1adi\u00f3 que tanto el nuevo edificio de la Upro en barrio Los Poetas, que podr\u00e1 compartir la universidad a partir del ofrecimiento del gobernador Claudio Poggi, como el acceso de los estudiantes a las instalaciones de la Morgue Judicial, \u201cconstituyen acciones orientadas en un mismo sentido: hacer crecer y consolidar la UNViMe\u201d.<\/h3>\n<h3>\u201cEste es un a\u00f1o auspicioso para nuestra universidad, en el marco dif\u00edcil que atravesamos a nivel econ\u00f3mico y social, pero la esperanza est\u00e1 intacta\u201d, concluy\u00f3.<\/h3>\n<p><iframe title=\"#UNViMe Informa - La UNViMe firm\u00f3 un convenio con el Poder Judicial de la provincia.\" width=\"640\" height=\"360\" src=\"https:\/\/www.youtube.com\/embed\/Ray07X0WxhQ?feature=oembed\" frameborder=\"0\" allow=\"accelerometer; autoplay; clipboard-write; encrypted-media; gyroscope; picture-in-picture; web-share\" referrerpolicy=\"strict-origin-when-cross-origin\" allowfullscreen><\/iframe><\/p>\n<p>&nbsp;<\/p>\n<p>&nbsp;<\/p>\n<p>&nbsp;<\/p>\n<p>&nbsp;<\/p>\n<p>&nbsp;<\/p>\n","protected":false},"excerpt":{"rendered":"<p>Ese fue el resultado de la agenda que cumpli\u00f3 este mi\u00e9rcoles en San Luis el&#8230;<\/p>\n","protected":false},"author":1,"featured_media":9070,"comment_status":"closed","ping_status":"closed","sticky":false,"template":"","format":"standard","meta":{"footnotes":""},"categories":[6],"tags":[],"class_list":["post-9069","post","type-post","status-publish","format-standard","has-post-thumbnail","hentry","category-ciudad-provincia"],"yoast_head":"<!-- This site is optimized with the Yoast SEO plugin v26.1.1 - https:\/\/yoast.com\/wordpress\/plugins\/seo\/ -->\n<title>LA UNVIME PODR\u00c1 COMPARTIR NUEVO EDIFICIO DE LA UPRO Y TENDR\u00c1 ACCESO A LA MORGUE JUDICIAL - Apuntes de San Luis<\/title>\n<meta name=\"robots\" content=\"index, follow, max-snippet:-1, max-image-preview:large, max-video-preview:-1\" \/>\n<link rel=\"canonical\" href=\"https:\/\/apuntesdesanluis.com\/index.php\/2023\/12\/27\/la-unvime-podra-compartir-nuevo-edificio-de-la-upro-y-tendra-acceso-a-la-morgue-judicial\/\" \/>\n<meta property=\"og:locale\" content=\"es_ES\" \/>\n<meta property=\"og:type\" content=\"article\" \/>\n<meta property=\"og:title\" content=\"LA UNVIME PODR\u00c1 COMPARTIR NUEVO EDIFICIO DE LA UPRO Y TENDR\u00c1 ACCESO A LA MORGUE JUDICIAL - Apuntes de San Luis\" \/>\n<meta property=\"og:description\" content=\"Ese fue el resultado de la agenda que cumpli\u00f3 este mi\u00e9rcoles en San Luis el...\" \/>\n<meta property=\"og:url\" content=\"https:\/\/apuntesdesanluis.com\/index.php\/2023\/12\/27\/la-unvime-podra-compartir-nuevo-edificio-de-la-upro-y-tendra-acceso-a-la-morgue-judicial\/\" \/>\n<meta property=\"og:site_name\" content=\"Apuntes de San Luis\" \/>\n<meta property=\"article:published_time\" content=\"2023-12-28T02:40:50+00:00\" \/>\n<meta property=\"article:modified_time\" content=\"2023-12-28T04:20:07+00:00\" \/>\n<meta property=\"og:image\" content=\"https:\/\/apuntesdesanluis.com\/wp-content\/uploads\/2023\/12\/rector-sosa-gobernador.png\" \/>\n\t<meta property=\"og:image:width\" content=\"600\" \/>\n\t<meta property=\"og:image:height\" content=\"347\" \/>\n\t<meta property=\"og:image:type\" content=\"image\/png\" \/>\n<meta name=\"author\" content=\"apuntesdesanluis.com\" \/>\n<meta name=\"twitter:card\" content=\"summary_large_image\" \/>\n<meta name=\"twitter:label1\" content=\"Escrito por\" \/>\n\t<meta name=\"twitter:data1\" content=\"apuntesdesanluis.com\" \/>\n\t<meta name=\"twitter:label2\" content=\"Tiempo de lectura\" \/>\n\t<meta name=\"twitter:data2\" content=\"6 minutos\" \/>\n<script type=\"application\/ld+json\" class=\"yoast-schema-graph\">{\"@context\":\"https:\/\/schema.org\",\"@graph\":[{\"@type\":\"Article\",\"@id\":\"https:\/\/apuntesdesanluis.com\/index.php\/2023\/12\/27\/la-unvime-podra-compartir-nuevo-edificio-de-la-upro-y-tendra-acceso-a-la-morgue-judicial\/#article\",\"isPartOf\":{\"@id\":\"https:\/\/apuntesdesanluis.com\/index.php\/2023\/12\/27\/la-unvime-podra-compartir-nuevo-edificio-de-la-upro-y-tendra-acceso-a-la-morgue-judicial\/\"},\"author\":{\"name\":\"apuntesdesanluis.com\",\"@id\":\"https:\/\/apuntesdesanluis.com\/#\/schema\/person\/b55151d52296fcce64d1a72538a70b90\"},\"headline\":\"LA UNVIME PODR\u00c1 COMPARTIR NUEVO EDIFICIO DE LA UPRO Y TENDR\u00c1 ACCESO A LA MORGUE JUDICIAL\",\"datePublished\":\"2023-12-28T02:40:50+00:00\",\"dateModified\":\"2023-12-28T04:20:07+00:00\",\"mainEntityOfPage\":{\"@id\":\"https:\/\/apuntesdesanluis.com\/index.php\/2023\/12\/27\/la-unvime-podra-compartir-nuevo-edificio-de-la-upro-y-tendra-acceso-a-la-morgue-judicial\/\"},\"wordCount\":982,\"publisher\":{\"@id\":\"https:\/\/apuntesdesanluis.com\/#\/schema\/person\/b55151d52296fcce64d1a72538a70b90\"},\"image\":{\"@id\":\"https:\/\/apuntesdesanluis.com\/index.php\/2023\/12\/27\/la-unvime-podra-compartir-nuevo-edificio-de-la-upro-y-tendra-acceso-a-la-morgue-judicial\/#primaryimage\"},\"thumbnailUrl\":\"https:\/\/apuntesdesanluis.com\/wp-content\/uploads\/2023\/12\/rector-sosa-gobernador.png\",\"articleSection\":[\"Ciudad\/Provincia\"],\"inLanguage\":\"es-AR\"},{\"@type\":\"WebPage\",\"@id\":\"https:\/\/apuntesdesanluis.com\/index.php\/2023\/12\/27\/la-unvime-podra-compartir-nuevo-edificio-de-la-upro-y-tendra-acceso-a-la-morgue-judicial\/\",\"url\":\"https:\/\/apuntesdesanluis.com\/index.php\/2023\/12\/27\/la-unvime-podra-compartir-nuevo-edificio-de-la-upro-y-tendra-acceso-a-la-morgue-judicial\/\",\"name\":\"LA UNVIME PODR\u00c1 COMPARTIR NUEVO EDIFICIO DE LA UPRO Y TENDR\u00c1 ACCESO A LA MORGUE JUDICIAL - Apuntes de San Luis\",\"isPartOf\":{\"@id\":\"https:\/\/apuntesdesanluis.com\/#website\"},\"primaryImageOfPage\":{\"@id\":\"https:\/\/apuntesdesanluis.com\/index.php\/2023\/12\/27\/la-unvime-podra-compartir-nuevo-edificio-de-la-upro-y-tendra-acceso-a-la-morgue-judicial\/#primaryimage\"},\"image\":{\"@id\":\"https:\/\/apuntesdesanluis.com\/index.php\/2023\/12\/27\/la-unvime-podra-compartir-nuevo-edificio-de-la-upro-y-tendra-acceso-a-la-morgue-judicial\/#primaryimage\"},\"thumbnailUrl\":\"https:\/\/apuntesdesanluis.com\/wp-content\/uploads\/2023\/12\/rector-sosa-gobernador.png\",\"datePublished\":\"2023-12-28T02:40:50+00:00\",\"dateModified\":\"2023-12-28T04:20:07+00:00\",\"breadcrumb\":{\"@id\":\"https:\/\/apuntesdesanluis.com\/index.php\/2023\/12\/27\/la-unvime-podra-compartir-nuevo-edificio-de-la-upro-y-tendra-acceso-a-la-morgue-judicial\/#breadcrumb\"},\"inLanguage\":\"es-AR\",\"potentialAction\":[{\"@type\":\"ReadAction\",\"target\":[\"https:\/\/apuntesdesanluis.com\/index.php\/2023\/12\/27\/la-unvime-podra-compartir-nuevo-edificio-de-la-upro-y-tendra-acceso-a-la-morgue-judicial\/\"]}]},{\"@type\":\"ImageObject\",\"inLanguage\":\"es-AR\",\"@id\":\"https:\/\/apuntesdesanluis.com\/index.php\/2023\/12\/27\/la-unvime-podra-compartir-nuevo-edificio-de-la-upro-y-tendra-acceso-a-la-morgue-judicial\/#primaryimage\",\"url\":\"https:\/\/apuntesdesanluis.com\/wp-content\/uploads\/2023\/12\/rector-sosa-gobernador.png\",\"contentUrl\":\"https:\/\/apuntesdesanluis.com\/wp-content\/uploads\/2023\/12\/rector-sosa-gobernador.png\",\"width\":600,\"height\":347},{\"@type\":\"BreadcrumbList\",\"@id\":\"https:\/\/apuntesdesanluis.com\/index.php\/2023\/12\/27\/la-unvime-podra-compartir-nuevo-edificio-de-la-upro-y-tendra-acceso-a-la-morgue-judicial\/#breadcrumb\",\"itemListElement\":[{\"@type\":\"ListItem\",\"position\":1,\"name\":\"Inicio\",\"item\":\"https:\/\/apuntesdesanluis.com\/\"},{\"@type\":\"ListItem\",\"position\":2,\"name\":\"LA UNVIME PODR\u00c1 COMPARTIR NUEVO EDIFICIO DE LA UPRO Y TENDR\u00c1 ACCESO A LA MORGUE JUDICIAL\"}]},{\"@type\":\"WebSite\",\"@id\":\"https:\/\/apuntesdesanluis.com\/#website\",\"url\":\"https:\/\/apuntesdesanluis.com\/\",\"name\":\"Apuntes de San Luis\",\"description\":\"\",\"publisher\":{\"@id\":\"https:\/\/apuntesdesanluis.com\/#\/schema\/person\/b55151d52296fcce64d1a72538a70b90\"},\"potentialAction\":[{\"@type\":\"SearchAction\",\"target\":{\"@type\":\"EntryPoint\",\"urlTemplate\":\"https:\/\/apuntesdesanluis.com\/?s={search_term_string}\"},\"query-input\":{\"@type\":\"PropertyValueSpecification\",\"valueRequired\":true,\"valueName\":\"search_term_string\"}}],\"inLanguage\":\"es-AR\"},{\"@type\":[\"Person\",\"Organization\"],\"@id\":\"https:\/\/apuntesdesanluis.com\/#\/schema\/person\/b55151d52296fcce64d1a72538a70b90\",\"name\":\"apuntesdesanluis.com\",\"image\":{\"@type\":\"ImageObject\",\"inLanguage\":\"es-AR\",\"@id\":\"https:\/\/apuntesdesanluis.com\/#\/schema\/person\/image\/\",\"url\":\"https:\/\/apuntesdesanluis.com\/wp-content\/uploads\/2023\/07\/cropped-apuntesdesanluis.png\",\"contentUrl\":\"https:\/\/apuntesdesanluis.com\/wp-content\/uploads\/2023\/07\/cropped-apuntesdesanluis.png\",\"width\":450,\"height\":112,\"caption\":\"apuntesdesanluis.com\"},\"logo\":{\"@id\":\"https:\/\/apuntesdesanluis.com\/#\/schema\/person\/image\/\"},\"sameAs\":[\"https:\/\/apuntesdesanluis.com\"],\"url\":\"https:\/\/apuntesdesanluis.com\/index.php\/author\/apuntesdesanluis-com\/\"}]}<\/script>\n<!-- \/ Yoast SEO plugin. -->","yoast_head_json":{"title":"LA UNVIME PODR\u00c1 COMPARTIR NUEVO EDIFICIO DE LA UPRO Y TENDR\u00c1 ACCESO A LA MORGUE JUDICIAL - Apuntes de San Luis","robots":{"index":"index","follow":"follow","max-snippet":"max-snippet:-1","max-image-preview":"max-image-preview:large","max-video-preview":"max-video-preview:-1"},"canonical":"https:\/\/apuntesdesanluis.com\/index.php\/2023\/12\/27\/la-unvime-podra-compartir-nuevo-edificio-de-la-upro-y-tendra-acceso-a-la-morgue-judicial\/","og_locale":"es_ES","og_type":"article","og_title":"LA UNVIME PODR\u00c1 COMPARTIR NUEVO EDIFICIO DE LA UPRO Y TENDR\u00c1 ACCESO A LA MORGUE JUDICIAL - Apuntes de San Luis","og_description":"Ese fue el resultado de la agenda que cumpli\u00f3 este mi\u00e9rcoles en San Luis el...","og_url":"https:\/\/apuntesdesanluis.com\/index.php\/2023\/12\/27\/la-unvime-podra-compartir-nuevo-edificio-de-la-upro-y-tendra-acceso-a-la-morgue-judicial\/","og_site_name":"Apuntes de San Luis","article_published_time":"2023-12-28T02:40:50+00:00","article_modified_time":"2023-12-28T04:20:07+00:00","og_image":[{"width":600,"height":347,"url":"https:\/\/apuntesdesanluis.com\/wp-content\/uploads\/2023\/12\/rector-sosa-gobernador.png","type":"image\/png"}],"author":"apuntesdesanluis.com","twitter_card":"summary_large_image","twitter_misc":{"Escrito por":"apuntesdesanluis.com","Tiempo de lectura":"6 minutos"},"schema":{"@context":"https:\/\/schema.org","@graph":[{"@type":"Article","@id":"https:\/\/apuntesdesanluis.com\/index.php\/2023\/12\/27\/la-unvime-podra-compartir-nuevo-edificio-de-la-upro-y-tendra-acceso-a-la-morgue-judicial\/#article","isPartOf":{"@id":"https:\/\/apuntesdesanluis.com\/index.php\/2023\/12\/27\/la-unvime-podra-compartir-nuevo-edificio-de-la-upro-y-tendra-acceso-a-la-morgue-judicial\/"},"author":{"name":"apuntesdesanluis.com","@id":"https:\/\/apuntesdesanluis.com\/#\/schema\/person\/b55151d52296fcce64d1a72538a70b90"},"headline":"LA UNVIME PODR\u00c1 COMPARTIR NUEVO EDIFICIO DE LA UPRO Y TENDR\u00c1 ACCESO A LA MORGUE JUDICIAL","datePublished":"2023-12-28T02:40:50+00:00","dateModified":"2023-12-28T04:20:07+00:00","mainEntityOfPage":{"@id":"https:\/\/apuntesdesanluis.com\/index.php\/2023\/12\/27\/la-unvime-podra-compartir-nuevo-edificio-de-la-upro-y-tendra-acceso-a-la-morgue-judicial\/"},"wordCount":982,"publisher":{"@id":"https:\/\/apuntesdesanluis.com\/#\/schema\/person\/b55151d52296fcce64d1a72538a70b90"},"image":{"@id":"https:\/\/apuntesdesanluis.com\/index.php\/2023\/12\/27\/la-unvime-podra-compartir-nuevo-edificio-de-la-upro-y-tendra-acceso-a-la-morgue-judicial\/#primaryimage"},"thumbnailUrl":"https:\/\/apuntesdesanluis.com\/wp-content\/uploads\/2023\/12\/rector-sosa-gobernador.png","articleSection":["Ciudad\/Provincia"],"inLanguage":"es-AR"},{"@type":"WebPage","@id":"https:\/\/apuntesdesanluis.com\/index.php\/2023\/12\/27\/la-unvime-podra-compartir-nuevo-edificio-de-la-upro-y-tendra-acceso-a-la-morgue-judicial\/","url":"https:\/\/apuntesdesanluis.com\/index.php\/2023\/12\/27\/la-unvime-podra-compartir-nuevo-edificio-de-la-upro-y-tendra-acceso-a-la-morgue-judicial\/","name":"LA UNVIME PODR\u00c1 COMPARTIR NUEVO EDIFICIO DE LA UPRO Y TENDR\u00c1 ACCESO A LA MORGUE JUDICIAL - Apuntes de San Luis","isPartOf":{"@id":"https:\/\/apuntesdesanluis.com\/#website"},"primaryImageOfPage":{"@id":"https:\/\/apuntesdesanluis.com\/index.php\/2023\/12\/27\/la-unvime-podra-compartir-nuevo-edificio-de-la-upro-y-tendra-acceso-a-la-morgue-judicial\/#primaryimage"},"image":{"@id":"https:\/\/apuntesdesanluis.com\/index.php\/2023\/12\/27\/la-unvime-podra-compartir-nuevo-edificio-de-la-upro-y-tendra-acceso-a-la-morgue-judicial\/#primaryimage"},"thumbnailUrl":"https:\/\/apuntesdesanluis.com\/wp-content\/uploads\/2023\/12\/rector-sosa-gobernador.png","datePublished":"2023-12-28T02:40:50+00:00","dateModified":"2023-12-28T04:20:07+00:00","breadcrumb":{"@id":"https:\/\/apuntesdesanluis.com\/index.php\/2023\/12\/27\/la-unvime-podra-compartir-nuevo-edificio-de-la-upro-y-tendra-acceso-a-la-morgue-judicial\/#breadcrumb"},"inLanguage":"es-AR","potentialAction":[{"@type":"ReadAction","target":["https:\/\/apuntesdesanluis.com\/index.php\/2023\/12\/27\/la-unvime-podra-compartir-nuevo-edificio-de-la-upro-y-tendra-acceso-a-la-morgue-judicial\/"]}]},{"@type":"ImageObject","inLanguage":"es-AR","@id":"https:\/\/apuntesdesanluis.com\/index.php\/2023\/12\/27\/la-unvime-podra-compartir-nuevo-edificio-de-la-upro-y-tendra-acceso-a-la-morgue-judicial\/#primaryimage","url":"https:\/\/apuntesdesanluis.com\/wp-content\/uploads\/2023\/12\/rector-sosa-gobernador.png","contentUrl":"https:\/\/apuntesdesanluis.com\/wp-content\/uploads\/2023\/12\/rector-sosa-gobernador.png","width":600,"height":347},{"@type":"BreadcrumbList","@id":"https:\/\/apuntesdesanluis.com\/index.php\/2023\/12\/27\/la-unvime-podra-compartir-nuevo-edificio-de-la-upro-y-tendra-acceso-a-la-morgue-judicial\/#breadcrumb","itemListElement":[{"@type":"ListItem","position":1,"name":"Inicio","item":"https:\/\/apuntesdesanluis.com\/"},{"@type":"ListItem","position":2,"name":"LA UNVIME PODR\u00c1 COMPARTIR NUEVO EDIFICIO DE LA UPRO Y TENDR\u00c1 ACCESO A LA MORGUE JUDICIAL"}]},{"@type":"WebSite","@id":"https:\/\/apuntesdesanluis.com\/#website","url":"https:\/\/apuntesdesanluis.com\/","name":"Apuntes de San Luis","description":"","publisher":{"@id":"https:\/\/apuntesdesanluis.com\/#\/schema\/person\/b55151d52296fcce64d1a72538a70b90"},"potentialAction":[{"@type":"SearchAction","target":{"@type":"EntryPoint","urlTemplate":"https:\/\/apuntesdesanluis.com\/?s={search_term_string}"},"query-input":{"@type":"PropertyValueSpecification","valueRequired":true,"valueName":"search_term_string"}}],"inLanguage":"es-AR"},{"@type":["Person","Organization"],"@id":"https:\/\/apuntesdesanluis.com\/#\/schema\/person\/b55151d52296fcce64d1a72538a70b90","name":"apuntesdesanluis.com","image":{"@type":"ImageObject","inLanguage":"es-AR","@id":"https:\/\/apuntesdesanluis.com\/#\/schema\/person\/image\/","url":"https:\/\/apuntesdesanluis.com\/wp-content\/uploads\/2023\/07\/cropped-apuntesdesanluis.png","contentUrl":"https:\/\/apuntesdesanluis.com\/wp-content\/uploads\/2023\/07\/cropped-apuntesdesanluis.png","width":450,"height":112,"caption":"apuntesdesanluis.com"},"logo":{"@id":"https:\/\/apuntesdesanluis.com\/#\/schema\/person\/image\/"},"sameAs":["https:\/\/apuntesdesanluis.com"],"url":"https:\/\/apuntesdesanluis.com\/index.php\/author\/apuntesdesanluis-com\/"}]}},"featured_image_urls":{"full":["https:\/\/apuntesdesanluis.com\/wp-content\/uploads\/2023\/12\/rector-sosa-gobernador.png",600,347,false],"thumbnail":["https:\/\/apuntesdesanluis.com\/wp-content\/uploads\/2023\/12\/rector-sosa-gobernador-150x150.png",150,150,true],"medium":["https:\/\/apuntesdesanluis.com\/wp-content\/uploads\/2023\/12\/rector-sosa-gobernador-300x174.png",300,174,true],"medium_large":["https:\/\/apuntesdesanluis.com\/wp-content\/uploads\/2023\/12\/rector-sosa-gobernador.png",600,347,false],"large":["https:\/\/apuntesdesanluis.com\/wp-content\/uploads\/2023\/12\/rector-sosa-gobernador.png",600,347,false],"1536x1536":["https:\/\/apuntesdesanluis.com\/wp-content\/uploads\/2023\/12\/rector-sosa-gobernador.png",600,347,false],"2048x2048":["https:\/\/apuntesdesanluis.com\/wp-content\/uploads\/2023\/12\/rector-sosa-gobernador.png",600,347,false],"newsever-slider-full":["https:\/\/apuntesdesanluis.com\/wp-content\/uploads\/2023\/12\/rector-sosa-gobernador.png",600,347,false],"newsever-featured":["https:\/\/apuntesdesanluis.com\/wp-content\/uploads\/2023\/12\/rector-sosa-gobernador.png",600,347,false],"newsever-medium":["https:\/\/apuntesdesanluis.com\/wp-content\/uploads\/2023\/12\/rector-sosa-gobernador.png",600,347,false]},"author_info":{"display_name":"apuntesdesanluis.com","author_link":"https:\/\/apuntesdesanluis.com\/index.php\/author\/apuntesdesanluis-com\/"},"category_info":"<a href=\"https:\/\/apuntesdesanluis.com\/index.php\/category\/ciudad-provincia\/\" rel=\"category tag\">Ciudad\/Provincia<\/a>","tag_info":"Ciudad\/Provincia","comment_count":"0","_links":{"self":[{"href":"https:\/\/apuntesdesanluis.com\/index.php\/wp-json\/wp\/v2\/posts\/9069","targetHints":{"allow":["GET"]}}],"collection":[{"href":"https:\/\/apuntesdesanluis.com\/index.php\/wp-json\/wp\/v2\/posts"}],"about":[{"href":"https:\/\/apuntesdesanluis.com\/index.php\/wp-json\/wp\/v2\/types\/post"}],"author":[{"embeddable":true,"href":"https:\/\/apuntesdesanluis.com\/index.php\/wp-json\/wp\/v2\/users\/1"}],"replies":[{"embeddable":true,"href":"https:\/\/apuntesdesanluis.com\/index.php\/wp-json\/wp\/v2\/comments?post=9069"}],"version-history":[{"count":7,"href":"https:\/\/apuntesdesanluis.com\/index.php\/wp-json\/wp\/v2\/posts\/9069\/revisions"}],"predecessor-version":[{"id":9085,"href":"https:\/\/apuntesdesanluis.com\/index.php\/wp-json\/wp\/v2\/posts\/9069\/revisions\/9085"}],"wp:featuredmedia":[{"embeddable":true,"href":"https:\/\/apuntesdesanluis.com\/index.php\/wp-json\/wp\/v2\/media\/9070"}],"wp:attachment":[{"href":"https:\/\/apuntesdesanluis.com\/index.php\/wp-json\/wp\/v2\/media?parent=9069"}],"wp:term":[{"taxonomy":"category","embeddable":true,"href":"https:\/\/apuntesdesanluis.com\/index.php\/wp-json\/wp\/v2\/categories?post=9069"},{"taxonomy":"post_tag","embeddable":true,"href":"https:\/\/apuntesdesanluis.com\/index.php\/wp-json\/wp\/v2\/tags?post=9069"}],"curies":[{"name":"wp","href":"https:\/\/api.w.org\/{rel}","templated":true}]}}