{"id":907,"date":"2023-08-02T18:21:01","date_gmt":"2023-08-02T21:21:01","guid":{"rendered":"https:\/\/apuntesdesanluis.com\/?p=907"},"modified":"2023-08-02T18:21:50","modified_gmt":"2023-08-02T21:21:50","slug":"907","status":"publish","type":"post","link":"https:\/\/apuntesdesanluis.com\/index.php\/2023\/08\/02\/907\/","title":{"rendered":"SE LLEV\u00d3 A CABO EL OPERATIVO TERRITORIAL DE PENSIONES NO CONTRIBUTIVAS"},"content":{"rendered":"<h3>Este martes y mi\u00e9rcoles, la <strong>Agencia Nacional de Discapacidad (ANDIS) <\/strong>en conjunto con el<strong> Ministerio de Desarrollo Social<\/strong> de la provincia y la<strong> Municipalidad de San Luis<\/strong>, llevaron a cabo un<strong> operativo territorial de pensiones no contributivas.<\/strong><\/h3>\n<h3>Entre los tres organismos se trata de acortar los procesos que recorren las personas con discapacidad, seg\u00fan indicaron desde el \u00e1rea municipal este es un operativo independientemente del CUD (certificado \u00fanico de discapacidad) ya que en este operativo \u00fanicamente se hace la pensi\u00f3n, las personas que no tienen certificado de discapacidad tambi\u00e9n puede acceder a la pensi\u00f3n no contributiva.<\/h3>\n<h3>El objetivo es generar pensiones no contributivas a aquellos que iniciaron el tr\u00e1mite y no lo hayan concluido. La actividad se desarroll\u00f3 en el Sal\u00f3n de la Puntanidad de Terrazas del Portezuelo, durante las dos jornadas.<\/h3>\n<h3>La jefa del Subprograma Protecci\u00f3n y Promoci\u00f3n a las Personas con Discapacidad, <strong>Nieves Salama<\/strong>, expres\u00f3: \u201cEl operativo est\u00e1 dirigido a gente que tiene discapacidad. Todos aquellos que hayan comenzado con este tr\u00e1mite hoy van a poder finalizarlo\u201d. Adem\u00e1s, agreg\u00f3: \u201cEs muy importante generar el tr\u00e1mite, nosotros a trav\u00e9s del Subprograma hemos generado la convocatoria para mil personas del padr\u00f3n activo que Naci\u00f3n tiene ahora de pensiones no terminadas\u201d.<\/h3>\n<h3>Cabe destacar adem\u00e1s que el aporte de julio para las Pensiones No Contributivas fue de $49.000.<\/h3>\n<h3>Luciana Miserendino, quien est\u00e1 a cargo del Programa de Discapacidad de la Municipalidad de San Luis, agreg\u00f3: \u201cLas personas que asistan deben presentar el DNI, la documentaci\u00f3n respaldatoria de su discapacidad, y si tienen iniciado el tr\u00e1mite o el n\u00famero de tr\u00e1mite, y el CMO (certificado m\u00e9dico obligatorio)\u201d.<\/h3>\n","protected":false},"excerpt":{"rendered":"<p>Este martes y mi\u00e9rcoles, la Agencia Nacional de Discapacidad (ANDIS) en conjunto con el Ministerio&#8230;<\/p>\n","protected":false},"author":1,"featured_media":908,"comment_status":"closed","ping_status":"closed","sticky":false,"template":"","format":"standard","meta":{"footnotes":""},"categories":[6],"tags":[],"class_list":["post-907","post","type-post","status-publish","format-standard","has-post-thumbnail","hentry","category-ciudad-provincia"],"yoast_head":"<!-- This site is optimized with the Yoast SEO plugin v26.1.1 - https:\/\/yoast.com\/wordpress\/plugins\/seo\/ -->\n<title>SE LLEV\u00d3 A CABO EL OPERATIVO TERRITORIAL DE PENSIONES NO CONTRIBUTIVAS - Apuntes de San Luis<\/title>\n<meta name=\"robots\" content=\"index, follow, max-snippet:-1, max-image-preview:large, max-video-preview:-1\" \/>\n<link rel=\"canonical\" href=\"https:\/\/apuntesdesanluis.com\/index.php\/2023\/08\/02\/907\/\" \/>\n<meta property=\"og:locale\" content=\"es_ES\" \/>\n<meta property=\"og:type\" content=\"article\" \/>\n<meta property=\"og:title\" content=\"SE LLEV\u00d3 A CABO EL OPERATIVO TERRITORIAL DE PENSIONES NO CONTRIBUTIVAS - Apuntes de San Luis\" \/>\n<meta property=\"og:description\" content=\"Este martes y mi\u00e9rcoles, la Agencia Nacional de Discapacidad (ANDIS) en conjunto con el Ministerio...\" \/>\n<meta property=\"og:url\" content=\"https:\/\/apuntesdesanluis.com\/index.php\/2023\/08\/02\/907\/\" \/>\n<meta property=\"og:site_name\" content=\"Apuntes de San Luis\" \/>\n<meta property=\"article:published_time\" content=\"2023-08-02T21:21:01+00:00\" \/>\n<meta property=\"article:modified_time\" content=\"2023-08-02T21:21:50+00:00\" \/>\n<meta property=\"og:image\" content=\"https:\/\/apuntesdesanluis.com\/wp-content\/uploads\/2023\/08\/operativo-pensiones.png\" \/>\n\t<meta property=\"og:image:width\" content=\"600\" \/>\n\t<meta property=\"og:image:height\" content=\"361\" \/>\n\t<meta property=\"og:image:type\" content=\"image\/png\" \/>\n<meta name=\"author\" content=\"apuntesdesanluis.com\" \/>\n<meta name=\"twitter:card\" content=\"summary_large_image\" \/>\n<meta name=\"twitter:label1\" content=\"Escrito por\" \/>\n\t<meta name=\"twitter:data1\" content=\"apuntesdesanluis.com\" \/>\n\t<meta name=\"twitter:label2\" content=\"Tiempo de lectura\" \/>\n\t<meta name=\"twitter:data2\" content=\"2 minutos\" \/>\n<script type=\"application\/ld+json\" class=\"yoast-schema-graph\">{\"@context\":\"https:\/\/schema.org\",\"@graph\":[{\"@type\":\"Article\",\"@id\":\"https:\/\/apuntesdesanluis.com\/index.php\/2023\/08\/02\/907\/#article\",\"isPartOf\":{\"@id\":\"https:\/\/apuntesdesanluis.com\/index.php\/2023\/08\/02\/907\/\"},\"author\":{\"name\":\"apuntesdesanluis.com\",\"@id\":\"https:\/\/apuntesdesanluis.com\/#\/schema\/person\/b55151d52296fcce64d1a72538a70b90\"},\"headline\":\"SE LLEV\u00d3 A CABO EL OPERATIVO TERRITORIAL DE PENSIONES NO CONTRIBUTIVAS\",\"datePublished\":\"2023-08-02T21:21:01+00:00\",\"dateModified\":\"2023-08-02T21:21:50+00:00\",\"mainEntityOfPage\":{\"@id\":\"https:\/\/apuntesdesanluis.com\/index.php\/2023\/08\/02\/907\/\"},\"wordCount\":295,\"publisher\":{\"@id\":\"https:\/\/apuntesdesanluis.com\/#\/schema\/person\/b55151d52296fcce64d1a72538a70b90\"},\"image\":{\"@id\":\"https:\/\/apuntesdesanluis.com\/index.php\/2023\/08\/02\/907\/#primaryimage\"},\"thumbnailUrl\":\"https:\/\/apuntesdesanluis.com\/wp-content\/uploads\/2023\/08\/operativo-pensiones.png\",\"articleSection\":[\"Ciudad\/Provincia\"],\"inLanguage\":\"es-AR\"},{\"@type\":\"WebPage\",\"@id\":\"https:\/\/apuntesdesanluis.com\/index.php\/2023\/08\/02\/907\/\",\"url\":\"https:\/\/apuntesdesanluis.com\/index.php\/2023\/08\/02\/907\/\",\"name\":\"SE LLEV\u00d3 A CABO EL OPERATIVO TERRITORIAL DE PENSIONES NO CONTRIBUTIVAS - Apuntes de San Luis\",\"isPartOf\":{\"@id\":\"https:\/\/apuntesdesanluis.com\/#website\"},\"primaryImageOfPage\":{\"@id\":\"https:\/\/apuntesdesanluis.com\/index.php\/2023\/08\/02\/907\/#primaryimage\"},\"image\":{\"@id\":\"https:\/\/apuntesdesanluis.com\/index.php\/2023\/08\/02\/907\/#primaryimage\"},\"thumbnailUrl\":\"https:\/\/apuntesdesanluis.com\/wp-content\/uploads\/2023\/08\/operativo-pensiones.png\",\"datePublished\":\"2023-08-02T21:21:01+00:00\",\"dateModified\":\"2023-08-02T21:21:50+00:00\",\"breadcrumb\":{\"@id\":\"https:\/\/apuntesdesanluis.com\/index.php\/2023\/08\/02\/907\/#breadcrumb\"},\"inLanguage\":\"es-AR\",\"potentialAction\":[{\"@type\":\"ReadAction\",\"target\":[\"https:\/\/apuntesdesanluis.com\/index.php\/2023\/08\/02\/907\/\"]}]},{\"@type\":\"ImageObject\",\"inLanguage\":\"es-AR\",\"@id\":\"https:\/\/apuntesdesanluis.com\/index.php\/2023\/08\/02\/907\/#primaryimage\",\"url\":\"https:\/\/apuntesdesanluis.com\/wp-content\/uploads\/2023\/08\/operativo-pensiones.png\",\"contentUrl\":\"https:\/\/apuntesdesanluis.com\/wp-content\/uploads\/2023\/08\/operativo-pensiones.png\",\"width\":600,\"height\":361},{\"@type\":\"BreadcrumbList\",\"@id\":\"https:\/\/apuntesdesanluis.com\/index.php\/2023\/08\/02\/907\/#breadcrumb\",\"itemListElement\":[{\"@type\":\"ListItem\",\"position\":1,\"name\":\"Inicio\",\"item\":\"https:\/\/apuntesdesanluis.com\/\"},{\"@type\":\"ListItem\",\"position\":2,\"name\":\"SE LLEV\u00d3 A CABO EL OPERATIVO TERRITORIAL DE PENSIONES NO CONTRIBUTIVAS\"}]},{\"@type\":\"WebSite\",\"@id\":\"https:\/\/apuntesdesanluis.com\/#website\",\"url\":\"https:\/\/apuntesdesanluis.com\/\",\"name\":\"Apuntes de San Luis\",\"description\":\"\",\"publisher\":{\"@id\":\"https:\/\/apuntesdesanluis.com\/#\/schema\/person\/b55151d52296fcce64d1a72538a70b90\"},\"potentialAction\":[{\"@type\":\"SearchAction\",\"target\":{\"@type\":\"EntryPoint\",\"urlTemplate\":\"https:\/\/apuntesdesanluis.com\/?s={search_term_string}\"},\"query-input\":{\"@type\":\"PropertyValueSpecification\",\"valueRequired\":true,\"valueName\":\"search_term_string\"}}],\"inLanguage\":\"es-AR\"},{\"@type\":[\"Person\",\"Organization\"],\"@id\":\"https:\/\/apuntesdesanluis.com\/#\/schema\/person\/b55151d52296fcce64d1a72538a70b90\",\"name\":\"apuntesdesanluis.com\",\"image\":{\"@type\":\"ImageObject\",\"inLanguage\":\"es-AR\",\"@id\":\"https:\/\/apuntesdesanluis.com\/#\/schema\/person\/image\/\",\"url\":\"https:\/\/apuntesdesanluis.com\/wp-content\/uploads\/2023\/07\/cropped-apuntesdesanluis.png\",\"contentUrl\":\"https:\/\/apuntesdesanluis.com\/wp-content\/uploads\/2023\/07\/cropped-apuntesdesanluis.png\",\"width\":450,\"height\":112,\"caption\":\"apuntesdesanluis.com\"},\"logo\":{\"@id\":\"https:\/\/apuntesdesanluis.com\/#\/schema\/person\/image\/\"},\"sameAs\":[\"https:\/\/apuntesdesanluis.com\"],\"url\":\"https:\/\/apuntesdesanluis.com\/index.php\/author\/apuntesdesanluis-com\/\"}]}<\/script>\n<!-- \/ Yoast SEO plugin. -->","yoast_head_json":{"title":"SE LLEV\u00d3 A CABO EL OPERATIVO TERRITORIAL DE PENSIONES NO CONTRIBUTIVAS - Apuntes de San Luis","robots":{"index":"index","follow":"follow","max-snippet":"max-snippet:-1","max-image-preview":"max-image-preview:large","max-video-preview":"max-video-preview:-1"},"canonical":"https:\/\/apuntesdesanluis.com\/index.php\/2023\/08\/02\/907\/","og_locale":"es_ES","og_type":"article","og_title":"SE LLEV\u00d3 A CABO EL OPERATIVO TERRITORIAL DE PENSIONES NO CONTRIBUTIVAS - Apuntes de San Luis","og_description":"Este martes y mi\u00e9rcoles, la Agencia Nacional de Discapacidad (ANDIS) en conjunto con el Ministerio...","og_url":"https:\/\/apuntesdesanluis.com\/index.php\/2023\/08\/02\/907\/","og_site_name":"Apuntes de San Luis","article_published_time":"2023-08-02T21:21:01+00:00","article_modified_time":"2023-08-02T21:21:50+00:00","og_image":[{"width":600,"height":361,"url":"https:\/\/apuntesdesanluis.com\/wp-content\/uploads\/2023\/08\/operativo-pensiones.png","type":"image\/png"}],"author":"apuntesdesanluis.com","twitter_card":"summary_large_image","twitter_misc":{"Escrito por":"apuntesdesanluis.com","Tiempo de lectura":"2 minutos"},"schema":{"@context":"https:\/\/schema.org","@graph":[{"@type":"Article","@id":"https:\/\/apuntesdesanluis.com\/index.php\/2023\/08\/02\/907\/#article","isPartOf":{"@id":"https:\/\/apuntesdesanluis.com\/index.php\/2023\/08\/02\/907\/"},"author":{"name":"apuntesdesanluis.com","@id":"https:\/\/apuntesdesanluis.com\/#\/schema\/person\/b55151d52296fcce64d1a72538a70b90"},"headline":"SE LLEV\u00d3 A CABO EL OPERATIVO TERRITORIAL DE PENSIONES NO CONTRIBUTIVAS","datePublished":"2023-08-02T21:21:01+00:00","dateModified":"2023-08-02T21:21:50+00:00","mainEntityOfPage":{"@id":"https:\/\/apuntesdesanluis.com\/index.php\/2023\/08\/02\/907\/"},"wordCount":295,"publisher":{"@id":"https:\/\/apuntesdesanluis.com\/#\/schema\/person\/b55151d52296fcce64d1a72538a70b90"},"image":{"@id":"https:\/\/apuntesdesanluis.com\/index.php\/2023\/08\/02\/907\/#primaryimage"},"thumbnailUrl":"https:\/\/apuntesdesanluis.com\/wp-content\/uploads\/2023\/08\/operativo-pensiones.png","articleSection":["Ciudad\/Provincia"],"inLanguage":"es-AR"},{"@type":"WebPage","@id":"https:\/\/apuntesdesanluis.com\/index.php\/2023\/08\/02\/907\/","url":"https:\/\/apuntesdesanluis.com\/index.php\/2023\/08\/02\/907\/","name":"SE LLEV\u00d3 A CABO EL OPERATIVO TERRITORIAL DE PENSIONES NO CONTRIBUTIVAS - Apuntes de San Luis","isPartOf":{"@id":"https:\/\/apuntesdesanluis.com\/#website"},"primaryImageOfPage":{"@id":"https:\/\/apuntesdesanluis.com\/index.php\/2023\/08\/02\/907\/#primaryimage"},"image":{"@id":"https:\/\/apuntesdesanluis.com\/index.php\/2023\/08\/02\/907\/#primaryimage"},"thumbnailUrl":"https:\/\/apuntesdesanluis.com\/wp-content\/uploads\/2023\/08\/operativo-pensiones.png","datePublished":"2023-08-02T21:21:01+00:00","dateModified":"2023-08-02T21:21:50+00:00","breadcrumb":{"@id":"https:\/\/apuntesdesanluis.com\/index.php\/2023\/08\/02\/907\/#breadcrumb"},"inLanguage":"es-AR","potentialAction":[{"@type":"ReadAction","target":["https:\/\/apuntesdesanluis.com\/index.php\/2023\/08\/02\/907\/"]}]},{"@type":"ImageObject","inLanguage":"es-AR","@id":"https:\/\/apuntesdesanluis.com\/index.php\/2023\/08\/02\/907\/#primaryimage","url":"https:\/\/apuntesdesanluis.com\/wp-content\/uploads\/2023\/08\/operativo-pensiones.png","contentUrl":"https:\/\/apuntesdesanluis.com\/wp-content\/uploads\/2023\/08\/operativo-pensiones.png","width":600,"height":361},{"@type":"BreadcrumbList","@id":"https:\/\/apuntesdesanluis.com\/index.php\/2023\/08\/02\/907\/#breadcrumb","itemListElement":[{"@type":"ListItem","position":1,"name":"Inicio","item":"https:\/\/apuntesdesanluis.com\/"},{"@type":"ListItem","position":2,"name":"SE LLEV\u00d3 A CABO EL OPERATIVO TERRITORIAL DE PENSIONES NO CONTRIBUTIVAS"}]},{"@type":"WebSite","@id":"https:\/\/apuntesdesanluis.com\/#website","url":"https:\/\/apuntesdesanluis.com\/","name":"Apuntes de San Luis","description":"","publisher":{"@id":"https:\/\/apuntesdesanluis.com\/#\/schema\/person\/b55151d52296fcce64d1a72538a70b90"},"potentialAction":[{"@type":"SearchAction","target":{"@type":"EntryPoint","urlTemplate":"https:\/\/apuntesdesanluis.com\/?s={search_term_string}"},"query-input":{"@type":"PropertyValueSpecification","valueRequired":true,"valueName":"search_term_string"}}],"inLanguage":"es-AR"},{"@type":["Person","Organization"],"@id":"https:\/\/apuntesdesanluis.com\/#\/schema\/person\/b55151d52296fcce64d1a72538a70b90","name":"apuntesdesanluis.com","image":{"@type":"ImageObject","inLanguage":"es-AR","@id":"https:\/\/apuntesdesanluis.com\/#\/schema\/person\/image\/","url":"https:\/\/apuntesdesanluis.com\/wp-content\/uploads\/2023\/07\/cropped-apuntesdesanluis.png","contentUrl":"https:\/\/apuntesdesanluis.com\/wp-content\/uploads\/2023\/07\/cropped-apuntesdesanluis.png","width":450,"height":112,"caption":"apuntesdesanluis.com"},"logo":{"@id":"https:\/\/apuntesdesanluis.com\/#\/schema\/person\/image\/"},"sameAs":["https:\/\/apuntesdesanluis.com"],"url":"https:\/\/apuntesdesanluis.com\/index.php\/author\/apuntesdesanluis-com\/"}]}},"featured_image_urls":{"full":["https:\/\/apuntesdesanluis.com\/wp-content\/uploads\/2023\/08\/operativo-pensiones.png",600,361,false],"thumbnail":["https:\/\/apuntesdesanluis.com\/wp-content\/uploads\/2023\/08\/operativo-pensiones-150x150.png",150,150,true],"medium":["https:\/\/apuntesdesanluis.com\/wp-content\/uploads\/2023\/08\/operativo-pensiones-300x181.png",300,181,true],"medium_large":["https:\/\/apuntesdesanluis.com\/wp-content\/uploads\/2023\/08\/operativo-pensiones.png",600,361,false],"large":["https:\/\/apuntesdesanluis.com\/wp-content\/uploads\/2023\/08\/operativo-pensiones.png",600,361,false],"1536x1536":["https:\/\/apuntesdesanluis.com\/wp-content\/uploads\/2023\/08\/operativo-pensiones.png",600,361,false],"2048x2048":["https:\/\/apuntesdesanluis.com\/wp-content\/uploads\/2023\/08\/operativo-pensiones.png",600,361,false],"newsever-slider-full":["https:\/\/apuntesdesanluis.com\/wp-content\/uploads\/2023\/08\/operativo-pensiones.png",600,361,false],"newsever-featured":["https:\/\/apuntesdesanluis.com\/wp-content\/uploads\/2023\/08\/operativo-pensiones.png",600,361,false],"newsever-medium":["https:\/\/apuntesdesanluis.com\/wp-content\/uploads\/2023\/08\/operativo-pensiones.png",600,361,false]},"author_info":{"display_name":"apuntesdesanluis.com","author_link":"https:\/\/apuntesdesanluis.com\/index.php\/author\/apuntesdesanluis-com\/"},"category_info":"<a href=\"https:\/\/apuntesdesanluis.com\/index.php\/category\/ciudad-provincia\/\" rel=\"category tag\">Ciudad\/Provincia<\/a>","tag_info":"Ciudad\/Provincia","comment_count":"0","_links":{"self":[{"href":"https:\/\/apuntesdesanluis.com\/index.php\/wp-json\/wp\/v2\/posts\/907","targetHints":{"allow":["GET"]}}],"collection":[{"href":"https:\/\/apuntesdesanluis.com\/index.php\/wp-json\/wp\/v2\/posts"}],"about":[{"href":"https:\/\/apuntesdesanluis.com\/index.php\/wp-json\/wp\/v2\/types\/post"}],"author":[{"embeddable":true,"href":"https:\/\/apuntesdesanluis.com\/index.php\/wp-json\/wp\/v2\/users\/1"}],"replies":[{"embeddable":true,"href":"https:\/\/apuntesdesanluis.com\/index.php\/wp-json\/wp\/v2\/comments?post=907"}],"version-history":[{"count":2,"href":"https:\/\/apuntesdesanluis.com\/index.php\/wp-json\/wp\/v2\/posts\/907\/revisions"}],"predecessor-version":[{"id":910,"href":"https:\/\/apuntesdesanluis.com\/index.php\/wp-json\/wp\/v2\/posts\/907\/revisions\/910"}],"wp:featuredmedia":[{"embeddable":true,"href":"https:\/\/apuntesdesanluis.com\/index.php\/wp-json\/wp\/v2\/media\/908"}],"wp:attachment":[{"href":"https:\/\/apuntesdesanluis.com\/index.php\/wp-json\/wp\/v2\/media?parent=907"}],"wp:term":[{"taxonomy":"category","embeddable":true,"href":"https:\/\/apuntesdesanluis.com\/index.php\/wp-json\/wp\/v2\/categories?post=907"},{"taxonomy":"post_tag","embeddable":true,"href":"https:\/\/apuntesdesanluis.com\/index.php\/wp-json\/wp\/v2\/tags?post=907"}],"curies":[{"name":"wp","href":"https:\/\/api.w.org\/{rel}","templated":true}]}}