{"id":9093,"date":"2023-12-27T23:47:40","date_gmt":"2023-12-28T02:47:40","guid":{"rendered":"https:\/\/apuntesdesanluis.com\/?p=9093"},"modified":"2023-12-28T20:01:32","modified_gmt":"2023-12-28T23:01:32","slug":"no-a-la-pirotecnia-adhesion-a-la-campana-mas-luces-menos-ruido","status":"publish","type":"post","link":"https:\/\/apuntesdesanluis.com\/index.php\/2023\/12\/27\/no-a-la-pirotecnia-adhesion-a-la-campana-mas-luces-menos-ruido\/","title":{"rendered":"NO A LA PIROTECNIA: ADHESI\u00d3N A LA CAMPA\u00d1A \u201cM\u00c1S LUCES, MENOS RUIDO\u201d"},"content":{"rendered":"<h3>La Provincia adhiere a la Campa\u00f1a Nacional <strong>\u201cM\u00e1s luces, menos ruido\u201d<\/strong>. La Secretar\u00eda de Personas con Discapacidad se sum\u00f3 a esta iniciativa que busca sensibilizar sobre los efectos perjudiciales de la pirotecnia, una tradici\u00f3n que, aunque festiva para muchos, puede resultar dolorosa y aterradora para personas con discapacidad.<\/h3>\n<h3>En la provincia, muchas familias optaron por dejar de utilizar pirotecnia, reconociendo el impacto negativo que esta tiene en sus seres queridos con discapacidad.<\/h3>\n<h3>La psiquiatr\u00eda considera que, si se le facilita las cosas, adoran y tienen ilusi\u00f3n por la Navidad y fiestas de A\u00f1o Nuevo. No obstante, para que la celebraci\u00f3n sea un momento de disfrute hay que cuidar algunos detalles y adoptar ciertas medidas para ayudar que sea un entorno lo m\u00e1s amable posible.<\/h3>\n<p><img fetchpriority=\"high\" decoding=\"async\" class=\"wp-image-9095 aligncenter\" src=\"https:\/\/apuntesdesanluis.com\/wp-content\/uploads\/2023\/12\/DOS-CONTRA-LA-PIROTECNIA-300x148.png\" alt=\"\" width=\"758\" height=\"374\" srcset=\"https:\/\/apuntesdesanluis.com\/wp-content\/uploads\/2023\/12\/DOS-CONTRA-LA-PIROTECNIA-300x148.png 300w, https:\/\/apuntesdesanluis.com\/wp-content\/uploads\/2023\/12\/DOS-CONTRA-LA-PIROTECNIA-1024x507.png 1024w, https:\/\/apuntesdesanluis.com\/wp-content\/uploads\/2023\/12\/DOS-CONTRA-LA-PIROTECNIA-768x380.png 768w, https:\/\/apuntesdesanluis.com\/wp-content\/uploads\/2023\/12\/DOS-CONTRA-LA-PIROTECNIA.png 1081w\" sizes=\"(max-width: 758px) 100vw, 758px\" \/><\/p>\n<h3>Los estruendos de alto impacto sonoro provocan estr\u00e9s, ansiedad y miedo en personas con condici\u00f3n dentro del espectro autista porque tienen hipersensibilidad auditiva.<\/h3>\n<h3>Estos sonidos estridentes tambi\u00e9n afectan la frecuencia cardiaca, la secreci\u00f3n hormonal y pueden provocar convulsi\u00f3n espontanea en quienes tienen alteraciones neurofisiol\u00f3gicas.<\/h3>\n<h3>La Secretar\u00eda de Personas con Discapacidad considera que la integraci\u00f3n es facilitar un entorno en el que se validen las necesidades y emociones en el que todos se sientan seguros. Por tal motivo, adhiri\u00f3 a la campa\u00f1a nacional \u201cM\u00e1s luces menos ruido\u201d.<\/h3>\n<h3>Tambi\u00e9n la Municipalidad de Villa Mercedes inform\u00f3 su adhesi\u00f3n a la campa\u00f1a e intensific\u00f3 a trav\u00e9s de las redes sociales su recomendaci\u00f3n a la poblaci\u00f3n, recordando la prohibici\u00f3n del uso de pirotecnia.<\/h3>\n<p><img decoding=\"async\" class=\"wp-image-9098 aligncenter\" src=\"https:\/\/apuntesdesanluis.com\/wp-content\/uploads\/2023\/12\/posteo-muni-263x300.png\" alt=\"\" width=\"610\" height=\"696\" srcset=\"https:\/\/apuntesdesanluis.com\/wp-content\/uploads\/2023\/12\/posteo-muni-263x300.png 263w, https:\/\/apuntesdesanluis.com\/wp-content\/uploads\/2023\/12\/posteo-muni.png 679w\" sizes=\"(max-width: 610px) 100vw, 610px\" \/><\/p>\n<p>&nbsp;<\/p>\n<p>&nbsp;<\/p>\n<p>&nbsp;<\/p>\n<p>&nbsp;<\/p>\n","protected":false},"excerpt":{"rendered":"<p>La Provincia adhiere a la Campa\u00f1a Nacional \u201cM\u00e1s luces, menos ruido\u201d. La Secretar\u00eda de Personas&#8230;<\/p>\n","protected":false},"author":1,"featured_media":9094,"comment_status":"closed","ping_status":"closed","sticky":false,"template":"","format":"standard","meta":{"footnotes":""},"categories":[6],"tags":[],"class_list":["post-9093","post","type-post","status-publish","format-standard","has-post-thumbnail","hentry","category-ciudad-provincia"],"yoast_head":"<!-- This site is optimized with the Yoast SEO plugin v26.1.1 - https:\/\/yoast.com\/wordpress\/plugins\/seo\/ -->\n<title>NO A LA PIROTECNIA: ADHESI\u00d3N A LA CAMPA\u00d1A \u201cM\u00c1S LUCES, MENOS RUIDO\u201d - Apuntes de San Luis<\/title>\n<meta name=\"robots\" content=\"index, follow, max-snippet:-1, max-image-preview:large, max-video-preview:-1\" \/>\n<link rel=\"canonical\" href=\"https:\/\/apuntesdesanluis.com\/index.php\/2023\/12\/27\/no-a-la-pirotecnia-adhesion-a-la-campana-mas-luces-menos-ruido\/\" \/>\n<meta property=\"og:locale\" content=\"es_ES\" \/>\n<meta property=\"og:type\" content=\"article\" \/>\n<meta property=\"og:title\" content=\"NO A LA PIROTECNIA: ADHESI\u00d3N A LA CAMPA\u00d1A \u201cM\u00c1S LUCES, MENOS RUIDO\u201d - Apuntes de San Luis\" \/>\n<meta property=\"og:description\" content=\"La Provincia adhiere a la Campa\u00f1a Nacional \u201cM\u00e1s luces, menos ruido\u201d. La Secretar\u00eda de Personas...\" \/>\n<meta property=\"og:url\" content=\"https:\/\/apuntesdesanluis.com\/index.php\/2023\/12\/27\/no-a-la-pirotecnia-adhesion-a-la-campana-mas-luces-menos-ruido\/\" \/>\n<meta property=\"og:site_name\" content=\"Apuntes de San Luis\" \/>\n<meta property=\"article:published_time\" content=\"2023-12-28T02:47:40+00:00\" \/>\n<meta property=\"article:modified_time\" content=\"2023-12-28T23:01:32+00:00\" \/>\n<meta property=\"og:image\" content=\"https:\/\/apuntesdesanluis.com\/wp-content\/uploads\/2023\/12\/NO-A-LA-PIROTECNIA.png\" \/>\n\t<meta property=\"og:image:width\" content=\"742\" \/>\n\t<meta property=\"og:image:height\" content=\"473\" \/>\n\t<meta property=\"og:image:type\" content=\"image\/png\" \/>\n<meta name=\"author\" content=\"apuntesdesanluis.com\" \/>\n<meta name=\"twitter:card\" content=\"summary_large_image\" \/>\n<meta name=\"twitter:label1\" content=\"Escrito por\" \/>\n\t<meta name=\"twitter:data1\" content=\"apuntesdesanluis.com\" \/>\n\t<meta name=\"twitter:label2\" content=\"Tiempo de lectura\" \/>\n\t<meta name=\"twitter:data2\" content=\"2 minutos\" \/>\n<script type=\"application\/ld+json\" class=\"yoast-schema-graph\">{\"@context\":\"https:\/\/schema.org\",\"@graph\":[{\"@type\":\"Article\",\"@id\":\"https:\/\/apuntesdesanluis.com\/index.php\/2023\/12\/27\/no-a-la-pirotecnia-adhesion-a-la-campana-mas-luces-menos-ruido\/#article\",\"isPartOf\":{\"@id\":\"https:\/\/apuntesdesanluis.com\/index.php\/2023\/12\/27\/no-a-la-pirotecnia-adhesion-a-la-campana-mas-luces-menos-ruido\/\"},\"author\":{\"name\":\"apuntesdesanluis.com\",\"@id\":\"https:\/\/apuntesdesanluis.com\/#\/schema\/person\/b55151d52296fcce64d1a72538a70b90\"},\"headline\":\"NO A LA PIROTECNIA: ADHESI\u00d3N A LA CAMPA\u00d1A \u201cM\u00c1S LUCES, MENOS RUIDO\u201d\",\"datePublished\":\"2023-12-28T02:47:40+00:00\",\"dateModified\":\"2023-12-28T23:01:32+00:00\",\"mainEntityOfPage\":{\"@id\":\"https:\/\/apuntesdesanluis.com\/index.php\/2023\/12\/27\/no-a-la-pirotecnia-adhesion-a-la-campana-mas-luces-menos-ruido\/\"},\"wordCount\":287,\"publisher\":{\"@id\":\"https:\/\/apuntesdesanluis.com\/#\/schema\/person\/b55151d52296fcce64d1a72538a70b90\"},\"image\":{\"@id\":\"https:\/\/apuntesdesanluis.com\/index.php\/2023\/12\/27\/no-a-la-pirotecnia-adhesion-a-la-campana-mas-luces-menos-ruido\/#primaryimage\"},\"thumbnailUrl\":\"https:\/\/apuntesdesanluis.com\/wp-content\/uploads\/2023\/12\/NO-A-LA-PIROTECNIA.png\",\"articleSection\":[\"Ciudad\/Provincia\"],\"inLanguage\":\"es-AR\"},{\"@type\":\"WebPage\",\"@id\":\"https:\/\/apuntesdesanluis.com\/index.php\/2023\/12\/27\/no-a-la-pirotecnia-adhesion-a-la-campana-mas-luces-menos-ruido\/\",\"url\":\"https:\/\/apuntesdesanluis.com\/index.php\/2023\/12\/27\/no-a-la-pirotecnia-adhesion-a-la-campana-mas-luces-menos-ruido\/\",\"name\":\"NO A LA PIROTECNIA: ADHESI\u00d3N A LA CAMPA\u00d1A \u201cM\u00c1S LUCES, MENOS RUIDO\u201d - Apuntes de San Luis\",\"isPartOf\":{\"@id\":\"https:\/\/apuntesdesanluis.com\/#website\"},\"primaryImageOfPage\":{\"@id\":\"https:\/\/apuntesdesanluis.com\/index.php\/2023\/12\/27\/no-a-la-pirotecnia-adhesion-a-la-campana-mas-luces-menos-ruido\/#primaryimage\"},\"image\":{\"@id\":\"https:\/\/apuntesdesanluis.com\/index.php\/2023\/12\/27\/no-a-la-pirotecnia-adhesion-a-la-campana-mas-luces-menos-ruido\/#primaryimage\"},\"thumbnailUrl\":\"https:\/\/apuntesdesanluis.com\/wp-content\/uploads\/2023\/12\/NO-A-LA-PIROTECNIA.png\",\"datePublished\":\"2023-12-28T02:47:40+00:00\",\"dateModified\":\"2023-12-28T23:01:32+00:00\",\"breadcrumb\":{\"@id\":\"https:\/\/apuntesdesanluis.com\/index.php\/2023\/12\/27\/no-a-la-pirotecnia-adhesion-a-la-campana-mas-luces-menos-ruido\/#breadcrumb\"},\"inLanguage\":\"es-AR\",\"potentialAction\":[{\"@type\":\"ReadAction\",\"target\":[\"https:\/\/apuntesdesanluis.com\/index.php\/2023\/12\/27\/no-a-la-pirotecnia-adhesion-a-la-campana-mas-luces-menos-ruido\/\"]}]},{\"@type\":\"ImageObject\",\"inLanguage\":\"es-AR\",\"@id\":\"https:\/\/apuntesdesanluis.com\/index.php\/2023\/12\/27\/no-a-la-pirotecnia-adhesion-a-la-campana-mas-luces-menos-ruido\/#primaryimage\",\"url\":\"https:\/\/apuntesdesanluis.com\/wp-content\/uploads\/2023\/12\/NO-A-LA-PIROTECNIA.png\",\"contentUrl\":\"https:\/\/apuntesdesanluis.com\/wp-content\/uploads\/2023\/12\/NO-A-LA-PIROTECNIA.png\",\"width\":742,\"height\":473},{\"@type\":\"BreadcrumbList\",\"@id\":\"https:\/\/apuntesdesanluis.com\/index.php\/2023\/12\/27\/no-a-la-pirotecnia-adhesion-a-la-campana-mas-luces-menos-ruido\/#breadcrumb\",\"itemListElement\":[{\"@type\":\"ListItem\",\"position\":1,\"name\":\"Inicio\",\"item\":\"https:\/\/apuntesdesanluis.com\/\"},{\"@type\":\"ListItem\",\"position\":2,\"name\":\"NO A LA PIROTECNIA: ADHESI\u00d3N A LA CAMPA\u00d1A \u201cM\u00c1S LUCES, MENOS RUIDO\u201d\"}]},{\"@type\":\"WebSite\",\"@id\":\"https:\/\/apuntesdesanluis.com\/#website\",\"url\":\"https:\/\/apuntesdesanluis.com\/\",\"name\":\"Apuntes de San Luis\",\"description\":\"\",\"publisher\":{\"@id\":\"https:\/\/apuntesdesanluis.com\/#\/schema\/person\/b55151d52296fcce64d1a72538a70b90\"},\"potentialAction\":[{\"@type\":\"SearchAction\",\"target\":{\"@type\":\"EntryPoint\",\"urlTemplate\":\"https:\/\/apuntesdesanluis.com\/?s={search_term_string}\"},\"query-input\":{\"@type\":\"PropertyValueSpecification\",\"valueRequired\":true,\"valueName\":\"search_term_string\"}}],\"inLanguage\":\"es-AR\"},{\"@type\":[\"Person\",\"Organization\"],\"@id\":\"https:\/\/apuntesdesanluis.com\/#\/schema\/person\/b55151d52296fcce64d1a72538a70b90\",\"name\":\"apuntesdesanluis.com\",\"image\":{\"@type\":\"ImageObject\",\"inLanguage\":\"es-AR\",\"@id\":\"https:\/\/apuntesdesanluis.com\/#\/schema\/person\/image\/\",\"url\":\"https:\/\/apuntesdesanluis.com\/wp-content\/uploads\/2023\/07\/cropped-apuntesdesanluis.png\",\"contentUrl\":\"https:\/\/apuntesdesanluis.com\/wp-content\/uploads\/2023\/07\/cropped-apuntesdesanluis.png\",\"width\":450,\"height\":112,\"caption\":\"apuntesdesanluis.com\"},\"logo\":{\"@id\":\"https:\/\/apuntesdesanluis.com\/#\/schema\/person\/image\/\"},\"sameAs\":[\"https:\/\/apuntesdesanluis.com\"],\"url\":\"https:\/\/apuntesdesanluis.com\/index.php\/author\/apuntesdesanluis-com\/\"}]}<\/script>\n<!-- \/ Yoast SEO plugin. -->","yoast_head_json":{"title":"NO A LA PIROTECNIA: ADHESI\u00d3N A LA CAMPA\u00d1A \u201cM\u00c1S LUCES, MENOS RUIDO\u201d - Apuntes de San Luis","robots":{"index":"index","follow":"follow","max-snippet":"max-snippet:-1","max-image-preview":"max-image-preview:large","max-video-preview":"max-video-preview:-1"},"canonical":"https:\/\/apuntesdesanluis.com\/index.php\/2023\/12\/27\/no-a-la-pirotecnia-adhesion-a-la-campana-mas-luces-menos-ruido\/","og_locale":"es_ES","og_type":"article","og_title":"NO A LA PIROTECNIA: ADHESI\u00d3N A LA CAMPA\u00d1A \u201cM\u00c1S LUCES, MENOS RUIDO\u201d - Apuntes de San Luis","og_description":"La Provincia adhiere a la Campa\u00f1a Nacional \u201cM\u00e1s luces, menos ruido\u201d. La Secretar\u00eda de Personas...","og_url":"https:\/\/apuntesdesanluis.com\/index.php\/2023\/12\/27\/no-a-la-pirotecnia-adhesion-a-la-campana-mas-luces-menos-ruido\/","og_site_name":"Apuntes de San Luis","article_published_time":"2023-12-28T02:47:40+00:00","article_modified_time":"2023-12-28T23:01:32+00:00","og_image":[{"width":742,"height":473,"url":"https:\/\/apuntesdesanluis.com\/wp-content\/uploads\/2023\/12\/NO-A-LA-PIROTECNIA.png","type":"image\/png"}],"author":"apuntesdesanluis.com","twitter_card":"summary_large_image","twitter_misc":{"Escrito por":"apuntesdesanluis.com","Tiempo de lectura":"2 minutos"},"schema":{"@context":"https:\/\/schema.org","@graph":[{"@type":"Article","@id":"https:\/\/apuntesdesanluis.com\/index.php\/2023\/12\/27\/no-a-la-pirotecnia-adhesion-a-la-campana-mas-luces-menos-ruido\/#article","isPartOf":{"@id":"https:\/\/apuntesdesanluis.com\/index.php\/2023\/12\/27\/no-a-la-pirotecnia-adhesion-a-la-campana-mas-luces-menos-ruido\/"},"author":{"name":"apuntesdesanluis.com","@id":"https:\/\/apuntesdesanluis.com\/#\/schema\/person\/b55151d52296fcce64d1a72538a70b90"},"headline":"NO A LA PIROTECNIA: ADHESI\u00d3N A LA CAMPA\u00d1A \u201cM\u00c1S LUCES, MENOS RUIDO\u201d","datePublished":"2023-12-28T02:47:40+00:00","dateModified":"2023-12-28T23:01:32+00:00","mainEntityOfPage":{"@id":"https:\/\/apuntesdesanluis.com\/index.php\/2023\/12\/27\/no-a-la-pirotecnia-adhesion-a-la-campana-mas-luces-menos-ruido\/"},"wordCount":287,"publisher":{"@id":"https:\/\/apuntesdesanluis.com\/#\/schema\/person\/b55151d52296fcce64d1a72538a70b90"},"image":{"@id":"https:\/\/apuntesdesanluis.com\/index.php\/2023\/12\/27\/no-a-la-pirotecnia-adhesion-a-la-campana-mas-luces-menos-ruido\/#primaryimage"},"thumbnailUrl":"https:\/\/apuntesdesanluis.com\/wp-content\/uploads\/2023\/12\/NO-A-LA-PIROTECNIA.png","articleSection":["Ciudad\/Provincia"],"inLanguage":"es-AR"},{"@type":"WebPage","@id":"https:\/\/apuntesdesanluis.com\/index.php\/2023\/12\/27\/no-a-la-pirotecnia-adhesion-a-la-campana-mas-luces-menos-ruido\/","url":"https:\/\/apuntesdesanluis.com\/index.php\/2023\/12\/27\/no-a-la-pirotecnia-adhesion-a-la-campana-mas-luces-menos-ruido\/","name":"NO A LA PIROTECNIA: ADHESI\u00d3N A LA CAMPA\u00d1A \u201cM\u00c1S LUCES, MENOS RUIDO\u201d - Apuntes de San Luis","isPartOf":{"@id":"https:\/\/apuntesdesanluis.com\/#website"},"primaryImageOfPage":{"@id":"https:\/\/apuntesdesanluis.com\/index.php\/2023\/12\/27\/no-a-la-pirotecnia-adhesion-a-la-campana-mas-luces-menos-ruido\/#primaryimage"},"image":{"@id":"https:\/\/apuntesdesanluis.com\/index.php\/2023\/12\/27\/no-a-la-pirotecnia-adhesion-a-la-campana-mas-luces-menos-ruido\/#primaryimage"},"thumbnailUrl":"https:\/\/apuntesdesanluis.com\/wp-content\/uploads\/2023\/12\/NO-A-LA-PIROTECNIA.png","datePublished":"2023-12-28T02:47:40+00:00","dateModified":"2023-12-28T23:01:32+00:00","breadcrumb":{"@id":"https:\/\/apuntesdesanluis.com\/index.php\/2023\/12\/27\/no-a-la-pirotecnia-adhesion-a-la-campana-mas-luces-menos-ruido\/#breadcrumb"},"inLanguage":"es-AR","potentialAction":[{"@type":"ReadAction","target":["https:\/\/apuntesdesanluis.com\/index.php\/2023\/12\/27\/no-a-la-pirotecnia-adhesion-a-la-campana-mas-luces-menos-ruido\/"]}]},{"@type":"ImageObject","inLanguage":"es-AR","@id":"https:\/\/apuntesdesanluis.com\/index.php\/2023\/12\/27\/no-a-la-pirotecnia-adhesion-a-la-campana-mas-luces-menos-ruido\/#primaryimage","url":"https:\/\/apuntesdesanluis.com\/wp-content\/uploads\/2023\/12\/NO-A-LA-PIROTECNIA.png","contentUrl":"https:\/\/apuntesdesanluis.com\/wp-content\/uploads\/2023\/12\/NO-A-LA-PIROTECNIA.png","width":742,"height":473},{"@type":"BreadcrumbList","@id":"https:\/\/apuntesdesanluis.com\/index.php\/2023\/12\/27\/no-a-la-pirotecnia-adhesion-a-la-campana-mas-luces-menos-ruido\/#breadcrumb","itemListElement":[{"@type":"ListItem","position":1,"name":"Inicio","item":"https:\/\/apuntesdesanluis.com\/"},{"@type":"ListItem","position":2,"name":"NO A LA PIROTECNIA: ADHESI\u00d3N A LA CAMPA\u00d1A \u201cM\u00c1S LUCES, MENOS RUIDO\u201d"}]},{"@type":"WebSite","@id":"https:\/\/apuntesdesanluis.com\/#website","url":"https:\/\/apuntesdesanluis.com\/","name":"Apuntes de San Luis","description":"","publisher":{"@id":"https:\/\/apuntesdesanluis.com\/#\/schema\/person\/b55151d52296fcce64d1a72538a70b90"},"potentialAction":[{"@type":"SearchAction","target":{"@type":"EntryPoint","urlTemplate":"https:\/\/apuntesdesanluis.com\/?s={search_term_string}"},"query-input":{"@type":"PropertyValueSpecification","valueRequired":true,"valueName":"search_term_string"}}],"inLanguage":"es-AR"},{"@type":["Person","Organization"],"@id":"https:\/\/apuntesdesanluis.com\/#\/schema\/person\/b55151d52296fcce64d1a72538a70b90","name":"apuntesdesanluis.com","image":{"@type":"ImageObject","inLanguage":"es-AR","@id":"https:\/\/apuntesdesanluis.com\/#\/schema\/person\/image\/","url":"https:\/\/apuntesdesanluis.com\/wp-content\/uploads\/2023\/07\/cropped-apuntesdesanluis.png","contentUrl":"https:\/\/apuntesdesanluis.com\/wp-content\/uploads\/2023\/07\/cropped-apuntesdesanluis.png","width":450,"height":112,"caption":"apuntesdesanluis.com"},"logo":{"@id":"https:\/\/apuntesdesanluis.com\/#\/schema\/person\/image\/"},"sameAs":["https:\/\/apuntesdesanluis.com"],"url":"https:\/\/apuntesdesanluis.com\/index.php\/author\/apuntesdesanluis-com\/"}]}},"featured_image_urls":{"full":["https:\/\/apuntesdesanluis.com\/wp-content\/uploads\/2023\/12\/NO-A-LA-PIROTECNIA.png",742,473,false],"thumbnail":["https:\/\/apuntesdesanluis.com\/wp-content\/uploads\/2023\/12\/NO-A-LA-PIROTECNIA-150x150.png",150,150,true],"medium":["https:\/\/apuntesdesanluis.com\/wp-content\/uploads\/2023\/12\/NO-A-LA-PIROTECNIA-300x191.png",300,191,true],"medium_large":["https:\/\/apuntesdesanluis.com\/wp-content\/uploads\/2023\/12\/NO-A-LA-PIROTECNIA.png",640,408,false],"large":["https:\/\/apuntesdesanluis.com\/wp-content\/uploads\/2023\/12\/NO-A-LA-PIROTECNIA.png",640,408,false],"1536x1536":["https:\/\/apuntesdesanluis.com\/wp-content\/uploads\/2023\/12\/NO-A-LA-PIROTECNIA.png",742,473,false],"2048x2048":["https:\/\/apuntesdesanluis.com\/wp-content\/uploads\/2023\/12\/NO-A-LA-PIROTECNIA.png",742,473,false],"newsever-slider-full":["https:\/\/apuntesdesanluis.com\/wp-content\/uploads\/2023\/12\/NO-A-LA-PIROTECNIA.png",742,473,false],"newsever-featured":["https:\/\/apuntesdesanluis.com\/wp-content\/uploads\/2023\/12\/NO-A-LA-PIROTECNIA.png",742,473,false],"newsever-medium":["https:\/\/apuntesdesanluis.com\/wp-content\/uploads\/2023\/12\/NO-A-LA-PIROTECNIA-720x473.png",720,473,true]},"author_info":{"display_name":"apuntesdesanluis.com","author_link":"https:\/\/apuntesdesanluis.com\/index.php\/author\/apuntesdesanluis-com\/"},"category_info":"<a href=\"https:\/\/apuntesdesanluis.com\/index.php\/category\/ciudad-provincia\/\" rel=\"category tag\">Ciudad\/Provincia<\/a>","tag_info":"Ciudad\/Provincia","comment_count":"0","_links":{"self":[{"href":"https:\/\/apuntesdesanluis.com\/index.php\/wp-json\/wp\/v2\/posts\/9093","targetHints":{"allow":["GET"]}}],"collection":[{"href":"https:\/\/apuntesdesanluis.com\/index.php\/wp-json\/wp\/v2\/posts"}],"about":[{"href":"https:\/\/apuntesdesanluis.com\/index.php\/wp-json\/wp\/v2\/types\/post"}],"author":[{"embeddable":true,"href":"https:\/\/apuntesdesanluis.com\/index.php\/wp-json\/wp\/v2\/users\/1"}],"replies":[{"embeddable":true,"href":"https:\/\/apuntesdesanluis.com\/index.php\/wp-json\/wp\/v2\/comments?post=9093"}],"version-history":[{"count":5,"href":"https:\/\/apuntesdesanluis.com\/index.php\/wp-json\/wp\/v2\/posts\/9093\/revisions"}],"predecessor-version":[{"id":9141,"href":"https:\/\/apuntesdesanluis.com\/index.php\/wp-json\/wp\/v2\/posts\/9093\/revisions\/9141"}],"wp:featuredmedia":[{"embeddable":true,"href":"https:\/\/apuntesdesanluis.com\/index.php\/wp-json\/wp\/v2\/media\/9094"}],"wp:attachment":[{"href":"https:\/\/apuntesdesanluis.com\/index.php\/wp-json\/wp\/v2\/media?parent=9093"}],"wp:term":[{"taxonomy":"category","embeddable":true,"href":"https:\/\/apuntesdesanluis.com\/index.php\/wp-json\/wp\/v2\/categories?post=9093"},{"taxonomy":"post_tag","embeddable":true,"href":"https:\/\/apuntesdesanluis.com\/index.php\/wp-json\/wp\/v2\/tags?post=9093"}],"curies":[{"name":"wp","href":"https:\/\/api.w.org\/{rel}","templated":true}]}}