{"id":9113,"date":"2023-12-28T00:52:04","date_gmt":"2023-12-28T03:52:04","guid":{"rendered":"https:\/\/apuntesdesanluis.com\/?p=9113"},"modified":"2023-12-28T00:52:04","modified_gmt":"2023-12-28T03:52:04","slug":"el-pueblo-ranquel-recupero-su-autonomia-y-posesion-de-las-tierras","status":"publish","type":"post","link":"https:\/\/apuntesdesanluis.com\/index.php\/2023\/12\/28\/el-pueblo-ranquel-recupero-su-autonomia-y-posesion-de-las-tierras\/","title":{"rendered":"EL PUEBLO RANQUEL RECUPER\u00d3 SU AUTONOM\u00cdA Y POSESI\u00d3N DE LAS TIERRAS"},"content":{"rendered":"<h3>Se puso fin de esta manera a una intervenci\u00f3n forzada que orquest\u00f3 el ex ministro e intendente, Sergio Freixes en 2017 con la complicidad del por entonces ministro de Producci\u00f3n, Juan Lavandeira. Este mi\u00e9rcoles, el Lonco <strong>V\u00edctor Baigorria<\/strong>, recuper\u00f3 el manejo de la comunidad\u201d, inform\u00f3 la Agencia de Noticias del gobierno.<\/h3>\n<h3>El propio ministro de Gobierno, <strong>Facundo Endeiza<\/strong>, junto a personal del Registro de la Propiedad Inmueble, acompa\u00f1\u00f3 este mi\u00e9rcoles a Baigorria hasta las tierras de la comunidad ranquel para que tome legalmente posesi\u00f3n. Adem\u00e1s, estuvo presente, el escribano de Gobierno, <strong>Juan Jos\u00e9 Laborda Ibarra<\/strong>, quien hizo entrega del documento que deja constancia de la restituci\u00f3n.<\/h3>\n<p><img fetchpriority=\"high\" decoding=\"async\" class=\"wp-image-9115 aligncenter\" src=\"https:\/\/apuntesdesanluis.com\/wp-content\/uploads\/2023\/12\/laborda-300x184.png\" alt=\"\" width=\"722\" height=\"443\" srcset=\"https:\/\/apuntesdesanluis.com\/wp-content\/uploads\/2023\/12\/laborda-300x184.png 300w, https:\/\/apuntesdesanluis.com\/wp-content\/uploads\/2023\/12\/laborda.png 557w\" sizes=\"(max-width: 722px) 100vw, 722px\" \/><\/p>\n<h3>Este documento adem\u00e1s establece que tanto Sergio Freixes como Alberto Rodr\u00edguez Sa\u00e1 se deben abstener de continuar ejecutando actos a nombre de la Comunidad Ranquel. Cabe se\u00f1alar que tanto Freixes como Rodr\u00edguez Sa\u00e1 solicitaron ser nombrados nuevos loncos, acto de total ilegalidad que ya fue anulado.<\/h3>\n<h3>Estos campos hab\u00edan sido intervenidos por la gesti\u00f3n anterior y Freixes era quien manejaba las cuentas bancarias, tr\u00e1mites de SENASA de la hacienda, incluso hasta los alquileres que se realizaban del campo, sin comprobantes.<\/h3>\n<h3>Adem\u00e1s, se confirm\u00f3 que el d\u00eda 7 de diciembre se transfiri\u00f3 desde el Gobierno anterior un aporte a la Comunidad Ranquel de 50 millones de pesos que nunca fue rendido.<\/h3>\n<h3>En concreto, desde este mi\u00e9rcoles el predio se restituye a sus verdaderos due\u00f1os y pone fin a un nicho de corrupci\u00f3n de gran dimensi\u00f3n.<\/h3>\n<h3>En las m\u00e1s de 65 mil hect\u00e1reas, hay aproximadamente 8500 cabezas de ganado, 168 caballos y una cantidad indeterminada de b\u00fafalos como como ganado, adem\u00e1s de las amplias tierras productivas.<\/h3>\n","protected":false},"excerpt":{"rendered":"<p>Se puso fin de esta manera a una intervenci\u00f3n forzada que orquest\u00f3 el ex ministro&#8230;<\/p>\n","protected":false},"author":1,"featured_media":9114,"comment_status":"closed","ping_status":"closed","sticky":false,"template":"","format":"standard","meta":{"footnotes":""},"categories":[6],"tags":[],"class_list":["post-9113","post","type-post","status-publish","format-standard","has-post-thumbnail","hentry","category-ciudad-provincia"],"yoast_head":"<!-- This site is optimized with the Yoast SEO plugin v26.1.1 - https:\/\/yoast.com\/wordpress\/plugins\/seo\/ -->\n<title>EL PUEBLO RANQUEL RECUPER\u00d3 SU AUTONOM\u00cdA Y POSESI\u00d3N DE LAS TIERRAS - Apuntes de San Luis<\/title>\n<meta name=\"robots\" content=\"index, follow, max-snippet:-1, max-image-preview:large, max-video-preview:-1\" \/>\n<link rel=\"canonical\" href=\"https:\/\/apuntesdesanluis.com\/index.php\/2023\/12\/28\/el-pueblo-ranquel-recupero-su-autonomia-y-posesion-de-las-tierras\/\" \/>\n<meta property=\"og:locale\" content=\"es_ES\" \/>\n<meta property=\"og:type\" content=\"article\" \/>\n<meta property=\"og:title\" content=\"EL PUEBLO RANQUEL RECUPER\u00d3 SU AUTONOM\u00cdA Y POSESI\u00d3N DE LAS TIERRAS - Apuntes de San Luis\" \/>\n<meta property=\"og:description\" content=\"Se puso fin de esta manera a una intervenci\u00f3n forzada que orquest\u00f3 el ex ministro...\" \/>\n<meta property=\"og:url\" content=\"https:\/\/apuntesdesanluis.com\/index.php\/2023\/12\/28\/el-pueblo-ranquel-recupero-su-autonomia-y-posesion-de-las-tierras\/\" \/>\n<meta property=\"og:site_name\" content=\"Apuntes de San Luis\" \/>\n<meta property=\"article:published_time\" content=\"2023-12-28T03:52:04+00:00\" \/>\n<meta property=\"og:image\" content=\"https:\/\/apuntesdesanluis.com\/wp-content\/uploads\/2023\/12\/LABORDA-IBARRA.png\" \/>\n\t<meta property=\"og:image:width\" content=\"527\" \/>\n\t<meta property=\"og:image:height\" content=\"279\" \/>\n\t<meta property=\"og:image:type\" content=\"image\/png\" \/>\n<meta name=\"author\" content=\"apuntesdesanluis.com\" \/>\n<meta name=\"twitter:card\" content=\"summary_large_image\" \/>\n<meta name=\"twitter:label1\" content=\"Escrito por\" \/>\n\t<meta name=\"twitter:data1\" content=\"apuntesdesanluis.com\" \/>\n\t<meta name=\"twitter:label2\" content=\"Tiempo de lectura\" \/>\n\t<meta name=\"twitter:data2\" content=\"2 minutos\" \/>\n<script type=\"application\/ld+json\" class=\"yoast-schema-graph\">{\"@context\":\"https:\/\/schema.org\",\"@graph\":[{\"@type\":\"Article\",\"@id\":\"https:\/\/apuntesdesanluis.com\/index.php\/2023\/12\/28\/el-pueblo-ranquel-recupero-su-autonomia-y-posesion-de-las-tierras\/#article\",\"isPartOf\":{\"@id\":\"https:\/\/apuntesdesanluis.com\/index.php\/2023\/12\/28\/el-pueblo-ranquel-recupero-su-autonomia-y-posesion-de-las-tierras\/\"},\"author\":{\"name\":\"apuntesdesanluis.com\",\"@id\":\"https:\/\/apuntesdesanluis.com\/#\/schema\/person\/b55151d52296fcce64d1a72538a70b90\"},\"headline\":\"EL PUEBLO RANQUEL RECUPER\u00d3 SU AUTONOM\u00cdA Y POSESI\u00d3N DE LAS TIERRAS\",\"datePublished\":\"2023-12-28T03:52:04+00:00\",\"mainEntityOfPage\":{\"@id\":\"https:\/\/apuntesdesanluis.com\/index.php\/2023\/12\/28\/el-pueblo-ranquel-recupero-su-autonomia-y-posesion-de-las-tierras\/\"},\"wordCount\":302,\"publisher\":{\"@id\":\"https:\/\/apuntesdesanluis.com\/#\/schema\/person\/b55151d52296fcce64d1a72538a70b90\"},\"image\":{\"@id\":\"https:\/\/apuntesdesanluis.com\/index.php\/2023\/12\/28\/el-pueblo-ranquel-recupero-su-autonomia-y-posesion-de-las-tierras\/#primaryimage\"},\"thumbnailUrl\":\"https:\/\/apuntesdesanluis.com\/wp-content\/uploads\/2023\/12\/LABORDA-IBARRA.png\",\"articleSection\":[\"Ciudad\/Provincia\"],\"inLanguage\":\"es-AR\"},{\"@type\":\"WebPage\",\"@id\":\"https:\/\/apuntesdesanluis.com\/index.php\/2023\/12\/28\/el-pueblo-ranquel-recupero-su-autonomia-y-posesion-de-las-tierras\/\",\"url\":\"https:\/\/apuntesdesanluis.com\/index.php\/2023\/12\/28\/el-pueblo-ranquel-recupero-su-autonomia-y-posesion-de-las-tierras\/\",\"name\":\"EL PUEBLO RANQUEL RECUPER\u00d3 SU AUTONOM\u00cdA Y POSESI\u00d3N DE LAS TIERRAS - Apuntes de San Luis\",\"isPartOf\":{\"@id\":\"https:\/\/apuntesdesanluis.com\/#website\"},\"primaryImageOfPage\":{\"@id\":\"https:\/\/apuntesdesanluis.com\/index.php\/2023\/12\/28\/el-pueblo-ranquel-recupero-su-autonomia-y-posesion-de-las-tierras\/#primaryimage\"},\"image\":{\"@id\":\"https:\/\/apuntesdesanluis.com\/index.php\/2023\/12\/28\/el-pueblo-ranquel-recupero-su-autonomia-y-posesion-de-las-tierras\/#primaryimage\"},\"thumbnailUrl\":\"https:\/\/apuntesdesanluis.com\/wp-content\/uploads\/2023\/12\/LABORDA-IBARRA.png\",\"datePublished\":\"2023-12-28T03:52:04+00:00\",\"breadcrumb\":{\"@id\":\"https:\/\/apuntesdesanluis.com\/index.php\/2023\/12\/28\/el-pueblo-ranquel-recupero-su-autonomia-y-posesion-de-las-tierras\/#breadcrumb\"},\"inLanguage\":\"es-AR\",\"potentialAction\":[{\"@type\":\"ReadAction\",\"target\":[\"https:\/\/apuntesdesanluis.com\/index.php\/2023\/12\/28\/el-pueblo-ranquel-recupero-su-autonomia-y-posesion-de-las-tierras\/\"]}]},{\"@type\":\"ImageObject\",\"inLanguage\":\"es-AR\",\"@id\":\"https:\/\/apuntesdesanluis.com\/index.php\/2023\/12\/28\/el-pueblo-ranquel-recupero-su-autonomia-y-posesion-de-las-tierras\/#primaryimage\",\"url\":\"https:\/\/apuntesdesanluis.com\/wp-content\/uploads\/2023\/12\/LABORDA-IBARRA.png\",\"contentUrl\":\"https:\/\/apuntesdesanluis.com\/wp-content\/uploads\/2023\/12\/LABORDA-IBARRA.png\",\"width\":527,\"height\":279},{\"@type\":\"BreadcrumbList\",\"@id\":\"https:\/\/apuntesdesanluis.com\/index.php\/2023\/12\/28\/el-pueblo-ranquel-recupero-su-autonomia-y-posesion-de-las-tierras\/#breadcrumb\",\"itemListElement\":[{\"@type\":\"ListItem\",\"position\":1,\"name\":\"Inicio\",\"item\":\"https:\/\/apuntesdesanluis.com\/\"},{\"@type\":\"ListItem\",\"position\":2,\"name\":\"EL PUEBLO RANQUEL RECUPER\u00d3 SU AUTONOM\u00cdA Y POSESI\u00d3N DE LAS TIERRAS\"}]},{\"@type\":\"WebSite\",\"@id\":\"https:\/\/apuntesdesanluis.com\/#website\",\"url\":\"https:\/\/apuntesdesanluis.com\/\",\"name\":\"Apuntes de San Luis\",\"description\":\"\",\"publisher\":{\"@id\":\"https:\/\/apuntesdesanluis.com\/#\/schema\/person\/b55151d52296fcce64d1a72538a70b90\"},\"potentialAction\":[{\"@type\":\"SearchAction\",\"target\":{\"@type\":\"EntryPoint\",\"urlTemplate\":\"https:\/\/apuntesdesanluis.com\/?s={search_term_string}\"},\"query-input\":{\"@type\":\"PropertyValueSpecification\",\"valueRequired\":true,\"valueName\":\"search_term_string\"}}],\"inLanguage\":\"es-AR\"},{\"@type\":[\"Person\",\"Organization\"],\"@id\":\"https:\/\/apuntesdesanluis.com\/#\/schema\/person\/b55151d52296fcce64d1a72538a70b90\",\"name\":\"apuntesdesanluis.com\",\"image\":{\"@type\":\"ImageObject\",\"inLanguage\":\"es-AR\",\"@id\":\"https:\/\/apuntesdesanluis.com\/#\/schema\/person\/image\/\",\"url\":\"https:\/\/apuntesdesanluis.com\/wp-content\/uploads\/2023\/07\/cropped-apuntesdesanluis.png\",\"contentUrl\":\"https:\/\/apuntesdesanluis.com\/wp-content\/uploads\/2023\/07\/cropped-apuntesdesanluis.png\",\"width\":450,\"height\":112,\"caption\":\"apuntesdesanluis.com\"},\"logo\":{\"@id\":\"https:\/\/apuntesdesanluis.com\/#\/schema\/person\/image\/\"},\"sameAs\":[\"https:\/\/apuntesdesanluis.com\"],\"url\":\"https:\/\/apuntesdesanluis.com\/index.php\/author\/apuntesdesanluis-com\/\"}]}<\/script>\n<!-- \/ Yoast SEO plugin. -->","yoast_head_json":{"title":"EL PUEBLO RANQUEL RECUPER\u00d3 SU AUTONOM\u00cdA Y POSESI\u00d3N DE LAS TIERRAS - Apuntes de San Luis","robots":{"index":"index","follow":"follow","max-snippet":"max-snippet:-1","max-image-preview":"max-image-preview:large","max-video-preview":"max-video-preview:-1"},"canonical":"https:\/\/apuntesdesanluis.com\/index.php\/2023\/12\/28\/el-pueblo-ranquel-recupero-su-autonomia-y-posesion-de-las-tierras\/","og_locale":"es_ES","og_type":"article","og_title":"EL PUEBLO RANQUEL RECUPER\u00d3 SU AUTONOM\u00cdA Y POSESI\u00d3N DE LAS TIERRAS - Apuntes de San Luis","og_description":"Se puso fin de esta manera a una intervenci\u00f3n forzada que orquest\u00f3 el ex ministro...","og_url":"https:\/\/apuntesdesanluis.com\/index.php\/2023\/12\/28\/el-pueblo-ranquel-recupero-su-autonomia-y-posesion-de-las-tierras\/","og_site_name":"Apuntes de San Luis","article_published_time":"2023-12-28T03:52:04+00:00","og_image":[{"width":527,"height":279,"url":"https:\/\/apuntesdesanluis.com\/wp-content\/uploads\/2023\/12\/LABORDA-IBARRA.png","type":"image\/png"}],"author":"apuntesdesanluis.com","twitter_card":"summary_large_image","twitter_misc":{"Escrito por":"apuntesdesanluis.com","Tiempo de lectura":"2 minutos"},"schema":{"@context":"https:\/\/schema.org","@graph":[{"@type":"Article","@id":"https:\/\/apuntesdesanluis.com\/index.php\/2023\/12\/28\/el-pueblo-ranquel-recupero-su-autonomia-y-posesion-de-las-tierras\/#article","isPartOf":{"@id":"https:\/\/apuntesdesanluis.com\/index.php\/2023\/12\/28\/el-pueblo-ranquel-recupero-su-autonomia-y-posesion-de-las-tierras\/"},"author":{"name":"apuntesdesanluis.com","@id":"https:\/\/apuntesdesanluis.com\/#\/schema\/person\/b55151d52296fcce64d1a72538a70b90"},"headline":"EL PUEBLO RANQUEL RECUPER\u00d3 SU AUTONOM\u00cdA Y POSESI\u00d3N DE LAS TIERRAS","datePublished":"2023-12-28T03:52:04+00:00","mainEntityOfPage":{"@id":"https:\/\/apuntesdesanluis.com\/index.php\/2023\/12\/28\/el-pueblo-ranquel-recupero-su-autonomia-y-posesion-de-las-tierras\/"},"wordCount":302,"publisher":{"@id":"https:\/\/apuntesdesanluis.com\/#\/schema\/person\/b55151d52296fcce64d1a72538a70b90"},"image":{"@id":"https:\/\/apuntesdesanluis.com\/index.php\/2023\/12\/28\/el-pueblo-ranquel-recupero-su-autonomia-y-posesion-de-las-tierras\/#primaryimage"},"thumbnailUrl":"https:\/\/apuntesdesanluis.com\/wp-content\/uploads\/2023\/12\/LABORDA-IBARRA.png","articleSection":["Ciudad\/Provincia"],"inLanguage":"es-AR"},{"@type":"WebPage","@id":"https:\/\/apuntesdesanluis.com\/index.php\/2023\/12\/28\/el-pueblo-ranquel-recupero-su-autonomia-y-posesion-de-las-tierras\/","url":"https:\/\/apuntesdesanluis.com\/index.php\/2023\/12\/28\/el-pueblo-ranquel-recupero-su-autonomia-y-posesion-de-las-tierras\/","name":"EL PUEBLO RANQUEL RECUPER\u00d3 SU AUTONOM\u00cdA Y POSESI\u00d3N DE LAS TIERRAS - Apuntes de San Luis","isPartOf":{"@id":"https:\/\/apuntesdesanluis.com\/#website"},"primaryImageOfPage":{"@id":"https:\/\/apuntesdesanluis.com\/index.php\/2023\/12\/28\/el-pueblo-ranquel-recupero-su-autonomia-y-posesion-de-las-tierras\/#primaryimage"},"image":{"@id":"https:\/\/apuntesdesanluis.com\/index.php\/2023\/12\/28\/el-pueblo-ranquel-recupero-su-autonomia-y-posesion-de-las-tierras\/#primaryimage"},"thumbnailUrl":"https:\/\/apuntesdesanluis.com\/wp-content\/uploads\/2023\/12\/LABORDA-IBARRA.png","datePublished":"2023-12-28T03:52:04+00:00","breadcrumb":{"@id":"https:\/\/apuntesdesanluis.com\/index.php\/2023\/12\/28\/el-pueblo-ranquel-recupero-su-autonomia-y-posesion-de-las-tierras\/#breadcrumb"},"inLanguage":"es-AR","potentialAction":[{"@type":"ReadAction","target":["https:\/\/apuntesdesanluis.com\/index.php\/2023\/12\/28\/el-pueblo-ranquel-recupero-su-autonomia-y-posesion-de-las-tierras\/"]}]},{"@type":"ImageObject","inLanguage":"es-AR","@id":"https:\/\/apuntesdesanluis.com\/index.php\/2023\/12\/28\/el-pueblo-ranquel-recupero-su-autonomia-y-posesion-de-las-tierras\/#primaryimage","url":"https:\/\/apuntesdesanluis.com\/wp-content\/uploads\/2023\/12\/LABORDA-IBARRA.png","contentUrl":"https:\/\/apuntesdesanluis.com\/wp-content\/uploads\/2023\/12\/LABORDA-IBARRA.png","width":527,"height":279},{"@type":"BreadcrumbList","@id":"https:\/\/apuntesdesanluis.com\/index.php\/2023\/12\/28\/el-pueblo-ranquel-recupero-su-autonomia-y-posesion-de-las-tierras\/#breadcrumb","itemListElement":[{"@type":"ListItem","position":1,"name":"Inicio","item":"https:\/\/apuntesdesanluis.com\/"},{"@type":"ListItem","position":2,"name":"EL PUEBLO RANQUEL RECUPER\u00d3 SU AUTONOM\u00cdA Y POSESI\u00d3N DE LAS TIERRAS"}]},{"@type":"WebSite","@id":"https:\/\/apuntesdesanluis.com\/#website","url":"https:\/\/apuntesdesanluis.com\/","name":"Apuntes de San Luis","description":"","publisher":{"@id":"https:\/\/apuntesdesanluis.com\/#\/schema\/person\/b55151d52296fcce64d1a72538a70b90"},"potentialAction":[{"@type":"SearchAction","target":{"@type":"EntryPoint","urlTemplate":"https:\/\/apuntesdesanluis.com\/?s={search_term_string}"},"query-input":{"@type":"PropertyValueSpecification","valueRequired":true,"valueName":"search_term_string"}}],"inLanguage":"es-AR"},{"@type":["Person","Organization"],"@id":"https:\/\/apuntesdesanluis.com\/#\/schema\/person\/b55151d52296fcce64d1a72538a70b90","name":"apuntesdesanluis.com","image":{"@type":"ImageObject","inLanguage":"es-AR","@id":"https:\/\/apuntesdesanluis.com\/#\/schema\/person\/image\/","url":"https:\/\/apuntesdesanluis.com\/wp-content\/uploads\/2023\/07\/cropped-apuntesdesanluis.png","contentUrl":"https:\/\/apuntesdesanluis.com\/wp-content\/uploads\/2023\/07\/cropped-apuntesdesanluis.png","width":450,"height":112,"caption":"apuntesdesanluis.com"},"logo":{"@id":"https:\/\/apuntesdesanluis.com\/#\/schema\/person\/image\/"},"sameAs":["https:\/\/apuntesdesanluis.com"],"url":"https:\/\/apuntesdesanluis.com\/index.php\/author\/apuntesdesanluis-com\/"}]}},"featured_image_urls":{"full":["https:\/\/apuntesdesanluis.com\/wp-content\/uploads\/2023\/12\/LABORDA-IBARRA.png",527,279,false],"thumbnail":["https:\/\/apuntesdesanluis.com\/wp-content\/uploads\/2023\/12\/LABORDA-IBARRA-150x150.png",150,150,true],"medium":["https:\/\/apuntesdesanluis.com\/wp-content\/uploads\/2023\/12\/LABORDA-IBARRA-300x159.png",300,159,true],"medium_large":["https:\/\/apuntesdesanluis.com\/wp-content\/uploads\/2023\/12\/LABORDA-IBARRA.png",527,279,false],"large":["https:\/\/apuntesdesanluis.com\/wp-content\/uploads\/2023\/12\/LABORDA-IBARRA.png",527,279,false],"1536x1536":["https:\/\/apuntesdesanluis.com\/wp-content\/uploads\/2023\/12\/LABORDA-IBARRA.png",527,279,false],"2048x2048":["https:\/\/apuntesdesanluis.com\/wp-content\/uploads\/2023\/12\/LABORDA-IBARRA.png",527,279,false],"newsever-slider-full":["https:\/\/apuntesdesanluis.com\/wp-content\/uploads\/2023\/12\/LABORDA-IBARRA.png",527,279,false],"newsever-featured":["https:\/\/apuntesdesanluis.com\/wp-content\/uploads\/2023\/12\/LABORDA-IBARRA.png",527,279,false],"newsever-medium":["https:\/\/apuntesdesanluis.com\/wp-content\/uploads\/2023\/12\/LABORDA-IBARRA.png",527,279,false]},"author_info":{"display_name":"apuntesdesanluis.com","author_link":"https:\/\/apuntesdesanluis.com\/index.php\/author\/apuntesdesanluis-com\/"},"category_info":"<a href=\"https:\/\/apuntesdesanluis.com\/index.php\/category\/ciudad-provincia\/\" rel=\"category tag\">Ciudad\/Provincia<\/a>","tag_info":"Ciudad\/Provincia","comment_count":"0","_links":{"self":[{"href":"https:\/\/apuntesdesanluis.com\/index.php\/wp-json\/wp\/v2\/posts\/9113","targetHints":{"allow":["GET"]}}],"collection":[{"href":"https:\/\/apuntesdesanluis.com\/index.php\/wp-json\/wp\/v2\/posts"}],"about":[{"href":"https:\/\/apuntesdesanluis.com\/index.php\/wp-json\/wp\/v2\/types\/post"}],"author":[{"embeddable":true,"href":"https:\/\/apuntesdesanluis.com\/index.php\/wp-json\/wp\/v2\/users\/1"}],"replies":[{"embeddable":true,"href":"https:\/\/apuntesdesanluis.com\/index.php\/wp-json\/wp\/v2\/comments?post=9113"}],"version-history":[{"count":1,"href":"https:\/\/apuntesdesanluis.com\/index.php\/wp-json\/wp\/v2\/posts\/9113\/revisions"}],"predecessor-version":[{"id":9116,"href":"https:\/\/apuntesdesanluis.com\/index.php\/wp-json\/wp\/v2\/posts\/9113\/revisions\/9116"}],"wp:featuredmedia":[{"embeddable":true,"href":"https:\/\/apuntesdesanluis.com\/index.php\/wp-json\/wp\/v2\/media\/9114"}],"wp:attachment":[{"href":"https:\/\/apuntesdesanluis.com\/index.php\/wp-json\/wp\/v2\/media?parent=9113"}],"wp:term":[{"taxonomy":"category","embeddable":true,"href":"https:\/\/apuntesdesanluis.com\/index.php\/wp-json\/wp\/v2\/categories?post=9113"},{"taxonomy":"post_tag","embeddable":true,"href":"https:\/\/apuntesdesanluis.com\/index.php\/wp-json\/wp\/v2\/tags?post=9113"}],"curies":[{"name":"wp","href":"https:\/\/api.w.org\/{rel}","templated":true}]}}