{"id":9136,"date":"2023-12-28T21:31:07","date_gmt":"2023-12-29T00:31:07","guid":{"rendered":"https:\/\/apuntesdesanluis.com\/?p=9136"},"modified":"2023-12-28T23:11:43","modified_gmt":"2023-12-29T02:11:43","slug":"se-aprobo-la-emergencia-climatica-de-transporte-economica-y-financiera-del-municipio","status":"publish","type":"post","link":"https:\/\/apuntesdesanluis.com\/index.php\/2023\/12\/28\/se-aprobo-la-emergencia-climatica-de-transporte-economica-y-financiera-del-municipio\/","title":{"rendered":"SE APROB\u00d3 LA EMERGENCIA CLIM\u00c1TICA, DE TRANSPORTE, ECON\u00d3MICA Y FINANCIERA EN VILLA MERCEDES"},"content":{"rendered":"<h3>Lo hizo el Concejo Deliberante de Villa Mercedes en la \u00faltima sesi\u00f3n extraordinaria del a\u00f1o, celebrada este jueves en horas de la ma\u00f1ana, bajo la presidencia de la Viceintendenta <strong>Silvina Galetto<\/strong>.<\/h3>\n<h3>El tema principal fue el expediente llegado del Ejecutivo municipal, a trav\u00e9s del cual se dispone \u201cDeclarar el estado de Emergencia Econ\u00f3mica, financiera, administrativa, tributaria y clim\u00e1tica, en el \u00e1mbito de la municipalidad de Villa Mercedes, por un plazo de doce (12) meses, prorrogable por igual t\u00e9rmino, mediante Decreto Municipal\u201d.<\/h3>\n<h3>La norma result\u00f3 aprobada por unanimidad, con la \u00fanica modificaci\u00f3n del plazo, que qued\u00f3 autorizado s\u00f3lo por un a\u00f1o.<\/h3>\n<p><img fetchpriority=\"high\" decoding=\"async\" class=\"wp-image-9197 aligncenter\" src=\"https:\/\/apuntesdesanluis.com\/wp-content\/uploads\/2023\/12\/Presidencia-HCD-300x185.jpg\" alt=\"\" width=\"671\" height=\"414\" srcset=\"https:\/\/apuntesdesanluis.com\/wp-content\/uploads\/2023\/12\/Presidencia-HCD-300x185.jpg 300w, https:\/\/apuntesdesanluis.com\/wp-content\/uploads\/2023\/12\/Presidencia-HCD.jpg 600w\" sizes=\"(max-width: 671px) 100vw, 671px\" \/><\/p>\n<h3>Una fuente municipal indic\u00f3 que una de las motivaciones de la ordenanza es la \u201cnecesidad de agilizar el sistema administrativo a los efectos de minimizar los tiempos de contrataciones en momentos de gran inflaci\u00f3n\u201d.<\/h3>\n<h3>Por otro lado, \u201cpuntualmente con lo de transporte\u201d, aclar\u00f3 que \u201cde ninguna manera se corta el boleto gratuito, pero s\u00ed se habilita al intendente a tomar la decisi\u00f3n de suspenderlo en alg\u00fan momento si se hiciera insostenible\u201d.<\/h3>\n<h3>Adem\u00e1s, en virtud de las restricciones que han impuesto las medidas nacionales, la incertidumbre existente sobre el real impacto que tendr\u00e1n en la econom\u00eda y la inestabilidad, \u201cse hace necesario disponer de herramientas que le otorguen flexibilidad a las decisiones que deba adoptar el Ejecutivo para adaptarse a este cambiante contexto\u201d, concluy\u00f3 la fuente.<\/h3>\n<h3>La votaci\u00f3n cont\u00f3 con el respaldo de los diez concejales presentes. El bloque de la oposici\u00f3n acompa\u00f1\u00f3 la aprobaci\u00f3n propuesta por la bancada oficialista, en la que estuvieron ausentes los concejales <strong>Virginia Lucero, Denis Marianella Oviedo<\/strong> y <strong>Roberto Mones Ruiz<\/strong>.<\/h3>\n<p>&nbsp;<\/p>\n<h3>Ver:\u00a0<span style=\"color: #3366ff;\"><a style=\"color: #3366ff;\" href=\"https:\/\/apuntesdesanluis.com\/wp-content\/uploads\/2023\/12\/ORDENANZA-N\u00b0-1265-HCD-O-2023.pdf\" target=\"_blank\" rel=\"noopener\">ORDENANZA N\u00b0 1265-HCD-O-2023<\/a><\/span><\/h3>\n<p>&nbsp;<\/p>\n<p>&nbsp;<\/p>\n<p>&nbsp;<\/p>\n","protected":false},"excerpt":{"rendered":"<p>Lo hizo el Concejo Deliberante de Villa Mercedes en la \u00faltima sesi\u00f3n extraordinaria del a\u00f1o,&#8230;<\/p>\n","protected":false},"author":1,"featured_media":9196,"comment_status":"closed","ping_status":"closed","sticky":false,"template":"","format":"standard","meta":{"footnotes":""},"categories":[6],"tags":[],"class_list":["post-9136","post","type-post","status-publish","format-standard","has-post-thumbnail","hentry","category-ciudad-provincia"],"yoast_head":"<!-- This site is optimized with the Yoast SEO plugin v26.1.1 - https:\/\/yoast.com\/wordpress\/plugins\/seo\/ -->\n<title>SE APROB\u00d3 LA EMERGENCIA CLIM\u00c1TICA, DE TRANSPORTE, ECON\u00d3MICA Y FINANCIERA EN VILLA MERCEDES - Apuntes de San Luis<\/title>\n<meta name=\"robots\" content=\"index, follow, max-snippet:-1, max-image-preview:large, max-video-preview:-1\" \/>\n<link rel=\"canonical\" href=\"https:\/\/apuntesdesanluis.com\/index.php\/2023\/12\/28\/se-aprobo-la-emergencia-climatica-de-transporte-economica-y-financiera-del-municipio\/\" \/>\n<meta property=\"og:locale\" content=\"es_ES\" \/>\n<meta property=\"og:type\" content=\"article\" \/>\n<meta property=\"og:title\" content=\"SE APROB\u00d3 LA EMERGENCIA CLIM\u00c1TICA, DE TRANSPORTE, ECON\u00d3MICA Y FINANCIERA EN VILLA MERCEDES - Apuntes de San Luis\" \/>\n<meta property=\"og:description\" content=\"Lo hizo el Concejo Deliberante de Villa Mercedes en la \u00faltima sesi\u00f3n extraordinaria del a\u00f1o,...\" \/>\n<meta property=\"og:url\" content=\"https:\/\/apuntesdesanluis.com\/index.php\/2023\/12\/28\/se-aprobo-la-emergencia-climatica-de-transporte-economica-y-financiera-del-municipio\/\" \/>\n<meta property=\"og:site_name\" content=\"Apuntes de San Luis\" \/>\n<meta property=\"article:published_time\" content=\"2023-12-29T00:31:07+00:00\" \/>\n<meta property=\"article:modified_time\" content=\"2023-12-29T02:11:43+00:00\" \/>\n<meta property=\"og:image\" content=\"https:\/\/apuntesdesanluis.com\/wp-content\/uploads\/2023\/12\/Concejo-Deliberante.jpg\" \/>\n\t<meta property=\"og:image:width\" content=\"594\" \/>\n\t<meta property=\"og:image:height\" content=\"347\" \/>\n\t<meta property=\"og:image:type\" content=\"image\/jpeg\" \/>\n<meta name=\"author\" content=\"apuntesdesanluis.com\" \/>\n<meta name=\"twitter:card\" content=\"summary_large_image\" \/>\n<meta name=\"twitter:label1\" content=\"Escrito por\" \/>\n\t<meta name=\"twitter:data1\" content=\"apuntesdesanluis.com\" \/>\n\t<meta name=\"twitter:label2\" content=\"Tiempo de lectura\" \/>\n\t<meta name=\"twitter:data2\" content=\"2 minutos\" \/>\n<script type=\"application\/ld+json\" class=\"yoast-schema-graph\">{\"@context\":\"https:\/\/schema.org\",\"@graph\":[{\"@type\":\"Article\",\"@id\":\"https:\/\/apuntesdesanluis.com\/index.php\/2023\/12\/28\/se-aprobo-la-emergencia-climatica-de-transporte-economica-y-financiera-del-municipio\/#article\",\"isPartOf\":{\"@id\":\"https:\/\/apuntesdesanluis.com\/index.php\/2023\/12\/28\/se-aprobo-la-emergencia-climatica-de-transporte-economica-y-financiera-del-municipio\/\"},\"author\":{\"name\":\"apuntesdesanluis.com\",\"@id\":\"https:\/\/apuntesdesanluis.com\/#\/schema\/person\/b55151d52296fcce64d1a72538a70b90\"},\"headline\":\"SE APROB\u00d3 LA EMERGENCIA CLIM\u00c1TICA, DE TRANSPORTE, ECON\u00d3MICA Y FINANCIERA EN VILLA MERCEDES\",\"datePublished\":\"2023-12-29T00:31:07+00:00\",\"dateModified\":\"2023-12-29T02:11:43+00:00\",\"mainEntityOfPage\":{\"@id\":\"https:\/\/apuntesdesanluis.com\/index.php\/2023\/12\/28\/se-aprobo-la-emergencia-climatica-de-transporte-economica-y-financiera-del-municipio\/\"},\"wordCount\":306,\"publisher\":{\"@id\":\"https:\/\/apuntesdesanluis.com\/#\/schema\/person\/b55151d52296fcce64d1a72538a70b90\"},\"image\":{\"@id\":\"https:\/\/apuntesdesanluis.com\/index.php\/2023\/12\/28\/se-aprobo-la-emergencia-climatica-de-transporte-economica-y-financiera-del-municipio\/#primaryimage\"},\"thumbnailUrl\":\"https:\/\/apuntesdesanluis.com\/wp-content\/uploads\/2023\/12\/Concejo-Deliberante.jpg\",\"articleSection\":[\"Ciudad\/Provincia\"],\"inLanguage\":\"es-AR\"},{\"@type\":\"WebPage\",\"@id\":\"https:\/\/apuntesdesanluis.com\/index.php\/2023\/12\/28\/se-aprobo-la-emergencia-climatica-de-transporte-economica-y-financiera-del-municipio\/\",\"url\":\"https:\/\/apuntesdesanluis.com\/index.php\/2023\/12\/28\/se-aprobo-la-emergencia-climatica-de-transporte-economica-y-financiera-del-municipio\/\",\"name\":\"SE APROB\u00d3 LA EMERGENCIA CLIM\u00c1TICA, DE TRANSPORTE, ECON\u00d3MICA Y FINANCIERA EN VILLA MERCEDES - Apuntes de San Luis\",\"isPartOf\":{\"@id\":\"https:\/\/apuntesdesanluis.com\/#website\"},\"primaryImageOfPage\":{\"@id\":\"https:\/\/apuntesdesanluis.com\/index.php\/2023\/12\/28\/se-aprobo-la-emergencia-climatica-de-transporte-economica-y-financiera-del-municipio\/#primaryimage\"},\"image\":{\"@id\":\"https:\/\/apuntesdesanluis.com\/index.php\/2023\/12\/28\/se-aprobo-la-emergencia-climatica-de-transporte-economica-y-financiera-del-municipio\/#primaryimage\"},\"thumbnailUrl\":\"https:\/\/apuntesdesanluis.com\/wp-content\/uploads\/2023\/12\/Concejo-Deliberante.jpg\",\"datePublished\":\"2023-12-29T00:31:07+00:00\",\"dateModified\":\"2023-12-29T02:11:43+00:00\",\"breadcrumb\":{\"@id\":\"https:\/\/apuntesdesanluis.com\/index.php\/2023\/12\/28\/se-aprobo-la-emergencia-climatica-de-transporte-economica-y-financiera-del-municipio\/#breadcrumb\"},\"inLanguage\":\"es-AR\",\"potentialAction\":[{\"@type\":\"ReadAction\",\"target\":[\"https:\/\/apuntesdesanluis.com\/index.php\/2023\/12\/28\/se-aprobo-la-emergencia-climatica-de-transporte-economica-y-financiera-del-municipio\/\"]}]},{\"@type\":\"ImageObject\",\"inLanguage\":\"es-AR\",\"@id\":\"https:\/\/apuntesdesanluis.com\/index.php\/2023\/12\/28\/se-aprobo-la-emergencia-climatica-de-transporte-economica-y-financiera-del-municipio\/#primaryimage\",\"url\":\"https:\/\/apuntesdesanluis.com\/wp-content\/uploads\/2023\/12\/Concejo-Deliberante.jpg\",\"contentUrl\":\"https:\/\/apuntesdesanluis.com\/wp-content\/uploads\/2023\/12\/Concejo-Deliberante.jpg\",\"width\":594,\"height\":347},{\"@type\":\"BreadcrumbList\",\"@id\":\"https:\/\/apuntesdesanluis.com\/index.php\/2023\/12\/28\/se-aprobo-la-emergencia-climatica-de-transporte-economica-y-financiera-del-municipio\/#breadcrumb\",\"itemListElement\":[{\"@type\":\"ListItem\",\"position\":1,\"name\":\"Inicio\",\"item\":\"https:\/\/apuntesdesanluis.com\/\"},{\"@type\":\"ListItem\",\"position\":2,\"name\":\"SE APROB\u00d3 LA EMERGENCIA CLIM\u00c1TICA, DE TRANSPORTE, ECON\u00d3MICA Y FINANCIERA EN VILLA MERCEDES\"}]},{\"@type\":\"WebSite\",\"@id\":\"https:\/\/apuntesdesanluis.com\/#website\",\"url\":\"https:\/\/apuntesdesanluis.com\/\",\"name\":\"Apuntes de San Luis\",\"description\":\"\",\"publisher\":{\"@id\":\"https:\/\/apuntesdesanluis.com\/#\/schema\/person\/b55151d52296fcce64d1a72538a70b90\"},\"potentialAction\":[{\"@type\":\"SearchAction\",\"target\":{\"@type\":\"EntryPoint\",\"urlTemplate\":\"https:\/\/apuntesdesanluis.com\/?s={search_term_string}\"},\"query-input\":{\"@type\":\"PropertyValueSpecification\",\"valueRequired\":true,\"valueName\":\"search_term_string\"}}],\"inLanguage\":\"es-AR\"},{\"@type\":[\"Person\",\"Organization\"],\"@id\":\"https:\/\/apuntesdesanluis.com\/#\/schema\/person\/b55151d52296fcce64d1a72538a70b90\",\"name\":\"apuntesdesanluis.com\",\"image\":{\"@type\":\"ImageObject\",\"inLanguage\":\"es-AR\",\"@id\":\"https:\/\/apuntesdesanluis.com\/#\/schema\/person\/image\/\",\"url\":\"https:\/\/apuntesdesanluis.com\/wp-content\/uploads\/2023\/07\/cropped-apuntesdesanluis.png\",\"contentUrl\":\"https:\/\/apuntesdesanluis.com\/wp-content\/uploads\/2023\/07\/cropped-apuntesdesanluis.png\",\"width\":450,\"height\":112,\"caption\":\"apuntesdesanluis.com\"},\"logo\":{\"@id\":\"https:\/\/apuntesdesanluis.com\/#\/schema\/person\/image\/\"},\"sameAs\":[\"https:\/\/apuntesdesanluis.com\"],\"url\":\"https:\/\/apuntesdesanluis.com\/index.php\/author\/apuntesdesanluis-com\/\"}]}<\/script>\n<!-- \/ Yoast SEO plugin. -->","yoast_head_json":{"title":"SE APROB\u00d3 LA EMERGENCIA CLIM\u00c1TICA, DE TRANSPORTE, ECON\u00d3MICA Y FINANCIERA EN VILLA MERCEDES - Apuntes de San Luis","robots":{"index":"index","follow":"follow","max-snippet":"max-snippet:-1","max-image-preview":"max-image-preview:large","max-video-preview":"max-video-preview:-1"},"canonical":"https:\/\/apuntesdesanluis.com\/index.php\/2023\/12\/28\/se-aprobo-la-emergencia-climatica-de-transporte-economica-y-financiera-del-municipio\/","og_locale":"es_ES","og_type":"article","og_title":"SE APROB\u00d3 LA EMERGENCIA CLIM\u00c1TICA, DE TRANSPORTE, ECON\u00d3MICA Y FINANCIERA EN VILLA MERCEDES - Apuntes de San Luis","og_description":"Lo hizo el Concejo Deliberante de Villa Mercedes en la \u00faltima sesi\u00f3n extraordinaria del a\u00f1o,...","og_url":"https:\/\/apuntesdesanluis.com\/index.php\/2023\/12\/28\/se-aprobo-la-emergencia-climatica-de-transporte-economica-y-financiera-del-municipio\/","og_site_name":"Apuntes de San Luis","article_published_time":"2023-12-29T00:31:07+00:00","article_modified_time":"2023-12-29T02:11:43+00:00","og_image":[{"width":594,"height":347,"url":"https:\/\/apuntesdesanluis.com\/wp-content\/uploads\/2023\/12\/Concejo-Deliberante.jpg","type":"image\/jpeg"}],"author":"apuntesdesanluis.com","twitter_card":"summary_large_image","twitter_misc":{"Escrito por":"apuntesdesanluis.com","Tiempo de lectura":"2 minutos"},"schema":{"@context":"https:\/\/schema.org","@graph":[{"@type":"Article","@id":"https:\/\/apuntesdesanluis.com\/index.php\/2023\/12\/28\/se-aprobo-la-emergencia-climatica-de-transporte-economica-y-financiera-del-municipio\/#article","isPartOf":{"@id":"https:\/\/apuntesdesanluis.com\/index.php\/2023\/12\/28\/se-aprobo-la-emergencia-climatica-de-transporte-economica-y-financiera-del-municipio\/"},"author":{"name":"apuntesdesanluis.com","@id":"https:\/\/apuntesdesanluis.com\/#\/schema\/person\/b55151d52296fcce64d1a72538a70b90"},"headline":"SE APROB\u00d3 LA EMERGENCIA CLIM\u00c1TICA, DE TRANSPORTE, ECON\u00d3MICA Y FINANCIERA EN VILLA MERCEDES","datePublished":"2023-12-29T00:31:07+00:00","dateModified":"2023-12-29T02:11:43+00:00","mainEntityOfPage":{"@id":"https:\/\/apuntesdesanluis.com\/index.php\/2023\/12\/28\/se-aprobo-la-emergencia-climatica-de-transporte-economica-y-financiera-del-municipio\/"},"wordCount":306,"publisher":{"@id":"https:\/\/apuntesdesanluis.com\/#\/schema\/person\/b55151d52296fcce64d1a72538a70b90"},"image":{"@id":"https:\/\/apuntesdesanluis.com\/index.php\/2023\/12\/28\/se-aprobo-la-emergencia-climatica-de-transporte-economica-y-financiera-del-municipio\/#primaryimage"},"thumbnailUrl":"https:\/\/apuntesdesanluis.com\/wp-content\/uploads\/2023\/12\/Concejo-Deliberante.jpg","articleSection":["Ciudad\/Provincia"],"inLanguage":"es-AR"},{"@type":"WebPage","@id":"https:\/\/apuntesdesanluis.com\/index.php\/2023\/12\/28\/se-aprobo-la-emergencia-climatica-de-transporte-economica-y-financiera-del-municipio\/","url":"https:\/\/apuntesdesanluis.com\/index.php\/2023\/12\/28\/se-aprobo-la-emergencia-climatica-de-transporte-economica-y-financiera-del-municipio\/","name":"SE APROB\u00d3 LA EMERGENCIA CLIM\u00c1TICA, DE TRANSPORTE, ECON\u00d3MICA Y FINANCIERA EN VILLA MERCEDES - Apuntes de San Luis","isPartOf":{"@id":"https:\/\/apuntesdesanluis.com\/#website"},"primaryImageOfPage":{"@id":"https:\/\/apuntesdesanluis.com\/index.php\/2023\/12\/28\/se-aprobo-la-emergencia-climatica-de-transporte-economica-y-financiera-del-municipio\/#primaryimage"},"image":{"@id":"https:\/\/apuntesdesanluis.com\/index.php\/2023\/12\/28\/se-aprobo-la-emergencia-climatica-de-transporte-economica-y-financiera-del-municipio\/#primaryimage"},"thumbnailUrl":"https:\/\/apuntesdesanluis.com\/wp-content\/uploads\/2023\/12\/Concejo-Deliberante.jpg","datePublished":"2023-12-29T00:31:07+00:00","dateModified":"2023-12-29T02:11:43+00:00","breadcrumb":{"@id":"https:\/\/apuntesdesanluis.com\/index.php\/2023\/12\/28\/se-aprobo-la-emergencia-climatica-de-transporte-economica-y-financiera-del-municipio\/#breadcrumb"},"inLanguage":"es-AR","potentialAction":[{"@type":"ReadAction","target":["https:\/\/apuntesdesanluis.com\/index.php\/2023\/12\/28\/se-aprobo-la-emergencia-climatica-de-transporte-economica-y-financiera-del-municipio\/"]}]},{"@type":"ImageObject","inLanguage":"es-AR","@id":"https:\/\/apuntesdesanluis.com\/index.php\/2023\/12\/28\/se-aprobo-la-emergencia-climatica-de-transporte-economica-y-financiera-del-municipio\/#primaryimage","url":"https:\/\/apuntesdesanluis.com\/wp-content\/uploads\/2023\/12\/Concejo-Deliberante.jpg","contentUrl":"https:\/\/apuntesdesanluis.com\/wp-content\/uploads\/2023\/12\/Concejo-Deliberante.jpg","width":594,"height":347},{"@type":"BreadcrumbList","@id":"https:\/\/apuntesdesanluis.com\/index.php\/2023\/12\/28\/se-aprobo-la-emergencia-climatica-de-transporte-economica-y-financiera-del-municipio\/#breadcrumb","itemListElement":[{"@type":"ListItem","position":1,"name":"Inicio","item":"https:\/\/apuntesdesanluis.com\/"},{"@type":"ListItem","position":2,"name":"SE APROB\u00d3 LA EMERGENCIA CLIM\u00c1TICA, DE TRANSPORTE, ECON\u00d3MICA Y FINANCIERA EN VILLA MERCEDES"}]},{"@type":"WebSite","@id":"https:\/\/apuntesdesanluis.com\/#website","url":"https:\/\/apuntesdesanluis.com\/","name":"Apuntes de San Luis","description":"","publisher":{"@id":"https:\/\/apuntesdesanluis.com\/#\/schema\/person\/b55151d52296fcce64d1a72538a70b90"},"potentialAction":[{"@type":"SearchAction","target":{"@type":"EntryPoint","urlTemplate":"https:\/\/apuntesdesanluis.com\/?s={search_term_string}"},"query-input":{"@type":"PropertyValueSpecification","valueRequired":true,"valueName":"search_term_string"}}],"inLanguage":"es-AR"},{"@type":["Person","Organization"],"@id":"https:\/\/apuntesdesanluis.com\/#\/schema\/person\/b55151d52296fcce64d1a72538a70b90","name":"apuntesdesanluis.com","image":{"@type":"ImageObject","inLanguage":"es-AR","@id":"https:\/\/apuntesdesanluis.com\/#\/schema\/person\/image\/","url":"https:\/\/apuntesdesanluis.com\/wp-content\/uploads\/2023\/07\/cropped-apuntesdesanluis.png","contentUrl":"https:\/\/apuntesdesanluis.com\/wp-content\/uploads\/2023\/07\/cropped-apuntesdesanluis.png","width":450,"height":112,"caption":"apuntesdesanluis.com"},"logo":{"@id":"https:\/\/apuntesdesanluis.com\/#\/schema\/person\/image\/"},"sameAs":["https:\/\/apuntesdesanluis.com"],"url":"https:\/\/apuntesdesanluis.com\/index.php\/author\/apuntesdesanluis-com\/"}]}},"featured_image_urls":{"full":["https:\/\/apuntesdesanluis.com\/wp-content\/uploads\/2023\/12\/Concejo-Deliberante.jpg",594,347,false],"thumbnail":["https:\/\/apuntesdesanluis.com\/wp-content\/uploads\/2023\/12\/Concejo-Deliberante-150x150.jpg",150,150,true],"medium":["https:\/\/apuntesdesanluis.com\/wp-content\/uploads\/2023\/12\/Concejo-Deliberante-300x175.jpg",300,175,true],"medium_large":["https:\/\/apuntesdesanluis.com\/wp-content\/uploads\/2023\/12\/Concejo-Deliberante.jpg",594,347,false],"large":["https:\/\/apuntesdesanluis.com\/wp-content\/uploads\/2023\/12\/Concejo-Deliberante.jpg",594,347,false],"1536x1536":["https:\/\/apuntesdesanluis.com\/wp-content\/uploads\/2023\/12\/Concejo-Deliberante.jpg",594,347,false],"2048x2048":["https:\/\/apuntesdesanluis.com\/wp-content\/uploads\/2023\/12\/Concejo-Deliberante.jpg",594,347,false],"newsever-slider-full":["https:\/\/apuntesdesanluis.com\/wp-content\/uploads\/2023\/12\/Concejo-Deliberante.jpg",594,347,false],"newsever-featured":["https:\/\/apuntesdesanluis.com\/wp-content\/uploads\/2023\/12\/Concejo-Deliberante.jpg",594,347,false],"newsever-medium":["https:\/\/apuntesdesanluis.com\/wp-content\/uploads\/2023\/12\/Concejo-Deliberante.jpg",594,347,false]},"author_info":{"display_name":"apuntesdesanluis.com","author_link":"https:\/\/apuntesdesanluis.com\/index.php\/author\/apuntesdesanluis-com\/"},"category_info":"<a href=\"https:\/\/apuntesdesanluis.com\/index.php\/category\/ciudad-provincia\/\" rel=\"category tag\">Ciudad\/Provincia<\/a>","tag_info":"Ciudad\/Provincia","comment_count":"0","_links":{"self":[{"href":"https:\/\/apuntesdesanluis.com\/index.php\/wp-json\/wp\/v2\/posts\/9136","targetHints":{"allow":["GET"]}}],"collection":[{"href":"https:\/\/apuntesdesanluis.com\/index.php\/wp-json\/wp\/v2\/posts"}],"about":[{"href":"https:\/\/apuntesdesanluis.com\/index.php\/wp-json\/wp\/v2\/types\/post"}],"author":[{"embeddable":true,"href":"https:\/\/apuntesdesanluis.com\/index.php\/wp-json\/wp\/v2\/users\/1"}],"replies":[{"embeddable":true,"href":"https:\/\/apuntesdesanluis.com\/index.php\/wp-json\/wp\/v2\/comments?post=9136"}],"version-history":[{"count":4,"href":"https:\/\/apuntesdesanluis.com\/index.php\/wp-json\/wp\/v2\/posts\/9136\/revisions"}],"predecessor-version":[{"id":9198,"href":"https:\/\/apuntesdesanluis.com\/index.php\/wp-json\/wp\/v2\/posts\/9136\/revisions\/9198"}],"wp:featuredmedia":[{"embeddable":true,"href":"https:\/\/apuntesdesanluis.com\/index.php\/wp-json\/wp\/v2\/media\/9196"}],"wp:attachment":[{"href":"https:\/\/apuntesdesanluis.com\/index.php\/wp-json\/wp\/v2\/media?parent=9136"}],"wp:term":[{"taxonomy":"category","embeddable":true,"href":"https:\/\/apuntesdesanluis.com\/index.php\/wp-json\/wp\/v2\/categories?post=9136"},{"taxonomy":"post_tag","embeddable":true,"href":"https:\/\/apuntesdesanluis.com\/index.php\/wp-json\/wp\/v2\/tags?post=9136"}],"curies":[{"name":"wp","href":"https:\/\/api.w.org\/{rel}","templated":true}]}}