{"id":915,"date":"2023-08-02T18:48:04","date_gmt":"2023-08-02T21:48:04","guid":{"rendered":"https:\/\/apuntesdesanluis.com\/?p=915"},"modified":"2023-08-02T18:48:04","modified_gmt":"2023-08-02T21:48:04","slug":"aprueban-adhesion-a-ley-nacional-de-abordaje-integral-de-las-personas-con-trastornos-del-espectro-autista","status":"publish","type":"post","link":"https:\/\/apuntesdesanluis.com\/index.php\/2023\/08\/02\/aprueban-adhesion-a-ley-nacional-de-abordaje-integral-de-las-personas-con-trastornos-del-espectro-autista\/","title":{"rendered":"APRUEBAN ADHESI\u00d3N A LEY NACIONAL DE ABORDAJE INTEGRAL DE LAS PERSONAS CON TRASTORNOS DEL ESPECTRO AUTISTA"},"content":{"rendered":"<h3>Con representantes de la Asociaci\u00f3n Autismo San Luis presentes en el recinto, la C\u00e1mara Baja aprob\u00f3 por unamidad la media sanci\u00f3n a esta adhesi\u00f3n.<\/h3>\n<h3>El diputado radical <strong>Luis Lucero Guillet<\/strong>, uno de los creadores del proyecto junto al diputado <strong>Victor Sosa<\/strong>, explic\u00f3 los alcances de esta Ley que ya hab\u00eda tenido acompa\u00f1amiento un\u00e1nime de las comisiones de Asuntos Constitucionales y de Salud.<\/h3>\n<p><img fetchpriority=\"high\" decoding=\"async\" class=\"wp-image-917 aligncenter\" src=\"https:\/\/apuntesdesanluis.com\/wp-content\/uploads\/2023\/08\/luero-guillet-300x177.png\" alt=\"\" width=\"685\" height=\"404\" srcset=\"https:\/\/apuntesdesanluis.com\/wp-content\/uploads\/2023\/08\/luero-guillet-300x177.png 300w, https:\/\/apuntesdesanluis.com\/wp-content\/uploads\/2023\/08\/luero-guillet-768x453.png 768w, https:\/\/apuntesdesanluis.com\/wp-content\/uploads\/2023\/08\/luero-guillet.png 791w\" sizes=\"(max-width: 685px) 100vw, 685px\" \/><\/p>\n<h3>\u201cEst\u00e1 ley nacional genera una serie de beneficios a cargo del Gobierno Nacional, entre ellos coordinaci\u00f3n, con las autoridades sanitarias y educativas, campa\u00f1as de concientizaci\u00f3n, planificaci\u00f3n de la formaci\u00f3n del recurso humano para las pr\u00e1cticas de pesquisa, detecci\u00f3n temprana, diagn\u00f3stico y tratamiento, y coordinaci\u00f3n con las autoridades en materia sanitaria, educativa,\u00a0 laboral y de desarrollo social a los fines de la completa inclusi\u00f3n de las personas, que presenten TEA\u201d, inform\u00f3 el diputado.<\/h3>\n<h3>Hizo hincapi\u00e9 en el art\u00edculo 4 de esta Ley, que establece que los agentes de salud- comprendidos en las leyes N\u00b023660 y N\u00b0 23661- las organizaciones de seguridad social, entidades de medicina prepaga, obra social del Poder Judicial, de las universidades nacionales, del personal civil, de las Fuerzas Armadas, de Seguridad de Polic\u00eda Argentina,de\u00a0 la direcci\u00f3n de Ayuda Social para el Congreso de la Naci\u00f3n y agentes de salud que brinden servicios m\u00e9dicos, tendr\u00e1n a su cargo con car\u00e1cter obligatorio, las prestaciones necesarias para la detecci\u00f3n temprana, diagn\u00f3stico y tratamiento de los Trastornos del Espectro Autista.<\/h3>\n<p><img decoding=\"async\" class=\"wp-image-918 aligncenter\" src=\"https:\/\/apuntesdesanluis.com\/wp-content\/uploads\/2023\/08\/abrazo-300x202.png\" alt=\"\" width=\"697\" height=\"469\" srcset=\"https:\/\/apuntesdesanluis.com\/wp-content\/uploads\/2023\/08\/abrazo-300x202.png 300w, https:\/\/apuntesdesanluis.com\/wp-content\/uploads\/2023\/08\/abrazo-768x518.png 768w, https:\/\/apuntesdesanluis.com\/wp-content\/uploads\/2023\/08\/abrazo.png 779w\" sizes=\"(max-width: 697px) 100vw, 697px\" \/><\/p>\n","protected":false},"excerpt":{"rendered":"<p>Con representantes de la Asociaci\u00f3n Autismo San Luis presentes en el recinto, la C\u00e1mara Baja&#8230;<\/p>\n","protected":false},"author":1,"featured_media":916,"comment_status":"closed","ping_status":"closed","sticky":false,"template":"","format":"standard","meta":{"footnotes":""},"categories":[6],"tags":[],"class_list":["post-915","post","type-post","status-publish","format-standard","has-post-thumbnail","hentry","category-ciudad-provincia"],"yoast_head":"<!-- This site is optimized with the Yoast SEO plugin v26.1.1 - https:\/\/yoast.com\/wordpress\/plugins\/seo\/ -->\n<title>APRUEBAN ADHESI\u00d3N A LEY NACIONAL DE ABORDAJE INTEGRAL DE LAS PERSONAS CON TRASTORNOS DEL ESPECTRO AUTISTA - Apuntes de San Luis<\/title>\n<meta name=\"robots\" content=\"index, follow, max-snippet:-1, max-image-preview:large, max-video-preview:-1\" \/>\n<link rel=\"canonical\" href=\"https:\/\/apuntesdesanluis.com\/index.php\/2023\/08\/02\/aprueban-adhesion-a-ley-nacional-de-abordaje-integral-de-las-personas-con-trastornos-del-espectro-autista\/\" \/>\n<meta property=\"og:locale\" content=\"es_ES\" \/>\n<meta property=\"og:type\" content=\"article\" \/>\n<meta property=\"og:title\" content=\"APRUEBAN ADHESI\u00d3N A LEY NACIONAL DE ABORDAJE INTEGRAL DE LAS PERSONAS CON TRASTORNOS DEL ESPECTRO AUTISTA - Apuntes de San Luis\" \/>\n<meta property=\"og:description\" content=\"Con representantes de la Asociaci\u00f3n Autismo San Luis presentes en el recinto, la C\u00e1mara Baja...\" \/>\n<meta property=\"og:url\" content=\"https:\/\/apuntesdesanluis.com\/index.php\/2023\/08\/02\/aprueban-adhesion-a-ley-nacional-de-abordaje-integral-de-las-personas-con-trastornos-del-espectro-autista\/\" \/>\n<meta property=\"og:site_name\" content=\"Apuntes de San Luis\" \/>\n<meta property=\"article:published_time\" content=\"2023-08-02T21:48:04+00:00\" \/>\n<meta property=\"og:image\" content=\"https:\/\/apuntesdesanluis.com\/wp-content\/uploads\/2023\/08\/grupal.png\" \/>\n\t<meta property=\"og:image:width\" content=\"833\" \/>\n\t<meta property=\"og:image:height\" content=\"556\" \/>\n\t<meta property=\"og:image:type\" content=\"image\/png\" \/>\n<meta name=\"author\" content=\"apuntesdesanluis.com\" \/>\n<meta name=\"twitter:card\" content=\"summary_large_image\" \/>\n<meta name=\"twitter:label1\" content=\"Escrito por\" \/>\n\t<meta name=\"twitter:data1\" content=\"apuntesdesanluis.com\" \/>\n\t<meta name=\"twitter:label2\" content=\"Tiempo de lectura\" \/>\n\t<meta name=\"twitter:data2\" content=\"2 minutos\" \/>\n<script type=\"application\/ld+json\" class=\"yoast-schema-graph\">{\"@context\":\"https:\/\/schema.org\",\"@graph\":[{\"@type\":\"Article\",\"@id\":\"https:\/\/apuntesdesanluis.com\/index.php\/2023\/08\/02\/aprueban-adhesion-a-ley-nacional-de-abordaje-integral-de-las-personas-con-trastornos-del-espectro-autista\/#article\",\"isPartOf\":{\"@id\":\"https:\/\/apuntesdesanluis.com\/index.php\/2023\/08\/02\/aprueban-adhesion-a-ley-nacional-de-abordaje-integral-de-las-personas-con-trastornos-del-espectro-autista\/\"},\"author\":{\"name\":\"apuntesdesanluis.com\",\"@id\":\"https:\/\/apuntesdesanluis.com\/#\/schema\/person\/b55151d52296fcce64d1a72538a70b90\"},\"headline\":\"APRUEBAN ADHESI\u00d3N A LEY NACIONAL DE ABORDAJE INTEGRAL DE LAS PERSONAS CON TRASTORNOS DEL ESPECTRO AUTISTA\",\"datePublished\":\"2023-08-02T21:48:04+00:00\",\"mainEntityOfPage\":{\"@id\":\"https:\/\/apuntesdesanluis.com\/index.php\/2023\/08\/02\/aprueban-adhesion-a-ley-nacional-de-abordaje-integral-de-las-personas-con-trastornos-del-espectro-autista\/\"},\"wordCount\":273,\"publisher\":{\"@id\":\"https:\/\/apuntesdesanluis.com\/#\/schema\/person\/b55151d52296fcce64d1a72538a70b90\"},\"image\":{\"@id\":\"https:\/\/apuntesdesanluis.com\/index.php\/2023\/08\/02\/aprueban-adhesion-a-ley-nacional-de-abordaje-integral-de-las-personas-con-trastornos-del-espectro-autista\/#primaryimage\"},\"thumbnailUrl\":\"https:\/\/apuntesdesanluis.com\/wp-content\/uploads\/2023\/08\/grupal.png\",\"articleSection\":[\"Ciudad\/Provincia\"],\"inLanguage\":\"es-AR\"},{\"@type\":\"WebPage\",\"@id\":\"https:\/\/apuntesdesanluis.com\/index.php\/2023\/08\/02\/aprueban-adhesion-a-ley-nacional-de-abordaje-integral-de-las-personas-con-trastornos-del-espectro-autista\/\",\"url\":\"https:\/\/apuntesdesanluis.com\/index.php\/2023\/08\/02\/aprueban-adhesion-a-ley-nacional-de-abordaje-integral-de-las-personas-con-trastornos-del-espectro-autista\/\",\"name\":\"APRUEBAN ADHESI\u00d3N A LEY NACIONAL DE ABORDAJE INTEGRAL DE LAS PERSONAS CON TRASTORNOS DEL ESPECTRO AUTISTA - Apuntes de San Luis\",\"isPartOf\":{\"@id\":\"https:\/\/apuntesdesanluis.com\/#website\"},\"primaryImageOfPage\":{\"@id\":\"https:\/\/apuntesdesanluis.com\/index.php\/2023\/08\/02\/aprueban-adhesion-a-ley-nacional-de-abordaje-integral-de-las-personas-con-trastornos-del-espectro-autista\/#primaryimage\"},\"image\":{\"@id\":\"https:\/\/apuntesdesanluis.com\/index.php\/2023\/08\/02\/aprueban-adhesion-a-ley-nacional-de-abordaje-integral-de-las-personas-con-trastornos-del-espectro-autista\/#primaryimage\"},\"thumbnailUrl\":\"https:\/\/apuntesdesanluis.com\/wp-content\/uploads\/2023\/08\/grupal.png\",\"datePublished\":\"2023-08-02T21:48:04+00:00\",\"breadcrumb\":{\"@id\":\"https:\/\/apuntesdesanluis.com\/index.php\/2023\/08\/02\/aprueban-adhesion-a-ley-nacional-de-abordaje-integral-de-las-personas-con-trastornos-del-espectro-autista\/#breadcrumb\"},\"inLanguage\":\"es-AR\",\"potentialAction\":[{\"@type\":\"ReadAction\",\"target\":[\"https:\/\/apuntesdesanluis.com\/index.php\/2023\/08\/02\/aprueban-adhesion-a-ley-nacional-de-abordaje-integral-de-las-personas-con-trastornos-del-espectro-autista\/\"]}]},{\"@type\":\"ImageObject\",\"inLanguage\":\"es-AR\",\"@id\":\"https:\/\/apuntesdesanluis.com\/index.php\/2023\/08\/02\/aprueban-adhesion-a-ley-nacional-de-abordaje-integral-de-las-personas-con-trastornos-del-espectro-autista\/#primaryimage\",\"url\":\"https:\/\/apuntesdesanluis.com\/wp-content\/uploads\/2023\/08\/grupal.png\",\"contentUrl\":\"https:\/\/apuntesdesanluis.com\/wp-content\/uploads\/2023\/08\/grupal.png\",\"width\":833,\"height\":556},{\"@type\":\"BreadcrumbList\",\"@id\":\"https:\/\/apuntesdesanluis.com\/index.php\/2023\/08\/02\/aprueban-adhesion-a-ley-nacional-de-abordaje-integral-de-las-personas-con-trastornos-del-espectro-autista\/#breadcrumb\",\"itemListElement\":[{\"@type\":\"ListItem\",\"position\":1,\"name\":\"Inicio\",\"item\":\"https:\/\/apuntesdesanluis.com\/\"},{\"@type\":\"ListItem\",\"position\":2,\"name\":\"APRUEBAN ADHESI\u00d3N A LEY NACIONAL DE ABORDAJE INTEGRAL DE LAS PERSONAS CON TRASTORNOS DEL ESPECTRO AUTISTA\"}]},{\"@type\":\"WebSite\",\"@id\":\"https:\/\/apuntesdesanluis.com\/#website\",\"url\":\"https:\/\/apuntesdesanluis.com\/\",\"name\":\"Apuntes de San Luis\",\"description\":\"\",\"publisher\":{\"@id\":\"https:\/\/apuntesdesanluis.com\/#\/schema\/person\/b55151d52296fcce64d1a72538a70b90\"},\"potentialAction\":[{\"@type\":\"SearchAction\",\"target\":{\"@type\":\"EntryPoint\",\"urlTemplate\":\"https:\/\/apuntesdesanluis.com\/?s={search_term_string}\"},\"query-input\":{\"@type\":\"PropertyValueSpecification\",\"valueRequired\":true,\"valueName\":\"search_term_string\"}}],\"inLanguage\":\"es-AR\"},{\"@type\":[\"Person\",\"Organization\"],\"@id\":\"https:\/\/apuntesdesanluis.com\/#\/schema\/person\/b55151d52296fcce64d1a72538a70b90\",\"name\":\"apuntesdesanluis.com\",\"image\":{\"@type\":\"ImageObject\",\"inLanguage\":\"es-AR\",\"@id\":\"https:\/\/apuntesdesanluis.com\/#\/schema\/person\/image\/\",\"url\":\"https:\/\/apuntesdesanluis.com\/wp-content\/uploads\/2023\/07\/cropped-apuntesdesanluis.png\",\"contentUrl\":\"https:\/\/apuntesdesanluis.com\/wp-content\/uploads\/2023\/07\/cropped-apuntesdesanluis.png\",\"width\":450,\"height\":112,\"caption\":\"apuntesdesanluis.com\"},\"logo\":{\"@id\":\"https:\/\/apuntesdesanluis.com\/#\/schema\/person\/image\/\"},\"sameAs\":[\"https:\/\/apuntesdesanluis.com\"],\"url\":\"https:\/\/apuntesdesanluis.com\/index.php\/author\/apuntesdesanluis-com\/\"}]}<\/script>\n<!-- \/ Yoast SEO plugin. -->","yoast_head_json":{"title":"APRUEBAN ADHESI\u00d3N A LEY NACIONAL DE ABORDAJE INTEGRAL DE LAS PERSONAS CON TRASTORNOS DEL ESPECTRO AUTISTA - Apuntes de San Luis","robots":{"index":"index","follow":"follow","max-snippet":"max-snippet:-1","max-image-preview":"max-image-preview:large","max-video-preview":"max-video-preview:-1"},"canonical":"https:\/\/apuntesdesanluis.com\/index.php\/2023\/08\/02\/aprueban-adhesion-a-ley-nacional-de-abordaje-integral-de-las-personas-con-trastornos-del-espectro-autista\/","og_locale":"es_ES","og_type":"article","og_title":"APRUEBAN ADHESI\u00d3N A LEY NACIONAL DE ABORDAJE INTEGRAL DE LAS PERSONAS CON TRASTORNOS DEL ESPECTRO AUTISTA - Apuntes de San Luis","og_description":"Con representantes de la Asociaci\u00f3n Autismo San Luis presentes en el recinto, la C\u00e1mara Baja...","og_url":"https:\/\/apuntesdesanluis.com\/index.php\/2023\/08\/02\/aprueban-adhesion-a-ley-nacional-de-abordaje-integral-de-las-personas-con-trastornos-del-espectro-autista\/","og_site_name":"Apuntes de San Luis","article_published_time":"2023-08-02T21:48:04+00:00","og_image":[{"width":833,"height":556,"url":"https:\/\/apuntesdesanluis.com\/wp-content\/uploads\/2023\/08\/grupal.png","type":"image\/png"}],"author":"apuntesdesanluis.com","twitter_card":"summary_large_image","twitter_misc":{"Escrito por":"apuntesdesanluis.com","Tiempo de lectura":"2 minutos"},"schema":{"@context":"https:\/\/schema.org","@graph":[{"@type":"Article","@id":"https:\/\/apuntesdesanluis.com\/index.php\/2023\/08\/02\/aprueban-adhesion-a-ley-nacional-de-abordaje-integral-de-las-personas-con-trastornos-del-espectro-autista\/#article","isPartOf":{"@id":"https:\/\/apuntesdesanluis.com\/index.php\/2023\/08\/02\/aprueban-adhesion-a-ley-nacional-de-abordaje-integral-de-las-personas-con-trastornos-del-espectro-autista\/"},"author":{"name":"apuntesdesanluis.com","@id":"https:\/\/apuntesdesanluis.com\/#\/schema\/person\/b55151d52296fcce64d1a72538a70b90"},"headline":"APRUEBAN ADHESI\u00d3N A LEY NACIONAL DE ABORDAJE INTEGRAL DE LAS PERSONAS CON TRASTORNOS DEL ESPECTRO AUTISTA","datePublished":"2023-08-02T21:48:04+00:00","mainEntityOfPage":{"@id":"https:\/\/apuntesdesanluis.com\/index.php\/2023\/08\/02\/aprueban-adhesion-a-ley-nacional-de-abordaje-integral-de-las-personas-con-trastornos-del-espectro-autista\/"},"wordCount":273,"publisher":{"@id":"https:\/\/apuntesdesanluis.com\/#\/schema\/person\/b55151d52296fcce64d1a72538a70b90"},"image":{"@id":"https:\/\/apuntesdesanluis.com\/index.php\/2023\/08\/02\/aprueban-adhesion-a-ley-nacional-de-abordaje-integral-de-las-personas-con-trastornos-del-espectro-autista\/#primaryimage"},"thumbnailUrl":"https:\/\/apuntesdesanluis.com\/wp-content\/uploads\/2023\/08\/grupal.png","articleSection":["Ciudad\/Provincia"],"inLanguage":"es-AR"},{"@type":"WebPage","@id":"https:\/\/apuntesdesanluis.com\/index.php\/2023\/08\/02\/aprueban-adhesion-a-ley-nacional-de-abordaje-integral-de-las-personas-con-trastornos-del-espectro-autista\/","url":"https:\/\/apuntesdesanluis.com\/index.php\/2023\/08\/02\/aprueban-adhesion-a-ley-nacional-de-abordaje-integral-de-las-personas-con-trastornos-del-espectro-autista\/","name":"APRUEBAN ADHESI\u00d3N A LEY NACIONAL DE ABORDAJE INTEGRAL DE LAS PERSONAS CON TRASTORNOS DEL ESPECTRO AUTISTA - Apuntes de San Luis","isPartOf":{"@id":"https:\/\/apuntesdesanluis.com\/#website"},"primaryImageOfPage":{"@id":"https:\/\/apuntesdesanluis.com\/index.php\/2023\/08\/02\/aprueban-adhesion-a-ley-nacional-de-abordaje-integral-de-las-personas-con-trastornos-del-espectro-autista\/#primaryimage"},"image":{"@id":"https:\/\/apuntesdesanluis.com\/index.php\/2023\/08\/02\/aprueban-adhesion-a-ley-nacional-de-abordaje-integral-de-las-personas-con-trastornos-del-espectro-autista\/#primaryimage"},"thumbnailUrl":"https:\/\/apuntesdesanluis.com\/wp-content\/uploads\/2023\/08\/grupal.png","datePublished":"2023-08-02T21:48:04+00:00","breadcrumb":{"@id":"https:\/\/apuntesdesanluis.com\/index.php\/2023\/08\/02\/aprueban-adhesion-a-ley-nacional-de-abordaje-integral-de-las-personas-con-trastornos-del-espectro-autista\/#breadcrumb"},"inLanguage":"es-AR","potentialAction":[{"@type":"ReadAction","target":["https:\/\/apuntesdesanluis.com\/index.php\/2023\/08\/02\/aprueban-adhesion-a-ley-nacional-de-abordaje-integral-de-las-personas-con-trastornos-del-espectro-autista\/"]}]},{"@type":"ImageObject","inLanguage":"es-AR","@id":"https:\/\/apuntesdesanluis.com\/index.php\/2023\/08\/02\/aprueban-adhesion-a-ley-nacional-de-abordaje-integral-de-las-personas-con-trastornos-del-espectro-autista\/#primaryimage","url":"https:\/\/apuntesdesanluis.com\/wp-content\/uploads\/2023\/08\/grupal.png","contentUrl":"https:\/\/apuntesdesanluis.com\/wp-content\/uploads\/2023\/08\/grupal.png","width":833,"height":556},{"@type":"BreadcrumbList","@id":"https:\/\/apuntesdesanluis.com\/index.php\/2023\/08\/02\/aprueban-adhesion-a-ley-nacional-de-abordaje-integral-de-las-personas-con-trastornos-del-espectro-autista\/#breadcrumb","itemListElement":[{"@type":"ListItem","position":1,"name":"Inicio","item":"https:\/\/apuntesdesanluis.com\/"},{"@type":"ListItem","position":2,"name":"APRUEBAN ADHESI\u00d3N A LEY NACIONAL DE ABORDAJE INTEGRAL DE LAS PERSONAS CON TRASTORNOS DEL ESPECTRO AUTISTA"}]},{"@type":"WebSite","@id":"https:\/\/apuntesdesanluis.com\/#website","url":"https:\/\/apuntesdesanluis.com\/","name":"Apuntes de San Luis","description":"","publisher":{"@id":"https:\/\/apuntesdesanluis.com\/#\/schema\/person\/b55151d52296fcce64d1a72538a70b90"},"potentialAction":[{"@type":"SearchAction","target":{"@type":"EntryPoint","urlTemplate":"https:\/\/apuntesdesanluis.com\/?s={search_term_string}"},"query-input":{"@type":"PropertyValueSpecification","valueRequired":true,"valueName":"search_term_string"}}],"inLanguage":"es-AR"},{"@type":["Person","Organization"],"@id":"https:\/\/apuntesdesanluis.com\/#\/schema\/person\/b55151d52296fcce64d1a72538a70b90","name":"apuntesdesanluis.com","image":{"@type":"ImageObject","inLanguage":"es-AR","@id":"https:\/\/apuntesdesanluis.com\/#\/schema\/person\/image\/","url":"https:\/\/apuntesdesanluis.com\/wp-content\/uploads\/2023\/07\/cropped-apuntesdesanluis.png","contentUrl":"https:\/\/apuntesdesanluis.com\/wp-content\/uploads\/2023\/07\/cropped-apuntesdesanluis.png","width":450,"height":112,"caption":"apuntesdesanluis.com"},"logo":{"@id":"https:\/\/apuntesdesanluis.com\/#\/schema\/person\/image\/"},"sameAs":["https:\/\/apuntesdesanluis.com"],"url":"https:\/\/apuntesdesanluis.com\/index.php\/author\/apuntesdesanluis-com\/"}]}},"featured_image_urls":{"full":["https:\/\/apuntesdesanluis.com\/wp-content\/uploads\/2023\/08\/grupal.png",833,556,false],"thumbnail":["https:\/\/apuntesdesanluis.com\/wp-content\/uploads\/2023\/08\/grupal-150x150.png",150,150,true],"medium":["https:\/\/apuntesdesanluis.com\/wp-content\/uploads\/2023\/08\/grupal-300x200.png",300,200,true],"medium_large":["https:\/\/apuntesdesanluis.com\/wp-content\/uploads\/2023\/08\/grupal-768x513.png",640,428,true],"large":["https:\/\/apuntesdesanluis.com\/wp-content\/uploads\/2023\/08\/grupal.png",640,427,false],"1536x1536":["https:\/\/apuntesdesanluis.com\/wp-content\/uploads\/2023\/08\/grupal.png",833,556,false],"2048x2048":["https:\/\/apuntesdesanluis.com\/wp-content\/uploads\/2023\/08\/grupal.png",833,556,false],"newsever-slider-full":["https:\/\/apuntesdesanluis.com\/wp-content\/uploads\/2023\/08\/grupal.png",833,556,false],"newsever-featured":["https:\/\/apuntesdesanluis.com\/wp-content\/uploads\/2023\/08\/grupal.png",833,556,false],"newsever-medium":["https:\/\/apuntesdesanluis.com\/wp-content\/uploads\/2023\/08\/grupal-720x475.png",720,475,true]},"author_info":{"display_name":"apuntesdesanluis.com","author_link":"https:\/\/apuntesdesanluis.com\/index.php\/author\/apuntesdesanluis-com\/"},"category_info":"<a href=\"https:\/\/apuntesdesanluis.com\/index.php\/category\/ciudad-provincia\/\" rel=\"category tag\">Ciudad\/Provincia<\/a>","tag_info":"Ciudad\/Provincia","comment_count":"0","_links":{"self":[{"href":"https:\/\/apuntesdesanluis.com\/index.php\/wp-json\/wp\/v2\/posts\/915","targetHints":{"allow":["GET"]}}],"collection":[{"href":"https:\/\/apuntesdesanluis.com\/index.php\/wp-json\/wp\/v2\/posts"}],"about":[{"href":"https:\/\/apuntesdesanluis.com\/index.php\/wp-json\/wp\/v2\/types\/post"}],"author":[{"embeddable":true,"href":"https:\/\/apuntesdesanluis.com\/index.php\/wp-json\/wp\/v2\/users\/1"}],"replies":[{"embeddable":true,"href":"https:\/\/apuntesdesanluis.com\/index.php\/wp-json\/wp\/v2\/comments?post=915"}],"version-history":[{"count":1,"href":"https:\/\/apuntesdesanluis.com\/index.php\/wp-json\/wp\/v2\/posts\/915\/revisions"}],"predecessor-version":[{"id":919,"href":"https:\/\/apuntesdesanluis.com\/index.php\/wp-json\/wp\/v2\/posts\/915\/revisions\/919"}],"wp:featuredmedia":[{"embeddable":true,"href":"https:\/\/apuntesdesanluis.com\/index.php\/wp-json\/wp\/v2\/media\/916"}],"wp:attachment":[{"href":"https:\/\/apuntesdesanluis.com\/index.php\/wp-json\/wp\/v2\/media?parent=915"}],"wp:term":[{"taxonomy":"category","embeddable":true,"href":"https:\/\/apuntesdesanluis.com\/index.php\/wp-json\/wp\/v2\/categories?post=915"},{"taxonomy":"post_tag","embeddable":true,"href":"https:\/\/apuntesdesanluis.com\/index.php\/wp-json\/wp\/v2\/tags?post=915"}],"curies":[{"name":"wp","href":"https:\/\/api.w.org\/{rel}","templated":true}]}}