{"id":9150,"date":"2023-12-28T20:23:51","date_gmt":"2023-12-28T23:23:51","guid":{"rendered":"https:\/\/apuntesdesanluis.com\/?p=9150"},"modified":"2023-12-28T20:23:51","modified_gmt":"2023-12-28T23:23:51","slug":"la-secretaria-de-personas-con-discapacidad-se-reunio-con-escuelas-especiales-de-villa-mercedes","status":"publish","type":"post","link":"https:\/\/apuntesdesanluis.com\/index.php\/2023\/12\/28\/la-secretaria-de-personas-con-discapacidad-se-reunio-con-escuelas-especiales-de-villa-mercedes\/","title":{"rendered":"LA SECRETAR\u00cdA DE PERSONAS CON DISCAPACIDAD SE REUNI\u00d3 CON ESCUELAS ESPECIALES DE VILLA MERCEDES"},"content":{"rendered":"<h3>Su titular, <strong>Luis Giraudo<\/strong>, mantuvo este mi\u00e9rcoles el primer encuentro formal con autoridades de asociaciones que trabajan con personas con discapacidad en Villa Mercedes. El Gobierno les transmiti\u00f3 el compromiso de tomar la discapacidad como una pol\u00edtica de Estado, algo que ya reflej\u00f3 al darle rango ministerial.<\/h3>\n<h3>El Gobierno, a trav\u00e9s de la Secretar\u00eda de Personas con Discapacidad, y las asociaciones que las nuclean se vieron las caras por primera vez. Fue en el Centro de Equinoterapia La Pedrera y cont\u00f3 con la participaci\u00f3n del presidente de ICRED, Alejandro Maranghello; Ver\u00f3nica y Victoria Giuliani, de APAD; Andrea Montero, de Amuyen y por EDAM asisti\u00f3 Mariana Peralta.<\/h3>\n<h3><img fetchpriority=\"high\" decoding=\"async\" class=\"wp-image-9152 aligncenter\" src=\"https:\/\/apuntesdesanluis.com\/wp-content\/uploads\/2023\/12\/ENCUENTRO-CON-INST-300x182.png\" alt=\"\" width=\"709\" height=\"430\" srcset=\"https:\/\/apuntesdesanluis.com\/wp-content\/uploads\/2023\/12\/ENCUENTRO-CON-INST-300x182.png 300w, https:\/\/apuntesdesanluis.com\/wp-content\/uploads\/2023\/12\/ENCUENTRO-CON-INST.png 625w\" sizes=\"(max-width: 709px) 100vw, 709px\" \/><\/h3>\n<h3>Giraudo transmiti\u00f3 el apoyo del Gobierno provincial a estas instituciones y el compromiso de tomar la discapacidad como una pol\u00edtica de Estado, a pesar del complejo contexto econ\u00f3mico.<\/h3>\n<h3>Los referentes expusieron el funcionamiento y objetivos de cada entidad, y plantearon la necesidad de hacer cumplir las leyes vigentes sobre inserci\u00f3n laboral como v\u00eda de inclusi\u00f3n social.<\/h3>\n<h3>El Secretario se comprometi\u00f3 a elevar estas inquietudes al gobernador <strong>Claudio Poggi<\/strong>, al tiempo que acordaron una nueva reuni\u00f3n de trabajo para el 11 de enero en la sede de ICRED, a fin de comenzar a instrumentar los lineamientos debatidos.<\/h3>\n<p>&nbsp;<\/p>\n<p>&nbsp;<\/p>\n<p>&nbsp;<\/p>\n<p>&nbsp;<\/p>\n","protected":false},"excerpt":{"rendered":"<p>Su titular, Luis Giraudo, mantuvo este mi\u00e9rcoles el primer encuentro formal con autoridades de asociaciones&#8230;<\/p>\n","protected":false},"author":1,"featured_media":9151,"comment_status":"closed","ping_status":"closed","sticky":false,"template":"","format":"standard","meta":{"footnotes":""},"categories":[6],"tags":[],"class_list":["post-9150","post","type-post","status-publish","format-standard","has-post-thumbnail","hentry","category-ciudad-provincia"],"yoast_head":"<!-- This site is optimized with the Yoast SEO plugin v26.1.1 - https:\/\/yoast.com\/wordpress\/plugins\/seo\/ -->\n<title>LA SECRETAR\u00cdA DE PERSONAS CON DISCAPACIDAD SE REUNI\u00d3 CON ESCUELAS ESPECIALES DE VILLA MERCEDES - Apuntes de San Luis<\/title>\n<meta name=\"robots\" content=\"index, follow, max-snippet:-1, max-image-preview:large, max-video-preview:-1\" \/>\n<link rel=\"canonical\" href=\"https:\/\/apuntesdesanluis.com\/index.php\/2023\/12\/28\/la-secretaria-de-personas-con-discapacidad-se-reunio-con-escuelas-especiales-de-villa-mercedes\/\" \/>\n<meta property=\"og:locale\" content=\"es_ES\" \/>\n<meta property=\"og:type\" content=\"article\" \/>\n<meta property=\"og:title\" content=\"LA SECRETAR\u00cdA DE PERSONAS CON DISCAPACIDAD SE REUNI\u00d3 CON ESCUELAS ESPECIALES DE VILLA MERCEDES - Apuntes de San Luis\" \/>\n<meta property=\"og:description\" content=\"Su titular, Luis Giraudo, mantuvo este mi\u00e9rcoles el primer encuentro formal con autoridades de asociaciones...\" \/>\n<meta property=\"og:url\" content=\"https:\/\/apuntesdesanluis.com\/index.php\/2023\/12\/28\/la-secretaria-de-personas-con-discapacidad-se-reunio-con-escuelas-especiales-de-villa-mercedes\/\" \/>\n<meta property=\"og:site_name\" content=\"Apuntes de San Luis\" \/>\n<meta property=\"article:published_time\" content=\"2023-12-28T23:23:51+00:00\" \/>\n<meta property=\"og:image\" content=\"https:\/\/apuntesdesanluis.com\/wp-content\/uploads\/2023\/12\/GRUPAL-4.png\" \/>\n\t<meta property=\"og:image:width\" content=\"499\" \/>\n\t<meta property=\"og:image:height\" content=\"283\" \/>\n\t<meta property=\"og:image:type\" content=\"image\/png\" \/>\n<meta name=\"author\" content=\"apuntesdesanluis.com\" \/>\n<meta name=\"twitter:card\" content=\"summary_large_image\" \/>\n<meta name=\"twitter:label1\" content=\"Escrito por\" \/>\n\t<meta name=\"twitter:data1\" content=\"apuntesdesanluis.com\" \/>\n\t<meta name=\"twitter:label2\" content=\"Tiempo de lectura\" \/>\n\t<meta name=\"twitter:data2\" content=\"2 minutos\" \/>\n<script type=\"application\/ld+json\" class=\"yoast-schema-graph\">{\"@context\":\"https:\/\/schema.org\",\"@graph\":[{\"@type\":\"Article\",\"@id\":\"https:\/\/apuntesdesanluis.com\/index.php\/2023\/12\/28\/la-secretaria-de-personas-con-discapacidad-se-reunio-con-escuelas-especiales-de-villa-mercedes\/#article\",\"isPartOf\":{\"@id\":\"https:\/\/apuntesdesanluis.com\/index.php\/2023\/12\/28\/la-secretaria-de-personas-con-discapacidad-se-reunio-con-escuelas-especiales-de-villa-mercedes\/\"},\"author\":{\"name\":\"apuntesdesanluis.com\",\"@id\":\"https:\/\/apuntesdesanluis.com\/#\/schema\/person\/b55151d52296fcce64d1a72538a70b90\"},\"headline\":\"LA SECRETAR\u00cdA DE PERSONAS CON DISCAPACIDAD SE REUNI\u00d3 CON ESCUELAS ESPECIALES DE VILLA MERCEDES\",\"datePublished\":\"2023-12-28T23:23:51+00:00\",\"mainEntityOfPage\":{\"@id\":\"https:\/\/apuntesdesanluis.com\/index.php\/2023\/12\/28\/la-secretaria-de-personas-con-discapacidad-se-reunio-con-escuelas-especiales-de-villa-mercedes\/\"},\"wordCount\":232,\"publisher\":{\"@id\":\"https:\/\/apuntesdesanluis.com\/#\/schema\/person\/b55151d52296fcce64d1a72538a70b90\"},\"image\":{\"@id\":\"https:\/\/apuntesdesanluis.com\/index.php\/2023\/12\/28\/la-secretaria-de-personas-con-discapacidad-se-reunio-con-escuelas-especiales-de-villa-mercedes\/#primaryimage\"},\"thumbnailUrl\":\"https:\/\/apuntesdesanluis.com\/wp-content\/uploads\/2023\/12\/GRUPAL-4.png\",\"articleSection\":[\"Ciudad\/Provincia\"],\"inLanguage\":\"es-AR\"},{\"@type\":\"WebPage\",\"@id\":\"https:\/\/apuntesdesanluis.com\/index.php\/2023\/12\/28\/la-secretaria-de-personas-con-discapacidad-se-reunio-con-escuelas-especiales-de-villa-mercedes\/\",\"url\":\"https:\/\/apuntesdesanluis.com\/index.php\/2023\/12\/28\/la-secretaria-de-personas-con-discapacidad-se-reunio-con-escuelas-especiales-de-villa-mercedes\/\",\"name\":\"LA SECRETAR\u00cdA DE PERSONAS CON DISCAPACIDAD SE REUNI\u00d3 CON ESCUELAS ESPECIALES DE VILLA MERCEDES - Apuntes de San Luis\",\"isPartOf\":{\"@id\":\"https:\/\/apuntesdesanluis.com\/#website\"},\"primaryImageOfPage\":{\"@id\":\"https:\/\/apuntesdesanluis.com\/index.php\/2023\/12\/28\/la-secretaria-de-personas-con-discapacidad-se-reunio-con-escuelas-especiales-de-villa-mercedes\/#primaryimage\"},\"image\":{\"@id\":\"https:\/\/apuntesdesanluis.com\/index.php\/2023\/12\/28\/la-secretaria-de-personas-con-discapacidad-se-reunio-con-escuelas-especiales-de-villa-mercedes\/#primaryimage\"},\"thumbnailUrl\":\"https:\/\/apuntesdesanluis.com\/wp-content\/uploads\/2023\/12\/GRUPAL-4.png\",\"datePublished\":\"2023-12-28T23:23:51+00:00\",\"breadcrumb\":{\"@id\":\"https:\/\/apuntesdesanluis.com\/index.php\/2023\/12\/28\/la-secretaria-de-personas-con-discapacidad-se-reunio-con-escuelas-especiales-de-villa-mercedes\/#breadcrumb\"},\"inLanguage\":\"es-AR\",\"potentialAction\":[{\"@type\":\"ReadAction\",\"target\":[\"https:\/\/apuntesdesanluis.com\/index.php\/2023\/12\/28\/la-secretaria-de-personas-con-discapacidad-se-reunio-con-escuelas-especiales-de-villa-mercedes\/\"]}]},{\"@type\":\"ImageObject\",\"inLanguage\":\"es-AR\",\"@id\":\"https:\/\/apuntesdesanluis.com\/index.php\/2023\/12\/28\/la-secretaria-de-personas-con-discapacidad-se-reunio-con-escuelas-especiales-de-villa-mercedes\/#primaryimage\",\"url\":\"https:\/\/apuntesdesanluis.com\/wp-content\/uploads\/2023\/12\/GRUPAL-4.png\",\"contentUrl\":\"https:\/\/apuntesdesanluis.com\/wp-content\/uploads\/2023\/12\/GRUPAL-4.png\",\"width\":499,\"height\":283},{\"@type\":\"BreadcrumbList\",\"@id\":\"https:\/\/apuntesdesanluis.com\/index.php\/2023\/12\/28\/la-secretaria-de-personas-con-discapacidad-se-reunio-con-escuelas-especiales-de-villa-mercedes\/#breadcrumb\",\"itemListElement\":[{\"@type\":\"ListItem\",\"position\":1,\"name\":\"Inicio\",\"item\":\"https:\/\/apuntesdesanluis.com\/\"},{\"@type\":\"ListItem\",\"position\":2,\"name\":\"LA SECRETAR\u00cdA DE PERSONAS CON DISCAPACIDAD SE REUNI\u00d3 CON ESCUELAS ESPECIALES DE VILLA MERCEDES\"}]},{\"@type\":\"WebSite\",\"@id\":\"https:\/\/apuntesdesanluis.com\/#website\",\"url\":\"https:\/\/apuntesdesanluis.com\/\",\"name\":\"Apuntes de San Luis\",\"description\":\"\",\"publisher\":{\"@id\":\"https:\/\/apuntesdesanluis.com\/#\/schema\/person\/b55151d52296fcce64d1a72538a70b90\"},\"potentialAction\":[{\"@type\":\"SearchAction\",\"target\":{\"@type\":\"EntryPoint\",\"urlTemplate\":\"https:\/\/apuntesdesanluis.com\/?s={search_term_string}\"},\"query-input\":{\"@type\":\"PropertyValueSpecification\",\"valueRequired\":true,\"valueName\":\"search_term_string\"}}],\"inLanguage\":\"es-AR\"},{\"@type\":[\"Person\",\"Organization\"],\"@id\":\"https:\/\/apuntesdesanluis.com\/#\/schema\/person\/b55151d52296fcce64d1a72538a70b90\",\"name\":\"apuntesdesanluis.com\",\"image\":{\"@type\":\"ImageObject\",\"inLanguage\":\"es-AR\",\"@id\":\"https:\/\/apuntesdesanluis.com\/#\/schema\/person\/image\/\",\"url\":\"https:\/\/apuntesdesanluis.com\/wp-content\/uploads\/2023\/07\/cropped-apuntesdesanluis.png\",\"contentUrl\":\"https:\/\/apuntesdesanluis.com\/wp-content\/uploads\/2023\/07\/cropped-apuntesdesanluis.png\",\"width\":450,\"height\":112,\"caption\":\"apuntesdesanluis.com\"},\"logo\":{\"@id\":\"https:\/\/apuntesdesanluis.com\/#\/schema\/person\/image\/\"},\"sameAs\":[\"https:\/\/apuntesdesanluis.com\"],\"url\":\"https:\/\/apuntesdesanluis.com\/index.php\/author\/apuntesdesanluis-com\/\"}]}<\/script>\n<!-- \/ Yoast SEO plugin. -->","yoast_head_json":{"title":"LA SECRETAR\u00cdA DE PERSONAS CON DISCAPACIDAD SE REUNI\u00d3 CON ESCUELAS ESPECIALES DE VILLA MERCEDES - Apuntes de San Luis","robots":{"index":"index","follow":"follow","max-snippet":"max-snippet:-1","max-image-preview":"max-image-preview:large","max-video-preview":"max-video-preview:-1"},"canonical":"https:\/\/apuntesdesanluis.com\/index.php\/2023\/12\/28\/la-secretaria-de-personas-con-discapacidad-se-reunio-con-escuelas-especiales-de-villa-mercedes\/","og_locale":"es_ES","og_type":"article","og_title":"LA SECRETAR\u00cdA DE PERSONAS CON DISCAPACIDAD SE REUNI\u00d3 CON ESCUELAS ESPECIALES DE VILLA MERCEDES - Apuntes de San Luis","og_description":"Su titular, Luis Giraudo, mantuvo este mi\u00e9rcoles el primer encuentro formal con autoridades de asociaciones...","og_url":"https:\/\/apuntesdesanluis.com\/index.php\/2023\/12\/28\/la-secretaria-de-personas-con-discapacidad-se-reunio-con-escuelas-especiales-de-villa-mercedes\/","og_site_name":"Apuntes de San Luis","article_published_time":"2023-12-28T23:23:51+00:00","og_image":[{"width":499,"height":283,"url":"https:\/\/apuntesdesanluis.com\/wp-content\/uploads\/2023\/12\/GRUPAL-4.png","type":"image\/png"}],"author":"apuntesdesanluis.com","twitter_card":"summary_large_image","twitter_misc":{"Escrito por":"apuntesdesanluis.com","Tiempo de lectura":"2 minutos"},"schema":{"@context":"https:\/\/schema.org","@graph":[{"@type":"Article","@id":"https:\/\/apuntesdesanluis.com\/index.php\/2023\/12\/28\/la-secretaria-de-personas-con-discapacidad-se-reunio-con-escuelas-especiales-de-villa-mercedes\/#article","isPartOf":{"@id":"https:\/\/apuntesdesanluis.com\/index.php\/2023\/12\/28\/la-secretaria-de-personas-con-discapacidad-se-reunio-con-escuelas-especiales-de-villa-mercedes\/"},"author":{"name":"apuntesdesanluis.com","@id":"https:\/\/apuntesdesanluis.com\/#\/schema\/person\/b55151d52296fcce64d1a72538a70b90"},"headline":"LA SECRETAR\u00cdA DE PERSONAS CON DISCAPACIDAD SE REUNI\u00d3 CON ESCUELAS ESPECIALES DE VILLA MERCEDES","datePublished":"2023-12-28T23:23:51+00:00","mainEntityOfPage":{"@id":"https:\/\/apuntesdesanluis.com\/index.php\/2023\/12\/28\/la-secretaria-de-personas-con-discapacidad-se-reunio-con-escuelas-especiales-de-villa-mercedes\/"},"wordCount":232,"publisher":{"@id":"https:\/\/apuntesdesanluis.com\/#\/schema\/person\/b55151d52296fcce64d1a72538a70b90"},"image":{"@id":"https:\/\/apuntesdesanluis.com\/index.php\/2023\/12\/28\/la-secretaria-de-personas-con-discapacidad-se-reunio-con-escuelas-especiales-de-villa-mercedes\/#primaryimage"},"thumbnailUrl":"https:\/\/apuntesdesanluis.com\/wp-content\/uploads\/2023\/12\/GRUPAL-4.png","articleSection":["Ciudad\/Provincia"],"inLanguage":"es-AR"},{"@type":"WebPage","@id":"https:\/\/apuntesdesanluis.com\/index.php\/2023\/12\/28\/la-secretaria-de-personas-con-discapacidad-se-reunio-con-escuelas-especiales-de-villa-mercedes\/","url":"https:\/\/apuntesdesanluis.com\/index.php\/2023\/12\/28\/la-secretaria-de-personas-con-discapacidad-se-reunio-con-escuelas-especiales-de-villa-mercedes\/","name":"LA SECRETAR\u00cdA DE PERSONAS CON DISCAPACIDAD SE REUNI\u00d3 CON ESCUELAS ESPECIALES DE VILLA MERCEDES - Apuntes de San Luis","isPartOf":{"@id":"https:\/\/apuntesdesanluis.com\/#website"},"primaryImageOfPage":{"@id":"https:\/\/apuntesdesanluis.com\/index.php\/2023\/12\/28\/la-secretaria-de-personas-con-discapacidad-se-reunio-con-escuelas-especiales-de-villa-mercedes\/#primaryimage"},"image":{"@id":"https:\/\/apuntesdesanluis.com\/index.php\/2023\/12\/28\/la-secretaria-de-personas-con-discapacidad-se-reunio-con-escuelas-especiales-de-villa-mercedes\/#primaryimage"},"thumbnailUrl":"https:\/\/apuntesdesanluis.com\/wp-content\/uploads\/2023\/12\/GRUPAL-4.png","datePublished":"2023-12-28T23:23:51+00:00","breadcrumb":{"@id":"https:\/\/apuntesdesanluis.com\/index.php\/2023\/12\/28\/la-secretaria-de-personas-con-discapacidad-se-reunio-con-escuelas-especiales-de-villa-mercedes\/#breadcrumb"},"inLanguage":"es-AR","potentialAction":[{"@type":"ReadAction","target":["https:\/\/apuntesdesanluis.com\/index.php\/2023\/12\/28\/la-secretaria-de-personas-con-discapacidad-se-reunio-con-escuelas-especiales-de-villa-mercedes\/"]}]},{"@type":"ImageObject","inLanguage":"es-AR","@id":"https:\/\/apuntesdesanluis.com\/index.php\/2023\/12\/28\/la-secretaria-de-personas-con-discapacidad-se-reunio-con-escuelas-especiales-de-villa-mercedes\/#primaryimage","url":"https:\/\/apuntesdesanluis.com\/wp-content\/uploads\/2023\/12\/GRUPAL-4.png","contentUrl":"https:\/\/apuntesdesanluis.com\/wp-content\/uploads\/2023\/12\/GRUPAL-4.png","width":499,"height":283},{"@type":"BreadcrumbList","@id":"https:\/\/apuntesdesanluis.com\/index.php\/2023\/12\/28\/la-secretaria-de-personas-con-discapacidad-se-reunio-con-escuelas-especiales-de-villa-mercedes\/#breadcrumb","itemListElement":[{"@type":"ListItem","position":1,"name":"Inicio","item":"https:\/\/apuntesdesanluis.com\/"},{"@type":"ListItem","position":2,"name":"LA SECRETAR\u00cdA DE PERSONAS CON DISCAPACIDAD SE REUNI\u00d3 CON ESCUELAS ESPECIALES DE VILLA MERCEDES"}]},{"@type":"WebSite","@id":"https:\/\/apuntesdesanluis.com\/#website","url":"https:\/\/apuntesdesanluis.com\/","name":"Apuntes de San Luis","description":"","publisher":{"@id":"https:\/\/apuntesdesanluis.com\/#\/schema\/person\/b55151d52296fcce64d1a72538a70b90"},"potentialAction":[{"@type":"SearchAction","target":{"@type":"EntryPoint","urlTemplate":"https:\/\/apuntesdesanluis.com\/?s={search_term_string}"},"query-input":{"@type":"PropertyValueSpecification","valueRequired":true,"valueName":"search_term_string"}}],"inLanguage":"es-AR"},{"@type":["Person","Organization"],"@id":"https:\/\/apuntesdesanluis.com\/#\/schema\/person\/b55151d52296fcce64d1a72538a70b90","name":"apuntesdesanluis.com","image":{"@type":"ImageObject","inLanguage":"es-AR","@id":"https:\/\/apuntesdesanluis.com\/#\/schema\/person\/image\/","url":"https:\/\/apuntesdesanluis.com\/wp-content\/uploads\/2023\/07\/cropped-apuntesdesanluis.png","contentUrl":"https:\/\/apuntesdesanluis.com\/wp-content\/uploads\/2023\/07\/cropped-apuntesdesanluis.png","width":450,"height":112,"caption":"apuntesdesanluis.com"},"logo":{"@id":"https:\/\/apuntesdesanluis.com\/#\/schema\/person\/image\/"},"sameAs":["https:\/\/apuntesdesanluis.com"],"url":"https:\/\/apuntesdesanluis.com\/index.php\/author\/apuntesdesanluis-com\/"}]}},"featured_image_urls":{"full":["https:\/\/apuntesdesanluis.com\/wp-content\/uploads\/2023\/12\/GRUPAL-4.png",499,283,false],"thumbnail":["https:\/\/apuntesdesanluis.com\/wp-content\/uploads\/2023\/12\/GRUPAL-4-150x150.png",150,150,true],"medium":["https:\/\/apuntesdesanluis.com\/wp-content\/uploads\/2023\/12\/GRUPAL-4-300x170.png",300,170,true],"medium_large":["https:\/\/apuntesdesanluis.com\/wp-content\/uploads\/2023\/12\/GRUPAL-4.png",499,283,false],"large":["https:\/\/apuntesdesanluis.com\/wp-content\/uploads\/2023\/12\/GRUPAL-4.png",499,283,false],"1536x1536":["https:\/\/apuntesdesanluis.com\/wp-content\/uploads\/2023\/12\/GRUPAL-4.png",499,283,false],"2048x2048":["https:\/\/apuntesdesanluis.com\/wp-content\/uploads\/2023\/12\/GRUPAL-4.png",499,283,false],"newsever-slider-full":["https:\/\/apuntesdesanluis.com\/wp-content\/uploads\/2023\/12\/GRUPAL-4.png",499,283,false],"newsever-featured":["https:\/\/apuntesdesanluis.com\/wp-content\/uploads\/2023\/12\/GRUPAL-4.png",499,283,false],"newsever-medium":["https:\/\/apuntesdesanluis.com\/wp-content\/uploads\/2023\/12\/GRUPAL-4.png",499,283,false]},"author_info":{"display_name":"apuntesdesanluis.com","author_link":"https:\/\/apuntesdesanluis.com\/index.php\/author\/apuntesdesanluis-com\/"},"category_info":"<a href=\"https:\/\/apuntesdesanluis.com\/index.php\/category\/ciudad-provincia\/\" rel=\"category tag\">Ciudad\/Provincia<\/a>","tag_info":"Ciudad\/Provincia","comment_count":"0","_links":{"self":[{"href":"https:\/\/apuntesdesanluis.com\/index.php\/wp-json\/wp\/v2\/posts\/9150","targetHints":{"allow":["GET"]}}],"collection":[{"href":"https:\/\/apuntesdesanluis.com\/index.php\/wp-json\/wp\/v2\/posts"}],"about":[{"href":"https:\/\/apuntesdesanluis.com\/index.php\/wp-json\/wp\/v2\/types\/post"}],"author":[{"embeddable":true,"href":"https:\/\/apuntesdesanluis.com\/index.php\/wp-json\/wp\/v2\/users\/1"}],"replies":[{"embeddable":true,"href":"https:\/\/apuntesdesanluis.com\/index.php\/wp-json\/wp\/v2\/comments?post=9150"}],"version-history":[{"count":1,"href":"https:\/\/apuntesdesanluis.com\/index.php\/wp-json\/wp\/v2\/posts\/9150\/revisions"}],"predecessor-version":[{"id":9153,"href":"https:\/\/apuntesdesanluis.com\/index.php\/wp-json\/wp\/v2\/posts\/9150\/revisions\/9153"}],"wp:featuredmedia":[{"embeddable":true,"href":"https:\/\/apuntesdesanluis.com\/index.php\/wp-json\/wp\/v2\/media\/9151"}],"wp:attachment":[{"href":"https:\/\/apuntesdesanluis.com\/index.php\/wp-json\/wp\/v2\/media?parent=9150"}],"wp:term":[{"taxonomy":"category","embeddable":true,"href":"https:\/\/apuntesdesanluis.com\/index.php\/wp-json\/wp\/v2\/categories?post=9150"},{"taxonomy":"post_tag","embeddable":true,"href":"https:\/\/apuntesdesanluis.com\/index.php\/wp-json\/wp\/v2\/tags?post=9150"}],"curies":[{"name":"wp","href":"https:\/\/api.w.org\/{rel}","templated":true}]}}