{"id":9163,"date":"2023-12-28T20:39:32","date_gmt":"2023-12-28T23:39:32","guid":{"rendered":"https:\/\/apuntesdesanluis.com\/?p=9163"},"modified":"2023-12-28T20:39:32","modified_gmt":"2023-12-28T23:39:32","slug":"el-director-de-relaciones-laborales-se-reunio-con-representantes-de-asimra","status":"publish","type":"post","link":"https:\/\/apuntesdesanluis.com\/index.php\/2023\/12\/28\/el-director-de-relaciones-laborales-se-reunio-con-representantes-de-asimra\/","title":{"rendered":"EL DIRECTOR DE RELACIONES LABORALES SE REUNI\u00d3 CON REPRESENTANTES DE ASIMRA"},"content":{"rendered":"<h3>Las autoridades de la Direcci\u00f3n de Relaciones Laborales se reunieron con representantes de la Asociaci\u00f3n de Supervisores de la Industria Metalmec\u00e1nica de la Rep\u00fablica Argentina (ASIMRA).<\/h3>\n<h3>La reuni\u00f3n, encabezada por el director <strong>Alberto Lindow<\/strong>, y la subdirectora de la 1\u00b0 Circunscripci\u00f3n, <strong>Ivana Balmaceda<\/strong>, marc\u00f3 el cierre de a\u00f1o de una serie de encuentros estrat\u00e9gicos con diversas asociaciones sindicales. En representaci\u00f3n de ASIMRA, participaron el secretario general, Roberto Alivio, y el integrante de la comisi\u00f3n de la asociaci\u00f3n sindical, Roberto Carlos Cavallerolos.<\/h3>\n<h3>Este ciclo de reuniones tuvo el prop\u00f3sito de establecer un di\u00e1logo constructivo y fomentar la colaboraci\u00f3n, en consonancia con el convenio establecido entre la Provincia de San Luis y la Superintendencia de Riesgo de Trabajo.<\/h3>\n<h3>Este acuerdo busca reducir la siniestralidad, mejorar las condiciones laborales, fortalecer las capacitaciones y abordar las problem\u00e1ticas espec\u00edficas de cada gremio, como conflictos colectivos, inspecciones y audiencias, entre otros aspectos relevantes para el \u00e1mbito laboral.<\/h3>\n<h3>Cabe mencionar que la Direcci\u00f3n de Relaciones Laborales mantuvo encuentros con otras importantes organizaciones sindicales como la Asociaci\u00f3n Obrera Minera Argentina (AOMA), el Sindicato Argentino de Docentes Particulares (SADOP), la Uni\u00f3n Tranviarios Automotor (UTA), la Uni\u00f3n Obrera Metal\u00fargica (UOM), el Sindicato Uni\u00f3n Obrera de Estaciones de Servicios (SUOES) y Seguridad Privada.<\/h3>\n<p>&nbsp;<\/p>\n<p>&nbsp;<\/p>\n<p>&nbsp;<\/p>\n","protected":false},"excerpt":{"rendered":"<p>Las autoridades de la Direcci\u00f3n de Relaciones Laborales se reunieron con representantes de la Asociaci\u00f3n&#8230;<\/p>\n","protected":false},"author":1,"featured_media":9164,"comment_status":"closed","ping_status":"closed","sticky":false,"template":"","format":"standard","meta":{"footnotes":""},"categories":[6],"tags":[],"class_list":["post-9163","post","type-post","status-publish","format-standard","has-post-thumbnail","hentry","category-ciudad-provincia"],"yoast_head":"<!-- This site is optimized with the Yoast SEO plugin v26.1.1 - https:\/\/yoast.com\/wordpress\/plugins\/seo\/ -->\n<title>EL DIRECTOR DE RELACIONES LABORALES SE REUNI\u00d3 CON REPRESENTANTES DE ASIMRA - Apuntes de San Luis<\/title>\n<meta name=\"robots\" content=\"index, follow, max-snippet:-1, max-image-preview:large, max-video-preview:-1\" \/>\n<link rel=\"canonical\" href=\"https:\/\/apuntesdesanluis.com\/index.php\/2023\/12\/28\/el-director-de-relaciones-laborales-se-reunio-con-representantes-de-asimra\/\" \/>\n<meta property=\"og:locale\" content=\"es_ES\" \/>\n<meta property=\"og:type\" content=\"article\" \/>\n<meta property=\"og:title\" content=\"EL DIRECTOR DE RELACIONES LABORALES SE REUNI\u00d3 CON REPRESENTANTES DE ASIMRA - Apuntes de San Luis\" \/>\n<meta property=\"og:description\" content=\"Las autoridades de la Direcci\u00f3n de Relaciones Laborales se reunieron con representantes de la Asociaci\u00f3n...\" \/>\n<meta property=\"og:url\" content=\"https:\/\/apuntesdesanluis.com\/index.php\/2023\/12\/28\/el-director-de-relaciones-laborales-se-reunio-con-representantes-de-asimra\/\" \/>\n<meta property=\"og:site_name\" content=\"Apuntes de San Luis\" \/>\n<meta property=\"article:published_time\" content=\"2023-12-28T23:39:32+00:00\" \/>\n<meta property=\"og:image\" content=\"https:\/\/apuntesdesanluis.com\/wp-content\/uploads\/2023\/12\/LINDOW.png\" \/>\n\t<meta property=\"og:image:width\" content=\"600\" \/>\n\t<meta property=\"og:image:height\" content=\"323\" \/>\n\t<meta property=\"og:image:type\" content=\"image\/png\" \/>\n<meta name=\"author\" content=\"apuntesdesanluis.com\" \/>\n<meta name=\"twitter:card\" content=\"summary_large_image\" \/>\n<meta name=\"twitter:label1\" content=\"Escrito por\" \/>\n\t<meta name=\"twitter:data1\" content=\"apuntesdesanluis.com\" \/>\n\t<meta name=\"twitter:label2\" content=\"Tiempo de lectura\" \/>\n\t<meta name=\"twitter:data2\" content=\"1 minuto\" \/>\n<script type=\"application\/ld+json\" class=\"yoast-schema-graph\">{\"@context\":\"https:\/\/schema.org\",\"@graph\":[{\"@type\":\"Article\",\"@id\":\"https:\/\/apuntesdesanluis.com\/index.php\/2023\/12\/28\/el-director-de-relaciones-laborales-se-reunio-con-representantes-de-asimra\/#article\",\"isPartOf\":{\"@id\":\"https:\/\/apuntesdesanluis.com\/index.php\/2023\/12\/28\/el-director-de-relaciones-laborales-se-reunio-con-representantes-de-asimra\/\"},\"author\":{\"name\":\"apuntesdesanluis.com\",\"@id\":\"https:\/\/apuntesdesanluis.com\/#\/schema\/person\/b55151d52296fcce64d1a72538a70b90\"},\"headline\":\"EL DIRECTOR DE RELACIONES LABORALES SE REUNI\u00d3 CON REPRESENTANTES DE ASIMRA\",\"datePublished\":\"2023-12-28T23:39:32+00:00\",\"mainEntityOfPage\":{\"@id\":\"https:\/\/apuntesdesanluis.com\/index.php\/2023\/12\/28\/el-director-de-relaciones-laborales-se-reunio-con-representantes-de-asimra\/\"},\"wordCount\":237,\"publisher\":{\"@id\":\"https:\/\/apuntesdesanluis.com\/#\/schema\/person\/b55151d52296fcce64d1a72538a70b90\"},\"image\":{\"@id\":\"https:\/\/apuntesdesanluis.com\/index.php\/2023\/12\/28\/el-director-de-relaciones-laborales-se-reunio-con-representantes-de-asimra\/#primaryimage\"},\"thumbnailUrl\":\"https:\/\/apuntesdesanluis.com\/wp-content\/uploads\/2023\/12\/LINDOW.png\",\"articleSection\":[\"Ciudad\/Provincia\"],\"inLanguage\":\"es-AR\"},{\"@type\":\"WebPage\",\"@id\":\"https:\/\/apuntesdesanluis.com\/index.php\/2023\/12\/28\/el-director-de-relaciones-laborales-se-reunio-con-representantes-de-asimra\/\",\"url\":\"https:\/\/apuntesdesanluis.com\/index.php\/2023\/12\/28\/el-director-de-relaciones-laborales-se-reunio-con-representantes-de-asimra\/\",\"name\":\"EL DIRECTOR DE RELACIONES LABORALES SE REUNI\u00d3 CON REPRESENTANTES DE ASIMRA - Apuntes de San Luis\",\"isPartOf\":{\"@id\":\"https:\/\/apuntesdesanluis.com\/#website\"},\"primaryImageOfPage\":{\"@id\":\"https:\/\/apuntesdesanluis.com\/index.php\/2023\/12\/28\/el-director-de-relaciones-laborales-se-reunio-con-representantes-de-asimra\/#primaryimage\"},\"image\":{\"@id\":\"https:\/\/apuntesdesanluis.com\/index.php\/2023\/12\/28\/el-director-de-relaciones-laborales-se-reunio-con-representantes-de-asimra\/#primaryimage\"},\"thumbnailUrl\":\"https:\/\/apuntesdesanluis.com\/wp-content\/uploads\/2023\/12\/LINDOW.png\",\"datePublished\":\"2023-12-28T23:39:32+00:00\",\"breadcrumb\":{\"@id\":\"https:\/\/apuntesdesanluis.com\/index.php\/2023\/12\/28\/el-director-de-relaciones-laborales-se-reunio-con-representantes-de-asimra\/#breadcrumb\"},\"inLanguage\":\"es-AR\",\"potentialAction\":[{\"@type\":\"ReadAction\",\"target\":[\"https:\/\/apuntesdesanluis.com\/index.php\/2023\/12\/28\/el-director-de-relaciones-laborales-se-reunio-con-representantes-de-asimra\/\"]}]},{\"@type\":\"ImageObject\",\"inLanguage\":\"es-AR\",\"@id\":\"https:\/\/apuntesdesanluis.com\/index.php\/2023\/12\/28\/el-director-de-relaciones-laborales-se-reunio-con-representantes-de-asimra\/#primaryimage\",\"url\":\"https:\/\/apuntesdesanluis.com\/wp-content\/uploads\/2023\/12\/LINDOW.png\",\"contentUrl\":\"https:\/\/apuntesdesanluis.com\/wp-content\/uploads\/2023\/12\/LINDOW.png\",\"width\":600,\"height\":323},{\"@type\":\"BreadcrumbList\",\"@id\":\"https:\/\/apuntesdesanluis.com\/index.php\/2023\/12\/28\/el-director-de-relaciones-laborales-se-reunio-con-representantes-de-asimra\/#breadcrumb\",\"itemListElement\":[{\"@type\":\"ListItem\",\"position\":1,\"name\":\"Inicio\",\"item\":\"https:\/\/apuntesdesanluis.com\/\"},{\"@type\":\"ListItem\",\"position\":2,\"name\":\"EL DIRECTOR DE RELACIONES LABORALES SE REUNI\u00d3 CON REPRESENTANTES DE ASIMRA\"}]},{\"@type\":\"WebSite\",\"@id\":\"https:\/\/apuntesdesanluis.com\/#website\",\"url\":\"https:\/\/apuntesdesanluis.com\/\",\"name\":\"Apuntes de San Luis\",\"description\":\"\",\"publisher\":{\"@id\":\"https:\/\/apuntesdesanluis.com\/#\/schema\/person\/b55151d52296fcce64d1a72538a70b90\"},\"potentialAction\":[{\"@type\":\"SearchAction\",\"target\":{\"@type\":\"EntryPoint\",\"urlTemplate\":\"https:\/\/apuntesdesanluis.com\/?s={search_term_string}\"},\"query-input\":{\"@type\":\"PropertyValueSpecification\",\"valueRequired\":true,\"valueName\":\"search_term_string\"}}],\"inLanguage\":\"es-AR\"},{\"@type\":[\"Person\",\"Organization\"],\"@id\":\"https:\/\/apuntesdesanluis.com\/#\/schema\/person\/b55151d52296fcce64d1a72538a70b90\",\"name\":\"apuntesdesanluis.com\",\"image\":{\"@type\":\"ImageObject\",\"inLanguage\":\"es-AR\",\"@id\":\"https:\/\/apuntesdesanluis.com\/#\/schema\/person\/image\/\",\"url\":\"https:\/\/apuntesdesanluis.com\/wp-content\/uploads\/2023\/07\/cropped-apuntesdesanluis.png\",\"contentUrl\":\"https:\/\/apuntesdesanluis.com\/wp-content\/uploads\/2023\/07\/cropped-apuntesdesanluis.png\",\"width\":450,\"height\":112,\"caption\":\"apuntesdesanluis.com\"},\"logo\":{\"@id\":\"https:\/\/apuntesdesanluis.com\/#\/schema\/person\/image\/\"},\"sameAs\":[\"https:\/\/apuntesdesanluis.com\"],\"url\":\"https:\/\/apuntesdesanluis.com\/index.php\/author\/apuntesdesanluis-com\/\"}]}<\/script>\n<!-- \/ Yoast SEO plugin. -->","yoast_head_json":{"title":"EL DIRECTOR DE RELACIONES LABORALES SE REUNI\u00d3 CON REPRESENTANTES DE ASIMRA - Apuntes de San Luis","robots":{"index":"index","follow":"follow","max-snippet":"max-snippet:-1","max-image-preview":"max-image-preview:large","max-video-preview":"max-video-preview:-1"},"canonical":"https:\/\/apuntesdesanluis.com\/index.php\/2023\/12\/28\/el-director-de-relaciones-laborales-se-reunio-con-representantes-de-asimra\/","og_locale":"es_ES","og_type":"article","og_title":"EL DIRECTOR DE RELACIONES LABORALES SE REUNI\u00d3 CON REPRESENTANTES DE ASIMRA - Apuntes de San Luis","og_description":"Las autoridades de la Direcci\u00f3n de Relaciones Laborales se reunieron con representantes de la Asociaci\u00f3n...","og_url":"https:\/\/apuntesdesanluis.com\/index.php\/2023\/12\/28\/el-director-de-relaciones-laborales-se-reunio-con-representantes-de-asimra\/","og_site_name":"Apuntes de San Luis","article_published_time":"2023-12-28T23:39:32+00:00","og_image":[{"width":600,"height":323,"url":"https:\/\/apuntesdesanluis.com\/wp-content\/uploads\/2023\/12\/LINDOW.png","type":"image\/png"}],"author":"apuntesdesanluis.com","twitter_card":"summary_large_image","twitter_misc":{"Escrito por":"apuntesdesanluis.com","Tiempo de lectura":"1 minuto"},"schema":{"@context":"https:\/\/schema.org","@graph":[{"@type":"Article","@id":"https:\/\/apuntesdesanluis.com\/index.php\/2023\/12\/28\/el-director-de-relaciones-laborales-se-reunio-con-representantes-de-asimra\/#article","isPartOf":{"@id":"https:\/\/apuntesdesanluis.com\/index.php\/2023\/12\/28\/el-director-de-relaciones-laborales-se-reunio-con-representantes-de-asimra\/"},"author":{"name":"apuntesdesanluis.com","@id":"https:\/\/apuntesdesanluis.com\/#\/schema\/person\/b55151d52296fcce64d1a72538a70b90"},"headline":"EL DIRECTOR DE RELACIONES LABORALES SE REUNI\u00d3 CON REPRESENTANTES DE ASIMRA","datePublished":"2023-12-28T23:39:32+00:00","mainEntityOfPage":{"@id":"https:\/\/apuntesdesanluis.com\/index.php\/2023\/12\/28\/el-director-de-relaciones-laborales-se-reunio-con-representantes-de-asimra\/"},"wordCount":237,"publisher":{"@id":"https:\/\/apuntesdesanluis.com\/#\/schema\/person\/b55151d52296fcce64d1a72538a70b90"},"image":{"@id":"https:\/\/apuntesdesanluis.com\/index.php\/2023\/12\/28\/el-director-de-relaciones-laborales-se-reunio-con-representantes-de-asimra\/#primaryimage"},"thumbnailUrl":"https:\/\/apuntesdesanluis.com\/wp-content\/uploads\/2023\/12\/LINDOW.png","articleSection":["Ciudad\/Provincia"],"inLanguage":"es-AR"},{"@type":"WebPage","@id":"https:\/\/apuntesdesanluis.com\/index.php\/2023\/12\/28\/el-director-de-relaciones-laborales-se-reunio-con-representantes-de-asimra\/","url":"https:\/\/apuntesdesanluis.com\/index.php\/2023\/12\/28\/el-director-de-relaciones-laborales-se-reunio-con-representantes-de-asimra\/","name":"EL DIRECTOR DE RELACIONES LABORALES SE REUNI\u00d3 CON REPRESENTANTES DE ASIMRA - Apuntes de San Luis","isPartOf":{"@id":"https:\/\/apuntesdesanluis.com\/#website"},"primaryImageOfPage":{"@id":"https:\/\/apuntesdesanluis.com\/index.php\/2023\/12\/28\/el-director-de-relaciones-laborales-se-reunio-con-representantes-de-asimra\/#primaryimage"},"image":{"@id":"https:\/\/apuntesdesanluis.com\/index.php\/2023\/12\/28\/el-director-de-relaciones-laborales-se-reunio-con-representantes-de-asimra\/#primaryimage"},"thumbnailUrl":"https:\/\/apuntesdesanluis.com\/wp-content\/uploads\/2023\/12\/LINDOW.png","datePublished":"2023-12-28T23:39:32+00:00","breadcrumb":{"@id":"https:\/\/apuntesdesanluis.com\/index.php\/2023\/12\/28\/el-director-de-relaciones-laborales-se-reunio-con-representantes-de-asimra\/#breadcrumb"},"inLanguage":"es-AR","potentialAction":[{"@type":"ReadAction","target":["https:\/\/apuntesdesanluis.com\/index.php\/2023\/12\/28\/el-director-de-relaciones-laborales-se-reunio-con-representantes-de-asimra\/"]}]},{"@type":"ImageObject","inLanguage":"es-AR","@id":"https:\/\/apuntesdesanluis.com\/index.php\/2023\/12\/28\/el-director-de-relaciones-laborales-se-reunio-con-representantes-de-asimra\/#primaryimage","url":"https:\/\/apuntesdesanluis.com\/wp-content\/uploads\/2023\/12\/LINDOW.png","contentUrl":"https:\/\/apuntesdesanluis.com\/wp-content\/uploads\/2023\/12\/LINDOW.png","width":600,"height":323},{"@type":"BreadcrumbList","@id":"https:\/\/apuntesdesanluis.com\/index.php\/2023\/12\/28\/el-director-de-relaciones-laborales-se-reunio-con-representantes-de-asimra\/#breadcrumb","itemListElement":[{"@type":"ListItem","position":1,"name":"Inicio","item":"https:\/\/apuntesdesanluis.com\/"},{"@type":"ListItem","position":2,"name":"EL DIRECTOR DE RELACIONES LABORALES SE REUNI\u00d3 CON REPRESENTANTES DE ASIMRA"}]},{"@type":"WebSite","@id":"https:\/\/apuntesdesanluis.com\/#website","url":"https:\/\/apuntesdesanluis.com\/","name":"Apuntes de San Luis","description":"","publisher":{"@id":"https:\/\/apuntesdesanluis.com\/#\/schema\/person\/b55151d52296fcce64d1a72538a70b90"},"potentialAction":[{"@type":"SearchAction","target":{"@type":"EntryPoint","urlTemplate":"https:\/\/apuntesdesanluis.com\/?s={search_term_string}"},"query-input":{"@type":"PropertyValueSpecification","valueRequired":true,"valueName":"search_term_string"}}],"inLanguage":"es-AR"},{"@type":["Person","Organization"],"@id":"https:\/\/apuntesdesanluis.com\/#\/schema\/person\/b55151d52296fcce64d1a72538a70b90","name":"apuntesdesanluis.com","image":{"@type":"ImageObject","inLanguage":"es-AR","@id":"https:\/\/apuntesdesanluis.com\/#\/schema\/person\/image\/","url":"https:\/\/apuntesdesanluis.com\/wp-content\/uploads\/2023\/07\/cropped-apuntesdesanluis.png","contentUrl":"https:\/\/apuntesdesanluis.com\/wp-content\/uploads\/2023\/07\/cropped-apuntesdesanluis.png","width":450,"height":112,"caption":"apuntesdesanluis.com"},"logo":{"@id":"https:\/\/apuntesdesanluis.com\/#\/schema\/person\/image\/"},"sameAs":["https:\/\/apuntesdesanluis.com"],"url":"https:\/\/apuntesdesanluis.com\/index.php\/author\/apuntesdesanluis-com\/"}]}},"featured_image_urls":{"full":["https:\/\/apuntesdesanluis.com\/wp-content\/uploads\/2023\/12\/LINDOW.png",600,323,false],"thumbnail":["https:\/\/apuntesdesanluis.com\/wp-content\/uploads\/2023\/12\/LINDOW-150x150.png",150,150,true],"medium":["https:\/\/apuntesdesanluis.com\/wp-content\/uploads\/2023\/12\/LINDOW-300x162.png",300,162,true],"medium_large":["https:\/\/apuntesdesanluis.com\/wp-content\/uploads\/2023\/12\/LINDOW.png",600,323,false],"large":["https:\/\/apuntesdesanluis.com\/wp-content\/uploads\/2023\/12\/LINDOW.png",600,323,false],"1536x1536":["https:\/\/apuntesdesanluis.com\/wp-content\/uploads\/2023\/12\/LINDOW.png",600,323,false],"2048x2048":["https:\/\/apuntesdesanluis.com\/wp-content\/uploads\/2023\/12\/LINDOW.png",600,323,false],"newsever-slider-full":["https:\/\/apuntesdesanluis.com\/wp-content\/uploads\/2023\/12\/LINDOW.png",600,323,false],"newsever-featured":["https:\/\/apuntesdesanluis.com\/wp-content\/uploads\/2023\/12\/LINDOW.png",600,323,false],"newsever-medium":["https:\/\/apuntesdesanluis.com\/wp-content\/uploads\/2023\/12\/LINDOW.png",600,323,false]},"author_info":{"display_name":"apuntesdesanluis.com","author_link":"https:\/\/apuntesdesanluis.com\/index.php\/author\/apuntesdesanluis-com\/"},"category_info":"<a href=\"https:\/\/apuntesdesanluis.com\/index.php\/category\/ciudad-provincia\/\" rel=\"category tag\">Ciudad\/Provincia<\/a>","tag_info":"Ciudad\/Provincia","comment_count":"0","_links":{"self":[{"href":"https:\/\/apuntesdesanluis.com\/index.php\/wp-json\/wp\/v2\/posts\/9163","targetHints":{"allow":["GET"]}}],"collection":[{"href":"https:\/\/apuntesdesanluis.com\/index.php\/wp-json\/wp\/v2\/posts"}],"about":[{"href":"https:\/\/apuntesdesanluis.com\/index.php\/wp-json\/wp\/v2\/types\/post"}],"author":[{"embeddable":true,"href":"https:\/\/apuntesdesanluis.com\/index.php\/wp-json\/wp\/v2\/users\/1"}],"replies":[{"embeddable":true,"href":"https:\/\/apuntesdesanluis.com\/index.php\/wp-json\/wp\/v2\/comments?post=9163"}],"version-history":[{"count":1,"href":"https:\/\/apuntesdesanluis.com\/index.php\/wp-json\/wp\/v2\/posts\/9163\/revisions"}],"predecessor-version":[{"id":9165,"href":"https:\/\/apuntesdesanluis.com\/index.php\/wp-json\/wp\/v2\/posts\/9163\/revisions\/9165"}],"wp:featuredmedia":[{"embeddable":true,"href":"https:\/\/apuntesdesanluis.com\/index.php\/wp-json\/wp\/v2\/media\/9164"}],"wp:attachment":[{"href":"https:\/\/apuntesdesanluis.com\/index.php\/wp-json\/wp\/v2\/media?parent=9163"}],"wp:term":[{"taxonomy":"category","embeddable":true,"href":"https:\/\/apuntesdesanluis.com\/index.php\/wp-json\/wp\/v2\/categories?post=9163"},{"taxonomy":"post_tag","embeddable":true,"href":"https:\/\/apuntesdesanluis.com\/index.php\/wp-json\/wp\/v2\/tags?post=9163"}],"curies":[{"name":"wp","href":"https:\/\/api.w.org\/{rel}","templated":true}]}}