{"id":9177,"date":"2023-12-28T21:07:40","date_gmt":"2023-12-29T00:07:40","guid":{"rendered":"https:\/\/apuntesdesanluis.com\/?p=9177"},"modified":"2023-12-28T21:07:40","modified_gmt":"2023-12-29T00:07:40","slug":"un-diputado-mendocino-asumio-su-banca-y-sesiono-por-zoom-desde-una-playa-del-caribe","status":"publish","type":"post","link":"https:\/\/apuntesdesanluis.com\/index.php\/2023\/12\/28\/un-diputado-mendocino-asumio-su-banca-y-sesiono-por-zoom-desde-una-playa-del-caribe\/","title":{"rendered":"UN DIPUTADO MENDOCINO ASUMI\u00d3 SU BANCA Y SESION\u00d3 POR ZOOM DESDE UNA PLAYA DEL CARIBE"},"content":{"rendered":"<h3>Se trata del radical <strong>Miguel Ronco<\/strong>, que asumi\u00f3 hace diez d\u00edas y ahora est\u00e1 de vacaciones en Playa del C\u00e1rmen; fuertes cr\u00edticas del resto de los legisladores.<\/h3>\n<h3>Asumi\u00f3 la banca y se fue a un destino paradis\u00edaco, antes del receso veraniego. As\u00ed ocurri\u00f3 con un exintendente radical mendocino tras jurar como diputado provincial y avisar a la Legislatura que part\u00eda al caribe mexicano, agreg\u00e1ndole un condimento especial, para no desconectarse del todo y evitar el pedido de licencia por vacaciones: sesionar por zoom desde la playa.<\/h3>\n<h3>El llamativo episodio, que ha generado gran controversia en la provincia cuyana por el contexto de crisis que vive el pa\u00eds y el reclamo popular de mayores gestos de austeridad a los pol\u00edticos, motiv\u00f3 a que las autoridades de la C\u00e1mara baja, en medio de la incomodidad que les provoc\u00f3 su correligionario, le pusieran fin a los \u201cabusos\u201d con la herramienta virtual habilitada durante la pandemia de coronavirus.<\/h3>\n<h3>Se trata del ex jefe comunal de Rivadavia Miguel Ronco, quien goza por estos d\u00edas de un descanso en Playa del Carmen junto con su familia. El flamante legislador dio aviso formal a la Casa de las Leyes que se ausentar\u00eda f\u00edsicamente desde el 15 hasta el 29 de diciembre, por lo que solicit\u00f3 conectarse de manera remota, a tono con la normativa vigente, con el objetivo de no sufrir descuentos en el bono de sueldo y arrancar las vacaciones oficiales en enero. Esto se concret\u00f3 el pasado mi\u00e9rcoles 20 de diciembre, lo que encendi\u00f3 la pol\u00e9mica interna y el malestar de sus detractores, quienes p\u00fablicamente salieron a cuestionarlo.<\/h3>\n<h3>As\u00ed, tras conocerse el caso de Ronco, desde Diputados pusieron sobre la mesa una medida que ya ven\u00edan analizando frente al \u201cdesmedido aprovechamiento\u201d que hac\u00edan diversos legisladores de la posibilidad de conectarse a distancia para presenciar las sesiones, sistema que hab\u00eda tomado fuerza y notoriedad durante la pandemia. De todas maneras, la nueva disposici\u00f3n que limita el uso de la plataforma digital a casos de \u201cextrema necesidad\u201d, vinculados principalmente a la salud, para lograr que todos est\u00e9n a sus puestos al momento de sesionar, reci\u00e9n comenzar\u00e1 a regir tras el regreso del receso estival, a comienzos de febrero, seg\u00fan indicaron fuentes legislativas. Por caso, en el Senado mendocino ya estaba vigente la presencialidad, y ahora la har\u00e1n extensiva a las reuniones de comisiones.<\/h3>\n<h3>El viaje lleg\u00f3 para Ronco a menos de 10 d\u00edas de asumir en la banca, mientras que el regreso lo previ\u00f3 para el \u00faltimo d\u00eda h\u00e1bil del a\u00f1o, ya que la Legislatura cierra sus puertas durante todo el mes de enero, sin contar las dos semanas en julio. Las fuentes consultadas indicaron que el ex cacique ya ten\u00eda previsto el paseo familiar, incluso antes de integrar las listas legislativas, por lo que se pleg\u00f3 a la normativa para que el periplo pasara desapercibido. Sus compa\u00f1eros consideran que \u201cactu\u00f3 bajo los par\u00e1metros legales, pero no morales\u201d.<\/h3>\n<h3>De esta manera, mientras el legislador disfrutaba del sol mexicano, comenz\u00f3 una lluvia torrencial de cr\u00edticas; algunas puertas adentro de los radicales, reconociendo que el comportamiento de Ronco \u201ces una mala se\u00f1al de la pol\u00edtica hacia la sociedad\u201d. Quien sali\u00f3 con los tapones de punta es el legislador del Frente de Izquierda, Lautaro Jim\u00e9nez, quien viraliz\u00f3 incluso la carta de Ronco, donde queda hecho el pedido formal de salida del pa\u00eds.<\/h3>\n<h3>En tanto, uno de los que denunci\u00f3 el aprovechamiento de Ronco fue el legislador del Frente de Izquierda, <strong>Lautaro Jim\u00e9nez<\/strong>, quien hizo p\u00fablica la carta del diputado mendocino donde pide formalmente la salida del pa\u00eds.<\/h3>\n<h3>&#8220;El Diputado mendocino Miguel Ronco pidi\u00f3 sesionar de forma virtual desde Playa del Carmen, M\u00e9xico, donde est\u00e1 de vacaciones. En Mayo tuve que denunciarlo en el INADI y pedir que realice tareas comunitarias por tratar a los docentes de &#8220;tramposos&#8221;, &#8220;deshonestos&#8221; y \u201cestafadores\u201d&#8221;, apunt\u00f3 Jim\u00e9nez en su cuenta de X.<\/h3>\n<p><img fetchpriority=\"high\" decoding=\"async\" class=\"wp-image-9178 aligncenter\" src=\"https:\/\/apuntesdesanluis.com\/wp-content\/uploads\/2023\/12\/TUIT-1-209x300.png\" alt=\"\" width=\"588\" height=\"844\" \/><\/p>\n<p>&nbsp;<\/p>\n<p>&nbsp;<\/p>\n<p>&nbsp;<\/p>\n","protected":false},"excerpt":{"rendered":"<p>Se trata del radical Miguel Ronco, que asumi\u00f3 hace diez d\u00edas y ahora est\u00e1 de&#8230;<\/p>\n","protected":false},"author":1,"featured_media":9179,"comment_status":"closed","ping_status":"closed","sticky":false,"template":"","format":"standard","meta":{"footnotes":""},"categories":[5],"tags":[],"class_list":["post-9177","post","type-post","status-publish","format-standard","has-post-thumbnail","hentry","category-nacionales-internacionales"],"yoast_head":"<!-- This site is optimized with the Yoast SEO plugin v26.1.1 - https:\/\/yoast.com\/wordpress\/plugins\/seo\/ -->\n<title>UN DIPUTADO MENDOCINO ASUMI\u00d3 SU BANCA Y SESION\u00d3 POR ZOOM DESDE UNA PLAYA DEL CARIBE - Apuntes de San Luis<\/title>\n<meta name=\"robots\" content=\"index, follow, max-snippet:-1, max-image-preview:large, max-video-preview:-1\" \/>\n<link rel=\"canonical\" href=\"https:\/\/apuntesdesanluis.com\/index.php\/2023\/12\/28\/un-diputado-mendocino-asumio-su-banca-y-sesiono-por-zoom-desde-una-playa-del-caribe\/\" \/>\n<meta property=\"og:locale\" content=\"es_ES\" \/>\n<meta property=\"og:type\" content=\"article\" \/>\n<meta property=\"og:title\" content=\"UN DIPUTADO MENDOCINO ASUMI\u00d3 SU BANCA Y SESION\u00d3 POR ZOOM DESDE UNA PLAYA DEL CARIBE - Apuntes de San Luis\" \/>\n<meta property=\"og:description\" content=\"Se trata del radical Miguel Ronco, que asumi\u00f3 hace diez d\u00edas y ahora est\u00e1 de...\" \/>\n<meta property=\"og:url\" content=\"https:\/\/apuntesdesanluis.com\/index.php\/2023\/12\/28\/un-diputado-mendocino-asumio-su-banca-y-sesiono-por-zoom-desde-una-playa-del-caribe\/\" \/>\n<meta property=\"og:site_name\" content=\"Apuntes de San Luis\" \/>\n<meta property=\"article:published_time\" content=\"2023-12-29T00:07:40+00:00\" \/>\n<meta property=\"og:image\" content=\"https:\/\/apuntesdesanluis.com\/wp-content\/uploads\/2023\/12\/DIPUTADO.png\" \/>\n\t<meta property=\"og:image:width\" content=\"874\" \/>\n\t<meta property=\"og:image:height\" content=\"532\" \/>\n\t<meta property=\"og:image:type\" content=\"image\/png\" \/>\n<meta name=\"author\" content=\"apuntesdesanluis.com\" \/>\n<meta name=\"twitter:card\" content=\"summary_large_image\" \/>\n<meta name=\"twitter:label1\" content=\"Escrito por\" \/>\n\t<meta name=\"twitter:data1\" content=\"apuntesdesanluis.com\" \/>\n\t<meta name=\"twitter:label2\" content=\"Tiempo de lectura\" \/>\n\t<meta name=\"twitter:data2\" content=\"4 minutos\" \/>\n<script type=\"application\/ld+json\" class=\"yoast-schema-graph\">{\"@context\":\"https:\/\/schema.org\",\"@graph\":[{\"@type\":\"Article\",\"@id\":\"https:\/\/apuntesdesanluis.com\/index.php\/2023\/12\/28\/un-diputado-mendocino-asumio-su-banca-y-sesiono-por-zoom-desde-una-playa-del-caribe\/#article\",\"isPartOf\":{\"@id\":\"https:\/\/apuntesdesanluis.com\/index.php\/2023\/12\/28\/un-diputado-mendocino-asumio-su-banca-y-sesiono-por-zoom-desde-una-playa-del-caribe\/\"},\"author\":{\"name\":\"apuntesdesanluis.com\",\"@id\":\"https:\/\/apuntesdesanluis.com\/#\/schema\/person\/b55151d52296fcce64d1a72538a70b90\"},\"headline\":\"UN DIPUTADO MENDOCINO ASUMI\u00d3 SU BANCA Y SESION\u00d3 POR ZOOM DESDE UNA PLAYA DEL CARIBE\",\"datePublished\":\"2023-12-29T00:07:40+00:00\",\"mainEntityOfPage\":{\"@id\":\"https:\/\/apuntesdesanluis.com\/index.php\/2023\/12\/28\/un-diputado-mendocino-asumio-su-banca-y-sesiono-por-zoom-desde-una-playa-del-caribe\/\"},\"wordCount\":691,\"publisher\":{\"@id\":\"https:\/\/apuntesdesanluis.com\/#\/schema\/person\/b55151d52296fcce64d1a72538a70b90\"},\"image\":{\"@id\":\"https:\/\/apuntesdesanluis.com\/index.php\/2023\/12\/28\/un-diputado-mendocino-asumio-su-banca-y-sesiono-por-zoom-desde-una-playa-del-caribe\/#primaryimage\"},\"thumbnailUrl\":\"https:\/\/apuntesdesanluis.com\/wp-content\/uploads\/2023\/12\/DIPUTADO.png\",\"articleSection\":[\"Nacionales\/Internacionales\"],\"inLanguage\":\"es-AR\"},{\"@type\":\"WebPage\",\"@id\":\"https:\/\/apuntesdesanluis.com\/index.php\/2023\/12\/28\/un-diputado-mendocino-asumio-su-banca-y-sesiono-por-zoom-desde-una-playa-del-caribe\/\",\"url\":\"https:\/\/apuntesdesanluis.com\/index.php\/2023\/12\/28\/un-diputado-mendocino-asumio-su-banca-y-sesiono-por-zoom-desde-una-playa-del-caribe\/\",\"name\":\"UN DIPUTADO MENDOCINO ASUMI\u00d3 SU BANCA Y SESION\u00d3 POR ZOOM DESDE UNA PLAYA DEL CARIBE - Apuntes de San Luis\",\"isPartOf\":{\"@id\":\"https:\/\/apuntesdesanluis.com\/#website\"},\"primaryImageOfPage\":{\"@id\":\"https:\/\/apuntesdesanluis.com\/index.php\/2023\/12\/28\/un-diputado-mendocino-asumio-su-banca-y-sesiono-por-zoom-desde-una-playa-del-caribe\/#primaryimage\"},\"image\":{\"@id\":\"https:\/\/apuntesdesanluis.com\/index.php\/2023\/12\/28\/un-diputado-mendocino-asumio-su-banca-y-sesiono-por-zoom-desde-una-playa-del-caribe\/#primaryimage\"},\"thumbnailUrl\":\"https:\/\/apuntesdesanluis.com\/wp-content\/uploads\/2023\/12\/DIPUTADO.png\",\"datePublished\":\"2023-12-29T00:07:40+00:00\",\"breadcrumb\":{\"@id\":\"https:\/\/apuntesdesanluis.com\/index.php\/2023\/12\/28\/un-diputado-mendocino-asumio-su-banca-y-sesiono-por-zoom-desde-una-playa-del-caribe\/#breadcrumb\"},\"inLanguage\":\"es-AR\",\"potentialAction\":[{\"@type\":\"ReadAction\",\"target\":[\"https:\/\/apuntesdesanluis.com\/index.php\/2023\/12\/28\/un-diputado-mendocino-asumio-su-banca-y-sesiono-por-zoom-desde-una-playa-del-caribe\/\"]}]},{\"@type\":\"ImageObject\",\"inLanguage\":\"es-AR\",\"@id\":\"https:\/\/apuntesdesanluis.com\/index.php\/2023\/12\/28\/un-diputado-mendocino-asumio-su-banca-y-sesiono-por-zoom-desde-una-playa-del-caribe\/#primaryimage\",\"url\":\"https:\/\/apuntesdesanluis.com\/wp-content\/uploads\/2023\/12\/DIPUTADO.png\",\"contentUrl\":\"https:\/\/apuntesdesanluis.com\/wp-content\/uploads\/2023\/12\/DIPUTADO.png\",\"width\":874,\"height\":532},{\"@type\":\"BreadcrumbList\",\"@id\":\"https:\/\/apuntesdesanluis.com\/index.php\/2023\/12\/28\/un-diputado-mendocino-asumio-su-banca-y-sesiono-por-zoom-desde-una-playa-del-caribe\/#breadcrumb\",\"itemListElement\":[{\"@type\":\"ListItem\",\"position\":1,\"name\":\"Inicio\",\"item\":\"https:\/\/apuntesdesanluis.com\/\"},{\"@type\":\"ListItem\",\"position\":2,\"name\":\"UN DIPUTADO MENDOCINO ASUMI\u00d3 SU BANCA Y SESION\u00d3 POR ZOOM DESDE UNA PLAYA DEL CARIBE\"}]},{\"@type\":\"WebSite\",\"@id\":\"https:\/\/apuntesdesanluis.com\/#website\",\"url\":\"https:\/\/apuntesdesanluis.com\/\",\"name\":\"Apuntes de San Luis\",\"description\":\"\",\"publisher\":{\"@id\":\"https:\/\/apuntesdesanluis.com\/#\/schema\/person\/b55151d52296fcce64d1a72538a70b90\"},\"potentialAction\":[{\"@type\":\"SearchAction\",\"target\":{\"@type\":\"EntryPoint\",\"urlTemplate\":\"https:\/\/apuntesdesanluis.com\/?s={search_term_string}\"},\"query-input\":{\"@type\":\"PropertyValueSpecification\",\"valueRequired\":true,\"valueName\":\"search_term_string\"}}],\"inLanguage\":\"es-AR\"},{\"@type\":[\"Person\",\"Organization\"],\"@id\":\"https:\/\/apuntesdesanluis.com\/#\/schema\/person\/b55151d52296fcce64d1a72538a70b90\",\"name\":\"apuntesdesanluis.com\",\"image\":{\"@type\":\"ImageObject\",\"inLanguage\":\"es-AR\",\"@id\":\"https:\/\/apuntesdesanluis.com\/#\/schema\/person\/image\/\",\"url\":\"https:\/\/apuntesdesanluis.com\/wp-content\/uploads\/2023\/07\/cropped-apuntesdesanluis.png\",\"contentUrl\":\"https:\/\/apuntesdesanluis.com\/wp-content\/uploads\/2023\/07\/cropped-apuntesdesanluis.png\",\"width\":450,\"height\":112,\"caption\":\"apuntesdesanluis.com\"},\"logo\":{\"@id\":\"https:\/\/apuntesdesanluis.com\/#\/schema\/person\/image\/\"},\"sameAs\":[\"https:\/\/apuntesdesanluis.com\"],\"url\":\"https:\/\/apuntesdesanluis.com\/index.php\/author\/apuntesdesanluis-com\/\"}]}<\/script>\n<!-- \/ Yoast SEO plugin. -->","yoast_head_json":{"title":"UN DIPUTADO MENDOCINO ASUMI\u00d3 SU BANCA Y SESION\u00d3 POR ZOOM DESDE UNA PLAYA DEL CARIBE - Apuntes de San Luis","robots":{"index":"index","follow":"follow","max-snippet":"max-snippet:-1","max-image-preview":"max-image-preview:large","max-video-preview":"max-video-preview:-1"},"canonical":"https:\/\/apuntesdesanluis.com\/index.php\/2023\/12\/28\/un-diputado-mendocino-asumio-su-banca-y-sesiono-por-zoom-desde-una-playa-del-caribe\/","og_locale":"es_ES","og_type":"article","og_title":"UN DIPUTADO MENDOCINO ASUMI\u00d3 SU BANCA Y SESION\u00d3 POR ZOOM DESDE UNA PLAYA DEL CARIBE - Apuntes de San Luis","og_description":"Se trata del radical Miguel Ronco, que asumi\u00f3 hace diez d\u00edas y ahora est\u00e1 de...","og_url":"https:\/\/apuntesdesanluis.com\/index.php\/2023\/12\/28\/un-diputado-mendocino-asumio-su-banca-y-sesiono-por-zoom-desde-una-playa-del-caribe\/","og_site_name":"Apuntes de San Luis","article_published_time":"2023-12-29T00:07:40+00:00","og_image":[{"width":874,"height":532,"url":"https:\/\/apuntesdesanluis.com\/wp-content\/uploads\/2023\/12\/DIPUTADO.png","type":"image\/png"}],"author":"apuntesdesanluis.com","twitter_card":"summary_large_image","twitter_misc":{"Escrito por":"apuntesdesanluis.com","Tiempo de lectura":"4 minutos"},"schema":{"@context":"https:\/\/schema.org","@graph":[{"@type":"Article","@id":"https:\/\/apuntesdesanluis.com\/index.php\/2023\/12\/28\/un-diputado-mendocino-asumio-su-banca-y-sesiono-por-zoom-desde-una-playa-del-caribe\/#article","isPartOf":{"@id":"https:\/\/apuntesdesanluis.com\/index.php\/2023\/12\/28\/un-diputado-mendocino-asumio-su-banca-y-sesiono-por-zoom-desde-una-playa-del-caribe\/"},"author":{"name":"apuntesdesanluis.com","@id":"https:\/\/apuntesdesanluis.com\/#\/schema\/person\/b55151d52296fcce64d1a72538a70b90"},"headline":"UN DIPUTADO MENDOCINO ASUMI\u00d3 SU BANCA Y SESION\u00d3 POR ZOOM DESDE UNA PLAYA DEL CARIBE","datePublished":"2023-12-29T00:07:40+00:00","mainEntityOfPage":{"@id":"https:\/\/apuntesdesanluis.com\/index.php\/2023\/12\/28\/un-diputado-mendocino-asumio-su-banca-y-sesiono-por-zoom-desde-una-playa-del-caribe\/"},"wordCount":691,"publisher":{"@id":"https:\/\/apuntesdesanluis.com\/#\/schema\/person\/b55151d52296fcce64d1a72538a70b90"},"image":{"@id":"https:\/\/apuntesdesanluis.com\/index.php\/2023\/12\/28\/un-diputado-mendocino-asumio-su-banca-y-sesiono-por-zoom-desde-una-playa-del-caribe\/#primaryimage"},"thumbnailUrl":"https:\/\/apuntesdesanluis.com\/wp-content\/uploads\/2023\/12\/DIPUTADO.png","articleSection":["Nacionales\/Internacionales"],"inLanguage":"es-AR"},{"@type":"WebPage","@id":"https:\/\/apuntesdesanluis.com\/index.php\/2023\/12\/28\/un-diputado-mendocino-asumio-su-banca-y-sesiono-por-zoom-desde-una-playa-del-caribe\/","url":"https:\/\/apuntesdesanluis.com\/index.php\/2023\/12\/28\/un-diputado-mendocino-asumio-su-banca-y-sesiono-por-zoom-desde-una-playa-del-caribe\/","name":"UN DIPUTADO MENDOCINO ASUMI\u00d3 SU BANCA Y SESION\u00d3 POR ZOOM DESDE UNA PLAYA DEL CARIBE - Apuntes de San Luis","isPartOf":{"@id":"https:\/\/apuntesdesanluis.com\/#website"},"primaryImageOfPage":{"@id":"https:\/\/apuntesdesanluis.com\/index.php\/2023\/12\/28\/un-diputado-mendocino-asumio-su-banca-y-sesiono-por-zoom-desde-una-playa-del-caribe\/#primaryimage"},"image":{"@id":"https:\/\/apuntesdesanluis.com\/index.php\/2023\/12\/28\/un-diputado-mendocino-asumio-su-banca-y-sesiono-por-zoom-desde-una-playa-del-caribe\/#primaryimage"},"thumbnailUrl":"https:\/\/apuntesdesanluis.com\/wp-content\/uploads\/2023\/12\/DIPUTADO.png","datePublished":"2023-12-29T00:07:40+00:00","breadcrumb":{"@id":"https:\/\/apuntesdesanluis.com\/index.php\/2023\/12\/28\/un-diputado-mendocino-asumio-su-banca-y-sesiono-por-zoom-desde-una-playa-del-caribe\/#breadcrumb"},"inLanguage":"es-AR","potentialAction":[{"@type":"ReadAction","target":["https:\/\/apuntesdesanluis.com\/index.php\/2023\/12\/28\/un-diputado-mendocino-asumio-su-banca-y-sesiono-por-zoom-desde-una-playa-del-caribe\/"]}]},{"@type":"ImageObject","inLanguage":"es-AR","@id":"https:\/\/apuntesdesanluis.com\/index.php\/2023\/12\/28\/un-diputado-mendocino-asumio-su-banca-y-sesiono-por-zoom-desde-una-playa-del-caribe\/#primaryimage","url":"https:\/\/apuntesdesanluis.com\/wp-content\/uploads\/2023\/12\/DIPUTADO.png","contentUrl":"https:\/\/apuntesdesanluis.com\/wp-content\/uploads\/2023\/12\/DIPUTADO.png","width":874,"height":532},{"@type":"BreadcrumbList","@id":"https:\/\/apuntesdesanluis.com\/index.php\/2023\/12\/28\/un-diputado-mendocino-asumio-su-banca-y-sesiono-por-zoom-desde-una-playa-del-caribe\/#breadcrumb","itemListElement":[{"@type":"ListItem","position":1,"name":"Inicio","item":"https:\/\/apuntesdesanluis.com\/"},{"@type":"ListItem","position":2,"name":"UN DIPUTADO MENDOCINO ASUMI\u00d3 SU BANCA Y SESION\u00d3 POR ZOOM DESDE UNA PLAYA DEL CARIBE"}]},{"@type":"WebSite","@id":"https:\/\/apuntesdesanluis.com\/#website","url":"https:\/\/apuntesdesanluis.com\/","name":"Apuntes de San Luis","description":"","publisher":{"@id":"https:\/\/apuntesdesanluis.com\/#\/schema\/person\/b55151d52296fcce64d1a72538a70b90"},"potentialAction":[{"@type":"SearchAction","target":{"@type":"EntryPoint","urlTemplate":"https:\/\/apuntesdesanluis.com\/?s={search_term_string}"},"query-input":{"@type":"PropertyValueSpecification","valueRequired":true,"valueName":"search_term_string"}}],"inLanguage":"es-AR"},{"@type":["Person","Organization"],"@id":"https:\/\/apuntesdesanluis.com\/#\/schema\/person\/b55151d52296fcce64d1a72538a70b90","name":"apuntesdesanluis.com","image":{"@type":"ImageObject","inLanguage":"es-AR","@id":"https:\/\/apuntesdesanluis.com\/#\/schema\/person\/image\/","url":"https:\/\/apuntesdesanluis.com\/wp-content\/uploads\/2023\/07\/cropped-apuntesdesanluis.png","contentUrl":"https:\/\/apuntesdesanluis.com\/wp-content\/uploads\/2023\/07\/cropped-apuntesdesanluis.png","width":450,"height":112,"caption":"apuntesdesanluis.com"},"logo":{"@id":"https:\/\/apuntesdesanluis.com\/#\/schema\/person\/image\/"},"sameAs":["https:\/\/apuntesdesanluis.com"],"url":"https:\/\/apuntesdesanluis.com\/index.php\/author\/apuntesdesanluis-com\/"}]}},"featured_image_urls":{"full":["https:\/\/apuntesdesanluis.com\/wp-content\/uploads\/2023\/12\/DIPUTADO.png",874,532,false],"thumbnail":["https:\/\/apuntesdesanluis.com\/wp-content\/uploads\/2023\/12\/DIPUTADO-150x150.png",150,150,true],"medium":["https:\/\/apuntesdesanluis.com\/wp-content\/uploads\/2023\/12\/DIPUTADO-300x183.png",300,183,true],"medium_large":["https:\/\/apuntesdesanluis.com\/wp-content\/uploads\/2023\/12\/DIPUTADO-768x467.png",640,389,true],"large":["https:\/\/apuntesdesanluis.com\/wp-content\/uploads\/2023\/12\/DIPUTADO.png",640,390,false],"1536x1536":["https:\/\/apuntesdesanluis.com\/wp-content\/uploads\/2023\/12\/DIPUTADO.png",874,532,false],"2048x2048":["https:\/\/apuntesdesanluis.com\/wp-content\/uploads\/2023\/12\/DIPUTADO.png",874,532,false],"newsever-slider-full":["https:\/\/apuntesdesanluis.com\/wp-content\/uploads\/2023\/12\/DIPUTADO.png",874,532,false],"newsever-featured":["https:\/\/apuntesdesanluis.com\/wp-content\/uploads\/2023\/12\/DIPUTADO.png",874,532,false],"newsever-medium":["https:\/\/apuntesdesanluis.com\/wp-content\/uploads\/2023\/12\/DIPUTADO-720x475.png",720,475,true]},"author_info":{"display_name":"apuntesdesanluis.com","author_link":"https:\/\/apuntesdesanluis.com\/index.php\/author\/apuntesdesanluis-com\/"},"category_info":"<a href=\"https:\/\/apuntesdesanluis.com\/index.php\/category\/nacionales-internacionales\/\" rel=\"category tag\">Nacionales\/Internacionales<\/a>","tag_info":"Nacionales\/Internacionales","comment_count":"0","_links":{"self":[{"href":"https:\/\/apuntesdesanluis.com\/index.php\/wp-json\/wp\/v2\/posts\/9177","targetHints":{"allow":["GET"]}}],"collection":[{"href":"https:\/\/apuntesdesanluis.com\/index.php\/wp-json\/wp\/v2\/posts"}],"about":[{"href":"https:\/\/apuntesdesanluis.com\/index.php\/wp-json\/wp\/v2\/types\/post"}],"author":[{"embeddable":true,"href":"https:\/\/apuntesdesanluis.com\/index.php\/wp-json\/wp\/v2\/users\/1"}],"replies":[{"embeddable":true,"href":"https:\/\/apuntesdesanluis.com\/index.php\/wp-json\/wp\/v2\/comments?post=9177"}],"version-history":[{"count":1,"href":"https:\/\/apuntesdesanluis.com\/index.php\/wp-json\/wp\/v2\/posts\/9177\/revisions"}],"predecessor-version":[{"id":9180,"href":"https:\/\/apuntesdesanluis.com\/index.php\/wp-json\/wp\/v2\/posts\/9177\/revisions\/9180"}],"wp:featuredmedia":[{"embeddable":true,"href":"https:\/\/apuntesdesanluis.com\/index.php\/wp-json\/wp\/v2\/media\/9179"}],"wp:attachment":[{"href":"https:\/\/apuntesdesanluis.com\/index.php\/wp-json\/wp\/v2\/media?parent=9177"}],"wp:term":[{"taxonomy":"category","embeddable":true,"href":"https:\/\/apuntesdesanluis.com\/index.php\/wp-json\/wp\/v2\/categories?post=9177"},{"taxonomy":"post_tag","embeddable":true,"href":"https:\/\/apuntesdesanluis.com\/index.php\/wp-json\/wp\/v2\/tags?post=9177"}],"curies":[{"name":"wp","href":"https:\/\/api.w.org\/{rel}","templated":true}]}}