{"id":9181,"date":"2023-12-28T21:14:25","date_gmt":"2023-12-29T00:14:25","guid":{"rendered":"https:\/\/apuntesdesanluis.com\/?p=9181"},"modified":"2023-12-28T21:14:48","modified_gmt":"2023-12-29T00:14:48","slug":"los-puntos-principales-de-la-ley-omnibus-que-milei-envio-al-congreso","status":"publish","type":"post","link":"https:\/\/apuntesdesanluis.com\/index.php\/2023\/12\/28\/los-puntos-principales-de-la-ley-omnibus-que-milei-envio-al-congreso\/","title":{"rendered":"LOS PUNTOS PRINCIPALES DE LA LEY \u00d3MNIBUS QUE MILEI ENVI\u00d3 AL CONGRESO"},"content":{"rendered":"<h3>El mega-proyecto fue entregado por el ministro del Interior, <strong>Guillermo Francos<\/strong>, al presidente de la C\u00e1mara de Diputados, <strong>Mart\u00edn Menem<\/strong>.<\/h3>\n<h3>A continuaci\u00f3n, los puntos principales del mega-proyecto que contiene 664 art\u00edculos:<\/h3>\n<ul>\n<li>\n<h3><strong>Declaraci\u00f3n de Emergencia P\u00fablica. Art\u00edculo N\u00b03:<\/strong> \u201cDecl\u00e1rase la emergencia p\u00fablica en materia econ\u00f3mica, financiera, fiscal, previsional, de seguridad, defensa, tarifaria, energ\u00e9tica, sanitaria, administrativa y social hasta el 31 de diciembre de 2025\u201d. Adem\u00e1s, le delega al Ejecutivo facultades legislativas dispuestas en el art\u00edculo 76 de la Constituci\u00f3n Nacional.<\/h3>\n<\/li>\n<li>\n<h3><strong>Privatizaci\u00f3n de Empresas P\u00fablicas:<\/strong> Aerol\u00edneas Argentinas, YPF, Correo Argentino y AySA, son algunas de las 41 empresas p\u00fablicas que el Poder Ejecutivo planea que pasen a manos de privados.<\/h3>\n<\/li>\n<li>\n<h3><strong>Movilidad de las prestaciones.<\/strong> Art\u00edculo N\u00b0106: &#8220;Susp\u00e9ndase la aplicaci\u00f3n del art\u00edculo 32 de la Ley N\u00b0 24.241, sus complementarias y modificatorias. Fac\u00faltase al Poder ejecutivo nacional a establecer una f\u00f3rmula autom\u00e1tica de ajuste de las prestaciones mencionadas en los incisos a), b), c), d), e) y f) del art\u00edculo 17 de la Ley N\u00b0 24.241, teniendo en cuenta los criterios de equidad y sustentabilidad econ\u00f3mica&#8221;.\u00a0\u201cHasta tanto se establezca una f\u00f3rmula autom\u00e1tica, el Poder ejecutivo nacional podr\u00e1 realizar aumentos peri\u00f3dicos atendiendo prioritariamente a los beneficiarios de m\u00e1s bajos ingresos\u201d, agrega.<\/h3>\n<\/li>\n<li>\n<h3><strong>R\u00e9gimen de Regularizaci\u00f3n de Activos. Art\u00edculo N\u00b0130:<\/strong> \u201clos sujetos residentes y no residentes podr\u00e1n adherir al presente\u201d. Se trata de un blanqueo de capitales para ciudadanos argentinos residentes o no.<\/h3>\n<\/li>\n<li>\n<h3><strong>Impuesto sobre los Bienes Personales. Art\u00edculo N\u00b0166:<\/strong> &#8220;Cr\u00e9ase el presente R\u00e9gimen Especial de Ingreso del Impuesto sobre los Bienes Personales (\u201cREIBP\u201d) por todos los per\u00edodos fiscales hasta la fecha de su caducidad, la cual opera el 31 de diciembre de 2027. ART\u00cdCULO 167. Sujetos alcanzados. Las personas humanas y sucesiones indivisas que sean residentes fiscales en Argentina en los t\u00e9rminos de los art\u00edculos 116 a 123 de la Ley del Impuesto a las Ganancias, texto ordenado en 2019 y sus modificaciones, podr\u00e1n optar por adherir al REIBP&#8221;.<\/h3>\n<\/li>\n<li>\n<h3><strong>Primarias abiertas simult\u00e1neas y obligatorias. Art\u00edculo N\u00b0451:<\/strong> derogaci\u00f3n de las PASO.<\/h3>\n<\/li>\n<li>\n<h3><strong>Ratificaci\u00f3n del Decreto de Necesidad y Urgencia N\u00b0 70\/23:<\/strong> se trata del pol\u00e9mico DNU que el presidente Milei anunci\u00f3 la semana pasada.<\/h3>\n<\/li>\n<\/ul>\n<p>&nbsp;<\/p>\n<p>&nbsp;<\/p>\n<p>&nbsp;<\/p>\n","protected":false},"excerpt":{"rendered":"<p>El mega-proyecto fue entregado por el ministro del Interior, Guillermo Francos, al presidente de la&#8230;<\/p>\n","protected":false},"author":1,"featured_media":9182,"comment_status":"closed","ping_status":"closed","sticky":false,"template":"","format":"standard","meta":{"footnotes":""},"categories":[5],"tags":[],"class_list":["post-9181","post","type-post","status-publish","format-standard","has-post-thumbnail","hentry","category-nacionales-internacionales"],"yoast_head":"<!-- This site is optimized with the Yoast SEO plugin v26.1.1 - https:\/\/yoast.com\/wordpress\/plugins\/seo\/ -->\n<title>LOS PUNTOS PRINCIPALES DE LA LEY \u00d3MNIBUS QUE MILEI ENVI\u00d3 AL CONGRESO - Apuntes de San Luis<\/title>\n<meta name=\"robots\" content=\"index, follow, max-snippet:-1, max-image-preview:large, max-video-preview:-1\" \/>\n<link rel=\"canonical\" href=\"https:\/\/apuntesdesanluis.com\/index.php\/2023\/12\/28\/los-puntos-principales-de-la-ley-omnibus-que-milei-envio-al-congreso\/\" \/>\n<meta property=\"og:locale\" content=\"es_ES\" \/>\n<meta property=\"og:type\" content=\"article\" \/>\n<meta property=\"og:title\" content=\"LOS PUNTOS PRINCIPALES DE LA LEY \u00d3MNIBUS QUE MILEI ENVI\u00d3 AL CONGRESO - Apuntes de San Luis\" \/>\n<meta property=\"og:description\" content=\"El mega-proyecto fue entregado por el ministro del Interior, Guillermo Francos, al presidente de la...\" \/>\n<meta property=\"og:url\" content=\"https:\/\/apuntesdesanluis.com\/index.php\/2023\/12\/28\/los-puntos-principales-de-la-ley-omnibus-que-milei-envio-al-congreso\/\" \/>\n<meta property=\"og:site_name\" content=\"Apuntes de San Luis\" \/>\n<meta property=\"article:published_time\" content=\"2023-12-29T00:14:25+00:00\" \/>\n<meta property=\"article:modified_time\" content=\"2023-12-29T00:14:48+00:00\" \/>\n<meta property=\"og:image\" content=\"https:\/\/apuntesdesanluis.com\/wp-content\/uploads\/2023\/12\/LEY-OMBIBUS.png\" \/>\n\t<meta property=\"og:image:width\" content=\"636\" \/>\n\t<meta property=\"og:image:height\" content=\"401\" \/>\n\t<meta property=\"og:image:type\" content=\"image\/png\" \/>\n<meta name=\"author\" content=\"apuntesdesanluis.com\" \/>\n<meta name=\"twitter:card\" content=\"summary_large_image\" \/>\n<meta name=\"twitter:label1\" content=\"Escrito por\" \/>\n\t<meta name=\"twitter:data1\" content=\"apuntesdesanluis.com\" \/>\n\t<meta name=\"twitter:label2\" content=\"Tiempo de lectura\" \/>\n\t<meta name=\"twitter:data2\" content=\"2 minutos\" \/>\n<script type=\"application\/ld+json\" class=\"yoast-schema-graph\">{\"@context\":\"https:\/\/schema.org\",\"@graph\":[{\"@type\":\"Article\",\"@id\":\"https:\/\/apuntesdesanluis.com\/index.php\/2023\/12\/28\/los-puntos-principales-de-la-ley-omnibus-que-milei-envio-al-congreso\/#article\",\"isPartOf\":{\"@id\":\"https:\/\/apuntesdesanluis.com\/index.php\/2023\/12\/28\/los-puntos-principales-de-la-ley-omnibus-que-milei-envio-al-congreso\/\"},\"author\":{\"name\":\"apuntesdesanluis.com\",\"@id\":\"https:\/\/apuntesdesanluis.com\/#\/schema\/person\/b55151d52296fcce64d1a72538a70b90\"},\"headline\":\"LOS PUNTOS PRINCIPALES DE LA LEY \u00d3MNIBUS QUE MILEI ENVI\u00d3 AL CONGRESO\",\"datePublished\":\"2023-12-29T00:14:25+00:00\",\"dateModified\":\"2023-12-29T00:14:48+00:00\",\"mainEntityOfPage\":{\"@id\":\"https:\/\/apuntesdesanluis.com\/index.php\/2023\/12\/28\/los-puntos-principales-de-la-ley-omnibus-que-milei-envio-al-congreso\/\"},\"wordCount\":395,\"publisher\":{\"@id\":\"https:\/\/apuntesdesanluis.com\/#\/schema\/person\/b55151d52296fcce64d1a72538a70b90\"},\"image\":{\"@id\":\"https:\/\/apuntesdesanluis.com\/index.php\/2023\/12\/28\/los-puntos-principales-de-la-ley-omnibus-que-milei-envio-al-congreso\/#primaryimage\"},\"thumbnailUrl\":\"https:\/\/apuntesdesanluis.com\/wp-content\/uploads\/2023\/12\/LEY-OMBIBUS.png\",\"articleSection\":[\"Nacionales\/Internacionales\"],\"inLanguage\":\"es-AR\"},{\"@type\":\"WebPage\",\"@id\":\"https:\/\/apuntesdesanluis.com\/index.php\/2023\/12\/28\/los-puntos-principales-de-la-ley-omnibus-que-milei-envio-al-congreso\/\",\"url\":\"https:\/\/apuntesdesanluis.com\/index.php\/2023\/12\/28\/los-puntos-principales-de-la-ley-omnibus-que-milei-envio-al-congreso\/\",\"name\":\"LOS PUNTOS PRINCIPALES DE LA LEY \u00d3MNIBUS QUE MILEI ENVI\u00d3 AL CONGRESO - Apuntes de San Luis\",\"isPartOf\":{\"@id\":\"https:\/\/apuntesdesanluis.com\/#website\"},\"primaryImageOfPage\":{\"@id\":\"https:\/\/apuntesdesanluis.com\/index.php\/2023\/12\/28\/los-puntos-principales-de-la-ley-omnibus-que-milei-envio-al-congreso\/#primaryimage\"},\"image\":{\"@id\":\"https:\/\/apuntesdesanluis.com\/index.php\/2023\/12\/28\/los-puntos-principales-de-la-ley-omnibus-que-milei-envio-al-congreso\/#primaryimage\"},\"thumbnailUrl\":\"https:\/\/apuntesdesanluis.com\/wp-content\/uploads\/2023\/12\/LEY-OMBIBUS.png\",\"datePublished\":\"2023-12-29T00:14:25+00:00\",\"dateModified\":\"2023-12-29T00:14:48+00:00\",\"breadcrumb\":{\"@id\":\"https:\/\/apuntesdesanluis.com\/index.php\/2023\/12\/28\/los-puntos-principales-de-la-ley-omnibus-que-milei-envio-al-congreso\/#breadcrumb\"},\"inLanguage\":\"es-AR\",\"potentialAction\":[{\"@type\":\"ReadAction\",\"target\":[\"https:\/\/apuntesdesanluis.com\/index.php\/2023\/12\/28\/los-puntos-principales-de-la-ley-omnibus-que-milei-envio-al-congreso\/\"]}]},{\"@type\":\"ImageObject\",\"inLanguage\":\"es-AR\",\"@id\":\"https:\/\/apuntesdesanluis.com\/index.php\/2023\/12\/28\/los-puntos-principales-de-la-ley-omnibus-que-milei-envio-al-congreso\/#primaryimage\",\"url\":\"https:\/\/apuntesdesanluis.com\/wp-content\/uploads\/2023\/12\/LEY-OMBIBUS.png\",\"contentUrl\":\"https:\/\/apuntesdesanluis.com\/wp-content\/uploads\/2023\/12\/LEY-OMBIBUS.png\",\"width\":636,\"height\":401},{\"@type\":\"BreadcrumbList\",\"@id\":\"https:\/\/apuntesdesanluis.com\/index.php\/2023\/12\/28\/los-puntos-principales-de-la-ley-omnibus-que-milei-envio-al-congreso\/#breadcrumb\",\"itemListElement\":[{\"@type\":\"ListItem\",\"position\":1,\"name\":\"Inicio\",\"item\":\"https:\/\/apuntesdesanluis.com\/\"},{\"@type\":\"ListItem\",\"position\":2,\"name\":\"LOS PUNTOS PRINCIPALES DE LA LEY \u00d3MNIBUS QUE MILEI ENVI\u00d3 AL CONGRESO\"}]},{\"@type\":\"WebSite\",\"@id\":\"https:\/\/apuntesdesanluis.com\/#website\",\"url\":\"https:\/\/apuntesdesanluis.com\/\",\"name\":\"Apuntes de San Luis\",\"description\":\"\",\"publisher\":{\"@id\":\"https:\/\/apuntesdesanluis.com\/#\/schema\/person\/b55151d52296fcce64d1a72538a70b90\"},\"potentialAction\":[{\"@type\":\"SearchAction\",\"target\":{\"@type\":\"EntryPoint\",\"urlTemplate\":\"https:\/\/apuntesdesanluis.com\/?s={search_term_string}\"},\"query-input\":{\"@type\":\"PropertyValueSpecification\",\"valueRequired\":true,\"valueName\":\"search_term_string\"}}],\"inLanguage\":\"es-AR\"},{\"@type\":[\"Person\",\"Organization\"],\"@id\":\"https:\/\/apuntesdesanluis.com\/#\/schema\/person\/b55151d52296fcce64d1a72538a70b90\",\"name\":\"apuntesdesanluis.com\",\"image\":{\"@type\":\"ImageObject\",\"inLanguage\":\"es-AR\",\"@id\":\"https:\/\/apuntesdesanluis.com\/#\/schema\/person\/image\/\",\"url\":\"https:\/\/apuntesdesanluis.com\/wp-content\/uploads\/2023\/07\/cropped-apuntesdesanluis.png\",\"contentUrl\":\"https:\/\/apuntesdesanluis.com\/wp-content\/uploads\/2023\/07\/cropped-apuntesdesanluis.png\",\"width\":450,\"height\":112,\"caption\":\"apuntesdesanluis.com\"},\"logo\":{\"@id\":\"https:\/\/apuntesdesanluis.com\/#\/schema\/person\/image\/\"},\"sameAs\":[\"https:\/\/apuntesdesanluis.com\"],\"url\":\"https:\/\/apuntesdesanluis.com\/index.php\/author\/apuntesdesanluis-com\/\"}]}<\/script>\n<!-- \/ Yoast SEO plugin. -->","yoast_head_json":{"title":"LOS PUNTOS PRINCIPALES DE LA LEY \u00d3MNIBUS QUE MILEI ENVI\u00d3 AL CONGRESO - Apuntes de San Luis","robots":{"index":"index","follow":"follow","max-snippet":"max-snippet:-1","max-image-preview":"max-image-preview:large","max-video-preview":"max-video-preview:-1"},"canonical":"https:\/\/apuntesdesanluis.com\/index.php\/2023\/12\/28\/los-puntos-principales-de-la-ley-omnibus-que-milei-envio-al-congreso\/","og_locale":"es_ES","og_type":"article","og_title":"LOS PUNTOS PRINCIPALES DE LA LEY \u00d3MNIBUS QUE MILEI ENVI\u00d3 AL CONGRESO - Apuntes de San Luis","og_description":"El mega-proyecto fue entregado por el ministro del Interior, Guillermo Francos, al presidente de la...","og_url":"https:\/\/apuntesdesanluis.com\/index.php\/2023\/12\/28\/los-puntos-principales-de-la-ley-omnibus-que-milei-envio-al-congreso\/","og_site_name":"Apuntes de San Luis","article_published_time":"2023-12-29T00:14:25+00:00","article_modified_time":"2023-12-29T00:14:48+00:00","og_image":[{"width":636,"height":401,"url":"https:\/\/apuntesdesanluis.com\/wp-content\/uploads\/2023\/12\/LEY-OMBIBUS.png","type":"image\/png"}],"author":"apuntesdesanluis.com","twitter_card":"summary_large_image","twitter_misc":{"Escrito por":"apuntesdesanluis.com","Tiempo de lectura":"2 minutos"},"schema":{"@context":"https:\/\/schema.org","@graph":[{"@type":"Article","@id":"https:\/\/apuntesdesanluis.com\/index.php\/2023\/12\/28\/los-puntos-principales-de-la-ley-omnibus-que-milei-envio-al-congreso\/#article","isPartOf":{"@id":"https:\/\/apuntesdesanluis.com\/index.php\/2023\/12\/28\/los-puntos-principales-de-la-ley-omnibus-que-milei-envio-al-congreso\/"},"author":{"name":"apuntesdesanluis.com","@id":"https:\/\/apuntesdesanluis.com\/#\/schema\/person\/b55151d52296fcce64d1a72538a70b90"},"headline":"LOS PUNTOS PRINCIPALES DE LA LEY \u00d3MNIBUS QUE MILEI ENVI\u00d3 AL CONGRESO","datePublished":"2023-12-29T00:14:25+00:00","dateModified":"2023-12-29T00:14:48+00:00","mainEntityOfPage":{"@id":"https:\/\/apuntesdesanluis.com\/index.php\/2023\/12\/28\/los-puntos-principales-de-la-ley-omnibus-que-milei-envio-al-congreso\/"},"wordCount":395,"publisher":{"@id":"https:\/\/apuntesdesanluis.com\/#\/schema\/person\/b55151d52296fcce64d1a72538a70b90"},"image":{"@id":"https:\/\/apuntesdesanluis.com\/index.php\/2023\/12\/28\/los-puntos-principales-de-la-ley-omnibus-que-milei-envio-al-congreso\/#primaryimage"},"thumbnailUrl":"https:\/\/apuntesdesanluis.com\/wp-content\/uploads\/2023\/12\/LEY-OMBIBUS.png","articleSection":["Nacionales\/Internacionales"],"inLanguage":"es-AR"},{"@type":"WebPage","@id":"https:\/\/apuntesdesanluis.com\/index.php\/2023\/12\/28\/los-puntos-principales-de-la-ley-omnibus-que-milei-envio-al-congreso\/","url":"https:\/\/apuntesdesanluis.com\/index.php\/2023\/12\/28\/los-puntos-principales-de-la-ley-omnibus-que-milei-envio-al-congreso\/","name":"LOS PUNTOS PRINCIPALES DE LA LEY \u00d3MNIBUS QUE MILEI ENVI\u00d3 AL CONGRESO - Apuntes de San Luis","isPartOf":{"@id":"https:\/\/apuntesdesanluis.com\/#website"},"primaryImageOfPage":{"@id":"https:\/\/apuntesdesanluis.com\/index.php\/2023\/12\/28\/los-puntos-principales-de-la-ley-omnibus-que-milei-envio-al-congreso\/#primaryimage"},"image":{"@id":"https:\/\/apuntesdesanluis.com\/index.php\/2023\/12\/28\/los-puntos-principales-de-la-ley-omnibus-que-milei-envio-al-congreso\/#primaryimage"},"thumbnailUrl":"https:\/\/apuntesdesanluis.com\/wp-content\/uploads\/2023\/12\/LEY-OMBIBUS.png","datePublished":"2023-12-29T00:14:25+00:00","dateModified":"2023-12-29T00:14:48+00:00","breadcrumb":{"@id":"https:\/\/apuntesdesanluis.com\/index.php\/2023\/12\/28\/los-puntos-principales-de-la-ley-omnibus-que-milei-envio-al-congreso\/#breadcrumb"},"inLanguage":"es-AR","potentialAction":[{"@type":"ReadAction","target":["https:\/\/apuntesdesanluis.com\/index.php\/2023\/12\/28\/los-puntos-principales-de-la-ley-omnibus-que-milei-envio-al-congreso\/"]}]},{"@type":"ImageObject","inLanguage":"es-AR","@id":"https:\/\/apuntesdesanluis.com\/index.php\/2023\/12\/28\/los-puntos-principales-de-la-ley-omnibus-que-milei-envio-al-congreso\/#primaryimage","url":"https:\/\/apuntesdesanluis.com\/wp-content\/uploads\/2023\/12\/LEY-OMBIBUS.png","contentUrl":"https:\/\/apuntesdesanluis.com\/wp-content\/uploads\/2023\/12\/LEY-OMBIBUS.png","width":636,"height":401},{"@type":"BreadcrumbList","@id":"https:\/\/apuntesdesanluis.com\/index.php\/2023\/12\/28\/los-puntos-principales-de-la-ley-omnibus-que-milei-envio-al-congreso\/#breadcrumb","itemListElement":[{"@type":"ListItem","position":1,"name":"Inicio","item":"https:\/\/apuntesdesanluis.com\/"},{"@type":"ListItem","position":2,"name":"LOS PUNTOS PRINCIPALES DE LA LEY \u00d3MNIBUS QUE MILEI ENVI\u00d3 AL CONGRESO"}]},{"@type":"WebSite","@id":"https:\/\/apuntesdesanluis.com\/#website","url":"https:\/\/apuntesdesanluis.com\/","name":"Apuntes de San Luis","description":"","publisher":{"@id":"https:\/\/apuntesdesanluis.com\/#\/schema\/person\/b55151d52296fcce64d1a72538a70b90"},"potentialAction":[{"@type":"SearchAction","target":{"@type":"EntryPoint","urlTemplate":"https:\/\/apuntesdesanluis.com\/?s={search_term_string}"},"query-input":{"@type":"PropertyValueSpecification","valueRequired":true,"valueName":"search_term_string"}}],"inLanguage":"es-AR"},{"@type":["Person","Organization"],"@id":"https:\/\/apuntesdesanluis.com\/#\/schema\/person\/b55151d52296fcce64d1a72538a70b90","name":"apuntesdesanluis.com","image":{"@type":"ImageObject","inLanguage":"es-AR","@id":"https:\/\/apuntesdesanluis.com\/#\/schema\/person\/image\/","url":"https:\/\/apuntesdesanluis.com\/wp-content\/uploads\/2023\/07\/cropped-apuntesdesanluis.png","contentUrl":"https:\/\/apuntesdesanluis.com\/wp-content\/uploads\/2023\/07\/cropped-apuntesdesanluis.png","width":450,"height":112,"caption":"apuntesdesanluis.com"},"logo":{"@id":"https:\/\/apuntesdesanluis.com\/#\/schema\/person\/image\/"},"sameAs":["https:\/\/apuntesdesanluis.com"],"url":"https:\/\/apuntesdesanluis.com\/index.php\/author\/apuntesdesanluis-com\/"}]}},"featured_image_urls":{"full":["https:\/\/apuntesdesanluis.com\/wp-content\/uploads\/2023\/12\/LEY-OMBIBUS.png",636,401,false],"thumbnail":["https:\/\/apuntesdesanluis.com\/wp-content\/uploads\/2023\/12\/LEY-OMBIBUS-150x150.png",150,150,true],"medium":["https:\/\/apuntesdesanluis.com\/wp-content\/uploads\/2023\/12\/LEY-OMBIBUS-300x189.png",300,189,true],"medium_large":["https:\/\/apuntesdesanluis.com\/wp-content\/uploads\/2023\/12\/LEY-OMBIBUS.png",636,401,false],"large":["https:\/\/apuntesdesanluis.com\/wp-content\/uploads\/2023\/12\/LEY-OMBIBUS.png",636,401,false],"1536x1536":["https:\/\/apuntesdesanluis.com\/wp-content\/uploads\/2023\/12\/LEY-OMBIBUS.png",636,401,false],"2048x2048":["https:\/\/apuntesdesanluis.com\/wp-content\/uploads\/2023\/12\/LEY-OMBIBUS.png",636,401,false],"newsever-slider-full":["https:\/\/apuntesdesanluis.com\/wp-content\/uploads\/2023\/12\/LEY-OMBIBUS.png",636,401,false],"newsever-featured":["https:\/\/apuntesdesanluis.com\/wp-content\/uploads\/2023\/12\/LEY-OMBIBUS.png",636,401,false],"newsever-medium":["https:\/\/apuntesdesanluis.com\/wp-content\/uploads\/2023\/12\/LEY-OMBIBUS.png",636,401,false]},"author_info":{"display_name":"apuntesdesanluis.com","author_link":"https:\/\/apuntesdesanluis.com\/index.php\/author\/apuntesdesanluis-com\/"},"category_info":"<a href=\"https:\/\/apuntesdesanluis.com\/index.php\/category\/nacionales-internacionales\/\" rel=\"category tag\">Nacionales\/Internacionales<\/a>","tag_info":"Nacionales\/Internacionales","comment_count":"0","_links":{"self":[{"href":"https:\/\/apuntesdesanluis.com\/index.php\/wp-json\/wp\/v2\/posts\/9181","targetHints":{"allow":["GET"]}}],"collection":[{"href":"https:\/\/apuntesdesanluis.com\/index.php\/wp-json\/wp\/v2\/posts"}],"about":[{"href":"https:\/\/apuntesdesanluis.com\/index.php\/wp-json\/wp\/v2\/types\/post"}],"author":[{"embeddable":true,"href":"https:\/\/apuntesdesanluis.com\/index.php\/wp-json\/wp\/v2\/users\/1"}],"replies":[{"embeddable":true,"href":"https:\/\/apuntesdesanluis.com\/index.php\/wp-json\/wp\/v2\/comments?post=9181"}],"version-history":[{"count":2,"href":"https:\/\/apuntesdesanluis.com\/index.php\/wp-json\/wp\/v2\/posts\/9181\/revisions"}],"predecessor-version":[{"id":9184,"href":"https:\/\/apuntesdesanluis.com\/index.php\/wp-json\/wp\/v2\/posts\/9181\/revisions\/9184"}],"wp:featuredmedia":[{"embeddable":true,"href":"https:\/\/apuntesdesanluis.com\/index.php\/wp-json\/wp\/v2\/media\/9182"}],"wp:attachment":[{"href":"https:\/\/apuntesdesanluis.com\/index.php\/wp-json\/wp\/v2\/media?parent=9181"}],"wp:term":[{"taxonomy":"category","embeddable":true,"href":"https:\/\/apuntesdesanluis.com\/index.php\/wp-json\/wp\/v2\/categories?post=9181"},{"taxonomy":"post_tag","embeddable":true,"href":"https:\/\/apuntesdesanluis.com\/index.php\/wp-json\/wp\/v2\/tags?post=9181"}],"curies":[{"name":"wp","href":"https:\/\/api.w.org\/{rel}","templated":true}]}}