{"id":9202,"date":"2023-12-29T19:57:24","date_gmt":"2023-12-29T22:57:24","guid":{"rendered":"https:\/\/apuntesdesanluis.com\/?p=9202"},"modified":"2023-12-29T20:11:08","modified_gmt":"2023-12-29T23:11:08","slug":"apts-expuso-su-marcado-malestar-por-el-pago-desdoblado-y-se-declaro-en-estado-de-alerta","status":"publish","type":"post","link":"https:\/\/apuntesdesanluis.com\/index.php\/2023\/12\/29\/apts-expuso-su-marcado-malestar-por-el-pago-desdoblado-y-se-declaro-en-estado-de-alerta\/","title":{"rendered":"APTS EXPUSO SU MARCADO MALESTAR POR EL PAGO DESDOBLADO Y SE DECLAR\u00d3 EN ESTADO DE ALERTA"},"content":{"rendered":"<h3>La Asociaci\u00f3n de Profesionales y T\u00e9cnicos de la Salud (APTS) de San Luis calific\u00f3 como un &#8220;atropello&#8221; lo ocurrido este viernes, cuando muchos trabajadores de la salud se encontraron que no les hab\u00edan depositado &#8220;ni siquiera la mitad de los sueldos&#8221;, por lo que llam\u00f3 a no prestar los servicios programados y atender solo las urgencias.<\/h3>\n<h3><img fetchpriority=\"high\" decoding=\"async\" class=\"wp-image-9208 aligncenter\" src=\"https:\/\/apuntesdesanluis.com\/wp-content\/uploads\/2023\/12\/apts-pega-300x280.png\" alt=\"\" width=\"611\" height=\"570\" srcset=\"https:\/\/apuntesdesanluis.com\/wp-content\/uploads\/2023\/12\/apts-pega-300x280.png 300w, https:\/\/apuntesdesanluis.com\/wp-content\/uploads\/2023\/12\/apts-pega.png 689w\" sizes=\"(max-width: 611px) 100vw, 611px\" \/><\/h3>\n<h3><\/h3>\n<h3>Asimismo, inform\u00f3 que el pasado jueves los miembros de su Comisi\u00f3n Directiva, la Sec. Gral., <strong>Miriam Porter<\/strong>, y la Sec. Adjunta, <strong>Sonia Galvo<\/strong>, se reunieron con la Ministra de Salud, Dra. <strong>Claudia Spagnuolo<\/strong>, quien estaba acompa\u00f1ada del Director Gral. De Gesti\u00f3n de Salud, <strong>Mart\u00edn Oviedo<\/strong>, y la Asesora Legal, <strong>Nora Ortiz Ponce<\/strong>.<\/h3>\n<h3>\u201cAPTS expuso su ferviente rechazo al pago desdoblado de los salarios de los trabajadores de la salud. Se dej\u00f3 expresamente manifestado que el sindicato no est\u00e1 de acuerdo con la medida tomada por el Ejecutivo Provincial, el deber del gobierno es proteger a sus trabajadores\u201d, indic\u00f3 la entidad gremial a trav\u00e9s de un comunicado.<\/h3>\n<p><img decoding=\"async\" class=\"wp-image-9209 aligncenter\" src=\"https:\/\/apuntesdesanluis.com\/wp-content\/uploads\/2023\/12\/miriam-porter-300x196.png\" alt=\"\" width=\"591\" height=\"386\" srcset=\"https:\/\/apuntesdesanluis.com\/wp-content\/uploads\/2023\/12\/miriam-porter-300x196.png 300w, https:\/\/apuntesdesanluis.com\/wp-content\/uploads\/2023\/12\/miriam-porter.png 594w\" sizes=\"(max-width: 591px) 100vw, 591px\" \/><\/p>\n<h4 style=\"text-align: center;\"><em><strong>Sonia Galvo y\u00a0<\/strong><\/em><em><strong>Miriam Porter<\/strong><strong>, de APTS.<\/strong><\/em><\/h4>\n<h3>En este contexto, tambi\u00e9n emiti\u00f3 otro comunicado declarando el <strong>Estado de Asamblea Permanente<\/strong> en la <strong>Maternidad Provincial Teresita Baigorria<\/strong> y medidas de fuerza en <strong>APS Villa Mercedes<\/strong>.<\/h3>\n<h3>El pronunciamiento agrega en forma textual:<\/h3>\n<h3>\u201cLa CD despleg\u00f3 todas las argumentaciones sobre la dif\u00edcil situaci\u00f3n en que ponen al personal de salud al llevar adelante esta decisi\u00f3n. Se habl\u00f3 del impacto negativo que representa para afrontar las obligaciones econ\u00f3micas de cada trabajador, la dificultad que ser\u00e1 atravesar 15 d\u00edas con medio sueldo enfrentando la devaluaci\u00f3n que se vive a nivel nacional y se se\u00f1al\u00f3 que desde el gobierno no hubo ning\u00fan gesto para amortiguar el golpe que esto significa en los bolsillos de los trabajadores.<\/h3>\n<h3>La reuni\u00f3n finaliz\u00f3 sin \u00e9xito en el reclamo planteado por APTS. Si bien la Ministra y su equipo escucharon atentamente lo expresado por la Asociaci\u00f3n, la respuesta no fue favorable para los trabajadores. La medida tomada por el Gobernador, CPN Claudio Poggi, no tiene marcha atr\u00e1s. Presentaron todas las argumentaciones de su lado: la crisis, la deuda de la gesti\u00f3n anterior, el desabastecimiento de insumos, la falta de informaci\u00f3n sobre el estado del ministerio de salud (y de todas las \u00e1reas del Estado), etc.<\/h3>\n<h3>Desde APTS estamos convencidos que la mala administraci\u00f3n de la gesti\u00f3n anterior, y la poca celeridad en resolver esta situaci\u00f3n de la gesti\u00f3n actual, NO deben pagarla los trabajadores de la salud, quienes est\u00e1n especialmente agotados de tantos a\u00f1os de sacrificios y de esfuerzos que se les pidi\u00f3. Siempre al frente de cada crisis. El sector salud viene de atravesar una pandemia que nos marc\u00f3 en el cuerpo y en el alma, que se llev\u00f3 compa\u00f1eros, que tuvieron que afrontar dedicando su tiempo completo al servicio y cuidado de la sociedad\u2026 Est\u00e1n cansados.<\/h3>\n<h3>Nos queda por transmitirles que desde esta conducci\u00f3n de APTS hicimos todo para revertir esta situaci\u00f3n, apostando al di\u00e1logo al que el actual gobierno tanto convoc\u00f3, y no pudimos obtener una respuesta favorable al cuidado y protecci\u00f3n de nuestros compa\u00f1eros. Ahora, los convocamos a Ud. a acompa\u00f1arnos activamente en la lucha. Compromet\u00e1monos todos en la participaci\u00f3n de las asambleas, llevemos nuestras voces e ideas para decidir en conjunto c\u00f3mo vamos a abordar esta situaci\u00f3n. Nosotros los acompa\u00f1amos, vamos a hacer lo que nuestras bases decidan. Mucha fuerza compa\u00f1eros! Y a continuar la lucha!\u201d.<\/h3>\n<p>&nbsp;<\/p>\n<p><img decoding=\"async\" class=\"wp-image-9203 aligncenter\" src=\"https:\/\/apuntesdesanluis.com\/wp-content\/uploads\/2023\/12\/COM.-APTS-210x300.png\" alt=\"\" width=\"600\" height=\"857\" srcset=\"https:\/\/apuntesdesanluis.com\/wp-content\/uploads\/2023\/12\/COM.-APTS-210x300.png 210w, https:\/\/apuntesdesanluis.com\/wp-content\/uploads\/2023\/12\/COM.-APTS.png 552w\" sizes=\"(max-width: 600px) 100vw, 600px\" \/><\/p>\n<p>&nbsp;<\/p>\n<p>&nbsp;<\/p>\n<p>&nbsp;<\/p>\n<p>&nbsp;<\/p>\n","protected":false},"excerpt":{"rendered":"<p>La Asociaci\u00f3n de Profesionales y T\u00e9cnicos de la Salud (APTS) de San Luis calific\u00f3 como&#8230;<\/p>\n","protected":false},"author":1,"featured_media":9204,"comment_status":"closed","ping_status":"closed","sticky":false,"template":"","format":"standard","meta":{"footnotes":""},"categories":[6],"tags":[],"class_list":["post-9202","post","type-post","status-publish","format-standard","has-post-thumbnail","hentry","category-ciudad-provincia"],"yoast_head":"<!-- This site is optimized with the Yoast SEO plugin v26.1.1 - https:\/\/yoast.com\/wordpress\/plugins\/seo\/ -->\n<title>APTS EXPUSO SU MARCADO MALESTAR POR EL PAGO DESDOBLADO Y SE DECLAR\u00d3 EN ESTADO DE ALERTA - Apuntes de San Luis<\/title>\n<meta name=\"robots\" content=\"index, follow, max-snippet:-1, max-image-preview:large, max-video-preview:-1\" \/>\n<link rel=\"canonical\" href=\"https:\/\/apuntesdesanluis.com\/index.php\/2023\/12\/29\/apts-expuso-su-marcado-malestar-por-el-pago-desdoblado-y-se-declaro-en-estado-de-alerta\/\" \/>\n<meta property=\"og:locale\" content=\"es_ES\" \/>\n<meta property=\"og:type\" content=\"article\" \/>\n<meta property=\"og:title\" content=\"APTS EXPUSO SU MARCADO MALESTAR POR EL PAGO DESDOBLADO Y SE DECLAR\u00d3 EN ESTADO DE ALERTA - Apuntes de San Luis\" \/>\n<meta property=\"og:description\" content=\"La Asociaci\u00f3n de Profesionales y T\u00e9cnicos de la Salud (APTS) de San Luis calific\u00f3 como...\" \/>\n<meta property=\"og:url\" content=\"https:\/\/apuntesdesanluis.com\/index.php\/2023\/12\/29\/apts-expuso-su-marcado-malestar-por-el-pago-desdoblado-y-se-declaro-en-estado-de-alerta\/\" \/>\n<meta property=\"og:site_name\" content=\"Apuntes de San Luis\" \/>\n<meta property=\"article:published_time\" content=\"2023-12-29T22:57:24+00:00\" \/>\n<meta property=\"article:modified_time\" content=\"2023-12-29T23:11:08+00:00\" \/>\n<meta property=\"og:image\" content=\"https:\/\/apuntesdesanluis.com\/wp-content\/uploads\/2023\/12\/apts.png\" \/>\n\t<meta property=\"og:image:width\" content=\"529\" \/>\n\t<meta property=\"og:image:height\" content=\"292\" \/>\n\t<meta property=\"og:image:type\" content=\"image\/png\" \/>\n<meta name=\"author\" content=\"apuntesdesanluis.com\" \/>\n<meta name=\"twitter:card\" content=\"summary_large_image\" \/>\n<meta name=\"twitter:label1\" content=\"Escrito por\" \/>\n\t<meta name=\"twitter:data1\" content=\"apuntesdesanluis.com\" \/>\n\t<meta name=\"twitter:label2\" content=\"Tiempo de lectura\" \/>\n\t<meta name=\"twitter:data2\" content=\"4 minutos\" \/>\n<script type=\"application\/ld+json\" class=\"yoast-schema-graph\">{\"@context\":\"https:\/\/schema.org\",\"@graph\":[{\"@type\":\"Article\",\"@id\":\"https:\/\/apuntesdesanluis.com\/index.php\/2023\/12\/29\/apts-expuso-su-marcado-malestar-por-el-pago-desdoblado-y-se-declaro-en-estado-de-alerta\/#article\",\"isPartOf\":{\"@id\":\"https:\/\/apuntesdesanluis.com\/index.php\/2023\/12\/29\/apts-expuso-su-marcado-malestar-por-el-pago-desdoblado-y-se-declaro-en-estado-de-alerta\/\"},\"author\":{\"name\":\"apuntesdesanluis.com\",\"@id\":\"https:\/\/apuntesdesanluis.com\/#\/schema\/person\/b55151d52296fcce64d1a72538a70b90\"},\"headline\":\"APTS EXPUSO SU MARCADO MALESTAR POR EL PAGO DESDOBLADO Y SE DECLAR\u00d3 EN ESTADO DE ALERTA\",\"datePublished\":\"2023-12-29T22:57:24+00:00\",\"dateModified\":\"2023-12-29T23:11:08+00:00\",\"mainEntityOfPage\":{\"@id\":\"https:\/\/apuntesdesanluis.com\/index.php\/2023\/12\/29\/apts-expuso-su-marcado-malestar-por-el-pago-desdoblado-y-se-declaro-en-estado-de-alerta\/\"},\"wordCount\":614,\"publisher\":{\"@id\":\"https:\/\/apuntesdesanluis.com\/#\/schema\/person\/b55151d52296fcce64d1a72538a70b90\"},\"image\":{\"@id\":\"https:\/\/apuntesdesanluis.com\/index.php\/2023\/12\/29\/apts-expuso-su-marcado-malestar-por-el-pago-desdoblado-y-se-declaro-en-estado-de-alerta\/#primaryimage\"},\"thumbnailUrl\":\"https:\/\/apuntesdesanluis.com\/wp-content\/uploads\/2023\/12\/apts.png\",\"articleSection\":[\"Ciudad\/Provincia\"],\"inLanguage\":\"es-AR\"},{\"@type\":\"WebPage\",\"@id\":\"https:\/\/apuntesdesanluis.com\/index.php\/2023\/12\/29\/apts-expuso-su-marcado-malestar-por-el-pago-desdoblado-y-se-declaro-en-estado-de-alerta\/\",\"url\":\"https:\/\/apuntesdesanluis.com\/index.php\/2023\/12\/29\/apts-expuso-su-marcado-malestar-por-el-pago-desdoblado-y-se-declaro-en-estado-de-alerta\/\",\"name\":\"APTS EXPUSO SU MARCADO MALESTAR POR EL PAGO DESDOBLADO Y SE DECLAR\u00d3 EN ESTADO DE ALERTA - Apuntes de San Luis\",\"isPartOf\":{\"@id\":\"https:\/\/apuntesdesanluis.com\/#website\"},\"primaryImageOfPage\":{\"@id\":\"https:\/\/apuntesdesanluis.com\/index.php\/2023\/12\/29\/apts-expuso-su-marcado-malestar-por-el-pago-desdoblado-y-se-declaro-en-estado-de-alerta\/#primaryimage\"},\"image\":{\"@id\":\"https:\/\/apuntesdesanluis.com\/index.php\/2023\/12\/29\/apts-expuso-su-marcado-malestar-por-el-pago-desdoblado-y-se-declaro-en-estado-de-alerta\/#primaryimage\"},\"thumbnailUrl\":\"https:\/\/apuntesdesanluis.com\/wp-content\/uploads\/2023\/12\/apts.png\",\"datePublished\":\"2023-12-29T22:57:24+00:00\",\"dateModified\":\"2023-12-29T23:11:08+00:00\",\"breadcrumb\":{\"@id\":\"https:\/\/apuntesdesanluis.com\/index.php\/2023\/12\/29\/apts-expuso-su-marcado-malestar-por-el-pago-desdoblado-y-se-declaro-en-estado-de-alerta\/#breadcrumb\"},\"inLanguage\":\"es-AR\",\"potentialAction\":[{\"@type\":\"ReadAction\",\"target\":[\"https:\/\/apuntesdesanluis.com\/index.php\/2023\/12\/29\/apts-expuso-su-marcado-malestar-por-el-pago-desdoblado-y-se-declaro-en-estado-de-alerta\/\"]}]},{\"@type\":\"ImageObject\",\"inLanguage\":\"es-AR\",\"@id\":\"https:\/\/apuntesdesanluis.com\/index.php\/2023\/12\/29\/apts-expuso-su-marcado-malestar-por-el-pago-desdoblado-y-se-declaro-en-estado-de-alerta\/#primaryimage\",\"url\":\"https:\/\/apuntesdesanluis.com\/wp-content\/uploads\/2023\/12\/apts.png\",\"contentUrl\":\"https:\/\/apuntesdesanluis.com\/wp-content\/uploads\/2023\/12\/apts.png\",\"width\":529,\"height\":292},{\"@type\":\"BreadcrumbList\",\"@id\":\"https:\/\/apuntesdesanluis.com\/index.php\/2023\/12\/29\/apts-expuso-su-marcado-malestar-por-el-pago-desdoblado-y-se-declaro-en-estado-de-alerta\/#breadcrumb\",\"itemListElement\":[{\"@type\":\"ListItem\",\"position\":1,\"name\":\"Inicio\",\"item\":\"https:\/\/apuntesdesanluis.com\/\"},{\"@type\":\"ListItem\",\"position\":2,\"name\":\"APTS EXPUSO SU MARCADO MALESTAR POR EL PAGO DESDOBLADO Y SE DECLAR\u00d3 EN ESTADO DE ALERTA\"}]},{\"@type\":\"WebSite\",\"@id\":\"https:\/\/apuntesdesanluis.com\/#website\",\"url\":\"https:\/\/apuntesdesanluis.com\/\",\"name\":\"Apuntes de San Luis\",\"description\":\"\",\"publisher\":{\"@id\":\"https:\/\/apuntesdesanluis.com\/#\/schema\/person\/b55151d52296fcce64d1a72538a70b90\"},\"potentialAction\":[{\"@type\":\"SearchAction\",\"target\":{\"@type\":\"EntryPoint\",\"urlTemplate\":\"https:\/\/apuntesdesanluis.com\/?s={search_term_string}\"},\"query-input\":{\"@type\":\"PropertyValueSpecification\",\"valueRequired\":true,\"valueName\":\"search_term_string\"}}],\"inLanguage\":\"es-AR\"},{\"@type\":[\"Person\",\"Organization\"],\"@id\":\"https:\/\/apuntesdesanluis.com\/#\/schema\/person\/b55151d52296fcce64d1a72538a70b90\",\"name\":\"apuntesdesanluis.com\",\"image\":{\"@type\":\"ImageObject\",\"inLanguage\":\"es-AR\",\"@id\":\"https:\/\/apuntesdesanluis.com\/#\/schema\/person\/image\/\",\"url\":\"https:\/\/apuntesdesanluis.com\/wp-content\/uploads\/2023\/07\/cropped-apuntesdesanluis.png\",\"contentUrl\":\"https:\/\/apuntesdesanluis.com\/wp-content\/uploads\/2023\/07\/cropped-apuntesdesanluis.png\",\"width\":450,\"height\":112,\"caption\":\"apuntesdesanluis.com\"},\"logo\":{\"@id\":\"https:\/\/apuntesdesanluis.com\/#\/schema\/person\/image\/\"},\"sameAs\":[\"https:\/\/apuntesdesanluis.com\"],\"url\":\"https:\/\/apuntesdesanluis.com\/index.php\/author\/apuntesdesanluis-com\/\"}]}<\/script>\n<!-- \/ Yoast SEO plugin. -->","yoast_head_json":{"title":"APTS EXPUSO SU MARCADO MALESTAR POR EL PAGO DESDOBLADO Y SE DECLAR\u00d3 EN ESTADO DE ALERTA - Apuntes de San Luis","robots":{"index":"index","follow":"follow","max-snippet":"max-snippet:-1","max-image-preview":"max-image-preview:large","max-video-preview":"max-video-preview:-1"},"canonical":"https:\/\/apuntesdesanluis.com\/index.php\/2023\/12\/29\/apts-expuso-su-marcado-malestar-por-el-pago-desdoblado-y-se-declaro-en-estado-de-alerta\/","og_locale":"es_ES","og_type":"article","og_title":"APTS EXPUSO SU MARCADO MALESTAR POR EL PAGO DESDOBLADO Y SE DECLAR\u00d3 EN ESTADO DE ALERTA - Apuntes de San Luis","og_description":"La Asociaci\u00f3n de Profesionales y T\u00e9cnicos de la Salud (APTS) de San Luis calific\u00f3 como...","og_url":"https:\/\/apuntesdesanluis.com\/index.php\/2023\/12\/29\/apts-expuso-su-marcado-malestar-por-el-pago-desdoblado-y-se-declaro-en-estado-de-alerta\/","og_site_name":"Apuntes de San Luis","article_published_time":"2023-12-29T22:57:24+00:00","article_modified_time":"2023-12-29T23:11:08+00:00","og_image":[{"width":529,"height":292,"url":"https:\/\/apuntesdesanluis.com\/wp-content\/uploads\/2023\/12\/apts.png","type":"image\/png"}],"author":"apuntesdesanluis.com","twitter_card":"summary_large_image","twitter_misc":{"Escrito por":"apuntesdesanluis.com","Tiempo de lectura":"4 minutos"},"schema":{"@context":"https:\/\/schema.org","@graph":[{"@type":"Article","@id":"https:\/\/apuntesdesanluis.com\/index.php\/2023\/12\/29\/apts-expuso-su-marcado-malestar-por-el-pago-desdoblado-y-se-declaro-en-estado-de-alerta\/#article","isPartOf":{"@id":"https:\/\/apuntesdesanluis.com\/index.php\/2023\/12\/29\/apts-expuso-su-marcado-malestar-por-el-pago-desdoblado-y-se-declaro-en-estado-de-alerta\/"},"author":{"name":"apuntesdesanluis.com","@id":"https:\/\/apuntesdesanluis.com\/#\/schema\/person\/b55151d52296fcce64d1a72538a70b90"},"headline":"APTS EXPUSO SU MARCADO MALESTAR POR EL PAGO DESDOBLADO Y SE DECLAR\u00d3 EN ESTADO DE ALERTA","datePublished":"2023-12-29T22:57:24+00:00","dateModified":"2023-12-29T23:11:08+00:00","mainEntityOfPage":{"@id":"https:\/\/apuntesdesanluis.com\/index.php\/2023\/12\/29\/apts-expuso-su-marcado-malestar-por-el-pago-desdoblado-y-se-declaro-en-estado-de-alerta\/"},"wordCount":614,"publisher":{"@id":"https:\/\/apuntesdesanluis.com\/#\/schema\/person\/b55151d52296fcce64d1a72538a70b90"},"image":{"@id":"https:\/\/apuntesdesanluis.com\/index.php\/2023\/12\/29\/apts-expuso-su-marcado-malestar-por-el-pago-desdoblado-y-se-declaro-en-estado-de-alerta\/#primaryimage"},"thumbnailUrl":"https:\/\/apuntesdesanluis.com\/wp-content\/uploads\/2023\/12\/apts.png","articleSection":["Ciudad\/Provincia"],"inLanguage":"es-AR"},{"@type":"WebPage","@id":"https:\/\/apuntesdesanluis.com\/index.php\/2023\/12\/29\/apts-expuso-su-marcado-malestar-por-el-pago-desdoblado-y-se-declaro-en-estado-de-alerta\/","url":"https:\/\/apuntesdesanluis.com\/index.php\/2023\/12\/29\/apts-expuso-su-marcado-malestar-por-el-pago-desdoblado-y-se-declaro-en-estado-de-alerta\/","name":"APTS EXPUSO SU MARCADO MALESTAR POR EL PAGO DESDOBLADO Y SE DECLAR\u00d3 EN ESTADO DE ALERTA - Apuntes de San Luis","isPartOf":{"@id":"https:\/\/apuntesdesanluis.com\/#website"},"primaryImageOfPage":{"@id":"https:\/\/apuntesdesanluis.com\/index.php\/2023\/12\/29\/apts-expuso-su-marcado-malestar-por-el-pago-desdoblado-y-se-declaro-en-estado-de-alerta\/#primaryimage"},"image":{"@id":"https:\/\/apuntesdesanluis.com\/index.php\/2023\/12\/29\/apts-expuso-su-marcado-malestar-por-el-pago-desdoblado-y-se-declaro-en-estado-de-alerta\/#primaryimage"},"thumbnailUrl":"https:\/\/apuntesdesanluis.com\/wp-content\/uploads\/2023\/12\/apts.png","datePublished":"2023-12-29T22:57:24+00:00","dateModified":"2023-12-29T23:11:08+00:00","breadcrumb":{"@id":"https:\/\/apuntesdesanluis.com\/index.php\/2023\/12\/29\/apts-expuso-su-marcado-malestar-por-el-pago-desdoblado-y-se-declaro-en-estado-de-alerta\/#breadcrumb"},"inLanguage":"es-AR","potentialAction":[{"@type":"ReadAction","target":["https:\/\/apuntesdesanluis.com\/index.php\/2023\/12\/29\/apts-expuso-su-marcado-malestar-por-el-pago-desdoblado-y-se-declaro-en-estado-de-alerta\/"]}]},{"@type":"ImageObject","inLanguage":"es-AR","@id":"https:\/\/apuntesdesanluis.com\/index.php\/2023\/12\/29\/apts-expuso-su-marcado-malestar-por-el-pago-desdoblado-y-se-declaro-en-estado-de-alerta\/#primaryimage","url":"https:\/\/apuntesdesanluis.com\/wp-content\/uploads\/2023\/12\/apts.png","contentUrl":"https:\/\/apuntesdesanluis.com\/wp-content\/uploads\/2023\/12\/apts.png","width":529,"height":292},{"@type":"BreadcrumbList","@id":"https:\/\/apuntesdesanluis.com\/index.php\/2023\/12\/29\/apts-expuso-su-marcado-malestar-por-el-pago-desdoblado-y-se-declaro-en-estado-de-alerta\/#breadcrumb","itemListElement":[{"@type":"ListItem","position":1,"name":"Inicio","item":"https:\/\/apuntesdesanluis.com\/"},{"@type":"ListItem","position":2,"name":"APTS EXPUSO SU MARCADO MALESTAR POR EL PAGO DESDOBLADO Y SE DECLAR\u00d3 EN ESTADO DE ALERTA"}]},{"@type":"WebSite","@id":"https:\/\/apuntesdesanluis.com\/#website","url":"https:\/\/apuntesdesanluis.com\/","name":"Apuntes de San Luis","description":"","publisher":{"@id":"https:\/\/apuntesdesanluis.com\/#\/schema\/person\/b55151d52296fcce64d1a72538a70b90"},"potentialAction":[{"@type":"SearchAction","target":{"@type":"EntryPoint","urlTemplate":"https:\/\/apuntesdesanluis.com\/?s={search_term_string}"},"query-input":{"@type":"PropertyValueSpecification","valueRequired":true,"valueName":"search_term_string"}}],"inLanguage":"es-AR"},{"@type":["Person","Organization"],"@id":"https:\/\/apuntesdesanluis.com\/#\/schema\/person\/b55151d52296fcce64d1a72538a70b90","name":"apuntesdesanluis.com","image":{"@type":"ImageObject","inLanguage":"es-AR","@id":"https:\/\/apuntesdesanluis.com\/#\/schema\/person\/image\/","url":"https:\/\/apuntesdesanluis.com\/wp-content\/uploads\/2023\/07\/cropped-apuntesdesanluis.png","contentUrl":"https:\/\/apuntesdesanluis.com\/wp-content\/uploads\/2023\/07\/cropped-apuntesdesanluis.png","width":450,"height":112,"caption":"apuntesdesanluis.com"},"logo":{"@id":"https:\/\/apuntesdesanluis.com\/#\/schema\/person\/image\/"},"sameAs":["https:\/\/apuntesdesanluis.com"],"url":"https:\/\/apuntesdesanluis.com\/index.php\/author\/apuntesdesanluis-com\/"}]}},"featured_image_urls":{"full":["https:\/\/apuntesdesanluis.com\/wp-content\/uploads\/2023\/12\/apts.png",529,292,false],"thumbnail":["https:\/\/apuntesdesanluis.com\/wp-content\/uploads\/2023\/12\/apts-150x150.png",150,150,true],"medium":["https:\/\/apuntesdesanluis.com\/wp-content\/uploads\/2023\/12\/apts-300x166.png",300,166,true],"medium_large":["https:\/\/apuntesdesanluis.com\/wp-content\/uploads\/2023\/12\/apts.png",529,292,false],"large":["https:\/\/apuntesdesanluis.com\/wp-content\/uploads\/2023\/12\/apts.png",529,292,false],"1536x1536":["https:\/\/apuntesdesanluis.com\/wp-content\/uploads\/2023\/12\/apts.png",529,292,false],"2048x2048":["https:\/\/apuntesdesanluis.com\/wp-content\/uploads\/2023\/12\/apts.png",529,292,false],"newsever-slider-full":["https:\/\/apuntesdesanluis.com\/wp-content\/uploads\/2023\/12\/apts.png",529,292,false],"newsever-featured":["https:\/\/apuntesdesanluis.com\/wp-content\/uploads\/2023\/12\/apts.png",529,292,false],"newsever-medium":["https:\/\/apuntesdesanluis.com\/wp-content\/uploads\/2023\/12\/apts.png",529,292,false]},"author_info":{"display_name":"apuntesdesanluis.com","author_link":"https:\/\/apuntesdesanluis.com\/index.php\/author\/apuntesdesanluis-com\/"},"category_info":"<a href=\"https:\/\/apuntesdesanluis.com\/index.php\/category\/ciudad-provincia\/\" rel=\"category tag\">Ciudad\/Provincia<\/a>","tag_info":"Ciudad\/Provincia","comment_count":"0","_links":{"self":[{"href":"https:\/\/apuntesdesanluis.com\/index.php\/wp-json\/wp\/v2\/posts\/9202","targetHints":{"allow":["GET"]}}],"collection":[{"href":"https:\/\/apuntesdesanluis.com\/index.php\/wp-json\/wp\/v2\/posts"}],"about":[{"href":"https:\/\/apuntesdesanluis.com\/index.php\/wp-json\/wp\/v2\/types\/post"}],"author":[{"embeddable":true,"href":"https:\/\/apuntesdesanluis.com\/index.php\/wp-json\/wp\/v2\/users\/1"}],"replies":[{"embeddable":true,"href":"https:\/\/apuntesdesanluis.com\/index.php\/wp-json\/wp\/v2\/comments?post=9202"}],"version-history":[{"count":6,"href":"https:\/\/apuntesdesanluis.com\/index.php\/wp-json\/wp\/v2\/posts\/9202\/revisions"}],"predecessor-version":[{"id":9212,"href":"https:\/\/apuntesdesanluis.com\/index.php\/wp-json\/wp\/v2\/posts\/9202\/revisions\/9212"}],"wp:featuredmedia":[{"embeddable":true,"href":"https:\/\/apuntesdesanluis.com\/index.php\/wp-json\/wp\/v2\/media\/9204"}],"wp:attachment":[{"href":"https:\/\/apuntesdesanluis.com\/index.php\/wp-json\/wp\/v2\/media?parent=9202"}],"wp:term":[{"taxonomy":"category","embeddable":true,"href":"https:\/\/apuntesdesanluis.com\/index.php\/wp-json\/wp\/v2\/categories?post=9202"},{"taxonomy":"post_tag","embeddable":true,"href":"https:\/\/apuntesdesanluis.com\/index.php\/wp-json\/wp\/v2\/tags?post=9202"}],"curies":[{"name":"wp","href":"https:\/\/api.w.org\/{rel}","templated":true}]}}