{"id":9213,"date":"2023-12-29T20:46:36","date_gmt":"2023-12-29T23:46:36","guid":{"rendered":"https:\/\/apuntesdesanluis.com\/?p=9213"},"modified":"2023-12-29T20:48:36","modified_gmt":"2023-12-29T23:48:36","slug":"atsa-amenazo-con-un-paro-si-este-sabado-no-se-depositan-los-salarios","status":"publish","type":"post","link":"https:\/\/apuntesdesanluis.com\/index.php\/2023\/12\/29\/atsa-amenazo-con-un-paro-si-este-sabado-no-se-depositan-los-salarios\/","title":{"rendered":"ATSA AMENAZ\u00d3 CON UN PARO SI ESTE S\u00c1BADO NO SE DEPOSITAN LOS SALARIOS"},"content":{"rendered":"<h3>Lo hizo este viernes a trav\u00e9s de una presentaci\u00f3n ante la Direcci\u00f3n de Relaciones Laborales, luego que afiliados de esta organizaci\u00f3n gremial no vieron depositados sus sueldos al igual que el resto de los empleados p\u00fablicos, lo que motiv\u00f3 una espont\u00e1nea y bulliciosa manifestaci\u00f3n.<\/h3>\n<h3>La desagradable noticia se transform\u00f3 en bronca e indignaci\u00f3n, por lo que el Secretario General de <strong>ATSA San Luis<\/strong> <strong>An\u00edbal G\u00f3mez<\/strong>, se puso al frente de una concentraci\u00f3n y protesta que se realiz\u00f3 en el Hospital de La Pedrera.<\/h3>\n<p><img fetchpriority=\"high\" decoding=\"async\" class=\"wp-image-9216 aligncenter\" src=\"https:\/\/apuntesdesanluis.com\/wp-content\/uploads\/2023\/12\/anibal-gomez-300x170.png\" alt=\"\" width=\"641\" height=\"363\" srcset=\"https:\/\/apuntesdesanluis.com\/wp-content\/uploads\/2023\/12\/anibal-gomez-300x170.png 300w, https:\/\/apuntesdesanluis.com\/wp-content\/uploads\/2023\/12\/anibal-gomez.png 428w\" sizes=\"(max-width: 641px) 100vw, 641px\" \/><\/p>\n<h3>\u201cEsto es doloroso, muy triste, no podemos soportar esta desprolijidad e incluso mala fe. Justo en este momento de fin de a\u00f1o, previo a las fiestas, nos vemos obligados a realizar este paro aqu\u00ed en La Pedrera. Esto es muy injusto, exigimos que se nos pague a m\u00e1s tardar ma\u00f1ana y el sueldo completo, porque ya hemos manifestado nuestro rechazo al pago desdoblado\u201d, enfatiz\u00f3 el dirigente.<\/h3>\n<h3>Indic\u00f3 tambi\u00e9n que siempre est\u00e1n &#8220;abiertos al di\u00e1logo, con buena fe, y hemos pedido una audiencia al Ejecutivo, pero no hemos sido convocados&#8221;.<\/h3>\n<h3>Entrevistado por <strong>Radio La Red Villa Mercedes<\/strong>, An\u00edbal G\u00f3mez expuso el malestar del sector.<\/h3>\n<div style=\"width: 640px;\" class=\"wp-video\"><!--[if lt IE 9]><script>document.createElement('video');<\/script><![endif]-->\n<video class=\"wp-video-shortcode\" id=\"video-9213-1\" width=\"640\" height=\"640\" preload=\"metadata\" controls=\"controls\"><source type=\"video\/mp4\" src=\"https:\/\/apuntesdesanluis.com\/wp-content\/uploads\/2023\/12\/10000000_686978056752577_7990223775180341270_n-1.mp4?_=1\" \/><a href=\"https:\/\/apuntesdesanluis.com\/wp-content\/uploads\/2023\/12\/10000000_686978056752577_7990223775180341270_n-1.mp4\">https:\/\/apuntesdesanluis.com\/wp-content\/uploads\/2023\/12\/10000000_686978056752577_7990223775180341270_n-1.mp4<\/a><\/video><\/div>\n<h3>Por su parte el Dr. <strong>Fabi\u00e1n Pelada<\/strong>, Apoderado de ATSA, manifest\u00f3 que esta no percepci\u00f3n del sueldo es \u201cdiscriminatoria\u201d, al tiempo que reiter\u00f3 cr\u00edticas a la decisi\u00f3n de abonar la mitad de los salarios.<\/h3>\n<h3>Por otro lado, emplazaron que si este s\u00e1bado no se encuentra depositado el 100% de los salarios, se pondr\u00e1n en marcha los mecanismos constitucionales para llevar adelante medidas de fuerza, \u201cgarantizando las guardias m\u00ednimas solo para urgencias\u201d.<\/h3>\n<p><img decoding=\"async\" class=\"wp-image-9219 aligncenter\" src=\"https:\/\/apuntesdesanluis.com\/wp-content\/uploads\/2023\/12\/atsa-300x184.png\" alt=\"\" width=\"585\" height=\"359\" srcset=\"https:\/\/apuntesdesanluis.com\/wp-content\/uploads\/2023\/12\/atsa-300x184.png 300w, https:\/\/apuntesdesanluis.com\/wp-content\/uploads\/2023\/12\/atsa.png 578w\" sizes=\"(max-width: 585px) 100vw, 585px\" \/><\/p>\n<p><img decoding=\"async\" class=\"wp-image-9220 aligncenter\" src=\"https:\/\/apuntesdesanluis.com\/wp-content\/uploads\/2023\/12\/atsa-1-246x300.png\" alt=\"\" width=\"580\" height=\"707\" srcset=\"https:\/\/apuntesdesanluis.com\/wp-content\/uploads\/2023\/12\/atsa-1-246x300.png 246w, https:\/\/apuntesdesanluis.com\/wp-content\/uploads\/2023\/12\/atsa-1.png 591w\" sizes=\"(max-width: 580px) 100vw, 580px\" \/><\/p>\n<p>&nbsp;<\/p>\n<p>&nbsp;<\/p>\n","protected":false},"excerpt":{"rendered":"<p>Lo hizo este viernes a trav\u00e9s de una presentaci\u00f3n ante la Direcci\u00f3n de Relaciones Laborales,&#8230;<\/p>\n","protected":false},"author":1,"featured_media":9215,"comment_status":"closed","ping_status":"closed","sticky":false,"template":"","format":"standard","meta":{"footnotes":""},"categories":[6],"tags":[],"class_list":["post-9213","post","type-post","status-publish","format-standard","has-post-thumbnail","hentry","category-ciudad-provincia"],"yoast_head":"<!-- This site is optimized with the Yoast SEO plugin v26.1.1 - https:\/\/yoast.com\/wordpress\/plugins\/seo\/ -->\n<title>ATSA AMENAZ\u00d3 CON UN PARO SI ESTE S\u00c1BADO NO SE DEPOSITAN LOS SALARIOS - Apuntes de San Luis<\/title>\n<meta name=\"robots\" content=\"index, follow, max-snippet:-1, max-image-preview:large, max-video-preview:-1\" \/>\n<link rel=\"canonical\" href=\"https:\/\/apuntesdesanluis.com\/index.php\/2023\/12\/29\/atsa-amenazo-con-un-paro-si-este-sabado-no-se-depositan-los-salarios\/\" \/>\n<meta property=\"og:locale\" content=\"es_ES\" \/>\n<meta property=\"og:type\" content=\"article\" \/>\n<meta property=\"og:title\" content=\"ATSA AMENAZ\u00d3 CON UN PARO SI ESTE S\u00c1BADO NO SE DEPOSITAN LOS SALARIOS - Apuntes de San Luis\" \/>\n<meta property=\"og:description\" content=\"Lo hizo este viernes a trav\u00e9s de una presentaci\u00f3n ante la Direcci\u00f3n de Relaciones Laborales,...\" \/>\n<meta property=\"og:url\" content=\"https:\/\/apuntesdesanluis.com\/index.php\/2023\/12\/29\/atsa-amenazo-con-un-paro-si-este-sabado-no-se-depositan-los-salarios\/\" \/>\n<meta property=\"og:site_name\" content=\"Apuntes de San Luis\" \/>\n<meta property=\"article:published_time\" content=\"2023-12-29T23:46:36+00:00\" \/>\n<meta property=\"article:modified_time\" content=\"2023-12-29T23:48:36+00:00\" \/>\n<meta property=\"og:image\" content=\"https:\/\/apuntesdesanluis.com\/wp-content\/uploads\/2023\/12\/atsa-la-pedrera.png\" \/>\n\t<meta property=\"og:image:width\" content=\"381\" \/>\n\t<meta property=\"og:image:height\" content=\"228\" \/>\n\t<meta property=\"og:image:type\" content=\"image\/png\" \/>\n<meta name=\"author\" content=\"apuntesdesanluis.com\" \/>\n<meta name=\"twitter:card\" content=\"summary_large_image\" \/>\n<meta name=\"twitter:label1\" content=\"Escrito por\" \/>\n\t<meta name=\"twitter:data1\" content=\"apuntesdesanluis.com\" \/>\n\t<meta name=\"twitter:label2\" content=\"Tiempo de lectura\" \/>\n\t<meta name=\"twitter:data2\" content=\"2 minutos\" \/>\n<script type=\"application\/ld+json\" class=\"yoast-schema-graph\">{\"@context\":\"https:\/\/schema.org\",\"@graph\":[{\"@type\":\"Article\",\"@id\":\"https:\/\/apuntesdesanluis.com\/index.php\/2023\/12\/29\/atsa-amenazo-con-un-paro-si-este-sabado-no-se-depositan-los-salarios\/#article\",\"isPartOf\":{\"@id\":\"https:\/\/apuntesdesanluis.com\/index.php\/2023\/12\/29\/atsa-amenazo-con-un-paro-si-este-sabado-no-se-depositan-los-salarios\/\"},\"author\":{\"name\":\"apuntesdesanluis.com\",\"@id\":\"https:\/\/apuntesdesanluis.com\/#\/schema\/person\/b55151d52296fcce64d1a72538a70b90\"},\"headline\":\"ATSA AMENAZ\u00d3 CON UN PARO SI ESTE S\u00c1BADO NO SE DEPOSITAN LOS SALARIOS\",\"datePublished\":\"2023-12-29T23:46:36+00:00\",\"dateModified\":\"2023-12-29T23:48:36+00:00\",\"mainEntityOfPage\":{\"@id\":\"https:\/\/apuntesdesanluis.com\/index.php\/2023\/12\/29\/atsa-amenazo-con-un-paro-si-este-sabado-no-se-depositan-los-salarios\/\"},\"wordCount\":310,\"publisher\":{\"@id\":\"https:\/\/apuntesdesanluis.com\/#\/schema\/person\/b55151d52296fcce64d1a72538a70b90\"},\"image\":{\"@id\":\"https:\/\/apuntesdesanluis.com\/index.php\/2023\/12\/29\/atsa-amenazo-con-un-paro-si-este-sabado-no-se-depositan-los-salarios\/#primaryimage\"},\"thumbnailUrl\":\"https:\/\/apuntesdesanluis.com\/wp-content\/uploads\/2023\/12\/atsa-la-pedrera.png\",\"articleSection\":[\"Ciudad\/Provincia\"],\"inLanguage\":\"es-AR\"},{\"@type\":\"WebPage\",\"@id\":\"https:\/\/apuntesdesanluis.com\/index.php\/2023\/12\/29\/atsa-amenazo-con-un-paro-si-este-sabado-no-se-depositan-los-salarios\/\",\"url\":\"https:\/\/apuntesdesanluis.com\/index.php\/2023\/12\/29\/atsa-amenazo-con-un-paro-si-este-sabado-no-se-depositan-los-salarios\/\",\"name\":\"ATSA AMENAZ\u00d3 CON UN PARO SI ESTE S\u00c1BADO NO SE DEPOSITAN LOS SALARIOS - Apuntes de San Luis\",\"isPartOf\":{\"@id\":\"https:\/\/apuntesdesanluis.com\/#website\"},\"primaryImageOfPage\":{\"@id\":\"https:\/\/apuntesdesanluis.com\/index.php\/2023\/12\/29\/atsa-amenazo-con-un-paro-si-este-sabado-no-se-depositan-los-salarios\/#primaryimage\"},\"image\":{\"@id\":\"https:\/\/apuntesdesanluis.com\/index.php\/2023\/12\/29\/atsa-amenazo-con-un-paro-si-este-sabado-no-se-depositan-los-salarios\/#primaryimage\"},\"thumbnailUrl\":\"https:\/\/apuntesdesanluis.com\/wp-content\/uploads\/2023\/12\/atsa-la-pedrera.png\",\"datePublished\":\"2023-12-29T23:46:36+00:00\",\"dateModified\":\"2023-12-29T23:48:36+00:00\",\"breadcrumb\":{\"@id\":\"https:\/\/apuntesdesanluis.com\/index.php\/2023\/12\/29\/atsa-amenazo-con-un-paro-si-este-sabado-no-se-depositan-los-salarios\/#breadcrumb\"},\"inLanguage\":\"es-AR\",\"potentialAction\":[{\"@type\":\"ReadAction\",\"target\":[\"https:\/\/apuntesdesanluis.com\/index.php\/2023\/12\/29\/atsa-amenazo-con-un-paro-si-este-sabado-no-se-depositan-los-salarios\/\"]}]},{\"@type\":\"ImageObject\",\"inLanguage\":\"es-AR\",\"@id\":\"https:\/\/apuntesdesanluis.com\/index.php\/2023\/12\/29\/atsa-amenazo-con-un-paro-si-este-sabado-no-se-depositan-los-salarios\/#primaryimage\",\"url\":\"https:\/\/apuntesdesanluis.com\/wp-content\/uploads\/2023\/12\/atsa-la-pedrera.png\",\"contentUrl\":\"https:\/\/apuntesdesanluis.com\/wp-content\/uploads\/2023\/12\/atsa-la-pedrera.png\",\"width\":381,\"height\":228},{\"@type\":\"BreadcrumbList\",\"@id\":\"https:\/\/apuntesdesanluis.com\/index.php\/2023\/12\/29\/atsa-amenazo-con-un-paro-si-este-sabado-no-se-depositan-los-salarios\/#breadcrumb\",\"itemListElement\":[{\"@type\":\"ListItem\",\"position\":1,\"name\":\"Inicio\",\"item\":\"https:\/\/apuntesdesanluis.com\/\"},{\"@type\":\"ListItem\",\"position\":2,\"name\":\"ATSA AMENAZ\u00d3 CON UN PARO SI ESTE S\u00c1BADO NO SE DEPOSITAN LOS SALARIOS\"}]},{\"@type\":\"WebSite\",\"@id\":\"https:\/\/apuntesdesanluis.com\/#website\",\"url\":\"https:\/\/apuntesdesanluis.com\/\",\"name\":\"Apuntes de San Luis\",\"description\":\"\",\"publisher\":{\"@id\":\"https:\/\/apuntesdesanluis.com\/#\/schema\/person\/b55151d52296fcce64d1a72538a70b90\"},\"potentialAction\":[{\"@type\":\"SearchAction\",\"target\":{\"@type\":\"EntryPoint\",\"urlTemplate\":\"https:\/\/apuntesdesanluis.com\/?s={search_term_string}\"},\"query-input\":{\"@type\":\"PropertyValueSpecification\",\"valueRequired\":true,\"valueName\":\"search_term_string\"}}],\"inLanguage\":\"es-AR\"},{\"@type\":[\"Person\",\"Organization\"],\"@id\":\"https:\/\/apuntesdesanluis.com\/#\/schema\/person\/b55151d52296fcce64d1a72538a70b90\",\"name\":\"apuntesdesanluis.com\",\"image\":{\"@type\":\"ImageObject\",\"inLanguage\":\"es-AR\",\"@id\":\"https:\/\/apuntesdesanluis.com\/#\/schema\/person\/image\/\",\"url\":\"https:\/\/apuntesdesanluis.com\/wp-content\/uploads\/2023\/07\/cropped-apuntesdesanluis.png\",\"contentUrl\":\"https:\/\/apuntesdesanluis.com\/wp-content\/uploads\/2023\/07\/cropped-apuntesdesanluis.png\",\"width\":450,\"height\":112,\"caption\":\"apuntesdesanluis.com\"},\"logo\":{\"@id\":\"https:\/\/apuntesdesanluis.com\/#\/schema\/person\/image\/\"},\"sameAs\":[\"https:\/\/apuntesdesanluis.com\"],\"url\":\"https:\/\/apuntesdesanluis.com\/index.php\/author\/apuntesdesanluis-com\/\"}]}<\/script>\n<!-- \/ Yoast SEO plugin. -->","yoast_head_json":{"title":"ATSA AMENAZ\u00d3 CON UN PARO SI ESTE S\u00c1BADO NO SE DEPOSITAN LOS SALARIOS - Apuntes de San Luis","robots":{"index":"index","follow":"follow","max-snippet":"max-snippet:-1","max-image-preview":"max-image-preview:large","max-video-preview":"max-video-preview:-1"},"canonical":"https:\/\/apuntesdesanluis.com\/index.php\/2023\/12\/29\/atsa-amenazo-con-un-paro-si-este-sabado-no-se-depositan-los-salarios\/","og_locale":"es_ES","og_type":"article","og_title":"ATSA AMENAZ\u00d3 CON UN PARO SI ESTE S\u00c1BADO NO SE DEPOSITAN LOS SALARIOS - Apuntes de San Luis","og_description":"Lo hizo este viernes a trav\u00e9s de una presentaci\u00f3n ante la Direcci\u00f3n de Relaciones Laborales,...","og_url":"https:\/\/apuntesdesanluis.com\/index.php\/2023\/12\/29\/atsa-amenazo-con-un-paro-si-este-sabado-no-se-depositan-los-salarios\/","og_site_name":"Apuntes de San Luis","article_published_time":"2023-12-29T23:46:36+00:00","article_modified_time":"2023-12-29T23:48:36+00:00","og_image":[{"width":381,"height":228,"url":"https:\/\/apuntesdesanluis.com\/wp-content\/uploads\/2023\/12\/atsa-la-pedrera.png","type":"image\/png"}],"author":"apuntesdesanluis.com","twitter_card":"summary_large_image","twitter_misc":{"Escrito por":"apuntesdesanluis.com","Tiempo de lectura":"2 minutos"},"schema":{"@context":"https:\/\/schema.org","@graph":[{"@type":"Article","@id":"https:\/\/apuntesdesanluis.com\/index.php\/2023\/12\/29\/atsa-amenazo-con-un-paro-si-este-sabado-no-se-depositan-los-salarios\/#article","isPartOf":{"@id":"https:\/\/apuntesdesanluis.com\/index.php\/2023\/12\/29\/atsa-amenazo-con-un-paro-si-este-sabado-no-se-depositan-los-salarios\/"},"author":{"name":"apuntesdesanluis.com","@id":"https:\/\/apuntesdesanluis.com\/#\/schema\/person\/b55151d52296fcce64d1a72538a70b90"},"headline":"ATSA AMENAZ\u00d3 CON UN PARO SI ESTE S\u00c1BADO NO SE DEPOSITAN LOS SALARIOS","datePublished":"2023-12-29T23:46:36+00:00","dateModified":"2023-12-29T23:48:36+00:00","mainEntityOfPage":{"@id":"https:\/\/apuntesdesanluis.com\/index.php\/2023\/12\/29\/atsa-amenazo-con-un-paro-si-este-sabado-no-se-depositan-los-salarios\/"},"wordCount":310,"publisher":{"@id":"https:\/\/apuntesdesanluis.com\/#\/schema\/person\/b55151d52296fcce64d1a72538a70b90"},"image":{"@id":"https:\/\/apuntesdesanluis.com\/index.php\/2023\/12\/29\/atsa-amenazo-con-un-paro-si-este-sabado-no-se-depositan-los-salarios\/#primaryimage"},"thumbnailUrl":"https:\/\/apuntesdesanluis.com\/wp-content\/uploads\/2023\/12\/atsa-la-pedrera.png","articleSection":["Ciudad\/Provincia"],"inLanguage":"es-AR"},{"@type":"WebPage","@id":"https:\/\/apuntesdesanluis.com\/index.php\/2023\/12\/29\/atsa-amenazo-con-un-paro-si-este-sabado-no-se-depositan-los-salarios\/","url":"https:\/\/apuntesdesanluis.com\/index.php\/2023\/12\/29\/atsa-amenazo-con-un-paro-si-este-sabado-no-se-depositan-los-salarios\/","name":"ATSA AMENAZ\u00d3 CON UN PARO SI ESTE S\u00c1BADO NO SE DEPOSITAN LOS SALARIOS - Apuntes de San Luis","isPartOf":{"@id":"https:\/\/apuntesdesanluis.com\/#website"},"primaryImageOfPage":{"@id":"https:\/\/apuntesdesanluis.com\/index.php\/2023\/12\/29\/atsa-amenazo-con-un-paro-si-este-sabado-no-se-depositan-los-salarios\/#primaryimage"},"image":{"@id":"https:\/\/apuntesdesanluis.com\/index.php\/2023\/12\/29\/atsa-amenazo-con-un-paro-si-este-sabado-no-se-depositan-los-salarios\/#primaryimage"},"thumbnailUrl":"https:\/\/apuntesdesanluis.com\/wp-content\/uploads\/2023\/12\/atsa-la-pedrera.png","datePublished":"2023-12-29T23:46:36+00:00","dateModified":"2023-12-29T23:48:36+00:00","breadcrumb":{"@id":"https:\/\/apuntesdesanluis.com\/index.php\/2023\/12\/29\/atsa-amenazo-con-un-paro-si-este-sabado-no-se-depositan-los-salarios\/#breadcrumb"},"inLanguage":"es-AR","potentialAction":[{"@type":"ReadAction","target":["https:\/\/apuntesdesanluis.com\/index.php\/2023\/12\/29\/atsa-amenazo-con-un-paro-si-este-sabado-no-se-depositan-los-salarios\/"]}]},{"@type":"ImageObject","inLanguage":"es-AR","@id":"https:\/\/apuntesdesanluis.com\/index.php\/2023\/12\/29\/atsa-amenazo-con-un-paro-si-este-sabado-no-se-depositan-los-salarios\/#primaryimage","url":"https:\/\/apuntesdesanluis.com\/wp-content\/uploads\/2023\/12\/atsa-la-pedrera.png","contentUrl":"https:\/\/apuntesdesanluis.com\/wp-content\/uploads\/2023\/12\/atsa-la-pedrera.png","width":381,"height":228},{"@type":"BreadcrumbList","@id":"https:\/\/apuntesdesanluis.com\/index.php\/2023\/12\/29\/atsa-amenazo-con-un-paro-si-este-sabado-no-se-depositan-los-salarios\/#breadcrumb","itemListElement":[{"@type":"ListItem","position":1,"name":"Inicio","item":"https:\/\/apuntesdesanluis.com\/"},{"@type":"ListItem","position":2,"name":"ATSA AMENAZ\u00d3 CON UN PARO SI ESTE S\u00c1BADO NO SE DEPOSITAN LOS SALARIOS"}]},{"@type":"WebSite","@id":"https:\/\/apuntesdesanluis.com\/#website","url":"https:\/\/apuntesdesanluis.com\/","name":"Apuntes de San Luis","description":"","publisher":{"@id":"https:\/\/apuntesdesanluis.com\/#\/schema\/person\/b55151d52296fcce64d1a72538a70b90"},"potentialAction":[{"@type":"SearchAction","target":{"@type":"EntryPoint","urlTemplate":"https:\/\/apuntesdesanluis.com\/?s={search_term_string}"},"query-input":{"@type":"PropertyValueSpecification","valueRequired":true,"valueName":"search_term_string"}}],"inLanguage":"es-AR"},{"@type":["Person","Organization"],"@id":"https:\/\/apuntesdesanluis.com\/#\/schema\/person\/b55151d52296fcce64d1a72538a70b90","name":"apuntesdesanluis.com","image":{"@type":"ImageObject","inLanguage":"es-AR","@id":"https:\/\/apuntesdesanluis.com\/#\/schema\/person\/image\/","url":"https:\/\/apuntesdesanluis.com\/wp-content\/uploads\/2023\/07\/cropped-apuntesdesanluis.png","contentUrl":"https:\/\/apuntesdesanluis.com\/wp-content\/uploads\/2023\/07\/cropped-apuntesdesanluis.png","width":450,"height":112,"caption":"apuntesdesanluis.com"},"logo":{"@id":"https:\/\/apuntesdesanluis.com\/#\/schema\/person\/image\/"},"sameAs":["https:\/\/apuntesdesanluis.com"],"url":"https:\/\/apuntesdesanluis.com\/index.php\/author\/apuntesdesanluis-com\/"}]}},"featured_image_urls":{"full":["https:\/\/apuntesdesanluis.com\/wp-content\/uploads\/2023\/12\/atsa-la-pedrera.png",381,228,false],"thumbnail":["https:\/\/apuntesdesanluis.com\/wp-content\/uploads\/2023\/12\/atsa-la-pedrera-150x150.png",150,150,true],"medium":["https:\/\/apuntesdesanluis.com\/wp-content\/uploads\/2023\/12\/atsa-la-pedrera-300x180.png",300,180,true],"medium_large":["https:\/\/apuntesdesanluis.com\/wp-content\/uploads\/2023\/12\/atsa-la-pedrera.png",381,228,false],"large":["https:\/\/apuntesdesanluis.com\/wp-content\/uploads\/2023\/12\/atsa-la-pedrera.png",381,228,false],"1536x1536":["https:\/\/apuntesdesanluis.com\/wp-content\/uploads\/2023\/12\/atsa-la-pedrera.png",381,228,false],"2048x2048":["https:\/\/apuntesdesanluis.com\/wp-content\/uploads\/2023\/12\/atsa-la-pedrera.png",381,228,false],"newsever-slider-full":["https:\/\/apuntesdesanluis.com\/wp-content\/uploads\/2023\/12\/atsa-la-pedrera.png",381,228,false],"newsever-featured":["https:\/\/apuntesdesanluis.com\/wp-content\/uploads\/2023\/12\/atsa-la-pedrera.png",381,228,false],"newsever-medium":["https:\/\/apuntesdesanluis.com\/wp-content\/uploads\/2023\/12\/atsa-la-pedrera.png",381,228,false]},"author_info":{"display_name":"apuntesdesanluis.com","author_link":"https:\/\/apuntesdesanluis.com\/index.php\/author\/apuntesdesanluis-com\/"},"category_info":"<a href=\"https:\/\/apuntesdesanluis.com\/index.php\/category\/ciudad-provincia\/\" rel=\"category tag\">Ciudad\/Provincia<\/a>","tag_info":"Ciudad\/Provincia","comment_count":"0","_links":{"self":[{"href":"https:\/\/apuntesdesanluis.com\/index.php\/wp-json\/wp\/v2\/posts\/9213","targetHints":{"allow":["GET"]}}],"collection":[{"href":"https:\/\/apuntesdesanluis.com\/index.php\/wp-json\/wp\/v2\/posts"}],"about":[{"href":"https:\/\/apuntesdesanluis.com\/index.php\/wp-json\/wp\/v2\/types\/post"}],"author":[{"embeddable":true,"href":"https:\/\/apuntesdesanluis.com\/index.php\/wp-json\/wp\/v2\/users\/1"}],"replies":[{"embeddable":true,"href":"https:\/\/apuntesdesanluis.com\/index.php\/wp-json\/wp\/v2\/comments?post=9213"}],"version-history":[{"count":3,"href":"https:\/\/apuntesdesanluis.com\/index.php\/wp-json\/wp\/v2\/posts\/9213\/revisions"}],"predecessor-version":[{"id":9221,"href":"https:\/\/apuntesdesanluis.com\/index.php\/wp-json\/wp\/v2\/posts\/9213\/revisions\/9221"}],"wp:featuredmedia":[{"embeddable":true,"href":"https:\/\/apuntesdesanluis.com\/index.php\/wp-json\/wp\/v2\/media\/9215"}],"wp:attachment":[{"href":"https:\/\/apuntesdesanluis.com\/index.php\/wp-json\/wp\/v2\/media?parent=9213"}],"wp:term":[{"taxonomy":"category","embeddable":true,"href":"https:\/\/apuntesdesanluis.com\/index.php\/wp-json\/wp\/v2\/categories?post=9213"},{"taxonomy":"post_tag","embeddable":true,"href":"https:\/\/apuntesdesanluis.com\/index.php\/wp-json\/wp\/v2\/tags?post=9213"}],"curies":[{"name":"wp","href":"https:\/\/api.w.org\/{rel}","templated":true}]}}