{"id":9222,"date":"2023-12-29T20:56:06","date_gmt":"2023-12-29T23:56:06","guid":{"rendered":"https:\/\/apuntesdesanluis.com\/?p=9222"},"modified":"2023-12-29T20:56:06","modified_gmt":"2023-12-29T23:56:06","slug":"el-gobierno-impulsa-una-amplia-moratoria-impositiva-y-blanqueo-provincial","status":"publish","type":"post","link":"https:\/\/apuntesdesanluis.com\/index.php\/2023\/12\/29\/el-gobierno-impulsa-una-amplia-moratoria-impositiva-y-blanqueo-provincial\/","title":{"rendered":"EL GOBIERNO IMPULSA UNA AMPLIA MORATORIA IMPOSITIVA Y BLANQUEO PROVINCIAL"},"content":{"rendered":"<h3>Comenzar\u00e1 en abril e incluir\u00e1 los vencimientos hasta el 31 de diciembre de 2023. Los contribuyentes que adhieran a la moratoria y blanqueo deber\u00e1n estar al d\u00eda en sus obligaciones corrientes de los meses de enero, febrero y marzo de 2024.<\/h3>\n<h3>Ser\u00e1 la \u00fanica moratoria impositiva de esta gesti\u00f3n y apunta a incrementar la recaudaci\u00f3n tributaria provincial de 2024, adem\u00e1s de ordenar al sistema.<\/h3>\n<h3>La medida fue confirmada luego de la reuni\u00f3n de trabajo que coordin\u00f3 el gobernador, <strong>Claudio Poggi<\/strong>, y de la que participaron, el ministro de Hacienda e Infraestructura P\u00fablica, <strong>N\u00e9stor Ordo\u00f1ez<\/strong>; la directora General de Ingresos P\u00fablicos y coordinadora de Hacienda, <strong>Teresa Capiello<\/strong>, y el subdirector de Ingresos P\u00fablicos, <strong>Alberto Crespo<\/strong>.<\/h3>\n","protected":false},"excerpt":{"rendered":"<p>Comenzar\u00e1 en abril e incluir\u00e1 los vencimientos hasta el 31 de diciembre de 2023. Los&#8230;<\/p>\n","protected":false},"author":1,"featured_media":9223,"comment_status":"closed","ping_status":"closed","sticky":false,"template":"","format":"standard","meta":{"footnotes":""},"categories":[6],"tags":[],"class_list":["post-9222","post","type-post","status-publish","format-standard","has-post-thumbnail","hentry","category-ciudad-provincia"],"yoast_head":"<!-- This site is optimized with the Yoast SEO plugin v26.1.1 - https:\/\/yoast.com\/wordpress\/plugins\/seo\/ -->\n<title>EL GOBIERNO IMPULSA UNA AMPLIA MORATORIA IMPOSITIVA Y BLANQUEO PROVINCIAL - Apuntes de San Luis<\/title>\n<meta name=\"robots\" content=\"index, follow, max-snippet:-1, max-image-preview:large, max-video-preview:-1\" \/>\n<link rel=\"canonical\" href=\"https:\/\/apuntesdesanluis.com\/index.php\/2023\/12\/29\/el-gobierno-impulsa-una-amplia-moratoria-impositiva-y-blanqueo-provincial\/\" \/>\n<meta property=\"og:locale\" content=\"es_ES\" \/>\n<meta property=\"og:type\" content=\"article\" \/>\n<meta property=\"og:title\" content=\"EL GOBIERNO IMPULSA UNA AMPLIA MORATORIA IMPOSITIVA Y BLANQUEO PROVINCIAL - Apuntes de San Luis\" \/>\n<meta property=\"og:description\" content=\"Comenzar\u00e1 en abril e incluir\u00e1 los vencimientos hasta el 31 de diciembre de 2023. Los...\" \/>\n<meta property=\"og:url\" content=\"https:\/\/apuntesdesanluis.com\/index.php\/2023\/12\/29\/el-gobierno-impulsa-una-amplia-moratoria-impositiva-y-blanqueo-provincial\/\" \/>\n<meta property=\"og:site_name\" content=\"Apuntes de San Luis\" \/>\n<meta property=\"article:published_time\" content=\"2023-12-29T23:56:06+00:00\" \/>\n<meta property=\"og:image\" content=\"https:\/\/apuntesdesanluis.com\/wp-content\/uploads\/2023\/12\/moratoria.png\" \/>\n\t<meta property=\"og:image:width\" content=\"626\" \/>\n\t<meta property=\"og:image:height\" content=\"363\" \/>\n\t<meta property=\"og:image:type\" content=\"image\/png\" \/>\n<meta name=\"author\" content=\"apuntesdesanluis.com\" \/>\n<meta name=\"twitter:card\" content=\"summary_large_image\" \/>\n<meta name=\"twitter:label1\" content=\"Escrito por\" \/>\n\t<meta name=\"twitter:data1\" content=\"apuntesdesanluis.com\" \/>\n\t<meta name=\"twitter:label2\" content=\"Tiempo de lectura\" \/>\n\t<meta name=\"twitter:data2\" content=\"1 minuto\" \/>\n<script type=\"application\/ld+json\" class=\"yoast-schema-graph\">{\"@context\":\"https:\/\/schema.org\",\"@graph\":[{\"@type\":\"Article\",\"@id\":\"https:\/\/apuntesdesanluis.com\/index.php\/2023\/12\/29\/el-gobierno-impulsa-una-amplia-moratoria-impositiva-y-blanqueo-provincial\/#article\",\"isPartOf\":{\"@id\":\"https:\/\/apuntesdesanluis.com\/index.php\/2023\/12\/29\/el-gobierno-impulsa-una-amplia-moratoria-impositiva-y-blanqueo-provincial\/\"},\"author\":{\"name\":\"apuntesdesanluis.com\",\"@id\":\"https:\/\/apuntesdesanluis.com\/#\/schema\/person\/b55151d52296fcce64d1a72538a70b90\"},\"headline\":\"EL GOBIERNO IMPULSA UNA AMPLIA MORATORIA IMPOSITIVA Y BLANQUEO PROVINCIAL\",\"datePublished\":\"2023-12-29T23:56:06+00:00\",\"mainEntityOfPage\":{\"@id\":\"https:\/\/apuntesdesanluis.com\/index.php\/2023\/12\/29\/el-gobierno-impulsa-una-amplia-moratoria-impositiva-y-blanqueo-provincial\/\"},\"wordCount\":131,\"publisher\":{\"@id\":\"https:\/\/apuntesdesanluis.com\/#\/schema\/person\/b55151d52296fcce64d1a72538a70b90\"},\"image\":{\"@id\":\"https:\/\/apuntesdesanluis.com\/index.php\/2023\/12\/29\/el-gobierno-impulsa-una-amplia-moratoria-impositiva-y-blanqueo-provincial\/#primaryimage\"},\"thumbnailUrl\":\"https:\/\/apuntesdesanluis.com\/wp-content\/uploads\/2023\/12\/moratoria.png\",\"articleSection\":[\"Ciudad\/Provincia\"],\"inLanguage\":\"es-AR\"},{\"@type\":\"WebPage\",\"@id\":\"https:\/\/apuntesdesanluis.com\/index.php\/2023\/12\/29\/el-gobierno-impulsa-una-amplia-moratoria-impositiva-y-blanqueo-provincial\/\",\"url\":\"https:\/\/apuntesdesanluis.com\/index.php\/2023\/12\/29\/el-gobierno-impulsa-una-amplia-moratoria-impositiva-y-blanqueo-provincial\/\",\"name\":\"EL GOBIERNO IMPULSA UNA AMPLIA MORATORIA IMPOSITIVA Y BLANQUEO PROVINCIAL - Apuntes de San Luis\",\"isPartOf\":{\"@id\":\"https:\/\/apuntesdesanluis.com\/#website\"},\"primaryImageOfPage\":{\"@id\":\"https:\/\/apuntesdesanluis.com\/index.php\/2023\/12\/29\/el-gobierno-impulsa-una-amplia-moratoria-impositiva-y-blanqueo-provincial\/#primaryimage\"},\"image\":{\"@id\":\"https:\/\/apuntesdesanluis.com\/index.php\/2023\/12\/29\/el-gobierno-impulsa-una-amplia-moratoria-impositiva-y-blanqueo-provincial\/#primaryimage\"},\"thumbnailUrl\":\"https:\/\/apuntesdesanluis.com\/wp-content\/uploads\/2023\/12\/moratoria.png\",\"datePublished\":\"2023-12-29T23:56:06+00:00\",\"breadcrumb\":{\"@id\":\"https:\/\/apuntesdesanluis.com\/index.php\/2023\/12\/29\/el-gobierno-impulsa-una-amplia-moratoria-impositiva-y-blanqueo-provincial\/#breadcrumb\"},\"inLanguage\":\"es-AR\",\"potentialAction\":[{\"@type\":\"ReadAction\",\"target\":[\"https:\/\/apuntesdesanluis.com\/index.php\/2023\/12\/29\/el-gobierno-impulsa-una-amplia-moratoria-impositiva-y-blanqueo-provincial\/\"]}]},{\"@type\":\"ImageObject\",\"inLanguage\":\"es-AR\",\"@id\":\"https:\/\/apuntesdesanluis.com\/index.php\/2023\/12\/29\/el-gobierno-impulsa-una-amplia-moratoria-impositiva-y-blanqueo-provincial\/#primaryimage\",\"url\":\"https:\/\/apuntesdesanluis.com\/wp-content\/uploads\/2023\/12\/moratoria.png\",\"contentUrl\":\"https:\/\/apuntesdesanluis.com\/wp-content\/uploads\/2023\/12\/moratoria.png\",\"width\":626,\"height\":363},{\"@type\":\"BreadcrumbList\",\"@id\":\"https:\/\/apuntesdesanluis.com\/index.php\/2023\/12\/29\/el-gobierno-impulsa-una-amplia-moratoria-impositiva-y-blanqueo-provincial\/#breadcrumb\",\"itemListElement\":[{\"@type\":\"ListItem\",\"position\":1,\"name\":\"Inicio\",\"item\":\"https:\/\/apuntesdesanluis.com\/\"},{\"@type\":\"ListItem\",\"position\":2,\"name\":\"EL GOBIERNO IMPULSA UNA AMPLIA MORATORIA IMPOSITIVA Y BLANQUEO PROVINCIAL\"}]},{\"@type\":\"WebSite\",\"@id\":\"https:\/\/apuntesdesanluis.com\/#website\",\"url\":\"https:\/\/apuntesdesanluis.com\/\",\"name\":\"Apuntes de San Luis\",\"description\":\"\",\"publisher\":{\"@id\":\"https:\/\/apuntesdesanluis.com\/#\/schema\/person\/b55151d52296fcce64d1a72538a70b90\"},\"potentialAction\":[{\"@type\":\"SearchAction\",\"target\":{\"@type\":\"EntryPoint\",\"urlTemplate\":\"https:\/\/apuntesdesanluis.com\/?s={search_term_string}\"},\"query-input\":{\"@type\":\"PropertyValueSpecification\",\"valueRequired\":true,\"valueName\":\"search_term_string\"}}],\"inLanguage\":\"es-AR\"},{\"@type\":[\"Person\",\"Organization\"],\"@id\":\"https:\/\/apuntesdesanluis.com\/#\/schema\/person\/b55151d52296fcce64d1a72538a70b90\",\"name\":\"apuntesdesanluis.com\",\"image\":{\"@type\":\"ImageObject\",\"inLanguage\":\"es-AR\",\"@id\":\"https:\/\/apuntesdesanluis.com\/#\/schema\/person\/image\/\",\"url\":\"https:\/\/apuntesdesanluis.com\/wp-content\/uploads\/2023\/07\/cropped-apuntesdesanluis.png\",\"contentUrl\":\"https:\/\/apuntesdesanluis.com\/wp-content\/uploads\/2023\/07\/cropped-apuntesdesanluis.png\",\"width\":450,\"height\":112,\"caption\":\"apuntesdesanluis.com\"},\"logo\":{\"@id\":\"https:\/\/apuntesdesanluis.com\/#\/schema\/person\/image\/\"},\"sameAs\":[\"https:\/\/apuntesdesanluis.com\"],\"url\":\"https:\/\/apuntesdesanluis.com\/index.php\/author\/apuntesdesanluis-com\/\"}]}<\/script>\n<!-- \/ Yoast SEO plugin. -->","yoast_head_json":{"title":"EL GOBIERNO IMPULSA UNA AMPLIA MORATORIA IMPOSITIVA Y BLANQUEO PROVINCIAL - Apuntes de San Luis","robots":{"index":"index","follow":"follow","max-snippet":"max-snippet:-1","max-image-preview":"max-image-preview:large","max-video-preview":"max-video-preview:-1"},"canonical":"https:\/\/apuntesdesanluis.com\/index.php\/2023\/12\/29\/el-gobierno-impulsa-una-amplia-moratoria-impositiva-y-blanqueo-provincial\/","og_locale":"es_ES","og_type":"article","og_title":"EL GOBIERNO IMPULSA UNA AMPLIA MORATORIA IMPOSITIVA Y BLANQUEO PROVINCIAL - Apuntes de San Luis","og_description":"Comenzar\u00e1 en abril e incluir\u00e1 los vencimientos hasta el 31 de diciembre de 2023. Los...","og_url":"https:\/\/apuntesdesanluis.com\/index.php\/2023\/12\/29\/el-gobierno-impulsa-una-amplia-moratoria-impositiva-y-blanqueo-provincial\/","og_site_name":"Apuntes de San Luis","article_published_time":"2023-12-29T23:56:06+00:00","og_image":[{"width":626,"height":363,"url":"https:\/\/apuntesdesanluis.com\/wp-content\/uploads\/2023\/12\/moratoria.png","type":"image\/png"}],"author":"apuntesdesanluis.com","twitter_card":"summary_large_image","twitter_misc":{"Escrito por":"apuntesdesanluis.com","Tiempo de lectura":"1 minuto"},"schema":{"@context":"https:\/\/schema.org","@graph":[{"@type":"Article","@id":"https:\/\/apuntesdesanluis.com\/index.php\/2023\/12\/29\/el-gobierno-impulsa-una-amplia-moratoria-impositiva-y-blanqueo-provincial\/#article","isPartOf":{"@id":"https:\/\/apuntesdesanluis.com\/index.php\/2023\/12\/29\/el-gobierno-impulsa-una-amplia-moratoria-impositiva-y-blanqueo-provincial\/"},"author":{"name":"apuntesdesanluis.com","@id":"https:\/\/apuntesdesanluis.com\/#\/schema\/person\/b55151d52296fcce64d1a72538a70b90"},"headline":"EL GOBIERNO IMPULSA UNA AMPLIA MORATORIA IMPOSITIVA Y BLANQUEO PROVINCIAL","datePublished":"2023-12-29T23:56:06+00:00","mainEntityOfPage":{"@id":"https:\/\/apuntesdesanluis.com\/index.php\/2023\/12\/29\/el-gobierno-impulsa-una-amplia-moratoria-impositiva-y-blanqueo-provincial\/"},"wordCount":131,"publisher":{"@id":"https:\/\/apuntesdesanluis.com\/#\/schema\/person\/b55151d52296fcce64d1a72538a70b90"},"image":{"@id":"https:\/\/apuntesdesanluis.com\/index.php\/2023\/12\/29\/el-gobierno-impulsa-una-amplia-moratoria-impositiva-y-blanqueo-provincial\/#primaryimage"},"thumbnailUrl":"https:\/\/apuntesdesanluis.com\/wp-content\/uploads\/2023\/12\/moratoria.png","articleSection":["Ciudad\/Provincia"],"inLanguage":"es-AR"},{"@type":"WebPage","@id":"https:\/\/apuntesdesanluis.com\/index.php\/2023\/12\/29\/el-gobierno-impulsa-una-amplia-moratoria-impositiva-y-blanqueo-provincial\/","url":"https:\/\/apuntesdesanluis.com\/index.php\/2023\/12\/29\/el-gobierno-impulsa-una-amplia-moratoria-impositiva-y-blanqueo-provincial\/","name":"EL GOBIERNO IMPULSA UNA AMPLIA MORATORIA IMPOSITIVA Y BLANQUEO PROVINCIAL - Apuntes de San Luis","isPartOf":{"@id":"https:\/\/apuntesdesanluis.com\/#website"},"primaryImageOfPage":{"@id":"https:\/\/apuntesdesanluis.com\/index.php\/2023\/12\/29\/el-gobierno-impulsa-una-amplia-moratoria-impositiva-y-blanqueo-provincial\/#primaryimage"},"image":{"@id":"https:\/\/apuntesdesanluis.com\/index.php\/2023\/12\/29\/el-gobierno-impulsa-una-amplia-moratoria-impositiva-y-blanqueo-provincial\/#primaryimage"},"thumbnailUrl":"https:\/\/apuntesdesanluis.com\/wp-content\/uploads\/2023\/12\/moratoria.png","datePublished":"2023-12-29T23:56:06+00:00","breadcrumb":{"@id":"https:\/\/apuntesdesanluis.com\/index.php\/2023\/12\/29\/el-gobierno-impulsa-una-amplia-moratoria-impositiva-y-blanqueo-provincial\/#breadcrumb"},"inLanguage":"es-AR","potentialAction":[{"@type":"ReadAction","target":["https:\/\/apuntesdesanluis.com\/index.php\/2023\/12\/29\/el-gobierno-impulsa-una-amplia-moratoria-impositiva-y-blanqueo-provincial\/"]}]},{"@type":"ImageObject","inLanguage":"es-AR","@id":"https:\/\/apuntesdesanluis.com\/index.php\/2023\/12\/29\/el-gobierno-impulsa-una-amplia-moratoria-impositiva-y-blanqueo-provincial\/#primaryimage","url":"https:\/\/apuntesdesanluis.com\/wp-content\/uploads\/2023\/12\/moratoria.png","contentUrl":"https:\/\/apuntesdesanluis.com\/wp-content\/uploads\/2023\/12\/moratoria.png","width":626,"height":363},{"@type":"BreadcrumbList","@id":"https:\/\/apuntesdesanluis.com\/index.php\/2023\/12\/29\/el-gobierno-impulsa-una-amplia-moratoria-impositiva-y-blanqueo-provincial\/#breadcrumb","itemListElement":[{"@type":"ListItem","position":1,"name":"Inicio","item":"https:\/\/apuntesdesanluis.com\/"},{"@type":"ListItem","position":2,"name":"EL GOBIERNO IMPULSA UNA AMPLIA MORATORIA IMPOSITIVA Y BLANQUEO PROVINCIAL"}]},{"@type":"WebSite","@id":"https:\/\/apuntesdesanluis.com\/#website","url":"https:\/\/apuntesdesanluis.com\/","name":"Apuntes de San Luis","description":"","publisher":{"@id":"https:\/\/apuntesdesanluis.com\/#\/schema\/person\/b55151d52296fcce64d1a72538a70b90"},"potentialAction":[{"@type":"SearchAction","target":{"@type":"EntryPoint","urlTemplate":"https:\/\/apuntesdesanluis.com\/?s={search_term_string}"},"query-input":{"@type":"PropertyValueSpecification","valueRequired":true,"valueName":"search_term_string"}}],"inLanguage":"es-AR"},{"@type":["Person","Organization"],"@id":"https:\/\/apuntesdesanluis.com\/#\/schema\/person\/b55151d52296fcce64d1a72538a70b90","name":"apuntesdesanluis.com","image":{"@type":"ImageObject","inLanguage":"es-AR","@id":"https:\/\/apuntesdesanluis.com\/#\/schema\/person\/image\/","url":"https:\/\/apuntesdesanluis.com\/wp-content\/uploads\/2023\/07\/cropped-apuntesdesanluis.png","contentUrl":"https:\/\/apuntesdesanluis.com\/wp-content\/uploads\/2023\/07\/cropped-apuntesdesanluis.png","width":450,"height":112,"caption":"apuntesdesanluis.com"},"logo":{"@id":"https:\/\/apuntesdesanluis.com\/#\/schema\/person\/image\/"},"sameAs":["https:\/\/apuntesdesanluis.com"],"url":"https:\/\/apuntesdesanluis.com\/index.php\/author\/apuntesdesanluis-com\/"}]}},"featured_image_urls":{"full":["https:\/\/apuntesdesanluis.com\/wp-content\/uploads\/2023\/12\/moratoria.png",626,363,false],"thumbnail":["https:\/\/apuntesdesanluis.com\/wp-content\/uploads\/2023\/12\/moratoria-150x150.png",150,150,true],"medium":["https:\/\/apuntesdesanluis.com\/wp-content\/uploads\/2023\/12\/moratoria-300x174.png",300,174,true],"medium_large":["https:\/\/apuntesdesanluis.com\/wp-content\/uploads\/2023\/12\/moratoria.png",626,363,false],"large":["https:\/\/apuntesdesanluis.com\/wp-content\/uploads\/2023\/12\/moratoria.png",626,363,false],"1536x1536":["https:\/\/apuntesdesanluis.com\/wp-content\/uploads\/2023\/12\/moratoria.png",626,363,false],"2048x2048":["https:\/\/apuntesdesanluis.com\/wp-content\/uploads\/2023\/12\/moratoria.png",626,363,false],"newsever-slider-full":["https:\/\/apuntesdesanluis.com\/wp-content\/uploads\/2023\/12\/moratoria.png",626,363,false],"newsever-featured":["https:\/\/apuntesdesanluis.com\/wp-content\/uploads\/2023\/12\/moratoria.png",626,363,false],"newsever-medium":["https:\/\/apuntesdesanluis.com\/wp-content\/uploads\/2023\/12\/moratoria.png",626,363,false]},"author_info":{"display_name":"apuntesdesanluis.com","author_link":"https:\/\/apuntesdesanluis.com\/index.php\/author\/apuntesdesanluis-com\/"},"category_info":"<a href=\"https:\/\/apuntesdesanluis.com\/index.php\/category\/ciudad-provincia\/\" rel=\"category tag\">Ciudad\/Provincia<\/a>","tag_info":"Ciudad\/Provincia","comment_count":"0","_links":{"self":[{"href":"https:\/\/apuntesdesanluis.com\/index.php\/wp-json\/wp\/v2\/posts\/9222","targetHints":{"allow":["GET"]}}],"collection":[{"href":"https:\/\/apuntesdesanluis.com\/index.php\/wp-json\/wp\/v2\/posts"}],"about":[{"href":"https:\/\/apuntesdesanluis.com\/index.php\/wp-json\/wp\/v2\/types\/post"}],"author":[{"embeddable":true,"href":"https:\/\/apuntesdesanluis.com\/index.php\/wp-json\/wp\/v2\/users\/1"}],"replies":[{"embeddable":true,"href":"https:\/\/apuntesdesanluis.com\/index.php\/wp-json\/wp\/v2\/comments?post=9222"}],"version-history":[{"count":1,"href":"https:\/\/apuntesdesanluis.com\/index.php\/wp-json\/wp\/v2\/posts\/9222\/revisions"}],"predecessor-version":[{"id":9224,"href":"https:\/\/apuntesdesanluis.com\/index.php\/wp-json\/wp\/v2\/posts\/9222\/revisions\/9224"}],"wp:featuredmedia":[{"embeddable":true,"href":"https:\/\/apuntesdesanluis.com\/index.php\/wp-json\/wp\/v2\/media\/9223"}],"wp:attachment":[{"href":"https:\/\/apuntesdesanluis.com\/index.php\/wp-json\/wp\/v2\/media?parent=9222"}],"wp:term":[{"taxonomy":"category","embeddable":true,"href":"https:\/\/apuntesdesanluis.com\/index.php\/wp-json\/wp\/v2\/categories?post=9222"},{"taxonomy":"post_tag","embeddable":true,"href":"https:\/\/apuntesdesanluis.com\/index.php\/wp-json\/wp\/v2\/tags?post=9222"}],"curies":[{"name":"wp","href":"https:\/\/api.w.org\/{rel}","templated":true}]}}