{"id":9255,"date":"2023-12-29T22:00:52","date_gmt":"2023-12-30T01:00:52","guid":{"rendered":"https:\/\/apuntesdesanluis.com\/?p=9255"},"modified":"2023-12-29T22:48:14","modified_gmt":"2023-12-30T01:48:14","slug":"renuncio-la-secretaria-de-comunicacion-y-la-reemplaza-el-periodista-eduardo-serenellini","status":"publish","type":"post","link":"https:\/\/apuntesdesanluis.com\/index.php\/2023\/12\/29\/renuncio-la-secretaria-de-comunicacion-y-la-reemplaza-el-periodista-eduardo-serenellini\/","title":{"rendered":"RENUNCI\u00d3 LA SECRETARIA DE COMUNICACI\u00d3N Y LA REEMPLAZA EL PERIODISTA EDUARDO SERENELLINI"},"content":{"rendered":"<h3>La secretaria de Comunicaci\u00f3n, <strong>Bel\u00e9n Stettler<\/strong>, renunci\u00f3 a su cargo y la reemplazar\u00e1 el periodista <strong>Eduardo Serenellini<\/strong>.\u00a0El periodista de La Naci\u00f3n+ quedar\u00e1 al frente de la Secretar\u00eda de Medios del presidente Javier Milei a partir de la pr\u00f3xima semana.<\/h3>\n<h3>La renuncia de Stettler se da diecinueve d\u00edas despu\u00e9s de la asunci\u00f3n del jefe de Estado.\u00a0La saliente funcionaria era muy cercana a Santiago Caputo, uno de los dirigentes de la gesti\u00f3n de Milei.<\/h3>\n<h3>Seg\u00fan inform\u00f3 La Pol\u00edtica Online, Karina Milei se pudri\u00f3 de las fotos de Santiago Caputo fumando en el balc\u00f3n de la Casa Rosada y le sac\u00f3 el control del \u00e1rea de Medios a menos de tres semanas de la asunci\u00f3n.<\/h3>\n<p><iframe title=\"Caputo le convid\u00f3 un cigarrillo a Pettovello en el balc\u00f3n\u00a0de\u00a0la\u00a0Rosada\" width=\"640\" height=\"360\" src=\"https:\/\/www.youtube.com\/embed\/WhwDhl4ODuc?feature=oembed\" frameborder=\"0\" allow=\"accelerometer; autoplay; clipboard-write; encrypted-media; gyroscope; picture-in-picture; web-share\" referrerpolicy=\"strict-origin-when-cross-origin\" allowfullscreen><\/iframe><\/p>\n<h3>Serenellini, de 57 a\u00f1os, es conductor en la canal LN+ y tambi\u00e9n en radio Continental.\u00a0El periodista mantiene una relaci\u00f3n cercana con el Presidente y supo entrevistarlo en varias oportunidades antes de su llegada al Poder Ejecutivo.<\/h3>\n<h3>Con esta designaci\u00f3n, Milei sumar\u00e1 a otro integrante de un medio a su administraci\u00f3n como sucedi\u00f3 con el vocero Manuel Adorni y Javier Lanari.<\/h3>\n<h3>Si bien nunca hab\u00eda sido nombrada formalmente, la decisi\u00f3n de Stettler se sum\u00f3 a la de Eduardo Roust, quien d\u00edas atr\u00e1s desisti\u00f3 de ser subscretario del \u00e1rea.<\/h3>\n<h3>El \u00e1rea de Comunicaci\u00f3n de Casa Rosada ha generado situaciones de tensi\u00f3n y cuestionamientos internos por los manejos de la informaci\u00f3n oficial del Presidente.<\/h3>\n<h3><strong>FLOR DE INTERNA<\/strong><\/h3>\n<h3>El Grupo Marlboro que lidera Santiago Caputo qued\u00f3 herido de gravedad luego de que la hermana del presidente corriera a <strong>Bel\u00e9n Stettler<\/strong> de la secretar\u00eda de Medios. En su lugar ir\u00e1 el periodista <strong>Eduardo Serenellini<\/strong>, de La Naci\u00f3n+, que d\u00edas atr\u00e1s sugiri\u00f3 al aire que algunas familias deber\u00e1n ajustarse cancelando la suscripci\u00f3n de Netflix y otras deber\u00e1n comer una sola vez al d\u00eda.<\/h3>\n<p><iframe title=\"El nuevo secretario de Medios sugiri\u00f3 que algunas familias deber\u00e1n comer\u00a0una\u00a0vez\u00a0al\u00a0d\u00eda\" width=\"640\" height=\"360\" src=\"https:\/\/www.youtube.com\/embed\/UqUdYGVH-nc?feature=oembed\" frameborder=\"0\" allow=\"accelerometer; autoplay; clipboard-write; encrypted-media; gyroscope; picture-in-picture; web-share\" referrerpolicy=\"strict-origin-when-cross-origin\" allowfullscreen><\/iframe><\/p>\n<h3>A Karina lo que m\u00e1s molest\u00f3, adem\u00e1s de los gestos de pedanter\u00eda, fue que Caputo comenzara a armar una caja propia para incumplir la promesa de pauta cero.<\/h3>\n<h3>Como anticip\u00f3 LPO en exclusiva, Caputo se qued\u00f3 con la publicidad del Banco Naci\u00f3n y busca burlar la promesa del propio Milei para pautar a trav\u00e9s de las empresas que dependen del Estado. Es el caso de YPF, donde Caputo meti\u00f3 a Guillermo Garat\u00a0 a cargo de Comunicaci\u00f3n y Marketing.<\/h3>\n<h3>El Grupo Marlboro tambi\u00e9n choca con Los I\u00f1akis, los chicos de &#8220;la banda del Counter&#8221;\u00a0\u00a0 que siguen a Milei a todas partes para subir contenido a redes y, por sobre todas las cosas, tienen el cari\u00f1o de Karina.<\/h3>\n<h3>La hermana del presidente es implacable cuando se pone a alguien entre ceja y ceja: ya hab\u00eda desplazado a Carlos Kikuchi y Ramiro Marra, dos de los colaboradores m\u00e1s importantes de Milei desde que entr\u00f3 en pol\u00edtica.<\/h3>\n<h3>Serenellini llega por impulso de un hombre que gana espacios de manera acelerada en el c\u00edrculo de Milei: Juan Cruz \u00c1vila, el encargado de la programaci\u00f3n de La Naci\u00f3n+.<\/h3>\n<h3>\u00c1vila se re\u00fane una vez por semana con Milei y ya le hab\u00eda propuesto a Manuel Adorni, el vocero presidencial y a Javier Lanari, el subsecretario de prensa.<\/h3>\n<h3>En el Gobierno explicaron a LPO que en el nuevo esquema de medios que quiere el presidente ya no hay lugar para el estilo Peaky Blinders de Caputo, sino que buscan tuiteros que defiendan al Gobierno y ataquen a periodistas.<\/h3>\n","protected":false},"excerpt":{"rendered":"<p>La secretaria de Comunicaci\u00f3n, Bel\u00e9n Stettler, renunci\u00f3 a su cargo y la reemplazar\u00e1 el periodista&#8230;<\/p>\n","protected":false},"author":1,"featured_media":9256,"comment_status":"closed","ping_status":"closed","sticky":false,"template":"","format":"standard","meta":{"footnotes":""},"categories":[5],"tags":[],"class_list":["post-9255","post","type-post","status-publish","format-standard","has-post-thumbnail","hentry","category-nacionales-internacionales"],"yoast_head":"<!-- This site is optimized with the Yoast SEO plugin v26.1.1 - https:\/\/yoast.com\/wordpress\/plugins\/seo\/ -->\n<title>RENUNCI\u00d3 LA SECRETARIA DE COMUNICACI\u00d3N Y LA REEMPLAZA EL PERIODISTA EDUARDO SERENELLINI - Apuntes de San Luis<\/title>\n<meta name=\"robots\" content=\"index, follow, max-snippet:-1, max-image-preview:large, max-video-preview:-1\" \/>\n<link rel=\"canonical\" href=\"https:\/\/apuntesdesanluis.com\/index.php\/2023\/12\/29\/renuncio-la-secretaria-de-comunicacion-y-la-reemplaza-el-periodista-eduardo-serenellini\/\" \/>\n<meta property=\"og:locale\" content=\"es_ES\" \/>\n<meta property=\"og:type\" content=\"article\" \/>\n<meta property=\"og:title\" content=\"RENUNCI\u00d3 LA SECRETARIA DE COMUNICACI\u00d3N Y LA REEMPLAZA EL PERIODISTA EDUARDO SERENELLINI - Apuntes de San Luis\" \/>\n<meta property=\"og:description\" content=\"La secretaria de Comunicaci\u00f3n, Bel\u00e9n Stettler, renunci\u00f3 a su cargo y la reemplazar\u00e1 el periodista...\" \/>\n<meta property=\"og:url\" content=\"https:\/\/apuntesdesanluis.com\/index.php\/2023\/12\/29\/renuncio-la-secretaria-de-comunicacion-y-la-reemplaza-el-periodista-eduardo-serenellini\/\" \/>\n<meta property=\"og:site_name\" content=\"Apuntes de San Luis\" \/>\n<meta property=\"article:published_time\" content=\"2023-12-30T01:00:52+00:00\" \/>\n<meta property=\"article:modified_time\" content=\"2023-12-30T01:48:14+00:00\" \/>\n<meta property=\"og:image\" content=\"https:\/\/apuntesdesanluis.com\/wp-content\/uploads\/2023\/12\/EDUARDO-SERENELLINI.png\" \/>\n\t<meta property=\"og:image:width\" content=\"832\" \/>\n\t<meta property=\"og:image:height\" content=\"480\" \/>\n\t<meta property=\"og:image:type\" content=\"image\/png\" \/>\n<meta name=\"author\" content=\"apuntesdesanluis.com\" \/>\n<meta name=\"twitter:card\" content=\"summary_large_image\" \/>\n<meta name=\"twitter:label1\" content=\"Escrito por\" \/>\n\t<meta name=\"twitter:data1\" content=\"apuntesdesanluis.com\" \/>\n\t<meta name=\"twitter:label2\" content=\"Tiempo de lectura\" \/>\n\t<meta name=\"twitter:data2\" content=\"3 minutos\" \/>\n<script type=\"application\/ld+json\" class=\"yoast-schema-graph\">{\"@context\":\"https:\/\/schema.org\",\"@graph\":[{\"@type\":\"Article\",\"@id\":\"https:\/\/apuntesdesanluis.com\/index.php\/2023\/12\/29\/renuncio-la-secretaria-de-comunicacion-y-la-reemplaza-el-periodista-eduardo-serenellini\/#article\",\"isPartOf\":{\"@id\":\"https:\/\/apuntesdesanluis.com\/index.php\/2023\/12\/29\/renuncio-la-secretaria-de-comunicacion-y-la-reemplaza-el-periodista-eduardo-serenellini\/\"},\"author\":{\"name\":\"apuntesdesanluis.com\",\"@id\":\"https:\/\/apuntesdesanluis.com\/#\/schema\/person\/b55151d52296fcce64d1a72538a70b90\"},\"headline\":\"RENUNCI\u00d3 LA SECRETARIA DE COMUNICACI\u00d3N Y LA REEMPLAZA EL PERIODISTA EDUARDO SERENELLINI\",\"datePublished\":\"2023-12-30T01:00:52+00:00\",\"dateModified\":\"2023-12-30T01:48:14+00:00\",\"mainEntityOfPage\":{\"@id\":\"https:\/\/apuntesdesanluis.com\/index.php\/2023\/12\/29\/renuncio-la-secretaria-de-comunicacion-y-la-reemplaza-el-periodista-eduardo-serenellini\/\"},\"wordCount\":621,\"publisher\":{\"@id\":\"https:\/\/apuntesdesanluis.com\/#\/schema\/person\/b55151d52296fcce64d1a72538a70b90\"},\"image\":{\"@id\":\"https:\/\/apuntesdesanluis.com\/index.php\/2023\/12\/29\/renuncio-la-secretaria-de-comunicacion-y-la-reemplaza-el-periodista-eduardo-serenellini\/#primaryimage\"},\"thumbnailUrl\":\"https:\/\/apuntesdesanluis.com\/wp-content\/uploads\/2023\/12\/EDUARDO-SERENELLINI.png\",\"articleSection\":[\"Nacionales\/Internacionales\"],\"inLanguage\":\"es-AR\"},{\"@type\":\"WebPage\",\"@id\":\"https:\/\/apuntesdesanluis.com\/index.php\/2023\/12\/29\/renuncio-la-secretaria-de-comunicacion-y-la-reemplaza-el-periodista-eduardo-serenellini\/\",\"url\":\"https:\/\/apuntesdesanluis.com\/index.php\/2023\/12\/29\/renuncio-la-secretaria-de-comunicacion-y-la-reemplaza-el-periodista-eduardo-serenellini\/\",\"name\":\"RENUNCI\u00d3 LA SECRETARIA DE COMUNICACI\u00d3N Y LA REEMPLAZA EL PERIODISTA EDUARDO SERENELLINI - Apuntes de San Luis\",\"isPartOf\":{\"@id\":\"https:\/\/apuntesdesanluis.com\/#website\"},\"primaryImageOfPage\":{\"@id\":\"https:\/\/apuntesdesanluis.com\/index.php\/2023\/12\/29\/renuncio-la-secretaria-de-comunicacion-y-la-reemplaza-el-periodista-eduardo-serenellini\/#primaryimage\"},\"image\":{\"@id\":\"https:\/\/apuntesdesanluis.com\/index.php\/2023\/12\/29\/renuncio-la-secretaria-de-comunicacion-y-la-reemplaza-el-periodista-eduardo-serenellini\/#primaryimage\"},\"thumbnailUrl\":\"https:\/\/apuntesdesanluis.com\/wp-content\/uploads\/2023\/12\/EDUARDO-SERENELLINI.png\",\"datePublished\":\"2023-12-30T01:00:52+00:00\",\"dateModified\":\"2023-12-30T01:48:14+00:00\",\"breadcrumb\":{\"@id\":\"https:\/\/apuntesdesanluis.com\/index.php\/2023\/12\/29\/renuncio-la-secretaria-de-comunicacion-y-la-reemplaza-el-periodista-eduardo-serenellini\/#breadcrumb\"},\"inLanguage\":\"es-AR\",\"potentialAction\":[{\"@type\":\"ReadAction\",\"target\":[\"https:\/\/apuntesdesanluis.com\/index.php\/2023\/12\/29\/renuncio-la-secretaria-de-comunicacion-y-la-reemplaza-el-periodista-eduardo-serenellini\/\"]}]},{\"@type\":\"ImageObject\",\"inLanguage\":\"es-AR\",\"@id\":\"https:\/\/apuntesdesanluis.com\/index.php\/2023\/12\/29\/renuncio-la-secretaria-de-comunicacion-y-la-reemplaza-el-periodista-eduardo-serenellini\/#primaryimage\",\"url\":\"https:\/\/apuntesdesanluis.com\/wp-content\/uploads\/2023\/12\/EDUARDO-SERENELLINI.png\",\"contentUrl\":\"https:\/\/apuntesdesanluis.com\/wp-content\/uploads\/2023\/12\/EDUARDO-SERENELLINI.png\",\"width\":832,\"height\":480},{\"@type\":\"BreadcrumbList\",\"@id\":\"https:\/\/apuntesdesanluis.com\/index.php\/2023\/12\/29\/renuncio-la-secretaria-de-comunicacion-y-la-reemplaza-el-periodista-eduardo-serenellini\/#breadcrumb\",\"itemListElement\":[{\"@type\":\"ListItem\",\"position\":1,\"name\":\"Inicio\",\"item\":\"https:\/\/apuntesdesanluis.com\/\"},{\"@type\":\"ListItem\",\"position\":2,\"name\":\"RENUNCI\u00d3 LA SECRETARIA DE COMUNICACI\u00d3N Y LA REEMPLAZA EL PERIODISTA EDUARDO SERENELLINI\"}]},{\"@type\":\"WebSite\",\"@id\":\"https:\/\/apuntesdesanluis.com\/#website\",\"url\":\"https:\/\/apuntesdesanluis.com\/\",\"name\":\"Apuntes de San Luis\",\"description\":\"\",\"publisher\":{\"@id\":\"https:\/\/apuntesdesanluis.com\/#\/schema\/person\/b55151d52296fcce64d1a72538a70b90\"},\"potentialAction\":[{\"@type\":\"SearchAction\",\"target\":{\"@type\":\"EntryPoint\",\"urlTemplate\":\"https:\/\/apuntesdesanluis.com\/?s={search_term_string}\"},\"query-input\":{\"@type\":\"PropertyValueSpecification\",\"valueRequired\":true,\"valueName\":\"search_term_string\"}}],\"inLanguage\":\"es-AR\"},{\"@type\":[\"Person\",\"Organization\"],\"@id\":\"https:\/\/apuntesdesanluis.com\/#\/schema\/person\/b55151d52296fcce64d1a72538a70b90\",\"name\":\"apuntesdesanluis.com\",\"image\":{\"@type\":\"ImageObject\",\"inLanguage\":\"es-AR\",\"@id\":\"https:\/\/apuntesdesanluis.com\/#\/schema\/person\/image\/\",\"url\":\"https:\/\/apuntesdesanluis.com\/wp-content\/uploads\/2023\/07\/cropped-apuntesdesanluis.png\",\"contentUrl\":\"https:\/\/apuntesdesanluis.com\/wp-content\/uploads\/2023\/07\/cropped-apuntesdesanluis.png\",\"width\":450,\"height\":112,\"caption\":\"apuntesdesanluis.com\"},\"logo\":{\"@id\":\"https:\/\/apuntesdesanluis.com\/#\/schema\/person\/image\/\"},\"sameAs\":[\"https:\/\/apuntesdesanluis.com\"],\"url\":\"https:\/\/apuntesdesanluis.com\/index.php\/author\/apuntesdesanluis-com\/\"}]}<\/script>\n<!-- \/ Yoast SEO plugin. -->","yoast_head_json":{"title":"RENUNCI\u00d3 LA SECRETARIA DE COMUNICACI\u00d3N Y LA REEMPLAZA EL PERIODISTA EDUARDO SERENELLINI - Apuntes de San Luis","robots":{"index":"index","follow":"follow","max-snippet":"max-snippet:-1","max-image-preview":"max-image-preview:large","max-video-preview":"max-video-preview:-1"},"canonical":"https:\/\/apuntesdesanluis.com\/index.php\/2023\/12\/29\/renuncio-la-secretaria-de-comunicacion-y-la-reemplaza-el-periodista-eduardo-serenellini\/","og_locale":"es_ES","og_type":"article","og_title":"RENUNCI\u00d3 LA SECRETARIA DE COMUNICACI\u00d3N Y LA REEMPLAZA EL PERIODISTA EDUARDO SERENELLINI - Apuntes de San Luis","og_description":"La secretaria de Comunicaci\u00f3n, Bel\u00e9n Stettler, renunci\u00f3 a su cargo y la reemplazar\u00e1 el periodista...","og_url":"https:\/\/apuntesdesanluis.com\/index.php\/2023\/12\/29\/renuncio-la-secretaria-de-comunicacion-y-la-reemplaza-el-periodista-eduardo-serenellini\/","og_site_name":"Apuntes de San Luis","article_published_time":"2023-12-30T01:00:52+00:00","article_modified_time":"2023-12-30T01:48:14+00:00","og_image":[{"width":832,"height":480,"url":"https:\/\/apuntesdesanluis.com\/wp-content\/uploads\/2023\/12\/EDUARDO-SERENELLINI.png","type":"image\/png"}],"author":"apuntesdesanluis.com","twitter_card":"summary_large_image","twitter_misc":{"Escrito por":"apuntesdesanluis.com","Tiempo de lectura":"3 minutos"},"schema":{"@context":"https:\/\/schema.org","@graph":[{"@type":"Article","@id":"https:\/\/apuntesdesanluis.com\/index.php\/2023\/12\/29\/renuncio-la-secretaria-de-comunicacion-y-la-reemplaza-el-periodista-eduardo-serenellini\/#article","isPartOf":{"@id":"https:\/\/apuntesdesanluis.com\/index.php\/2023\/12\/29\/renuncio-la-secretaria-de-comunicacion-y-la-reemplaza-el-periodista-eduardo-serenellini\/"},"author":{"name":"apuntesdesanluis.com","@id":"https:\/\/apuntesdesanluis.com\/#\/schema\/person\/b55151d52296fcce64d1a72538a70b90"},"headline":"RENUNCI\u00d3 LA SECRETARIA DE COMUNICACI\u00d3N Y LA REEMPLAZA EL PERIODISTA EDUARDO SERENELLINI","datePublished":"2023-12-30T01:00:52+00:00","dateModified":"2023-12-30T01:48:14+00:00","mainEntityOfPage":{"@id":"https:\/\/apuntesdesanluis.com\/index.php\/2023\/12\/29\/renuncio-la-secretaria-de-comunicacion-y-la-reemplaza-el-periodista-eduardo-serenellini\/"},"wordCount":621,"publisher":{"@id":"https:\/\/apuntesdesanluis.com\/#\/schema\/person\/b55151d52296fcce64d1a72538a70b90"},"image":{"@id":"https:\/\/apuntesdesanluis.com\/index.php\/2023\/12\/29\/renuncio-la-secretaria-de-comunicacion-y-la-reemplaza-el-periodista-eduardo-serenellini\/#primaryimage"},"thumbnailUrl":"https:\/\/apuntesdesanluis.com\/wp-content\/uploads\/2023\/12\/EDUARDO-SERENELLINI.png","articleSection":["Nacionales\/Internacionales"],"inLanguage":"es-AR"},{"@type":"WebPage","@id":"https:\/\/apuntesdesanluis.com\/index.php\/2023\/12\/29\/renuncio-la-secretaria-de-comunicacion-y-la-reemplaza-el-periodista-eduardo-serenellini\/","url":"https:\/\/apuntesdesanluis.com\/index.php\/2023\/12\/29\/renuncio-la-secretaria-de-comunicacion-y-la-reemplaza-el-periodista-eduardo-serenellini\/","name":"RENUNCI\u00d3 LA SECRETARIA DE COMUNICACI\u00d3N Y LA REEMPLAZA EL PERIODISTA EDUARDO SERENELLINI - Apuntes de San Luis","isPartOf":{"@id":"https:\/\/apuntesdesanluis.com\/#website"},"primaryImageOfPage":{"@id":"https:\/\/apuntesdesanluis.com\/index.php\/2023\/12\/29\/renuncio-la-secretaria-de-comunicacion-y-la-reemplaza-el-periodista-eduardo-serenellini\/#primaryimage"},"image":{"@id":"https:\/\/apuntesdesanluis.com\/index.php\/2023\/12\/29\/renuncio-la-secretaria-de-comunicacion-y-la-reemplaza-el-periodista-eduardo-serenellini\/#primaryimage"},"thumbnailUrl":"https:\/\/apuntesdesanluis.com\/wp-content\/uploads\/2023\/12\/EDUARDO-SERENELLINI.png","datePublished":"2023-12-30T01:00:52+00:00","dateModified":"2023-12-30T01:48:14+00:00","breadcrumb":{"@id":"https:\/\/apuntesdesanluis.com\/index.php\/2023\/12\/29\/renuncio-la-secretaria-de-comunicacion-y-la-reemplaza-el-periodista-eduardo-serenellini\/#breadcrumb"},"inLanguage":"es-AR","potentialAction":[{"@type":"ReadAction","target":["https:\/\/apuntesdesanluis.com\/index.php\/2023\/12\/29\/renuncio-la-secretaria-de-comunicacion-y-la-reemplaza-el-periodista-eduardo-serenellini\/"]}]},{"@type":"ImageObject","inLanguage":"es-AR","@id":"https:\/\/apuntesdesanluis.com\/index.php\/2023\/12\/29\/renuncio-la-secretaria-de-comunicacion-y-la-reemplaza-el-periodista-eduardo-serenellini\/#primaryimage","url":"https:\/\/apuntesdesanluis.com\/wp-content\/uploads\/2023\/12\/EDUARDO-SERENELLINI.png","contentUrl":"https:\/\/apuntesdesanluis.com\/wp-content\/uploads\/2023\/12\/EDUARDO-SERENELLINI.png","width":832,"height":480},{"@type":"BreadcrumbList","@id":"https:\/\/apuntesdesanluis.com\/index.php\/2023\/12\/29\/renuncio-la-secretaria-de-comunicacion-y-la-reemplaza-el-periodista-eduardo-serenellini\/#breadcrumb","itemListElement":[{"@type":"ListItem","position":1,"name":"Inicio","item":"https:\/\/apuntesdesanluis.com\/"},{"@type":"ListItem","position":2,"name":"RENUNCI\u00d3 LA SECRETARIA DE COMUNICACI\u00d3N Y LA REEMPLAZA EL PERIODISTA EDUARDO SERENELLINI"}]},{"@type":"WebSite","@id":"https:\/\/apuntesdesanluis.com\/#website","url":"https:\/\/apuntesdesanluis.com\/","name":"Apuntes de San Luis","description":"","publisher":{"@id":"https:\/\/apuntesdesanluis.com\/#\/schema\/person\/b55151d52296fcce64d1a72538a70b90"},"potentialAction":[{"@type":"SearchAction","target":{"@type":"EntryPoint","urlTemplate":"https:\/\/apuntesdesanluis.com\/?s={search_term_string}"},"query-input":{"@type":"PropertyValueSpecification","valueRequired":true,"valueName":"search_term_string"}}],"inLanguage":"es-AR"},{"@type":["Person","Organization"],"@id":"https:\/\/apuntesdesanluis.com\/#\/schema\/person\/b55151d52296fcce64d1a72538a70b90","name":"apuntesdesanluis.com","image":{"@type":"ImageObject","inLanguage":"es-AR","@id":"https:\/\/apuntesdesanluis.com\/#\/schema\/person\/image\/","url":"https:\/\/apuntesdesanluis.com\/wp-content\/uploads\/2023\/07\/cropped-apuntesdesanluis.png","contentUrl":"https:\/\/apuntesdesanluis.com\/wp-content\/uploads\/2023\/07\/cropped-apuntesdesanluis.png","width":450,"height":112,"caption":"apuntesdesanluis.com"},"logo":{"@id":"https:\/\/apuntesdesanluis.com\/#\/schema\/person\/image\/"},"sameAs":["https:\/\/apuntesdesanluis.com"],"url":"https:\/\/apuntesdesanluis.com\/index.php\/author\/apuntesdesanluis-com\/"}]}},"featured_image_urls":{"full":["https:\/\/apuntesdesanluis.com\/wp-content\/uploads\/2023\/12\/EDUARDO-SERENELLINI.png",832,480,false],"thumbnail":["https:\/\/apuntesdesanluis.com\/wp-content\/uploads\/2023\/12\/EDUARDO-SERENELLINI-150x150.png",150,150,true],"medium":["https:\/\/apuntesdesanluis.com\/wp-content\/uploads\/2023\/12\/EDUARDO-SERENELLINI-300x173.png",300,173,true],"medium_large":["https:\/\/apuntesdesanluis.com\/wp-content\/uploads\/2023\/12\/EDUARDO-SERENELLINI-768x443.png",640,369,true],"large":["https:\/\/apuntesdesanluis.com\/wp-content\/uploads\/2023\/12\/EDUARDO-SERENELLINI.png",640,369,false],"1536x1536":["https:\/\/apuntesdesanluis.com\/wp-content\/uploads\/2023\/12\/EDUARDO-SERENELLINI.png",832,480,false],"2048x2048":["https:\/\/apuntesdesanluis.com\/wp-content\/uploads\/2023\/12\/EDUARDO-SERENELLINI.png",832,480,false],"newsever-slider-full":["https:\/\/apuntesdesanluis.com\/wp-content\/uploads\/2023\/12\/EDUARDO-SERENELLINI.png",832,480,false],"newsever-featured":["https:\/\/apuntesdesanluis.com\/wp-content\/uploads\/2023\/12\/EDUARDO-SERENELLINI.png",832,480,false],"newsever-medium":["https:\/\/apuntesdesanluis.com\/wp-content\/uploads\/2023\/12\/EDUARDO-SERENELLINI-720x475.png",720,475,true]},"author_info":{"display_name":"apuntesdesanluis.com","author_link":"https:\/\/apuntesdesanluis.com\/index.php\/author\/apuntesdesanluis-com\/"},"category_info":"<a href=\"https:\/\/apuntesdesanluis.com\/index.php\/category\/nacionales-internacionales\/\" rel=\"category tag\">Nacionales\/Internacionales<\/a>","tag_info":"Nacionales\/Internacionales","comment_count":"0","_links":{"self":[{"href":"https:\/\/apuntesdesanluis.com\/index.php\/wp-json\/wp\/v2\/posts\/9255","targetHints":{"allow":["GET"]}}],"collection":[{"href":"https:\/\/apuntesdesanluis.com\/index.php\/wp-json\/wp\/v2\/posts"}],"about":[{"href":"https:\/\/apuntesdesanluis.com\/index.php\/wp-json\/wp\/v2\/types\/post"}],"author":[{"embeddable":true,"href":"https:\/\/apuntesdesanluis.com\/index.php\/wp-json\/wp\/v2\/users\/1"}],"replies":[{"embeddable":true,"href":"https:\/\/apuntesdesanluis.com\/index.php\/wp-json\/wp\/v2\/comments?post=9255"}],"version-history":[{"count":3,"href":"https:\/\/apuntesdesanluis.com\/index.php\/wp-json\/wp\/v2\/posts\/9255\/revisions"}],"predecessor-version":[{"id":9283,"href":"https:\/\/apuntesdesanluis.com\/index.php\/wp-json\/wp\/v2\/posts\/9255\/revisions\/9283"}],"wp:featuredmedia":[{"embeddable":true,"href":"https:\/\/apuntesdesanluis.com\/index.php\/wp-json\/wp\/v2\/media\/9256"}],"wp:attachment":[{"href":"https:\/\/apuntesdesanluis.com\/index.php\/wp-json\/wp\/v2\/media?parent=9255"}],"wp:term":[{"taxonomy":"category","embeddable":true,"href":"https:\/\/apuntesdesanluis.com\/index.php\/wp-json\/wp\/v2\/categories?post=9255"},{"taxonomy":"post_tag","embeddable":true,"href":"https:\/\/apuntesdesanluis.com\/index.php\/wp-json\/wp\/v2\/tags?post=9255"}],"curies":[{"name":"wp","href":"https:\/\/api.w.org\/{rel}","templated":true}]}}