{"id":9274,"date":"2023-12-29T10:14:35","date_gmt":"2023-12-29T13:14:35","guid":{"rendered":"https:\/\/apuntesdesanluis.com\/?p=9274"},"modified":"2023-12-29T22:18:23","modified_gmt":"2023-12-30T01:18:23","slug":"farmaceuticos-presentaron-un-recurso-de-amparo-contra-el-dnu-de-milei","status":"publish","type":"post","link":"https:\/\/apuntesdesanluis.com\/index.php\/2023\/12\/29\/farmaceuticos-presentaron-un-recurso-de-amparo-contra-el-dnu-de-milei\/","title":{"rendered":"FARMAC\u00c9UTICOS PRESENTARON UN RECURSO DE AMPARO CONTRA EL DNU DE MILEI"},"content":{"rendered":"<h3>Distintos representantes del sector se movilizaron al Palacio de Tribunales y llamaron al cese de actividades en farmacias entre las 12 y las 13 en todo el pa\u00eds.<\/h3>\n<h3>En la previa de la movilizaci\u00f3n, la <strong>Federaci\u00f3n Argentina de C\u00e1maras de Farmacias<\/strong> (FACAF) hab\u00eda advertido que el DNU gener\u00f3 &#8220;una profunda inquietud en el seno de la farmacia argentina, ya que sus postulados ponen en riesgo la salud, el modelo de farmacia profesional vigente, la integridad de la profesi\u00f3n farmac\u00e9utica y los principios constitucionales de la divisi\u00f3n de poderes y el federalismo&#8221;.<\/h3>\n<h3>&#8220;La esencia misma de la farmacia Argentina, concebida como un centro de salud con dispersi\u00f3n territorial, se ve amenazada por las disposiciones de este decreto, que promueven un modelo probadamente desacertado al intentar desregular la funci\u00f3n de la farmacia&#8221;, alertaron desde la entidad.<\/h3>\n<h3>Y a\u00f1adieron: &#8220;Esta pretendida acci\u00f3n que viene a salvaguardar la competitividad, deja abierta la comercializaci\u00f3n, como si el\u00a0 medicamento fuese una mercanc\u00eda com\u00fan y entonces, se asemeja m\u00e1s a un plan de negocios que al uso racional de una herramienta esencial para la salud de los argentinos&#8221;.<\/h3>\n<h3>\u00bfQu\u00e9 cambios introduce el DNU en el sector farmac\u00e9utico?<\/h3>\n<h3>-La posibilidad de que los medicamentos denominados de venta libre y de especialidades farmac\u00e9uticas, puedan ser vendidos fuera de las farmacias.<\/h3>\n<h3>-Que las farmacias funcionen sin profesionales farmac\u00e9uticos para realizar y controlar las dispensas.<\/h3>\n<h3>-Que en la receta prescripta por el m\u00e9dico se describa s\u00f3lo el nombre gen\u00e9rico y no se especifique la marca comercial.<\/h3>\n<h3>-La medida reduce los controles sanitarios sobre los medicamentos al aumentar las bocas de expendio fuera de las farmacias, y seg\u00fan los farmac\u00e9uticos esto har\u00e1 m\u00e1s dif\u00edcil quitar el lote del mercado en caso de alg\u00fan problema en la partida.<\/h3>\n<p>&nbsp;<\/p>\n<p>&nbsp;<\/p>\n<p>&nbsp;<\/p>\n","protected":false},"excerpt":{"rendered":"<p>Distintos representantes del sector se movilizaron al Palacio de Tribunales y llamaron al cese de&#8230;<\/p>\n","protected":false},"author":1,"featured_media":9275,"comment_status":"closed","ping_status":"closed","sticky":false,"template":"","format":"standard","meta":{"footnotes":""},"categories":[5],"tags":[],"class_list":["post-9274","post","type-post","status-publish","format-standard","has-post-thumbnail","hentry","category-nacionales-internacionales"],"yoast_head":"<!-- This site is optimized with the Yoast SEO plugin v26.1.1 - https:\/\/yoast.com\/wordpress\/plugins\/seo\/ -->\n<title>FARMAC\u00c9UTICOS PRESENTARON UN RECURSO DE AMPARO CONTRA EL DNU DE MILEI - Apuntes de San Luis<\/title>\n<meta name=\"robots\" content=\"index, follow, max-snippet:-1, max-image-preview:large, max-video-preview:-1\" \/>\n<link rel=\"canonical\" href=\"https:\/\/apuntesdesanluis.com\/index.php\/2023\/12\/29\/farmaceuticos-presentaron-un-recurso-de-amparo-contra-el-dnu-de-milei\/\" \/>\n<meta property=\"og:locale\" content=\"es_ES\" \/>\n<meta property=\"og:type\" content=\"article\" \/>\n<meta property=\"og:title\" content=\"FARMAC\u00c9UTICOS PRESENTARON UN RECURSO DE AMPARO CONTRA EL DNU DE MILEI - Apuntes de San Luis\" \/>\n<meta property=\"og:description\" content=\"Distintos representantes del sector se movilizaron al Palacio de Tribunales y llamaron al cese de...\" \/>\n<meta property=\"og:url\" content=\"https:\/\/apuntesdesanluis.com\/index.php\/2023\/12\/29\/farmaceuticos-presentaron-un-recurso-de-amparo-contra-el-dnu-de-milei\/\" \/>\n<meta property=\"og:site_name\" content=\"Apuntes de San Luis\" \/>\n<meta property=\"article:published_time\" content=\"2023-12-29T13:14:35+00:00\" \/>\n<meta property=\"article:modified_time\" content=\"2023-12-30T01:18:23+00:00\" \/>\n<meta property=\"og:image\" content=\"https:\/\/apuntesdesanluis.com\/wp-content\/uploads\/2023\/12\/farmaceuticos.png\" \/>\n\t<meta property=\"og:image:width\" content=\"733\" \/>\n\t<meta property=\"og:image:height\" content=\"417\" \/>\n\t<meta property=\"og:image:type\" content=\"image\/png\" \/>\n<meta name=\"author\" content=\"apuntesdesanluis.com\" \/>\n<meta name=\"twitter:card\" content=\"summary_large_image\" \/>\n<meta name=\"twitter:label1\" content=\"Escrito por\" \/>\n\t<meta name=\"twitter:data1\" content=\"apuntesdesanluis.com\" \/>\n\t<meta name=\"twitter:label2\" content=\"Tiempo de lectura\" \/>\n\t<meta name=\"twitter:data2\" content=\"2 minutos\" \/>\n<script type=\"application\/ld+json\" class=\"yoast-schema-graph\">{\"@context\":\"https:\/\/schema.org\",\"@graph\":[{\"@type\":\"Article\",\"@id\":\"https:\/\/apuntesdesanluis.com\/index.php\/2023\/12\/29\/farmaceuticos-presentaron-un-recurso-de-amparo-contra-el-dnu-de-milei\/#article\",\"isPartOf\":{\"@id\":\"https:\/\/apuntesdesanluis.com\/index.php\/2023\/12\/29\/farmaceuticos-presentaron-un-recurso-de-amparo-contra-el-dnu-de-milei\/\"},\"author\":{\"name\":\"apuntesdesanluis.com\",\"@id\":\"https:\/\/apuntesdesanluis.com\/#\/schema\/person\/b55151d52296fcce64d1a72538a70b90\"},\"headline\":\"FARMAC\u00c9UTICOS PRESENTARON UN RECURSO DE AMPARO CONTRA EL DNU DE MILEI\",\"datePublished\":\"2023-12-29T13:14:35+00:00\",\"dateModified\":\"2023-12-30T01:18:23+00:00\",\"mainEntityOfPage\":{\"@id\":\"https:\/\/apuntesdesanluis.com\/index.php\/2023\/12\/29\/farmaceuticos-presentaron-un-recurso-de-amparo-contra-el-dnu-de-milei\/\"},\"wordCount\":325,\"publisher\":{\"@id\":\"https:\/\/apuntesdesanluis.com\/#\/schema\/person\/b55151d52296fcce64d1a72538a70b90\"},\"image\":{\"@id\":\"https:\/\/apuntesdesanluis.com\/index.php\/2023\/12\/29\/farmaceuticos-presentaron-un-recurso-de-amparo-contra-el-dnu-de-milei\/#primaryimage\"},\"thumbnailUrl\":\"https:\/\/apuntesdesanluis.com\/wp-content\/uploads\/2023\/12\/farmaceuticos.png\",\"articleSection\":[\"Nacionales\/Internacionales\"],\"inLanguage\":\"es-AR\"},{\"@type\":\"WebPage\",\"@id\":\"https:\/\/apuntesdesanluis.com\/index.php\/2023\/12\/29\/farmaceuticos-presentaron-un-recurso-de-amparo-contra-el-dnu-de-milei\/\",\"url\":\"https:\/\/apuntesdesanluis.com\/index.php\/2023\/12\/29\/farmaceuticos-presentaron-un-recurso-de-amparo-contra-el-dnu-de-milei\/\",\"name\":\"FARMAC\u00c9UTICOS PRESENTARON UN RECURSO DE AMPARO CONTRA EL DNU DE MILEI - Apuntes de San Luis\",\"isPartOf\":{\"@id\":\"https:\/\/apuntesdesanluis.com\/#website\"},\"primaryImageOfPage\":{\"@id\":\"https:\/\/apuntesdesanluis.com\/index.php\/2023\/12\/29\/farmaceuticos-presentaron-un-recurso-de-amparo-contra-el-dnu-de-milei\/#primaryimage\"},\"image\":{\"@id\":\"https:\/\/apuntesdesanluis.com\/index.php\/2023\/12\/29\/farmaceuticos-presentaron-un-recurso-de-amparo-contra-el-dnu-de-milei\/#primaryimage\"},\"thumbnailUrl\":\"https:\/\/apuntesdesanluis.com\/wp-content\/uploads\/2023\/12\/farmaceuticos.png\",\"datePublished\":\"2023-12-29T13:14:35+00:00\",\"dateModified\":\"2023-12-30T01:18:23+00:00\",\"breadcrumb\":{\"@id\":\"https:\/\/apuntesdesanluis.com\/index.php\/2023\/12\/29\/farmaceuticos-presentaron-un-recurso-de-amparo-contra-el-dnu-de-milei\/#breadcrumb\"},\"inLanguage\":\"es-AR\",\"potentialAction\":[{\"@type\":\"ReadAction\",\"target\":[\"https:\/\/apuntesdesanluis.com\/index.php\/2023\/12\/29\/farmaceuticos-presentaron-un-recurso-de-amparo-contra-el-dnu-de-milei\/\"]}]},{\"@type\":\"ImageObject\",\"inLanguage\":\"es-AR\",\"@id\":\"https:\/\/apuntesdesanluis.com\/index.php\/2023\/12\/29\/farmaceuticos-presentaron-un-recurso-de-amparo-contra-el-dnu-de-milei\/#primaryimage\",\"url\":\"https:\/\/apuntesdesanluis.com\/wp-content\/uploads\/2023\/12\/farmaceuticos.png\",\"contentUrl\":\"https:\/\/apuntesdesanluis.com\/wp-content\/uploads\/2023\/12\/farmaceuticos.png\",\"width\":733,\"height\":417},{\"@type\":\"BreadcrumbList\",\"@id\":\"https:\/\/apuntesdesanluis.com\/index.php\/2023\/12\/29\/farmaceuticos-presentaron-un-recurso-de-amparo-contra-el-dnu-de-milei\/#breadcrumb\",\"itemListElement\":[{\"@type\":\"ListItem\",\"position\":1,\"name\":\"Inicio\",\"item\":\"https:\/\/apuntesdesanluis.com\/\"},{\"@type\":\"ListItem\",\"position\":2,\"name\":\"FARMAC\u00c9UTICOS PRESENTARON UN RECURSO DE AMPARO CONTRA EL DNU DE MILEI\"}]},{\"@type\":\"WebSite\",\"@id\":\"https:\/\/apuntesdesanluis.com\/#website\",\"url\":\"https:\/\/apuntesdesanluis.com\/\",\"name\":\"Apuntes de San Luis\",\"description\":\"\",\"publisher\":{\"@id\":\"https:\/\/apuntesdesanluis.com\/#\/schema\/person\/b55151d52296fcce64d1a72538a70b90\"},\"potentialAction\":[{\"@type\":\"SearchAction\",\"target\":{\"@type\":\"EntryPoint\",\"urlTemplate\":\"https:\/\/apuntesdesanluis.com\/?s={search_term_string}\"},\"query-input\":{\"@type\":\"PropertyValueSpecification\",\"valueRequired\":true,\"valueName\":\"search_term_string\"}}],\"inLanguage\":\"es-AR\"},{\"@type\":[\"Person\",\"Organization\"],\"@id\":\"https:\/\/apuntesdesanluis.com\/#\/schema\/person\/b55151d52296fcce64d1a72538a70b90\",\"name\":\"apuntesdesanluis.com\",\"image\":{\"@type\":\"ImageObject\",\"inLanguage\":\"es-AR\",\"@id\":\"https:\/\/apuntesdesanluis.com\/#\/schema\/person\/image\/\",\"url\":\"https:\/\/apuntesdesanluis.com\/wp-content\/uploads\/2023\/07\/cropped-apuntesdesanluis.png\",\"contentUrl\":\"https:\/\/apuntesdesanluis.com\/wp-content\/uploads\/2023\/07\/cropped-apuntesdesanluis.png\",\"width\":450,\"height\":112,\"caption\":\"apuntesdesanluis.com\"},\"logo\":{\"@id\":\"https:\/\/apuntesdesanluis.com\/#\/schema\/person\/image\/\"},\"sameAs\":[\"https:\/\/apuntesdesanluis.com\"],\"url\":\"https:\/\/apuntesdesanluis.com\/index.php\/author\/apuntesdesanluis-com\/\"}]}<\/script>\n<!-- \/ Yoast SEO plugin. -->","yoast_head_json":{"title":"FARMAC\u00c9UTICOS PRESENTARON UN RECURSO DE AMPARO CONTRA EL DNU DE MILEI - Apuntes de San Luis","robots":{"index":"index","follow":"follow","max-snippet":"max-snippet:-1","max-image-preview":"max-image-preview:large","max-video-preview":"max-video-preview:-1"},"canonical":"https:\/\/apuntesdesanluis.com\/index.php\/2023\/12\/29\/farmaceuticos-presentaron-un-recurso-de-amparo-contra-el-dnu-de-milei\/","og_locale":"es_ES","og_type":"article","og_title":"FARMAC\u00c9UTICOS PRESENTARON UN RECURSO DE AMPARO CONTRA EL DNU DE MILEI - Apuntes de San Luis","og_description":"Distintos representantes del sector se movilizaron al Palacio de Tribunales y llamaron al cese de...","og_url":"https:\/\/apuntesdesanluis.com\/index.php\/2023\/12\/29\/farmaceuticos-presentaron-un-recurso-de-amparo-contra-el-dnu-de-milei\/","og_site_name":"Apuntes de San Luis","article_published_time":"2023-12-29T13:14:35+00:00","article_modified_time":"2023-12-30T01:18:23+00:00","og_image":[{"width":733,"height":417,"url":"https:\/\/apuntesdesanluis.com\/wp-content\/uploads\/2023\/12\/farmaceuticos.png","type":"image\/png"}],"author":"apuntesdesanluis.com","twitter_card":"summary_large_image","twitter_misc":{"Escrito por":"apuntesdesanluis.com","Tiempo de lectura":"2 minutos"},"schema":{"@context":"https:\/\/schema.org","@graph":[{"@type":"Article","@id":"https:\/\/apuntesdesanluis.com\/index.php\/2023\/12\/29\/farmaceuticos-presentaron-un-recurso-de-amparo-contra-el-dnu-de-milei\/#article","isPartOf":{"@id":"https:\/\/apuntesdesanluis.com\/index.php\/2023\/12\/29\/farmaceuticos-presentaron-un-recurso-de-amparo-contra-el-dnu-de-milei\/"},"author":{"name":"apuntesdesanluis.com","@id":"https:\/\/apuntesdesanluis.com\/#\/schema\/person\/b55151d52296fcce64d1a72538a70b90"},"headline":"FARMAC\u00c9UTICOS PRESENTARON UN RECURSO DE AMPARO CONTRA EL DNU DE MILEI","datePublished":"2023-12-29T13:14:35+00:00","dateModified":"2023-12-30T01:18:23+00:00","mainEntityOfPage":{"@id":"https:\/\/apuntesdesanluis.com\/index.php\/2023\/12\/29\/farmaceuticos-presentaron-un-recurso-de-amparo-contra-el-dnu-de-milei\/"},"wordCount":325,"publisher":{"@id":"https:\/\/apuntesdesanluis.com\/#\/schema\/person\/b55151d52296fcce64d1a72538a70b90"},"image":{"@id":"https:\/\/apuntesdesanluis.com\/index.php\/2023\/12\/29\/farmaceuticos-presentaron-un-recurso-de-amparo-contra-el-dnu-de-milei\/#primaryimage"},"thumbnailUrl":"https:\/\/apuntesdesanluis.com\/wp-content\/uploads\/2023\/12\/farmaceuticos.png","articleSection":["Nacionales\/Internacionales"],"inLanguage":"es-AR"},{"@type":"WebPage","@id":"https:\/\/apuntesdesanluis.com\/index.php\/2023\/12\/29\/farmaceuticos-presentaron-un-recurso-de-amparo-contra-el-dnu-de-milei\/","url":"https:\/\/apuntesdesanluis.com\/index.php\/2023\/12\/29\/farmaceuticos-presentaron-un-recurso-de-amparo-contra-el-dnu-de-milei\/","name":"FARMAC\u00c9UTICOS PRESENTARON UN RECURSO DE AMPARO CONTRA EL DNU DE MILEI - Apuntes de San Luis","isPartOf":{"@id":"https:\/\/apuntesdesanluis.com\/#website"},"primaryImageOfPage":{"@id":"https:\/\/apuntesdesanluis.com\/index.php\/2023\/12\/29\/farmaceuticos-presentaron-un-recurso-de-amparo-contra-el-dnu-de-milei\/#primaryimage"},"image":{"@id":"https:\/\/apuntesdesanluis.com\/index.php\/2023\/12\/29\/farmaceuticos-presentaron-un-recurso-de-amparo-contra-el-dnu-de-milei\/#primaryimage"},"thumbnailUrl":"https:\/\/apuntesdesanluis.com\/wp-content\/uploads\/2023\/12\/farmaceuticos.png","datePublished":"2023-12-29T13:14:35+00:00","dateModified":"2023-12-30T01:18:23+00:00","breadcrumb":{"@id":"https:\/\/apuntesdesanluis.com\/index.php\/2023\/12\/29\/farmaceuticos-presentaron-un-recurso-de-amparo-contra-el-dnu-de-milei\/#breadcrumb"},"inLanguage":"es-AR","potentialAction":[{"@type":"ReadAction","target":["https:\/\/apuntesdesanluis.com\/index.php\/2023\/12\/29\/farmaceuticos-presentaron-un-recurso-de-amparo-contra-el-dnu-de-milei\/"]}]},{"@type":"ImageObject","inLanguage":"es-AR","@id":"https:\/\/apuntesdesanluis.com\/index.php\/2023\/12\/29\/farmaceuticos-presentaron-un-recurso-de-amparo-contra-el-dnu-de-milei\/#primaryimage","url":"https:\/\/apuntesdesanluis.com\/wp-content\/uploads\/2023\/12\/farmaceuticos.png","contentUrl":"https:\/\/apuntesdesanluis.com\/wp-content\/uploads\/2023\/12\/farmaceuticos.png","width":733,"height":417},{"@type":"BreadcrumbList","@id":"https:\/\/apuntesdesanluis.com\/index.php\/2023\/12\/29\/farmaceuticos-presentaron-un-recurso-de-amparo-contra-el-dnu-de-milei\/#breadcrumb","itemListElement":[{"@type":"ListItem","position":1,"name":"Inicio","item":"https:\/\/apuntesdesanluis.com\/"},{"@type":"ListItem","position":2,"name":"FARMAC\u00c9UTICOS PRESENTARON UN RECURSO DE AMPARO CONTRA EL DNU DE MILEI"}]},{"@type":"WebSite","@id":"https:\/\/apuntesdesanluis.com\/#website","url":"https:\/\/apuntesdesanluis.com\/","name":"Apuntes de San Luis","description":"","publisher":{"@id":"https:\/\/apuntesdesanluis.com\/#\/schema\/person\/b55151d52296fcce64d1a72538a70b90"},"potentialAction":[{"@type":"SearchAction","target":{"@type":"EntryPoint","urlTemplate":"https:\/\/apuntesdesanluis.com\/?s={search_term_string}"},"query-input":{"@type":"PropertyValueSpecification","valueRequired":true,"valueName":"search_term_string"}}],"inLanguage":"es-AR"},{"@type":["Person","Organization"],"@id":"https:\/\/apuntesdesanluis.com\/#\/schema\/person\/b55151d52296fcce64d1a72538a70b90","name":"apuntesdesanluis.com","image":{"@type":"ImageObject","inLanguage":"es-AR","@id":"https:\/\/apuntesdesanluis.com\/#\/schema\/person\/image\/","url":"https:\/\/apuntesdesanluis.com\/wp-content\/uploads\/2023\/07\/cropped-apuntesdesanluis.png","contentUrl":"https:\/\/apuntesdesanluis.com\/wp-content\/uploads\/2023\/07\/cropped-apuntesdesanluis.png","width":450,"height":112,"caption":"apuntesdesanluis.com"},"logo":{"@id":"https:\/\/apuntesdesanluis.com\/#\/schema\/person\/image\/"},"sameAs":["https:\/\/apuntesdesanluis.com"],"url":"https:\/\/apuntesdesanluis.com\/index.php\/author\/apuntesdesanluis-com\/"}]}},"featured_image_urls":{"full":["https:\/\/apuntesdesanluis.com\/wp-content\/uploads\/2023\/12\/farmaceuticos.png",733,417,false],"thumbnail":["https:\/\/apuntesdesanluis.com\/wp-content\/uploads\/2023\/12\/farmaceuticos-150x150.png",150,150,true],"medium":["https:\/\/apuntesdesanluis.com\/wp-content\/uploads\/2023\/12\/farmaceuticos-300x171.png",300,171,true],"medium_large":["https:\/\/apuntesdesanluis.com\/wp-content\/uploads\/2023\/12\/farmaceuticos.png",640,364,false],"large":["https:\/\/apuntesdesanluis.com\/wp-content\/uploads\/2023\/12\/farmaceuticos.png",640,364,false],"1536x1536":["https:\/\/apuntesdesanluis.com\/wp-content\/uploads\/2023\/12\/farmaceuticos.png",733,417,false],"2048x2048":["https:\/\/apuntesdesanluis.com\/wp-content\/uploads\/2023\/12\/farmaceuticos.png",733,417,false],"newsever-slider-full":["https:\/\/apuntesdesanluis.com\/wp-content\/uploads\/2023\/12\/farmaceuticos.png",733,417,false],"newsever-featured":["https:\/\/apuntesdesanluis.com\/wp-content\/uploads\/2023\/12\/farmaceuticos.png",733,417,false],"newsever-medium":["https:\/\/apuntesdesanluis.com\/wp-content\/uploads\/2023\/12\/farmaceuticos-720x417.png",720,417,true]},"author_info":{"display_name":"apuntesdesanluis.com","author_link":"https:\/\/apuntesdesanluis.com\/index.php\/author\/apuntesdesanluis-com\/"},"category_info":"<a href=\"https:\/\/apuntesdesanluis.com\/index.php\/category\/nacionales-internacionales\/\" rel=\"category tag\">Nacionales\/Internacionales<\/a>","tag_info":"Nacionales\/Internacionales","comment_count":"0","_links":{"self":[{"href":"https:\/\/apuntesdesanluis.com\/index.php\/wp-json\/wp\/v2\/posts\/9274","targetHints":{"allow":["GET"]}}],"collection":[{"href":"https:\/\/apuntesdesanluis.com\/index.php\/wp-json\/wp\/v2\/posts"}],"about":[{"href":"https:\/\/apuntesdesanluis.com\/index.php\/wp-json\/wp\/v2\/types\/post"}],"author":[{"embeddable":true,"href":"https:\/\/apuntesdesanluis.com\/index.php\/wp-json\/wp\/v2\/users\/1"}],"replies":[{"embeddable":true,"href":"https:\/\/apuntesdesanluis.com\/index.php\/wp-json\/wp\/v2\/comments?post=9274"}],"version-history":[{"count":4,"href":"https:\/\/apuntesdesanluis.com\/index.php\/wp-json\/wp\/v2\/posts\/9274\/revisions"}],"predecessor-version":[{"id":9279,"href":"https:\/\/apuntesdesanluis.com\/index.php\/wp-json\/wp\/v2\/posts\/9274\/revisions\/9279"}],"wp:featuredmedia":[{"embeddable":true,"href":"https:\/\/apuntesdesanluis.com\/index.php\/wp-json\/wp\/v2\/media\/9275"}],"wp:attachment":[{"href":"https:\/\/apuntesdesanluis.com\/index.php\/wp-json\/wp\/v2\/media?parent=9274"}],"wp:term":[{"taxonomy":"category","embeddable":true,"href":"https:\/\/apuntesdesanluis.com\/index.php\/wp-json\/wp\/v2\/categories?post=9274"},{"taxonomy":"post_tag","embeddable":true,"href":"https:\/\/apuntesdesanluis.com\/index.php\/wp-json\/wp\/v2\/tags?post=9274"}],"curies":[{"name":"wp","href":"https:\/\/api.w.org\/{rel}","templated":true}]}}