{"id":9310,"date":"2023-12-31T17:57:54","date_gmt":"2023-12-31T20:57:54","guid":{"rendered":"https:\/\/apuntesdesanluis.com\/?p=9310"},"modified":"2023-12-31T17:57:54","modified_gmt":"2023-12-31T20:57:54","slug":"fin-de-ano-tragico-peaton-fallece-tras-ser-embestido-por-una-camioneta","status":"publish","type":"post","link":"https:\/\/apuntesdesanluis.com\/index.php\/2023\/12\/31\/fin-de-ano-tragico-peaton-fallece-tras-ser-embestido-por-una-camioneta\/","title":{"rendered":"FIN DE A\u00d1O TR\u00c1GICO: PEAT\u00d3N FALLECE TRAS SER EMBESTIDO POR UNA CAMIONETA"},"content":{"rendered":"<h3>El accidente fatal tuvo lugar este domingo por la ma\u00f1ana, en la intersecci\u00f3n de Avenida Italia y 25 de Agosto, en la ciudad de San Luis.<\/h3>\n<h3>El incidente ocurri\u00f3 cuando una camioneta de marca Isuzu, color blanco, circulaba por la calle Italia en direcci\u00f3n de norte a sur. Tras impactar un poste de madera en la vereda, la camioneta continu\u00f3 su recorrido por varios metros, terminando impactando al peat\u00f3n que se encontraba en ese lugar.<\/h3>\n<h3>Personal de SEMPRO lleg\u00f3 al lugar y constat\u00f3 el deceso del peat\u00f3n. \u00a0La v\u00edctima fatal ser\u00eda una persona de apellido Ch\u00e1vez y de 62 a\u00f1os.<\/h3>\n<p><img fetchpriority=\"high\" decoding=\"async\" class=\"wp-image-9312 aligncenter\" src=\"https:\/\/apuntesdesanluis.com\/wp-content\/uploads\/2023\/12\/POLICIAS-300x153.jpg\" alt=\"\" width=\"678\" height=\"346\" srcset=\"https:\/\/apuntesdesanluis.com\/wp-content\/uploads\/2023\/12\/POLICIAS-300x153.jpg 300w, https:\/\/apuntesdesanluis.com\/wp-content\/uploads\/2023\/12\/POLICIAS.jpg 600w\" sizes=\"(max-width: 678px) 100vw, 678px\" \/><\/p>\n<h3>La camioneta implicada se dio a la fuga, pero gracias al alerta emitido por el centro de operaciones, el personal de monitoreo avist\u00f3 el veh\u00edculo circulando por la Avenida Lafinur de norte a sur, lo que llev\u00f3 a la intervenci\u00f3n de los motoristas del comando radioel\u00e9ctrico.<\/h3>\n<h3>Estos lograron interceptar la camioneta en Avenida Lafinur, entre Jun\u00edn y Pedernera, y detuvieron a sus dos ocupantes: un joven y una mujer, quienes permanecen detenidos en espera de directivas del personal de Exigencias Entrolog\u00eda Vial. Este ser\u00e1 el encargado de determinar las causas de este tr\u00e1gico suceso.<\/h3>\n","protected":false},"excerpt":{"rendered":"<p>El accidente fatal tuvo lugar este domingo por la ma\u00f1ana, en la intersecci\u00f3n de Avenida&#8230;<\/p>\n","protected":false},"author":1,"featured_media":9311,"comment_status":"closed","ping_status":"closed","sticky":false,"template":"","format":"standard","meta":{"footnotes":""},"categories":[6],"tags":[],"class_list":["post-9310","post","type-post","status-publish","format-standard","has-post-thumbnail","hentry","category-ciudad-provincia"],"yoast_head":"<!-- This site is optimized with the Yoast SEO plugin v26.1.1 - https:\/\/yoast.com\/wordpress\/plugins\/seo\/ -->\n<title>FIN DE A\u00d1O TR\u00c1GICO: PEAT\u00d3N FALLECE TRAS SER EMBESTIDO POR UNA CAMIONETA - Apuntes de San Luis<\/title>\n<meta name=\"robots\" content=\"index, follow, max-snippet:-1, max-image-preview:large, max-video-preview:-1\" \/>\n<link rel=\"canonical\" href=\"https:\/\/apuntesdesanluis.com\/index.php\/2023\/12\/31\/fin-de-ano-tragico-peaton-fallece-tras-ser-embestido-por-una-camioneta\/\" \/>\n<meta property=\"og:locale\" content=\"es_ES\" \/>\n<meta property=\"og:type\" content=\"article\" \/>\n<meta property=\"og:title\" content=\"FIN DE A\u00d1O TR\u00c1GICO: PEAT\u00d3N FALLECE TRAS SER EMBESTIDO POR UNA CAMIONETA - Apuntes de San Luis\" \/>\n<meta property=\"og:description\" content=\"El accidente fatal tuvo lugar este domingo por la ma\u00f1ana, en la intersecci\u00f3n de Avenida...\" \/>\n<meta property=\"og:url\" content=\"https:\/\/apuntesdesanluis.com\/index.php\/2023\/12\/31\/fin-de-ano-tragico-peaton-fallece-tras-ser-embestido-por-una-camioneta\/\" \/>\n<meta property=\"og:site_name\" content=\"Apuntes de San Luis\" \/>\n<meta property=\"article:published_time\" content=\"2023-12-31T20:57:54+00:00\" \/>\n<meta property=\"og:image\" content=\"https:\/\/apuntesdesanluis.com\/wp-content\/uploads\/2023\/12\/CAMIONETA.jpg\" \/>\n\t<meta property=\"og:image:width\" content=\"600\" \/>\n\t<meta property=\"og:image:height\" content=\"333\" \/>\n\t<meta property=\"og:image:type\" content=\"image\/jpeg\" \/>\n<meta name=\"author\" content=\"apuntesdesanluis.com\" \/>\n<meta name=\"twitter:card\" content=\"summary_large_image\" \/>\n<meta name=\"twitter:label1\" content=\"Escrito por\" \/>\n\t<meta name=\"twitter:data1\" content=\"apuntesdesanluis.com\" \/>\n\t<meta name=\"twitter:label2\" content=\"Tiempo de lectura\" \/>\n\t<meta name=\"twitter:data2\" content=\"2 minutos\" \/>\n<script type=\"application\/ld+json\" class=\"yoast-schema-graph\">{\"@context\":\"https:\/\/schema.org\",\"@graph\":[{\"@type\":\"Article\",\"@id\":\"https:\/\/apuntesdesanluis.com\/index.php\/2023\/12\/31\/fin-de-ano-tragico-peaton-fallece-tras-ser-embestido-por-una-camioneta\/#article\",\"isPartOf\":{\"@id\":\"https:\/\/apuntesdesanluis.com\/index.php\/2023\/12\/31\/fin-de-ano-tragico-peaton-fallece-tras-ser-embestido-por-una-camioneta\/\"},\"author\":{\"name\":\"apuntesdesanluis.com\",\"@id\":\"https:\/\/apuntesdesanluis.com\/#\/schema\/person\/b55151d52296fcce64d1a72538a70b90\"},\"headline\":\"FIN DE A\u00d1O TR\u00c1GICO: PEAT\u00d3N FALLECE TRAS SER EMBESTIDO POR UNA CAMIONETA\",\"datePublished\":\"2023-12-31T20:57:54+00:00\",\"mainEntityOfPage\":{\"@id\":\"https:\/\/apuntesdesanluis.com\/index.php\/2023\/12\/31\/fin-de-ano-tragico-peaton-fallece-tras-ser-embestido-por-una-camioneta\/\"},\"wordCount\":222,\"publisher\":{\"@id\":\"https:\/\/apuntesdesanluis.com\/#\/schema\/person\/b55151d52296fcce64d1a72538a70b90\"},\"image\":{\"@id\":\"https:\/\/apuntesdesanluis.com\/index.php\/2023\/12\/31\/fin-de-ano-tragico-peaton-fallece-tras-ser-embestido-por-una-camioneta\/#primaryimage\"},\"thumbnailUrl\":\"https:\/\/apuntesdesanluis.com\/wp-content\/uploads\/2023\/12\/CAMIONETA.jpg\",\"articleSection\":[\"Ciudad\/Provincia\"],\"inLanguage\":\"es-AR\"},{\"@type\":\"WebPage\",\"@id\":\"https:\/\/apuntesdesanluis.com\/index.php\/2023\/12\/31\/fin-de-ano-tragico-peaton-fallece-tras-ser-embestido-por-una-camioneta\/\",\"url\":\"https:\/\/apuntesdesanluis.com\/index.php\/2023\/12\/31\/fin-de-ano-tragico-peaton-fallece-tras-ser-embestido-por-una-camioneta\/\",\"name\":\"FIN DE A\u00d1O TR\u00c1GICO: PEAT\u00d3N FALLECE TRAS SER EMBESTIDO POR UNA CAMIONETA - Apuntes de San Luis\",\"isPartOf\":{\"@id\":\"https:\/\/apuntesdesanluis.com\/#website\"},\"primaryImageOfPage\":{\"@id\":\"https:\/\/apuntesdesanluis.com\/index.php\/2023\/12\/31\/fin-de-ano-tragico-peaton-fallece-tras-ser-embestido-por-una-camioneta\/#primaryimage\"},\"image\":{\"@id\":\"https:\/\/apuntesdesanluis.com\/index.php\/2023\/12\/31\/fin-de-ano-tragico-peaton-fallece-tras-ser-embestido-por-una-camioneta\/#primaryimage\"},\"thumbnailUrl\":\"https:\/\/apuntesdesanluis.com\/wp-content\/uploads\/2023\/12\/CAMIONETA.jpg\",\"datePublished\":\"2023-12-31T20:57:54+00:00\",\"breadcrumb\":{\"@id\":\"https:\/\/apuntesdesanluis.com\/index.php\/2023\/12\/31\/fin-de-ano-tragico-peaton-fallece-tras-ser-embestido-por-una-camioneta\/#breadcrumb\"},\"inLanguage\":\"es-AR\",\"potentialAction\":[{\"@type\":\"ReadAction\",\"target\":[\"https:\/\/apuntesdesanluis.com\/index.php\/2023\/12\/31\/fin-de-ano-tragico-peaton-fallece-tras-ser-embestido-por-una-camioneta\/\"]}]},{\"@type\":\"ImageObject\",\"inLanguage\":\"es-AR\",\"@id\":\"https:\/\/apuntesdesanluis.com\/index.php\/2023\/12\/31\/fin-de-ano-tragico-peaton-fallece-tras-ser-embestido-por-una-camioneta\/#primaryimage\",\"url\":\"https:\/\/apuntesdesanluis.com\/wp-content\/uploads\/2023\/12\/CAMIONETA.jpg\",\"contentUrl\":\"https:\/\/apuntesdesanluis.com\/wp-content\/uploads\/2023\/12\/CAMIONETA.jpg\",\"width\":600,\"height\":333},{\"@type\":\"BreadcrumbList\",\"@id\":\"https:\/\/apuntesdesanluis.com\/index.php\/2023\/12\/31\/fin-de-ano-tragico-peaton-fallece-tras-ser-embestido-por-una-camioneta\/#breadcrumb\",\"itemListElement\":[{\"@type\":\"ListItem\",\"position\":1,\"name\":\"Inicio\",\"item\":\"https:\/\/apuntesdesanluis.com\/\"},{\"@type\":\"ListItem\",\"position\":2,\"name\":\"FIN DE A\u00d1O TR\u00c1GICO: PEAT\u00d3N FALLECE TRAS SER EMBESTIDO POR UNA CAMIONETA\"}]},{\"@type\":\"WebSite\",\"@id\":\"https:\/\/apuntesdesanluis.com\/#website\",\"url\":\"https:\/\/apuntesdesanluis.com\/\",\"name\":\"Apuntes de San Luis\",\"description\":\"\",\"publisher\":{\"@id\":\"https:\/\/apuntesdesanluis.com\/#\/schema\/person\/b55151d52296fcce64d1a72538a70b90\"},\"potentialAction\":[{\"@type\":\"SearchAction\",\"target\":{\"@type\":\"EntryPoint\",\"urlTemplate\":\"https:\/\/apuntesdesanluis.com\/?s={search_term_string}\"},\"query-input\":{\"@type\":\"PropertyValueSpecification\",\"valueRequired\":true,\"valueName\":\"search_term_string\"}}],\"inLanguage\":\"es-AR\"},{\"@type\":[\"Person\",\"Organization\"],\"@id\":\"https:\/\/apuntesdesanluis.com\/#\/schema\/person\/b55151d52296fcce64d1a72538a70b90\",\"name\":\"apuntesdesanluis.com\",\"image\":{\"@type\":\"ImageObject\",\"inLanguage\":\"es-AR\",\"@id\":\"https:\/\/apuntesdesanluis.com\/#\/schema\/person\/image\/\",\"url\":\"https:\/\/apuntesdesanluis.com\/wp-content\/uploads\/2023\/07\/cropped-apuntesdesanluis.png\",\"contentUrl\":\"https:\/\/apuntesdesanluis.com\/wp-content\/uploads\/2023\/07\/cropped-apuntesdesanluis.png\",\"width\":450,\"height\":112,\"caption\":\"apuntesdesanluis.com\"},\"logo\":{\"@id\":\"https:\/\/apuntesdesanluis.com\/#\/schema\/person\/image\/\"},\"sameAs\":[\"https:\/\/apuntesdesanluis.com\"],\"url\":\"https:\/\/apuntesdesanluis.com\/index.php\/author\/apuntesdesanluis-com\/\"}]}<\/script>\n<!-- \/ Yoast SEO plugin. -->","yoast_head_json":{"title":"FIN DE A\u00d1O TR\u00c1GICO: PEAT\u00d3N FALLECE TRAS SER EMBESTIDO POR UNA CAMIONETA - Apuntes de San Luis","robots":{"index":"index","follow":"follow","max-snippet":"max-snippet:-1","max-image-preview":"max-image-preview:large","max-video-preview":"max-video-preview:-1"},"canonical":"https:\/\/apuntesdesanluis.com\/index.php\/2023\/12\/31\/fin-de-ano-tragico-peaton-fallece-tras-ser-embestido-por-una-camioneta\/","og_locale":"es_ES","og_type":"article","og_title":"FIN DE A\u00d1O TR\u00c1GICO: PEAT\u00d3N FALLECE TRAS SER EMBESTIDO POR UNA CAMIONETA - Apuntes de San Luis","og_description":"El accidente fatal tuvo lugar este domingo por la ma\u00f1ana, en la intersecci\u00f3n de Avenida...","og_url":"https:\/\/apuntesdesanluis.com\/index.php\/2023\/12\/31\/fin-de-ano-tragico-peaton-fallece-tras-ser-embestido-por-una-camioneta\/","og_site_name":"Apuntes de San Luis","article_published_time":"2023-12-31T20:57:54+00:00","og_image":[{"width":600,"height":333,"url":"https:\/\/apuntesdesanluis.com\/wp-content\/uploads\/2023\/12\/CAMIONETA.jpg","type":"image\/jpeg"}],"author":"apuntesdesanluis.com","twitter_card":"summary_large_image","twitter_misc":{"Escrito por":"apuntesdesanluis.com","Tiempo de lectura":"2 minutos"},"schema":{"@context":"https:\/\/schema.org","@graph":[{"@type":"Article","@id":"https:\/\/apuntesdesanluis.com\/index.php\/2023\/12\/31\/fin-de-ano-tragico-peaton-fallece-tras-ser-embestido-por-una-camioneta\/#article","isPartOf":{"@id":"https:\/\/apuntesdesanluis.com\/index.php\/2023\/12\/31\/fin-de-ano-tragico-peaton-fallece-tras-ser-embestido-por-una-camioneta\/"},"author":{"name":"apuntesdesanluis.com","@id":"https:\/\/apuntesdesanluis.com\/#\/schema\/person\/b55151d52296fcce64d1a72538a70b90"},"headline":"FIN DE A\u00d1O TR\u00c1GICO: PEAT\u00d3N FALLECE TRAS SER EMBESTIDO POR UNA CAMIONETA","datePublished":"2023-12-31T20:57:54+00:00","mainEntityOfPage":{"@id":"https:\/\/apuntesdesanluis.com\/index.php\/2023\/12\/31\/fin-de-ano-tragico-peaton-fallece-tras-ser-embestido-por-una-camioneta\/"},"wordCount":222,"publisher":{"@id":"https:\/\/apuntesdesanluis.com\/#\/schema\/person\/b55151d52296fcce64d1a72538a70b90"},"image":{"@id":"https:\/\/apuntesdesanluis.com\/index.php\/2023\/12\/31\/fin-de-ano-tragico-peaton-fallece-tras-ser-embestido-por-una-camioneta\/#primaryimage"},"thumbnailUrl":"https:\/\/apuntesdesanluis.com\/wp-content\/uploads\/2023\/12\/CAMIONETA.jpg","articleSection":["Ciudad\/Provincia"],"inLanguage":"es-AR"},{"@type":"WebPage","@id":"https:\/\/apuntesdesanluis.com\/index.php\/2023\/12\/31\/fin-de-ano-tragico-peaton-fallece-tras-ser-embestido-por-una-camioneta\/","url":"https:\/\/apuntesdesanluis.com\/index.php\/2023\/12\/31\/fin-de-ano-tragico-peaton-fallece-tras-ser-embestido-por-una-camioneta\/","name":"FIN DE A\u00d1O TR\u00c1GICO: PEAT\u00d3N FALLECE TRAS SER EMBESTIDO POR UNA CAMIONETA - Apuntes de San Luis","isPartOf":{"@id":"https:\/\/apuntesdesanluis.com\/#website"},"primaryImageOfPage":{"@id":"https:\/\/apuntesdesanluis.com\/index.php\/2023\/12\/31\/fin-de-ano-tragico-peaton-fallece-tras-ser-embestido-por-una-camioneta\/#primaryimage"},"image":{"@id":"https:\/\/apuntesdesanluis.com\/index.php\/2023\/12\/31\/fin-de-ano-tragico-peaton-fallece-tras-ser-embestido-por-una-camioneta\/#primaryimage"},"thumbnailUrl":"https:\/\/apuntesdesanluis.com\/wp-content\/uploads\/2023\/12\/CAMIONETA.jpg","datePublished":"2023-12-31T20:57:54+00:00","breadcrumb":{"@id":"https:\/\/apuntesdesanluis.com\/index.php\/2023\/12\/31\/fin-de-ano-tragico-peaton-fallece-tras-ser-embestido-por-una-camioneta\/#breadcrumb"},"inLanguage":"es-AR","potentialAction":[{"@type":"ReadAction","target":["https:\/\/apuntesdesanluis.com\/index.php\/2023\/12\/31\/fin-de-ano-tragico-peaton-fallece-tras-ser-embestido-por-una-camioneta\/"]}]},{"@type":"ImageObject","inLanguage":"es-AR","@id":"https:\/\/apuntesdesanluis.com\/index.php\/2023\/12\/31\/fin-de-ano-tragico-peaton-fallece-tras-ser-embestido-por-una-camioneta\/#primaryimage","url":"https:\/\/apuntesdesanluis.com\/wp-content\/uploads\/2023\/12\/CAMIONETA.jpg","contentUrl":"https:\/\/apuntesdesanluis.com\/wp-content\/uploads\/2023\/12\/CAMIONETA.jpg","width":600,"height":333},{"@type":"BreadcrumbList","@id":"https:\/\/apuntesdesanluis.com\/index.php\/2023\/12\/31\/fin-de-ano-tragico-peaton-fallece-tras-ser-embestido-por-una-camioneta\/#breadcrumb","itemListElement":[{"@type":"ListItem","position":1,"name":"Inicio","item":"https:\/\/apuntesdesanluis.com\/"},{"@type":"ListItem","position":2,"name":"FIN DE A\u00d1O TR\u00c1GICO: PEAT\u00d3N FALLECE TRAS SER EMBESTIDO POR UNA CAMIONETA"}]},{"@type":"WebSite","@id":"https:\/\/apuntesdesanluis.com\/#website","url":"https:\/\/apuntesdesanluis.com\/","name":"Apuntes de San Luis","description":"","publisher":{"@id":"https:\/\/apuntesdesanluis.com\/#\/schema\/person\/b55151d52296fcce64d1a72538a70b90"},"potentialAction":[{"@type":"SearchAction","target":{"@type":"EntryPoint","urlTemplate":"https:\/\/apuntesdesanluis.com\/?s={search_term_string}"},"query-input":{"@type":"PropertyValueSpecification","valueRequired":true,"valueName":"search_term_string"}}],"inLanguage":"es-AR"},{"@type":["Person","Organization"],"@id":"https:\/\/apuntesdesanluis.com\/#\/schema\/person\/b55151d52296fcce64d1a72538a70b90","name":"apuntesdesanluis.com","image":{"@type":"ImageObject","inLanguage":"es-AR","@id":"https:\/\/apuntesdesanluis.com\/#\/schema\/person\/image\/","url":"https:\/\/apuntesdesanluis.com\/wp-content\/uploads\/2023\/07\/cropped-apuntesdesanluis.png","contentUrl":"https:\/\/apuntesdesanluis.com\/wp-content\/uploads\/2023\/07\/cropped-apuntesdesanluis.png","width":450,"height":112,"caption":"apuntesdesanluis.com"},"logo":{"@id":"https:\/\/apuntesdesanluis.com\/#\/schema\/person\/image\/"},"sameAs":["https:\/\/apuntesdesanluis.com"],"url":"https:\/\/apuntesdesanluis.com\/index.php\/author\/apuntesdesanluis-com\/"}]}},"featured_image_urls":{"full":["https:\/\/apuntesdesanluis.com\/wp-content\/uploads\/2023\/12\/CAMIONETA.jpg",600,333,false],"thumbnail":["https:\/\/apuntesdesanluis.com\/wp-content\/uploads\/2023\/12\/CAMIONETA-150x150.jpg",150,150,true],"medium":["https:\/\/apuntesdesanluis.com\/wp-content\/uploads\/2023\/12\/CAMIONETA-300x167.jpg",300,167,true],"medium_large":["https:\/\/apuntesdesanluis.com\/wp-content\/uploads\/2023\/12\/CAMIONETA.jpg",600,333,false],"large":["https:\/\/apuntesdesanluis.com\/wp-content\/uploads\/2023\/12\/CAMIONETA.jpg",600,333,false],"1536x1536":["https:\/\/apuntesdesanluis.com\/wp-content\/uploads\/2023\/12\/CAMIONETA.jpg",600,333,false],"2048x2048":["https:\/\/apuntesdesanluis.com\/wp-content\/uploads\/2023\/12\/CAMIONETA.jpg",600,333,false],"newsever-slider-full":["https:\/\/apuntesdesanluis.com\/wp-content\/uploads\/2023\/12\/CAMIONETA.jpg",600,333,false],"newsever-featured":["https:\/\/apuntesdesanluis.com\/wp-content\/uploads\/2023\/12\/CAMIONETA.jpg",600,333,false],"newsever-medium":["https:\/\/apuntesdesanluis.com\/wp-content\/uploads\/2023\/12\/CAMIONETA.jpg",600,333,false]},"author_info":{"display_name":"apuntesdesanluis.com","author_link":"https:\/\/apuntesdesanluis.com\/index.php\/author\/apuntesdesanluis-com\/"},"category_info":"<a href=\"https:\/\/apuntesdesanluis.com\/index.php\/category\/ciudad-provincia\/\" rel=\"category tag\">Ciudad\/Provincia<\/a>","tag_info":"Ciudad\/Provincia","comment_count":"0","_links":{"self":[{"href":"https:\/\/apuntesdesanluis.com\/index.php\/wp-json\/wp\/v2\/posts\/9310","targetHints":{"allow":["GET"]}}],"collection":[{"href":"https:\/\/apuntesdesanluis.com\/index.php\/wp-json\/wp\/v2\/posts"}],"about":[{"href":"https:\/\/apuntesdesanluis.com\/index.php\/wp-json\/wp\/v2\/types\/post"}],"author":[{"embeddable":true,"href":"https:\/\/apuntesdesanluis.com\/index.php\/wp-json\/wp\/v2\/users\/1"}],"replies":[{"embeddable":true,"href":"https:\/\/apuntesdesanluis.com\/index.php\/wp-json\/wp\/v2\/comments?post=9310"}],"version-history":[{"count":1,"href":"https:\/\/apuntesdesanluis.com\/index.php\/wp-json\/wp\/v2\/posts\/9310\/revisions"}],"predecessor-version":[{"id":9313,"href":"https:\/\/apuntesdesanluis.com\/index.php\/wp-json\/wp\/v2\/posts\/9310\/revisions\/9313"}],"wp:featuredmedia":[{"embeddable":true,"href":"https:\/\/apuntesdesanluis.com\/index.php\/wp-json\/wp\/v2\/media\/9311"}],"wp:attachment":[{"href":"https:\/\/apuntesdesanluis.com\/index.php\/wp-json\/wp\/v2\/media?parent=9310"}],"wp:term":[{"taxonomy":"category","embeddable":true,"href":"https:\/\/apuntesdesanluis.com\/index.php\/wp-json\/wp\/v2\/categories?post=9310"},{"taxonomy":"post_tag","embeddable":true,"href":"https:\/\/apuntesdesanluis.com\/index.php\/wp-json\/wp\/v2\/tags?post=9310"}],"curies":[{"name":"wp","href":"https:\/\/api.w.org\/{rel}","templated":true}]}}