{"id":9318,"date":"2023-12-31T21:07:50","date_gmt":"2024-01-01T00:07:50","guid":{"rendered":"https:\/\/apuntesdesanluis.com\/?p=9318"},"modified":"2023-12-31T21:07:50","modified_gmt":"2024-01-01T00:07:50","slug":"menemismo-sin-menem","status":"publish","type":"post","link":"https:\/\/apuntesdesanluis.com\/index.php\/2023\/12\/31\/menemismo-sin-menem\/","title":{"rendered":"MENEMISMO SIN MENEM"},"content":{"rendered":"<h3><em>Hay una diferencia grande entre jugar a los cowboys que ser un cowboy. Decretos y negocios privados con fondos p\u00fablicos, sin conducci\u00f3n pol\u00edtica.<\/em><\/h3>\n<h3>Por <em><span style=\"color: #000000;\"><strong>Ignacio Fidanza *<\/strong><\/span><\/em><\/h3>\n<h3>Milei se puso a jugar con los bigotes del Tigre, acaso olvid\u00e1ndose que hay una diferencia muy grande entre jugar a los cowboys y ser un cowboy. Los cacerolazos y movilizaciones de las \u00faltimas semanas fueron apenas un aviso. Hay una parte importante de la sociedad que no lo vot\u00f3 y otra que lo hizo s\u00f3lo para ganarle al peronismo. Lo natural ser\u00eda que, con la prudencia del caso, se apoye en el 30 por ciento que sac\u00f3 en primera vuelta y desde ah\u00ed explorara la manera de expandir el apoyo al gobierno. La pregunta entonces es: \u00bfEs un decreto que barre con leyes muy importantes y pretende de un plumazo cambiar el r\u00e9gimen social y econ\u00f3mico de la Argentina de las \u00faltimas d\u00e9cadas, el mejor camino?<\/h3>\n<h3>La idea de reseteo del pa\u00eds encuentra en Menem su antecedente m\u00e1s evidente. Por eso a Milei le encanta compararse con el riojano. Un presidente popular que instrument\u00f3 la \u00faltima experiencia liberal consistente que recuerden los argentinos. Macri fue en ese sentido, un fracaso evidente.<\/h3>\n<h3>Pero veamos qu\u00e9 tan posible es un menemismo sin Menem. Ya tenemos un hecho importante para la comparaci\u00f3n. El decretazo de Milei intenta ser un remix de los inicios fundacionales del gobierno del riojano. El sentido coincide, pero las fuerzas del cielo deber\u00edan saber que es en los detalles donde el diablo mete la cola. Y cuando hablamos del c\u00f3mo, hablamos de pol\u00edtica, que se supone es la nueva actividad que eligi\u00f3 Milei.<\/h3>\n<h3>Menem fund\u00f3 el inicio del cambio de r\u00e9gimen en dos leyes claves: Emergencia Econ\u00f3mica y Reforma del Estado. Pero antes de mandarlas al Congreso, asegur\u00f3 su viabilidad pol\u00edtica. Las negoci\u00f3 con Alfons\u00edn cuando acordaron la transici\u00f3n anticipada. Luego puso de ministro al hombre que las redact\u00f3, Roberto Dromi, que como funcionario del Estado las defendi\u00f3 en el Parlamento, donde lo ten\u00edan a Manzano y su joint venture con el Chacho Jaroslavski, para sumar voluntades. La secuencia fue: acuerdo pol\u00edtico con la oposici\u00f3n, redacci\u00f3n y defensa de las leyes a cargo del ministro del \u00e1rea, sanci\u00f3n en el Congreso. Milei se quiso ahorrar todo ese trabajo con un decreto, que refrit\u00f3 un paper de un se\u00f1or que no es funcionario y no paga ning\u00fan costo con el \u00e9xito o fracaso de la iniciativa.<\/h3>\n<h3>El problema de ser vago con la pol\u00edtica es que siempre lo pagas. Los cabos sueltos te la cobran s\u00ed o s\u00ed. Ahora, con apenas una semana en el cargo, Milei ya tiene un cacerolazo fuerte en la espalda y logr\u00f3 el milagro de despertar a los gordos de la CGT, que empiezan a recordar el gustito de hacer sindicalismo. Y lo que se quiso ahorrar al principio, lo va a tener que pagar al final: negociar con el Congreso.<\/h3>\n<h3>Pero volvamos a los noventa. Porque los parecidos exceden el rumbo econ\u00f3mico. Milei como el riojano extrema el pragmatismo y mezcla con desparpajo pol\u00edticas p\u00fablicas con negocios privados, para los empresarios que lo financian. Paolo Rocca se qued\u00f3 con YPF y toda el \u00e1rea de energ\u00eda. Eurnekian cierra el dominio total de los aeropuertos con el control de la Polic\u00eda Aeroportuaria. Brito y Chrystian Colombo pusieron a Papandrea en AySa y est\u00e1n interesados en qued\u00e1rsela si la privatizan. Belocopitt y el resto del club de las prepagas se llev\u00f3 la liberaci\u00f3n de cuotas que les prometi\u00f3 Milei en la campa\u00f1a y el s\u00edndico de la Naci\u00f3n. Y as\u00ed podemos seguir, detr\u00e1s de cada pol\u00edtica liberizadora hay un empresario que se beneficia. Que se entienda: Un empresario, no un sector econ\u00f3mico. Eso es menemismo puro, que se conecta con el capitalismo de amigos que ejerc\u00eda N\u00e9stor Kirchner desde la otra punta ideol\u00f3gica. Y como esto es la Argentina, los nombres de los empresarios que se benefician son casi los mismos. Antes la revoluci\u00f3n popular, ahora la liberal. Nada nuevo.<\/h3>\n<h3>Pero claro, Kirchner como Menem se dedicaban todo el d\u00eda a hacer pol\u00edtica. Porque sab\u00edan que negocios desde el Estado, sin pol\u00edtica eficaz que sostenga la jugueter\u00eda, es igual a peligro, cacerolazo, votaciones en contra, paros generales, la habitual reacci\u00f3n en cadena que va erosionando el poder. Y ahora s\u00ed estamos hablando de los problemas de este gobierno.<\/h3>\n<h3>&#8220;El problema no es qu\u00e9 va a pasar cuando caiga Caputo y Milei tenga su primer crisis de gabinete, que va a pasar. El problema es que no se ve en el horizonte a quien va a acudir para profesionalizar el gobierno&#8221;, afirma un empresario que conoce de adentro el poder.<\/h3>\n<h3>La acumulaci\u00f3n de I\u00f1akis, Cerimedos, Peaky Blinders, Grupos Marlboro, Mondinos y dem\u00e1s entusiastas tuiteros de esta hora, que juegan al yo-yo sobre el aire como el coyote, no aguanta. Ya lo sabemos. Pero eso es ruido de fondo, el inconveniente es que entre ese ruido y el Presidente no hay nada. No hay partido, no hay cuadros, ni est\u00e1n los pragm\u00e1ticos celestes para hacerse cargo del poder cuando fracasen los rojo-punz\u00f3.<\/h3>\n<h3>A Mart\u00edn Menem ning\u00fan diputado libertario lo escucha. Al supuesto jefe de bloque Oscar Zago tampoco. En la provincia de Buenos Aires no tienen jefe pol\u00edtico. Guillermo Francos es un hombre muy amable pero que hasta ac\u00e1 no consigui\u00f3 el respeto de las fuerzas aliadas. Posse es un ingeniero del Itba que antes de llegar al segundo cargo del pa\u00eds era gerente regional de aeropuertos. Y Karina Milei est\u00e1 desbordada al punto del anestesiamiento. Y ah\u00ed termin\u00f3 el c\u00edrculo del poder. Y abajo nada.<\/h3>\n<h3>Kirchner como Menem se dedicaban todo el d\u00eda a hacer pol\u00edtica, porque sab\u00edan que negocios desde el Estado, sin pol\u00edtica eficaz que sostenga la jugueter\u00eda, es igual a peligro, cacerolazo, votaciones en contra, paros generales, la habitual reacci\u00f3n en cadena que va erosionando el poder.<\/h3>\n<h3>Es ese vac\u00edo el que asusta, incluso m\u00e1s que la crisis econ\u00f3mica. Aunque bien mirado es la consecuencia l\u00f3gica de haber votado para Presidente a un one man party. Por eso sigue vigente un dilema b\u00e1sico que enfrentar\u00e1 el experimento libertario, cuando el gobierno tenga su primera crisis. En ese momento, Milei deber\u00e1 elegir si quiere gobernar con Juntos o con el peronismo.<\/h3>\n<h3>Es muy probable que Patricia Bullrich, por lejos la m\u00e1s pol\u00edtica del elenco actual, vea con entusiasmo este escenario que le ofrece la promesa de ser el Massa de Alberto, la superministra que evit\u00f3 el colapso. Pero claro, eso en el mejor de los casos es otra vez sopa. Crisis, estabilizaci\u00f3n en terapia intermedia y aguantar hasta el pr\u00f3ximo presidente. \u00bfPodr\u00eda ser distinto?<\/h3>\n<h3>Por supuesto, pero para eso hay que desenamorarse del propio \u00e9xito. Los memes y freaks fueron geniales para llegar, ahora hay que laburar en serio. Volver a las bases universales de los gobiernos que funcionan: conducci\u00f3n pol\u00edtica y funcionarios eficaces. Toda una revoluci\u00f3n.<\/h3>\n<h3>Los periodistas afines le pueden decir que es un le\u00f3n magn\u00edfico, el presidente m\u00e1s votado de las \u00faltimas d\u00e9cadas, el tit\u00e1n que aplast\u00f3 al peronismo y muchas cosas m\u00e1s. El problema es cre\u00e9rselo. Y es un problema porque la pol\u00edtica es dif\u00edcil.<\/h3>\n<h3><\/h3>\n<h3>* <em>Editor de La Pol\u00edtica Online<\/em><\/h3>\n","protected":false},"excerpt":{"rendered":"<p>Hay una diferencia grande entre jugar a los cowboys que ser un cowboy. Decretos y&#8230;<\/p>\n","protected":false},"author":1,"featured_media":9319,"comment_status":"closed","ping_status":"closed","sticky":false,"template":"","format":"standard","meta":{"footnotes":""},"categories":[9],"tags":[],"class_list":["post-9318","post","type-post","status-publish","format-standard","has-post-thumbnail","hentry","category-opinion"],"yoast_head":"<!-- This site is optimized with the Yoast SEO plugin v26.1.1 - https:\/\/yoast.com\/wordpress\/plugins\/seo\/ -->\n<title>MENEMISMO SIN MENEM - Apuntes de San Luis<\/title>\n<meta name=\"robots\" content=\"index, follow, max-snippet:-1, max-image-preview:large, max-video-preview:-1\" \/>\n<link rel=\"canonical\" href=\"https:\/\/apuntesdesanluis.com\/index.php\/2023\/12\/31\/menemismo-sin-menem\/\" \/>\n<meta property=\"og:locale\" content=\"es_ES\" \/>\n<meta property=\"og:type\" content=\"article\" \/>\n<meta property=\"og:title\" content=\"MENEMISMO SIN MENEM - Apuntes de San Luis\" \/>\n<meta property=\"og:description\" content=\"Hay una diferencia grande entre jugar a los cowboys que ser un cowboy. Decretos y...\" \/>\n<meta property=\"og:url\" content=\"https:\/\/apuntesdesanluis.com\/index.php\/2023\/12\/31\/menemismo-sin-menem\/\" \/>\n<meta property=\"og:site_name\" content=\"Apuntes de San Luis\" \/>\n<meta property=\"article:published_time\" content=\"2024-01-01T00:07:50+00:00\" \/>\n<meta property=\"og:image\" content=\"https:\/\/apuntesdesanluis.com\/wp-content\/uploads\/2023\/12\/rosada.jpg\" \/>\n\t<meta property=\"og:image:width\" content=\"600\" \/>\n\t<meta property=\"og:image:height\" content=\"387\" \/>\n\t<meta property=\"og:image:type\" content=\"image\/jpeg\" \/>\n<meta name=\"author\" content=\"apuntesdesanluis.com\" \/>\n<meta name=\"twitter:card\" content=\"summary_large_image\" \/>\n<meta name=\"twitter:label1\" content=\"Escrito por\" \/>\n\t<meta name=\"twitter:data1\" content=\"apuntesdesanluis.com\" \/>\n\t<meta name=\"twitter:label2\" content=\"Tiempo de lectura\" \/>\n\t<meta name=\"twitter:data2\" content=\"6 minutos\" \/>\n<script type=\"application\/ld+json\" class=\"yoast-schema-graph\">{\"@context\":\"https:\/\/schema.org\",\"@graph\":[{\"@type\":\"Article\",\"@id\":\"https:\/\/apuntesdesanluis.com\/index.php\/2023\/12\/31\/menemismo-sin-menem\/#article\",\"isPartOf\":{\"@id\":\"https:\/\/apuntesdesanluis.com\/index.php\/2023\/12\/31\/menemismo-sin-menem\/\"},\"author\":{\"name\":\"apuntesdesanluis.com\",\"@id\":\"https:\/\/apuntesdesanluis.com\/#\/schema\/person\/b55151d52296fcce64d1a72538a70b90\"},\"headline\":\"MENEMISMO SIN MENEM\",\"datePublished\":\"2024-01-01T00:07:50+00:00\",\"mainEntityOfPage\":{\"@id\":\"https:\/\/apuntesdesanluis.com\/index.php\/2023\/12\/31\/menemismo-sin-menem\/\"},\"wordCount\":1279,\"publisher\":{\"@id\":\"https:\/\/apuntesdesanluis.com\/#\/schema\/person\/b55151d52296fcce64d1a72538a70b90\"},\"image\":{\"@id\":\"https:\/\/apuntesdesanluis.com\/index.php\/2023\/12\/31\/menemismo-sin-menem\/#primaryimage\"},\"thumbnailUrl\":\"https:\/\/apuntesdesanluis.com\/wp-content\/uploads\/2023\/12\/rosada.jpg\",\"articleSection\":[\"Opini\u00f3n\"],\"inLanguage\":\"es-AR\"},{\"@type\":\"WebPage\",\"@id\":\"https:\/\/apuntesdesanluis.com\/index.php\/2023\/12\/31\/menemismo-sin-menem\/\",\"url\":\"https:\/\/apuntesdesanluis.com\/index.php\/2023\/12\/31\/menemismo-sin-menem\/\",\"name\":\"MENEMISMO SIN MENEM - Apuntes de San Luis\",\"isPartOf\":{\"@id\":\"https:\/\/apuntesdesanluis.com\/#website\"},\"primaryImageOfPage\":{\"@id\":\"https:\/\/apuntesdesanluis.com\/index.php\/2023\/12\/31\/menemismo-sin-menem\/#primaryimage\"},\"image\":{\"@id\":\"https:\/\/apuntesdesanluis.com\/index.php\/2023\/12\/31\/menemismo-sin-menem\/#primaryimage\"},\"thumbnailUrl\":\"https:\/\/apuntesdesanluis.com\/wp-content\/uploads\/2023\/12\/rosada.jpg\",\"datePublished\":\"2024-01-01T00:07:50+00:00\",\"breadcrumb\":{\"@id\":\"https:\/\/apuntesdesanluis.com\/index.php\/2023\/12\/31\/menemismo-sin-menem\/#breadcrumb\"},\"inLanguage\":\"es-AR\",\"potentialAction\":[{\"@type\":\"ReadAction\",\"target\":[\"https:\/\/apuntesdesanluis.com\/index.php\/2023\/12\/31\/menemismo-sin-menem\/\"]}]},{\"@type\":\"ImageObject\",\"inLanguage\":\"es-AR\",\"@id\":\"https:\/\/apuntesdesanluis.com\/index.php\/2023\/12\/31\/menemismo-sin-menem\/#primaryimage\",\"url\":\"https:\/\/apuntesdesanluis.com\/wp-content\/uploads\/2023\/12\/rosada.jpg\",\"contentUrl\":\"https:\/\/apuntesdesanluis.com\/wp-content\/uploads\/2023\/12\/rosada.jpg\",\"width\":600,\"height\":387},{\"@type\":\"BreadcrumbList\",\"@id\":\"https:\/\/apuntesdesanluis.com\/index.php\/2023\/12\/31\/menemismo-sin-menem\/#breadcrumb\",\"itemListElement\":[{\"@type\":\"ListItem\",\"position\":1,\"name\":\"Inicio\",\"item\":\"https:\/\/apuntesdesanluis.com\/\"},{\"@type\":\"ListItem\",\"position\":2,\"name\":\"MENEMISMO SIN MENEM\"}]},{\"@type\":\"WebSite\",\"@id\":\"https:\/\/apuntesdesanluis.com\/#website\",\"url\":\"https:\/\/apuntesdesanluis.com\/\",\"name\":\"Apuntes de San Luis\",\"description\":\"\",\"publisher\":{\"@id\":\"https:\/\/apuntesdesanluis.com\/#\/schema\/person\/b55151d52296fcce64d1a72538a70b90\"},\"potentialAction\":[{\"@type\":\"SearchAction\",\"target\":{\"@type\":\"EntryPoint\",\"urlTemplate\":\"https:\/\/apuntesdesanluis.com\/?s={search_term_string}\"},\"query-input\":{\"@type\":\"PropertyValueSpecification\",\"valueRequired\":true,\"valueName\":\"search_term_string\"}}],\"inLanguage\":\"es-AR\"},{\"@type\":[\"Person\",\"Organization\"],\"@id\":\"https:\/\/apuntesdesanluis.com\/#\/schema\/person\/b55151d52296fcce64d1a72538a70b90\",\"name\":\"apuntesdesanluis.com\",\"image\":{\"@type\":\"ImageObject\",\"inLanguage\":\"es-AR\",\"@id\":\"https:\/\/apuntesdesanluis.com\/#\/schema\/person\/image\/\",\"url\":\"https:\/\/apuntesdesanluis.com\/wp-content\/uploads\/2023\/07\/cropped-apuntesdesanluis.png\",\"contentUrl\":\"https:\/\/apuntesdesanluis.com\/wp-content\/uploads\/2023\/07\/cropped-apuntesdesanluis.png\",\"width\":450,\"height\":112,\"caption\":\"apuntesdesanluis.com\"},\"logo\":{\"@id\":\"https:\/\/apuntesdesanluis.com\/#\/schema\/person\/image\/\"},\"sameAs\":[\"https:\/\/apuntesdesanluis.com\"],\"url\":\"https:\/\/apuntesdesanluis.com\/index.php\/author\/apuntesdesanluis-com\/\"}]}<\/script>\n<!-- \/ Yoast SEO plugin. -->","yoast_head_json":{"title":"MENEMISMO SIN MENEM - Apuntes de San Luis","robots":{"index":"index","follow":"follow","max-snippet":"max-snippet:-1","max-image-preview":"max-image-preview:large","max-video-preview":"max-video-preview:-1"},"canonical":"https:\/\/apuntesdesanluis.com\/index.php\/2023\/12\/31\/menemismo-sin-menem\/","og_locale":"es_ES","og_type":"article","og_title":"MENEMISMO SIN MENEM - Apuntes de San Luis","og_description":"Hay una diferencia grande entre jugar a los cowboys que ser un cowboy. Decretos y...","og_url":"https:\/\/apuntesdesanluis.com\/index.php\/2023\/12\/31\/menemismo-sin-menem\/","og_site_name":"Apuntes de San Luis","article_published_time":"2024-01-01T00:07:50+00:00","og_image":[{"width":600,"height":387,"url":"https:\/\/apuntesdesanluis.com\/wp-content\/uploads\/2023\/12\/rosada.jpg","type":"image\/jpeg"}],"author":"apuntesdesanluis.com","twitter_card":"summary_large_image","twitter_misc":{"Escrito por":"apuntesdesanluis.com","Tiempo de lectura":"6 minutos"},"schema":{"@context":"https:\/\/schema.org","@graph":[{"@type":"Article","@id":"https:\/\/apuntesdesanluis.com\/index.php\/2023\/12\/31\/menemismo-sin-menem\/#article","isPartOf":{"@id":"https:\/\/apuntesdesanluis.com\/index.php\/2023\/12\/31\/menemismo-sin-menem\/"},"author":{"name":"apuntesdesanluis.com","@id":"https:\/\/apuntesdesanluis.com\/#\/schema\/person\/b55151d52296fcce64d1a72538a70b90"},"headline":"MENEMISMO SIN MENEM","datePublished":"2024-01-01T00:07:50+00:00","mainEntityOfPage":{"@id":"https:\/\/apuntesdesanluis.com\/index.php\/2023\/12\/31\/menemismo-sin-menem\/"},"wordCount":1279,"publisher":{"@id":"https:\/\/apuntesdesanluis.com\/#\/schema\/person\/b55151d52296fcce64d1a72538a70b90"},"image":{"@id":"https:\/\/apuntesdesanluis.com\/index.php\/2023\/12\/31\/menemismo-sin-menem\/#primaryimage"},"thumbnailUrl":"https:\/\/apuntesdesanluis.com\/wp-content\/uploads\/2023\/12\/rosada.jpg","articleSection":["Opini\u00f3n"],"inLanguage":"es-AR"},{"@type":"WebPage","@id":"https:\/\/apuntesdesanluis.com\/index.php\/2023\/12\/31\/menemismo-sin-menem\/","url":"https:\/\/apuntesdesanluis.com\/index.php\/2023\/12\/31\/menemismo-sin-menem\/","name":"MENEMISMO SIN MENEM - Apuntes de San Luis","isPartOf":{"@id":"https:\/\/apuntesdesanluis.com\/#website"},"primaryImageOfPage":{"@id":"https:\/\/apuntesdesanluis.com\/index.php\/2023\/12\/31\/menemismo-sin-menem\/#primaryimage"},"image":{"@id":"https:\/\/apuntesdesanluis.com\/index.php\/2023\/12\/31\/menemismo-sin-menem\/#primaryimage"},"thumbnailUrl":"https:\/\/apuntesdesanluis.com\/wp-content\/uploads\/2023\/12\/rosada.jpg","datePublished":"2024-01-01T00:07:50+00:00","breadcrumb":{"@id":"https:\/\/apuntesdesanluis.com\/index.php\/2023\/12\/31\/menemismo-sin-menem\/#breadcrumb"},"inLanguage":"es-AR","potentialAction":[{"@type":"ReadAction","target":["https:\/\/apuntesdesanluis.com\/index.php\/2023\/12\/31\/menemismo-sin-menem\/"]}]},{"@type":"ImageObject","inLanguage":"es-AR","@id":"https:\/\/apuntesdesanluis.com\/index.php\/2023\/12\/31\/menemismo-sin-menem\/#primaryimage","url":"https:\/\/apuntesdesanluis.com\/wp-content\/uploads\/2023\/12\/rosada.jpg","contentUrl":"https:\/\/apuntesdesanluis.com\/wp-content\/uploads\/2023\/12\/rosada.jpg","width":600,"height":387},{"@type":"BreadcrumbList","@id":"https:\/\/apuntesdesanluis.com\/index.php\/2023\/12\/31\/menemismo-sin-menem\/#breadcrumb","itemListElement":[{"@type":"ListItem","position":1,"name":"Inicio","item":"https:\/\/apuntesdesanluis.com\/"},{"@type":"ListItem","position":2,"name":"MENEMISMO SIN MENEM"}]},{"@type":"WebSite","@id":"https:\/\/apuntesdesanluis.com\/#website","url":"https:\/\/apuntesdesanluis.com\/","name":"Apuntes de San Luis","description":"","publisher":{"@id":"https:\/\/apuntesdesanluis.com\/#\/schema\/person\/b55151d52296fcce64d1a72538a70b90"},"potentialAction":[{"@type":"SearchAction","target":{"@type":"EntryPoint","urlTemplate":"https:\/\/apuntesdesanluis.com\/?s={search_term_string}"},"query-input":{"@type":"PropertyValueSpecification","valueRequired":true,"valueName":"search_term_string"}}],"inLanguage":"es-AR"},{"@type":["Person","Organization"],"@id":"https:\/\/apuntesdesanluis.com\/#\/schema\/person\/b55151d52296fcce64d1a72538a70b90","name":"apuntesdesanluis.com","image":{"@type":"ImageObject","inLanguage":"es-AR","@id":"https:\/\/apuntesdesanluis.com\/#\/schema\/person\/image\/","url":"https:\/\/apuntesdesanluis.com\/wp-content\/uploads\/2023\/07\/cropped-apuntesdesanluis.png","contentUrl":"https:\/\/apuntesdesanluis.com\/wp-content\/uploads\/2023\/07\/cropped-apuntesdesanluis.png","width":450,"height":112,"caption":"apuntesdesanluis.com"},"logo":{"@id":"https:\/\/apuntesdesanluis.com\/#\/schema\/person\/image\/"},"sameAs":["https:\/\/apuntesdesanluis.com"],"url":"https:\/\/apuntesdesanluis.com\/index.php\/author\/apuntesdesanluis-com\/"}]}},"featured_image_urls":{"full":["https:\/\/apuntesdesanluis.com\/wp-content\/uploads\/2023\/12\/rosada.jpg",600,387,false],"thumbnail":["https:\/\/apuntesdesanluis.com\/wp-content\/uploads\/2023\/12\/rosada-150x150.jpg",150,150,true],"medium":["https:\/\/apuntesdesanluis.com\/wp-content\/uploads\/2023\/12\/rosada-300x194.jpg",300,194,true],"medium_large":["https:\/\/apuntesdesanluis.com\/wp-content\/uploads\/2023\/12\/rosada.jpg",600,387,false],"large":["https:\/\/apuntesdesanluis.com\/wp-content\/uploads\/2023\/12\/rosada.jpg",600,387,false],"1536x1536":["https:\/\/apuntesdesanluis.com\/wp-content\/uploads\/2023\/12\/rosada.jpg",600,387,false],"2048x2048":["https:\/\/apuntesdesanluis.com\/wp-content\/uploads\/2023\/12\/rosada.jpg",600,387,false],"newsever-slider-full":["https:\/\/apuntesdesanluis.com\/wp-content\/uploads\/2023\/12\/rosada.jpg",600,387,false],"newsever-featured":["https:\/\/apuntesdesanluis.com\/wp-content\/uploads\/2023\/12\/rosada.jpg",600,387,false],"newsever-medium":["https:\/\/apuntesdesanluis.com\/wp-content\/uploads\/2023\/12\/rosada.jpg",600,387,false]},"author_info":{"display_name":"apuntesdesanluis.com","author_link":"https:\/\/apuntesdesanluis.com\/index.php\/author\/apuntesdesanluis-com\/"},"category_info":"<a href=\"https:\/\/apuntesdesanluis.com\/index.php\/category\/opinion\/\" rel=\"category tag\">Opini\u00f3n<\/a>","tag_info":"Opini\u00f3n","comment_count":"0","_links":{"self":[{"href":"https:\/\/apuntesdesanluis.com\/index.php\/wp-json\/wp\/v2\/posts\/9318","targetHints":{"allow":["GET"]}}],"collection":[{"href":"https:\/\/apuntesdesanluis.com\/index.php\/wp-json\/wp\/v2\/posts"}],"about":[{"href":"https:\/\/apuntesdesanluis.com\/index.php\/wp-json\/wp\/v2\/types\/post"}],"author":[{"embeddable":true,"href":"https:\/\/apuntesdesanluis.com\/index.php\/wp-json\/wp\/v2\/users\/1"}],"replies":[{"embeddable":true,"href":"https:\/\/apuntesdesanluis.com\/index.php\/wp-json\/wp\/v2\/comments?post=9318"}],"version-history":[{"count":1,"href":"https:\/\/apuntesdesanluis.com\/index.php\/wp-json\/wp\/v2\/posts\/9318\/revisions"}],"predecessor-version":[{"id":9320,"href":"https:\/\/apuntesdesanluis.com\/index.php\/wp-json\/wp\/v2\/posts\/9318\/revisions\/9320"}],"wp:featuredmedia":[{"embeddable":true,"href":"https:\/\/apuntesdesanluis.com\/index.php\/wp-json\/wp\/v2\/media\/9319"}],"wp:attachment":[{"href":"https:\/\/apuntesdesanluis.com\/index.php\/wp-json\/wp\/v2\/media?parent=9318"}],"wp:term":[{"taxonomy":"category","embeddable":true,"href":"https:\/\/apuntesdesanluis.com\/index.php\/wp-json\/wp\/v2\/categories?post=9318"},{"taxonomy":"post_tag","embeddable":true,"href":"https:\/\/apuntesdesanluis.com\/index.php\/wp-json\/wp\/v2\/tags?post=9318"}],"curies":[{"name":"wp","href":"https:\/\/api.w.org\/{rel}","templated":true}]}}