{"id":9321,"date":"2024-01-01T18:05:21","date_gmt":"2024-01-01T21:05:21","guid":{"rendered":"https:\/\/apuntesdesanluis.com\/?p=9321"},"modified":"2024-01-01T18:06:12","modified_gmt":"2024-01-01T21:06:12","slug":"la-villamercedina-figura-de-river-martina-del-trecco-seguira-su-carrera-en-el-exterior","status":"publish","type":"post","link":"https:\/\/apuntesdesanluis.com\/index.php\/2024\/01\/01\/la-villamercedina-figura-de-river-martina-del-trecco-seguira-su-carrera-en-el-exterior\/","title":{"rendered":"LA VILLAMERCEDINA FIGURA DE RIVER, MARTINA DEL TRECCO, SEGUIR\u00c1 SU CARRERA EN EL EXTERIOR"},"content":{"rendered":"<h3>El 2023 fue un a\u00f1o de despedidas fuertes en River. En el f\u00fatbol masculino, estuvieron las de <strong>Enzo P\u00e9rez<\/strong> y <strong>Jonatan Maidana<\/strong>, s\u00edmbolos de algunos de los momentos m\u00e1s felices en la historia de la instituci\u00f3n. Tambi\u00e9n la confirmaci\u00f3n de la venta de <strong>Claudio &#8220;Diablito&#8221; Echeverri<\/strong> al Manchester City, aunque seguir\u00e1 hasta fines de 2024 en el millonario.<\/h3>\n<h3>El \u00faltimo impacto en cuanto a despedidas vino en el f\u00fatbol femenino. Una de sus m\u00e1ximas figuras, la oriunda de Villa Mercedes <strong>Martina del Trecco<\/strong>, dejar\u00e1 el club tras cinco a\u00f1os y seguir\u00e1 su carrera en el exterior.<\/h3>\n<p><img fetchpriority=\"high\" decoding=\"async\" class=\"wp-image-9323 aligncenter\" src=\"https:\/\/apuntesdesanluis.com\/wp-content\/uploads\/2024\/01\/golazo-300x163.png\" alt=\"\" width=\"699\" height=\"380\" srcset=\"https:\/\/apuntesdesanluis.com\/wp-content\/uploads\/2024\/01\/golazo-300x163.png 300w, https:\/\/apuntesdesanluis.com\/wp-content\/uploads\/2024\/01\/golazo.png 600w\" sizes=\"(max-width: 699px) 100vw, 699px\" \/><\/p>\n<h3>Sugestivamente, por ahora ning\u00fan medio ha confirmado cu\u00e1l ser\u00e1 su nuevo destino deportivo, aunque algunos trascendidos indican que podr\u00eda ser el f\u00fatbol de los EE.UU. o Espa\u00f1a.<\/h3>\n<h3>&#8220;Martina Del Trecco finaliz\u00f3 su v\u00ednculo con el Club y continuar\u00e1 su carrera en el exterior. Gracias por tantas alegr\u00edas y por defender los colores con tanta pasi\u00f3n&#8221;, inform\u00f3 la cuenta oficial y, autom\u00e1ticamente, gener\u00f3 emojis de tristeza y corazones virtuales entre los hinchas.<\/h3>\n<p><img decoding=\"async\" class=\"wp-image-9324 aligncenter\" src=\"https:\/\/apuntesdesanluis.com\/wp-content\/uploads\/2024\/01\/river-216x300.png\" alt=\"\" width=\"529\" height=\"735\" srcset=\"https:\/\/apuntesdesanluis.com\/wp-content\/uploads\/2024\/01\/river-216x300.png 216w, https:\/\/apuntesdesanluis.com\/wp-content\/uploads\/2024\/01\/river.png 565w\" sizes=\"(max-width: 529px) 100vw, 529px\" \/><\/p>\n<h3>La delantera de 22 a\u00f1os, part\u00edcipe fundamental del \u00fanico t\u00edtulo de la divisi\u00f3n femenina en los \u00faltimos seis a\u00f1os (la Copa Federal del 2022, tras ganarle por 2-0 a Belgrano), hizo su parte y escribi\u00f3 un emotivo mensaje de despedida lleno de afecto riverplatense: &#8220;Gracias al club por abrirme las puertas y hacer que mi sue\u00f1o se haga realidad (vestir la camiseta m\u00e1s hermosa). Sea donde sea que est\u00e9, te llevo conmigo&#8221;.<\/h3>\n<h3><img decoding=\"async\" class=\"wp-image-9322 aligncenter\" src=\"https:\/\/apuntesdesanluis.com\/wp-content\/uploads\/2024\/01\/martina-con-la-copa-242x300.png\" alt=\"\" width=\"604\" height=\"749\" srcset=\"https:\/\/apuntesdesanluis.com\/wp-content\/uploads\/2024\/01\/martina-con-la-copa-242x300.png 242w, https:\/\/apuntesdesanluis.com\/wp-content\/uploads\/2024\/01\/martina-con-la-copa.png 620w\" sizes=\"(max-width: 604px) 100vw, 604px\" \/><\/h3>\n<h4 style=\"text-align: center;\"><em>Martina del Trecco con la Copa Federal ganada en 2022. <\/em><\/h4>\n<h3>Como reflejo de su exitoso presente, a comienzos de diciembre Martina fue convocada a la Selecci\u00f3n Argentina por el entrenador del seleccionado femenino argentino de f\u00fatbol, Germ\u00e1n Portanova, quien cit\u00f3 a 24 jugadoras, muchas de ellas juveniles, para afrontar dos entrenamientos en el predio \u201cLionel Messi\u201d.<\/h3>\n<p><img loading=\"lazy\" decoding=\"async\" class=\"wp-image-9325 aligncenter\" src=\"https:\/\/apuntesdesanluis.com\/wp-content\/uploads\/2024\/01\/ocho-de-river-300x238.png\" alt=\"\" width=\"654\" height=\"519\" srcset=\"https:\/\/apuntesdesanluis.com\/wp-content\/uploads\/2024\/01\/ocho-de-river-300x238.png 300w, https:\/\/apuntesdesanluis.com\/wp-content\/uploads\/2024\/01\/ocho-de-river.png 600w\" sizes=\"(max-width: 654px) 100vw, 654px\" \/><\/p>\n<h3>MENSAJE DE DESPEDIDA DE DEL TRECCO<\/h3>\n<h3>&#8220;Despu\u00e9s de 5 a\u00f1os hermosos en este club me toca decir adi\u00f3s. Primero que nada, gracias al club por abrirme las puertas y hacer que mi sue\u00f1o se haga realidad (vestir la camiseta m\u00e1s hermosa). FUERON MUCHOS A\u00d1OS DE COMPARTIR IDAS Y VUELTAS, ALEGRIAS Y TRISTEZAS&#8221;.<\/h3>\n<h3>&#8220;Se me vienen a la cabeza sentimientos encontrados, alegr\u00eda por encarar un nuevo desaf\u00edo y por otra parte la nostalgia de dejar el cari\u00f1o de toda esta gente tan linda, que me apoy\u00f3 y me brind\u00f3 contenci\u00f3n. \u00a1Me voy del club que me dio todo lo que soy futbol\u00edsticamente y tambi\u00e9n como persona!&#8221;.<\/h3>\n<h3>&#8220;Gracias eternas dirigencia, entrenadores\/as anteriores y actual, preparadores f\u00edsicos\/as, kinesi\u00f3logo, utilera, prensa, nutricionistas y a todo el mundo River gracias por haberme ense\u00f1ado algo y demostrado su cari\u00f1o y respeto durante todos estos a\u00f1os. RIVER DE MI VIDA, SEA DONDE SEA QUE EST\u00c9 TE LLEVO CONMIGO. HASTA PRONTO&#8221;.<\/h3>\n<p>&nbsp;<\/p>\n<p>&nbsp;<\/p>\n","protected":false},"excerpt":{"rendered":"<p>El 2023 fue un a\u00f1o de despedidas fuertes en River. En el f\u00fatbol masculino, estuvieron&#8230;<\/p>\n","protected":false},"author":1,"featured_media":9327,"comment_status":"closed","ping_status":"closed","sticky":false,"template":"","format":"standard","meta":{"footnotes":""},"categories":[6,8],"tags":[],"class_list":["post-9321","post","type-post","status-publish","format-standard","has-post-thumbnail","hentry","category-ciudad-provincia","category-deportes"],"yoast_head":"<!-- This site is optimized with the Yoast SEO plugin v26.1.1 - https:\/\/yoast.com\/wordpress\/plugins\/seo\/ -->\n<title>LA VILLAMERCEDINA FIGURA DE RIVER, MARTINA DEL TRECCO, SEGUIR\u00c1 SU CARRERA EN EL EXTERIOR - Apuntes de San Luis<\/title>\n<meta name=\"robots\" content=\"index, follow, max-snippet:-1, max-image-preview:large, max-video-preview:-1\" \/>\n<link rel=\"canonical\" href=\"https:\/\/apuntesdesanluis.com\/index.php\/2024\/01\/01\/la-villamercedina-figura-de-river-martina-del-trecco-seguira-su-carrera-en-el-exterior\/\" \/>\n<meta property=\"og:locale\" content=\"es_ES\" \/>\n<meta property=\"og:type\" content=\"article\" \/>\n<meta property=\"og:title\" content=\"LA VILLAMERCEDINA FIGURA DE RIVER, MARTINA DEL TRECCO, SEGUIR\u00c1 SU CARRERA EN EL EXTERIOR - Apuntes de San Luis\" \/>\n<meta property=\"og:description\" content=\"El 2023 fue un a\u00f1o de despedidas fuertes en River. En el f\u00fatbol masculino, estuvieron...\" \/>\n<meta property=\"og:url\" content=\"https:\/\/apuntesdesanluis.com\/index.php\/2024\/01\/01\/la-villamercedina-figura-de-river-martina-del-trecco-seguira-su-carrera-en-el-exterior\/\" \/>\n<meta property=\"og:site_name\" content=\"Apuntes de San Luis\" \/>\n<meta property=\"article:published_time\" content=\"2024-01-01T21:05:21+00:00\" \/>\n<meta property=\"article:modified_time\" content=\"2024-01-01T21:06:12+00:00\" \/>\n<meta property=\"og:image\" content=\"https:\/\/apuntesdesanluis.com\/wp-content\/uploads\/2024\/01\/martina-tapa-1.png\" \/>\n\t<meta property=\"og:image:width\" content=\"558\" \/>\n\t<meta property=\"og:image:height\" content=\"341\" \/>\n\t<meta property=\"og:image:type\" content=\"image\/png\" \/>\n<meta name=\"author\" content=\"apuntesdesanluis.com\" \/>\n<meta name=\"twitter:card\" content=\"summary_large_image\" \/>\n<meta name=\"twitter:label1\" content=\"Escrito por\" \/>\n\t<meta name=\"twitter:data1\" content=\"apuntesdesanluis.com\" \/>\n\t<meta name=\"twitter:label2\" content=\"Tiempo de lectura\" \/>\n\t<meta name=\"twitter:data2\" content=\"3 minutos\" \/>\n<script type=\"application\/ld+json\" class=\"yoast-schema-graph\">{\"@context\":\"https:\/\/schema.org\",\"@graph\":[{\"@type\":\"Article\",\"@id\":\"https:\/\/apuntesdesanluis.com\/index.php\/2024\/01\/01\/la-villamercedina-figura-de-river-martina-del-trecco-seguira-su-carrera-en-el-exterior\/#article\",\"isPartOf\":{\"@id\":\"https:\/\/apuntesdesanluis.com\/index.php\/2024\/01\/01\/la-villamercedina-figura-de-river-martina-del-trecco-seguira-su-carrera-en-el-exterior\/\"},\"author\":{\"name\":\"apuntesdesanluis.com\",\"@id\":\"https:\/\/apuntesdesanluis.com\/#\/schema\/person\/b55151d52296fcce64d1a72538a70b90\"},\"headline\":\"LA VILLAMERCEDINA FIGURA DE RIVER, MARTINA DEL TRECCO, SEGUIR\u00c1 SU CARRERA EN EL EXTERIOR\",\"datePublished\":\"2024-01-01T21:05:21+00:00\",\"dateModified\":\"2024-01-01T21:06:12+00:00\",\"mainEntityOfPage\":{\"@id\":\"https:\/\/apuntesdesanluis.com\/index.php\/2024\/01\/01\/la-villamercedina-figura-de-river-martina-del-trecco-seguira-su-carrera-en-el-exterior\/\"},\"wordCount\":507,\"publisher\":{\"@id\":\"https:\/\/apuntesdesanluis.com\/#\/schema\/person\/b55151d52296fcce64d1a72538a70b90\"},\"image\":{\"@id\":\"https:\/\/apuntesdesanluis.com\/index.php\/2024\/01\/01\/la-villamercedina-figura-de-river-martina-del-trecco-seguira-su-carrera-en-el-exterior\/#primaryimage\"},\"thumbnailUrl\":\"https:\/\/apuntesdesanluis.com\/wp-content\/uploads\/2024\/01\/martina-tapa-1.png\",\"articleSection\":[\"Ciudad\/Provincia\",\"Deportes\"],\"inLanguage\":\"es-AR\"},{\"@type\":\"WebPage\",\"@id\":\"https:\/\/apuntesdesanluis.com\/index.php\/2024\/01\/01\/la-villamercedina-figura-de-river-martina-del-trecco-seguira-su-carrera-en-el-exterior\/\",\"url\":\"https:\/\/apuntesdesanluis.com\/index.php\/2024\/01\/01\/la-villamercedina-figura-de-river-martina-del-trecco-seguira-su-carrera-en-el-exterior\/\",\"name\":\"LA VILLAMERCEDINA FIGURA DE RIVER, MARTINA DEL TRECCO, SEGUIR\u00c1 SU CARRERA EN EL EXTERIOR - Apuntes de San Luis\",\"isPartOf\":{\"@id\":\"https:\/\/apuntesdesanluis.com\/#website\"},\"primaryImageOfPage\":{\"@id\":\"https:\/\/apuntesdesanluis.com\/index.php\/2024\/01\/01\/la-villamercedina-figura-de-river-martina-del-trecco-seguira-su-carrera-en-el-exterior\/#primaryimage\"},\"image\":{\"@id\":\"https:\/\/apuntesdesanluis.com\/index.php\/2024\/01\/01\/la-villamercedina-figura-de-river-martina-del-trecco-seguira-su-carrera-en-el-exterior\/#primaryimage\"},\"thumbnailUrl\":\"https:\/\/apuntesdesanluis.com\/wp-content\/uploads\/2024\/01\/martina-tapa-1.png\",\"datePublished\":\"2024-01-01T21:05:21+00:00\",\"dateModified\":\"2024-01-01T21:06:12+00:00\",\"breadcrumb\":{\"@id\":\"https:\/\/apuntesdesanluis.com\/index.php\/2024\/01\/01\/la-villamercedina-figura-de-river-martina-del-trecco-seguira-su-carrera-en-el-exterior\/#breadcrumb\"},\"inLanguage\":\"es-AR\",\"potentialAction\":[{\"@type\":\"ReadAction\",\"target\":[\"https:\/\/apuntesdesanluis.com\/index.php\/2024\/01\/01\/la-villamercedina-figura-de-river-martina-del-trecco-seguira-su-carrera-en-el-exterior\/\"]}]},{\"@type\":\"ImageObject\",\"inLanguage\":\"es-AR\",\"@id\":\"https:\/\/apuntesdesanluis.com\/index.php\/2024\/01\/01\/la-villamercedina-figura-de-river-martina-del-trecco-seguira-su-carrera-en-el-exterior\/#primaryimage\",\"url\":\"https:\/\/apuntesdesanluis.com\/wp-content\/uploads\/2024\/01\/martina-tapa-1.png\",\"contentUrl\":\"https:\/\/apuntesdesanluis.com\/wp-content\/uploads\/2024\/01\/martina-tapa-1.png\",\"width\":558,\"height\":341},{\"@type\":\"BreadcrumbList\",\"@id\":\"https:\/\/apuntesdesanluis.com\/index.php\/2024\/01\/01\/la-villamercedina-figura-de-river-martina-del-trecco-seguira-su-carrera-en-el-exterior\/#breadcrumb\",\"itemListElement\":[{\"@type\":\"ListItem\",\"position\":1,\"name\":\"Inicio\",\"item\":\"https:\/\/apuntesdesanluis.com\/\"},{\"@type\":\"ListItem\",\"position\":2,\"name\":\"LA VILLAMERCEDINA FIGURA DE RIVER, MARTINA DEL TRECCO, SEGUIR\u00c1 SU CARRERA EN EL EXTERIOR\"}]},{\"@type\":\"WebSite\",\"@id\":\"https:\/\/apuntesdesanluis.com\/#website\",\"url\":\"https:\/\/apuntesdesanluis.com\/\",\"name\":\"Apuntes de San Luis\",\"description\":\"\",\"publisher\":{\"@id\":\"https:\/\/apuntesdesanluis.com\/#\/schema\/person\/b55151d52296fcce64d1a72538a70b90\"},\"potentialAction\":[{\"@type\":\"SearchAction\",\"target\":{\"@type\":\"EntryPoint\",\"urlTemplate\":\"https:\/\/apuntesdesanluis.com\/?s={search_term_string}\"},\"query-input\":{\"@type\":\"PropertyValueSpecification\",\"valueRequired\":true,\"valueName\":\"search_term_string\"}}],\"inLanguage\":\"es-AR\"},{\"@type\":[\"Person\",\"Organization\"],\"@id\":\"https:\/\/apuntesdesanluis.com\/#\/schema\/person\/b55151d52296fcce64d1a72538a70b90\",\"name\":\"apuntesdesanluis.com\",\"image\":{\"@type\":\"ImageObject\",\"inLanguage\":\"es-AR\",\"@id\":\"https:\/\/apuntesdesanluis.com\/#\/schema\/person\/image\/\",\"url\":\"https:\/\/apuntesdesanluis.com\/wp-content\/uploads\/2023\/07\/cropped-apuntesdesanluis.png\",\"contentUrl\":\"https:\/\/apuntesdesanluis.com\/wp-content\/uploads\/2023\/07\/cropped-apuntesdesanluis.png\",\"width\":450,\"height\":112,\"caption\":\"apuntesdesanluis.com\"},\"logo\":{\"@id\":\"https:\/\/apuntesdesanluis.com\/#\/schema\/person\/image\/\"},\"sameAs\":[\"https:\/\/apuntesdesanluis.com\"],\"url\":\"https:\/\/apuntesdesanluis.com\/index.php\/author\/apuntesdesanluis-com\/\"}]}<\/script>\n<!-- \/ Yoast SEO plugin. -->","yoast_head_json":{"title":"LA VILLAMERCEDINA FIGURA DE RIVER, MARTINA DEL TRECCO, SEGUIR\u00c1 SU CARRERA EN EL EXTERIOR - Apuntes de San Luis","robots":{"index":"index","follow":"follow","max-snippet":"max-snippet:-1","max-image-preview":"max-image-preview:large","max-video-preview":"max-video-preview:-1"},"canonical":"https:\/\/apuntesdesanluis.com\/index.php\/2024\/01\/01\/la-villamercedina-figura-de-river-martina-del-trecco-seguira-su-carrera-en-el-exterior\/","og_locale":"es_ES","og_type":"article","og_title":"LA VILLAMERCEDINA FIGURA DE RIVER, MARTINA DEL TRECCO, SEGUIR\u00c1 SU CARRERA EN EL EXTERIOR - Apuntes de San Luis","og_description":"El 2023 fue un a\u00f1o de despedidas fuertes en River. En el f\u00fatbol masculino, estuvieron...","og_url":"https:\/\/apuntesdesanluis.com\/index.php\/2024\/01\/01\/la-villamercedina-figura-de-river-martina-del-trecco-seguira-su-carrera-en-el-exterior\/","og_site_name":"Apuntes de San Luis","article_published_time":"2024-01-01T21:05:21+00:00","article_modified_time":"2024-01-01T21:06:12+00:00","og_image":[{"width":558,"height":341,"url":"https:\/\/apuntesdesanluis.com\/wp-content\/uploads\/2024\/01\/martina-tapa-1.png","type":"image\/png"}],"author":"apuntesdesanluis.com","twitter_card":"summary_large_image","twitter_misc":{"Escrito por":"apuntesdesanluis.com","Tiempo de lectura":"3 minutos"},"schema":{"@context":"https:\/\/schema.org","@graph":[{"@type":"Article","@id":"https:\/\/apuntesdesanluis.com\/index.php\/2024\/01\/01\/la-villamercedina-figura-de-river-martina-del-trecco-seguira-su-carrera-en-el-exterior\/#article","isPartOf":{"@id":"https:\/\/apuntesdesanluis.com\/index.php\/2024\/01\/01\/la-villamercedina-figura-de-river-martina-del-trecco-seguira-su-carrera-en-el-exterior\/"},"author":{"name":"apuntesdesanluis.com","@id":"https:\/\/apuntesdesanluis.com\/#\/schema\/person\/b55151d52296fcce64d1a72538a70b90"},"headline":"LA VILLAMERCEDINA FIGURA DE RIVER, MARTINA DEL TRECCO, SEGUIR\u00c1 SU CARRERA EN EL EXTERIOR","datePublished":"2024-01-01T21:05:21+00:00","dateModified":"2024-01-01T21:06:12+00:00","mainEntityOfPage":{"@id":"https:\/\/apuntesdesanluis.com\/index.php\/2024\/01\/01\/la-villamercedina-figura-de-river-martina-del-trecco-seguira-su-carrera-en-el-exterior\/"},"wordCount":507,"publisher":{"@id":"https:\/\/apuntesdesanluis.com\/#\/schema\/person\/b55151d52296fcce64d1a72538a70b90"},"image":{"@id":"https:\/\/apuntesdesanluis.com\/index.php\/2024\/01\/01\/la-villamercedina-figura-de-river-martina-del-trecco-seguira-su-carrera-en-el-exterior\/#primaryimage"},"thumbnailUrl":"https:\/\/apuntesdesanluis.com\/wp-content\/uploads\/2024\/01\/martina-tapa-1.png","articleSection":["Ciudad\/Provincia","Deportes"],"inLanguage":"es-AR"},{"@type":"WebPage","@id":"https:\/\/apuntesdesanluis.com\/index.php\/2024\/01\/01\/la-villamercedina-figura-de-river-martina-del-trecco-seguira-su-carrera-en-el-exterior\/","url":"https:\/\/apuntesdesanluis.com\/index.php\/2024\/01\/01\/la-villamercedina-figura-de-river-martina-del-trecco-seguira-su-carrera-en-el-exterior\/","name":"LA VILLAMERCEDINA FIGURA DE RIVER, MARTINA DEL TRECCO, SEGUIR\u00c1 SU CARRERA EN EL EXTERIOR - Apuntes de San Luis","isPartOf":{"@id":"https:\/\/apuntesdesanluis.com\/#website"},"primaryImageOfPage":{"@id":"https:\/\/apuntesdesanluis.com\/index.php\/2024\/01\/01\/la-villamercedina-figura-de-river-martina-del-trecco-seguira-su-carrera-en-el-exterior\/#primaryimage"},"image":{"@id":"https:\/\/apuntesdesanluis.com\/index.php\/2024\/01\/01\/la-villamercedina-figura-de-river-martina-del-trecco-seguira-su-carrera-en-el-exterior\/#primaryimage"},"thumbnailUrl":"https:\/\/apuntesdesanluis.com\/wp-content\/uploads\/2024\/01\/martina-tapa-1.png","datePublished":"2024-01-01T21:05:21+00:00","dateModified":"2024-01-01T21:06:12+00:00","breadcrumb":{"@id":"https:\/\/apuntesdesanluis.com\/index.php\/2024\/01\/01\/la-villamercedina-figura-de-river-martina-del-trecco-seguira-su-carrera-en-el-exterior\/#breadcrumb"},"inLanguage":"es-AR","potentialAction":[{"@type":"ReadAction","target":["https:\/\/apuntesdesanluis.com\/index.php\/2024\/01\/01\/la-villamercedina-figura-de-river-martina-del-trecco-seguira-su-carrera-en-el-exterior\/"]}]},{"@type":"ImageObject","inLanguage":"es-AR","@id":"https:\/\/apuntesdesanluis.com\/index.php\/2024\/01\/01\/la-villamercedina-figura-de-river-martina-del-trecco-seguira-su-carrera-en-el-exterior\/#primaryimage","url":"https:\/\/apuntesdesanluis.com\/wp-content\/uploads\/2024\/01\/martina-tapa-1.png","contentUrl":"https:\/\/apuntesdesanluis.com\/wp-content\/uploads\/2024\/01\/martina-tapa-1.png","width":558,"height":341},{"@type":"BreadcrumbList","@id":"https:\/\/apuntesdesanluis.com\/index.php\/2024\/01\/01\/la-villamercedina-figura-de-river-martina-del-trecco-seguira-su-carrera-en-el-exterior\/#breadcrumb","itemListElement":[{"@type":"ListItem","position":1,"name":"Inicio","item":"https:\/\/apuntesdesanluis.com\/"},{"@type":"ListItem","position":2,"name":"LA VILLAMERCEDINA FIGURA DE RIVER, MARTINA DEL TRECCO, SEGUIR\u00c1 SU CARRERA EN EL EXTERIOR"}]},{"@type":"WebSite","@id":"https:\/\/apuntesdesanluis.com\/#website","url":"https:\/\/apuntesdesanluis.com\/","name":"Apuntes de San Luis","description":"","publisher":{"@id":"https:\/\/apuntesdesanluis.com\/#\/schema\/person\/b55151d52296fcce64d1a72538a70b90"},"potentialAction":[{"@type":"SearchAction","target":{"@type":"EntryPoint","urlTemplate":"https:\/\/apuntesdesanluis.com\/?s={search_term_string}"},"query-input":{"@type":"PropertyValueSpecification","valueRequired":true,"valueName":"search_term_string"}}],"inLanguage":"es-AR"},{"@type":["Person","Organization"],"@id":"https:\/\/apuntesdesanluis.com\/#\/schema\/person\/b55151d52296fcce64d1a72538a70b90","name":"apuntesdesanluis.com","image":{"@type":"ImageObject","inLanguage":"es-AR","@id":"https:\/\/apuntesdesanluis.com\/#\/schema\/person\/image\/","url":"https:\/\/apuntesdesanluis.com\/wp-content\/uploads\/2023\/07\/cropped-apuntesdesanluis.png","contentUrl":"https:\/\/apuntesdesanluis.com\/wp-content\/uploads\/2023\/07\/cropped-apuntesdesanluis.png","width":450,"height":112,"caption":"apuntesdesanluis.com"},"logo":{"@id":"https:\/\/apuntesdesanluis.com\/#\/schema\/person\/image\/"},"sameAs":["https:\/\/apuntesdesanluis.com"],"url":"https:\/\/apuntesdesanluis.com\/index.php\/author\/apuntesdesanluis-com\/"}]}},"featured_image_urls":{"full":["https:\/\/apuntesdesanluis.com\/wp-content\/uploads\/2024\/01\/martina-tapa-1.png",558,341,false],"thumbnail":["https:\/\/apuntesdesanluis.com\/wp-content\/uploads\/2024\/01\/martina-tapa-1-150x150.png",150,150,true],"medium":["https:\/\/apuntesdesanluis.com\/wp-content\/uploads\/2024\/01\/martina-tapa-1-300x183.png",300,183,true],"medium_large":["https:\/\/apuntesdesanluis.com\/wp-content\/uploads\/2024\/01\/martina-tapa-1.png",558,341,false],"large":["https:\/\/apuntesdesanluis.com\/wp-content\/uploads\/2024\/01\/martina-tapa-1.png",558,341,false],"1536x1536":["https:\/\/apuntesdesanluis.com\/wp-content\/uploads\/2024\/01\/martina-tapa-1.png",558,341,false],"2048x2048":["https:\/\/apuntesdesanluis.com\/wp-content\/uploads\/2024\/01\/martina-tapa-1.png",558,341,false],"newsever-slider-full":["https:\/\/apuntesdesanluis.com\/wp-content\/uploads\/2024\/01\/martina-tapa-1.png",558,341,false],"newsever-featured":["https:\/\/apuntesdesanluis.com\/wp-content\/uploads\/2024\/01\/martina-tapa-1.png",558,341,false],"newsever-medium":["https:\/\/apuntesdesanluis.com\/wp-content\/uploads\/2024\/01\/martina-tapa-1.png",558,341,false]},"author_info":{"display_name":"apuntesdesanluis.com","author_link":"https:\/\/apuntesdesanluis.com\/index.php\/author\/apuntesdesanluis-com\/"},"category_info":"<a href=\"https:\/\/apuntesdesanluis.com\/index.php\/category\/ciudad-provincia\/\" rel=\"category tag\">Ciudad\/Provincia<\/a> <a href=\"https:\/\/apuntesdesanluis.com\/index.php\/category\/deportes\/\" rel=\"category tag\">Deportes<\/a>","tag_info":"Deportes","comment_count":"0","_links":{"self":[{"href":"https:\/\/apuntesdesanluis.com\/index.php\/wp-json\/wp\/v2\/posts\/9321","targetHints":{"allow":["GET"]}}],"collection":[{"href":"https:\/\/apuntesdesanluis.com\/index.php\/wp-json\/wp\/v2\/posts"}],"about":[{"href":"https:\/\/apuntesdesanluis.com\/index.php\/wp-json\/wp\/v2\/types\/post"}],"author":[{"embeddable":true,"href":"https:\/\/apuntesdesanluis.com\/index.php\/wp-json\/wp\/v2\/users\/1"}],"replies":[{"embeddable":true,"href":"https:\/\/apuntesdesanluis.com\/index.php\/wp-json\/wp\/v2\/comments?post=9321"}],"version-history":[{"count":4,"href":"https:\/\/apuntesdesanluis.com\/index.php\/wp-json\/wp\/v2\/posts\/9321\/revisions"}],"predecessor-version":[{"id":9331,"href":"https:\/\/apuntesdesanluis.com\/index.php\/wp-json\/wp\/v2\/posts\/9321\/revisions\/9331"}],"wp:featuredmedia":[{"embeddable":true,"href":"https:\/\/apuntesdesanluis.com\/index.php\/wp-json\/wp\/v2\/media\/9327"}],"wp:attachment":[{"href":"https:\/\/apuntesdesanluis.com\/index.php\/wp-json\/wp\/v2\/media?parent=9321"}],"wp:term":[{"taxonomy":"category","embeddable":true,"href":"https:\/\/apuntesdesanluis.com\/index.php\/wp-json\/wp\/v2\/categories?post=9321"},{"taxonomy":"post_tag","embeddable":true,"href":"https:\/\/apuntesdesanluis.com\/index.php\/wp-json\/wp\/v2\/tags?post=9321"}],"curies":[{"name":"wp","href":"https:\/\/api.w.org\/{rel}","templated":true}]}}