{"id":934,"date":"2023-08-02T18:55:12","date_gmt":"2023-08-02T21:55:12","guid":{"rendered":"https:\/\/apuntesdesanluis.com\/?p=934"},"modified":"2023-08-02T20:20:15","modified_gmt":"2023-08-02T23:20:15","slug":"accidente-fatal-en-san-felipe-esquivaron-un-jabali-y-salio-despedida-del-vehiculo","status":"publish","type":"post","link":"https:\/\/apuntesdesanluis.com\/index.php\/2023\/08\/02\/accidente-fatal-en-san-felipe-esquivaron-un-jabali-y-salio-despedida-del-vehiculo\/","title":{"rendered":"ACCIDENTE FATAL EN SAN FELIPE: ESQUIVARON UN JABAL\u00cd Y SALI\u00d3 DESPEDIDA DEL VEH\u00cdCULO"},"content":{"rendered":"<h3>El conductor de la camioneta tuvo que hacer una maniobra brusca luego de que el animal se cruzara en la ruta. La acompa\u00f1ante falleci\u00f3 camino al hospital de Merlo.<\/h3>\n<h3>Una pareja que viajaba en una camioneta Fiat Strada protagoniz\u00f3 este martes un tr\u00e1gico accidente sobre la ruta 25, en inmediaciones del dique San Felipe, luego de que un jabal\u00ed se cruzara en el camino.<\/h3>\n<h3>Seg\u00fan se inform\u00f3, el conductor del veh\u00edculo, de apellido <strong>Polanco<\/strong>, tuvo que hacer una maniobra brusca para esquivar al animal. Al dar el rodado varios tumbos, la mujer que lo acompa\u00f1aba sali\u00f3 despedida del habit\u00e1culo.<\/h3>\n<h3>Las v\u00edctimas fueron asistidas por personal policial y bomberos de Renca y trasladadas posteriormente al hospital Tilisarao. El hombre present\u00f3 heridas leves, mientras que la mujer, <strong>Mar\u00eda Luisa Zapata<\/strong>, de 78 a\u00f1os, que fue la que result\u00f3 m\u00e1s lesionada, ingres\u00f3 a ese centro de salud en primera instancia en estado l\u00facido.<\/h3>\n<h3>Si bien se le realizaron placas, el personal m\u00e9dico decidi\u00f3 derivarla al Hospital Madre Catalina de Merlo para practicarle estudios de mayor complejidad pero en el trayecto sufri\u00f3 una descompensaci\u00f3n. Al llegar al lugar, fue ingresada a terapia, donde trataron de reanimarla aunque sin \u00e9xito. (Informaci\u00f3n de Radio G de Tilisarao)<\/h3>\n","protected":false},"excerpt":{"rendered":"<p>El conductor de la camioneta tuvo que hacer una maniobra brusca luego de que el&#8230;<\/p>\n","protected":false},"author":1,"featured_media":935,"comment_status":"closed","ping_status":"closed","sticky":false,"template":"","format":"standard","meta":{"footnotes":""},"categories":[6],"tags":[],"class_list":["post-934","post","type-post","status-publish","format-standard","has-post-thumbnail","hentry","category-ciudad-provincia"],"yoast_head":"<!-- This site is optimized with the Yoast SEO plugin v26.1.1 - https:\/\/yoast.com\/wordpress\/plugins\/seo\/ -->\n<title>ACCIDENTE FATAL EN SAN FELIPE: ESQUIVARON UN JABAL\u00cd Y SALI\u00d3 DESPEDIDA DEL VEH\u00cdCULO - Apuntes de San Luis<\/title>\n<meta name=\"robots\" content=\"index, follow, max-snippet:-1, max-image-preview:large, max-video-preview:-1\" \/>\n<link rel=\"canonical\" href=\"https:\/\/apuntesdesanluis.com\/index.php\/2023\/08\/02\/accidente-fatal-en-san-felipe-esquivaron-un-jabali-y-salio-despedida-del-vehiculo\/\" \/>\n<meta property=\"og:locale\" content=\"es_ES\" \/>\n<meta property=\"og:type\" content=\"article\" \/>\n<meta property=\"og:title\" content=\"ACCIDENTE FATAL EN SAN FELIPE: ESQUIVARON UN JABAL\u00cd Y SALI\u00d3 DESPEDIDA DEL VEH\u00cdCULO - Apuntes de San Luis\" \/>\n<meta property=\"og:description\" content=\"El conductor de la camioneta tuvo que hacer una maniobra brusca luego de que el...\" \/>\n<meta property=\"og:url\" content=\"https:\/\/apuntesdesanluis.com\/index.php\/2023\/08\/02\/accidente-fatal-en-san-felipe-esquivaron-un-jabali-y-salio-despedida-del-vehiculo\/\" \/>\n<meta property=\"og:site_name\" content=\"Apuntes de San Luis\" \/>\n<meta property=\"article:published_time\" content=\"2023-08-02T21:55:12+00:00\" \/>\n<meta property=\"article:modified_time\" content=\"2023-08-02T23:20:15+00:00\" \/>\n<meta property=\"og:image\" content=\"https:\/\/apuntesdesanluis.com\/wp-content\/uploads\/2023\/08\/fiat-strada.png\" \/>\n\t<meta property=\"og:image:width\" content=\"794\" \/>\n\t<meta property=\"og:image:height\" content=\"495\" \/>\n\t<meta property=\"og:image:type\" content=\"image\/png\" \/>\n<meta name=\"author\" content=\"apuntesdesanluis.com\" \/>\n<meta name=\"twitter:card\" content=\"summary_large_image\" \/>\n<meta name=\"twitter:label1\" content=\"Escrito por\" \/>\n\t<meta name=\"twitter:data1\" content=\"apuntesdesanluis.com\" \/>\n\t<meta name=\"twitter:label2\" content=\"Tiempo de lectura\" \/>\n\t<meta name=\"twitter:data2\" content=\"1 minuto\" \/>\n<script type=\"application\/ld+json\" class=\"yoast-schema-graph\">{\"@context\":\"https:\/\/schema.org\",\"@graph\":[{\"@type\":\"Article\",\"@id\":\"https:\/\/apuntesdesanluis.com\/index.php\/2023\/08\/02\/accidente-fatal-en-san-felipe-esquivaron-un-jabali-y-salio-despedida-del-vehiculo\/#article\",\"isPartOf\":{\"@id\":\"https:\/\/apuntesdesanluis.com\/index.php\/2023\/08\/02\/accidente-fatal-en-san-felipe-esquivaron-un-jabali-y-salio-despedida-del-vehiculo\/\"},\"author\":{\"name\":\"apuntesdesanluis.com\",\"@id\":\"https:\/\/apuntesdesanluis.com\/#\/schema\/person\/b55151d52296fcce64d1a72538a70b90\"},\"headline\":\"ACCIDENTE FATAL EN SAN FELIPE: ESQUIVARON UN JABAL\u00cd Y SALI\u00d3 DESPEDIDA DEL VEH\u00cdCULO\",\"datePublished\":\"2023-08-02T21:55:12+00:00\",\"dateModified\":\"2023-08-02T23:20:15+00:00\",\"mainEntityOfPage\":{\"@id\":\"https:\/\/apuntesdesanluis.com\/index.php\/2023\/08\/02\/accidente-fatal-en-san-felipe-esquivaron-un-jabali-y-salio-despedida-del-vehiculo\/\"},\"wordCount\":227,\"publisher\":{\"@id\":\"https:\/\/apuntesdesanluis.com\/#\/schema\/person\/b55151d52296fcce64d1a72538a70b90\"},\"image\":{\"@id\":\"https:\/\/apuntesdesanluis.com\/index.php\/2023\/08\/02\/accidente-fatal-en-san-felipe-esquivaron-un-jabali-y-salio-despedida-del-vehiculo\/#primaryimage\"},\"thumbnailUrl\":\"https:\/\/apuntesdesanluis.com\/wp-content\/uploads\/2023\/08\/fiat-strada.png\",\"articleSection\":[\"Ciudad\/Provincia\"],\"inLanguage\":\"es-AR\"},{\"@type\":\"WebPage\",\"@id\":\"https:\/\/apuntesdesanluis.com\/index.php\/2023\/08\/02\/accidente-fatal-en-san-felipe-esquivaron-un-jabali-y-salio-despedida-del-vehiculo\/\",\"url\":\"https:\/\/apuntesdesanluis.com\/index.php\/2023\/08\/02\/accidente-fatal-en-san-felipe-esquivaron-un-jabali-y-salio-despedida-del-vehiculo\/\",\"name\":\"ACCIDENTE FATAL EN SAN FELIPE: ESQUIVARON UN JABAL\u00cd Y SALI\u00d3 DESPEDIDA DEL VEH\u00cdCULO - Apuntes de San Luis\",\"isPartOf\":{\"@id\":\"https:\/\/apuntesdesanluis.com\/#website\"},\"primaryImageOfPage\":{\"@id\":\"https:\/\/apuntesdesanluis.com\/index.php\/2023\/08\/02\/accidente-fatal-en-san-felipe-esquivaron-un-jabali-y-salio-despedida-del-vehiculo\/#primaryimage\"},\"image\":{\"@id\":\"https:\/\/apuntesdesanluis.com\/index.php\/2023\/08\/02\/accidente-fatal-en-san-felipe-esquivaron-un-jabali-y-salio-despedida-del-vehiculo\/#primaryimage\"},\"thumbnailUrl\":\"https:\/\/apuntesdesanluis.com\/wp-content\/uploads\/2023\/08\/fiat-strada.png\",\"datePublished\":\"2023-08-02T21:55:12+00:00\",\"dateModified\":\"2023-08-02T23:20:15+00:00\",\"breadcrumb\":{\"@id\":\"https:\/\/apuntesdesanluis.com\/index.php\/2023\/08\/02\/accidente-fatal-en-san-felipe-esquivaron-un-jabali-y-salio-despedida-del-vehiculo\/#breadcrumb\"},\"inLanguage\":\"es-AR\",\"potentialAction\":[{\"@type\":\"ReadAction\",\"target\":[\"https:\/\/apuntesdesanluis.com\/index.php\/2023\/08\/02\/accidente-fatal-en-san-felipe-esquivaron-un-jabali-y-salio-despedida-del-vehiculo\/\"]}]},{\"@type\":\"ImageObject\",\"inLanguage\":\"es-AR\",\"@id\":\"https:\/\/apuntesdesanluis.com\/index.php\/2023\/08\/02\/accidente-fatal-en-san-felipe-esquivaron-un-jabali-y-salio-despedida-del-vehiculo\/#primaryimage\",\"url\":\"https:\/\/apuntesdesanluis.com\/wp-content\/uploads\/2023\/08\/fiat-strada.png\",\"contentUrl\":\"https:\/\/apuntesdesanluis.com\/wp-content\/uploads\/2023\/08\/fiat-strada.png\",\"width\":794,\"height\":495},{\"@type\":\"BreadcrumbList\",\"@id\":\"https:\/\/apuntesdesanluis.com\/index.php\/2023\/08\/02\/accidente-fatal-en-san-felipe-esquivaron-un-jabali-y-salio-despedida-del-vehiculo\/#breadcrumb\",\"itemListElement\":[{\"@type\":\"ListItem\",\"position\":1,\"name\":\"Inicio\",\"item\":\"https:\/\/apuntesdesanluis.com\/\"},{\"@type\":\"ListItem\",\"position\":2,\"name\":\"ACCIDENTE FATAL EN SAN FELIPE: ESQUIVARON UN JABAL\u00cd Y SALI\u00d3 DESPEDIDA DEL VEH\u00cdCULO\"}]},{\"@type\":\"WebSite\",\"@id\":\"https:\/\/apuntesdesanluis.com\/#website\",\"url\":\"https:\/\/apuntesdesanluis.com\/\",\"name\":\"Apuntes de San Luis\",\"description\":\"\",\"publisher\":{\"@id\":\"https:\/\/apuntesdesanluis.com\/#\/schema\/person\/b55151d52296fcce64d1a72538a70b90\"},\"potentialAction\":[{\"@type\":\"SearchAction\",\"target\":{\"@type\":\"EntryPoint\",\"urlTemplate\":\"https:\/\/apuntesdesanluis.com\/?s={search_term_string}\"},\"query-input\":{\"@type\":\"PropertyValueSpecification\",\"valueRequired\":true,\"valueName\":\"search_term_string\"}}],\"inLanguage\":\"es-AR\"},{\"@type\":[\"Person\",\"Organization\"],\"@id\":\"https:\/\/apuntesdesanluis.com\/#\/schema\/person\/b55151d52296fcce64d1a72538a70b90\",\"name\":\"apuntesdesanluis.com\",\"image\":{\"@type\":\"ImageObject\",\"inLanguage\":\"es-AR\",\"@id\":\"https:\/\/apuntesdesanluis.com\/#\/schema\/person\/image\/\",\"url\":\"https:\/\/apuntesdesanluis.com\/wp-content\/uploads\/2023\/07\/cropped-apuntesdesanluis.png\",\"contentUrl\":\"https:\/\/apuntesdesanluis.com\/wp-content\/uploads\/2023\/07\/cropped-apuntesdesanluis.png\",\"width\":450,\"height\":112,\"caption\":\"apuntesdesanluis.com\"},\"logo\":{\"@id\":\"https:\/\/apuntesdesanluis.com\/#\/schema\/person\/image\/\"},\"sameAs\":[\"https:\/\/apuntesdesanluis.com\"],\"url\":\"https:\/\/apuntesdesanluis.com\/index.php\/author\/apuntesdesanluis-com\/\"}]}<\/script>\n<!-- \/ Yoast SEO plugin. -->","yoast_head_json":{"title":"ACCIDENTE FATAL EN SAN FELIPE: ESQUIVARON UN JABAL\u00cd Y SALI\u00d3 DESPEDIDA DEL VEH\u00cdCULO - Apuntes de San Luis","robots":{"index":"index","follow":"follow","max-snippet":"max-snippet:-1","max-image-preview":"max-image-preview:large","max-video-preview":"max-video-preview:-1"},"canonical":"https:\/\/apuntesdesanluis.com\/index.php\/2023\/08\/02\/accidente-fatal-en-san-felipe-esquivaron-un-jabali-y-salio-despedida-del-vehiculo\/","og_locale":"es_ES","og_type":"article","og_title":"ACCIDENTE FATAL EN SAN FELIPE: ESQUIVARON UN JABAL\u00cd Y SALI\u00d3 DESPEDIDA DEL VEH\u00cdCULO - Apuntes de San Luis","og_description":"El conductor de la camioneta tuvo que hacer una maniobra brusca luego de que el...","og_url":"https:\/\/apuntesdesanluis.com\/index.php\/2023\/08\/02\/accidente-fatal-en-san-felipe-esquivaron-un-jabali-y-salio-despedida-del-vehiculo\/","og_site_name":"Apuntes de San Luis","article_published_time":"2023-08-02T21:55:12+00:00","article_modified_time":"2023-08-02T23:20:15+00:00","og_image":[{"width":794,"height":495,"url":"https:\/\/apuntesdesanluis.com\/wp-content\/uploads\/2023\/08\/fiat-strada.png","type":"image\/png"}],"author":"apuntesdesanluis.com","twitter_card":"summary_large_image","twitter_misc":{"Escrito por":"apuntesdesanluis.com","Tiempo de lectura":"1 minuto"},"schema":{"@context":"https:\/\/schema.org","@graph":[{"@type":"Article","@id":"https:\/\/apuntesdesanluis.com\/index.php\/2023\/08\/02\/accidente-fatal-en-san-felipe-esquivaron-un-jabali-y-salio-despedida-del-vehiculo\/#article","isPartOf":{"@id":"https:\/\/apuntesdesanluis.com\/index.php\/2023\/08\/02\/accidente-fatal-en-san-felipe-esquivaron-un-jabali-y-salio-despedida-del-vehiculo\/"},"author":{"name":"apuntesdesanluis.com","@id":"https:\/\/apuntesdesanluis.com\/#\/schema\/person\/b55151d52296fcce64d1a72538a70b90"},"headline":"ACCIDENTE FATAL EN SAN FELIPE: ESQUIVARON UN JABAL\u00cd Y SALI\u00d3 DESPEDIDA DEL VEH\u00cdCULO","datePublished":"2023-08-02T21:55:12+00:00","dateModified":"2023-08-02T23:20:15+00:00","mainEntityOfPage":{"@id":"https:\/\/apuntesdesanluis.com\/index.php\/2023\/08\/02\/accidente-fatal-en-san-felipe-esquivaron-un-jabali-y-salio-despedida-del-vehiculo\/"},"wordCount":227,"publisher":{"@id":"https:\/\/apuntesdesanluis.com\/#\/schema\/person\/b55151d52296fcce64d1a72538a70b90"},"image":{"@id":"https:\/\/apuntesdesanluis.com\/index.php\/2023\/08\/02\/accidente-fatal-en-san-felipe-esquivaron-un-jabali-y-salio-despedida-del-vehiculo\/#primaryimage"},"thumbnailUrl":"https:\/\/apuntesdesanluis.com\/wp-content\/uploads\/2023\/08\/fiat-strada.png","articleSection":["Ciudad\/Provincia"],"inLanguage":"es-AR"},{"@type":"WebPage","@id":"https:\/\/apuntesdesanluis.com\/index.php\/2023\/08\/02\/accidente-fatal-en-san-felipe-esquivaron-un-jabali-y-salio-despedida-del-vehiculo\/","url":"https:\/\/apuntesdesanluis.com\/index.php\/2023\/08\/02\/accidente-fatal-en-san-felipe-esquivaron-un-jabali-y-salio-despedida-del-vehiculo\/","name":"ACCIDENTE FATAL EN SAN FELIPE: ESQUIVARON UN JABAL\u00cd Y SALI\u00d3 DESPEDIDA DEL VEH\u00cdCULO - Apuntes de San Luis","isPartOf":{"@id":"https:\/\/apuntesdesanluis.com\/#website"},"primaryImageOfPage":{"@id":"https:\/\/apuntesdesanluis.com\/index.php\/2023\/08\/02\/accidente-fatal-en-san-felipe-esquivaron-un-jabali-y-salio-despedida-del-vehiculo\/#primaryimage"},"image":{"@id":"https:\/\/apuntesdesanluis.com\/index.php\/2023\/08\/02\/accidente-fatal-en-san-felipe-esquivaron-un-jabali-y-salio-despedida-del-vehiculo\/#primaryimage"},"thumbnailUrl":"https:\/\/apuntesdesanluis.com\/wp-content\/uploads\/2023\/08\/fiat-strada.png","datePublished":"2023-08-02T21:55:12+00:00","dateModified":"2023-08-02T23:20:15+00:00","breadcrumb":{"@id":"https:\/\/apuntesdesanluis.com\/index.php\/2023\/08\/02\/accidente-fatal-en-san-felipe-esquivaron-un-jabali-y-salio-despedida-del-vehiculo\/#breadcrumb"},"inLanguage":"es-AR","potentialAction":[{"@type":"ReadAction","target":["https:\/\/apuntesdesanluis.com\/index.php\/2023\/08\/02\/accidente-fatal-en-san-felipe-esquivaron-un-jabali-y-salio-despedida-del-vehiculo\/"]}]},{"@type":"ImageObject","inLanguage":"es-AR","@id":"https:\/\/apuntesdesanluis.com\/index.php\/2023\/08\/02\/accidente-fatal-en-san-felipe-esquivaron-un-jabali-y-salio-despedida-del-vehiculo\/#primaryimage","url":"https:\/\/apuntesdesanluis.com\/wp-content\/uploads\/2023\/08\/fiat-strada.png","contentUrl":"https:\/\/apuntesdesanluis.com\/wp-content\/uploads\/2023\/08\/fiat-strada.png","width":794,"height":495},{"@type":"BreadcrumbList","@id":"https:\/\/apuntesdesanluis.com\/index.php\/2023\/08\/02\/accidente-fatal-en-san-felipe-esquivaron-un-jabali-y-salio-despedida-del-vehiculo\/#breadcrumb","itemListElement":[{"@type":"ListItem","position":1,"name":"Inicio","item":"https:\/\/apuntesdesanluis.com\/"},{"@type":"ListItem","position":2,"name":"ACCIDENTE FATAL EN SAN FELIPE: ESQUIVARON UN JABAL\u00cd Y SALI\u00d3 DESPEDIDA DEL VEH\u00cdCULO"}]},{"@type":"WebSite","@id":"https:\/\/apuntesdesanluis.com\/#website","url":"https:\/\/apuntesdesanluis.com\/","name":"Apuntes de San Luis","description":"","publisher":{"@id":"https:\/\/apuntesdesanluis.com\/#\/schema\/person\/b55151d52296fcce64d1a72538a70b90"},"potentialAction":[{"@type":"SearchAction","target":{"@type":"EntryPoint","urlTemplate":"https:\/\/apuntesdesanluis.com\/?s={search_term_string}"},"query-input":{"@type":"PropertyValueSpecification","valueRequired":true,"valueName":"search_term_string"}}],"inLanguage":"es-AR"},{"@type":["Person","Organization"],"@id":"https:\/\/apuntesdesanluis.com\/#\/schema\/person\/b55151d52296fcce64d1a72538a70b90","name":"apuntesdesanluis.com","image":{"@type":"ImageObject","inLanguage":"es-AR","@id":"https:\/\/apuntesdesanluis.com\/#\/schema\/person\/image\/","url":"https:\/\/apuntesdesanluis.com\/wp-content\/uploads\/2023\/07\/cropped-apuntesdesanluis.png","contentUrl":"https:\/\/apuntesdesanluis.com\/wp-content\/uploads\/2023\/07\/cropped-apuntesdesanluis.png","width":450,"height":112,"caption":"apuntesdesanluis.com"},"logo":{"@id":"https:\/\/apuntesdesanluis.com\/#\/schema\/person\/image\/"},"sameAs":["https:\/\/apuntesdesanluis.com"],"url":"https:\/\/apuntesdesanluis.com\/index.php\/author\/apuntesdesanluis-com\/"}]}},"featured_image_urls":{"full":["https:\/\/apuntesdesanluis.com\/wp-content\/uploads\/2023\/08\/fiat-strada.png",794,495,false],"thumbnail":["https:\/\/apuntesdesanluis.com\/wp-content\/uploads\/2023\/08\/fiat-strada-150x150.png",150,150,true],"medium":["https:\/\/apuntesdesanluis.com\/wp-content\/uploads\/2023\/08\/fiat-strada-300x187.png",300,187,true],"medium_large":["https:\/\/apuntesdesanluis.com\/wp-content\/uploads\/2023\/08\/fiat-strada-768x479.png",640,399,true],"large":["https:\/\/apuntesdesanluis.com\/wp-content\/uploads\/2023\/08\/fiat-strada.png",640,399,false],"1536x1536":["https:\/\/apuntesdesanluis.com\/wp-content\/uploads\/2023\/08\/fiat-strada.png",794,495,false],"2048x2048":["https:\/\/apuntesdesanluis.com\/wp-content\/uploads\/2023\/08\/fiat-strada.png",794,495,false],"newsever-slider-full":["https:\/\/apuntesdesanluis.com\/wp-content\/uploads\/2023\/08\/fiat-strada.png",794,495,false],"newsever-featured":["https:\/\/apuntesdesanluis.com\/wp-content\/uploads\/2023\/08\/fiat-strada.png",794,495,false],"newsever-medium":["https:\/\/apuntesdesanluis.com\/wp-content\/uploads\/2023\/08\/fiat-strada-720x475.png",720,475,true]},"author_info":{"display_name":"apuntesdesanluis.com","author_link":"https:\/\/apuntesdesanluis.com\/index.php\/author\/apuntesdesanluis-com\/"},"category_info":"<a href=\"https:\/\/apuntesdesanluis.com\/index.php\/category\/ciudad-provincia\/\" rel=\"category tag\">Ciudad\/Provincia<\/a>","tag_info":"Ciudad\/Provincia","comment_count":"0","_links":{"self":[{"href":"https:\/\/apuntesdesanluis.com\/index.php\/wp-json\/wp\/v2\/posts\/934","targetHints":{"allow":["GET"]}}],"collection":[{"href":"https:\/\/apuntesdesanluis.com\/index.php\/wp-json\/wp\/v2\/posts"}],"about":[{"href":"https:\/\/apuntesdesanluis.com\/index.php\/wp-json\/wp\/v2\/types\/post"}],"author":[{"embeddable":true,"href":"https:\/\/apuntesdesanluis.com\/index.php\/wp-json\/wp\/v2\/users\/1"}],"replies":[{"embeddable":true,"href":"https:\/\/apuntesdesanluis.com\/index.php\/wp-json\/wp\/v2\/comments?post=934"}],"version-history":[{"count":1,"href":"https:\/\/apuntesdesanluis.com\/index.php\/wp-json\/wp\/v2\/posts\/934\/revisions"}],"predecessor-version":[{"id":936,"href":"https:\/\/apuntesdesanluis.com\/index.php\/wp-json\/wp\/v2\/posts\/934\/revisions\/936"}],"wp:featuredmedia":[{"embeddable":true,"href":"https:\/\/apuntesdesanluis.com\/index.php\/wp-json\/wp\/v2\/media\/935"}],"wp:attachment":[{"href":"https:\/\/apuntesdesanluis.com\/index.php\/wp-json\/wp\/v2\/media?parent=934"}],"wp:term":[{"taxonomy":"category","embeddable":true,"href":"https:\/\/apuntesdesanluis.com\/index.php\/wp-json\/wp\/v2\/categories?post=934"},{"taxonomy":"post_tag","embeddable":true,"href":"https:\/\/apuntesdesanluis.com\/index.php\/wp-json\/wp\/v2\/tags?post=934"}],"curies":[{"name":"wp","href":"https:\/\/api.w.org\/{rel}","templated":true}]}}