{"id":9350,"date":"2024-01-02T20:25:56","date_gmt":"2024-01-02T23:25:56","guid":{"rendered":"https:\/\/apuntesdesanluis.com\/?p=9350"},"modified":"2024-01-02T20:27:49","modified_gmt":"2024-01-02T23:27:49","slug":"crece-la-indignacion-de-vecinos-de-la-zona-sudeste-de-villa-mercedes-por-el-servicio-de-edesal","status":"publish","type":"post","link":"https:\/\/apuntesdesanluis.com\/index.php\/2024\/01\/02\/crece-la-indignacion-de-vecinos-de-la-zona-sudeste-de-villa-mercedes-por-el-servicio-de-edesal\/","title":{"rendered":"CRECE LA INDIGNACI\u00d3N DE VECINOS DE LA ZONA SUDESTE DE VILLA MERCEDES POR EL SERVICIO DE EDESAL"},"content":{"rendered":"<h3>Los residentes en los barrios del sector sudeste de Villa Mercedes se han organizado para presentar una nota ante las autoridades de <strong>Edesal S.A.<\/strong>, en la que exigen medidas urgentes para solucionar esta problem\u00e1tica.<\/h3>\n<h3>Los coordinadores invitan a los vecinos afectados a sumarse a esta iniciativa firmando la carta y haciendo o\u00edr sus voces. Los m\u00e1s exaltados no descartan que de persistir la falta de respuestas, se disponga iniciar una demanda colectiva por da\u00f1os y perjuicios en contra de la empresa el\u00e9ctrica.<\/h3>\n<h3>En el sudeste de Villa Mercedes, la inquietud y la frustraci\u00f3n contin\u00faan entre los residentes de los barrios Feliciano Sarmiento, Jard\u00edn del Sur, Sol Naciente y 365 Viviendas, debido a los reiterados cortes de luz que han afectado gravemente su calidad de vida.<\/h3>\n<h3>La situaci\u00f3n ha llegado a un punto cr\u00edtico, y los vecinos han decidido tomar medidas para exigir a Edesal S.A. una soluci\u00f3n urgente.<\/h3>\n<h3>La frecuencia e intensidad de los cortes de luz persisten, con apagones que ocurren pr\u00e1cticamente a diario, llegando a suceder hasta cinco veces en una jornada.<\/h3>\n<h3>Ante esta situaci\u00f3n cr\u00edtica, los residentes han decidido unirse y presentar una carta a Edesal S.A. exigiendo medidas urgentes para normalizar el servicio el\u00e9ctrico en la zona.<\/h3>\n<h3>La carta, respaldada por la firma de numerosos vecinos afectados, ser\u00e1 presentada este mi\u00e9rcoles a las 9:00 horas, en las oficinas de Edesal S.A. ubicadas en Gral. Paz 570 de Villa Mercedes.<\/h3>\n<h3>Adem\u00e1s, la nota de reclamo se encuentra f\u00edsicamente disponible en varios comercios de los barrios afectados para que los vecinos interesados puedan agregar su firma y expresar su apoyo a esta causa.<\/h3>\n<h3>La comunidad espera que esta acci\u00f3n colectiva logre sensibilizar a Edesal S.A. sobre la urgencia de abordar de manera efectiva los problemas en el suministro el\u00e9ctrico, que afectan directamente a la calidad de vida de los residentes. (<a href=\"https:\/\/www.villamercedes.info\/vecinos-del-sudeste-de-villa-mercedes-presentan-una-carta-firmada-a-edesal-s-a-exigiendo-medidas-urgentes\/\"><span style=\"color: #3366ff;\"><strong>Villa Mercedes info<\/strong><\/span><\/a>)<\/h3>\n<h3>Ver:\u00a0<span style=\"color: #3366ff;\"><a style=\"color: #3366ff;\" href=\"https:\/\/apuntesdesanluis.com\/wp-content\/uploads\/2024\/01\/Nota-EDESAL.pdf\" target=\"_blank\" rel=\"noopener\">Nota EDESAL<\/a><\/span><\/h3>\n<p>&nbsp;<\/p>\n<p>&nbsp;<\/p>\n<p>&nbsp;<\/p>\n<p>&nbsp;<\/p>\n<p>&nbsp;<\/p>\n","protected":false},"excerpt":{"rendered":"<p>Los residentes en los barrios del sector sudeste de Villa Mercedes se han organizado para&#8230;<\/p>\n","protected":false},"author":1,"featured_media":9352,"comment_status":"closed","ping_status":"closed","sticky":false,"template":"","format":"standard","meta":{"footnotes":""},"categories":[6],"tags":[],"class_list":["post-9350","post","type-post","status-publish","format-standard","has-post-thumbnail","hentry","category-ciudad-provincia"],"yoast_head":"<!-- This site is optimized with the Yoast SEO plugin v26.1.1 - https:\/\/yoast.com\/wordpress\/plugins\/seo\/ -->\n<title>CRECE LA INDIGNACI\u00d3N DE VECINOS DE LA ZONA SUDESTE DE VILLA MERCEDES POR EL SERVICIO DE EDESAL - Apuntes de San Luis<\/title>\n<meta name=\"robots\" content=\"index, follow, max-snippet:-1, max-image-preview:large, max-video-preview:-1\" \/>\n<link rel=\"canonical\" href=\"https:\/\/apuntesdesanluis.com\/index.php\/2024\/01\/02\/crece-la-indignacion-de-vecinos-de-la-zona-sudeste-de-villa-mercedes-por-el-servicio-de-edesal\/\" \/>\n<meta property=\"og:locale\" content=\"es_ES\" \/>\n<meta property=\"og:type\" content=\"article\" \/>\n<meta property=\"og:title\" content=\"CRECE LA INDIGNACI\u00d3N DE VECINOS DE LA ZONA SUDESTE DE VILLA MERCEDES POR EL SERVICIO DE EDESAL - Apuntes de San Luis\" \/>\n<meta property=\"og:description\" content=\"Los residentes en los barrios del sector sudeste de Villa Mercedes se han organizado para...\" \/>\n<meta property=\"og:url\" content=\"https:\/\/apuntesdesanluis.com\/index.php\/2024\/01\/02\/crece-la-indignacion-de-vecinos-de-la-zona-sudeste-de-villa-mercedes-por-el-servicio-de-edesal\/\" \/>\n<meta property=\"og:site_name\" content=\"Apuntes de San Luis\" \/>\n<meta property=\"article:published_time\" content=\"2024-01-02T23:25:56+00:00\" \/>\n<meta property=\"article:modified_time\" content=\"2024-01-02T23:27:49+00:00\" \/>\n<meta property=\"og:image\" content=\"https:\/\/apuntesdesanluis.com\/wp-content\/uploads\/2024\/01\/EDESAL.png\" \/>\n\t<meta property=\"og:image:width\" content=\"564\" \/>\n\t<meta property=\"og:image:height\" content=\"351\" \/>\n\t<meta property=\"og:image:type\" content=\"image\/png\" \/>\n<meta name=\"author\" content=\"apuntesdesanluis.com\" \/>\n<meta name=\"twitter:card\" content=\"summary_large_image\" \/>\n<meta name=\"twitter:label1\" content=\"Escrito por\" \/>\n\t<meta name=\"twitter:data1\" content=\"apuntesdesanluis.com\" \/>\n\t<meta name=\"twitter:label2\" content=\"Tiempo de lectura\" \/>\n\t<meta name=\"twitter:data2\" content=\"2 minutos\" \/>\n<script type=\"application\/ld+json\" class=\"yoast-schema-graph\">{\"@context\":\"https:\/\/schema.org\",\"@graph\":[{\"@type\":\"Article\",\"@id\":\"https:\/\/apuntesdesanluis.com\/index.php\/2024\/01\/02\/crece-la-indignacion-de-vecinos-de-la-zona-sudeste-de-villa-mercedes-por-el-servicio-de-edesal\/#article\",\"isPartOf\":{\"@id\":\"https:\/\/apuntesdesanluis.com\/index.php\/2024\/01\/02\/crece-la-indignacion-de-vecinos-de-la-zona-sudeste-de-villa-mercedes-por-el-servicio-de-edesal\/\"},\"author\":{\"name\":\"apuntesdesanluis.com\",\"@id\":\"https:\/\/apuntesdesanluis.com\/#\/schema\/person\/b55151d52296fcce64d1a72538a70b90\"},\"headline\":\"CRECE LA INDIGNACI\u00d3N DE VECINOS DE LA ZONA SUDESTE DE VILLA MERCEDES POR EL SERVICIO DE EDESAL\",\"datePublished\":\"2024-01-02T23:25:56+00:00\",\"dateModified\":\"2024-01-02T23:27:49+00:00\",\"mainEntityOfPage\":{\"@id\":\"https:\/\/apuntesdesanluis.com\/index.php\/2024\/01\/02\/crece-la-indignacion-de-vecinos-de-la-zona-sudeste-de-villa-mercedes-por-el-servicio-de-edesal\/\"},\"wordCount\":353,\"publisher\":{\"@id\":\"https:\/\/apuntesdesanluis.com\/#\/schema\/person\/b55151d52296fcce64d1a72538a70b90\"},\"image\":{\"@id\":\"https:\/\/apuntesdesanluis.com\/index.php\/2024\/01\/02\/crece-la-indignacion-de-vecinos-de-la-zona-sudeste-de-villa-mercedes-por-el-servicio-de-edesal\/#primaryimage\"},\"thumbnailUrl\":\"https:\/\/apuntesdesanluis.com\/wp-content\/uploads\/2024\/01\/EDESAL.png\",\"articleSection\":[\"Ciudad\/Provincia\"],\"inLanguage\":\"es-AR\"},{\"@type\":\"WebPage\",\"@id\":\"https:\/\/apuntesdesanluis.com\/index.php\/2024\/01\/02\/crece-la-indignacion-de-vecinos-de-la-zona-sudeste-de-villa-mercedes-por-el-servicio-de-edesal\/\",\"url\":\"https:\/\/apuntesdesanluis.com\/index.php\/2024\/01\/02\/crece-la-indignacion-de-vecinos-de-la-zona-sudeste-de-villa-mercedes-por-el-servicio-de-edesal\/\",\"name\":\"CRECE LA INDIGNACI\u00d3N DE VECINOS DE LA ZONA SUDESTE DE VILLA MERCEDES POR EL SERVICIO DE EDESAL - Apuntes de San Luis\",\"isPartOf\":{\"@id\":\"https:\/\/apuntesdesanluis.com\/#website\"},\"primaryImageOfPage\":{\"@id\":\"https:\/\/apuntesdesanluis.com\/index.php\/2024\/01\/02\/crece-la-indignacion-de-vecinos-de-la-zona-sudeste-de-villa-mercedes-por-el-servicio-de-edesal\/#primaryimage\"},\"image\":{\"@id\":\"https:\/\/apuntesdesanluis.com\/index.php\/2024\/01\/02\/crece-la-indignacion-de-vecinos-de-la-zona-sudeste-de-villa-mercedes-por-el-servicio-de-edesal\/#primaryimage\"},\"thumbnailUrl\":\"https:\/\/apuntesdesanluis.com\/wp-content\/uploads\/2024\/01\/EDESAL.png\",\"datePublished\":\"2024-01-02T23:25:56+00:00\",\"dateModified\":\"2024-01-02T23:27:49+00:00\",\"breadcrumb\":{\"@id\":\"https:\/\/apuntesdesanluis.com\/index.php\/2024\/01\/02\/crece-la-indignacion-de-vecinos-de-la-zona-sudeste-de-villa-mercedes-por-el-servicio-de-edesal\/#breadcrumb\"},\"inLanguage\":\"es-AR\",\"potentialAction\":[{\"@type\":\"ReadAction\",\"target\":[\"https:\/\/apuntesdesanluis.com\/index.php\/2024\/01\/02\/crece-la-indignacion-de-vecinos-de-la-zona-sudeste-de-villa-mercedes-por-el-servicio-de-edesal\/\"]}]},{\"@type\":\"ImageObject\",\"inLanguage\":\"es-AR\",\"@id\":\"https:\/\/apuntesdesanluis.com\/index.php\/2024\/01\/02\/crece-la-indignacion-de-vecinos-de-la-zona-sudeste-de-villa-mercedes-por-el-servicio-de-edesal\/#primaryimage\",\"url\":\"https:\/\/apuntesdesanluis.com\/wp-content\/uploads\/2024\/01\/EDESAL.png\",\"contentUrl\":\"https:\/\/apuntesdesanluis.com\/wp-content\/uploads\/2024\/01\/EDESAL.png\",\"width\":564,\"height\":351},{\"@type\":\"BreadcrumbList\",\"@id\":\"https:\/\/apuntesdesanluis.com\/index.php\/2024\/01\/02\/crece-la-indignacion-de-vecinos-de-la-zona-sudeste-de-villa-mercedes-por-el-servicio-de-edesal\/#breadcrumb\",\"itemListElement\":[{\"@type\":\"ListItem\",\"position\":1,\"name\":\"Inicio\",\"item\":\"https:\/\/apuntesdesanluis.com\/\"},{\"@type\":\"ListItem\",\"position\":2,\"name\":\"CRECE LA INDIGNACI\u00d3N DE VECINOS DE LA ZONA SUDESTE DE VILLA MERCEDES POR EL SERVICIO DE EDESAL\"}]},{\"@type\":\"WebSite\",\"@id\":\"https:\/\/apuntesdesanluis.com\/#website\",\"url\":\"https:\/\/apuntesdesanluis.com\/\",\"name\":\"Apuntes de San Luis\",\"description\":\"\",\"publisher\":{\"@id\":\"https:\/\/apuntesdesanluis.com\/#\/schema\/person\/b55151d52296fcce64d1a72538a70b90\"},\"potentialAction\":[{\"@type\":\"SearchAction\",\"target\":{\"@type\":\"EntryPoint\",\"urlTemplate\":\"https:\/\/apuntesdesanluis.com\/?s={search_term_string}\"},\"query-input\":{\"@type\":\"PropertyValueSpecification\",\"valueRequired\":true,\"valueName\":\"search_term_string\"}}],\"inLanguage\":\"es-AR\"},{\"@type\":[\"Person\",\"Organization\"],\"@id\":\"https:\/\/apuntesdesanluis.com\/#\/schema\/person\/b55151d52296fcce64d1a72538a70b90\",\"name\":\"apuntesdesanluis.com\",\"image\":{\"@type\":\"ImageObject\",\"inLanguage\":\"es-AR\",\"@id\":\"https:\/\/apuntesdesanluis.com\/#\/schema\/person\/image\/\",\"url\":\"https:\/\/apuntesdesanluis.com\/wp-content\/uploads\/2023\/07\/cropped-apuntesdesanluis.png\",\"contentUrl\":\"https:\/\/apuntesdesanluis.com\/wp-content\/uploads\/2023\/07\/cropped-apuntesdesanluis.png\",\"width\":450,\"height\":112,\"caption\":\"apuntesdesanluis.com\"},\"logo\":{\"@id\":\"https:\/\/apuntesdesanluis.com\/#\/schema\/person\/image\/\"},\"sameAs\":[\"https:\/\/apuntesdesanluis.com\"],\"url\":\"https:\/\/apuntesdesanluis.com\/index.php\/author\/apuntesdesanluis-com\/\"}]}<\/script>\n<!-- \/ Yoast SEO plugin. -->","yoast_head_json":{"title":"CRECE LA INDIGNACI\u00d3N DE VECINOS DE LA ZONA SUDESTE DE VILLA MERCEDES POR EL SERVICIO DE EDESAL - Apuntes de San Luis","robots":{"index":"index","follow":"follow","max-snippet":"max-snippet:-1","max-image-preview":"max-image-preview:large","max-video-preview":"max-video-preview:-1"},"canonical":"https:\/\/apuntesdesanluis.com\/index.php\/2024\/01\/02\/crece-la-indignacion-de-vecinos-de-la-zona-sudeste-de-villa-mercedes-por-el-servicio-de-edesal\/","og_locale":"es_ES","og_type":"article","og_title":"CRECE LA INDIGNACI\u00d3N DE VECINOS DE LA ZONA SUDESTE DE VILLA MERCEDES POR EL SERVICIO DE EDESAL - Apuntes de San Luis","og_description":"Los residentes en los barrios del sector sudeste de Villa Mercedes se han organizado para...","og_url":"https:\/\/apuntesdesanluis.com\/index.php\/2024\/01\/02\/crece-la-indignacion-de-vecinos-de-la-zona-sudeste-de-villa-mercedes-por-el-servicio-de-edesal\/","og_site_name":"Apuntes de San Luis","article_published_time":"2024-01-02T23:25:56+00:00","article_modified_time":"2024-01-02T23:27:49+00:00","og_image":[{"width":564,"height":351,"url":"https:\/\/apuntesdesanluis.com\/wp-content\/uploads\/2024\/01\/EDESAL.png","type":"image\/png"}],"author":"apuntesdesanluis.com","twitter_card":"summary_large_image","twitter_misc":{"Escrito por":"apuntesdesanluis.com","Tiempo de lectura":"2 minutos"},"schema":{"@context":"https:\/\/schema.org","@graph":[{"@type":"Article","@id":"https:\/\/apuntesdesanluis.com\/index.php\/2024\/01\/02\/crece-la-indignacion-de-vecinos-de-la-zona-sudeste-de-villa-mercedes-por-el-servicio-de-edesal\/#article","isPartOf":{"@id":"https:\/\/apuntesdesanluis.com\/index.php\/2024\/01\/02\/crece-la-indignacion-de-vecinos-de-la-zona-sudeste-de-villa-mercedes-por-el-servicio-de-edesal\/"},"author":{"name":"apuntesdesanluis.com","@id":"https:\/\/apuntesdesanluis.com\/#\/schema\/person\/b55151d52296fcce64d1a72538a70b90"},"headline":"CRECE LA INDIGNACI\u00d3N DE VECINOS DE LA ZONA SUDESTE DE VILLA MERCEDES POR EL SERVICIO DE EDESAL","datePublished":"2024-01-02T23:25:56+00:00","dateModified":"2024-01-02T23:27:49+00:00","mainEntityOfPage":{"@id":"https:\/\/apuntesdesanluis.com\/index.php\/2024\/01\/02\/crece-la-indignacion-de-vecinos-de-la-zona-sudeste-de-villa-mercedes-por-el-servicio-de-edesal\/"},"wordCount":353,"publisher":{"@id":"https:\/\/apuntesdesanluis.com\/#\/schema\/person\/b55151d52296fcce64d1a72538a70b90"},"image":{"@id":"https:\/\/apuntesdesanluis.com\/index.php\/2024\/01\/02\/crece-la-indignacion-de-vecinos-de-la-zona-sudeste-de-villa-mercedes-por-el-servicio-de-edesal\/#primaryimage"},"thumbnailUrl":"https:\/\/apuntesdesanluis.com\/wp-content\/uploads\/2024\/01\/EDESAL.png","articleSection":["Ciudad\/Provincia"],"inLanguage":"es-AR"},{"@type":"WebPage","@id":"https:\/\/apuntesdesanluis.com\/index.php\/2024\/01\/02\/crece-la-indignacion-de-vecinos-de-la-zona-sudeste-de-villa-mercedes-por-el-servicio-de-edesal\/","url":"https:\/\/apuntesdesanluis.com\/index.php\/2024\/01\/02\/crece-la-indignacion-de-vecinos-de-la-zona-sudeste-de-villa-mercedes-por-el-servicio-de-edesal\/","name":"CRECE LA INDIGNACI\u00d3N DE VECINOS DE LA ZONA SUDESTE DE VILLA MERCEDES POR EL SERVICIO DE EDESAL - Apuntes de San Luis","isPartOf":{"@id":"https:\/\/apuntesdesanluis.com\/#website"},"primaryImageOfPage":{"@id":"https:\/\/apuntesdesanluis.com\/index.php\/2024\/01\/02\/crece-la-indignacion-de-vecinos-de-la-zona-sudeste-de-villa-mercedes-por-el-servicio-de-edesal\/#primaryimage"},"image":{"@id":"https:\/\/apuntesdesanluis.com\/index.php\/2024\/01\/02\/crece-la-indignacion-de-vecinos-de-la-zona-sudeste-de-villa-mercedes-por-el-servicio-de-edesal\/#primaryimage"},"thumbnailUrl":"https:\/\/apuntesdesanluis.com\/wp-content\/uploads\/2024\/01\/EDESAL.png","datePublished":"2024-01-02T23:25:56+00:00","dateModified":"2024-01-02T23:27:49+00:00","breadcrumb":{"@id":"https:\/\/apuntesdesanluis.com\/index.php\/2024\/01\/02\/crece-la-indignacion-de-vecinos-de-la-zona-sudeste-de-villa-mercedes-por-el-servicio-de-edesal\/#breadcrumb"},"inLanguage":"es-AR","potentialAction":[{"@type":"ReadAction","target":["https:\/\/apuntesdesanluis.com\/index.php\/2024\/01\/02\/crece-la-indignacion-de-vecinos-de-la-zona-sudeste-de-villa-mercedes-por-el-servicio-de-edesal\/"]}]},{"@type":"ImageObject","inLanguage":"es-AR","@id":"https:\/\/apuntesdesanluis.com\/index.php\/2024\/01\/02\/crece-la-indignacion-de-vecinos-de-la-zona-sudeste-de-villa-mercedes-por-el-servicio-de-edesal\/#primaryimage","url":"https:\/\/apuntesdesanluis.com\/wp-content\/uploads\/2024\/01\/EDESAL.png","contentUrl":"https:\/\/apuntesdesanluis.com\/wp-content\/uploads\/2024\/01\/EDESAL.png","width":564,"height":351},{"@type":"BreadcrumbList","@id":"https:\/\/apuntesdesanluis.com\/index.php\/2024\/01\/02\/crece-la-indignacion-de-vecinos-de-la-zona-sudeste-de-villa-mercedes-por-el-servicio-de-edesal\/#breadcrumb","itemListElement":[{"@type":"ListItem","position":1,"name":"Inicio","item":"https:\/\/apuntesdesanluis.com\/"},{"@type":"ListItem","position":2,"name":"CRECE LA INDIGNACI\u00d3N DE VECINOS DE LA ZONA SUDESTE DE VILLA MERCEDES POR EL SERVICIO DE EDESAL"}]},{"@type":"WebSite","@id":"https:\/\/apuntesdesanluis.com\/#website","url":"https:\/\/apuntesdesanluis.com\/","name":"Apuntes de San Luis","description":"","publisher":{"@id":"https:\/\/apuntesdesanluis.com\/#\/schema\/person\/b55151d52296fcce64d1a72538a70b90"},"potentialAction":[{"@type":"SearchAction","target":{"@type":"EntryPoint","urlTemplate":"https:\/\/apuntesdesanluis.com\/?s={search_term_string}"},"query-input":{"@type":"PropertyValueSpecification","valueRequired":true,"valueName":"search_term_string"}}],"inLanguage":"es-AR"},{"@type":["Person","Organization"],"@id":"https:\/\/apuntesdesanluis.com\/#\/schema\/person\/b55151d52296fcce64d1a72538a70b90","name":"apuntesdesanluis.com","image":{"@type":"ImageObject","inLanguage":"es-AR","@id":"https:\/\/apuntesdesanluis.com\/#\/schema\/person\/image\/","url":"https:\/\/apuntesdesanluis.com\/wp-content\/uploads\/2023\/07\/cropped-apuntesdesanluis.png","contentUrl":"https:\/\/apuntesdesanluis.com\/wp-content\/uploads\/2023\/07\/cropped-apuntesdesanluis.png","width":450,"height":112,"caption":"apuntesdesanluis.com"},"logo":{"@id":"https:\/\/apuntesdesanluis.com\/#\/schema\/person\/image\/"},"sameAs":["https:\/\/apuntesdesanluis.com"],"url":"https:\/\/apuntesdesanluis.com\/index.php\/author\/apuntesdesanluis-com\/"}]}},"featured_image_urls":{"full":["https:\/\/apuntesdesanluis.com\/wp-content\/uploads\/2024\/01\/EDESAL.png",564,351,false],"thumbnail":["https:\/\/apuntesdesanluis.com\/wp-content\/uploads\/2024\/01\/EDESAL-150x150.png",150,150,true],"medium":["https:\/\/apuntesdesanluis.com\/wp-content\/uploads\/2024\/01\/EDESAL-300x187.png",300,187,true],"medium_large":["https:\/\/apuntesdesanluis.com\/wp-content\/uploads\/2024\/01\/EDESAL.png",564,351,false],"large":["https:\/\/apuntesdesanluis.com\/wp-content\/uploads\/2024\/01\/EDESAL.png",564,351,false],"1536x1536":["https:\/\/apuntesdesanluis.com\/wp-content\/uploads\/2024\/01\/EDESAL.png",564,351,false],"2048x2048":["https:\/\/apuntesdesanluis.com\/wp-content\/uploads\/2024\/01\/EDESAL.png",564,351,false],"newsever-slider-full":["https:\/\/apuntesdesanluis.com\/wp-content\/uploads\/2024\/01\/EDESAL.png",564,351,false],"newsever-featured":["https:\/\/apuntesdesanluis.com\/wp-content\/uploads\/2024\/01\/EDESAL.png",564,351,false],"newsever-medium":["https:\/\/apuntesdesanluis.com\/wp-content\/uploads\/2024\/01\/EDESAL.png",564,351,false]},"author_info":{"display_name":"apuntesdesanluis.com","author_link":"https:\/\/apuntesdesanluis.com\/index.php\/author\/apuntesdesanluis-com\/"},"category_info":"<a href=\"https:\/\/apuntesdesanluis.com\/index.php\/category\/ciudad-provincia\/\" rel=\"category tag\">Ciudad\/Provincia<\/a>","tag_info":"Ciudad\/Provincia","comment_count":"0","_links":{"self":[{"href":"https:\/\/apuntesdesanluis.com\/index.php\/wp-json\/wp\/v2\/posts\/9350","targetHints":{"allow":["GET"]}}],"collection":[{"href":"https:\/\/apuntesdesanluis.com\/index.php\/wp-json\/wp\/v2\/posts"}],"about":[{"href":"https:\/\/apuntesdesanluis.com\/index.php\/wp-json\/wp\/v2\/types\/post"}],"author":[{"embeddable":true,"href":"https:\/\/apuntesdesanluis.com\/index.php\/wp-json\/wp\/v2\/users\/1"}],"replies":[{"embeddable":true,"href":"https:\/\/apuntesdesanluis.com\/index.php\/wp-json\/wp\/v2\/comments?post=9350"}],"version-history":[{"count":5,"href":"https:\/\/apuntesdesanluis.com\/index.php\/wp-json\/wp\/v2\/posts\/9350\/revisions"}],"predecessor-version":[{"id":9357,"href":"https:\/\/apuntesdesanluis.com\/index.php\/wp-json\/wp\/v2\/posts\/9350\/revisions\/9357"}],"wp:featuredmedia":[{"embeddable":true,"href":"https:\/\/apuntesdesanluis.com\/index.php\/wp-json\/wp\/v2\/media\/9352"}],"wp:attachment":[{"href":"https:\/\/apuntesdesanluis.com\/index.php\/wp-json\/wp\/v2\/media?parent=9350"}],"wp:term":[{"taxonomy":"category","embeddable":true,"href":"https:\/\/apuntesdesanluis.com\/index.php\/wp-json\/wp\/v2\/categories?post=9350"},{"taxonomy":"post_tag","embeddable":true,"href":"https:\/\/apuntesdesanluis.com\/index.php\/wp-json\/wp\/v2\/tags?post=9350"}],"curies":[{"name":"wp","href":"https:\/\/api.w.org\/{rel}","templated":true}]}}