{"id":9371,"date":"2024-01-02T21:14:40","date_gmt":"2024-01-03T00:14:40","guid":{"rendered":"https:\/\/apuntesdesanluis.com\/?p=9371"},"modified":"2024-01-02T21:14:40","modified_gmt":"2024-01-03T00:14:40","slug":"ate-no-espera-a-la-cgt-y-convoco-a-una-jornada-nacional-de-lucha-para-el-15-de-enero-por-las-cesantias-en-el-estado","status":"publish","type":"post","link":"https:\/\/apuntesdesanluis.com\/index.php\/2024\/01\/02\/ate-no-espera-a-la-cgt-y-convoco-a-una-jornada-nacional-de-lucha-para-el-15-de-enero-por-las-cesantias-en-el-estado\/","title":{"rendered":"ATE NO ESPERA A LA CGT Y CONVOC\u00d3 A UNA JORNADA NACIONAL DE LUCHA PARA EL 15 DE ENERO POR LAS CESANT\u00cdAS EN EL ESTADO"},"content":{"rendered":"<h3>La conducci\u00f3n del sindicato de estatales de ATE convoc\u00f3 este martes a una &#8220;jornada nacional de lucha&#8221; para el 15 de enero, con paros y movilizaciones en todo el pa\u00eds, en rechazo a las cesant\u00edas dispuestas en el sector p\u00fablico por la gesti\u00f3n de Javier Milei.<\/h3>\n<h3>El gremio adem\u00e1s ratific\u00f3 su adhesi\u00f3n al paro general de la CGT con movilizaci\u00f3n del 24 de este mes, de la que participar\u00e1 con una columna, pero decidi\u00f3 acelerar los tiempos debido a que el Gobierno hizo efectiva la no renovaci\u00f3n de contratos de trabajadores estatales que ingresaron en 2023.<\/h3>\n<h3>&#8220;Los estatales no podemos esperar hasta el 24, necesitamos salir a responder antes a los despidos del Gobierno nacional&#8221;, sostuvo el secretario general de ATE, Rodolfo Aguiar, antes de ingresar al encuentro de la conducci\u00f3n del sindicato que se hizo en el Hotel Quagliaro, perteneciente al sindicato, ubicado en la calle Moreno al 2.600.<\/h3>\n<h3>El 15 de enero coincide con la fecha de fundaci\u00f3n de ATE, mientras que antes, el 10 de este mes, el gremio har\u00e1 una marcha a la ANSES, anticiparon fuentes del sindicato a NA.<\/h3>\n<h3>La modalidad de &#8220;jornada lucha&#8221; fue adoptada para que las seccionales de provincias y municipios puedan adherir bajo el formato m\u00e1s propicio.<\/h3>\n<h3>&#8220;Los que puedan hacer paro lo har\u00e1n y el que pueda hacer solo marcha har\u00e1 eso. Lo decidimos as\u00ed para cubrirnos porque enero es un mes especial por las vacaciones&#8221;, explicaron las mismas fuentes.<\/h3>\n<h3>&#8220;La insensibilidad de este Gobierno es absoluta. Sin que existan causas justificadas y violentando todas las normas, dejan en la calle a miles de familias&#8221;, hab\u00eda apuntado Aguiar horas antes de comunicar la medida.<\/h3>\n<h3>&#8220;Son empresarios que no conocen el funcionamiento del Estado ni tienen la m\u00ednima idea de las necesidades de la gente. Las cesant\u00edas injustificadas y los traslados compulsivos empiezan a afectar el funcionamiento de todos los organismos p\u00fablicos desde las primeras horas de este 2024&#8221;, agreg\u00f3 el dirigente que sucedi\u00f3 el a\u00f1o pasado a Hugo &#8220;Cachorro&#8221; Godoy, quien qued\u00f3 al frente de la CTA Aut\u00f3noma.<\/h3>\n<h3>Y cerr\u00f3: &#8220;Tenemos que seguir rechazando en la calle un DNU y una Ley \u00d3mnibus que nos perjudican a todos y hieren de muerte a nuestra Democracia&#8221;.<\/h3>\n<p>&nbsp;<\/p>\n<p>&nbsp;<\/p>\n<p>&nbsp;<\/p>\n","protected":false},"excerpt":{"rendered":"<p>La conducci\u00f3n del sindicato de estatales de ATE convoc\u00f3 este martes a una &#8220;jornada nacional&#8230;<\/p>\n","protected":false},"author":1,"featured_media":9372,"comment_status":"closed","ping_status":"closed","sticky":false,"template":"","format":"standard","meta":{"footnotes":""},"categories":[5],"tags":[],"class_list":["post-9371","post","type-post","status-publish","format-standard","has-post-thumbnail","hentry","category-nacionales-internacionales"],"yoast_head":"<!-- This site is optimized with the Yoast SEO plugin v26.1.1 - https:\/\/yoast.com\/wordpress\/plugins\/seo\/ -->\n<title>ATE NO ESPERA A LA CGT Y CONVOC\u00d3 A UNA JORNADA NACIONAL DE LUCHA PARA EL 15 DE ENERO POR LAS CESANT\u00cdAS EN EL ESTADO - Apuntes de San Luis<\/title>\n<meta name=\"robots\" content=\"index, follow, max-snippet:-1, max-image-preview:large, max-video-preview:-1\" \/>\n<link rel=\"canonical\" href=\"https:\/\/apuntesdesanluis.com\/index.php\/2024\/01\/02\/ate-no-espera-a-la-cgt-y-convoco-a-una-jornada-nacional-de-lucha-para-el-15-de-enero-por-las-cesantias-en-el-estado\/\" \/>\n<meta property=\"og:locale\" content=\"es_ES\" \/>\n<meta property=\"og:type\" content=\"article\" \/>\n<meta property=\"og:title\" content=\"ATE NO ESPERA A LA CGT Y CONVOC\u00d3 A UNA JORNADA NACIONAL DE LUCHA PARA EL 15 DE ENERO POR LAS CESANT\u00cdAS EN EL ESTADO - Apuntes de San Luis\" \/>\n<meta property=\"og:description\" content=\"La conducci\u00f3n del sindicato de estatales de ATE convoc\u00f3 este martes a una &#8220;jornada nacional...\" \/>\n<meta property=\"og:url\" content=\"https:\/\/apuntesdesanluis.com\/index.php\/2024\/01\/02\/ate-no-espera-a-la-cgt-y-convoco-a-una-jornada-nacional-de-lucha-para-el-15-de-enero-por-las-cesantias-en-el-estado\/\" \/>\n<meta property=\"og:site_name\" content=\"Apuntes de San Luis\" \/>\n<meta property=\"article:published_time\" content=\"2024-01-03T00:14:40+00:00\" \/>\n<meta property=\"og:image\" content=\"https:\/\/apuntesdesanluis.com\/wp-content\/uploads\/2024\/01\/ate.png\" \/>\n\t<meta property=\"og:image:width\" content=\"616\" \/>\n\t<meta property=\"og:image:height\" content=\"408\" \/>\n\t<meta property=\"og:image:type\" content=\"image\/png\" \/>\n<meta name=\"author\" content=\"apuntesdesanluis.com\" \/>\n<meta name=\"twitter:card\" content=\"summary_large_image\" \/>\n<meta name=\"twitter:label1\" content=\"Escrito por\" \/>\n\t<meta name=\"twitter:data1\" content=\"apuntesdesanluis.com\" \/>\n\t<meta name=\"twitter:label2\" content=\"Tiempo de lectura\" \/>\n\t<meta name=\"twitter:data2\" content=\"2 minutos\" \/>\n<script type=\"application\/ld+json\" class=\"yoast-schema-graph\">{\"@context\":\"https:\/\/schema.org\",\"@graph\":[{\"@type\":\"Article\",\"@id\":\"https:\/\/apuntesdesanluis.com\/index.php\/2024\/01\/02\/ate-no-espera-a-la-cgt-y-convoco-a-una-jornada-nacional-de-lucha-para-el-15-de-enero-por-las-cesantias-en-el-estado\/#article\",\"isPartOf\":{\"@id\":\"https:\/\/apuntesdesanluis.com\/index.php\/2024\/01\/02\/ate-no-espera-a-la-cgt-y-convoco-a-una-jornada-nacional-de-lucha-para-el-15-de-enero-por-las-cesantias-en-el-estado\/\"},\"author\":{\"name\":\"apuntesdesanluis.com\",\"@id\":\"https:\/\/apuntesdesanluis.com\/#\/schema\/person\/b55151d52296fcce64d1a72538a70b90\"},\"headline\":\"ATE NO ESPERA A LA CGT Y CONVOC\u00d3 A UNA JORNADA NACIONAL DE LUCHA PARA EL 15 DE ENERO POR LAS CESANT\u00cdAS EN EL ESTADO\",\"datePublished\":\"2024-01-03T00:14:40+00:00\",\"mainEntityOfPage\":{\"@id\":\"https:\/\/apuntesdesanluis.com\/index.php\/2024\/01\/02\/ate-no-espera-a-la-cgt-y-convoco-a-una-jornada-nacional-de-lucha-para-el-15-de-enero-por-las-cesantias-en-el-estado\/\"},\"wordCount\":404,\"publisher\":{\"@id\":\"https:\/\/apuntesdesanluis.com\/#\/schema\/person\/b55151d52296fcce64d1a72538a70b90\"},\"image\":{\"@id\":\"https:\/\/apuntesdesanluis.com\/index.php\/2024\/01\/02\/ate-no-espera-a-la-cgt-y-convoco-a-una-jornada-nacional-de-lucha-para-el-15-de-enero-por-las-cesantias-en-el-estado\/#primaryimage\"},\"thumbnailUrl\":\"https:\/\/apuntesdesanluis.com\/wp-content\/uploads\/2024\/01\/ate.png\",\"articleSection\":[\"Nacionales\/Internacionales\"],\"inLanguage\":\"es-AR\"},{\"@type\":\"WebPage\",\"@id\":\"https:\/\/apuntesdesanluis.com\/index.php\/2024\/01\/02\/ate-no-espera-a-la-cgt-y-convoco-a-una-jornada-nacional-de-lucha-para-el-15-de-enero-por-las-cesantias-en-el-estado\/\",\"url\":\"https:\/\/apuntesdesanluis.com\/index.php\/2024\/01\/02\/ate-no-espera-a-la-cgt-y-convoco-a-una-jornada-nacional-de-lucha-para-el-15-de-enero-por-las-cesantias-en-el-estado\/\",\"name\":\"ATE NO ESPERA A LA CGT Y CONVOC\u00d3 A UNA JORNADA NACIONAL DE LUCHA PARA EL 15 DE ENERO POR LAS CESANT\u00cdAS EN EL ESTADO - Apuntes de San Luis\",\"isPartOf\":{\"@id\":\"https:\/\/apuntesdesanluis.com\/#website\"},\"primaryImageOfPage\":{\"@id\":\"https:\/\/apuntesdesanluis.com\/index.php\/2024\/01\/02\/ate-no-espera-a-la-cgt-y-convoco-a-una-jornada-nacional-de-lucha-para-el-15-de-enero-por-las-cesantias-en-el-estado\/#primaryimage\"},\"image\":{\"@id\":\"https:\/\/apuntesdesanluis.com\/index.php\/2024\/01\/02\/ate-no-espera-a-la-cgt-y-convoco-a-una-jornada-nacional-de-lucha-para-el-15-de-enero-por-las-cesantias-en-el-estado\/#primaryimage\"},\"thumbnailUrl\":\"https:\/\/apuntesdesanluis.com\/wp-content\/uploads\/2024\/01\/ate.png\",\"datePublished\":\"2024-01-03T00:14:40+00:00\",\"breadcrumb\":{\"@id\":\"https:\/\/apuntesdesanluis.com\/index.php\/2024\/01\/02\/ate-no-espera-a-la-cgt-y-convoco-a-una-jornada-nacional-de-lucha-para-el-15-de-enero-por-las-cesantias-en-el-estado\/#breadcrumb\"},\"inLanguage\":\"es-AR\",\"potentialAction\":[{\"@type\":\"ReadAction\",\"target\":[\"https:\/\/apuntesdesanluis.com\/index.php\/2024\/01\/02\/ate-no-espera-a-la-cgt-y-convoco-a-una-jornada-nacional-de-lucha-para-el-15-de-enero-por-las-cesantias-en-el-estado\/\"]}]},{\"@type\":\"ImageObject\",\"inLanguage\":\"es-AR\",\"@id\":\"https:\/\/apuntesdesanluis.com\/index.php\/2024\/01\/02\/ate-no-espera-a-la-cgt-y-convoco-a-una-jornada-nacional-de-lucha-para-el-15-de-enero-por-las-cesantias-en-el-estado\/#primaryimage\",\"url\":\"https:\/\/apuntesdesanluis.com\/wp-content\/uploads\/2024\/01\/ate.png\",\"contentUrl\":\"https:\/\/apuntesdesanluis.com\/wp-content\/uploads\/2024\/01\/ate.png\",\"width\":616,\"height\":408},{\"@type\":\"BreadcrumbList\",\"@id\":\"https:\/\/apuntesdesanluis.com\/index.php\/2024\/01\/02\/ate-no-espera-a-la-cgt-y-convoco-a-una-jornada-nacional-de-lucha-para-el-15-de-enero-por-las-cesantias-en-el-estado\/#breadcrumb\",\"itemListElement\":[{\"@type\":\"ListItem\",\"position\":1,\"name\":\"Inicio\",\"item\":\"https:\/\/apuntesdesanluis.com\/\"},{\"@type\":\"ListItem\",\"position\":2,\"name\":\"ATE NO ESPERA A LA CGT Y CONVOC\u00d3 A UNA JORNADA NACIONAL DE LUCHA PARA EL 15 DE ENERO POR LAS CESANT\u00cdAS EN EL ESTADO\"}]},{\"@type\":\"WebSite\",\"@id\":\"https:\/\/apuntesdesanluis.com\/#website\",\"url\":\"https:\/\/apuntesdesanluis.com\/\",\"name\":\"Apuntes de San Luis\",\"description\":\"\",\"publisher\":{\"@id\":\"https:\/\/apuntesdesanluis.com\/#\/schema\/person\/b55151d52296fcce64d1a72538a70b90\"},\"potentialAction\":[{\"@type\":\"SearchAction\",\"target\":{\"@type\":\"EntryPoint\",\"urlTemplate\":\"https:\/\/apuntesdesanluis.com\/?s={search_term_string}\"},\"query-input\":{\"@type\":\"PropertyValueSpecification\",\"valueRequired\":true,\"valueName\":\"search_term_string\"}}],\"inLanguage\":\"es-AR\"},{\"@type\":[\"Person\",\"Organization\"],\"@id\":\"https:\/\/apuntesdesanluis.com\/#\/schema\/person\/b55151d52296fcce64d1a72538a70b90\",\"name\":\"apuntesdesanluis.com\",\"image\":{\"@type\":\"ImageObject\",\"inLanguage\":\"es-AR\",\"@id\":\"https:\/\/apuntesdesanluis.com\/#\/schema\/person\/image\/\",\"url\":\"https:\/\/apuntesdesanluis.com\/wp-content\/uploads\/2023\/07\/cropped-apuntesdesanluis.png\",\"contentUrl\":\"https:\/\/apuntesdesanluis.com\/wp-content\/uploads\/2023\/07\/cropped-apuntesdesanluis.png\",\"width\":450,\"height\":112,\"caption\":\"apuntesdesanluis.com\"},\"logo\":{\"@id\":\"https:\/\/apuntesdesanluis.com\/#\/schema\/person\/image\/\"},\"sameAs\":[\"https:\/\/apuntesdesanluis.com\"],\"url\":\"https:\/\/apuntesdesanluis.com\/index.php\/author\/apuntesdesanluis-com\/\"}]}<\/script>\n<!-- \/ Yoast SEO plugin. -->","yoast_head_json":{"title":"ATE NO ESPERA A LA CGT Y CONVOC\u00d3 A UNA JORNADA NACIONAL DE LUCHA PARA EL 15 DE ENERO POR LAS CESANT\u00cdAS EN EL ESTADO - Apuntes de San Luis","robots":{"index":"index","follow":"follow","max-snippet":"max-snippet:-1","max-image-preview":"max-image-preview:large","max-video-preview":"max-video-preview:-1"},"canonical":"https:\/\/apuntesdesanluis.com\/index.php\/2024\/01\/02\/ate-no-espera-a-la-cgt-y-convoco-a-una-jornada-nacional-de-lucha-para-el-15-de-enero-por-las-cesantias-en-el-estado\/","og_locale":"es_ES","og_type":"article","og_title":"ATE NO ESPERA A LA CGT Y CONVOC\u00d3 A UNA JORNADA NACIONAL DE LUCHA PARA EL 15 DE ENERO POR LAS CESANT\u00cdAS EN EL ESTADO - Apuntes de San Luis","og_description":"La conducci\u00f3n del sindicato de estatales de ATE convoc\u00f3 este martes a una &#8220;jornada nacional...","og_url":"https:\/\/apuntesdesanluis.com\/index.php\/2024\/01\/02\/ate-no-espera-a-la-cgt-y-convoco-a-una-jornada-nacional-de-lucha-para-el-15-de-enero-por-las-cesantias-en-el-estado\/","og_site_name":"Apuntes de San Luis","article_published_time":"2024-01-03T00:14:40+00:00","og_image":[{"width":616,"height":408,"url":"https:\/\/apuntesdesanluis.com\/wp-content\/uploads\/2024\/01\/ate.png","type":"image\/png"}],"author":"apuntesdesanluis.com","twitter_card":"summary_large_image","twitter_misc":{"Escrito por":"apuntesdesanluis.com","Tiempo de lectura":"2 minutos"},"schema":{"@context":"https:\/\/schema.org","@graph":[{"@type":"Article","@id":"https:\/\/apuntesdesanluis.com\/index.php\/2024\/01\/02\/ate-no-espera-a-la-cgt-y-convoco-a-una-jornada-nacional-de-lucha-para-el-15-de-enero-por-las-cesantias-en-el-estado\/#article","isPartOf":{"@id":"https:\/\/apuntesdesanluis.com\/index.php\/2024\/01\/02\/ate-no-espera-a-la-cgt-y-convoco-a-una-jornada-nacional-de-lucha-para-el-15-de-enero-por-las-cesantias-en-el-estado\/"},"author":{"name":"apuntesdesanluis.com","@id":"https:\/\/apuntesdesanluis.com\/#\/schema\/person\/b55151d52296fcce64d1a72538a70b90"},"headline":"ATE NO ESPERA A LA CGT Y CONVOC\u00d3 A UNA JORNADA NACIONAL DE LUCHA PARA EL 15 DE ENERO POR LAS CESANT\u00cdAS EN EL ESTADO","datePublished":"2024-01-03T00:14:40+00:00","mainEntityOfPage":{"@id":"https:\/\/apuntesdesanluis.com\/index.php\/2024\/01\/02\/ate-no-espera-a-la-cgt-y-convoco-a-una-jornada-nacional-de-lucha-para-el-15-de-enero-por-las-cesantias-en-el-estado\/"},"wordCount":404,"publisher":{"@id":"https:\/\/apuntesdesanluis.com\/#\/schema\/person\/b55151d52296fcce64d1a72538a70b90"},"image":{"@id":"https:\/\/apuntesdesanluis.com\/index.php\/2024\/01\/02\/ate-no-espera-a-la-cgt-y-convoco-a-una-jornada-nacional-de-lucha-para-el-15-de-enero-por-las-cesantias-en-el-estado\/#primaryimage"},"thumbnailUrl":"https:\/\/apuntesdesanluis.com\/wp-content\/uploads\/2024\/01\/ate.png","articleSection":["Nacionales\/Internacionales"],"inLanguage":"es-AR"},{"@type":"WebPage","@id":"https:\/\/apuntesdesanluis.com\/index.php\/2024\/01\/02\/ate-no-espera-a-la-cgt-y-convoco-a-una-jornada-nacional-de-lucha-para-el-15-de-enero-por-las-cesantias-en-el-estado\/","url":"https:\/\/apuntesdesanluis.com\/index.php\/2024\/01\/02\/ate-no-espera-a-la-cgt-y-convoco-a-una-jornada-nacional-de-lucha-para-el-15-de-enero-por-las-cesantias-en-el-estado\/","name":"ATE NO ESPERA A LA CGT Y CONVOC\u00d3 A UNA JORNADA NACIONAL DE LUCHA PARA EL 15 DE ENERO POR LAS CESANT\u00cdAS EN EL ESTADO - Apuntes de San Luis","isPartOf":{"@id":"https:\/\/apuntesdesanluis.com\/#website"},"primaryImageOfPage":{"@id":"https:\/\/apuntesdesanluis.com\/index.php\/2024\/01\/02\/ate-no-espera-a-la-cgt-y-convoco-a-una-jornada-nacional-de-lucha-para-el-15-de-enero-por-las-cesantias-en-el-estado\/#primaryimage"},"image":{"@id":"https:\/\/apuntesdesanluis.com\/index.php\/2024\/01\/02\/ate-no-espera-a-la-cgt-y-convoco-a-una-jornada-nacional-de-lucha-para-el-15-de-enero-por-las-cesantias-en-el-estado\/#primaryimage"},"thumbnailUrl":"https:\/\/apuntesdesanluis.com\/wp-content\/uploads\/2024\/01\/ate.png","datePublished":"2024-01-03T00:14:40+00:00","breadcrumb":{"@id":"https:\/\/apuntesdesanluis.com\/index.php\/2024\/01\/02\/ate-no-espera-a-la-cgt-y-convoco-a-una-jornada-nacional-de-lucha-para-el-15-de-enero-por-las-cesantias-en-el-estado\/#breadcrumb"},"inLanguage":"es-AR","potentialAction":[{"@type":"ReadAction","target":["https:\/\/apuntesdesanluis.com\/index.php\/2024\/01\/02\/ate-no-espera-a-la-cgt-y-convoco-a-una-jornada-nacional-de-lucha-para-el-15-de-enero-por-las-cesantias-en-el-estado\/"]}]},{"@type":"ImageObject","inLanguage":"es-AR","@id":"https:\/\/apuntesdesanluis.com\/index.php\/2024\/01\/02\/ate-no-espera-a-la-cgt-y-convoco-a-una-jornada-nacional-de-lucha-para-el-15-de-enero-por-las-cesantias-en-el-estado\/#primaryimage","url":"https:\/\/apuntesdesanluis.com\/wp-content\/uploads\/2024\/01\/ate.png","contentUrl":"https:\/\/apuntesdesanluis.com\/wp-content\/uploads\/2024\/01\/ate.png","width":616,"height":408},{"@type":"BreadcrumbList","@id":"https:\/\/apuntesdesanluis.com\/index.php\/2024\/01\/02\/ate-no-espera-a-la-cgt-y-convoco-a-una-jornada-nacional-de-lucha-para-el-15-de-enero-por-las-cesantias-en-el-estado\/#breadcrumb","itemListElement":[{"@type":"ListItem","position":1,"name":"Inicio","item":"https:\/\/apuntesdesanluis.com\/"},{"@type":"ListItem","position":2,"name":"ATE NO ESPERA A LA CGT Y CONVOC\u00d3 A UNA JORNADA NACIONAL DE LUCHA PARA EL 15 DE ENERO POR LAS CESANT\u00cdAS EN EL ESTADO"}]},{"@type":"WebSite","@id":"https:\/\/apuntesdesanluis.com\/#website","url":"https:\/\/apuntesdesanluis.com\/","name":"Apuntes de San Luis","description":"","publisher":{"@id":"https:\/\/apuntesdesanluis.com\/#\/schema\/person\/b55151d52296fcce64d1a72538a70b90"},"potentialAction":[{"@type":"SearchAction","target":{"@type":"EntryPoint","urlTemplate":"https:\/\/apuntesdesanluis.com\/?s={search_term_string}"},"query-input":{"@type":"PropertyValueSpecification","valueRequired":true,"valueName":"search_term_string"}}],"inLanguage":"es-AR"},{"@type":["Person","Organization"],"@id":"https:\/\/apuntesdesanluis.com\/#\/schema\/person\/b55151d52296fcce64d1a72538a70b90","name":"apuntesdesanluis.com","image":{"@type":"ImageObject","inLanguage":"es-AR","@id":"https:\/\/apuntesdesanluis.com\/#\/schema\/person\/image\/","url":"https:\/\/apuntesdesanluis.com\/wp-content\/uploads\/2023\/07\/cropped-apuntesdesanluis.png","contentUrl":"https:\/\/apuntesdesanluis.com\/wp-content\/uploads\/2023\/07\/cropped-apuntesdesanluis.png","width":450,"height":112,"caption":"apuntesdesanluis.com"},"logo":{"@id":"https:\/\/apuntesdesanluis.com\/#\/schema\/person\/image\/"},"sameAs":["https:\/\/apuntesdesanluis.com"],"url":"https:\/\/apuntesdesanluis.com\/index.php\/author\/apuntesdesanluis-com\/"}]}},"featured_image_urls":{"full":["https:\/\/apuntesdesanluis.com\/wp-content\/uploads\/2024\/01\/ate.png",616,408,false],"thumbnail":["https:\/\/apuntesdesanluis.com\/wp-content\/uploads\/2024\/01\/ate-150x150.png",150,150,true],"medium":["https:\/\/apuntesdesanluis.com\/wp-content\/uploads\/2024\/01\/ate-300x199.png",300,199,true],"medium_large":["https:\/\/apuntesdesanluis.com\/wp-content\/uploads\/2024\/01\/ate.png",616,408,false],"large":["https:\/\/apuntesdesanluis.com\/wp-content\/uploads\/2024\/01\/ate.png",616,408,false],"1536x1536":["https:\/\/apuntesdesanluis.com\/wp-content\/uploads\/2024\/01\/ate.png",616,408,false],"2048x2048":["https:\/\/apuntesdesanluis.com\/wp-content\/uploads\/2024\/01\/ate.png",616,408,false],"newsever-slider-full":["https:\/\/apuntesdesanluis.com\/wp-content\/uploads\/2024\/01\/ate.png",616,408,false],"newsever-featured":["https:\/\/apuntesdesanluis.com\/wp-content\/uploads\/2024\/01\/ate.png",616,408,false],"newsever-medium":["https:\/\/apuntesdesanluis.com\/wp-content\/uploads\/2024\/01\/ate.png",616,408,false]},"author_info":{"display_name":"apuntesdesanluis.com","author_link":"https:\/\/apuntesdesanluis.com\/index.php\/author\/apuntesdesanluis-com\/"},"category_info":"<a href=\"https:\/\/apuntesdesanluis.com\/index.php\/category\/nacionales-internacionales\/\" rel=\"category tag\">Nacionales\/Internacionales<\/a>","tag_info":"Nacionales\/Internacionales","comment_count":"0","_links":{"self":[{"href":"https:\/\/apuntesdesanluis.com\/index.php\/wp-json\/wp\/v2\/posts\/9371","targetHints":{"allow":["GET"]}}],"collection":[{"href":"https:\/\/apuntesdesanluis.com\/index.php\/wp-json\/wp\/v2\/posts"}],"about":[{"href":"https:\/\/apuntesdesanluis.com\/index.php\/wp-json\/wp\/v2\/types\/post"}],"author":[{"embeddable":true,"href":"https:\/\/apuntesdesanluis.com\/index.php\/wp-json\/wp\/v2\/users\/1"}],"replies":[{"embeddable":true,"href":"https:\/\/apuntesdesanluis.com\/index.php\/wp-json\/wp\/v2\/comments?post=9371"}],"version-history":[{"count":1,"href":"https:\/\/apuntesdesanluis.com\/index.php\/wp-json\/wp\/v2\/posts\/9371\/revisions"}],"predecessor-version":[{"id":9373,"href":"https:\/\/apuntesdesanluis.com\/index.php\/wp-json\/wp\/v2\/posts\/9371\/revisions\/9373"}],"wp:featuredmedia":[{"embeddable":true,"href":"https:\/\/apuntesdesanluis.com\/index.php\/wp-json\/wp\/v2\/media\/9372"}],"wp:attachment":[{"href":"https:\/\/apuntesdesanluis.com\/index.php\/wp-json\/wp\/v2\/media?parent=9371"}],"wp:term":[{"taxonomy":"category","embeddable":true,"href":"https:\/\/apuntesdesanluis.com\/index.php\/wp-json\/wp\/v2\/categories?post=9371"},{"taxonomy":"post_tag","embeddable":true,"href":"https:\/\/apuntesdesanluis.com\/index.php\/wp-json\/wp\/v2\/tags?post=9371"}],"curies":[{"name":"wp","href":"https:\/\/api.w.org\/{rel}","templated":true}]}}