{"id":9385,"date":"2024-01-02T21:56:40","date_gmt":"2024-01-03T00:56:40","guid":{"rendered":"https:\/\/apuntesdesanluis.com\/?p=9385"},"modified":"2024-01-02T21:56:40","modified_gmt":"2024-01-03T00:56:40","slug":"la-justicia-habilito-la-feria-judicial-para-tratar-el-amparo-de-la-cgt-contra-el-dnu-de-javier-milei","status":"publish","type":"post","link":"https:\/\/apuntesdesanluis.com\/index.php\/2024\/01\/02\/la-justicia-habilito-la-feria-judicial-para-tratar-el-amparo-de-la-cgt-contra-el-dnu-de-javier-milei\/","title":{"rendered":"LA JUSTICIA HABILIT\u00d3 LA FERIA JUDICIAL PARA TRATAR EL AMPARO DE LA CGT CONTRA EL DNU DE JAVIER MILEI"},"content":{"rendered":"<h3>La C\u00e1mara Nacional de Apelaciones del Trabajo habilit\u00f3 hoy la feria judicial para tratar durante el receso de enero el pedido de la Confederaci\u00f3n General del Trabajo (CGT) para que se dejen sin efecto las reformas al r\u00e9gimen laboral que fueron introducidas en el decreto de necesidad y urgencia (DNU) 70 que dict\u00f3 el presidente <strong>Javier Milei<\/strong> para desregularizar la econom\u00eda y que entr\u00f3 en vigencia el viernes pasado.<\/h3>\n<h3>La entidad sindical record\u00f3 que el DNU ya est\u00e1 en vigencia. \u201cEs evidente, entonces, la necesidad de privar de efectos temporales a un decreto cuya invalidez posee una intensa verosimilitud del derecho como ya se ha sostenido y que expresa, en el presente, toda su potencialidad para acarrear los perjuicios detallados\u201d, explicaron los abogados.<\/h3>\n<h3>La C\u00e1mara del Trabajo acept\u00f3 el planteo. Los camaristas Mar\u00eda Dora Gonz\u00e1lez y Alejandro Sudera explicaron que \u201cfrente a las particularidades del caso, lo tra\u00eddo a consideraci\u00f3n amerita la apertura de la habilitaci\u00f3n de la feria judicial solicitada, lo que as\u00ed se resuelve\u201d. As\u00ed, el tribunal analizar\u00e1 el pedido para suspender los efectos del DNU. Antes de eso le pidi\u00f3 opini\u00f3n a la Fiscal\u00eda General.<\/h3>\n<h3>La entidad sindical -que la semana pasada hizo una marcha al Palacio de Tribunales contra el DNU y que anunci\u00f3 un paro general de 12 horas para el 24 de enero- reclama que se declare la inconstitucionalidad de las reformas laborales que aplica del DNU y que est\u00e1n en vigencia desde el viernes pasado. El caso tuvo una primera resoluci\u00f3n: el juez laboral Jos\u00e9 Ignacio Ramonet rechaz\u00f3 la semana pasada una medida precautelar para suspender el DNU. Lo hizo al se\u00f1alar que el DNU no estaba en vigencia y acept\u00f3 la competencia del fuero para tramitar el caso. Tambi\u00e9n le dio al gobierno nacional tres d\u00edas para responder la demanda.<\/h3>\n<h3>Pero lo que el gobierno hizo fue presentarse en el fuero contencioso administrativo federal para pedir que ese tribunal intervenga en el amparo de la CGT porque all\u00ed se tramita un proceso colectivo. El juez contencioso Esteban Furnari acept\u00f3 el planteo y le reclam\u00f3 al fuero laboral la causa de la CGT. Pero la entidad sindical apel\u00f3 esa decisi\u00f3n al igual que el rechazo a suspender el DNU. Todo est\u00e1 bajo revisi\u00f3n.<\/h3>\n<h3>El fiscal general de la C\u00e1mara Laboral, Juan Manuel Dom\u00ednguez, dictamin\u00f3 esta tarde que debe ser la C\u00e1mara en lo Contencioso Administrativo Federal la que debe resolver si la causa de la CGT tramita en ese fuero, dentro del amparo colectivo, o si se mantiene en el fuero laboral.<\/h3>\n<h3>El amparo colectivo lo inici\u00f3 la Asociaci\u00f3n Civil Observatorio del Derecho a la Ciudad, CTA y ATE, entre otros, y el juez Furnari le dio esa calidad, por lo que la discusi\u00f3n es si ese expediente toma a todos los dem\u00e1s. Uno de los amparos que se incorpor\u00f3 fue el de Jorge Rizzo, actual integrante del Consejo de la Magistratura de la ciudad de Buenos Aires y ex presidente del Colegio P\u00fablico de Abogados, quien hoy pidi\u00f3 que se habilite la feria judicial.<\/h3>\n<h3>\u00a0\u201cEs inocultable que el caso reviste una gravedad institucional inusitada, pues con el dictado del DNU se encuentra comprometido una instituci\u00f3n b\u00e1sica del sistema republicano y representativo de gobierno que establece la Constituci\u00f3n, que no es m\u00e1s ni menos el irrestricto respeto a la divisi\u00f3n de poderes\u201d, sostuvo Rizzo y agreg\u00f3 que el caso presenta una \u201cgravedad institucional\u201d que amerita habilitar la feria.<\/h3>\n<h3>El abogado tambi\u00e9n se\u00f1al\u00f3 entre sus argumentos que \u201clos efectos del DNU han comenzado a tener eficacia, convalid\u00e1ndose aunque sea transitoriamente los efectos jur\u00eddicos de los actos realizados en su virtud, por m\u00e1s que luego sea confirmada la tacha de inconstitucionalidad que se persigue, lo que genera un evidente estado de inseguridad jur\u00eddica, una de las madres de la gravedad institucional\u201d.<\/h3>\n<h3>\u201cEs a todas luces evidente que s\u00ed el tratamiento de un Decreto no admite demoras, menos demora aun admite el tratamiento de un DECRETO DE NECESIDAD Y URGENCIA. Si hay necesidad y urgencia para la convalidaci\u00f3n del Decreto, hay necesidad y urgencia para pronunciarse sobre la medida peticionada tendiente a suspender sus efectos en raz\u00f3n de resultar dicho acto administrativo un acto nulo, de nulidad absoluta e insaneable\u201d, expuso Rizzo que adem\u00e1s insisti\u00f3 en su planteo de que se dicte una medida cautelar que suspenda los efectos del DNU hasta que se analice su inconstitucionalidad.<\/h3>\n<h3>El amparo colectivo ahora est\u00e1 a cargo del juez en lo contencioso administrativo federal Enrique Lavi\u00e9 Pico, que es el magistrado de primera instancia durante la feria de enero y quien tendr\u00e1 que resolver el pedido.<\/h3>\n<h3>Otra causa iniciada contra el amparo la hizo el abogado constitucionalista Andr\u00e9s Gil Dom\u00ednguez, quien hoy tambi\u00e9n pidi\u00f3 que se habilite la feria judicial. Gil Dom\u00ednguez se\u00f1al\u00f3 que la causa se debe tramitar durante el receso porque \u201cno admite demora alguna por cuanto estamos ante una objetiva situaci\u00f3n de gravedad institucional\u201d. \u201cEl DNU N\u00ba 70\/2023 se encuentra vigente y surtiendo plenos efectos en las relaciones jur\u00eddicas horizontales entre los particulares y verticales entre los particulares y el Estado generado un da\u00f1o constitucional irreparable\u201d, agreg\u00f3.<\/h3>\n<h3>Entre las varias causas en tr\u00e1mite contra el DNU en la que se pide su inconstitucionalidad ya hay dos en las que se habilit\u00f3 la feria, adem\u00e1s de la de la CGT. Una se trata de un amparo iniciado en la provincia de San Juan y el segundo en la justicia federal de Lomas de Zamora. En ese expediente el juez federal Juan Pablo Auge habilit\u00f3 la feria pero dispuso que su causa pase a integrar el amparo colectivo que se inici\u00f3 en el fuero contencioso administrativo federal y que est\u00e1 recibiendo varias de las causas.<\/h3>\n<h3>Pero por otra parte, la Corte Suprema de Justicia de la Naci\u00f3n resolvi\u00f3 que intervendr\u00e1 en la causa que recibi\u00f3 reci\u00e9n en febrero, con el regreso de la actividad judicial. Es en la causa que inici\u00f3 el gobernador de La Rioja, Ricardo Quintela, contra el DNU y en la que pidi\u00f3 que se habilite la feria judicial.<\/h3>\n<p>&nbsp;<\/p>\n<p>&nbsp;<\/p>\n","protected":false},"excerpt":{"rendered":"<p>La C\u00e1mara Nacional de Apelaciones del Trabajo habilit\u00f3 hoy la feria judicial para tratar durante&#8230;<\/p>\n","protected":false},"author":1,"featured_media":9172,"comment_status":"closed","ping_status":"closed","sticky":false,"template":"","format":"standard","meta":{"footnotes":""},"categories":[5],"tags":[],"class_list":["post-9385","post","type-post","status-publish","format-standard","has-post-thumbnail","hentry","category-nacionales-internacionales"],"yoast_head":"<!-- This site is optimized with the Yoast SEO plugin v26.1.1 - https:\/\/yoast.com\/wordpress\/plugins\/seo\/ -->\n<title>LA JUSTICIA HABILIT\u00d3 LA FERIA JUDICIAL PARA TRATAR EL AMPARO DE LA CGT CONTRA EL DNU DE JAVIER MILEI - Apuntes de San Luis<\/title>\n<meta name=\"robots\" content=\"index, follow, max-snippet:-1, max-image-preview:large, max-video-preview:-1\" \/>\n<link rel=\"canonical\" href=\"https:\/\/apuntesdesanluis.com\/index.php\/2024\/01\/02\/la-justicia-habilito-la-feria-judicial-para-tratar-el-amparo-de-la-cgt-contra-el-dnu-de-javier-milei\/\" \/>\n<meta property=\"og:locale\" content=\"es_ES\" \/>\n<meta property=\"og:type\" content=\"article\" \/>\n<meta property=\"og:title\" content=\"LA JUSTICIA HABILIT\u00d3 LA FERIA JUDICIAL PARA TRATAR EL AMPARO DE LA CGT CONTRA EL DNU DE JAVIER MILEI - Apuntes de San Luis\" \/>\n<meta property=\"og:description\" content=\"La C\u00e1mara Nacional de Apelaciones del Trabajo habilit\u00f3 hoy la feria judicial para tratar durante...\" \/>\n<meta property=\"og:url\" content=\"https:\/\/apuntesdesanluis.com\/index.php\/2024\/01\/02\/la-justicia-habilito-la-feria-judicial-para-tratar-el-amparo-de-la-cgt-contra-el-dnu-de-javier-milei\/\" \/>\n<meta property=\"og:site_name\" content=\"Apuntes de San Luis\" \/>\n<meta property=\"article:published_time\" content=\"2024-01-03T00:56:40+00:00\" \/>\n<meta property=\"og:image\" content=\"https:\/\/apuntesdesanluis.com\/wp-content\/uploads\/2023\/12\/CGT.png\" \/>\n\t<meta property=\"og:image:width\" content=\"600\" \/>\n\t<meta property=\"og:image:height\" content=\"339\" \/>\n\t<meta property=\"og:image:type\" content=\"image\/png\" \/>\n<meta name=\"author\" content=\"apuntesdesanluis.com\" \/>\n<meta name=\"twitter:card\" content=\"summary_large_image\" \/>\n<meta name=\"twitter:label1\" content=\"Escrito por\" \/>\n\t<meta name=\"twitter:data1\" content=\"apuntesdesanluis.com\" \/>\n\t<meta name=\"twitter:label2\" content=\"Tiempo de lectura\" \/>\n\t<meta name=\"twitter:data2\" content=\"5 minutos\" \/>\n<script type=\"application\/ld+json\" class=\"yoast-schema-graph\">{\"@context\":\"https:\/\/schema.org\",\"@graph\":[{\"@type\":\"Article\",\"@id\":\"https:\/\/apuntesdesanluis.com\/index.php\/2024\/01\/02\/la-justicia-habilito-la-feria-judicial-para-tratar-el-amparo-de-la-cgt-contra-el-dnu-de-javier-milei\/#article\",\"isPartOf\":{\"@id\":\"https:\/\/apuntesdesanluis.com\/index.php\/2024\/01\/02\/la-justicia-habilito-la-feria-judicial-para-tratar-el-amparo-de-la-cgt-contra-el-dnu-de-javier-milei\/\"},\"author\":{\"name\":\"apuntesdesanluis.com\",\"@id\":\"https:\/\/apuntesdesanluis.com\/#\/schema\/person\/b55151d52296fcce64d1a72538a70b90\"},\"headline\":\"LA JUSTICIA HABILIT\u00d3 LA FERIA JUDICIAL PARA TRATAR EL AMPARO DE LA CGT CONTRA EL DNU DE JAVIER MILEI\",\"datePublished\":\"2024-01-03T00:56:40+00:00\",\"mainEntityOfPage\":{\"@id\":\"https:\/\/apuntesdesanluis.com\/index.php\/2024\/01\/02\/la-justicia-habilito-la-feria-judicial-para-tratar-el-amparo-de-la-cgt-contra-el-dnu-de-javier-milei\/\"},\"wordCount\":1063,\"publisher\":{\"@id\":\"https:\/\/apuntesdesanluis.com\/#\/schema\/person\/b55151d52296fcce64d1a72538a70b90\"},\"image\":{\"@id\":\"https:\/\/apuntesdesanluis.com\/index.php\/2024\/01\/02\/la-justicia-habilito-la-feria-judicial-para-tratar-el-amparo-de-la-cgt-contra-el-dnu-de-javier-milei\/#primaryimage\"},\"thumbnailUrl\":\"https:\/\/apuntesdesanluis.com\/wp-content\/uploads\/2023\/12\/CGT.png\",\"articleSection\":[\"Nacionales\/Internacionales\"],\"inLanguage\":\"es-AR\"},{\"@type\":\"WebPage\",\"@id\":\"https:\/\/apuntesdesanluis.com\/index.php\/2024\/01\/02\/la-justicia-habilito-la-feria-judicial-para-tratar-el-amparo-de-la-cgt-contra-el-dnu-de-javier-milei\/\",\"url\":\"https:\/\/apuntesdesanluis.com\/index.php\/2024\/01\/02\/la-justicia-habilito-la-feria-judicial-para-tratar-el-amparo-de-la-cgt-contra-el-dnu-de-javier-milei\/\",\"name\":\"LA JUSTICIA HABILIT\u00d3 LA FERIA JUDICIAL PARA TRATAR EL AMPARO DE LA CGT CONTRA EL DNU DE JAVIER MILEI - Apuntes de San Luis\",\"isPartOf\":{\"@id\":\"https:\/\/apuntesdesanluis.com\/#website\"},\"primaryImageOfPage\":{\"@id\":\"https:\/\/apuntesdesanluis.com\/index.php\/2024\/01\/02\/la-justicia-habilito-la-feria-judicial-para-tratar-el-amparo-de-la-cgt-contra-el-dnu-de-javier-milei\/#primaryimage\"},\"image\":{\"@id\":\"https:\/\/apuntesdesanluis.com\/index.php\/2024\/01\/02\/la-justicia-habilito-la-feria-judicial-para-tratar-el-amparo-de-la-cgt-contra-el-dnu-de-javier-milei\/#primaryimage\"},\"thumbnailUrl\":\"https:\/\/apuntesdesanluis.com\/wp-content\/uploads\/2023\/12\/CGT.png\",\"datePublished\":\"2024-01-03T00:56:40+00:00\",\"breadcrumb\":{\"@id\":\"https:\/\/apuntesdesanluis.com\/index.php\/2024\/01\/02\/la-justicia-habilito-la-feria-judicial-para-tratar-el-amparo-de-la-cgt-contra-el-dnu-de-javier-milei\/#breadcrumb\"},\"inLanguage\":\"es-AR\",\"potentialAction\":[{\"@type\":\"ReadAction\",\"target\":[\"https:\/\/apuntesdesanluis.com\/index.php\/2024\/01\/02\/la-justicia-habilito-la-feria-judicial-para-tratar-el-amparo-de-la-cgt-contra-el-dnu-de-javier-milei\/\"]}]},{\"@type\":\"ImageObject\",\"inLanguage\":\"es-AR\",\"@id\":\"https:\/\/apuntesdesanluis.com\/index.php\/2024\/01\/02\/la-justicia-habilito-la-feria-judicial-para-tratar-el-amparo-de-la-cgt-contra-el-dnu-de-javier-milei\/#primaryimage\",\"url\":\"https:\/\/apuntesdesanluis.com\/wp-content\/uploads\/2023\/12\/CGT.png\",\"contentUrl\":\"https:\/\/apuntesdesanluis.com\/wp-content\/uploads\/2023\/12\/CGT.png\",\"width\":600,\"height\":339},{\"@type\":\"BreadcrumbList\",\"@id\":\"https:\/\/apuntesdesanluis.com\/index.php\/2024\/01\/02\/la-justicia-habilito-la-feria-judicial-para-tratar-el-amparo-de-la-cgt-contra-el-dnu-de-javier-milei\/#breadcrumb\",\"itemListElement\":[{\"@type\":\"ListItem\",\"position\":1,\"name\":\"Inicio\",\"item\":\"https:\/\/apuntesdesanluis.com\/\"},{\"@type\":\"ListItem\",\"position\":2,\"name\":\"LA JUSTICIA HABILIT\u00d3 LA FERIA JUDICIAL PARA TRATAR EL AMPARO DE LA CGT CONTRA EL DNU DE JAVIER MILEI\"}]},{\"@type\":\"WebSite\",\"@id\":\"https:\/\/apuntesdesanluis.com\/#website\",\"url\":\"https:\/\/apuntesdesanluis.com\/\",\"name\":\"Apuntes de San Luis\",\"description\":\"\",\"publisher\":{\"@id\":\"https:\/\/apuntesdesanluis.com\/#\/schema\/person\/b55151d52296fcce64d1a72538a70b90\"},\"potentialAction\":[{\"@type\":\"SearchAction\",\"target\":{\"@type\":\"EntryPoint\",\"urlTemplate\":\"https:\/\/apuntesdesanluis.com\/?s={search_term_string}\"},\"query-input\":{\"@type\":\"PropertyValueSpecification\",\"valueRequired\":true,\"valueName\":\"search_term_string\"}}],\"inLanguage\":\"es-AR\"},{\"@type\":[\"Person\",\"Organization\"],\"@id\":\"https:\/\/apuntesdesanluis.com\/#\/schema\/person\/b55151d52296fcce64d1a72538a70b90\",\"name\":\"apuntesdesanluis.com\",\"image\":{\"@type\":\"ImageObject\",\"inLanguage\":\"es-AR\",\"@id\":\"https:\/\/apuntesdesanluis.com\/#\/schema\/person\/image\/\",\"url\":\"https:\/\/apuntesdesanluis.com\/wp-content\/uploads\/2023\/07\/cropped-apuntesdesanluis.png\",\"contentUrl\":\"https:\/\/apuntesdesanluis.com\/wp-content\/uploads\/2023\/07\/cropped-apuntesdesanluis.png\",\"width\":450,\"height\":112,\"caption\":\"apuntesdesanluis.com\"},\"logo\":{\"@id\":\"https:\/\/apuntesdesanluis.com\/#\/schema\/person\/image\/\"},\"sameAs\":[\"https:\/\/apuntesdesanluis.com\"],\"url\":\"https:\/\/apuntesdesanluis.com\/index.php\/author\/apuntesdesanluis-com\/\"}]}<\/script>\n<!-- \/ Yoast SEO plugin. -->","yoast_head_json":{"title":"LA JUSTICIA HABILIT\u00d3 LA FERIA JUDICIAL PARA TRATAR EL AMPARO DE LA CGT CONTRA EL DNU DE JAVIER MILEI - Apuntes de San Luis","robots":{"index":"index","follow":"follow","max-snippet":"max-snippet:-1","max-image-preview":"max-image-preview:large","max-video-preview":"max-video-preview:-1"},"canonical":"https:\/\/apuntesdesanluis.com\/index.php\/2024\/01\/02\/la-justicia-habilito-la-feria-judicial-para-tratar-el-amparo-de-la-cgt-contra-el-dnu-de-javier-milei\/","og_locale":"es_ES","og_type":"article","og_title":"LA JUSTICIA HABILIT\u00d3 LA FERIA JUDICIAL PARA TRATAR EL AMPARO DE LA CGT CONTRA EL DNU DE JAVIER MILEI - Apuntes de San Luis","og_description":"La C\u00e1mara Nacional de Apelaciones del Trabajo habilit\u00f3 hoy la feria judicial para tratar durante...","og_url":"https:\/\/apuntesdesanluis.com\/index.php\/2024\/01\/02\/la-justicia-habilito-la-feria-judicial-para-tratar-el-amparo-de-la-cgt-contra-el-dnu-de-javier-milei\/","og_site_name":"Apuntes de San Luis","article_published_time":"2024-01-03T00:56:40+00:00","og_image":[{"width":600,"height":339,"url":"https:\/\/apuntesdesanluis.com\/wp-content\/uploads\/2023\/12\/CGT.png","type":"image\/png"}],"author":"apuntesdesanluis.com","twitter_card":"summary_large_image","twitter_misc":{"Escrito por":"apuntesdesanluis.com","Tiempo de lectura":"5 minutos"},"schema":{"@context":"https:\/\/schema.org","@graph":[{"@type":"Article","@id":"https:\/\/apuntesdesanluis.com\/index.php\/2024\/01\/02\/la-justicia-habilito-la-feria-judicial-para-tratar-el-amparo-de-la-cgt-contra-el-dnu-de-javier-milei\/#article","isPartOf":{"@id":"https:\/\/apuntesdesanluis.com\/index.php\/2024\/01\/02\/la-justicia-habilito-la-feria-judicial-para-tratar-el-amparo-de-la-cgt-contra-el-dnu-de-javier-milei\/"},"author":{"name":"apuntesdesanluis.com","@id":"https:\/\/apuntesdesanluis.com\/#\/schema\/person\/b55151d52296fcce64d1a72538a70b90"},"headline":"LA JUSTICIA HABILIT\u00d3 LA FERIA JUDICIAL PARA TRATAR EL AMPARO DE LA CGT CONTRA EL DNU DE JAVIER MILEI","datePublished":"2024-01-03T00:56:40+00:00","mainEntityOfPage":{"@id":"https:\/\/apuntesdesanluis.com\/index.php\/2024\/01\/02\/la-justicia-habilito-la-feria-judicial-para-tratar-el-amparo-de-la-cgt-contra-el-dnu-de-javier-milei\/"},"wordCount":1063,"publisher":{"@id":"https:\/\/apuntesdesanluis.com\/#\/schema\/person\/b55151d52296fcce64d1a72538a70b90"},"image":{"@id":"https:\/\/apuntesdesanluis.com\/index.php\/2024\/01\/02\/la-justicia-habilito-la-feria-judicial-para-tratar-el-amparo-de-la-cgt-contra-el-dnu-de-javier-milei\/#primaryimage"},"thumbnailUrl":"https:\/\/apuntesdesanluis.com\/wp-content\/uploads\/2023\/12\/CGT.png","articleSection":["Nacionales\/Internacionales"],"inLanguage":"es-AR"},{"@type":"WebPage","@id":"https:\/\/apuntesdesanluis.com\/index.php\/2024\/01\/02\/la-justicia-habilito-la-feria-judicial-para-tratar-el-amparo-de-la-cgt-contra-el-dnu-de-javier-milei\/","url":"https:\/\/apuntesdesanluis.com\/index.php\/2024\/01\/02\/la-justicia-habilito-la-feria-judicial-para-tratar-el-amparo-de-la-cgt-contra-el-dnu-de-javier-milei\/","name":"LA JUSTICIA HABILIT\u00d3 LA FERIA JUDICIAL PARA TRATAR EL AMPARO DE LA CGT CONTRA EL DNU DE JAVIER MILEI - Apuntes de San Luis","isPartOf":{"@id":"https:\/\/apuntesdesanluis.com\/#website"},"primaryImageOfPage":{"@id":"https:\/\/apuntesdesanluis.com\/index.php\/2024\/01\/02\/la-justicia-habilito-la-feria-judicial-para-tratar-el-amparo-de-la-cgt-contra-el-dnu-de-javier-milei\/#primaryimage"},"image":{"@id":"https:\/\/apuntesdesanluis.com\/index.php\/2024\/01\/02\/la-justicia-habilito-la-feria-judicial-para-tratar-el-amparo-de-la-cgt-contra-el-dnu-de-javier-milei\/#primaryimage"},"thumbnailUrl":"https:\/\/apuntesdesanluis.com\/wp-content\/uploads\/2023\/12\/CGT.png","datePublished":"2024-01-03T00:56:40+00:00","breadcrumb":{"@id":"https:\/\/apuntesdesanluis.com\/index.php\/2024\/01\/02\/la-justicia-habilito-la-feria-judicial-para-tratar-el-amparo-de-la-cgt-contra-el-dnu-de-javier-milei\/#breadcrumb"},"inLanguage":"es-AR","potentialAction":[{"@type":"ReadAction","target":["https:\/\/apuntesdesanluis.com\/index.php\/2024\/01\/02\/la-justicia-habilito-la-feria-judicial-para-tratar-el-amparo-de-la-cgt-contra-el-dnu-de-javier-milei\/"]}]},{"@type":"ImageObject","inLanguage":"es-AR","@id":"https:\/\/apuntesdesanluis.com\/index.php\/2024\/01\/02\/la-justicia-habilito-la-feria-judicial-para-tratar-el-amparo-de-la-cgt-contra-el-dnu-de-javier-milei\/#primaryimage","url":"https:\/\/apuntesdesanluis.com\/wp-content\/uploads\/2023\/12\/CGT.png","contentUrl":"https:\/\/apuntesdesanluis.com\/wp-content\/uploads\/2023\/12\/CGT.png","width":600,"height":339},{"@type":"BreadcrumbList","@id":"https:\/\/apuntesdesanluis.com\/index.php\/2024\/01\/02\/la-justicia-habilito-la-feria-judicial-para-tratar-el-amparo-de-la-cgt-contra-el-dnu-de-javier-milei\/#breadcrumb","itemListElement":[{"@type":"ListItem","position":1,"name":"Inicio","item":"https:\/\/apuntesdesanluis.com\/"},{"@type":"ListItem","position":2,"name":"LA JUSTICIA HABILIT\u00d3 LA FERIA JUDICIAL PARA TRATAR EL AMPARO DE LA CGT CONTRA EL DNU DE JAVIER MILEI"}]},{"@type":"WebSite","@id":"https:\/\/apuntesdesanluis.com\/#website","url":"https:\/\/apuntesdesanluis.com\/","name":"Apuntes de San Luis","description":"","publisher":{"@id":"https:\/\/apuntesdesanluis.com\/#\/schema\/person\/b55151d52296fcce64d1a72538a70b90"},"potentialAction":[{"@type":"SearchAction","target":{"@type":"EntryPoint","urlTemplate":"https:\/\/apuntesdesanluis.com\/?s={search_term_string}"},"query-input":{"@type":"PropertyValueSpecification","valueRequired":true,"valueName":"search_term_string"}}],"inLanguage":"es-AR"},{"@type":["Person","Organization"],"@id":"https:\/\/apuntesdesanluis.com\/#\/schema\/person\/b55151d52296fcce64d1a72538a70b90","name":"apuntesdesanluis.com","image":{"@type":"ImageObject","inLanguage":"es-AR","@id":"https:\/\/apuntesdesanluis.com\/#\/schema\/person\/image\/","url":"https:\/\/apuntesdesanluis.com\/wp-content\/uploads\/2023\/07\/cropped-apuntesdesanluis.png","contentUrl":"https:\/\/apuntesdesanluis.com\/wp-content\/uploads\/2023\/07\/cropped-apuntesdesanluis.png","width":450,"height":112,"caption":"apuntesdesanluis.com"},"logo":{"@id":"https:\/\/apuntesdesanluis.com\/#\/schema\/person\/image\/"},"sameAs":["https:\/\/apuntesdesanluis.com"],"url":"https:\/\/apuntesdesanluis.com\/index.php\/author\/apuntesdesanluis-com\/"}]}},"featured_image_urls":{"full":["https:\/\/apuntesdesanluis.com\/wp-content\/uploads\/2023\/12\/CGT.png",600,339,false],"thumbnail":["https:\/\/apuntesdesanluis.com\/wp-content\/uploads\/2023\/12\/CGT-150x150.png",150,150,true],"medium":["https:\/\/apuntesdesanluis.com\/wp-content\/uploads\/2023\/12\/CGT-300x170.png",300,170,true],"medium_large":["https:\/\/apuntesdesanluis.com\/wp-content\/uploads\/2023\/12\/CGT.png",600,339,false],"large":["https:\/\/apuntesdesanluis.com\/wp-content\/uploads\/2023\/12\/CGT.png",600,339,false],"1536x1536":["https:\/\/apuntesdesanluis.com\/wp-content\/uploads\/2023\/12\/CGT.png",600,339,false],"2048x2048":["https:\/\/apuntesdesanluis.com\/wp-content\/uploads\/2023\/12\/CGT.png",600,339,false],"newsever-slider-full":["https:\/\/apuntesdesanluis.com\/wp-content\/uploads\/2023\/12\/CGT.png",600,339,false],"newsever-featured":["https:\/\/apuntesdesanluis.com\/wp-content\/uploads\/2023\/12\/CGT.png",600,339,false],"newsever-medium":["https:\/\/apuntesdesanluis.com\/wp-content\/uploads\/2023\/12\/CGT.png",600,339,false]},"author_info":{"display_name":"apuntesdesanluis.com","author_link":"https:\/\/apuntesdesanluis.com\/index.php\/author\/apuntesdesanluis-com\/"},"category_info":"<a href=\"https:\/\/apuntesdesanluis.com\/index.php\/category\/nacionales-internacionales\/\" rel=\"category tag\">Nacionales\/Internacionales<\/a>","tag_info":"Nacionales\/Internacionales","comment_count":"0","_links":{"self":[{"href":"https:\/\/apuntesdesanluis.com\/index.php\/wp-json\/wp\/v2\/posts\/9385","targetHints":{"allow":["GET"]}}],"collection":[{"href":"https:\/\/apuntesdesanluis.com\/index.php\/wp-json\/wp\/v2\/posts"}],"about":[{"href":"https:\/\/apuntesdesanluis.com\/index.php\/wp-json\/wp\/v2\/types\/post"}],"author":[{"embeddable":true,"href":"https:\/\/apuntesdesanluis.com\/index.php\/wp-json\/wp\/v2\/users\/1"}],"replies":[{"embeddable":true,"href":"https:\/\/apuntesdesanluis.com\/index.php\/wp-json\/wp\/v2\/comments?post=9385"}],"version-history":[{"count":1,"href":"https:\/\/apuntesdesanluis.com\/index.php\/wp-json\/wp\/v2\/posts\/9385\/revisions"}],"predecessor-version":[{"id":9386,"href":"https:\/\/apuntesdesanluis.com\/index.php\/wp-json\/wp\/v2\/posts\/9385\/revisions\/9386"}],"wp:featuredmedia":[{"embeddable":true,"href":"https:\/\/apuntesdesanluis.com\/index.php\/wp-json\/wp\/v2\/media\/9172"}],"wp:attachment":[{"href":"https:\/\/apuntesdesanluis.com\/index.php\/wp-json\/wp\/v2\/media?parent=9385"}],"wp:term":[{"taxonomy":"category","embeddable":true,"href":"https:\/\/apuntesdesanluis.com\/index.php\/wp-json\/wp\/v2\/categories?post=9385"},{"taxonomy":"post_tag","embeddable":true,"href":"https:\/\/apuntesdesanluis.com\/index.php\/wp-json\/wp\/v2\/tags?post=9385"}],"curies":[{"name":"wp","href":"https:\/\/api.w.org\/{rel}","templated":true}]}}