{"id":9402,"date":"2024-01-03T21:08:11","date_gmt":"2024-01-04T00:08:11","guid":{"rendered":"https:\/\/apuntesdesanluis.com\/?p=9402"},"modified":"2024-01-03T21:08:11","modified_gmt":"2024-01-04T00:08:11","slug":"el-gobierno-apelara-el-fallo-que-suspendio-el-capitulo-laboral-del-dnu","status":"publish","type":"post","link":"https:\/\/apuntesdesanluis.com\/index.php\/2024\/01\/03\/el-gobierno-apelara-el-fallo-que-suspendio-el-capitulo-laboral-del-dnu\/","title":{"rendered":"EL GOBIERNO APELAR\u00c1 EL FALLO QUE SUSPENDI\u00d3 EL CAP\u00cdTULO LABORAL DEL DNU"},"content":{"rendered":"<h3>El Gobierno apelar\u00e1 el fallo de la C\u00e1mara del Trabajo que suspendi\u00f3 el cap\u00edtulo laboral del DNU del presidente <strong>Javier Milei<\/strong> y la presentaci\u00f3n est\u00e1 siendo elaborada por la Procuraci\u00f3n del Tesoro, que conduce <strong>Rodolfo Barra<\/strong>.<\/h3>\n<h3>Los abogados del Estado apelar\u00e1n la medida cautelar y pedir\u00e1n que la causa se siga tramitando en el fuero Contencioso Administrativo Federal, como ya dictamin\u00f3 el fiscal del fuero del trabajo Juan Manuel Dom\u00ednguez.<\/h3>\n<h3>&#8220;La Procuraci\u00f3n a\u00fan no ha sido notificada, tiene tres d\u00edas, y pedir\u00e1 inmediatamente la incompetencia del Fuero del Trabajo. Ya que en una discusi\u00f3n de competencias positivas, cuando participa el fuero administrativo, corresponde al fuero administrativo saldar la decisi\u00f3n&#8221;, informaron fuentes del Ministerio de Justicia.<\/h3>\n<h3>Y agregaron: &#8220;El fiscal comparti\u00f3 nuestro criterio, as\u00ed como lo hizo la jueza Mar\u00eda Dora Gonz\u00e1lez. Est\u00e1n desoyendo el criterio que adoptaron todos los otros tribunales del pa\u00eds, tanto en la Ciudad, como en el interior, que enviaron la causa al juez natural y universal que conoce en todos los asuntos&#8221;.<\/h3>\n<h3>La Procuraci\u00f3n del Tesoro hab\u00eda pedido la habilitaci\u00f3n de feria y que la causa pase al fuero Contencioso Administrativo Federal, donde tramita un amparo colectivo contra el DNU. Barra afirmar\u00e1 que en estos casos el fuero de atracci\u00f3n es el contencioso administrativo federal donde se tramitan juicios contra el estado. Y reclamar\u00e1 la vigencia del DNU 70\/2023.<\/h3>\n<h3>&#8220;Resulta imperioso que el Estado Nacional ejerza debidamente y con plenitud su derecho de defensa en juicio, a fin de resguardar en lo inmediato los intereses p\u00fablicos que se tutelan&#8221;, dijo esa presentaci\u00f3n. Y agreg\u00f3: &#8220;Se corre riesgo que se suspendan las pol\u00edticas p\u00fablicas trazadas por el Poder Ejecutivo Nacional&#8221;.<\/h3>\n<h3>La C\u00e1mara Laboral habilit\u00f3 finalmente la feria para tratar la presentaci\u00f3n de la CGT y le corri\u00f3 vista al fiscal general, Juan Manuel Dom\u00ednguez, quien dictamin\u00f3 que el conflicto lo debe resolver la C\u00e1mara en lo Contencioso Administrativo Federal. Sin embargo, dos de los jueces de la Sala de Feria decidieron suspender el cap\u00edtulo laboral del DNU 70\/2023.<\/h3>\n<p>&nbsp;<\/p>\n<p>&nbsp;<\/p>\n<p>&nbsp;<\/p>\n","protected":false},"excerpt":{"rendered":"<p>El Gobierno apelar\u00e1 el fallo de la C\u00e1mara del Trabajo que suspendi\u00f3 el cap\u00edtulo laboral&#8230;<\/p>\n","protected":false},"author":1,"featured_media":8338,"comment_status":"closed","ping_status":"closed","sticky":false,"template":"","format":"standard","meta":{"footnotes":""},"categories":[5],"tags":[],"class_list":["post-9402","post","type-post","status-publish","format-standard","has-post-thumbnail","hentry","category-nacionales-internacionales"],"yoast_head":"<!-- This site is optimized with the Yoast SEO plugin v26.1.1 - https:\/\/yoast.com\/wordpress\/plugins\/seo\/ -->\n<title>EL GOBIERNO APELAR\u00c1 EL FALLO QUE SUSPENDI\u00d3 EL CAP\u00cdTULO LABORAL DEL DNU - Apuntes de San Luis<\/title>\n<meta name=\"robots\" content=\"index, follow, max-snippet:-1, max-image-preview:large, max-video-preview:-1\" \/>\n<link rel=\"canonical\" href=\"https:\/\/apuntesdesanluis.com\/index.php\/2024\/01\/03\/el-gobierno-apelara-el-fallo-que-suspendio-el-capitulo-laboral-del-dnu\/\" \/>\n<meta property=\"og:locale\" content=\"es_ES\" \/>\n<meta property=\"og:type\" content=\"article\" \/>\n<meta property=\"og:title\" content=\"EL GOBIERNO APELAR\u00c1 EL FALLO QUE SUSPENDI\u00d3 EL CAP\u00cdTULO LABORAL DEL DNU - Apuntes de San Luis\" \/>\n<meta property=\"og:description\" content=\"El Gobierno apelar\u00e1 el fallo de la C\u00e1mara del Trabajo que suspendi\u00f3 el cap\u00edtulo laboral...\" \/>\n<meta property=\"og:url\" content=\"https:\/\/apuntesdesanluis.com\/index.php\/2024\/01\/03\/el-gobierno-apelara-el-fallo-que-suspendio-el-capitulo-laboral-del-dnu\/\" \/>\n<meta property=\"og:site_name\" content=\"Apuntes de San Luis\" \/>\n<meta property=\"article:published_time\" content=\"2024-01-04T00:08:11+00:00\" \/>\n<meta property=\"og:image\" content=\"https:\/\/apuntesdesanluis.com\/wp-content\/uploads\/2023\/12\/Rodolfo-Barra.png\" \/>\n\t<meta property=\"og:image:width\" content=\"600\" \/>\n\t<meta property=\"og:image:height\" content=\"331\" \/>\n\t<meta property=\"og:image:type\" content=\"image\/png\" \/>\n<meta name=\"author\" content=\"apuntesdesanluis.com\" \/>\n<meta name=\"twitter:card\" content=\"summary_large_image\" \/>\n<meta name=\"twitter:label1\" content=\"Escrito por\" \/>\n\t<meta name=\"twitter:data1\" content=\"apuntesdesanluis.com\" \/>\n\t<meta name=\"twitter:label2\" content=\"Tiempo de lectura\" \/>\n\t<meta name=\"twitter:data2\" content=\"2 minutos\" \/>\n<script type=\"application\/ld+json\" class=\"yoast-schema-graph\">{\"@context\":\"https:\/\/schema.org\",\"@graph\":[{\"@type\":\"Article\",\"@id\":\"https:\/\/apuntesdesanluis.com\/index.php\/2024\/01\/03\/el-gobierno-apelara-el-fallo-que-suspendio-el-capitulo-laboral-del-dnu\/#article\",\"isPartOf\":{\"@id\":\"https:\/\/apuntesdesanluis.com\/index.php\/2024\/01\/03\/el-gobierno-apelara-el-fallo-que-suspendio-el-capitulo-laboral-del-dnu\/\"},\"author\":{\"name\":\"apuntesdesanluis.com\",\"@id\":\"https:\/\/apuntesdesanluis.com\/#\/schema\/person\/b55151d52296fcce64d1a72538a70b90\"},\"headline\":\"EL GOBIERNO APELAR\u00c1 EL FALLO QUE SUSPENDI\u00d3 EL CAP\u00cdTULO LABORAL DEL DNU\",\"datePublished\":\"2024-01-04T00:08:11+00:00\",\"mainEntityOfPage\":{\"@id\":\"https:\/\/apuntesdesanluis.com\/index.php\/2024\/01\/03\/el-gobierno-apelara-el-fallo-que-suspendio-el-capitulo-laboral-del-dnu\/\"},\"wordCount\":374,\"publisher\":{\"@id\":\"https:\/\/apuntesdesanluis.com\/#\/schema\/person\/b55151d52296fcce64d1a72538a70b90\"},\"image\":{\"@id\":\"https:\/\/apuntesdesanluis.com\/index.php\/2024\/01\/03\/el-gobierno-apelara-el-fallo-que-suspendio-el-capitulo-laboral-del-dnu\/#primaryimage\"},\"thumbnailUrl\":\"https:\/\/apuntesdesanluis.com\/wp-content\/uploads\/2023\/12\/Rodolfo-Barra.png\",\"articleSection\":[\"Nacionales\/Internacionales\"],\"inLanguage\":\"es-AR\"},{\"@type\":\"WebPage\",\"@id\":\"https:\/\/apuntesdesanluis.com\/index.php\/2024\/01\/03\/el-gobierno-apelara-el-fallo-que-suspendio-el-capitulo-laboral-del-dnu\/\",\"url\":\"https:\/\/apuntesdesanluis.com\/index.php\/2024\/01\/03\/el-gobierno-apelara-el-fallo-que-suspendio-el-capitulo-laboral-del-dnu\/\",\"name\":\"EL GOBIERNO APELAR\u00c1 EL FALLO QUE SUSPENDI\u00d3 EL CAP\u00cdTULO LABORAL DEL DNU - Apuntes de San Luis\",\"isPartOf\":{\"@id\":\"https:\/\/apuntesdesanluis.com\/#website\"},\"primaryImageOfPage\":{\"@id\":\"https:\/\/apuntesdesanluis.com\/index.php\/2024\/01\/03\/el-gobierno-apelara-el-fallo-que-suspendio-el-capitulo-laboral-del-dnu\/#primaryimage\"},\"image\":{\"@id\":\"https:\/\/apuntesdesanluis.com\/index.php\/2024\/01\/03\/el-gobierno-apelara-el-fallo-que-suspendio-el-capitulo-laboral-del-dnu\/#primaryimage\"},\"thumbnailUrl\":\"https:\/\/apuntesdesanluis.com\/wp-content\/uploads\/2023\/12\/Rodolfo-Barra.png\",\"datePublished\":\"2024-01-04T00:08:11+00:00\",\"breadcrumb\":{\"@id\":\"https:\/\/apuntesdesanluis.com\/index.php\/2024\/01\/03\/el-gobierno-apelara-el-fallo-que-suspendio-el-capitulo-laboral-del-dnu\/#breadcrumb\"},\"inLanguage\":\"es-AR\",\"potentialAction\":[{\"@type\":\"ReadAction\",\"target\":[\"https:\/\/apuntesdesanluis.com\/index.php\/2024\/01\/03\/el-gobierno-apelara-el-fallo-que-suspendio-el-capitulo-laboral-del-dnu\/\"]}]},{\"@type\":\"ImageObject\",\"inLanguage\":\"es-AR\",\"@id\":\"https:\/\/apuntesdesanluis.com\/index.php\/2024\/01\/03\/el-gobierno-apelara-el-fallo-que-suspendio-el-capitulo-laboral-del-dnu\/#primaryimage\",\"url\":\"https:\/\/apuntesdesanluis.com\/wp-content\/uploads\/2023\/12\/Rodolfo-Barra.png\",\"contentUrl\":\"https:\/\/apuntesdesanluis.com\/wp-content\/uploads\/2023\/12\/Rodolfo-Barra.png\",\"width\":600,\"height\":331},{\"@type\":\"BreadcrumbList\",\"@id\":\"https:\/\/apuntesdesanluis.com\/index.php\/2024\/01\/03\/el-gobierno-apelara-el-fallo-que-suspendio-el-capitulo-laboral-del-dnu\/#breadcrumb\",\"itemListElement\":[{\"@type\":\"ListItem\",\"position\":1,\"name\":\"Inicio\",\"item\":\"https:\/\/apuntesdesanluis.com\/\"},{\"@type\":\"ListItem\",\"position\":2,\"name\":\"EL GOBIERNO APELAR\u00c1 EL FALLO QUE SUSPENDI\u00d3 EL CAP\u00cdTULO LABORAL DEL DNU\"}]},{\"@type\":\"WebSite\",\"@id\":\"https:\/\/apuntesdesanluis.com\/#website\",\"url\":\"https:\/\/apuntesdesanluis.com\/\",\"name\":\"Apuntes de San Luis\",\"description\":\"\",\"publisher\":{\"@id\":\"https:\/\/apuntesdesanluis.com\/#\/schema\/person\/b55151d52296fcce64d1a72538a70b90\"},\"potentialAction\":[{\"@type\":\"SearchAction\",\"target\":{\"@type\":\"EntryPoint\",\"urlTemplate\":\"https:\/\/apuntesdesanluis.com\/?s={search_term_string}\"},\"query-input\":{\"@type\":\"PropertyValueSpecification\",\"valueRequired\":true,\"valueName\":\"search_term_string\"}}],\"inLanguage\":\"es-AR\"},{\"@type\":[\"Person\",\"Organization\"],\"@id\":\"https:\/\/apuntesdesanluis.com\/#\/schema\/person\/b55151d52296fcce64d1a72538a70b90\",\"name\":\"apuntesdesanluis.com\",\"image\":{\"@type\":\"ImageObject\",\"inLanguage\":\"es-AR\",\"@id\":\"https:\/\/apuntesdesanluis.com\/#\/schema\/person\/image\/\",\"url\":\"https:\/\/apuntesdesanluis.com\/wp-content\/uploads\/2023\/07\/cropped-apuntesdesanluis.png\",\"contentUrl\":\"https:\/\/apuntesdesanluis.com\/wp-content\/uploads\/2023\/07\/cropped-apuntesdesanluis.png\",\"width\":450,\"height\":112,\"caption\":\"apuntesdesanluis.com\"},\"logo\":{\"@id\":\"https:\/\/apuntesdesanluis.com\/#\/schema\/person\/image\/\"},\"sameAs\":[\"https:\/\/apuntesdesanluis.com\"],\"url\":\"https:\/\/apuntesdesanluis.com\/index.php\/author\/apuntesdesanluis-com\/\"}]}<\/script>\n<!-- \/ Yoast SEO plugin. -->","yoast_head_json":{"title":"EL GOBIERNO APELAR\u00c1 EL FALLO QUE SUSPENDI\u00d3 EL CAP\u00cdTULO LABORAL DEL DNU - Apuntes de San Luis","robots":{"index":"index","follow":"follow","max-snippet":"max-snippet:-1","max-image-preview":"max-image-preview:large","max-video-preview":"max-video-preview:-1"},"canonical":"https:\/\/apuntesdesanluis.com\/index.php\/2024\/01\/03\/el-gobierno-apelara-el-fallo-que-suspendio-el-capitulo-laboral-del-dnu\/","og_locale":"es_ES","og_type":"article","og_title":"EL GOBIERNO APELAR\u00c1 EL FALLO QUE SUSPENDI\u00d3 EL CAP\u00cdTULO LABORAL DEL DNU - Apuntes de San Luis","og_description":"El Gobierno apelar\u00e1 el fallo de la C\u00e1mara del Trabajo que suspendi\u00f3 el cap\u00edtulo laboral...","og_url":"https:\/\/apuntesdesanluis.com\/index.php\/2024\/01\/03\/el-gobierno-apelara-el-fallo-que-suspendio-el-capitulo-laboral-del-dnu\/","og_site_name":"Apuntes de San Luis","article_published_time":"2024-01-04T00:08:11+00:00","og_image":[{"width":600,"height":331,"url":"https:\/\/apuntesdesanluis.com\/wp-content\/uploads\/2023\/12\/Rodolfo-Barra.png","type":"image\/png"}],"author":"apuntesdesanluis.com","twitter_card":"summary_large_image","twitter_misc":{"Escrito por":"apuntesdesanluis.com","Tiempo de lectura":"2 minutos"},"schema":{"@context":"https:\/\/schema.org","@graph":[{"@type":"Article","@id":"https:\/\/apuntesdesanluis.com\/index.php\/2024\/01\/03\/el-gobierno-apelara-el-fallo-que-suspendio-el-capitulo-laboral-del-dnu\/#article","isPartOf":{"@id":"https:\/\/apuntesdesanluis.com\/index.php\/2024\/01\/03\/el-gobierno-apelara-el-fallo-que-suspendio-el-capitulo-laboral-del-dnu\/"},"author":{"name":"apuntesdesanluis.com","@id":"https:\/\/apuntesdesanluis.com\/#\/schema\/person\/b55151d52296fcce64d1a72538a70b90"},"headline":"EL GOBIERNO APELAR\u00c1 EL FALLO QUE SUSPENDI\u00d3 EL CAP\u00cdTULO LABORAL DEL DNU","datePublished":"2024-01-04T00:08:11+00:00","mainEntityOfPage":{"@id":"https:\/\/apuntesdesanluis.com\/index.php\/2024\/01\/03\/el-gobierno-apelara-el-fallo-que-suspendio-el-capitulo-laboral-del-dnu\/"},"wordCount":374,"publisher":{"@id":"https:\/\/apuntesdesanluis.com\/#\/schema\/person\/b55151d52296fcce64d1a72538a70b90"},"image":{"@id":"https:\/\/apuntesdesanluis.com\/index.php\/2024\/01\/03\/el-gobierno-apelara-el-fallo-que-suspendio-el-capitulo-laboral-del-dnu\/#primaryimage"},"thumbnailUrl":"https:\/\/apuntesdesanluis.com\/wp-content\/uploads\/2023\/12\/Rodolfo-Barra.png","articleSection":["Nacionales\/Internacionales"],"inLanguage":"es-AR"},{"@type":"WebPage","@id":"https:\/\/apuntesdesanluis.com\/index.php\/2024\/01\/03\/el-gobierno-apelara-el-fallo-que-suspendio-el-capitulo-laboral-del-dnu\/","url":"https:\/\/apuntesdesanluis.com\/index.php\/2024\/01\/03\/el-gobierno-apelara-el-fallo-que-suspendio-el-capitulo-laboral-del-dnu\/","name":"EL GOBIERNO APELAR\u00c1 EL FALLO QUE SUSPENDI\u00d3 EL CAP\u00cdTULO LABORAL DEL DNU - Apuntes de San Luis","isPartOf":{"@id":"https:\/\/apuntesdesanluis.com\/#website"},"primaryImageOfPage":{"@id":"https:\/\/apuntesdesanluis.com\/index.php\/2024\/01\/03\/el-gobierno-apelara-el-fallo-que-suspendio-el-capitulo-laboral-del-dnu\/#primaryimage"},"image":{"@id":"https:\/\/apuntesdesanluis.com\/index.php\/2024\/01\/03\/el-gobierno-apelara-el-fallo-que-suspendio-el-capitulo-laboral-del-dnu\/#primaryimage"},"thumbnailUrl":"https:\/\/apuntesdesanluis.com\/wp-content\/uploads\/2023\/12\/Rodolfo-Barra.png","datePublished":"2024-01-04T00:08:11+00:00","breadcrumb":{"@id":"https:\/\/apuntesdesanluis.com\/index.php\/2024\/01\/03\/el-gobierno-apelara-el-fallo-que-suspendio-el-capitulo-laboral-del-dnu\/#breadcrumb"},"inLanguage":"es-AR","potentialAction":[{"@type":"ReadAction","target":["https:\/\/apuntesdesanluis.com\/index.php\/2024\/01\/03\/el-gobierno-apelara-el-fallo-que-suspendio-el-capitulo-laboral-del-dnu\/"]}]},{"@type":"ImageObject","inLanguage":"es-AR","@id":"https:\/\/apuntesdesanluis.com\/index.php\/2024\/01\/03\/el-gobierno-apelara-el-fallo-que-suspendio-el-capitulo-laboral-del-dnu\/#primaryimage","url":"https:\/\/apuntesdesanluis.com\/wp-content\/uploads\/2023\/12\/Rodolfo-Barra.png","contentUrl":"https:\/\/apuntesdesanluis.com\/wp-content\/uploads\/2023\/12\/Rodolfo-Barra.png","width":600,"height":331},{"@type":"BreadcrumbList","@id":"https:\/\/apuntesdesanluis.com\/index.php\/2024\/01\/03\/el-gobierno-apelara-el-fallo-que-suspendio-el-capitulo-laboral-del-dnu\/#breadcrumb","itemListElement":[{"@type":"ListItem","position":1,"name":"Inicio","item":"https:\/\/apuntesdesanluis.com\/"},{"@type":"ListItem","position":2,"name":"EL GOBIERNO APELAR\u00c1 EL FALLO QUE SUSPENDI\u00d3 EL CAP\u00cdTULO LABORAL DEL DNU"}]},{"@type":"WebSite","@id":"https:\/\/apuntesdesanluis.com\/#website","url":"https:\/\/apuntesdesanluis.com\/","name":"Apuntes de San Luis","description":"","publisher":{"@id":"https:\/\/apuntesdesanluis.com\/#\/schema\/person\/b55151d52296fcce64d1a72538a70b90"},"potentialAction":[{"@type":"SearchAction","target":{"@type":"EntryPoint","urlTemplate":"https:\/\/apuntesdesanluis.com\/?s={search_term_string}"},"query-input":{"@type":"PropertyValueSpecification","valueRequired":true,"valueName":"search_term_string"}}],"inLanguage":"es-AR"},{"@type":["Person","Organization"],"@id":"https:\/\/apuntesdesanluis.com\/#\/schema\/person\/b55151d52296fcce64d1a72538a70b90","name":"apuntesdesanluis.com","image":{"@type":"ImageObject","inLanguage":"es-AR","@id":"https:\/\/apuntesdesanluis.com\/#\/schema\/person\/image\/","url":"https:\/\/apuntesdesanluis.com\/wp-content\/uploads\/2023\/07\/cropped-apuntesdesanluis.png","contentUrl":"https:\/\/apuntesdesanluis.com\/wp-content\/uploads\/2023\/07\/cropped-apuntesdesanluis.png","width":450,"height":112,"caption":"apuntesdesanluis.com"},"logo":{"@id":"https:\/\/apuntesdesanluis.com\/#\/schema\/person\/image\/"},"sameAs":["https:\/\/apuntesdesanluis.com"],"url":"https:\/\/apuntesdesanluis.com\/index.php\/author\/apuntesdesanluis-com\/"}]}},"featured_image_urls":{"full":["https:\/\/apuntesdesanluis.com\/wp-content\/uploads\/2023\/12\/Rodolfo-Barra.png",600,331,false],"thumbnail":["https:\/\/apuntesdesanluis.com\/wp-content\/uploads\/2023\/12\/Rodolfo-Barra-150x150.png",150,150,true],"medium":["https:\/\/apuntesdesanluis.com\/wp-content\/uploads\/2023\/12\/Rodolfo-Barra-300x166.png",300,166,true],"medium_large":["https:\/\/apuntesdesanluis.com\/wp-content\/uploads\/2023\/12\/Rodolfo-Barra.png",600,331,false],"large":["https:\/\/apuntesdesanluis.com\/wp-content\/uploads\/2023\/12\/Rodolfo-Barra.png",600,331,false],"1536x1536":["https:\/\/apuntesdesanluis.com\/wp-content\/uploads\/2023\/12\/Rodolfo-Barra.png",600,331,false],"2048x2048":["https:\/\/apuntesdesanluis.com\/wp-content\/uploads\/2023\/12\/Rodolfo-Barra.png",600,331,false],"newsever-slider-full":["https:\/\/apuntesdesanluis.com\/wp-content\/uploads\/2023\/12\/Rodolfo-Barra.png",600,331,false],"newsever-featured":["https:\/\/apuntesdesanluis.com\/wp-content\/uploads\/2023\/12\/Rodolfo-Barra.png",600,331,false],"newsever-medium":["https:\/\/apuntesdesanluis.com\/wp-content\/uploads\/2023\/12\/Rodolfo-Barra.png",600,331,false]},"author_info":{"display_name":"apuntesdesanluis.com","author_link":"https:\/\/apuntesdesanluis.com\/index.php\/author\/apuntesdesanluis-com\/"},"category_info":"<a href=\"https:\/\/apuntesdesanluis.com\/index.php\/category\/nacionales-internacionales\/\" rel=\"category tag\">Nacionales\/Internacionales<\/a>","tag_info":"Nacionales\/Internacionales","comment_count":"0","_links":{"self":[{"href":"https:\/\/apuntesdesanluis.com\/index.php\/wp-json\/wp\/v2\/posts\/9402","targetHints":{"allow":["GET"]}}],"collection":[{"href":"https:\/\/apuntesdesanluis.com\/index.php\/wp-json\/wp\/v2\/posts"}],"about":[{"href":"https:\/\/apuntesdesanluis.com\/index.php\/wp-json\/wp\/v2\/types\/post"}],"author":[{"embeddable":true,"href":"https:\/\/apuntesdesanluis.com\/index.php\/wp-json\/wp\/v2\/users\/1"}],"replies":[{"embeddable":true,"href":"https:\/\/apuntesdesanluis.com\/index.php\/wp-json\/wp\/v2\/comments?post=9402"}],"version-history":[{"count":1,"href":"https:\/\/apuntesdesanluis.com\/index.php\/wp-json\/wp\/v2\/posts\/9402\/revisions"}],"predecessor-version":[{"id":9403,"href":"https:\/\/apuntesdesanluis.com\/index.php\/wp-json\/wp\/v2\/posts\/9402\/revisions\/9403"}],"wp:featuredmedia":[{"embeddable":true,"href":"https:\/\/apuntesdesanluis.com\/index.php\/wp-json\/wp\/v2\/media\/8338"}],"wp:attachment":[{"href":"https:\/\/apuntesdesanluis.com\/index.php\/wp-json\/wp\/v2\/media?parent=9402"}],"wp:term":[{"taxonomy":"category","embeddable":true,"href":"https:\/\/apuntesdesanluis.com\/index.php\/wp-json\/wp\/v2\/categories?post=9402"},{"taxonomy":"post_tag","embeddable":true,"href":"https:\/\/apuntesdesanluis.com\/index.php\/wp-json\/wp\/v2\/tags?post=9402"}],"curies":[{"name":"wp","href":"https:\/\/api.w.org\/{rel}","templated":true}]}}