{"id":942,"date":"2023-08-02T20:42:13","date_gmt":"2023-08-02T23:42:13","guid":{"rendered":"https:\/\/apuntesdesanluis.com\/?p=942"},"modified":"2023-08-02T20:42:13","modified_gmt":"2023-08-02T23:42:13","slug":"macri-cuestiono-a-vidal-tras-el-respaldo-a-rodriguez-larreta-ha-desdibujado-su-perfil","status":"publish","type":"post","link":"https:\/\/apuntesdesanluis.com\/index.php\/2023\/08\/02\/macri-cuestiono-a-vidal-tras-el-respaldo-a-rodriguez-larreta-ha-desdibujado-su-perfil\/","title":{"rendered":"MACRI CUESTION\u00d3 A VIDAL TRAS EL RESPALDO A RODR\u00cdGUEZ LARRETA: &#8220;HA DESDIBUJADO SU PERFIL&#8221;"},"content":{"rendered":"<h3>El ex presidente <strong>Mauricio Macri<\/strong> asegur\u00f3 que la ex gobernadora <strong>Mar\u00eda Eugenia Vidal<\/strong> &#8220;ha desdibujado su perfil&#8221;, al cuestionar su decisi\u00f3n de respaldar p\u00fablicamente al postulante presidencial de Juntos por el Cambio Horacio Rodr\u00edguez Larreta.<\/h3>\n<h3>&#8220;No lo veo como una sorpresa, dada la relaci\u00f3n de tanto tiempo que tienen Larreta y Vidal, que se apoyen rec\u00edprocamente. Pero tambi\u00e9n lo escuch\u00e9 a (Cristian) Ritondo. Tiene raz\u00f3n en estar desilusionado&#8221;, subray\u00f3 Macri.<\/h3>\n<h3>En declaraciones a la prensa durante una recorrida por San Nicol\u00e1s, el ex mandatario expres\u00f3: &#8220;Lo mejor en la vida es hacer lo que uno dice. Y, lamentablemente, siento que Mar\u00eda Eugenia ha tomado varias decisiones sucesivas en las cuales ha desdibujado su perfil&#8221;.<\/h3>\n<h3>&#8220;Ha desdibujado su perfil y eso es lo que le duele a la gente que est\u00e1 con ella, que se hab\u00eda comprometido con Patricia (Bullrich) y con Ritondo a la cabeza como uno de los l\u00edderes m\u00e1s importantes que ella ten\u00eda dentro de su grupo&#8221;, ahond\u00f3 Macri al ser consultado sobre la novedad en la interna del frente opositor.<\/h3>\n<h3>El l\u00edder del PRO resalt\u00f3 el rechazo de Ritondo, primer precandidato a diputado nacional de Bullrich en Buenos Aires, quien es un hombre muy cercano a Vidal pero que mostr\u00f3 su enojo tras el apoyo expl\u00edcito de la diputada nacional.<\/h3>\n<h3>Horas despu\u00e9s de que sus dichos se difundieran, Macri sali\u00f3 a aclarar que no se trataba de una cr\u00edtica, al se\u00f1alar que &#8220;cada uno es due\u00f1o de sus decisiones&#8221;.<\/h3>\n<h3>&#8220;Quiero dejar en claro que en ning\u00fan momento cuestion\u00e9 a Mar\u00eda Eugenia por su decisi\u00f3n de apoyar p\u00fablicamente a Horacio. Mi posici\u00f3n hist\u00f3ricamente siempre fue la misma, cada uno es due\u00f1o de sus decisiones y estas no deben ser cuestionadas. De esa libertad surge tambi\u00e9n la responsabilidad individual&#8221;, sostuvo Macri.<\/h3>\n<h3>En su cuenta de la red social Twitter, sostuvo: &#8220;\u00bfQu\u00e9 m\u00e9rito o culpa tendr\u00eda alguien si no puede hacer lo que quiere o decir lo que piensa? Yo creo en eso, para bien o para mal todos debemos ser autores de nuestro destino. Por otro lado, tambi\u00e9n entiendo el desencanto de Cristian Ritondo, que sinti\u00f3 que no se hab\u00eda cumplido con la palabra empe\u00f1ada porque tambi\u00e9n, como dije otras veces, creo que hay que cuidar la palabra&#8221;.<\/h3>\n<h3>El ex jefe de Estado se expres\u00f3 de esta forma luego de que este mi\u00e9rcoles Vidal respaldara p\u00fablicamente a Rodr\u00edguez Larreta once d\u00edas antes de las internas nacionales con Bullrich.<\/h3>\n<h3>La inc\u00f3gnita ahora pasa por qu\u00e9 har\u00e1 Macri en los pr\u00f3ximos d\u00edas, si mantendr\u00e1 el silencio sobre sus preferencias o si saldr\u00e1 a respaldar a quien se cree que es su favorita, la ex ministra de Seguridad.<\/h3>\n<h3>&#8220;Faltando pocos d\u00edas para las PASO y con la convicci\u00f3n de que el 14 de agosto vamos a estar todos juntos, unidos, quiero contarles que en las pr\u00f3ximas elecciones, voy a votar por Horacio&#8221;, indic\u00f3 la legisladora en un mensaje de Twitter.<\/h3>\n<h3>Vidal se manifest\u00f3 de esta forma luego de mantener un bajo perfil durante las \u00faltimas semanas, tras bajarse de su precandidatura presidencial.<\/h3>\n","protected":false},"excerpt":{"rendered":"<p>El ex presidente Mauricio Macri asegur\u00f3 que la ex gobernadora Mar\u00eda Eugenia Vidal &#8220;ha desdibujado&#8230;<\/p>\n","protected":false},"author":1,"featured_media":943,"comment_status":"closed","ping_status":"closed","sticky":false,"template":"","format":"standard","meta":{"footnotes":""},"categories":[5],"tags":[],"class_list":["post-942","post","type-post","status-publish","format-standard","has-post-thumbnail","hentry","category-nacionales-internacionales"],"yoast_head":"<!-- This site is optimized with the Yoast SEO plugin v26.1.1 - https:\/\/yoast.com\/wordpress\/plugins\/seo\/ -->\n<title>MACRI CUESTION\u00d3 A VIDAL TRAS EL RESPALDO A RODR\u00cdGUEZ LARRETA: &quot;HA DESDIBUJADO SU PERFIL&quot; - Apuntes de San Luis<\/title>\n<meta name=\"robots\" content=\"index, follow, max-snippet:-1, max-image-preview:large, max-video-preview:-1\" \/>\n<link rel=\"canonical\" href=\"https:\/\/apuntesdesanluis.com\/index.php\/2023\/08\/02\/macri-cuestiono-a-vidal-tras-el-respaldo-a-rodriguez-larreta-ha-desdibujado-su-perfil\/\" \/>\n<meta property=\"og:locale\" content=\"es_ES\" \/>\n<meta property=\"og:type\" content=\"article\" \/>\n<meta property=\"og:title\" content=\"MACRI CUESTION\u00d3 A VIDAL TRAS EL RESPALDO A RODR\u00cdGUEZ LARRETA: &quot;HA DESDIBUJADO SU PERFIL&quot; - Apuntes de San Luis\" \/>\n<meta property=\"og:description\" content=\"El ex presidente Mauricio Macri asegur\u00f3 que la ex gobernadora Mar\u00eda Eugenia Vidal &#8220;ha desdibujado...\" \/>\n<meta property=\"og:url\" content=\"https:\/\/apuntesdesanluis.com\/index.php\/2023\/08\/02\/macri-cuestiono-a-vidal-tras-el-respaldo-a-rodriguez-larreta-ha-desdibujado-su-perfil\/\" \/>\n<meta property=\"og:site_name\" content=\"Apuntes de San Luis\" \/>\n<meta property=\"article:published_time\" content=\"2023-08-02T23:42:13+00:00\" \/>\n<meta property=\"og:image\" content=\"https:\/\/apuntesdesanluis.com\/wp-content\/uploads\/2023\/08\/macri-vidal.png\" \/>\n\t<meta property=\"og:image:width\" content=\"835\" \/>\n\t<meta property=\"og:image:height\" content=\"527\" \/>\n\t<meta property=\"og:image:type\" content=\"image\/png\" \/>\n<meta name=\"author\" content=\"apuntesdesanluis.com\" \/>\n<meta name=\"twitter:card\" content=\"summary_large_image\" \/>\n<meta name=\"twitter:label1\" content=\"Escrito por\" \/>\n\t<meta name=\"twitter:data1\" content=\"apuntesdesanluis.com\" \/>\n\t<meta name=\"twitter:label2\" content=\"Tiempo de lectura\" \/>\n\t<meta name=\"twitter:data2\" content=\"3 minutos\" \/>\n<script type=\"application\/ld+json\" class=\"yoast-schema-graph\">{\"@context\":\"https:\/\/schema.org\",\"@graph\":[{\"@type\":\"Article\",\"@id\":\"https:\/\/apuntesdesanluis.com\/index.php\/2023\/08\/02\/macri-cuestiono-a-vidal-tras-el-respaldo-a-rodriguez-larreta-ha-desdibujado-su-perfil\/#article\",\"isPartOf\":{\"@id\":\"https:\/\/apuntesdesanluis.com\/index.php\/2023\/08\/02\/macri-cuestiono-a-vidal-tras-el-respaldo-a-rodriguez-larreta-ha-desdibujado-su-perfil\/\"},\"author\":{\"name\":\"apuntesdesanluis.com\",\"@id\":\"https:\/\/apuntesdesanluis.com\/#\/schema\/person\/b55151d52296fcce64d1a72538a70b90\"},\"headline\":\"MACRI CUESTION\u00d3 A VIDAL TRAS EL RESPALDO A RODR\u00cdGUEZ LARRETA: &#8220;HA DESDIBUJADO SU PERFIL&#8221;\",\"datePublished\":\"2023-08-02T23:42:13+00:00\",\"mainEntityOfPage\":{\"@id\":\"https:\/\/apuntesdesanluis.com\/index.php\/2023\/08\/02\/macri-cuestiono-a-vidal-tras-el-respaldo-a-rodriguez-larreta-ha-desdibujado-su-perfil\/\"},\"wordCount\":558,\"publisher\":{\"@id\":\"https:\/\/apuntesdesanluis.com\/#\/schema\/person\/b55151d52296fcce64d1a72538a70b90\"},\"image\":{\"@id\":\"https:\/\/apuntesdesanluis.com\/index.php\/2023\/08\/02\/macri-cuestiono-a-vidal-tras-el-respaldo-a-rodriguez-larreta-ha-desdibujado-su-perfil\/#primaryimage\"},\"thumbnailUrl\":\"https:\/\/apuntesdesanluis.com\/wp-content\/uploads\/2023\/08\/macri-vidal.png\",\"articleSection\":[\"Nacionales\/Internacionales\"],\"inLanguage\":\"es-AR\"},{\"@type\":\"WebPage\",\"@id\":\"https:\/\/apuntesdesanluis.com\/index.php\/2023\/08\/02\/macri-cuestiono-a-vidal-tras-el-respaldo-a-rodriguez-larreta-ha-desdibujado-su-perfil\/\",\"url\":\"https:\/\/apuntesdesanluis.com\/index.php\/2023\/08\/02\/macri-cuestiono-a-vidal-tras-el-respaldo-a-rodriguez-larreta-ha-desdibujado-su-perfil\/\",\"name\":\"MACRI CUESTION\u00d3 A VIDAL TRAS EL RESPALDO A RODR\u00cdGUEZ LARRETA: \\\"HA DESDIBUJADO SU PERFIL\\\" - Apuntes de San Luis\",\"isPartOf\":{\"@id\":\"https:\/\/apuntesdesanluis.com\/#website\"},\"primaryImageOfPage\":{\"@id\":\"https:\/\/apuntesdesanluis.com\/index.php\/2023\/08\/02\/macri-cuestiono-a-vidal-tras-el-respaldo-a-rodriguez-larreta-ha-desdibujado-su-perfil\/#primaryimage\"},\"image\":{\"@id\":\"https:\/\/apuntesdesanluis.com\/index.php\/2023\/08\/02\/macri-cuestiono-a-vidal-tras-el-respaldo-a-rodriguez-larreta-ha-desdibujado-su-perfil\/#primaryimage\"},\"thumbnailUrl\":\"https:\/\/apuntesdesanluis.com\/wp-content\/uploads\/2023\/08\/macri-vidal.png\",\"datePublished\":\"2023-08-02T23:42:13+00:00\",\"breadcrumb\":{\"@id\":\"https:\/\/apuntesdesanluis.com\/index.php\/2023\/08\/02\/macri-cuestiono-a-vidal-tras-el-respaldo-a-rodriguez-larreta-ha-desdibujado-su-perfil\/#breadcrumb\"},\"inLanguage\":\"es-AR\",\"potentialAction\":[{\"@type\":\"ReadAction\",\"target\":[\"https:\/\/apuntesdesanluis.com\/index.php\/2023\/08\/02\/macri-cuestiono-a-vidal-tras-el-respaldo-a-rodriguez-larreta-ha-desdibujado-su-perfil\/\"]}]},{\"@type\":\"ImageObject\",\"inLanguage\":\"es-AR\",\"@id\":\"https:\/\/apuntesdesanluis.com\/index.php\/2023\/08\/02\/macri-cuestiono-a-vidal-tras-el-respaldo-a-rodriguez-larreta-ha-desdibujado-su-perfil\/#primaryimage\",\"url\":\"https:\/\/apuntesdesanluis.com\/wp-content\/uploads\/2023\/08\/macri-vidal.png\",\"contentUrl\":\"https:\/\/apuntesdesanluis.com\/wp-content\/uploads\/2023\/08\/macri-vidal.png\",\"width\":835,\"height\":527},{\"@type\":\"BreadcrumbList\",\"@id\":\"https:\/\/apuntesdesanluis.com\/index.php\/2023\/08\/02\/macri-cuestiono-a-vidal-tras-el-respaldo-a-rodriguez-larreta-ha-desdibujado-su-perfil\/#breadcrumb\",\"itemListElement\":[{\"@type\":\"ListItem\",\"position\":1,\"name\":\"Inicio\",\"item\":\"https:\/\/apuntesdesanluis.com\/\"},{\"@type\":\"ListItem\",\"position\":2,\"name\":\"MACRI CUESTION\u00d3 A VIDAL TRAS EL RESPALDO A RODR\u00cdGUEZ LARRETA: &#8220;HA DESDIBUJADO SU PERFIL&#8221;\"}]},{\"@type\":\"WebSite\",\"@id\":\"https:\/\/apuntesdesanluis.com\/#website\",\"url\":\"https:\/\/apuntesdesanluis.com\/\",\"name\":\"Apuntes de San Luis\",\"description\":\"\",\"publisher\":{\"@id\":\"https:\/\/apuntesdesanluis.com\/#\/schema\/person\/b55151d52296fcce64d1a72538a70b90\"},\"potentialAction\":[{\"@type\":\"SearchAction\",\"target\":{\"@type\":\"EntryPoint\",\"urlTemplate\":\"https:\/\/apuntesdesanluis.com\/?s={search_term_string}\"},\"query-input\":{\"@type\":\"PropertyValueSpecification\",\"valueRequired\":true,\"valueName\":\"search_term_string\"}}],\"inLanguage\":\"es-AR\"},{\"@type\":[\"Person\",\"Organization\"],\"@id\":\"https:\/\/apuntesdesanluis.com\/#\/schema\/person\/b55151d52296fcce64d1a72538a70b90\",\"name\":\"apuntesdesanluis.com\",\"image\":{\"@type\":\"ImageObject\",\"inLanguage\":\"es-AR\",\"@id\":\"https:\/\/apuntesdesanluis.com\/#\/schema\/person\/image\/\",\"url\":\"https:\/\/apuntesdesanluis.com\/wp-content\/uploads\/2023\/07\/cropped-apuntesdesanluis.png\",\"contentUrl\":\"https:\/\/apuntesdesanluis.com\/wp-content\/uploads\/2023\/07\/cropped-apuntesdesanluis.png\",\"width\":450,\"height\":112,\"caption\":\"apuntesdesanluis.com\"},\"logo\":{\"@id\":\"https:\/\/apuntesdesanluis.com\/#\/schema\/person\/image\/\"},\"sameAs\":[\"https:\/\/apuntesdesanluis.com\"],\"url\":\"https:\/\/apuntesdesanluis.com\/index.php\/author\/apuntesdesanluis-com\/\"}]}<\/script>\n<!-- \/ Yoast SEO plugin. -->","yoast_head_json":{"title":"MACRI CUESTION\u00d3 A VIDAL TRAS EL RESPALDO A RODR\u00cdGUEZ LARRETA: \"HA DESDIBUJADO SU PERFIL\" - Apuntes de San Luis","robots":{"index":"index","follow":"follow","max-snippet":"max-snippet:-1","max-image-preview":"max-image-preview:large","max-video-preview":"max-video-preview:-1"},"canonical":"https:\/\/apuntesdesanluis.com\/index.php\/2023\/08\/02\/macri-cuestiono-a-vidal-tras-el-respaldo-a-rodriguez-larreta-ha-desdibujado-su-perfil\/","og_locale":"es_ES","og_type":"article","og_title":"MACRI CUESTION\u00d3 A VIDAL TRAS EL RESPALDO A RODR\u00cdGUEZ LARRETA: \"HA DESDIBUJADO SU PERFIL\" - Apuntes de San Luis","og_description":"El ex presidente Mauricio Macri asegur\u00f3 que la ex gobernadora Mar\u00eda Eugenia Vidal &#8220;ha desdibujado...","og_url":"https:\/\/apuntesdesanluis.com\/index.php\/2023\/08\/02\/macri-cuestiono-a-vidal-tras-el-respaldo-a-rodriguez-larreta-ha-desdibujado-su-perfil\/","og_site_name":"Apuntes de San Luis","article_published_time":"2023-08-02T23:42:13+00:00","og_image":[{"width":835,"height":527,"url":"https:\/\/apuntesdesanluis.com\/wp-content\/uploads\/2023\/08\/macri-vidal.png","type":"image\/png"}],"author":"apuntesdesanluis.com","twitter_card":"summary_large_image","twitter_misc":{"Escrito por":"apuntesdesanluis.com","Tiempo de lectura":"3 minutos"},"schema":{"@context":"https:\/\/schema.org","@graph":[{"@type":"Article","@id":"https:\/\/apuntesdesanluis.com\/index.php\/2023\/08\/02\/macri-cuestiono-a-vidal-tras-el-respaldo-a-rodriguez-larreta-ha-desdibujado-su-perfil\/#article","isPartOf":{"@id":"https:\/\/apuntesdesanluis.com\/index.php\/2023\/08\/02\/macri-cuestiono-a-vidal-tras-el-respaldo-a-rodriguez-larreta-ha-desdibujado-su-perfil\/"},"author":{"name":"apuntesdesanluis.com","@id":"https:\/\/apuntesdesanluis.com\/#\/schema\/person\/b55151d52296fcce64d1a72538a70b90"},"headline":"MACRI CUESTION\u00d3 A VIDAL TRAS EL RESPALDO A RODR\u00cdGUEZ LARRETA: &#8220;HA DESDIBUJADO SU PERFIL&#8221;","datePublished":"2023-08-02T23:42:13+00:00","mainEntityOfPage":{"@id":"https:\/\/apuntesdesanluis.com\/index.php\/2023\/08\/02\/macri-cuestiono-a-vidal-tras-el-respaldo-a-rodriguez-larreta-ha-desdibujado-su-perfil\/"},"wordCount":558,"publisher":{"@id":"https:\/\/apuntesdesanluis.com\/#\/schema\/person\/b55151d52296fcce64d1a72538a70b90"},"image":{"@id":"https:\/\/apuntesdesanluis.com\/index.php\/2023\/08\/02\/macri-cuestiono-a-vidal-tras-el-respaldo-a-rodriguez-larreta-ha-desdibujado-su-perfil\/#primaryimage"},"thumbnailUrl":"https:\/\/apuntesdesanluis.com\/wp-content\/uploads\/2023\/08\/macri-vidal.png","articleSection":["Nacionales\/Internacionales"],"inLanguage":"es-AR"},{"@type":"WebPage","@id":"https:\/\/apuntesdesanluis.com\/index.php\/2023\/08\/02\/macri-cuestiono-a-vidal-tras-el-respaldo-a-rodriguez-larreta-ha-desdibujado-su-perfil\/","url":"https:\/\/apuntesdesanluis.com\/index.php\/2023\/08\/02\/macri-cuestiono-a-vidal-tras-el-respaldo-a-rodriguez-larreta-ha-desdibujado-su-perfil\/","name":"MACRI CUESTION\u00d3 A VIDAL TRAS EL RESPALDO A RODR\u00cdGUEZ LARRETA: \"HA DESDIBUJADO SU PERFIL\" - Apuntes de San Luis","isPartOf":{"@id":"https:\/\/apuntesdesanluis.com\/#website"},"primaryImageOfPage":{"@id":"https:\/\/apuntesdesanluis.com\/index.php\/2023\/08\/02\/macri-cuestiono-a-vidal-tras-el-respaldo-a-rodriguez-larreta-ha-desdibujado-su-perfil\/#primaryimage"},"image":{"@id":"https:\/\/apuntesdesanluis.com\/index.php\/2023\/08\/02\/macri-cuestiono-a-vidal-tras-el-respaldo-a-rodriguez-larreta-ha-desdibujado-su-perfil\/#primaryimage"},"thumbnailUrl":"https:\/\/apuntesdesanluis.com\/wp-content\/uploads\/2023\/08\/macri-vidal.png","datePublished":"2023-08-02T23:42:13+00:00","breadcrumb":{"@id":"https:\/\/apuntesdesanluis.com\/index.php\/2023\/08\/02\/macri-cuestiono-a-vidal-tras-el-respaldo-a-rodriguez-larreta-ha-desdibujado-su-perfil\/#breadcrumb"},"inLanguage":"es-AR","potentialAction":[{"@type":"ReadAction","target":["https:\/\/apuntesdesanluis.com\/index.php\/2023\/08\/02\/macri-cuestiono-a-vidal-tras-el-respaldo-a-rodriguez-larreta-ha-desdibujado-su-perfil\/"]}]},{"@type":"ImageObject","inLanguage":"es-AR","@id":"https:\/\/apuntesdesanluis.com\/index.php\/2023\/08\/02\/macri-cuestiono-a-vidal-tras-el-respaldo-a-rodriguez-larreta-ha-desdibujado-su-perfil\/#primaryimage","url":"https:\/\/apuntesdesanluis.com\/wp-content\/uploads\/2023\/08\/macri-vidal.png","contentUrl":"https:\/\/apuntesdesanluis.com\/wp-content\/uploads\/2023\/08\/macri-vidal.png","width":835,"height":527},{"@type":"BreadcrumbList","@id":"https:\/\/apuntesdesanluis.com\/index.php\/2023\/08\/02\/macri-cuestiono-a-vidal-tras-el-respaldo-a-rodriguez-larreta-ha-desdibujado-su-perfil\/#breadcrumb","itemListElement":[{"@type":"ListItem","position":1,"name":"Inicio","item":"https:\/\/apuntesdesanluis.com\/"},{"@type":"ListItem","position":2,"name":"MACRI CUESTION\u00d3 A VIDAL TRAS EL RESPALDO A RODR\u00cdGUEZ LARRETA: &#8220;HA DESDIBUJADO SU PERFIL&#8221;"}]},{"@type":"WebSite","@id":"https:\/\/apuntesdesanluis.com\/#website","url":"https:\/\/apuntesdesanluis.com\/","name":"Apuntes de San Luis","description":"","publisher":{"@id":"https:\/\/apuntesdesanluis.com\/#\/schema\/person\/b55151d52296fcce64d1a72538a70b90"},"potentialAction":[{"@type":"SearchAction","target":{"@type":"EntryPoint","urlTemplate":"https:\/\/apuntesdesanluis.com\/?s={search_term_string}"},"query-input":{"@type":"PropertyValueSpecification","valueRequired":true,"valueName":"search_term_string"}}],"inLanguage":"es-AR"},{"@type":["Person","Organization"],"@id":"https:\/\/apuntesdesanluis.com\/#\/schema\/person\/b55151d52296fcce64d1a72538a70b90","name":"apuntesdesanluis.com","image":{"@type":"ImageObject","inLanguage":"es-AR","@id":"https:\/\/apuntesdesanluis.com\/#\/schema\/person\/image\/","url":"https:\/\/apuntesdesanluis.com\/wp-content\/uploads\/2023\/07\/cropped-apuntesdesanluis.png","contentUrl":"https:\/\/apuntesdesanluis.com\/wp-content\/uploads\/2023\/07\/cropped-apuntesdesanluis.png","width":450,"height":112,"caption":"apuntesdesanluis.com"},"logo":{"@id":"https:\/\/apuntesdesanluis.com\/#\/schema\/person\/image\/"},"sameAs":["https:\/\/apuntesdesanluis.com"],"url":"https:\/\/apuntesdesanluis.com\/index.php\/author\/apuntesdesanluis-com\/"}]}},"featured_image_urls":{"full":["https:\/\/apuntesdesanluis.com\/wp-content\/uploads\/2023\/08\/macri-vidal.png",835,527,false],"thumbnail":["https:\/\/apuntesdesanluis.com\/wp-content\/uploads\/2023\/08\/macri-vidal-150x150.png",150,150,true],"medium":["https:\/\/apuntesdesanluis.com\/wp-content\/uploads\/2023\/08\/macri-vidal-300x189.png",300,189,true],"medium_large":["https:\/\/apuntesdesanluis.com\/wp-content\/uploads\/2023\/08\/macri-vidal-768x485.png",640,404,true],"large":["https:\/\/apuntesdesanluis.com\/wp-content\/uploads\/2023\/08\/macri-vidal.png",640,404,false],"1536x1536":["https:\/\/apuntesdesanluis.com\/wp-content\/uploads\/2023\/08\/macri-vidal.png",835,527,false],"2048x2048":["https:\/\/apuntesdesanluis.com\/wp-content\/uploads\/2023\/08\/macri-vidal.png",835,527,false],"newsever-slider-full":["https:\/\/apuntesdesanluis.com\/wp-content\/uploads\/2023\/08\/macri-vidal.png",835,527,false],"newsever-featured":["https:\/\/apuntesdesanluis.com\/wp-content\/uploads\/2023\/08\/macri-vidal.png",835,527,false],"newsever-medium":["https:\/\/apuntesdesanluis.com\/wp-content\/uploads\/2023\/08\/macri-vidal-720x475.png",720,475,true]},"author_info":{"display_name":"apuntesdesanluis.com","author_link":"https:\/\/apuntesdesanluis.com\/index.php\/author\/apuntesdesanluis-com\/"},"category_info":"<a href=\"https:\/\/apuntesdesanluis.com\/index.php\/category\/nacionales-internacionales\/\" rel=\"category tag\">Nacionales\/Internacionales<\/a>","tag_info":"Nacionales\/Internacionales","comment_count":"0","_links":{"self":[{"href":"https:\/\/apuntesdesanluis.com\/index.php\/wp-json\/wp\/v2\/posts\/942","targetHints":{"allow":["GET"]}}],"collection":[{"href":"https:\/\/apuntesdesanluis.com\/index.php\/wp-json\/wp\/v2\/posts"}],"about":[{"href":"https:\/\/apuntesdesanluis.com\/index.php\/wp-json\/wp\/v2\/types\/post"}],"author":[{"embeddable":true,"href":"https:\/\/apuntesdesanluis.com\/index.php\/wp-json\/wp\/v2\/users\/1"}],"replies":[{"embeddable":true,"href":"https:\/\/apuntesdesanluis.com\/index.php\/wp-json\/wp\/v2\/comments?post=942"}],"version-history":[{"count":1,"href":"https:\/\/apuntesdesanluis.com\/index.php\/wp-json\/wp\/v2\/posts\/942\/revisions"}],"predecessor-version":[{"id":944,"href":"https:\/\/apuntesdesanluis.com\/index.php\/wp-json\/wp\/v2\/posts\/942\/revisions\/944"}],"wp:featuredmedia":[{"embeddable":true,"href":"https:\/\/apuntesdesanluis.com\/index.php\/wp-json\/wp\/v2\/media\/943"}],"wp:attachment":[{"href":"https:\/\/apuntesdesanluis.com\/index.php\/wp-json\/wp\/v2\/media?parent=942"}],"wp:term":[{"taxonomy":"category","embeddable":true,"href":"https:\/\/apuntesdesanluis.com\/index.php\/wp-json\/wp\/v2\/categories?post=942"},{"taxonomy":"post_tag","embeddable":true,"href":"https:\/\/apuntesdesanluis.com\/index.php\/wp-json\/wp\/v2\/tags?post=942"}],"curies":[{"name":"wp","href":"https:\/\/api.w.org\/{rel}","templated":true}]}}