{"id":945,"date":"2023-08-02T21:06:21","date_gmt":"2023-08-03T00:06:21","guid":{"rendered":"https:\/\/apuntesdesanluis.com\/?p=945"},"modified":"2023-08-02T21:07:14","modified_gmt":"2023-08-03T00:07:14","slug":"un-nene-de-8-anos-llamo-a-la-policia-para-pedir-auxilio-porque-su-madre-y-su-padrastro-lo-golpeaban","status":"publish","type":"post","link":"https:\/\/apuntesdesanluis.com\/index.php\/2023\/08\/02\/un-nene-de-8-anos-llamo-a-la-policia-para-pedir-auxilio-porque-su-madre-y-su-padrastro-lo-golpeaban\/","title":{"rendered":"UN NENE DE 8 A\u00d1OS LLAM\u00d3 A LA POLIC\u00cdA PARA PEDIR AUXILIO PORQUE SU MADRE Y SU PADRASTRO LO GOLPEABAN"},"content":{"rendered":"<h3>Un llamado a la l\u00ednea de emergencias policiales 101 de la provincia de La Pampa sorprendi\u00f3 a los operadores de turno el s\u00e1bado por la noche: del otro lado del tel\u00e9fono, un ni\u00f1o ped\u00eda auxilio porque su madre y su padrastro lo estaban golpeando en la vivienda que los tres compart\u00edan en el barrio Zona Norte de la ciudad de Santa Rosa.<\/h3>\n<h3>De inmediato, personal de la seccional Segunda de la polic\u00eda de La Pampa se dirigi\u00f3 al lugar. Al llegar, los agentes encontraron al chico junto a su abuela, quien explic\u00f3 que hab\u00eda quedado al cuidado del menor despu\u00e9s de que su hija y la pareja de la mujer le pegaran al peque\u00f1o.<\/h3>\n<h3>Seg\u00fan detallaron medios locales, la madre de la v\u00edctima estaba alcoholizada. En ese estado mostr\u00f3 una actitud hostil hacia los agentes y los quiso agredir, mientras que su pareja, un ex polic\u00eda, intent\u00f3 escapar sin \u00e9xito. Ambos fueron detenidos y en la ma\u00f1ana del lunes les dictaron la prisi\u00f3n preventiva por el t\u00e9rmino de 15 d\u00edas, en una audiencia encabezada por la jueza de Control Marisol Rodr\u00edguez.<\/h3>\n<h3>La investigaci\u00f3n de los hechos est\u00e1 en manos de la fiscal Cecilia Martini, quien imput\u00f3 a los acusados por los delitos de lesiones leves y amenazas agravadas por el v\u00ednculo. Mientras tanto, el menor fue puesto a resguardo. Tras la intervenci\u00f3n de la Direcci\u00f3n de Ni\u00f1ez y Adolescencia del gobierno pampeano, qued\u00f3 junto a su abuela materna.<\/h3>\n<h3><strong>Rodrigo Lofvall<\/strong>, el director de ese organismo, indic\u00f3 a El Diario de La Pampa que, a partir de la detenci\u00f3n de la pareja, \u201cno hubo que tomar medidas extremas, como el retiro del ni\u00f1o del medio familiar\u201d. Tambi\u00e9n dijo que se decidi\u00f3 que quedase al cuidado de su abuela para permitirle la continuidad escolar, la sociabilidad con sus amigos y su actividad cotidiana.<\/h3>\n<h3>\u201cSiempre tratamos de no tomar medidas extremas que lo saquen de su centro de vida. No est\u00e1 en otra localidad y la idea es garantizar que siga con su vida cotidiana\u201d, explic\u00f3.<\/h3>\n<h3>El funcionario destac\u00f3 el accionar de las partes que intervinieron en el caso. \u201cSe actu\u00f3 prontamente, las personas quedaron detenidas y \u00e9l qued\u00f3 al resguardo de un familiar\u201d, dijo. Por otra parte, mencion\u00f3, aunque sin dar m\u00e1s detalles, que el grupo familiar de la v\u00edctima ya estaba en la \u00f3rbita de las autoridades desde 2014 por situaciones de vulnerabilidad.<\/h3>\n<h3>\u00bfQu\u00e9 suceder\u00e1 con el ni\u00f1o cuando el padrastro y su madre recuperen la libertad? \u201cVamos a seguir interviniendo y tomando decisiones. Estos padres quedar\u00e1n en libertad en alg\u00fan momento, depende de la Justicia, y ah\u00ed se valorar\u00e1 si este ni\u00f1o puede retornar al grupo familiar. En principio, est\u00e1 claro que ahora no\u201d, respondi\u00f3 Lofvall.<\/h3>\n<h3><img fetchpriority=\"high\" decoding=\"async\" class=\"wp-image-946 aligncenter\" src=\"https:\/\/apuntesdesanluis.com\/wp-content\/uploads\/2023\/08\/download.jpg\" alt=\"\" width=\"643\" height=\"360\" \/><\/h3>\n<h4 style=\"text-align: center;\"><em>El hecho trajo el recuerdo del doloroso caso de Lucio Dupuy.<\/em><\/h4>\n<h3>El episodio cobr\u00f3 notoriedad en La Pampa y r\u00e1pidamente trajo a recuerdo el caso de Lucio Dupuy, el nene de 5 a\u00f1os que fue asesinado a golpes por su madre y la pareja de la mujer, a quienes se las conden\u00f3 a prisi\u00f3n perpetua. Este aberrante hecho dio pie a la Ley Lucio, que el Senado de la Naci\u00f3n aprob\u00f3 por unanimidad a mediados de abril pasado.<\/h3>\n<h3>La normativa busca prevenir las violencias y abusos en la infancia. Plantea capacitaciones continuas y obligatorias, campa\u00f1as de concientizaci\u00f3n y mayor presupuesto para luchar contra la violencia en perjuicio de los ni\u00f1os.<\/h3>\n<h3>En su articulado se crea el Plan Federal de Capacitaci\u00f3n de car\u00e1cter continuo, permanente y obligatorio en Derechos de Ni\u00f1os, Ni\u00f1as y Adolescentes (NNyA) \u2014plan que le da nombre a la ley\u2014 dirigido a todas las personas que se desempe\u00f1en en la funci\u00f3n p\u00fablica en todos sus niveles y jerarqu\u00edas en los poderes Ejecutivo, Legislativo y Judicial.<\/h3>\n<h3>La capacitaci\u00f3n prevista puede extenderse a administraciones provinciales y municipales y organizaciones sociales, deportivas, recreativas y culturales.<\/h3>\n","protected":false},"excerpt":{"rendered":"<p>Un llamado a la l\u00ednea de emergencias policiales 101 de la provincia de La Pampa&#8230;<\/p>\n","protected":false},"author":1,"featured_media":947,"comment_status":"closed","ping_status":"closed","sticky":false,"template":"","format":"standard","meta":{"footnotes":""},"categories":[5],"tags":[],"class_list":["post-945","post","type-post","status-publish","format-standard","has-post-thumbnail","hentry","category-nacionales-internacionales"],"yoast_head":"<!-- This site is optimized with the Yoast SEO plugin v26.1.1 - https:\/\/yoast.com\/wordpress\/plugins\/seo\/ -->\n<title>UN NENE DE 8 A\u00d1OS LLAM\u00d3 A LA POLIC\u00cdA PARA PEDIR AUXILIO PORQUE SU MADRE Y SU PADRASTRO LO GOLPEABAN - Apuntes de San Luis<\/title>\n<meta name=\"robots\" content=\"index, follow, max-snippet:-1, max-image-preview:large, max-video-preview:-1\" \/>\n<link rel=\"canonical\" href=\"https:\/\/apuntesdesanluis.com\/index.php\/2023\/08\/02\/un-nene-de-8-anos-llamo-a-la-policia-para-pedir-auxilio-porque-su-madre-y-su-padrastro-lo-golpeaban\/\" \/>\n<meta property=\"og:locale\" content=\"es_ES\" \/>\n<meta property=\"og:type\" content=\"article\" \/>\n<meta property=\"og:title\" content=\"UN NENE DE 8 A\u00d1OS LLAM\u00d3 A LA POLIC\u00cdA PARA PEDIR AUXILIO PORQUE SU MADRE Y SU PADRASTRO LO GOLPEABAN - Apuntes de San Luis\" \/>\n<meta property=\"og:description\" content=\"Un llamado a la l\u00ednea de emergencias policiales 101 de la provincia de La Pampa...\" \/>\n<meta property=\"og:url\" content=\"https:\/\/apuntesdesanluis.com\/index.php\/2023\/08\/02\/un-nene-de-8-anos-llamo-a-la-policia-para-pedir-auxilio-porque-su-madre-y-su-padrastro-lo-golpeaban\/\" \/>\n<meta property=\"og:site_name\" content=\"Apuntes de San Luis\" \/>\n<meta property=\"article:published_time\" content=\"2023-08-03T00:06:21+00:00\" \/>\n<meta property=\"article:modified_time\" content=\"2023-08-03T00:07:14+00:00\" \/>\n<meta property=\"og:image\" content=\"https:\/\/apuntesdesanluis.com\/wp-content\/uploads\/2023\/08\/centro-judicial-la-pampa.png\" \/>\n\t<meta property=\"og:image:width\" content=\"700\" \/>\n\t<meta property=\"og:image:height\" content=\"385\" \/>\n\t<meta property=\"og:image:type\" content=\"image\/png\" \/>\n<meta name=\"author\" content=\"apuntesdesanluis.com\" \/>\n<meta name=\"twitter:card\" content=\"summary_large_image\" \/>\n<meta name=\"twitter:label1\" content=\"Escrito por\" \/>\n\t<meta name=\"twitter:data1\" content=\"apuntesdesanluis.com\" \/>\n\t<meta name=\"twitter:label2\" content=\"Tiempo de lectura\" \/>\n\t<meta name=\"twitter:data2\" content=\"4 minutos\" \/>\n<script type=\"application\/ld+json\" class=\"yoast-schema-graph\">{\"@context\":\"https:\/\/schema.org\",\"@graph\":[{\"@type\":\"Article\",\"@id\":\"https:\/\/apuntesdesanluis.com\/index.php\/2023\/08\/02\/un-nene-de-8-anos-llamo-a-la-policia-para-pedir-auxilio-porque-su-madre-y-su-padrastro-lo-golpeaban\/#article\",\"isPartOf\":{\"@id\":\"https:\/\/apuntesdesanluis.com\/index.php\/2023\/08\/02\/un-nene-de-8-anos-llamo-a-la-policia-para-pedir-auxilio-porque-su-madre-y-su-padrastro-lo-golpeaban\/\"},\"author\":{\"name\":\"apuntesdesanluis.com\",\"@id\":\"https:\/\/apuntesdesanluis.com\/#\/schema\/person\/b55151d52296fcce64d1a72538a70b90\"},\"headline\":\"UN NENE DE 8 A\u00d1OS LLAM\u00d3 A LA POLIC\u00cdA PARA PEDIR AUXILIO PORQUE SU MADRE Y SU PADRASTRO LO GOLPEABAN\",\"datePublished\":\"2023-08-03T00:06:21+00:00\",\"dateModified\":\"2023-08-03T00:07:14+00:00\",\"mainEntityOfPage\":{\"@id\":\"https:\/\/apuntesdesanluis.com\/index.php\/2023\/08\/02\/un-nene-de-8-anos-llamo-a-la-policia-para-pedir-auxilio-porque-su-madre-y-su-padrastro-lo-golpeaban\/\"},\"wordCount\":695,\"publisher\":{\"@id\":\"https:\/\/apuntesdesanluis.com\/#\/schema\/person\/b55151d52296fcce64d1a72538a70b90\"},\"image\":{\"@id\":\"https:\/\/apuntesdesanluis.com\/index.php\/2023\/08\/02\/un-nene-de-8-anos-llamo-a-la-policia-para-pedir-auxilio-porque-su-madre-y-su-padrastro-lo-golpeaban\/#primaryimage\"},\"thumbnailUrl\":\"https:\/\/apuntesdesanluis.com\/wp-content\/uploads\/2023\/08\/centro-judicial-la-pampa.png\",\"articleSection\":[\"Nacionales\/Internacionales\"],\"inLanguage\":\"es-AR\"},{\"@type\":\"WebPage\",\"@id\":\"https:\/\/apuntesdesanluis.com\/index.php\/2023\/08\/02\/un-nene-de-8-anos-llamo-a-la-policia-para-pedir-auxilio-porque-su-madre-y-su-padrastro-lo-golpeaban\/\",\"url\":\"https:\/\/apuntesdesanluis.com\/index.php\/2023\/08\/02\/un-nene-de-8-anos-llamo-a-la-policia-para-pedir-auxilio-porque-su-madre-y-su-padrastro-lo-golpeaban\/\",\"name\":\"UN NENE DE 8 A\u00d1OS LLAM\u00d3 A LA POLIC\u00cdA PARA PEDIR AUXILIO PORQUE SU MADRE Y SU PADRASTRO LO GOLPEABAN - Apuntes de San Luis\",\"isPartOf\":{\"@id\":\"https:\/\/apuntesdesanluis.com\/#website\"},\"primaryImageOfPage\":{\"@id\":\"https:\/\/apuntesdesanluis.com\/index.php\/2023\/08\/02\/un-nene-de-8-anos-llamo-a-la-policia-para-pedir-auxilio-porque-su-madre-y-su-padrastro-lo-golpeaban\/#primaryimage\"},\"image\":{\"@id\":\"https:\/\/apuntesdesanluis.com\/index.php\/2023\/08\/02\/un-nene-de-8-anos-llamo-a-la-policia-para-pedir-auxilio-porque-su-madre-y-su-padrastro-lo-golpeaban\/#primaryimage\"},\"thumbnailUrl\":\"https:\/\/apuntesdesanluis.com\/wp-content\/uploads\/2023\/08\/centro-judicial-la-pampa.png\",\"datePublished\":\"2023-08-03T00:06:21+00:00\",\"dateModified\":\"2023-08-03T00:07:14+00:00\",\"breadcrumb\":{\"@id\":\"https:\/\/apuntesdesanluis.com\/index.php\/2023\/08\/02\/un-nene-de-8-anos-llamo-a-la-policia-para-pedir-auxilio-porque-su-madre-y-su-padrastro-lo-golpeaban\/#breadcrumb\"},\"inLanguage\":\"es-AR\",\"potentialAction\":[{\"@type\":\"ReadAction\",\"target\":[\"https:\/\/apuntesdesanluis.com\/index.php\/2023\/08\/02\/un-nene-de-8-anos-llamo-a-la-policia-para-pedir-auxilio-porque-su-madre-y-su-padrastro-lo-golpeaban\/\"]}]},{\"@type\":\"ImageObject\",\"inLanguage\":\"es-AR\",\"@id\":\"https:\/\/apuntesdesanluis.com\/index.php\/2023\/08\/02\/un-nene-de-8-anos-llamo-a-la-policia-para-pedir-auxilio-porque-su-madre-y-su-padrastro-lo-golpeaban\/#primaryimage\",\"url\":\"https:\/\/apuntesdesanluis.com\/wp-content\/uploads\/2023\/08\/centro-judicial-la-pampa.png\",\"contentUrl\":\"https:\/\/apuntesdesanluis.com\/wp-content\/uploads\/2023\/08\/centro-judicial-la-pampa.png\",\"width\":700,\"height\":385},{\"@type\":\"BreadcrumbList\",\"@id\":\"https:\/\/apuntesdesanluis.com\/index.php\/2023\/08\/02\/un-nene-de-8-anos-llamo-a-la-policia-para-pedir-auxilio-porque-su-madre-y-su-padrastro-lo-golpeaban\/#breadcrumb\",\"itemListElement\":[{\"@type\":\"ListItem\",\"position\":1,\"name\":\"Inicio\",\"item\":\"https:\/\/apuntesdesanluis.com\/\"},{\"@type\":\"ListItem\",\"position\":2,\"name\":\"UN NENE DE 8 A\u00d1OS LLAM\u00d3 A LA POLIC\u00cdA PARA PEDIR AUXILIO PORQUE SU MADRE Y SU PADRASTRO LO GOLPEABAN\"}]},{\"@type\":\"WebSite\",\"@id\":\"https:\/\/apuntesdesanluis.com\/#website\",\"url\":\"https:\/\/apuntesdesanluis.com\/\",\"name\":\"Apuntes de San Luis\",\"description\":\"\",\"publisher\":{\"@id\":\"https:\/\/apuntesdesanluis.com\/#\/schema\/person\/b55151d52296fcce64d1a72538a70b90\"},\"potentialAction\":[{\"@type\":\"SearchAction\",\"target\":{\"@type\":\"EntryPoint\",\"urlTemplate\":\"https:\/\/apuntesdesanluis.com\/?s={search_term_string}\"},\"query-input\":{\"@type\":\"PropertyValueSpecification\",\"valueRequired\":true,\"valueName\":\"search_term_string\"}}],\"inLanguage\":\"es-AR\"},{\"@type\":[\"Person\",\"Organization\"],\"@id\":\"https:\/\/apuntesdesanluis.com\/#\/schema\/person\/b55151d52296fcce64d1a72538a70b90\",\"name\":\"apuntesdesanluis.com\",\"image\":{\"@type\":\"ImageObject\",\"inLanguage\":\"es-AR\",\"@id\":\"https:\/\/apuntesdesanluis.com\/#\/schema\/person\/image\/\",\"url\":\"https:\/\/apuntesdesanluis.com\/wp-content\/uploads\/2023\/07\/cropped-apuntesdesanluis.png\",\"contentUrl\":\"https:\/\/apuntesdesanluis.com\/wp-content\/uploads\/2023\/07\/cropped-apuntesdesanluis.png\",\"width\":450,\"height\":112,\"caption\":\"apuntesdesanluis.com\"},\"logo\":{\"@id\":\"https:\/\/apuntesdesanluis.com\/#\/schema\/person\/image\/\"},\"sameAs\":[\"https:\/\/apuntesdesanluis.com\"],\"url\":\"https:\/\/apuntesdesanluis.com\/index.php\/author\/apuntesdesanluis-com\/\"}]}<\/script>\n<!-- \/ Yoast SEO plugin. -->","yoast_head_json":{"title":"UN NENE DE 8 A\u00d1OS LLAM\u00d3 A LA POLIC\u00cdA PARA PEDIR AUXILIO PORQUE SU MADRE Y SU PADRASTRO LO GOLPEABAN - Apuntes de San Luis","robots":{"index":"index","follow":"follow","max-snippet":"max-snippet:-1","max-image-preview":"max-image-preview:large","max-video-preview":"max-video-preview:-1"},"canonical":"https:\/\/apuntesdesanluis.com\/index.php\/2023\/08\/02\/un-nene-de-8-anos-llamo-a-la-policia-para-pedir-auxilio-porque-su-madre-y-su-padrastro-lo-golpeaban\/","og_locale":"es_ES","og_type":"article","og_title":"UN NENE DE 8 A\u00d1OS LLAM\u00d3 A LA POLIC\u00cdA PARA PEDIR AUXILIO PORQUE SU MADRE Y SU PADRASTRO LO GOLPEABAN - Apuntes de San Luis","og_description":"Un llamado a la l\u00ednea de emergencias policiales 101 de la provincia de La Pampa...","og_url":"https:\/\/apuntesdesanluis.com\/index.php\/2023\/08\/02\/un-nene-de-8-anos-llamo-a-la-policia-para-pedir-auxilio-porque-su-madre-y-su-padrastro-lo-golpeaban\/","og_site_name":"Apuntes de San Luis","article_published_time":"2023-08-03T00:06:21+00:00","article_modified_time":"2023-08-03T00:07:14+00:00","og_image":[{"width":700,"height":385,"url":"https:\/\/apuntesdesanluis.com\/wp-content\/uploads\/2023\/08\/centro-judicial-la-pampa.png","type":"image\/png"}],"author":"apuntesdesanluis.com","twitter_card":"summary_large_image","twitter_misc":{"Escrito por":"apuntesdesanluis.com","Tiempo de lectura":"4 minutos"},"schema":{"@context":"https:\/\/schema.org","@graph":[{"@type":"Article","@id":"https:\/\/apuntesdesanluis.com\/index.php\/2023\/08\/02\/un-nene-de-8-anos-llamo-a-la-policia-para-pedir-auxilio-porque-su-madre-y-su-padrastro-lo-golpeaban\/#article","isPartOf":{"@id":"https:\/\/apuntesdesanluis.com\/index.php\/2023\/08\/02\/un-nene-de-8-anos-llamo-a-la-policia-para-pedir-auxilio-porque-su-madre-y-su-padrastro-lo-golpeaban\/"},"author":{"name":"apuntesdesanluis.com","@id":"https:\/\/apuntesdesanluis.com\/#\/schema\/person\/b55151d52296fcce64d1a72538a70b90"},"headline":"UN NENE DE 8 A\u00d1OS LLAM\u00d3 A LA POLIC\u00cdA PARA PEDIR AUXILIO PORQUE SU MADRE Y SU PADRASTRO LO GOLPEABAN","datePublished":"2023-08-03T00:06:21+00:00","dateModified":"2023-08-03T00:07:14+00:00","mainEntityOfPage":{"@id":"https:\/\/apuntesdesanluis.com\/index.php\/2023\/08\/02\/un-nene-de-8-anos-llamo-a-la-policia-para-pedir-auxilio-porque-su-madre-y-su-padrastro-lo-golpeaban\/"},"wordCount":695,"publisher":{"@id":"https:\/\/apuntesdesanluis.com\/#\/schema\/person\/b55151d52296fcce64d1a72538a70b90"},"image":{"@id":"https:\/\/apuntesdesanluis.com\/index.php\/2023\/08\/02\/un-nene-de-8-anos-llamo-a-la-policia-para-pedir-auxilio-porque-su-madre-y-su-padrastro-lo-golpeaban\/#primaryimage"},"thumbnailUrl":"https:\/\/apuntesdesanluis.com\/wp-content\/uploads\/2023\/08\/centro-judicial-la-pampa.png","articleSection":["Nacionales\/Internacionales"],"inLanguage":"es-AR"},{"@type":"WebPage","@id":"https:\/\/apuntesdesanluis.com\/index.php\/2023\/08\/02\/un-nene-de-8-anos-llamo-a-la-policia-para-pedir-auxilio-porque-su-madre-y-su-padrastro-lo-golpeaban\/","url":"https:\/\/apuntesdesanluis.com\/index.php\/2023\/08\/02\/un-nene-de-8-anos-llamo-a-la-policia-para-pedir-auxilio-porque-su-madre-y-su-padrastro-lo-golpeaban\/","name":"UN NENE DE 8 A\u00d1OS LLAM\u00d3 A LA POLIC\u00cdA PARA PEDIR AUXILIO PORQUE SU MADRE Y SU PADRASTRO LO GOLPEABAN - Apuntes de San Luis","isPartOf":{"@id":"https:\/\/apuntesdesanluis.com\/#website"},"primaryImageOfPage":{"@id":"https:\/\/apuntesdesanluis.com\/index.php\/2023\/08\/02\/un-nene-de-8-anos-llamo-a-la-policia-para-pedir-auxilio-porque-su-madre-y-su-padrastro-lo-golpeaban\/#primaryimage"},"image":{"@id":"https:\/\/apuntesdesanluis.com\/index.php\/2023\/08\/02\/un-nene-de-8-anos-llamo-a-la-policia-para-pedir-auxilio-porque-su-madre-y-su-padrastro-lo-golpeaban\/#primaryimage"},"thumbnailUrl":"https:\/\/apuntesdesanluis.com\/wp-content\/uploads\/2023\/08\/centro-judicial-la-pampa.png","datePublished":"2023-08-03T00:06:21+00:00","dateModified":"2023-08-03T00:07:14+00:00","breadcrumb":{"@id":"https:\/\/apuntesdesanluis.com\/index.php\/2023\/08\/02\/un-nene-de-8-anos-llamo-a-la-policia-para-pedir-auxilio-porque-su-madre-y-su-padrastro-lo-golpeaban\/#breadcrumb"},"inLanguage":"es-AR","potentialAction":[{"@type":"ReadAction","target":["https:\/\/apuntesdesanluis.com\/index.php\/2023\/08\/02\/un-nene-de-8-anos-llamo-a-la-policia-para-pedir-auxilio-porque-su-madre-y-su-padrastro-lo-golpeaban\/"]}]},{"@type":"ImageObject","inLanguage":"es-AR","@id":"https:\/\/apuntesdesanluis.com\/index.php\/2023\/08\/02\/un-nene-de-8-anos-llamo-a-la-policia-para-pedir-auxilio-porque-su-madre-y-su-padrastro-lo-golpeaban\/#primaryimage","url":"https:\/\/apuntesdesanluis.com\/wp-content\/uploads\/2023\/08\/centro-judicial-la-pampa.png","contentUrl":"https:\/\/apuntesdesanluis.com\/wp-content\/uploads\/2023\/08\/centro-judicial-la-pampa.png","width":700,"height":385},{"@type":"BreadcrumbList","@id":"https:\/\/apuntesdesanluis.com\/index.php\/2023\/08\/02\/un-nene-de-8-anos-llamo-a-la-policia-para-pedir-auxilio-porque-su-madre-y-su-padrastro-lo-golpeaban\/#breadcrumb","itemListElement":[{"@type":"ListItem","position":1,"name":"Inicio","item":"https:\/\/apuntesdesanluis.com\/"},{"@type":"ListItem","position":2,"name":"UN NENE DE 8 A\u00d1OS LLAM\u00d3 A LA POLIC\u00cdA PARA PEDIR AUXILIO PORQUE SU MADRE Y SU PADRASTRO LO GOLPEABAN"}]},{"@type":"WebSite","@id":"https:\/\/apuntesdesanluis.com\/#website","url":"https:\/\/apuntesdesanluis.com\/","name":"Apuntes de San Luis","description":"","publisher":{"@id":"https:\/\/apuntesdesanluis.com\/#\/schema\/person\/b55151d52296fcce64d1a72538a70b90"},"potentialAction":[{"@type":"SearchAction","target":{"@type":"EntryPoint","urlTemplate":"https:\/\/apuntesdesanluis.com\/?s={search_term_string}"},"query-input":{"@type":"PropertyValueSpecification","valueRequired":true,"valueName":"search_term_string"}}],"inLanguage":"es-AR"},{"@type":["Person","Organization"],"@id":"https:\/\/apuntesdesanluis.com\/#\/schema\/person\/b55151d52296fcce64d1a72538a70b90","name":"apuntesdesanluis.com","image":{"@type":"ImageObject","inLanguage":"es-AR","@id":"https:\/\/apuntesdesanluis.com\/#\/schema\/person\/image\/","url":"https:\/\/apuntesdesanluis.com\/wp-content\/uploads\/2023\/07\/cropped-apuntesdesanluis.png","contentUrl":"https:\/\/apuntesdesanluis.com\/wp-content\/uploads\/2023\/07\/cropped-apuntesdesanluis.png","width":450,"height":112,"caption":"apuntesdesanluis.com"},"logo":{"@id":"https:\/\/apuntesdesanluis.com\/#\/schema\/person\/image\/"},"sameAs":["https:\/\/apuntesdesanluis.com"],"url":"https:\/\/apuntesdesanluis.com\/index.php\/author\/apuntesdesanluis-com\/"}]}},"featured_image_urls":{"full":["https:\/\/apuntesdesanluis.com\/wp-content\/uploads\/2023\/08\/centro-judicial-la-pampa.png",700,385,false],"thumbnail":["https:\/\/apuntesdesanluis.com\/wp-content\/uploads\/2023\/08\/centro-judicial-la-pampa-150x150.png",150,150,true],"medium":["https:\/\/apuntesdesanluis.com\/wp-content\/uploads\/2023\/08\/centro-judicial-la-pampa-300x165.png",300,165,true],"medium_large":["https:\/\/apuntesdesanluis.com\/wp-content\/uploads\/2023\/08\/centro-judicial-la-pampa.png",640,352,false],"large":["https:\/\/apuntesdesanluis.com\/wp-content\/uploads\/2023\/08\/centro-judicial-la-pampa.png",640,352,false],"1536x1536":["https:\/\/apuntesdesanluis.com\/wp-content\/uploads\/2023\/08\/centro-judicial-la-pampa.png",700,385,false],"2048x2048":["https:\/\/apuntesdesanluis.com\/wp-content\/uploads\/2023\/08\/centro-judicial-la-pampa.png",700,385,false],"newsever-slider-full":["https:\/\/apuntesdesanluis.com\/wp-content\/uploads\/2023\/08\/centro-judicial-la-pampa.png",700,385,false],"newsever-featured":["https:\/\/apuntesdesanluis.com\/wp-content\/uploads\/2023\/08\/centro-judicial-la-pampa.png",700,385,false],"newsever-medium":["https:\/\/apuntesdesanluis.com\/wp-content\/uploads\/2023\/08\/centro-judicial-la-pampa.png",700,385,false]},"author_info":{"display_name":"apuntesdesanluis.com","author_link":"https:\/\/apuntesdesanluis.com\/index.php\/author\/apuntesdesanluis-com\/"},"category_info":"<a href=\"https:\/\/apuntesdesanluis.com\/index.php\/category\/nacionales-internacionales\/\" rel=\"category tag\">Nacionales\/Internacionales<\/a>","tag_info":"Nacionales\/Internacionales","comment_count":"0","_links":{"self":[{"href":"https:\/\/apuntesdesanluis.com\/index.php\/wp-json\/wp\/v2\/posts\/945","targetHints":{"allow":["GET"]}}],"collection":[{"href":"https:\/\/apuntesdesanluis.com\/index.php\/wp-json\/wp\/v2\/posts"}],"about":[{"href":"https:\/\/apuntesdesanluis.com\/index.php\/wp-json\/wp\/v2\/types\/post"}],"author":[{"embeddable":true,"href":"https:\/\/apuntesdesanluis.com\/index.php\/wp-json\/wp\/v2\/users\/1"}],"replies":[{"embeddable":true,"href":"https:\/\/apuntesdesanluis.com\/index.php\/wp-json\/wp\/v2\/comments?post=945"}],"version-history":[{"count":2,"href":"https:\/\/apuntesdesanluis.com\/index.php\/wp-json\/wp\/v2\/posts\/945\/revisions"}],"predecessor-version":[{"id":949,"href":"https:\/\/apuntesdesanluis.com\/index.php\/wp-json\/wp\/v2\/posts\/945\/revisions\/949"}],"wp:featuredmedia":[{"embeddable":true,"href":"https:\/\/apuntesdesanluis.com\/index.php\/wp-json\/wp\/v2\/media\/947"}],"wp:attachment":[{"href":"https:\/\/apuntesdesanluis.com\/index.php\/wp-json\/wp\/v2\/media?parent=945"}],"wp:term":[{"taxonomy":"category","embeddable":true,"href":"https:\/\/apuntesdesanluis.com\/index.php\/wp-json\/wp\/v2\/categories?post=945"},{"taxonomy":"post_tag","embeddable":true,"href":"https:\/\/apuntesdesanluis.com\/index.php\/wp-json\/wp\/v2\/tags?post=945"}],"curies":[{"name":"wp","href":"https:\/\/api.w.org\/{rel}","templated":true}]}}