{"id":9473,"date":"2024-01-05T08:39:46","date_gmt":"2024-01-05T11:39:46","guid":{"rendered":"https:\/\/apuntesdesanluis.com\/?p=9473"},"modified":"2024-01-05T08:39:46","modified_gmt":"2024-01-05T11:39:46","slug":"insolito-llevo-a-un-caballo-dentro-de-su-renault-19-mientras-circulaba-en-una-ruta-de-cordoba","status":"publish","type":"post","link":"https:\/\/apuntesdesanluis.com\/index.php\/2024\/01\/05\/insolito-llevo-a-un-caballo-dentro-de-su-renault-19-mientras-circulaba-en-una-ruta-de-cordoba\/","title":{"rendered":"INS\u00d3LITO: LLEV\u00d3 A UN CABALLO DENTRO DE SU RENAULT 19 MIENTRAS CIRCULABA EN UNA RUTA DE C\u00d3RDOBA"},"content":{"rendered":"<h3>Un conductor llev\u00f3 a su caballo dentro de su auto Renault 19 mientras circulaba por las rutas de C\u00f3rdoba, en lo que represent\u00f3 una acci\u00f3n imprudente al volante.<\/h3>\n<h3>El ins\u00f3lito momento qued\u00f3 registrado en un video proveniente del celular de un integrante de otro veh\u00edculo, que lo grab\u00f3 el 1 de enero pasado.<\/h3>\n<h3>Las im\u00e1genes, que se volvieron virales en las \u00faltimas horas, muestran a Renault 19 marchado y dentro de \u00e9l un caballo, que sacaba la cabeza por la ventanilla.<\/h3>\n<p><iframe title=\"Video: sac\u00f3 a pasear al caballo en auto por las rutas de C\u00f3rdoba\" width=\"640\" height=\"360\" src=\"https:\/\/www.youtube.com\/embed\/z8Mr6i5I-n0?start=1&#038;feature=oembed\" frameborder=\"0\" allow=\"accelerometer; autoplay; clipboard-write; encrypted-media; gyroscope; picture-in-picture; web-share\" referrerpolicy=\"strict-origin-when-cross-origin\" allowfullscreen><\/iframe><\/p>\n<h3>El hecho sucedi\u00f3 en la ruta provincial 17, en las cercan\u00edas de la localidad Marull, que se encuentra a 170 kil\u00f3metros de C\u00f3rdoba.<\/h3>\n<h3>&#8220;Esto es C\u00f3rdoba, se\u00f1ores. Se ve de todo un poco, cosas raras y no tan raras, pero la verdad es que nunca hab\u00eda visto un caballo arriba de un 19&#8221;, se escucha decir en el video viral.<\/h3>\n<p>&nbsp;<\/p>\n<p>&nbsp;<\/p>\n<p>&nbsp;<\/p>\n","protected":false},"excerpt":{"rendered":"<p>Un conductor llev\u00f3 a su caballo dentro de su auto Renault 19 mientras circulaba por&#8230;<\/p>\n","protected":false},"author":1,"featured_media":9474,"comment_status":"closed","ping_status":"closed","sticky":false,"template":"","format":"standard","meta":{"footnotes":""},"categories":[5],"tags":[],"class_list":["post-9473","post","type-post","status-publish","format-standard","has-post-thumbnail","hentry","category-nacionales-internacionales"],"yoast_head":"<!-- This site is optimized with the Yoast SEO plugin v26.1.1 - https:\/\/yoast.com\/wordpress\/plugins\/seo\/ -->\n<title>INS\u00d3LITO: LLEV\u00d3 A UN CABALLO DENTRO DE SU RENAULT 19 MIENTRAS CIRCULABA EN UNA RUTA DE C\u00d3RDOBA - Apuntes de San Luis<\/title>\n<meta name=\"robots\" content=\"index, follow, max-snippet:-1, max-image-preview:large, max-video-preview:-1\" \/>\n<link rel=\"canonical\" href=\"https:\/\/apuntesdesanluis.com\/index.php\/2024\/01\/05\/insolito-llevo-a-un-caballo-dentro-de-su-renault-19-mientras-circulaba-en-una-ruta-de-cordoba\/\" \/>\n<meta property=\"og:locale\" content=\"es_ES\" \/>\n<meta property=\"og:type\" content=\"article\" \/>\n<meta property=\"og:title\" content=\"INS\u00d3LITO: LLEV\u00d3 A UN CABALLO DENTRO DE SU RENAULT 19 MIENTRAS CIRCULABA EN UNA RUTA DE C\u00d3RDOBA - Apuntes de San Luis\" \/>\n<meta property=\"og:description\" content=\"Un conductor llev\u00f3 a su caballo dentro de su auto Renault 19 mientras circulaba por...\" \/>\n<meta property=\"og:url\" content=\"https:\/\/apuntesdesanluis.com\/index.php\/2024\/01\/05\/insolito-llevo-a-un-caballo-dentro-de-su-renault-19-mientras-circulaba-en-una-ruta-de-cordoba\/\" \/>\n<meta property=\"og:site_name\" content=\"Apuntes de San Luis\" \/>\n<meta property=\"article:published_time\" content=\"2024-01-05T11:39:46+00:00\" \/>\n<meta property=\"og:image\" content=\"https:\/\/apuntesdesanluis.com\/wp-content\/uploads\/2024\/01\/caballo.png\" \/>\n\t<meta property=\"og:image:width\" content=\"601\" \/>\n\t<meta property=\"og:image:height\" content=\"364\" \/>\n\t<meta property=\"og:image:type\" content=\"image\/png\" \/>\n<meta name=\"author\" content=\"apuntesdesanluis.com\" \/>\n<meta name=\"twitter:card\" content=\"summary_large_image\" \/>\n<meta name=\"twitter:label1\" content=\"Escrito por\" \/>\n\t<meta name=\"twitter:data1\" content=\"apuntesdesanluis.com\" \/>\n\t<meta name=\"twitter:label2\" content=\"Tiempo de lectura\" \/>\n\t<meta name=\"twitter:data2\" content=\"1 minuto\" \/>\n<script type=\"application\/ld+json\" class=\"yoast-schema-graph\">{\"@context\":\"https:\/\/schema.org\",\"@graph\":[{\"@type\":\"Article\",\"@id\":\"https:\/\/apuntesdesanluis.com\/index.php\/2024\/01\/05\/insolito-llevo-a-un-caballo-dentro-de-su-renault-19-mientras-circulaba-en-una-ruta-de-cordoba\/#article\",\"isPartOf\":{\"@id\":\"https:\/\/apuntesdesanluis.com\/index.php\/2024\/01\/05\/insolito-llevo-a-un-caballo-dentro-de-su-renault-19-mientras-circulaba-en-una-ruta-de-cordoba\/\"},\"author\":{\"name\":\"apuntesdesanluis.com\",\"@id\":\"https:\/\/apuntesdesanluis.com\/#\/schema\/person\/b55151d52296fcce64d1a72538a70b90\"},\"headline\":\"INS\u00d3LITO: LLEV\u00d3 A UN CABALLO DENTRO DE SU RENAULT 19 MIENTRAS CIRCULABA EN UNA RUTA DE C\u00d3RDOBA\",\"datePublished\":\"2024-01-05T11:39:46+00:00\",\"mainEntityOfPage\":{\"@id\":\"https:\/\/apuntesdesanluis.com\/index.php\/2024\/01\/05\/insolito-llevo-a-un-caballo-dentro-de-su-renault-19-mientras-circulaba-en-una-ruta-de-cordoba\/\"},\"wordCount\":177,\"publisher\":{\"@id\":\"https:\/\/apuntesdesanluis.com\/#\/schema\/person\/b55151d52296fcce64d1a72538a70b90\"},\"image\":{\"@id\":\"https:\/\/apuntesdesanluis.com\/index.php\/2024\/01\/05\/insolito-llevo-a-un-caballo-dentro-de-su-renault-19-mientras-circulaba-en-una-ruta-de-cordoba\/#primaryimage\"},\"thumbnailUrl\":\"https:\/\/apuntesdesanluis.com\/wp-content\/uploads\/2024\/01\/caballo.png\",\"articleSection\":[\"Nacionales\/Internacionales\"],\"inLanguage\":\"es-AR\"},{\"@type\":\"WebPage\",\"@id\":\"https:\/\/apuntesdesanluis.com\/index.php\/2024\/01\/05\/insolito-llevo-a-un-caballo-dentro-de-su-renault-19-mientras-circulaba-en-una-ruta-de-cordoba\/\",\"url\":\"https:\/\/apuntesdesanluis.com\/index.php\/2024\/01\/05\/insolito-llevo-a-un-caballo-dentro-de-su-renault-19-mientras-circulaba-en-una-ruta-de-cordoba\/\",\"name\":\"INS\u00d3LITO: LLEV\u00d3 A UN CABALLO DENTRO DE SU RENAULT 19 MIENTRAS CIRCULABA EN UNA RUTA DE C\u00d3RDOBA - Apuntes de San Luis\",\"isPartOf\":{\"@id\":\"https:\/\/apuntesdesanluis.com\/#website\"},\"primaryImageOfPage\":{\"@id\":\"https:\/\/apuntesdesanluis.com\/index.php\/2024\/01\/05\/insolito-llevo-a-un-caballo-dentro-de-su-renault-19-mientras-circulaba-en-una-ruta-de-cordoba\/#primaryimage\"},\"image\":{\"@id\":\"https:\/\/apuntesdesanluis.com\/index.php\/2024\/01\/05\/insolito-llevo-a-un-caballo-dentro-de-su-renault-19-mientras-circulaba-en-una-ruta-de-cordoba\/#primaryimage\"},\"thumbnailUrl\":\"https:\/\/apuntesdesanluis.com\/wp-content\/uploads\/2024\/01\/caballo.png\",\"datePublished\":\"2024-01-05T11:39:46+00:00\",\"breadcrumb\":{\"@id\":\"https:\/\/apuntesdesanluis.com\/index.php\/2024\/01\/05\/insolito-llevo-a-un-caballo-dentro-de-su-renault-19-mientras-circulaba-en-una-ruta-de-cordoba\/#breadcrumb\"},\"inLanguage\":\"es-AR\",\"potentialAction\":[{\"@type\":\"ReadAction\",\"target\":[\"https:\/\/apuntesdesanluis.com\/index.php\/2024\/01\/05\/insolito-llevo-a-un-caballo-dentro-de-su-renault-19-mientras-circulaba-en-una-ruta-de-cordoba\/\"]}]},{\"@type\":\"ImageObject\",\"inLanguage\":\"es-AR\",\"@id\":\"https:\/\/apuntesdesanluis.com\/index.php\/2024\/01\/05\/insolito-llevo-a-un-caballo-dentro-de-su-renault-19-mientras-circulaba-en-una-ruta-de-cordoba\/#primaryimage\",\"url\":\"https:\/\/apuntesdesanluis.com\/wp-content\/uploads\/2024\/01\/caballo.png\",\"contentUrl\":\"https:\/\/apuntesdesanluis.com\/wp-content\/uploads\/2024\/01\/caballo.png\",\"width\":601,\"height\":364},{\"@type\":\"BreadcrumbList\",\"@id\":\"https:\/\/apuntesdesanluis.com\/index.php\/2024\/01\/05\/insolito-llevo-a-un-caballo-dentro-de-su-renault-19-mientras-circulaba-en-una-ruta-de-cordoba\/#breadcrumb\",\"itemListElement\":[{\"@type\":\"ListItem\",\"position\":1,\"name\":\"Inicio\",\"item\":\"https:\/\/apuntesdesanluis.com\/\"},{\"@type\":\"ListItem\",\"position\":2,\"name\":\"INS\u00d3LITO: LLEV\u00d3 A UN CABALLO DENTRO DE SU RENAULT 19 MIENTRAS CIRCULABA EN UNA RUTA DE C\u00d3RDOBA\"}]},{\"@type\":\"WebSite\",\"@id\":\"https:\/\/apuntesdesanluis.com\/#website\",\"url\":\"https:\/\/apuntesdesanluis.com\/\",\"name\":\"Apuntes de San Luis\",\"description\":\"\",\"publisher\":{\"@id\":\"https:\/\/apuntesdesanluis.com\/#\/schema\/person\/b55151d52296fcce64d1a72538a70b90\"},\"potentialAction\":[{\"@type\":\"SearchAction\",\"target\":{\"@type\":\"EntryPoint\",\"urlTemplate\":\"https:\/\/apuntesdesanluis.com\/?s={search_term_string}\"},\"query-input\":{\"@type\":\"PropertyValueSpecification\",\"valueRequired\":true,\"valueName\":\"search_term_string\"}}],\"inLanguage\":\"es-AR\"},{\"@type\":[\"Person\",\"Organization\"],\"@id\":\"https:\/\/apuntesdesanluis.com\/#\/schema\/person\/b55151d52296fcce64d1a72538a70b90\",\"name\":\"apuntesdesanluis.com\",\"image\":{\"@type\":\"ImageObject\",\"inLanguage\":\"es-AR\",\"@id\":\"https:\/\/apuntesdesanluis.com\/#\/schema\/person\/image\/\",\"url\":\"https:\/\/apuntesdesanluis.com\/wp-content\/uploads\/2023\/07\/cropped-apuntesdesanluis.png\",\"contentUrl\":\"https:\/\/apuntesdesanluis.com\/wp-content\/uploads\/2023\/07\/cropped-apuntesdesanluis.png\",\"width\":450,\"height\":112,\"caption\":\"apuntesdesanluis.com\"},\"logo\":{\"@id\":\"https:\/\/apuntesdesanluis.com\/#\/schema\/person\/image\/\"},\"sameAs\":[\"https:\/\/apuntesdesanluis.com\"],\"url\":\"https:\/\/apuntesdesanluis.com\/index.php\/author\/apuntesdesanluis-com\/\"}]}<\/script>\n<!-- \/ Yoast SEO plugin. -->","yoast_head_json":{"title":"INS\u00d3LITO: LLEV\u00d3 A UN CABALLO DENTRO DE SU RENAULT 19 MIENTRAS CIRCULABA EN UNA RUTA DE C\u00d3RDOBA - Apuntes de San Luis","robots":{"index":"index","follow":"follow","max-snippet":"max-snippet:-1","max-image-preview":"max-image-preview:large","max-video-preview":"max-video-preview:-1"},"canonical":"https:\/\/apuntesdesanluis.com\/index.php\/2024\/01\/05\/insolito-llevo-a-un-caballo-dentro-de-su-renault-19-mientras-circulaba-en-una-ruta-de-cordoba\/","og_locale":"es_ES","og_type":"article","og_title":"INS\u00d3LITO: LLEV\u00d3 A UN CABALLO DENTRO DE SU RENAULT 19 MIENTRAS CIRCULABA EN UNA RUTA DE C\u00d3RDOBA - Apuntes de San Luis","og_description":"Un conductor llev\u00f3 a su caballo dentro de su auto Renault 19 mientras circulaba por...","og_url":"https:\/\/apuntesdesanluis.com\/index.php\/2024\/01\/05\/insolito-llevo-a-un-caballo-dentro-de-su-renault-19-mientras-circulaba-en-una-ruta-de-cordoba\/","og_site_name":"Apuntes de San Luis","article_published_time":"2024-01-05T11:39:46+00:00","og_image":[{"width":601,"height":364,"url":"https:\/\/apuntesdesanluis.com\/wp-content\/uploads\/2024\/01\/caballo.png","type":"image\/png"}],"author":"apuntesdesanluis.com","twitter_card":"summary_large_image","twitter_misc":{"Escrito por":"apuntesdesanluis.com","Tiempo de lectura":"1 minuto"},"schema":{"@context":"https:\/\/schema.org","@graph":[{"@type":"Article","@id":"https:\/\/apuntesdesanluis.com\/index.php\/2024\/01\/05\/insolito-llevo-a-un-caballo-dentro-de-su-renault-19-mientras-circulaba-en-una-ruta-de-cordoba\/#article","isPartOf":{"@id":"https:\/\/apuntesdesanluis.com\/index.php\/2024\/01\/05\/insolito-llevo-a-un-caballo-dentro-de-su-renault-19-mientras-circulaba-en-una-ruta-de-cordoba\/"},"author":{"name":"apuntesdesanluis.com","@id":"https:\/\/apuntesdesanluis.com\/#\/schema\/person\/b55151d52296fcce64d1a72538a70b90"},"headline":"INS\u00d3LITO: LLEV\u00d3 A UN CABALLO DENTRO DE SU RENAULT 19 MIENTRAS CIRCULABA EN UNA RUTA DE C\u00d3RDOBA","datePublished":"2024-01-05T11:39:46+00:00","mainEntityOfPage":{"@id":"https:\/\/apuntesdesanluis.com\/index.php\/2024\/01\/05\/insolito-llevo-a-un-caballo-dentro-de-su-renault-19-mientras-circulaba-en-una-ruta-de-cordoba\/"},"wordCount":177,"publisher":{"@id":"https:\/\/apuntesdesanluis.com\/#\/schema\/person\/b55151d52296fcce64d1a72538a70b90"},"image":{"@id":"https:\/\/apuntesdesanluis.com\/index.php\/2024\/01\/05\/insolito-llevo-a-un-caballo-dentro-de-su-renault-19-mientras-circulaba-en-una-ruta-de-cordoba\/#primaryimage"},"thumbnailUrl":"https:\/\/apuntesdesanluis.com\/wp-content\/uploads\/2024\/01\/caballo.png","articleSection":["Nacionales\/Internacionales"],"inLanguage":"es-AR"},{"@type":"WebPage","@id":"https:\/\/apuntesdesanluis.com\/index.php\/2024\/01\/05\/insolito-llevo-a-un-caballo-dentro-de-su-renault-19-mientras-circulaba-en-una-ruta-de-cordoba\/","url":"https:\/\/apuntesdesanluis.com\/index.php\/2024\/01\/05\/insolito-llevo-a-un-caballo-dentro-de-su-renault-19-mientras-circulaba-en-una-ruta-de-cordoba\/","name":"INS\u00d3LITO: LLEV\u00d3 A UN CABALLO DENTRO DE SU RENAULT 19 MIENTRAS CIRCULABA EN UNA RUTA DE C\u00d3RDOBA - Apuntes de San Luis","isPartOf":{"@id":"https:\/\/apuntesdesanluis.com\/#website"},"primaryImageOfPage":{"@id":"https:\/\/apuntesdesanluis.com\/index.php\/2024\/01\/05\/insolito-llevo-a-un-caballo-dentro-de-su-renault-19-mientras-circulaba-en-una-ruta-de-cordoba\/#primaryimage"},"image":{"@id":"https:\/\/apuntesdesanluis.com\/index.php\/2024\/01\/05\/insolito-llevo-a-un-caballo-dentro-de-su-renault-19-mientras-circulaba-en-una-ruta-de-cordoba\/#primaryimage"},"thumbnailUrl":"https:\/\/apuntesdesanluis.com\/wp-content\/uploads\/2024\/01\/caballo.png","datePublished":"2024-01-05T11:39:46+00:00","breadcrumb":{"@id":"https:\/\/apuntesdesanluis.com\/index.php\/2024\/01\/05\/insolito-llevo-a-un-caballo-dentro-de-su-renault-19-mientras-circulaba-en-una-ruta-de-cordoba\/#breadcrumb"},"inLanguage":"es-AR","potentialAction":[{"@type":"ReadAction","target":["https:\/\/apuntesdesanluis.com\/index.php\/2024\/01\/05\/insolito-llevo-a-un-caballo-dentro-de-su-renault-19-mientras-circulaba-en-una-ruta-de-cordoba\/"]}]},{"@type":"ImageObject","inLanguage":"es-AR","@id":"https:\/\/apuntesdesanluis.com\/index.php\/2024\/01\/05\/insolito-llevo-a-un-caballo-dentro-de-su-renault-19-mientras-circulaba-en-una-ruta-de-cordoba\/#primaryimage","url":"https:\/\/apuntesdesanluis.com\/wp-content\/uploads\/2024\/01\/caballo.png","contentUrl":"https:\/\/apuntesdesanluis.com\/wp-content\/uploads\/2024\/01\/caballo.png","width":601,"height":364},{"@type":"BreadcrumbList","@id":"https:\/\/apuntesdesanluis.com\/index.php\/2024\/01\/05\/insolito-llevo-a-un-caballo-dentro-de-su-renault-19-mientras-circulaba-en-una-ruta-de-cordoba\/#breadcrumb","itemListElement":[{"@type":"ListItem","position":1,"name":"Inicio","item":"https:\/\/apuntesdesanluis.com\/"},{"@type":"ListItem","position":2,"name":"INS\u00d3LITO: LLEV\u00d3 A UN CABALLO DENTRO DE SU RENAULT 19 MIENTRAS CIRCULABA EN UNA RUTA DE C\u00d3RDOBA"}]},{"@type":"WebSite","@id":"https:\/\/apuntesdesanluis.com\/#website","url":"https:\/\/apuntesdesanluis.com\/","name":"Apuntes de San Luis","description":"","publisher":{"@id":"https:\/\/apuntesdesanluis.com\/#\/schema\/person\/b55151d52296fcce64d1a72538a70b90"},"potentialAction":[{"@type":"SearchAction","target":{"@type":"EntryPoint","urlTemplate":"https:\/\/apuntesdesanluis.com\/?s={search_term_string}"},"query-input":{"@type":"PropertyValueSpecification","valueRequired":true,"valueName":"search_term_string"}}],"inLanguage":"es-AR"},{"@type":["Person","Organization"],"@id":"https:\/\/apuntesdesanluis.com\/#\/schema\/person\/b55151d52296fcce64d1a72538a70b90","name":"apuntesdesanluis.com","image":{"@type":"ImageObject","inLanguage":"es-AR","@id":"https:\/\/apuntesdesanluis.com\/#\/schema\/person\/image\/","url":"https:\/\/apuntesdesanluis.com\/wp-content\/uploads\/2023\/07\/cropped-apuntesdesanluis.png","contentUrl":"https:\/\/apuntesdesanluis.com\/wp-content\/uploads\/2023\/07\/cropped-apuntesdesanluis.png","width":450,"height":112,"caption":"apuntesdesanluis.com"},"logo":{"@id":"https:\/\/apuntesdesanluis.com\/#\/schema\/person\/image\/"},"sameAs":["https:\/\/apuntesdesanluis.com"],"url":"https:\/\/apuntesdesanluis.com\/index.php\/author\/apuntesdesanluis-com\/"}]}},"featured_image_urls":{"full":["https:\/\/apuntesdesanluis.com\/wp-content\/uploads\/2024\/01\/caballo.png",601,364,false],"thumbnail":["https:\/\/apuntesdesanluis.com\/wp-content\/uploads\/2024\/01\/caballo-150x150.png",150,150,true],"medium":["https:\/\/apuntesdesanluis.com\/wp-content\/uploads\/2024\/01\/caballo-300x182.png",300,182,true],"medium_large":["https:\/\/apuntesdesanluis.com\/wp-content\/uploads\/2024\/01\/caballo.png",601,364,false],"large":["https:\/\/apuntesdesanluis.com\/wp-content\/uploads\/2024\/01\/caballo.png",601,364,false],"1536x1536":["https:\/\/apuntesdesanluis.com\/wp-content\/uploads\/2024\/01\/caballo.png",601,364,false],"2048x2048":["https:\/\/apuntesdesanluis.com\/wp-content\/uploads\/2024\/01\/caballo.png",601,364,false],"newsever-slider-full":["https:\/\/apuntesdesanluis.com\/wp-content\/uploads\/2024\/01\/caballo.png",601,364,false],"newsever-featured":["https:\/\/apuntesdesanluis.com\/wp-content\/uploads\/2024\/01\/caballo.png",601,364,false],"newsever-medium":["https:\/\/apuntesdesanluis.com\/wp-content\/uploads\/2024\/01\/caballo.png",601,364,false]},"author_info":{"display_name":"apuntesdesanluis.com","author_link":"https:\/\/apuntesdesanluis.com\/index.php\/author\/apuntesdesanluis-com\/"},"category_info":"<a href=\"https:\/\/apuntesdesanluis.com\/index.php\/category\/nacionales-internacionales\/\" rel=\"category tag\">Nacionales\/Internacionales<\/a>","tag_info":"Nacionales\/Internacionales","comment_count":"0","_links":{"self":[{"href":"https:\/\/apuntesdesanluis.com\/index.php\/wp-json\/wp\/v2\/posts\/9473","targetHints":{"allow":["GET"]}}],"collection":[{"href":"https:\/\/apuntesdesanluis.com\/index.php\/wp-json\/wp\/v2\/posts"}],"about":[{"href":"https:\/\/apuntesdesanluis.com\/index.php\/wp-json\/wp\/v2\/types\/post"}],"author":[{"embeddable":true,"href":"https:\/\/apuntesdesanluis.com\/index.php\/wp-json\/wp\/v2\/users\/1"}],"replies":[{"embeddable":true,"href":"https:\/\/apuntesdesanluis.com\/index.php\/wp-json\/wp\/v2\/comments?post=9473"}],"version-history":[{"count":1,"href":"https:\/\/apuntesdesanluis.com\/index.php\/wp-json\/wp\/v2\/posts\/9473\/revisions"}],"predecessor-version":[{"id":9475,"href":"https:\/\/apuntesdesanluis.com\/index.php\/wp-json\/wp\/v2\/posts\/9473\/revisions\/9475"}],"wp:featuredmedia":[{"embeddable":true,"href":"https:\/\/apuntesdesanluis.com\/index.php\/wp-json\/wp\/v2\/media\/9474"}],"wp:attachment":[{"href":"https:\/\/apuntesdesanluis.com\/index.php\/wp-json\/wp\/v2\/media?parent=9473"}],"wp:term":[{"taxonomy":"category","embeddable":true,"href":"https:\/\/apuntesdesanluis.com\/index.php\/wp-json\/wp\/v2\/categories?post=9473"},{"taxonomy":"post_tag","embeddable":true,"href":"https:\/\/apuntesdesanluis.com\/index.php\/wp-json\/wp\/v2\/tags?post=9473"}],"curies":[{"name":"wp","href":"https:\/\/api.w.org\/{rel}","templated":true}]}}