{"id":9489,"date":"2024-01-04T22:17:34","date_gmt":"2024-01-05T01:17:34","guid":{"rendered":"https:\/\/apuntesdesanluis.com\/?p=9489"},"modified":"2024-01-05T09:24:39","modified_gmt":"2024-01-05T12:24:39","slug":"el-intendente-de-merlo-y-el-secretario-de-ambiente-compartieron-agenda-de-trabajo","status":"publish","type":"post","link":"https:\/\/apuntesdesanluis.com\/index.php\/2024\/01\/04\/el-intendente-de-merlo-y-el-secretario-de-ambiente-compartieron-agenda-de-trabajo\/","title":{"rendered":"EL INTENDENTE DE MERLO Y EL SECRETARIO DE AMBIENTE COMPARTIERON AGENDA DE TRABAJO"},"content":{"rendered":"<h3>Este jueves el Secretario de Ambiente de la Provincia de San Luis, <strong>Federico\u00a0<\/strong><strong>Cacace<\/strong>, y el Intendente de la Villa de Merlo <strong>Juan \u00c1lvarez Pinto<\/strong>, efectuaron una recorrida por distintos puntos de la ciudad con sus equipos t\u00e9cnicos, avanzando en el trabajo articulado entre Provincia &#8211; Municipio.<\/h3>\n<h3>Los funcionarios y sus respectivos equipos t\u00e9cnicos realizaron un recorrido por las reservas naturales de la zona y el Centro de Reciclado Municipal. El objetivo central es forjar un plan de acci\u00f3n colaborativo, estableciendo una red integrada de reservas naturales municipales, provinciales y privadas. Este proyecto tiene como prop\u00f3sito potenciar los \u00e1mbitos educativos, ambientales y tur\u00edsticos en la regi\u00f3n.<\/h3>\n<h3>Durante el transcurso del d\u00eda se realizaron recorridos por la Reserva \u201cMogote Bayo\u201d, Reserva \u201cEl Viejo Molino\u201d y el Parque Provincial Bajo de V\u00e9liz, en las mismas estuvieron presentes el Intendente, Juan Alvarez Pinto, el Secretario de Ambiente, Federico Cacace, acompa\u00f1ados por parte del gabinete provincial y municipal.<\/h3>\n<p><img fetchpriority=\"high\" decoding=\"async\" class=\"wp-image-9491 aligncenter\" src=\"https:\/\/apuntesdesanluis.com\/wp-content\/uploads\/2024\/01\/ALVAREZ-CACACE-300x209.png\" alt=\"\" width=\"584\" height=\"407\" srcset=\"https:\/\/apuntesdesanluis.com\/wp-content\/uploads\/2024\/01\/ALVAREZ-CACACE-300x209.png 300w, https:\/\/apuntesdesanluis.com\/wp-content\/uploads\/2024\/01\/ALVAREZ-CACACE.png 595w\" sizes=\"(max-width: 584px) 100vw, 584px\" \/><\/p>\n<h3>Tambi\u00e9n se visit\u00f3 el Centro Municipal de Reciclado a cargo de la Cooperativa de Trabajo Recuperadores Urbanos Merlinos, aqu\u00ed se convers\u00f3 sobre la implementaci\u00f3n de programas para mejorar el funcionamiento de sus instalaciones, tambi\u00e9n se destac\u00f3 la importancia sobre la concientizaci\u00f3n en la sociedad para la disposici\u00f3n final de elementos reciclables.<\/h3>\n<h3>El Secretario, Federico Cacace expres\u00f3 su deseo de replicar el trabajo que se est\u00e1 realizando en el Centro de Reciclado de la Villa de Merlo, en las diferentes plantas de reciclado de la provincia. En la visita estuvieron presentes el Secretario de Ambiente, Producci\u00f3n y Desarrollo Sustentable del Municipio, Francisco Leiva, el\u00a0Director Provincial de Gesti\u00f3n Ambiental de Residuos, An\u00edbal Cattaneo y el Subdirector de Gesti\u00f3n de Residuos y Vinculaci\u00f3n Municipal, Alexis Phillpot y parte del equipo provincial y municipal.<\/h3>\n<p><img decoding=\"async\" class=\"wp-image-9492 aligncenter\" src=\"https:\/\/apuntesdesanluis.com\/wp-content\/uploads\/2024\/01\/BASURAL-300x188.png\" alt=\"\" width=\"578\" height=\"362\" srcset=\"https:\/\/apuntesdesanluis.com\/wp-content\/uploads\/2024\/01\/BASURAL-300x188.png 300w, https:\/\/apuntesdesanluis.com\/wp-content\/uploads\/2024\/01\/BASURAL.png 617w\" sizes=\"(max-width: 578px) 100vw, 578px\" \/><\/p>\n<h3>Este encuentro marca el compromiso de la gesti\u00f3n por preservar la riqueza natural y promover pr\u00e1cticas sostenibles en la regi\u00f3n. Se espera que esta alianza proporcione un impulso hacia un futuro m\u00e1s pr\u00f3spero, tanto desde el punto de vista ambiental como educativo y tur\u00edstico, consolidando a la Villa de Merlo como un referente en conservaci\u00f3n y desarrollo sostenible.<\/h3>\n<h3><strong>OTRA VISITA<\/strong><\/h3>\n<h3>Para este viernes 5 de enero se anunci\u00f3 la visita a la Villa de Merlo del Sec. de Estado de Deportes de San Luis, Lic. <strong>Gabriel Rivero<\/strong>, y equipo directivo.<\/h3>\n<h3>El municipio invit\u00f3 a los medios de comunicaci\u00f3n a una conferencia de prensa a\u00a0 las 12 hs. en la Casa del Poeta, de la que formar\u00e1 parte el intendente Juan \u00c1lvarez Pinto.<\/h3>\n<p>&nbsp;<\/p>\n<p>&nbsp;<\/p>\n<p>&nbsp;<\/p>\n<p>&nbsp;<\/p>\n","protected":false},"excerpt":{"rendered":"<p>Este jueves el Secretario de Ambiente de la Provincia de San Luis, Federico\u00a0Cacace, y el&#8230;<\/p>\n","protected":false},"author":1,"featured_media":9490,"comment_status":"closed","ping_status":"closed","sticky":false,"template":"","format":"standard","meta":{"footnotes":""},"categories":[6],"tags":[],"class_list":["post-9489","post","type-post","status-publish","format-standard","has-post-thumbnail","hentry","category-ciudad-provincia"],"yoast_head":"<!-- This site is optimized with the Yoast SEO plugin v26.1.1 - https:\/\/yoast.com\/wordpress\/plugins\/seo\/ -->\n<title>EL INTENDENTE DE MERLO Y EL SECRETARIO DE AMBIENTE COMPARTIERON AGENDA DE TRABAJO - Apuntes de San Luis<\/title>\n<meta name=\"robots\" content=\"index, follow, max-snippet:-1, max-image-preview:large, max-video-preview:-1\" \/>\n<link rel=\"canonical\" href=\"https:\/\/apuntesdesanluis.com\/index.php\/2024\/01\/04\/el-intendente-de-merlo-y-el-secretario-de-ambiente-compartieron-agenda-de-trabajo\/\" \/>\n<meta property=\"og:locale\" content=\"es_ES\" \/>\n<meta property=\"og:type\" content=\"article\" \/>\n<meta property=\"og:title\" content=\"EL INTENDENTE DE MERLO Y EL SECRETARIO DE AMBIENTE COMPARTIERON AGENDA DE TRABAJO - Apuntes de San Luis\" \/>\n<meta property=\"og:description\" content=\"Este jueves el Secretario de Ambiente de la Provincia de San Luis, Federico\u00a0Cacace, y el...\" \/>\n<meta property=\"og:url\" content=\"https:\/\/apuntesdesanluis.com\/index.php\/2024\/01\/04\/el-intendente-de-merlo-y-el-secretario-de-ambiente-compartieron-agenda-de-trabajo\/\" \/>\n<meta property=\"og:site_name\" content=\"Apuntes de San Luis\" \/>\n<meta property=\"article:published_time\" content=\"2024-01-05T01:17:34+00:00\" \/>\n<meta property=\"article:modified_time\" content=\"2024-01-05T12:24:39+00:00\" \/>\n<meta property=\"og:image\" content=\"https:\/\/apuntesdesanluis.com\/wp-content\/uploads\/2024\/01\/JUAN-CACACE.png\" \/>\n\t<meta property=\"og:image:width\" content=\"580\" \/>\n\t<meta property=\"og:image:height\" content=\"420\" \/>\n\t<meta property=\"og:image:type\" content=\"image\/png\" \/>\n<meta name=\"author\" content=\"apuntesdesanluis.com\" \/>\n<meta name=\"twitter:card\" content=\"summary_large_image\" \/>\n<meta name=\"twitter:label1\" content=\"Escrito por\" \/>\n\t<meta name=\"twitter:data1\" content=\"apuntesdesanluis.com\" \/>\n\t<meta name=\"twitter:label2\" content=\"Tiempo de lectura\" \/>\n\t<meta name=\"twitter:data2\" content=\"3 minutos\" \/>\n<script type=\"application\/ld+json\" class=\"yoast-schema-graph\">{\"@context\":\"https:\/\/schema.org\",\"@graph\":[{\"@type\":\"Article\",\"@id\":\"https:\/\/apuntesdesanluis.com\/index.php\/2024\/01\/04\/el-intendente-de-merlo-y-el-secretario-de-ambiente-compartieron-agenda-de-trabajo\/#article\",\"isPartOf\":{\"@id\":\"https:\/\/apuntesdesanluis.com\/index.php\/2024\/01\/04\/el-intendente-de-merlo-y-el-secretario-de-ambiente-compartieron-agenda-de-trabajo\/\"},\"author\":{\"name\":\"apuntesdesanluis.com\",\"@id\":\"https:\/\/apuntesdesanluis.com\/#\/schema\/person\/b55151d52296fcce64d1a72538a70b90\"},\"headline\":\"EL INTENDENTE DE MERLO Y EL SECRETARIO DE AMBIENTE COMPARTIERON AGENDA DE TRABAJO\",\"datePublished\":\"2024-01-05T01:17:34+00:00\",\"dateModified\":\"2024-01-05T12:24:39+00:00\",\"mainEntityOfPage\":{\"@id\":\"https:\/\/apuntesdesanluis.com\/index.php\/2024\/01\/04\/el-intendente-de-merlo-y-el-secretario-de-ambiente-compartieron-agenda-de-trabajo\/\"},\"wordCount\":449,\"publisher\":{\"@id\":\"https:\/\/apuntesdesanluis.com\/#\/schema\/person\/b55151d52296fcce64d1a72538a70b90\"},\"image\":{\"@id\":\"https:\/\/apuntesdesanluis.com\/index.php\/2024\/01\/04\/el-intendente-de-merlo-y-el-secretario-de-ambiente-compartieron-agenda-de-trabajo\/#primaryimage\"},\"thumbnailUrl\":\"https:\/\/apuntesdesanluis.com\/wp-content\/uploads\/2024\/01\/JUAN-CACACE.png\",\"articleSection\":[\"Ciudad\/Provincia\"],\"inLanguage\":\"es-AR\"},{\"@type\":\"WebPage\",\"@id\":\"https:\/\/apuntesdesanluis.com\/index.php\/2024\/01\/04\/el-intendente-de-merlo-y-el-secretario-de-ambiente-compartieron-agenda-de-trabajo\/\",\"url\":\"https:\/\/apuntesdesanluis.com\/index.php\/2024\/01\/04\/el-intendente-de-merlo-y-el-secretario-de-ambiente-compartieron-agenda-de-trabajo\/\",\"name\":\"EL INTENDENTE DE MERLO Y EL SECRETARIO DE AMBIENTE COMPARTIERON AGENDA DE TRABAJO - Apuntes de San Luis\",\"isPartOf\":{\"@id\":\"https:\/\/apuntesdesanluis.com\/#website\"},\"primaryImageOfPage\":{\"@id\":\"https:\/\/apuntesdesanluis.com\/index.php\/2024\/01\/04\/el-intendente-de-merlo-y-el-secretario-de-ambiente-compartieron-agenda-de-trabajo\/#primaryimage\"},\"image\":{\"@id\":\"https:\/\/apuntesdesanluis.com\/index.php\/2024\/01\/04\/el-intendente-de-merlo-y-el-secretario-de-ambiente-compartieron-agenda-de-trabajo\/#primaryimage\"},\"thumbnailUrl\":\"https:\/\/apuntesdesanluis.com\/wp-content\/uploads\/2024\/01\/JUAN-CACACE.png\",\"datePublished\":\"2024-01-05T01:17:34+00:00\",\"dateModified\":\"2024-01-05T12:24:39+00:00\",\"breadcrumb\":{\"@id\":\"https:\/\/apuntesdesanluis.com\/index.php\/2024\/01\/04\/el-intendente-de-merlo-y-el-secretario-de-ambiente-compartieron-agenda-de-trabajo\/#breadcrumb\"},\"inLanguage\":\"es-AR\",\"potentialAction\":[{\"@type\":\"ReadAction\",\"target\":[\"https:\/\/apuntesdesanluis.com\/index.php\/2024\/01\/04\/el-intendente-de-merlo-y-el-secretario-de-ambiente-compartieron-agenda-de-trabajo\/\"]}]},{\"@type\":\"ImageObject\",\"inLanguage\":\"es-AR\",\"@id\":\"https:\/\/apuntesdesanluis.com\/index.php\/2024\/01\/04\/el-intendente-de-merlo-y-el-secretario-de-ambiente-compartieron-agenda-de-trabajo\/#primaryimage\",\"url\":\"https:\/\/apuntesdesanluis.com\/wp-content\/uploads\/2024\/01\/JUAN-CACACE.png\",\"contentUrl\":\"https:\/\/apuntesdesanluis.com\/wp-content\/uploads\/2024\/01\/JUAN-CACACE.png\",\"width\":580,\"height\":420},{\"@type\":\"BreadcrumbList\",\"@id\":\"https:\/\/apuntesdesanluis.com\/index.php\/2024\/01\/04\/el-intendente-de-merlo-y-el-secretario-de-ambiente-compartieron-agenda-de-trabajo\/#breadcrumb\",\"itemListElement\":[{\"@type\":\"ListItem\",\"position\":1,\"name\":\"Inicio\",\"item\":\"https:\/\/apuntesdesanluis.com\/\"},{\"@type\":\"ListItem\",\"position\":2,\"name\":\"EL INTENDENTE DE MERLO Y EL SECRETARIO DE AMBIENTE COMPARTIERON AGENDA DE TRABAJO\"}]},{\"@type\":\"WebSite\",\"@id\":\"https:\/\/apuntesdesanluis.com\/#website\",\"url\":\"https:\/\/apuntesdesanluis.com\/\",\"name\":\"Apuntes de San Luis\",\"description\":\"\",\"publisher\":{\"@id\":\"https:\/\/apuntesdesanluis.com\/#\/schema\/person\/b55151d52296fcce64d1a72538a70b90\"},\"potentialAction\":[{\"@type\":\"SearchAction\",\"target\":{\"@type\":\"EntryPoint\",\"urlTemplate\":\"https:\/\/apuntesdesanluis.com\/?s={search_term_string}\"},\"query-input\":{\"@type\":\"PropertyValueSpecification\",\"valueRequired\":true,\"valueName\":\"search_term_string\"}}],\"inLanguage\":\"es-AR\"},{\"@type\":[\"Person\",\"Organization\"],\"@id\":\"https:\/\/apuntesdesanluis.com\/#\/schema\/person\/b55151d52296fcce64d1a72538a70b90\",\"name\":\"apuntesdesanluis.com\",\"image\":{\"@type\":\"ImageObject\",\"inLanguage\":\"es-AR\",\"@id\":\"https:\/\/apuntesdesanluis.com\/#\/schema\/person\/image\/\",\"url\":\"https:\/\/apuntesdesanluis.com\/wp-content\/uploads\/2023\/07\/cropped-apuntesdesanluis.png\",\"contentUrl\":\"https:\/\/apuntesdesanluis.com\/wp-content\/uploads\/2023\/07\/cropped-apuntesdesanluis.png\",\"width\":450,\"height\":112,\"caption\":\"apuntesdesanluis.com\"},\"logo\":{\"@id\":\"https:\/\/apuntesdesanluis.com\/#\/schema\/person\/image\/\"},\"sameAs\":[\"https:\/\/apuntesdesanluis.com\"],\"url\":\"https:\/\/apuntesdesanluis.com\/index.php\/author\/apuntesdesanluis-com\/\"}]}<\/script>\n<!-- \/ Yoast SEO plugin. -->","yoast_head_json":{"title":"EL INTENDENTE DE MERLO Y EL SECRETARIO DE AMBIENTE COMPARTIERON AGENDA DE TRABAJO - Apuntes de San Luis","robots":{"index":"index","follow":"follow","max-snippet":"max-snippet:-1","max-image-preview":"max-image-preview:large","max-video-preview":"max-video-preview:-1"},"canonical":"https:\/\/apuntesdesanluis.com\/index.php\/2024\/01\/04\/el-intendente-de-merlo-y-el-secretario-de-ambiente-compartieron-agenda-de-trabajo\/","og_locale":"es_ES","og_type":"article","og_title":"EL INTENDENTE DE MERLO Y EL SECRETARIO DE AMBIENTE COMPARTIERON AGENDA DE TRABAJO - Apuntes de San Luis","og_description":"Este jueves el Secretario de Ambiente de la Provincia de San Luis, Federico\u00a0Cacace, y el...","og_url":"https:\/\/apuntesdesanluis.com\/index.php\/2024\/01\/04\/el-intendente-de-merlo-y-el-secretario-de-ambiente-compartieron-agenda-de-trabajo\/","og_site_name":"Apuntes de San Luis","article_published_time":"2024-01-05T01:17:34+00:00","article_modified_time":"2024-01-05T12:24:39+00:00","og_image":[{"width":580,"height":420,"url":"https:\/\/apuntesdesanluis.com\/wp-content\/uploads\/2024\/01\/JUAN-CACACE.png","type":"image\/png"}],"author":"apuntesdesanluis.com","twitter_card":"summary_large_image","twitter_misc":{"Escrito por":"apuntesdesanluis.com","Tiempo de lectura":"3 minutos"},"schema":{"@context":"https:\/\/schema.org","@graph":[{"@type":"Article","@id":"https:\/\/apuntesdesanluis.com\/index.php\/2024\/01\/04\/el-intendente-de-merlo-y-el-secretario-de-ambiente-compartieron-agenda-de-trabajo\/#article","isPartOf":{"@id":"https:\/\/apuntesdesanluis.com\/index.php\/2024\/01\/04\/el-intendente-de-merlo-y-el-secretario-de-ambiente-compartieron-agenda-de-trabajo\/"},"author":{"name":"apuntesdesanluis.com","@id":"https:\/\/apuntesdesanluis.com\/#\/schema\/person\/b55151d52296fcce64d1a72538a70b90"},"headline":"EL INTENDENTE DE MERLO Y EL SECRETARIO DE AMBIENTE COMPARTIERON AGENDA DE TRABAJO","datePublished":"2024-01-05T01:17:34+00:00","dateModified":"2024-01-05T12:24:39+00:00","mainEntityOfPage":{"@id":"https:\/\/apuntesdesanluis.com\/index.php\/2024\/01\/04\/el-intendente-de-merlo-y-el-secretario-de-ambiente-compartieron-agenda-de-trabajo\/"},"wordCount":449,"publisher":{"@id":"https:\/\/apuntesdesanluis.com\/#\/schema\/person\/b55151d52296fcce64d1a72538a70b90"},"image":{"@id":"https:\/\/apuntesdesanluis.com\/index.php\/2024\/01\/04\/el-intendente-de-merlo-y-el-secretario-de-ambiente-compartieron-agenda-de-trabajo\/#primaryimage"},"thumbnailUrl":"https:\/\/apuntesdesanluis.com\/wp-content\/uploads\/2024\/01\/JUAN-CACACE.png","articleSection":["Ciudad\/Provincia"],"inLanguage":"es-AR"},{"@type":"WebPage","@id":"https:\/\/apuntesdesanluis.com\/index.php\/2024\/01\/04\/el-intendente-de-merlo-y-el-secretario-de-ambiente-compartieron-agenda-de-trabajo\/","url":"https:\/\/apuntesdesanluis.com\/index.php\/2024\/01\/04\/el-intendente-de-merlo-y-el-secretario-de-ambiente-compartieron-agenda-de-trabajo\/","name":"EL INTENDENTE DE MERLO Y EL SECRETARIO DE AMBIENTE COMPARTIERON AGENDA DE TRABAJO - Apuntes de San Luis","isPartOf":{"@id":"https:\/\/apuntesdesanluis.com\/#website"},"primaryImageOfPage":{"@id":"https:\/\/apuntesdesanluis.com\/index.php\/2024\/01\/04\/el-intendente-de-merlo-y-el-secretario-de-ambiente-compartieron-agenda-de-trabajo\/#primaryimage"},"image":{"@id":"https:\/\/apuntesdesanluis.com\/index.php\/2024\/01\/04\/el-intendente-de-merlo-y-el-secretario-de-ambiente-compartieron-agenda-de-trabajo\/#primaryimage"},"thumbnailUrl":"https:\/\/apuntesdesanluis.com\/wp-content\/uploads\/2024\/01\/JUAN-CACACE.png","datePublished":"2024-01-05T01:17:34+00:00","dateModified":"2024-01-05T12:24:39+00:00","breadcrumb":{"@id":"https:\/\/apuntesdesanluis.com\/index.php\/2024\/01\/04\/el-intendente-de-merlo-y-el-secretario-de-ambiente-compartieron-agenda-de-trabajo\/#breadcrumb"},"inLanguage":"es-AR","potentialAction":[{"@type":"ReadAction","target":["https:\/\/apuntesdesanluis.com\/index.php\/2024\/01\/04\/el-intendente-de-merlo-y-el-secretario-de-ambiente-compartieron-agenda-de-trabajo\/"]}]},{"@type":"ImageObject","inLanguage":"es-AR","@id":"https:\/\/apuntesdesanluis.com\/index.php\/2024\/01\/04\/el-intendente-de-merlo-y-el-secretario-de-ambiente-compartieron-agenda-de-trabajo\/#primaryimage","url":"https:\/\/apuntesdesanluis.com\/wp-content\/uploads\/2024\/01\/JUAN-CACACE.png","contentUrl":"https:\/\/apuntesdesanluis.com\/wp-content\/uploads\/2024\/01\/JUAN-CACACE.png","width":580,"height":420},{"@type":"BreadcrumbList","@id":"https:\/\/apuntesdesanluis.com\/index.php\/2024\/01\/04\/el-intendente-de-merlo-y-el-secretario-de-ambiente-compartieron-agenda-de-trabajo\/#breadcrumb","itemListElement":[{"@type":"ListItem","position":1,"name":"Inicio","item":"https:\/\/apuntesdesanluis.com\/"},{"@type":"ListItem","position":2,"name":"EL INTENDENTE DE MERLO Y EL SECRETARIO DE AMBIENTE COMPARTIERON AGENDA DE TRABAJO"}]},{"@type":"WebSite","@id":"https:\/\/apuntesdesanluis.com\/#website","url":"https:\/\/apuntesdesanluis.com\/","name":"Apuntes de San Luis","description":"","publisher":{"@id":"https:\/\/apuntesdesanluis.com\/#\/schema\/person\/b55151d52296fcce64d1a72538a70b90"},"potentialAction":[{"@type":"SearchAction","target":{"@type":"EntryPoint","urlTemplate":"https:\/\/apuntesdesanluis.com\/?s={search_term_string}"},"query-input":{"@type":"PropertyValueSpecification","valueRequired":true,"valueName":"search_term_string"}}],"inLanguage":"es-AR"},{"@type":["Person","Organization"],"@id":"https:\/\/apuntesdesanluis.com\/#\/schema\/person\/b55151d52296fcce64d1a72538a70b90","name":"apuntesdesanluis.com","image":{"@type":"ImageObject","inLanguage":"es-AR","@id":"https:\/\/apuntesdesanluis.com\/#\/schema\/person\/image\/","url":"https:\/\/apuntesdesanluis.com\/wp-content\/uploads\/2023\/07\/cropped-apuntesdesanluis.png","contentUrl":"https:\/\/apuntesdesanluis.com\/wp-content\/uploads\/2023\/07\/cropped-apuntesdesanluis.png","width":450,"height":112,"caption":"apuntesdesanluis.com"},"logo":{"@id":"https:\/\/apuntesdesanluis.com\/#\/schema\/person\/image\/"},"sameAs":["https:\/\/apuntesdesanluis.com"],"url":"https:\/\/apuntesdesanluis.com\/index.php\/author\/apuntesdesanluis-com\/"}]}},"featured_image_urls":{"full":["https:\/\/apuntesdesanluis.com\/wp-content\/uploads\/2024\/01\/JUAN-CACACE.png",580,420,false],"thumbnail":["https:\/\/apuntesdesanluis.com\/wp-content\/uploads\/2024\/01\/JUAN-CACACE-150x150.png",150,150,true],"medium":["https:\/\/apuntesdesanluis.com\/wp-content\/uploads\/2024\/01\/JUAN-CACACE-300x217.png",300,217,true],"medium_large":["https:\/\/apuntesdesanluis.com\/wp-content\/uploads\/2024\/01\/JUAN-CACACE.png",580,420,false],"large":["https:\/\/apuntesdesanluis.com\/wp-content\/uploads\/2024\/01\/JUAN-CACACE.png",580,420,false],"1536x1536":["https:\/\/apuntesdesanluis.com\/wp-content\/uploads\/2024\/01\/JUAN-CACACE.png",580,420,false],"2048x2048":["https:\/\/apuntesdesanluis.com\/wp-content\/uploads\/2024\/01\/JUAN-CACACE.png",580,420,false],"newsever-slider-full":["https:\/\/apuntesdesanluis.com\/wp-content\/uploads\/2024\/01\/JUAN-CACACE.png",580,420,false],"newsever-featured":["https:\/\/apuntesdesanluis.com\/wp-content\/uploads\/2024\/01\/JUAN-CACACE.png",580,420,false],"newsever-medium":["https:\/\/apuntesdesanluis.com\/wp-content\/uploads\/2024\/01\/JUAN-CACACE.png",580,420,false]},"author_info":{"display_name":"apuntesdesanluis.com","author_link":"https:\/\/apuntesdesanluis.com\/index.php\/author\/apuntesdesanluis-com\/"},"category_info":"<a href=\"https:\/\/apuntesdesanluis.com\/index.php\/category\/ciudad-provincia\/\" rel=\"category tag\">Ciudad\/Provincia<\/a>","tag_info":"Ciudad\/Provincia","comment_count":"0","_links":{"self":[{"href":"https:\/\/apuntesdesanluis.com\/index.php\/wp-json\/wp\/v2\/posts\/9489","targetHints":{"allow":["GET"]}}],"collection":[{"href":"https:\/\/apuntesdesanluis.com\/index.php\/wp-json\/wp\/v2\/posts"}],"about":[{"href":"https:\/\/apuntesdesanluis.com\/index.php\/wp-json\/wp\/v2\/types\/post"}],"author":[{"embeddable":true,"href":"https:\/\/apuntesdesanluis.com\/index.php\/wp-json\/wp\/v2\/users\/1"}],"replies":[{"embeddable":true,"href":"https:\/\/apuntesdesanluis.com\/index.php\/wp-json\/wp\/v2\/comments?post=9489"}],"version-history":[{"count":4,"href":"https:\/\/apuntesdesanluis.com\/index.php\/wp-json\/wp\/v2\/posts\/9489\/revisions"}],"predecessor-version":[{"id":9496,"href":"https:\/\/apuntesdesanluis.com\/index.php\/wp-json\/wp\/v2\/posts\/9489\/revisions\/9496"}],"wp:featuredmedia":[{"embeddable":true,"href":"https:\/\/apuntesdesanluis.com\/index.php\/wp-json\/wp\/v2\/media\/9490"}],"wp:attachment":[{"href":"https:\/\/apuntesdesanluis.com\/index.php\/wp-json\/wp\/v2\/media?parent=9489"}],"wp:term":[{"taxonomy":"category","embeddable":true,"href":"https:\/\/apuntesdesanluis.com\/index.php\/wp-json\/wp\/v2\/categories?post=9489"},{"taxonomy":"post_tag","embeddable":true,"href":"https:\/\/apuntesdesanluis.com\/index.php\/wp-json\/wp\/v2\/tags?post=9489"}],"curies":[{"name":"wp","href":"https:\/\/api.w.org\/{rel}","templated":true}]}}