{"id":9546,"date":"2024-01-05T19:09:17","date_gmt":"2024-01-05T22:09:17","guid":{"rendered":"https:\/\/apuntesdesanluis.com\/?p=9546"},"modified":"2024-01-05T19:10:06","modified_gmt":"2024-01-05T22:10:06","slug":"mas-gestiones-de-apts-ante-el-gobierno-por-salarios-impagos","status":"publish","type":"post","link":"https:\/\/apuntesdesanluis.com\/index.php\/2024\/01\/05\/mas-gestiones-de-apts-ante-el-gobierno-por-salarios-impagos\/","title":{"rendered":"M\u00c1S GESTIONES DE APTS ANTE EL GOBIERNO POR SALARIOS IMPAGOS"},"content":{"rendered":"<h3>La <strong>Asociaci\u00f3n de Profesionales y T\u00e9cnicos de la Salud<\/strong> (APTS) inform\u00f3 que este viernes integrantes de la Comisi\u00f3n Directiva mantuvieron un encuentro en la oficina de Recursos Humanos, con el Director de Capital Humano, <strong>Mario Ju\u00e1rez<\/strong>.<\/h3>\n<h3>En la oportunidad se lo hizo entrega del listado de afiliados que a\u00fan no han percibido el pago de su medio sueldo, reclamando que se resuelva r\u00e1pidamente su situaci\u00f3n.<\/h3>\n<h3>El funcionario respondi\u00f3 que los haberes faltantes se estaban validando y que los pagos se har\u00edan efectivos entre el lunes y martes de la semana pr\u00f3xima..<\/h3>\n<h3>APTS tambi\u00e9n exigi\u00f3 una soluci\u00f3n para los residentes y se les confirm\u00f3 que entre ayer y hoy les estar\u00edan realizando el pago.<\/h3>\n<h3><strong>M\u00c1S ENCUENTROS<\/strong><\/h3>\n<h3>Por otro lado ayer jueves la Sec. Gral., <strong>Miriam Porter<\/strong>, junto a la Sec. Adjunta, <strong>Sonia Galvo<\/strong>, se reunieron con la Jefa de Recursos Humanos, <strong>Sandra Arduino<\/strong>, para plantearle la preocupante situaci\u00f3n que est\u00e1n viviendo los trabajadores que todav\u00eda no cobraron el medio sueldo de diciembre\u201923. .<\/h3>\n<h3>Arduino explic\u00f3 que la falta de pago se debi\u00f3 a un problema de validaci\u00f3n de algunos lugares de trabajo durante el censo y que lo est\u00e1n revisando para que el 16\/01 no vuelva a suceder. .<\/h3>\n<h3>Las dirigentes de APTS hicieron entrega de una planilla con los datos de los afiliados que reclaman por la falta de cobro de sus salarios y la jefa de RRHH asegur\u00f3 que esos casos ser\u00edan chequeados, pero que la validaci\u00f3n se realiza en Capital Humano, \u00e1rea perteneciente al Ministerio de Hacienda..<\/h3>\n<h3><strong>CON LA JEFA DE MEDICINA DEL INTERIOR<\/strong><\/h3>\n<h3>Miriam Porter y Sonia Galvo tambi\u00e9n se reunieron con la Jefa del Programa Medicina del Interior, <strong>Stella Esnaola<\/strong>, para hacer entrega del mismo listado presentado en Recursos Humanos, con la intenci\u00f3n de que todas las \u00e1reas trabajen en encontrar una soluci\u00f3n a este problema lo antes posible para que los \u00a0afiliados puedan cobrar, y evitar que esto vuelva a suceder. .<\/h3>\n<h3>Asimismo, las representantes de APTS plantearon problemas inherentes al \u00e1rea de Medicina del Interior. El tema principal fue la dificultad del traslado de los afiliados al tener que afrontar el gasto del combustible con aumentos frecuentes y absorberlo con la mitad del sueldo pagado por el Gobierno.<\/h3>\n<p>&nbsp;<\/p>\n<p>&nbsp;<\/p>\n","protected":false},"excerpt":{"rendered":"<p>La Asociaci\u00f3n de Profesionales y T\u00e9cnicos de la Salud (APTS) inform\u00f3 que este viernes integrantes&#8230;<\/p>\n","protected":false},"author":1,"featured_media":9547,"comment_status":"closed","ping_status":"closed","sticky":false,"template":"","format":"standard","meta":{"footnotes":""},"categories":[6],"tags":[],"class_list":["post-9546","post","type-post","status-publish","format-standard","has-post-thumbnail","hentry","category-ciudad-provincia"],"yoast_head":"<!-- This site is optimized with the Yoast SEO plugin v26.1.1 - https:\/\/yoast.com\/wordpress\/plugins\/seo\/ -->\n<title>M\u00c1S GESTIONES DE APTS ANTE EL GOBIERNO POR SALARIOS IMPAGOS - Apuntes de San Luis<\/title>\n<meta name=\"robots\" content=\"index, follow, max-snippet:-1, max-image-preview:large, max-video-preview:-1\" \/>\n<link rel=\"canonical\" href=\"https:\/\/apuntesdesanluis.com\/index.php\/2024\/01\/05\/mas-gestiones-de-apts-ante-el-gobierno-por-salarios-impagos\/\" \/>\n<meta property=\"og:locale\" content=\"es_ES\" \/>\n<meta property=\"og:type\" content=\"article\" \/>\n<meta property=\"og:title\" content=\"M\u00c1S GESTIONES DE APTS ANTE EL GOBIERNO POR SALARIOS IMPAGOS - Apuntes de San Luis\" \/>\n<meta property=\"og:description\" content=\"La Asociaci\u00f3n de Profesionales y T\u00e9cnicos de la Salud (APTS) inform\u00f3 que este viernes integrantes...\" \/>\n<meta property=\"og:url\" content=\"https:\/\/apuntesdesanluis.com\/index.php\/2024\/01\/05\/mas-gestiones-de-apts-ante-el-gobierno-por-salarios-impagos\/\" \/>\n<meta property=\"og:site_name\" content=\"Apuntes de San Luis\" \/>\n<meta property=\"article:published_time\" content=\"2024-01-05T22:09:17+00:00\" \/>\n<meta property=\"article:modified_time\" content=\"2024-01-05T22:10:06+00:00\" \/>\n<meta property=\"og:image\" content=\"https:\/\/apuntesdesanluis.com\/wp-content\/uploads\/2024\/01\/PORTER.png\" \/>\n\t<meta property=\"og:image:width\" content=\"666\" \/>\n\t<meta property=\"og:image:height\" content=\"435\" \/>\n\t<meta property=\"og:image:type\" content=\"image\/png\" \/>\n<meta name=\"author\" content=\"apuntesdesanluis.com\" \/>\n<meta name=\"twitter:card\" content=\"summary_large_image\" \/>\n<meta name=\"twitter:label1\" content=\"Escrito por\" \/>\n\t<meta name=\"twitter:data1\" content=\"apuntesdesanluis.com\" \/>\n\t<meta name=\"twitter:label2\" content=\"Tiempo de lectura\" \/>\n\t<meta name=\"twitter:data2\" content=\"2 minutos\" \/>\n<script type=\"application\/ld+json\" class=\"yoast-schema-graph\">{\"@context\":\"https:\/\/schema.org\",\"@graph\":[{\"@type\":\"Article\",\"@id\":\"https:\/\/apuntesdesanluis.com\/index.php\/2024\/01\/05\/mas-gestiones-de-apts-ante-el-gobierno-por-salarios-impagos\/#article\",\"isPartOf\":{\"@id\":\"https:\/\/apuntesdesanluis.com\/index.php\/2024\/01\/05\/mas-gestiones-de-apts-ante-el-gobierno-por-salarios-impagos\/\"},\"author\":{\"name\":\"apuntesdesanluis.com\",\"@id\":\"https:\/\/apuntesdesanluis.com\/#\/schema\/person\/b55151d52296fcce64d1a72538a70b90\"},\"headline\":\"M\u00c1S GESTIONES DE APTS ANTE EL GOBIERNO POR SALARIOS IMPAGOS\",\"datePublished\":\"2024-01-05T22:09:17+00:00\",\"dateModified\":\"2024-01-05T22:10:06+00:00\",\"mainEntityOfPage\":{\"@id\":\"https:\/\/apuntesdesanluis.com\/index.php\/2024\/01\/05\/mas-gestiones-de-apts-ante-el-gobierno-por-salarios-impagos\/\"},\"wordCount\":396,\"publisher\":{\"@id\":\"https:\/\/apuntesdesanluis.com\/#\/schema\/person\/b55151d52296fcce64d1a72538a70b90\"},\"image\":{\"@id\":\"https:\/\/apuntesdesanluis.com\/index.php\/2024\/01\/05\/mas-gestiones-de-apts-ante-el-gobierno-por-salarios-impagos\/#primaryimage\"},\"thumbnailUrl\":\"https:\/\/apuntesdesanluis.com\/wp-content\/uploads\/2024\/01\/PORTER.png\",\"articleSection\":[\"Ciudad\/Provincia\"],\"inLanguage\":\"es-AR\"},{\"@type\":\"WebPage\",\"@id\":\"https:\/\/apuntesdesanluis.com\/index.php\/2024\/01\/05\/mas-gestiones-de-apts-ante-el-gobierno-por-salarios-impagos\/\",\"url\":\"https:\/\/apuntesdesanluis.com\/index.php\/2024\/01\/05\/mas-gestiones-de-apts-ante-el-gobierno-por-salarios-impagos\/\",\"name\":\"M\u00c1S GESTIONES DE APTS ANTE EL GOBIERNO POR SALARIOS IMPAGOS - Apuntes de San Luis\",\"isPartOf\":{\"@id\":\"https:\/\/apuntesdesanluis.com\/#website\"},\"primaryImageOfPage\":{\"@id\":\"https:\/\/apuntesdesanluis.com\/index.php\/2024\/01\/05\/mas-gestiones-de-apts-ante-el-gobierno-por-salarios-impagos\/#primaryimage\"},\"image\":{\"@id\":\"https:\/\/apuntesdesanluis.com\/index.php\/2024\/01\/05\/mas-gestiones-de-apts-ante-el-gobierno-por-salarios-impagos\/#primaryimage\"},\"thumbnailUrl\":\"https:\/\/apuntesdesanluis.com\/wp-content\/uploads\/2024\/01\/PORTER.png\",\"datePublished\":\"2024-01-05T22:09:17+00:00\",\"dateModified\":\"2024-01-05T22:10:06+00:00\",\"breadcrumb\":{\"@id\":\"https:\/\/apuntesdesanluis.com\/index.php\/2024\/01\/05\/mas-gestiones-de-apts-ante-el-gobierno-por-salarios-impagos\/#breadcrumb\"},\"inLanguage\":\"es-AR\",\"potentialAction\":[{\"@type\":\"ReadAction\",\"target\":[\"https:\/\/apuntesdesanluis.com\/index.php\/2024\/01\/05\/mas-gestiones-de-apts-ante-el-gobierno-por-salarios-impagos\/\"]}]},{\"@type\":\"ImageObject\",\"inLanguage\":\"es-AR\",\"@id\":\"https:\/\/apuntesdesanluis.com\/index.php\/2024\/01\/05\/mas-gestiones-de-apts-ante-el-gobierno-por-salarios-impagos\/#primaryimage\",\"url\":\"https:\/\/apuntesdesanluis.com\/wp-content\/uploads\/2024\/01\/PORTER.png\",\"contentUrl\":\"https:\/\/apuntesdesanluis.com\/wp-content\/uploads\/2024\/01\/PORTER.png\",\"width\":666,\"height\":435},{\"@type\":\"BreadcrumbList\",\"@id\":\"https:\/\/apuntesdesanluis.com\/index.php\/2024\/01\/05\/mas-gestiones-de-apts-ante-el-gobierno-por-salarios-impagos\/#breadcrumb\",\"itemListElement\":[{\"@type\":\"ListItem\",\"position\":1,\"name\":\"Inicio\",\"item\":\"https:\/\/apuntesdesanluis.com\/\"},{\"@type\":\"ListItem\",\"position\":2,\"name\":\"M\u00c1S GESTIONES DE APTS ANTE EL GOBIERNO POR SALARIOS IMPAGOS\"}]},{\"@type\":\"WebSite\",\"@id\":\"https:\/\/apuntesdesanluis.com\/#website\",\"url\":\"https:\/\/apuntesdesanluis.com\/\",\"name\":\"Apuntes de San Luis\",\"description\":\"\",\"publisher\":{\"@id\":\"https:\/\/apuntesdesanluis.com\/#\/schema\/person\/b55151d52296fcce64d1a72538a70b90\"},\"potentialAction\":[{\"@type\":\"SearchAction\",\"target\":{\"@type\":\"EntryPoint\",\"urlTemplate\":\"https:\/\/apuntesdesanluis.com\/?s={search_term_string}\"},\"query-input\":{\"@type\":\"PropertyValueSpecification\",\"valueRequired\":true,\"valueName\":\"search_term_string\"}}],\"inLanguage\":\"es-AR\"},{\"@type\":[\"Person\",\"Organization\"],\"@id\":\"https:\/\/apuntesdesanluis.com\/#\/schema\/person\/b55151d52296fcce64d1a72538a70b90\",\"name\":\"apuntesdesanluis.com\",\"image\":{\"@type\":\"ImageObject\",\"inLanguage\":\"es-AR\",\"@id\":\"https:\/\/apuntesdesanluis.com\/#\/schema\/person\/image\/\",\"url\":\"https:\/\/apuntesdesanluis.com\/wp-content\/uploads\/2023\/07\/cropped-apuntesdesanluis.png\",\"contentUrl\":\"https:\/\/apuntesdesanluis.com\/wp-content\/uploads\/2023\/07\/cropped-apuntesdesanluis.png\",\"width\":450,\"height\":112,\"caption\":\"apuntesdesanluis.com\"},\"logo\":{\"@id\":\"https:\/\/apuntesdesanluis.com\/#\/schema\/person\/image\/\"},\"sameAs\":[\"https:\/\/apuntesdesanluis.com\"],\"url\":\"https:\/\/apuntesdesanluis.com\/index.php\/author\/apuntesdesanluis-com\/\"}]}<\/script>\n<!-- \/ Yoast SEO plugin. -->","yoast_head_json":{"title":"M\u00c1S GESTIONES DE APTS ANTE EL GOBIERNO POR SALARIOS IMPAGOS - Apuntes de San Luis","robots":{"index":"index","follow":"follow","max-snippet":"max-snippet:-1","max-image-preview":"max-image-preview:large","max-video-preview":"max-video-preview:-1"},"canonical":"https:\/\/apuntesdesanluis.com\/index.php\/2024\/01\/05\/mas-gestiones-de-apts-ante-el-gobierno-por-salarios-impagos\/","og_locale":"es_ES","og_type":"article","og_title":"M\u00c1S GESTIONES DE APTS ANTE EL GOBIERNO POR SALARIOS IMPAGOS - Apuntes de San Luis","og_description":"La Asociaci\u00f3n de Profesionales y T\u00e9cnicos de la Salud (APTS) inform\u00f3 que este viernes integrantes...","og_url":"https:\/\/apuntesdesanluis.com\/index.php\/2024\/01\/05\/mas-gestiones-de-apts-ante-el-gobierno-por-salarios-impagos\/","og_site_name":"Apuntes de San Luis","article_published_time":"2024-01-05T22:09:17+00:00","article_modified_time":"2024-01-05T22:10:06+00:00","og_image":[{"width":666,"height":435,"url":"https:\/\/apuntesdesanluis.com\/wp-content\/uploads\/2024\/01\/PORTER.png","type":"image\/png"}],"author":"apuntesdesanluis.com","twitter_card":"summary_large_image","twitter_misc":{"Escrito por":"apuntesdesanluis.com","Tiempo de lectura":"2 minutos"},"schema":{"@context":"https:\/\/schema.org","@graph":[{"@type":"Article","@id":"https:\/\/apuntesdesanluis.com\/index.php\/2024\/01\/05\/mas-gestiones-de-apts-ante-el-gobierno-por-salarios-impagos\/#article","isPartOf":{"@id":"https:\/\/apuntesdesanluis.com\/index.php\/2024\/01\/05\/mas-gestiones-de-apts-ante-el-gobierno-por-salarios-impagos\/"},"author":{"name":"apuntesdesanluis.com","@id":"https:\/\/apuntesdesanluis.com\/#\/schema\/person\/b55151d52296fcce64d1a72538a70b90"},"headline":"M\u00c1S GESTIONES DE APTS ANTE EL GOBIERNO POR SALARIOS IMPAGOS","datePublished":"2024-01-05T22:09:17+00:00","dateModified":"2024-01-05T22:10:06+00:00","mainEntityOfPage":{"@id":"https:\/\/apuntesdesanluis.com\/index.php\/2024\/01\/05\/mas-gestiones-de-apts-ante-el-gobierno-por-salarios-impagos\/"},"wordCount":396,"publisher":{"@id":"https:\/\/apuntesdesanluis.com\/#\/schema\/person\/b55151d52296fcce64d1a72538a70b90"},"image":{"@id":"https:\/\/apuntesdesanluis.com\/index.php\/2024\/01\/05\/mas-gestiones-de-apts-ante-el-gobierno-por-salarios-impagos\/#primaryimage"},"thumbnailUrl":"https:\/\/apuntesdesanluis.com\/wp-content\/uploads\/2024\/01\/PORTER.png","articleSection":["Ciudad\/Provincia"],"inLanguage":"es-AR"},{"@type":"WebPage","@id":"https:\/\/apuntesdesanluis.com\/index.php\/2024\/01\/05\/mas-gestiones-de-apts-ante-el-gobierno-por-salarios-impagos\/","url":"https:\/\/apuntesdesanluis.com\/index.php\/2024\/01\/05\/mas-gestiones-de-apts-ante-el-gobierno-por-salarios-impagos\/","name":"M\u00c1S GESTIONES DE APTS ANTE EL GOBIERNO POR SALARIOS IMPAGOS - Apuntes de San Luis","isPartOf":{"@id":"https:\/\/apuntesdesanluis.com\/#website"},"primaryImageOfPage":{"@id":"https:\/\/apuntesdesanluis.com\/index.php\/2024\/01\/05\/mas-gestiones-de-apts-ante-el-gobierno-por-salarios-impagos\/#primaryimage"},"image":{"@id":"https:\/\/apuntesdesanluis.com\/index.php\/2024\/01\/05\/mas-gestiones-de-apts-ante-el-gobierno-por-salarios-impagos\/#primaryimage"},"thumbnailUrl":"https:\/\/apuntesdesanluis.com\/wp-content\/uploads\/2024\/01\/PORTER.png","datePublished":"2024-01-05T22:09:17+00:00","dateModified":"2024-01-05T22:10:06+00:00","breadcrumb":{"@id":"https:\/\/apuntesdesanluis.com\/index.php\/2024\/01\/05\/mas-gestiones-de-apts-ante-el-gobierno-por-salarios-impagos\/#breadcrumb"},"inLanguage":"es-AR","potentialAction":[{"@type":"ReadAction","target":["https:\/\/apuntesdesanluis.com\/index.php\/2024\/01\/05\/mas-gestiones-de-apts-ante-el-gobierno-por-salarios-impagos\/"]}]},{"@type":"ImageObject","inLanguage":"es-AR","@id":"https:\/\/apuntesdesanluis.com\/index.php\/2024\/01\/05\/mas-gestiones-de-apts-ante-el-gobierno-por-salarios-impagos\/#primaryimage","url":"https:\/\/apuntesdesanluis.com\/wp-content\/uploads\/2024\/01\/PORTER.png","contentUrl":"https:\/\/apuntesdesanluis.com\/wp-content\/uploads\/2024\/01\/PORTER.png","width":666,"height":435},{"@type":"BreadcrumbList","@id":"https:\/\/apuntesdesanluis.com\/index.php\/2024\/01\/05\/mas-gestiones-de-apts-ante-el-gobierno-por-salarios-impagos\/#breadcrumb","itemListElement":[{"@type":"ListItem","position":1,"name":"Inicio","item":"https:\/\/apuntesdesanluis.com\/"},{"@type":"ListItem","position":2,"name":"M\u00c1S GESTIONES DE APTS ANTE EL GOBIERNO POR SALARIOS IMPAGOS"}]},{"@type":"WebSite","@id":"https:\/\/apuntesdesanluis.com\/#website","url":"https:\/\/apuntesdesanluis.com\/","name":"Apuntes de San Luis","description":"","publisher":{"@id":"https:\/\/apuntesdesanluis.com\/#\/schema\/person\/b55151d52296fcce64d1a72538a70b90"},"potentialAction":[{"@type":"SearchAction","target":{"@type":"EntryPoint","urlTemplate":"https:\/\/apuntesdesanluis.com\/?s={search_term_string}"},"query-input":{"@type":"PropertyValueSpecification","valueRequired":true,"valueName":"search_term_string"}}],"inLanguage":"es-AR"},{"@type":["Person","Organization"],"@id":"https:\/\/apuntesdesanluis.com\/#\/schema\/person\/b55151d52296fcce64d1a72538a70b90","name":"apuntesdesanluis.com","image":{"@type":"ImageObject","inLanguage":"es-AR","@id":"https:\/\/apuntesdesanluis.com\/#\/schema\/person\/image\/","url":"https:\/\/apuntesdesanluis.com\/wp-content\/uploads\/2023\/07\/cropped-apuntesdesanluis.png","contentUrl":"https:\/\/apuntesdesanluis.com\/wp-content\/uploads\/2023\/07\/cropped-apuntesdesanluis.png","width":450,"height":112,"caption":"apuntesdesanluis.com"},"logo":{"@id":"https:\/\/apuntesdesanluis.com\/#\/schema\/person\/image\/"},"sameAs":["https:\/\/apuntesdesanluis.com"],"url":"https:\/\/apuntesdesanluis.com\/index.php\/author\/apuntesdesanluis-com\/"}]}},"featured_image_urls":{"full":["https:\/\/apuntesdesanluis.com\/wp-content\/uploads\/2024\/01\/PORTER.png",666,435,false],"thumbnail":["https:\/\/apuntesdesanluis.com\/wp-content\/uploads\/2024\/01\/PORTER-150x150.png",150,150,true],"medium":["https:\/\/apuntesdesanluis.com\/wp-content\/uploads\/2024\/01\/PORTER-300x196.png",300,196,true],"medium_large":["https:\/\/apuntesdesanluis.com\/wp-content\/uploads\/2024\/01\/PORTER.png",640,418,false],"large":["https:\/\/apuntesdesanluis.com\/wp-content\/uploads\/2024\/01\/PORTER.png",640,418,false],"1536x1536":["https:\/\/apuntesdesanluis.com\/wp-content\/uploads\/2024\/01\/PORTER.png",666,435,false],"2048x2048":["https:\/\/apuntesdesanluis.com\/wp-content\/uploads\/2024\/01\/PORTER.png",666,435,false],"newsever-slider-full":["https:\/\/apuntesdesanluis.com\/wp-content\/uploads\/2024\/01\/PORTER.png",666,435,false],"newsever-featured":["https:\/\/apuntesdesanluis.com\/wp-content\/uploads\/2024\/01\/PORTER.png",666,435,false],"newsever-medium":["https:\/\/apuntesdesanluis.com\/wp-content\/uploads\/2024\/01\/PORTER.png",666,435,false]},"author_info":{"display_name":"apuntesdesanluis.com","author_link":"https:\/\/apuntesdesanluis.com\/index.php\/author\/apuntesdesanluis-com\/"},"category_info":"<a href=\"https:\/\/apuntesdesanluis.com\/index.php\/category\/ciudad-provincia\/\" rel=\"category tag\">Ciudad\/Provincia<\/a>","tag_info":"Ciudad\/Provincia","comment_count":"0","_links":{"self":[{"href":"https:\/\/apuntesdesanluis.com\/index.php\/wp-json\/wp\/v2\/posts\/9546","targetHints":{"allow":["GET"]}}],"collection":[{"href":"https:\/\/apuntesdesanluis.com\/index.php\/wp-json\/wp\/v2\/posts"}],"about":[{"href":"https:\/\/apuntesdesanluis.com\/index.php\/wp-json\/wp\/v2\/types\/post"}],"author":[{"embeddable":true,"href":"https:\/\/apuntesdesanluis.com\/index.php\/wp-json\/wp\/v2\/users\/1"}],"replies":[{"embeddable":true,"href":"https:\/\/apuntesdesanluis.com\/index.php\/wp-json\/wp\/v2\/comments?post=9546"}],"version-history":[{"count":2,"href":"https:\/\/apuntesdesanluis.com\/index.php\/wp-json\/wp\/v2\/posts\/9546\/revisions"}],"predecessor-version":[{"id":9549,"href":"https:\/\/apuntesdesanluis.com\/index.php\/wp-json\/wp\/v2\/posts\/9546\/revisions\/9549"}],"wp:featuredmedia":[{"embeddable":true,"href":"https:\/\/apuntesdesanluis.com\/index.php\/wp-json\/wp\/v2\/media\/9547"}],"wp:attachment":[{"href":"https:\/\/apuntesdesanluis.com\/index.php\/wp-json\/wp\/v2\/media?parent=9546"}],"wp:term":[{"taxonomy":"category","embeddable":true,"href":"https:\/\/apuntesdesanluis.com\/index.php\/wp-json\/wp\/v2\/categories?post=9546"},{"taxonomy":"post_tag","embeddable":true,"href":"https:\/\/apuntesdesanluis.com\/index.php\/wp-json\/wp\/v2\/tags?post=9546"}],"curies":[{"name":"wp","href":"https:\/\/api.w.org\/{rel}","templated":true}]}}