{"id":9555,"date":"2024-01-05T18:30:04","date_gmt":"2024-01-05T21:30:04","guid":{"rendered":"https:\/\/apuntesdesanluis.com\/?p=9555"},"modified":"2024-01-05T21:01:41","modified_gmt":"2024-01-06T00:01:41","slug":"anibal-gomez-le-pedimos-a-los-gobiernos-que-actuen-con-sensibilidad-y-cordura","status":"publish","type":"post","link":"https:\/\/apuntesdesanluis.com\/index.php\/2024\/01\/05\/anibal-gomez-le-pedimos-a-los-gobiernos-que-actuen-con-sensibilidad-y-cordura\/","title":{"rendered":"AN\u00cdBAL G\u00d3MEZ: \u201cLE PEDIMOS A LOS GOBIERNOS QUE ACT\u00daEN CON SENSIBILIDAD Y CORDURA\u201d"},"content":{"rendered":"<h3>El Secretario General de ATSA San Luis, <span style=\"color: #000000;\"><strong>An\u00edbal G\u00f3mez<\/strong><\/span>, expres\u00f3 su preocupaci\u00f3n por el contexto socioecon\u00f3mico actual, tanto a nivel provincial como nacional, al tiempo que inst\u00f3 a que \u201clos gobiernos act\u00faen con sensibilidad social y empat\u00eda, no con la mirada puesta s\u00f3lo en la fr\u00eda contabilidad de los n\u00fameros\u201d.<\/h3>\n<h3>En este sentido, celebr\u00f3 el fallo de la C\u00e1mara Nacional de Apelaciones del Trabajo que suspendi\u00f3 todas las reformas incluidas bajo el t\u00edtulo \u201cTrabajo\u201d en el DNU de <strong>Javier Milei<\/strong>, luego del amparo presentado por la CGT.<\/h3>\n<h3>\u201cFelizmente la Justicia suspendi\u00f3 la reforma laboral incluida en el Decreto de Necesidad y Urgencia 70\/2023, que implicaba cambios en materia laboral vinculados a interpretaci\u00f3n de las normas, contrataci\u00f3n, jornada laboral, indemnizaciones y actividad sindical. Es el primer paso, la primera batalla, pero significa un avance para los trabajadores y un freno al atropello del gobierno nacional, que pretende llevarse puestos los derechos adquiridos tras largas d\u00e9cadas de luchas del movimiento obrero\u201d, enfatiz\u00f3.<\/h3>\n<h3>En referencia a nuestra provincia, el dirigente de la sanidad indic\u00f3: \u201cTambi\u00e9n miramos con preocupaci\u00f3n lo que est\u00e1 sucediendo en San Luis y se lo expresamos a las autoridades del Ministerio de Salud d\u00edas atr\u00e1s. Primero el desdoblamiento, luego los incumplimientos en los pagos. Podemos entender que la provincia tenga problemas financieros, como nos dijeron, pero no podemos aceptar que el ajuste lo deban pagar los compa\u00f1eros. Hace poco m\u00e1s de dos a\u00f1os la sociedad aplaud\u00eda a los trabajadores de la salud y los consideraba h\u00e9roes, pero ahora pasan a ser un n\u00famero\u2026\u201d, reflexion\u00f3.<\/h3>\n<h3>G\u00f3mez agreg\u00f3 que ATSA \u201csiempre est\u00e1 abierta al di\u00e1logo\u201d y as\u00ed se lo reiter\u00f3 a la ministra Claudia Spagnuolo, a quien se le solicit\u00f3 una audiencia \u201cno s\u00f3lo para tratar esta problem\u00e1tica salarial, sino tambi\u00e9n otras cuestiones que tienen que ver con las condiciones de trabajo del sector e incluso la falta de pago a los residentes, porque aunque no son nuestros afiliados son compa\u00f1eros trabajadores de la salud y nos preocupa su situaci\u00f3n\u201d.<\/h3>\n<h3>Al respecto indic\u00f3 que \u201clas autoridades nos transmitieron que est\u00e1n haciendo todos los esfuerzos para que en estos d\u00edas la falta de pago que sufren algunos compa\u00f1eros quede resuelta\u201d.<\/h3>\n<h3>Finalmente transmiti\u00f3 su \u201cprofundo anhelo\u201d de que las gestiones que se est\u00e1n haciendo con el Banco Naci\u00f3n \u201cpermitan solucionar definitivamente el pago de haberes, porque esta medida in\u00e9dita est\u00e1 ocasionando muchos perjuicios a todos los trabajadores. Esto es dram\u00e1tico para muchas familias y as\u00ed se lo hicimos saber a los funcionarios con los que nos pudimos reunir d\u00edas atr\u00e1s\u201d.<\/h3>\n<h3>\u201cAs\u00ed como reiteramos nuestra vocaci\u00f3n de di\u00e1logo, tambi\u00e9n les adelantamos que si no se encuentra una pronta soluci\u00f3n, ATSA defender\u00e1 los derechos de los trabajadores con las herramientas gremiales con que contamos. Por eso nuestra conducci\u00f3n nacional y nosotros en la provincia le estamos solicitando a los gobiernos que act\u00faen con prudencia, sensibilidad y cordura, no con la mirada puesta s\u00f3lo en la fr\u00eda contabilidad de los n\u00fameros\u201d, concluy\u00f3.<\/h3>\n","protected":false},"excerpt":{"rendered":"<p>El Secretario General de ATSA San Luis, An\u00edbal G\u00f3mez, expres\u00f3 su preocupaci\u00f3n por el contexto&#8230;<\/p>\n","protected":false},"author":1,"featured_media":9556,"comment_status":"closed","ping_status":"closed","sticky":false,"template":"","format":"standard","meta":{"footnotes":""},"categories":[6],"tags":[],"class_list":["post-9555","post","type-post","status-publish","format-standard","has-post-thumbnail","hentry","category-ciudad-provincia"],"yoast_head":"<!-- This site is optimized with the Yoast SEO plugin v26.1.1 - https:\/\/yoast.com\/wordpress\/plugins\/seo\/ -->\n<title>AN\u00cdBAL G\u00d3MEZ: \u201cLE PEDIMOS A LOS GOBIERNOS QUE ACT\u00daEN CON SENSIBILIDAD Y CORDURA\u201d - Apuntes de San Luis<\/title>\n<meta name=\"robots\" content=\"index, follow, max-snippet:-1, max-image-preview:large, max-video-preview:-1\" \/>\n<link rel=\"canonical\" href=\"https:\/\/apuntesdesanluis.com\/index.php\/2024\/01\/05\/anibal-gomez-le-pedimos-a-los-gobiernos-que-actuen-con-sensibilidad-y-cordura\/\" \/>\n<meta property=\"og:locale\" content=\"es_ES\" \/>\n<meta property=\"og:type\" content=\"article\" \/>\n<meta property=\"og:title\" content=\"AN\u00cdBAL G\u00d3MEZ: \u201cLE PEDIMOS A LOS GOBIERNOS QUE ACT\u00daEN CON SENSIBILIDAD Y CORDURA\u201d - Apuntes de San Luis\" \/>\n<meta property=\"og:description\" content=\"El Secretario General de ATSA San Luis, An\u00edbal G\u00f3mez, expres\u00f3 su preocupaci\u00f3n por el contexto...\" \/>\n<meta property=\"og:url\" content=\"https:\/\/apuntesdesanluis.com\/index.php\/2024\/01\/05\/anibal-gomez-le-pedimos-a-los-gobiernos-que-actuen-con-sensibilidad-y-cordura\/\" \/>\n<meta property=\"og:site_name\" content=\"Apuntes de San Luis\" \/>\n<meta property=\"article:published_time\" content=\"2024-01-05T21:30:04+00:00\" \/>\n<meta property=\"article:modified_time\" content=\"2024-01-06T00:01:41+00:00\" \/>\n<meta property=\"og:image\" content=\"https:\/\/apuntesdesanluis.com\/wp-content\/uploads\/2024\/01\/anibal-gomez-de-atsa.png\" \/>\n\t<meta property=\"og:image:width\" content=\"503\" \/>\n\t<meta property=\"og:image:height\" content=\"287\" \/>\n\t<meta property=\"og:image:type\" content=\"image\/png\" \/>\n<meta name=\"author\" content=\"apuntesdesanluis.com\" \/>\n<meta name=\"twitter:card\" content=\"summary_large_image\" \/>\n<meta name=\"twitter:label1\" content=\"Escrito por\" \/>\n\t<meta name=\"twitter:data1\" content=\"apuntesdesanluis.com\" \/>\n\t<meta name=\"twitter:label2\" content=\"Tiempo de lectura\" \/>\n\t<meta name=\"twitter:data2\" content=\"3 minutos\" \/>\n<script type=\"application\/ld+json\" class=\"yoast-schema-graph\">{\"@context\":\"https:\/\/schema.org\",\"@graph\":[{\"@type\":\"Article\",\"@id\":\"https:\/\/apuntesdesanluis.com\/index.php\/2024\/01\/05\/anibal-gomez-le-pedimos-a-los-gobiernos-que-actuen-con-sensibilidad-y-cordura\/#article\",\"isPartOf\":{\"@id\":\"https:\/\/apuntesdesanluis.com\/index.php\/2024\/01\/05\/anibal-gomez-le-pedimos-a-los-gobiernos-que-actuen-con-sensibilidad-y-cordura\/\"},\"author\":{\"name\":\"apuntesdesanluis.com\",\"@id\":\"https:\/\/apuntesdesanluis.com\/#\/schema\/person\/b55151d52296fcce64d1a72538a70b90\"},\"headline\":\"AN\u00cdBAL G\u00d3MEZ: \u201cLE PEDIMOS A LOS GOBIERNOS QUE ACT\u00daEN CON SENSIBILIDAD Y CORDURA\u201d\",\"datePublished\":\"2024-01-05T21:30:04+00:00\",\"dateModified\":\"2024-01-06T00:01:41+00:00\",\"mainEntityOfPage\":{\"@id\":\"https:\/\/apuntesdesanluis.com\/index.php\/2024\/01\/05\/anibal-gomez-le-pedimos-a-los-gobiernos-que-actuen-con-sensibilidad-y-cordura\/\"},\"wordCount\":549,\"publisher\":{\"@id\":\"https:\/\/apuntesdesanluis.com\/#\/schema\/person\/b55151d52296fcce64d1a72538a70b90\"},\"image\":{\"@id\":\"https:\/\/apuntesdesanluis.com\/index.php\/2024\/01\/05\/anibal-gomez-le-pedimos-a-los-gobiernos-que-actuen-con-sensibilidad-y-cordura\/#primaryimage\"},\"thumbnailUrl\":\"https:\/\/apuntesdesanluis.com\/wp-content\/uploads\/2024\/01\/anibal-gomez-de-atsa.png\",\"articleSection\":[\"Ciudad\/Provincia\"],\"inLanguage\":\"es-AR\"},{\"@type\":\"WebPage\",\"@id\":\"https:\/\/apuntesdesanluis.com\/index.php\/2024\/01\/05\/anibal-gomez-le-pedimos-a-los-gobiernos-que-actuen-con-sensibilidad-y-cordura\/\",\"url\":\"https:\/\/apuntesdesanluis.com\/index.php\/2024\/01\/05\/anibal-gomez-le-pedimos-a-los-gobiernos-que-actuen-con-sensibilidad-y-cordura\/\",\"name\":\"AN\u00cdBAL G\u00d3MEZ: \u201cLE PEDIMOS A LOS GOBIERNOS QUE ACT\u00daEN CON SENSIBILIDAD Y CORDURA\u201d - Apuntes de San Luis\",\"isPartOf\":{\"@id\":\"https:\/\/apuntesdesanluis.com\/#website\"},\"primaryImageOfPage\":{\"@id\":\"https:\/\/apuntesdesanluis.com\/index.php\/2024\/01\/05\/anibal-gomez-le-pedimos-a-los-gobiernos-que-actuen-con-sensibilidad-y-cordura\/#primaryimage\"},\"image\":{\"@id\":\"https:\/\/apuntesdesanluis.com\/index.php\/2024\/01\/05\/anibal-gomez-le-pedimos-a-los-gobiernos-que-actuen-con-sensibilidad-y-cordura\/#primaryimage\"},\"thumbnailUrl\":\"https:\/\/apuntesdesanluis.com\/wp-content\/uploads\/2024\/01\/anibal-gomez-de-atsa.png\",\"datePublished\":\"2024-01-05T21:30:04+00:00\",\"dateModified\":\"2024-01-06T00:01:41+00:00\",\"breadcrumb\":{\"@id\":\"https:\/\/apuntesdesanluis.com\/index.php\/2024\/01\/05\/anibal-gomez-le-pedimos-a-los-gobiernos-que-actuen-con-sensibilidad-y-cordura\/#breadcrumb\"},\"inLanguage\":\"es-AR\",\"potentialAction\":[{\"@type\":\"ReadAction\",\"target\":[\"https:\/\/apuntesdesanluis.com\/index.php\/2024\/01\/05\/anibal-gomez-le-pedimos-a-los-gobiernos-que-actuen-con-sensibilidad-y-cordura\/\"]}]},{\"@type\":\"ImageObject\",\"inLanguage\":\"es-AR\",\"@id\":\"https:\/\/apuntesdesanluis.com\/index.php\/2024\/01\/05\/anibal-gomez-le-pedimos-a-los-gobiernos-que-actuen-con-sensibilidad-y-cordura\/#primaryimage\",\"url\":\"https:\/\/apuntesdesanluis.com\/wp-content\/uploads\/2024\/01\/anibal-gomez-de-atsa.png\",\"contentUrl\":\"https:\/\/apuntesdesanluis.com\/wp-content\/uploads\/2024\/01\/anibal-gomez-de-atsa.png\",\"width\":503,\"height\":287},{\"@type\":\"BreadcrumbList\",\"@id\":\"https:\/\/apuntesdesanluis.com\/index.php\/2024\/01\/05\/anibal-gomez-le-pedimos-a-los-gobiernos-que-actuen-con-sensibilidad-y-cordura\/#breadcrumb\",\"itemListElement\":[{\"@type\":\"ListItem\",\"position\":1,\"name\":\"Inicio\",\"item\":\"https:\/\/apuntesdesanluis.com\/\"},{\"@type\":\"ListItem\",\"position\":2,\"name\":\"AN\u00cdBAL G\u00d3MEZ: \u201cLE PEDIMOS A LOS GOBIERNOS QUE ACT\u00daEN CON SENSIBILIDAD Y CORDURA\u201d\"}]},{\"@type\":\"WebSite\",\"@id\":\"https:\/\/apuntesdesanluis.com\/#website\",\"url\":\"https:\/\/apuntesdesanluis.com\/\",\"name\":\"Apuntes de San Luis\",\"description\":\"\",\"publisher\":{\"@id\":\"https:\/\/apuntesdesanluis.com\/#\/schema\/person\/b55151d52296fcce64d1a72538a70b90\"},\"potentialAction\":[{\"@type\":\"SearchAction\",\"target\":{\"@type\":\"EntryPoint\",\"urlTemplate\":\"https:\/\/apuntesdesanluis.com\/?s={search_term_string}\"},\"query-input\":{\"@type\":\"PropertyValueSpecification\",\"valueRequired\":true,\"valueName\":\"search_term_string\"}}],\"inLanguage\":\"es-AR\"},{\"@type\":[\"Person\",\"Organization\"],\"@id\":\"https:\/\/apuntesdesanluis.com\/#\/schema\/person\/b55151d52296fcce64d1a72538a70b90\",\"name\":\"apuntesdesanluis.com\",\"image\":{\"@type\":\"ImageObject\",\"inLanguage\":\"es-AR\",\"@id\":\"https:\/\/apuntesdesanluis.com\/#\/schema\/person\/image\/\",\"url\":\"https:\/\/apuntesdesanluis.com\/wp-content\/uploads\/2023\/07\/cropped-apuntesdesanluis.png\",\"contentUrl\":\"https:\/\/apuntesdesanluis.com\/wp-content\/uploads\/2023\/07\/cropped-apuntesdesanluis.png\",\"width\":450,\"height\":112,\"caption\":\"apuntesdesanluis.com\"},\"logo\":{\"@id\":\"https:\/\/apuntesdesanluis.com\/#\/schema\/person\/image\/\"},\"sameAs\":[\"https:\/\/apuntesdesanluis.com\"],\"url\":\"https:\/\/apuntesdesanluis.com\/index.php\/author\/apuntesdesanluis-com\/\"}]}<\/script>\n<!-- \/ Yoast SEO plugin. -->","yoast_head_json":{"title":"AN\u00cdBAL G\u00d3MEZ: \u201cLE PEDIMOS A LOS GOBIERNOS QUE ACT\u00daEN CON SENSIBILIDAD Y CORDURA\u201d - Apuntes de San Luis","robots":{"index":"index","follow":"follow","max-snippet":"max-snippet:-1","max-image-preview":"max-image-preview:large","max-video-preview":"max-video-preview:-1"},"canonical":"https:\/\/apuntesdesanluis.com\/index.php\/2024\/01\/05\/anibal-gomez-le-pedimos-a-los-gobiernos-que-actuen-con-sensibilidad-y-cordura\/","og_locale":"es_ES","og_type":"article","og_title":"AN\u00cdBAL G\u00d3MEZ: \u201cLE PEDIMOS A LOS GOBIERNOS QUE ACT\u00daEN CON SENSIBILIDAD Y CORDURA\u201d - Apuntes de San Luis","og_description":"El Secretario General de ATSA San Luis, An\u00edbal G\u00f3mez, expres\u00f3 su preocupaci\u00f3n por el contexto...","og_url":"https:\/\/apuntesdesanluis.com\/index.php\/2024\/01\/05\/anibal-gomez-le-pedimos-a-los-gobiernos-que-actuen-con-sensibilidad-y-cordura\/","og_site_name":"Apuntes de San Luis","article_published_time":"2024-01-05T21:30:04+00:00","article_modified_time":"2024-01-06T00:01:41+00:00","og_image":[{"width":503,"height":287,"url":"https:\/\/apuntesdesanluis.com\/wp-content\/uploads\/2024\/01\/anibal-gomez-de-atsa.png","type":"image\/png"}],"author":"apuntesdesanluis.com","twitter_card":"summary_large_image","twitter_misc":{"Escrito por":"apuntesdesanluis.com","Tiempo de lectura":"3 minutos"},"schema":{"@context":"https:\/\/schema.org","@graph":[{"@type":"Article","@id":"https:\/\/apuntesdesanluis.com\/index.php\/2024\/01\/05\/anibal-gomez-le-pedimos-a-los-gobiernos-que-actuen-con-sensibilidad-y-cordura\/#article","isPartOf":{"@id":"https:\/\/apuntesdesanluis.com\/index.php\/2024\/01\/05\/anibal-gomez-le-pedimos-a-los-gobiernos-que-actuen-con-sensibilidad-y-cordura\/"},"author":{"name":"apuntesdesanluis.com","@id":"https:\/\/apuntesdesanluis.com\/#\/schema\/person\/b55151d52296fcce64d1a72538a70b90"},"headline":"AN\u00cdBAL G\u00d3MEZ: \u201cLE PEDIMOS A LOS GOBIERNOS QUE ACT\u00daEN CON SENSIBILIDAD Y CORDURA\u201d","datePublished":"2024-01-05T21:30:04+00:00","dateModified":"2024-01-06T00:01:41+00:00","mainEntityOfPage":{"@id":"https:\/\/apuntesdesanluis.com\/index.php\/2024\/01\/05\/anibal-gomez-le-pedimos-a-los-gobiernos-que-actuen-con-sensibilidad-y-cordura\/"},"wordCount":549,"publisher":{"@id":"https:\/\/apuntesdesanluis.com\/#\/schema\/person\/b55151d52296fcce64d1a72538a70b90"},"image":{"@id":"https:\/\/apuntesdesanluis.com\/index.php\/2024\/01\/05\/anibal-gomez-le-pedimos-a-los-gobiernos-que-actuen-con-sensibilidad-y-cordura\/#primaryimage"},"thumbnailUrl":"https:\/\/apuntesdesanluis.com\/wp-content\/uploads\/2024\/01\/anibal-gomez-de-atsa.png","articleSection":["Ciudad\/Provincia"],"inLanguage":"es-AR"},{"@type":"WebPage","@id":"https:\/\/apuntesdesanluis.com\/index.php\/2024\/01\/05\/anibal-gomez-le-pedimos-a-los-gobiernos-que-actuen-con-sensibilidad-y-cordura\/","url":"https:\/\/apuntesdesanluis.com\/index.php\/2024\/01\/05\/anibal-gomez-le-pedimos-a-los-gobiernos-que-actuen-con-sensibilidad-y-cordura\/","name":"AN\u00cdBAL G\u00d3MEZ: \u201cLE PEDIMOS A LOS GOBIERNOS QUE ACT\u00daEN CON SENSIBILIDAD Y CORDURA\u201d - Apuntes de San Luis","isPartOf":{"@id":"https:\/\/apuntesdesanluis.com\/#website"},"primaryImageOfPage":{"@id":"https:\/\/apuntesdesanluis.com\/index.php\/2024\/01\/05\/anibal-gomez-le-pedimos-a-los-gobiernos-que-actuen-con-sensibilidad-y-cordura\/#primaryimage"},"image":{"@id":"https:\/\/apuntesdesanluis.com\/index.php\/2024\/01\/05\/anibal-gomez-le-pedimos-a-los-gobiernos-que-actuen-con-sensibilidad-y-cordura\/#primaryimage"},"thumbnailUrl":"https:\/\/apuntesdesanluis.com\/wp-content\/uploads\/2024\/01\/anibal-gomez-de-atsa.png","datePublished":"2024-01-05T21:30:04+00:00","dateModified":"2024-01-06T00:01:41+00:00","breadcrumb":{"@id":"https:\/\/apuntesdesanluis.com\/index.php\/2024\/01\/05\/anibal-gomez-le-pedimos-a-los-gobiernos-que-actuen-con-sensibilidad-y-cordura\/#breadcrumb"},"inLanguage":"es-AR","potentialAction":[{"@type":"ReadAction","target":["https:\/\/apuntesdesanluis.com\/index.php\/2024\/01\/05\/anibal-gomez-le-pedimos-a-los-gobiernos-que-actuen-con-sensibilidad-y-cordura\/"]}]},{"@type":"ImageObject","inLanguage":"es-AR","@id":"https:\/\/apuntesdesanluis.com\/index.php\/2024\/01\/05\/anibal-gomez-le-pedimos-a-los-gobiernos-que-actuen-con-sensibilidad-y-cordura\/#primaryimage","url":"https:\/\/apuntesdesanluis.com\/wp-content\/uploads\/2024\/01\/anibal-gomez-de-atsa.png","contentUrl":"https:\/\/apuntesdesanluis.com\/wp-content\/uploads\/2024\/01\/anibal-gomez-de-atsa.png","width":503,"height":287},{"@type":"BreadcrumbList","@id":"https:\/\/apuntesdesanluis.com\/index.php\/2024\/01\/05\/anibal-gomez-le-pedimos-a-los-gobiernos-que-actuen-con-sensibilidad-y-cordura\/#breadcrumb","itemListElement":[{"@type":"ListItem","position":1,"name":"Inicio","item":"https:\/\/apuntesdesanluis.com\/"},{"@type":"ListItem","position":2,"name":"AN\u00cdBAL G\u00d3MEZ: \u201cLE PEDIMOS A LOS GOBIERNOS QUE ACT\u00daEN CON SENSIBILIDAD Y CORDURA\u201d"}]},{"@type":"WebSite","@id":"https:\/\/apuntesdesanluis.com\/#website","url":"https:\/\/apuntesdesanluis.com\/","name":"Apuntes de San Luis","description":"","publisher":{"@id":"https:\/\/apuntesdesanluis.com\/#\/schema\/person\/b55151d52296fcce64d1a72538a70b90"},"potentialAction":[{"@type":"SearchAction","target":{"@type":"EntryPoint","urlTemplate":"https:\/\/apuntesdesanluis.com\/?s={search_term_string}"},"query-input":{"@type":"PropertyValueSpecification","valueRequired":true,"valueName":"search_term_string"}}],"inLanguage":"es-AR"},{"@type":["Person","Organization"],"@id":"https:\/\/apuntesdesanluis.com\/#\/schema\/person\/b55151d52296fcce64d1a72538a70b90","name":"apuntesdesanluis.com","image":{"@type":"ImageObject","inLanguage":"es-AR","@id":"https:\/\/apuntesdesanluis.com\/#\/schema\/person\/image\/","url":"https:\/\/apuntesdesanluis.com\/wp-content\/uploads\/2023\/07\/cropped-apuntesdesanluis.png","contentUrl":"https:\/\/apuntesdesanluis.com\/wp-content\/uploads\/2023\/07\/cropped-apuntesdesanluis.png","width":450,"height":112,"caption":"apuntesdesanluis.com"},"logo":{"@id":"https:\/\/apuntesdesanluis.com\/#\/schema\/person\/image\/"},"sameAs":["https:\/\/apuntesdesanluis.com"],"url":"https:\/\/apuntesdesanluis.com\/index.php\/author\/apuntesdesanluis-com\/"}]}},"featured_image_urls":{"full":["https:\/\/apuntesdesanluis.com\/wp-content\/uploads\/2024\/01\/anibal-gomez-de-atsa.png",503,287,false],"thumbnail":["https:\/\/apuntesdesanluis.com\/wp-content\/uploads\/2024\/01\/anibal-gomez-de-atsa-150x150.png",150,150,true],"medium":["https:\/\/apuntesdesanluis.com\/wp-content\/uploads\/2024\/01\/anibal-gomez-de-atsa-300x171.png",300,171,true],"medium_large":["https:\/\/apuntesdesanluis.com\/wp-content\/uploads\/2024\/01\/anibal-gomez-de-atsa.png",503,287,false],"large":["https:\/\/apuntesdesanluis.com\/wp-content\/uploads\/2024\/01\/anibal-gomez-de-atsa.png",503,287,false],"1536x1536":["https:\/\/apuntesdesanluis.com\/wp-content\/uploads\/2024\/01\/anibal-gomez-de-atsa.png",503,287,false],"2048x2048":["https:\/\/apuntesdesanluis.com\/wp-content\/uploads\/2024\/01\/anibal-gomez-de-atsa.png",503,287,false],"newsever-slider-full":["https:\/\/apuntesdesanluis.com\/wp-content\/uploads\/2024\/01\/anibal-gomez-de-atsa.png",503,287,false],"newsever-featured":["https:\/\/apuntesdesanluis.com\/wp-content\/uploads\/2024\/01\/anibal-gomez-de-atsa.png",503,287,false],"newsever-medium":["https:\/\/apuntesdesanluis.com\/wp-content\/uploads\/2024\/01\/anibal-gomez-de-atsa.png",503,287,false]},"author_info":{"display_name":"apuntesdesanluis.com","author_link":"https:\/\/apuntesdesanluis.com\/index.php\/author\/apuntesdesanluis-com\/"},"category_info":"<a href=\"https:\/\/apuntesdesanluis.com\/index.php\/category\/ciudad-provincia\/\" rel=\"category tag\">Ciudad\/Provincia<\/a>","tag_info":"Ciudad\/Provincia","comment_count":"0","_links":{"self":[{"href":"https:\/\/apuntesdesanluis.com\/index.php\/wp-json\/wp\/v2\/posts\/9555","targetHints":{"allow":["GET"]}}],"collection":[{"href":"https:\/\/apuntesdesanluis.com\/index.php\/wp-json\/wp\/v2\/posts"}],"about":[{"href":"https:\/\/apuntesdesanluis.com\/index.php\/wp-json\/wp\/v2\/types\/post"}],"author":[{"embeddable":true,"href":"https:\/\/apuntesdesanluis.com\/index.php\/wp-json\/wp\/v2\/users\/1"}],"replies":[{"embeddable":true,"href":"https:\/\/apuntesdesanluis.com\/index.php\/wp-json\/wp\/v2\/comments?post=9555"}],"version-history":[{"count":1,"href":"https:\/\/apuntesdesanluis.com\/index.php\/wp-json\/wp\/v2\/posts\/9555\/revisions"}],"predecessor-version":[{"id":9557,"href":"https:\/\/apuntesdesanluis.com\/index.php\/wp-json\/wp\/v2\/posts\/9555\/revisions\/9557"}],"wp:featuredmedia":[{"embeddable":true,"href":"https:\/\/apuntesdesanluis.com\/index.php\/wp-json\/wp\/v2\/media\/9556"}],"wp:attachment":[{"href":"https:\/\/apuntesdesanluis.com\/index.php\/wp-json\/wp\/v2\/media?parent=9555"}],"wp:term":[{"taxonomy":"category","embeddable":true,"href":"https:\/\/apuntesdesanluis.com\/index.php\/wp-json\/wp\/v2\/categories?post=9555"},{"taxonomy":"post_tag","embeddable":true,"href":"https:\/\/apuntesdesanluis.com\/index.php\/wp-json\/wp\/v2\/tags?post=9555"}],"curies":[{"name":"wp","href":"https:\/\/api.w.org\/{rel}","templated":true}]}}