{"id":9558,"date":"2024-01-05T21:23:17","date_gmt":"2024-01-06T00:23:17","guid":{"rendered":"https:\/\/apuntesdesanluis.com\/?p=9558"},"modified":"2024-01-05T21:23:51","modified_gmt":"2024-01-06T00:23:51","slug":"se-negaron-a-declarar-el-abogado-y-la-escribana-investigados-por-graves-delitos","status":"publish","type":"post","link":"https:\/\/apuntesdesanluis.com\/index.php\/2024\/01\/05\/se-negaron-a-declarar-el-abogado-y-la-escribana-investigados-por-graves-delitos\/","title":{"rendered":"SE ABSTUVIERON DE DECLARAR EL ABOGADO Y LA ESCRIBANA INVESTIGADOS POR GRAVES DELITOS"},"content":{"rendered":"<h3>Una fuente de la justicia federal local indic\u00f3 que la pareja de profesionales acusados cit\u00f3 el derecho contemplado en el art. 296 del C\u00f3digo Penal y se abstuvo de declarar.<\/h3>\n<h3>El profesional del Derecho, <strong>Juan Cruz Albarrac\u00edn<\/strong>, y su esposa escribana, <strong>Andrea del Valle Escudero Hern\u00e1ndez<\/strong>, se presentaron este jueves en el <strong>Juzgado Federal de Villa Mercedes<\/strong>, donde estaban citados a prestar declaraci\u00f3n por los delitos de &#8220;estafa procesal en grado de tentativa, falsificaci\u00f3n de documento privado, falsedad ideol\u00f3gica y tr\u00e1fico de influencias agravado -en el caso del letrado-&#8220;, quien habr\u00eda intentado sobornar a un juez, seg\u00fan acusa el fiscal. Se sospecha tambi\u00e9n la probable existencia de lavado de activos.<\/h3>\n<h3>La investigaci\u00f3n se inici\u00f3 el 8 de julio de 2020, cuando reg\u00edan las restricciones a la circulaci\u00f3n dispuestas por el Aislamiento Social Preventivo y Obligatoria (ASPO) decretado por la pandemia del virus Covid-19. En dicha ocasi\u00f3n, el jefe de la Unidad Regional 4 de la Comisar\u00eda N\u00b019 de la localidad puntana de Buena Esperanza circulaba por la autopista 55 cuando advirti\u00f3 tres camionetas en las que viajaban distintos integrantes de una familia.<\/h3>\n<h3>Al ser consultados, las personas indicaron que ven\u00edan del l\u00edmite con la provincia de C\u00f3rdoba, donde hab\u00edan concurrido a comprar un campo, pero como no pudieron, regresaban con el dinero. As\u00ed, cuando se revisaron los veh\u00edculos, se incautaron 18.670.000 pesos, armas de fuego y municiones.<\/h3>\n<h3>DETALLE<\/h3>\n<h3>Los integrantes de la familia con domicilio en\u00a0<a class=\"agrupador\" href=\"https:\/\/www.puntalvillamaria.com.ar\/villa-mercedes-a15097\" rel=\"15097\">Villa Mercedes<\/a>\u00a0se movilizaban en tres camionetas por la autopista provincial 55, a unos 35 kil\u00f3metros de Buena Esperanza, y en el procedimiento se verific\u00f3 la fuerte suma de dinero, que fue incautada por el personal policial, siguiendo directivas de la Justicia puntana.<\/h3>\n<h3>Los veh\u00edculos se desplazaban de sur a norte, entre Buena Esperanza y Villa Mercedes, se inform\u00f3.<\/h3>\n<h3>En primer t\u00e9rmino se requis\u00f3 una Chevrolet S10 en la que viajaban dos hermanos de 45 y 47 a\u00f1os, con un hijo del segundo. En una caja de cart\u00f3n, la Polic\u00eda secuestr\u00f3 4 millones de pesos discriminados en billetes de distinta denominaci\u00f3n, y un rev\u00f3lver calibre 22 con municiones.<\/h3>\n<h3>En una Ford Ranger lo hac\u00edan otros dos hermanos de 24 y 28 a\u00f1os de edad y una mujer de 63 a\u00f1os, madre de los mismos.<\/h3>\n<h3>De la Ranger, el personal policial de la Unidad Regional IV incaut\u00f3 5.200.000 pesos y un arma de fuego calibre 22 sin culata.<\/h3>\n<h3>En la tercera camioneta, una Ford Ranger, iban dos hermanos de 29 y 24 a\u00f1os, a quienes se les incaut\u00f3 un bolso negro con 9.470.000 pesos.<\/h3>\n<h3>La familia fue trasladada a la comisar\u00eda donde, alrededor de las 22, apareci\u00f3 el abogado imputado, quien intercedi\u00f3 para su liberaci\u00f3n. En ese contexto, se inici\u00f3 una causa penal ante la Justicia local, que luego declin\u00f3 su competencia en la Justicia Federal, por considerar que la familia hab\u00eda incurrido en el delito de lavado de activos.<\/h3>\n<h3><strong>INTERVENCI\u00d3N DEL ABOGADO<\/strong><\/h3>\n<h3>Oportunamente, se tom\u00f3 tom\u00f3 conocimiento de que el abogado le habr\u00eda solicitado dinero a la familia investigada a fin de obtener la restituci\u00f3n de la suma que les fue incautada en el procedimiento. As\u00ed, el 4 de noviembre de 2020, tres de los integrantes de la familia denunciaron al abogado por tr\u00e1fico de influencias.<\/h3>\n<h3>La investigaci\u00f3n desarrollada por la Fiscal\u00eda Federal de Villa Mercedes determin\u00f3 que la escribana insert\u00f3 una declaraci\u00f3n falsa en la escritura de la venta del campo ubicado en La Candelaria, provincia de San Luis. La mujer habr\u00eda consignado que la operaci\u00f3n se hizo por 4 millones de pesos cuando, en realidad, lo fue por un monto cercano a los 20 millones. Tambi\u00e9n la escribana indic\u00f3 que la parte vendedora recibi\u00f3 el dinero antes del acto notarial cuando en realidad la cancelaci\u00f3n de la compraventa se realiz\u00f3 con dinero en efectivo y en presencia de la acusada.<\/h3>\n<h3>Por su parte, se le imput\u00f3 al abogado el haberle solicitado dinero a la familia investigada \u201ccon el objeto de hacer valer indebidamente influencia\u201d ante el juez que interven\u00eda en la investigaci\u00f3n por posible lavado de activos y evasi\u00f3n tributaria. De hecho, cuando la familia fue apresada el 8 de julio de 2020, el abogado se present\u00f3 en la comisar\u00eda porque era esposo de la escribana que intervino en la operaci\u00f3n de compraventa del campo y se ofreci\u00f3 a asesorarlos \u201cpara evitar que su esposa tuviera inconvenientes por su participaci\u00f3n como escribana\u201d.<\/h3>\n<h3>A poco tiempo de la detenci\u00f3n, el abogado se reuni\u00f3 con algunos integrantes de la familia y les solicit\u00f3 una suma de dinero \u201ca fin de abonar la intervenci\u00f3n de dos personas -presuntamente oriundas de la ciudad de San Luis- para ejercer indebidamente influencia sobre el juez a cargo de la causa y obtener la devoluci\u00f3n del dinero incautado\u201d.<\/h3>\n<h3>El fiscal tambi\u00e9n le imput\u00f3 al abogado el haber orquestado la confecci\u00f3n de un escrito judicial para obtener la restituci\u00f3n del dinero incautado, el cual estaba fundado en premisas falsas y avalado por prueba espurias, tales como el contrato de compraventa de un equipo de riego falso -por inexistencia de la operaci\u00f3n- con su correspondiente constancia de recibo de dinero en actuaci\u00f3n notarial, tambi\u00e9n falsa. Acompa\u00f1\u00f3 adem\u00e1s\u00a0 contratos privados provenientes de la venta de otros lotes de la familia investigada.<\/h3>\n<h3><strong>INDAGATORIA<\/strong><\/h3>\n<h3>As\u00ed, en virtud de las pruebas recolectadas, el fiscal Baquioni Zingaretti le solicit\u00f3 al juez Nacul, y \u00e9ste concedi\u00f3, que cite a prestar declaraci\u00f3n indagatoria al abogado como autor de los delitos de &#8220;tr\u00e1fico de influencia agravado&#8221;, &#8220;estafa procesal en grado de tentativa&#8221; -por orquestar la confecci\u00f3n del escrito judicial para la restituci\u00f3n el dinero, fundado en premisas y prueba falsas- &#8220;falsificaci\u00f3n de documento privado&#8221; -por el contrato falso por la adquisici\u00f3n de un sistema de riego- y &#8220;falsedad ideol\u00f3gica&#8221; -por haber hecho insertar una declaraci\u00f3n falsa en una actuaci\u00f3n notarial en la que su esposa escribana dio cuenta de que la vendedora del campo extendi\u00f3 un recibo por la venta de la m\u00e1quina de riego-.<\/h3>\n<h3>Tambi\u00e9n pidi\u00f3 la indagatoria de la escribana como autora de los delitos de &#8220;falsedad ideol\u00f3gica&#8221; -por consignar un monto inferior en la escritura de venta del campo-, &#8220;estafa procesal en grado de tentativa&#8221; -por el mismo hecho imputado a su marido-, &#8220;falsificaci\u00f3n de documento privado&#8221; \u2013por el contrato de compraventa del sistema de riego- y &#8220;falsedad ideol\u00f3gica&#8221; -por la actuaci\u00f3n notarial en la que consign\u00f3 que la vendedora del campo otorg\u00f3 un recibo por el sistema de riego-.<\/h3>\n","protected":false},"excerpt":{"rendered":"<p>Una fuente de la justicia federal local indic\u00f3 que la pareja de profesionales acusados cit\u00f3&#8230;<\/p>\n","protected":false},"author":1,"featured_media":764,"comment_status":"closed","ping_status":"closed","sticky":false,"template":"","format":"standard","meta":{"footnotes":""},"categories":[6],"tags":[],"class_list":["post-9558","post","type-post","status-publish","format-standard","has-post-thumbnail","hentry","category-ciudad-provincia"],"yoast_head":"<!-- This site is optimized with the Yoast SEO plugin v26.1.1 - https:\/\/yoast.com\/wordpress\/plugins\/seo\/ -->\n<title>SE ABSTUVIERON DE DECLARAR EL ABOGADO Y LA ESCRIBANA INVESTIGADOS POR GRAVES DELITOS - Apuntes de San Luis<\/title>\n<meta name=\"robots\" content=\"index, follow, max-snippet:-1, max-image-preview:large, max-video-preview:-1\" \/>\n<link rel=\"canonical\" href=\"https:\/\/apuntesdesanluis.com\/index.php\/2024\/01\/05\/se-negaron-a-declarar-el-abogado-y-la-escribana-investigados-por-graves-delitos\/\" \/>\n<meta property=\"og:locale\" content=\"es_ES\" \/>\n<meta property=\"og:type\" content=\"article\" \/>\n<meta property=\"og:title\" content=\"SE ABSTUVIERON DE DECLARAR EL ABOGADO Y LA ESCRIBANA INVESTIGADOS POR GRAVES DELITOS - Apuntes de San Luis\" \/>\n<meta property=\"og:description\" content=\"Una fuente de la justicia federal local indic\u00f3 que la pareja de profesionales acusados cit\u00f3...\" \/>\n<meta property=\"og:url\" content=\"https:\/\/apuntesdesanluis.com\/index.php\/2024\/01\/05\/se-negaron-a-declarar-el-abogado-y-la-escribana-investigados-por-graves-delitos\/\" \/>\n<meta property=\"og:site_name\" content=\"Apuntes de San Luis\" \/>\n<meta property=\"article:published_time\" content=\"2024-01-06T00:23:17+00:00\" \/>\n<meta property=\"article:modified_time\" content=\"2024-01-06T00:23:51+00:00\" \/>\n<meta property=\"og:image\" content=\"https:\/\/apuntesdesanluis.com\/wp-content\/uploads\/2023\/07\/tribunales-de-villa-mercedes.png\" \/>\n\t<meta property=\"og:image:width\" content=\"739\" \/>\n\t<meta property=\"og:image:height\" content=\"443\" \/>\n\t<meta property=\"og:image:type\" content=\"image\/png\" \/>\n<meta name=\"author\" content=\"apuntesdesanluis.com\" \/>\n<meta name=\"twitter:card\" content=\"summary_large_image\" \/>\n<meta name=\"twitter:label1\" content=\"Escrito por\" \/>\n\t<meta name=\"twitter:data1\" content=\"apuntesdesanluis.com\" \/>\n\t<meta name=\"twitter:label2\" content=\"Tiempo de lectura\" \/>\n\t<meta name=\"twitter:data2\" content=\"5 minutos\" \/>\n<script type=\"application\/ld+json\" class=\"yoast-schema-graph\">{\"@context\":\"https:\/\/schema.org\",\"@graph\":[{\"@type\":\"Article\",\"@id\":\"https:\/\/apuntesdesanluis.com\/index.php\/2024\/01\/05\/se-negaron-a-declarar-el-abogado-y-la-escribana-investigados-por-graves-delitos\/#article\",\"isPartOf\":{\"@id\":\"https:\/\/apuntesdesanluis.com\/index.php\/2024\/01\/05\/se-negaron-a-declarar-el-abogado-y-la-escribana-investigados-por-graves-delitos\/\"},\"author\":{\"name\":\"apuntesdesanluis.com\",\"@id\":\"https:\/\/apuntesdesanluis.com\/#\/schema\/person\/b55151d52296fcce64d1a72538a70b90\"},\"headline\":\"SE ABSTUVIERON DE DECLARAR EL ABOGADO Y LA ESCRIBANA INVESTIGADOS POR GRAVES DELITOS\",\"datePublished\":\"2024-01-06T00:23:17+00:00\",\"dateModified\":\"2024-01-06T00:23:51+00:00\",\"mainEntityOfPage\":{\"@id\":\"https:\/\/apuntesdesanluis.com\/index.php\/2024\/01\/05\/se-negaron-a-declarar-el-abogado-y-la-escribana-investigados-por-graves-delitos\/\"},\"wordCount\":1117,\"publisher\":{\"@id\":\"https:\/\/apuntesdesanluis.com\/#\/schema\/person\/b55151d52296fcce64d1a72538a70b90\"},\"image\":{\"@id\":\"https:\/\/apuntesdesanluis.com\/index.php\/2024\/01\/05\/se-negaron-a-declarar-el-abogado-y-la-escribana-investigados-por-graves-delitos\/#primaryimage\"},\"thumbnailUrl\":\"https:\/\/apuntesdesanluis.com\/wp-content\/uploads\/2023\/07\/tribunales-de-villa-mercedes.png\",\"articleSection\":[\"Ciudad\/Provincia\"],\"inLanguage\":\"es-AR\"},{\"@type\":\"WebPage\",\"@id\":\"https:\/\/apuntesdesanluis.com\/index.php\/2024\/01\/05\/se-negaron-a-declarar-el-abogado-y-la-escribana-investigados-por-graves-delitos\/\",\"url\":\"https:\/\/apuntesdesanluis.com\/index.php\/2024\/01\/05\/se-negaron-a-declarar-el-abogado-y-la-escribana-investigados-por-graves-delitos\/\",\"name\":\"SE ABSTUVIERON DE DECLARAR EL ABOGADO Y LA ESCRIBANA INVESTIGADOS POR GRAVES DELITOS - Apuntes de San Luis\",\"isPartOf\":{\"@id\":\"https:\/\/apuntesdesanluis.com\/#website\"},\"primaryImageOfPage\":{\"@id\":\"https:\/\/apuntesdesanluis.com\/index.php\/2024\/01\/05\/se-negaron-a-declarar-el-abogado-y-la-escribana-investigados-por-graves-delitos\/#primaryimage\"},\"image\":{\"@id\":\"https:\/\/apuntesdesanluis.com\/index.php\/2024\/01\/05\/se-negaron-a-declarar-el-abogado-y-la-escribana-investigados-por-graves-delitos\/#primaryimage\"},\"thumbnailUrl\":\"https:\/\/apuntesdesanluis.com\/wp-content\/uploads\/2023\/07\/tribunales-de-villa-mercedes.png\",\"datePublished\":\"2024-01-06T00:23:17+00:00\",\"dateModified\":\"2024-01-06T00:23:51+00:00\",\"breadcrumb\":{\"@id\":\"https:\/\/apuntesdesanluis.com\/index.php\/2024\/01\/05\/se-negaron-a-declarar-el-abogado-y-la-escribana-investigados-por-graves-delitos\/#breadcrumb\"},\"inLanguage\":\"es-AR\",\"potentialAction\":[{\"@type\":\"ReadAction\",\"target\":[\"https:\/\/apuntesdesanluis.com\/index.php\/2024\/01\/05\/se-negaron-a-declarar-el-abogado-y-la-escribana-investigados-por-graves-delitos\/\"]}]},{\"@type\":\"ImageObject\",\"inLanguage\":\"es-AR\",\"@id\":\"https:\/\/apuntesdesanluis.com\/index.php\/2024\/01\/05\/se-negaron-a-declarar-el-abogado-y-la-escribana-investigados-por-graves-delitos\/#primaryimage\",\"url\":\"https:\/\/apuntesdesanluis.com\/wp-content\/uploads\/2023\/07\/tribunales-de-villa-mercedes.png\",\"contentUrl\":\"https:\/\/apuntesdesanluis.com\/wp-content\/uploads\/2023\/07\/tribunales-de-villa-mercedes.png\",\"width\":739,\"height\":443},{\"@type\":\"BreadcrumbList\",\"@id\":\"https:\/\/apuntesdesanluis.com\/index.php\/2024\/01\/05\/se-negaron-a-declarar-el-abogado-y-la-escribana-investigados-por-graves-delitos\/#breadcrumb\",\"itemListElement\":[{\"@type\":\"ListItem\",\"position\":1,\"name\":\"Inicio\",\"item\":\"https:\/\/apuntesdesanluis.com\/\"},{\"@type\":\"ListItem\",\"position\":2,\"name\":\"SE ABSTUVIERON DE DECLARAR EL ABOGADO Y LA ESCRIBANA INVESTIGADOS POR GRAVES DELITOS\"}]},{\"@type\":\"WebSite\",\"@id\":\"https:\/\/apuntesdesanluis.com\/#website\",\"url\":\"https:\/\/apuntesdesanluis.com\/\",\"name\":\"Apuntes de San Luis\",\"description\":\"\",\"publisher\":{\"@id\":\"https:\/\/apuntesdesanluis.com\/#\/schema\/person\/b55151d52296fcce64d1a72538a70b90\"},\"potentialAction\":[{\"@type\":\"SearchAction\",\"target\":{\"@type\":\"EntryPoint\",\"urlTemplate\":\"https:\/\/apuntesdesanluis.com\/?s={search_term_string}\"},\"query-input\":{\"@type\":\"PropertyValueSpecification\",\"valueRequired\":true,\"valueName\":\"search_term_string\"}}],\"inLanguage\":\"es-AR\"},{\"@type\":[\"Person\",\"Organization\"],\"@id\":\"https:\/\/apuntesdesanluis.com\/#\/schema\/person\/b55151d52296fcce64d1a72538a70b90\",\"name\":\"apuntesdesanluis.com\",\"image\":{\"@type\":\"ImageObject\",\"inLanguage\":\"es-AR\",\"@id\":\"https:\/\/apuntesdesanluis.com\/#\/schema\/person\/image\/\",\"url\":\"https:\/\/apuntesdesanluis.com\/wp-content\/uploads\/2023\/07\/cropped-apuntesdesanluis.png\",\"contentUrl\":\"https:\/\/apuntesdesanluis.com\/wp-content\/uploads\/2023\/07\/cropped-apuntesdesanluis.png\",\"width\":450,\"height\":112,\"caption\":\"apuntesdesanluis.com\"},\"logo\":{\"@id\":\"https:\/\/apuntesdesanluis.com\/#\/schema\/person\/image\/\"},\"sameAs\":[\"https:\/\/apuntesdesanluis.com\"],\"url\":\"https:\/\/apuntesdesanluis.com\/index.php\/author\/apuntesdesanluis-com\/\"}]}<\/script>\n<!-- \/ Yoast SEO plugin. -->","yoast_head_json":{"title":"SE ABSTUVIERON DE DECLARAR EL ABOGADO Y LA ESCRIBANA INVESTIGADOS POR GRAVES DELITOS - Apuntes de San Luis","robots":{"index":"index","follow":"follow","max-snippet":"max-snippet:-1","max-image-preview":"max-image-preview:large","max-video-preview":"max-video-preview:-1"},"canonical":"https:\/\/apuntesdesanluis.com\/index.php\/2024\/01\/05\/se-negaron-a-declarar-el-abogado-y-la-escribana-investigados-por-graves-delitos\/","og_locale":"es_ES","og_type":"article","og_title":"SE ABSTUVIERON DE DECLARAR EL ABOGADO Y LA ESCRIBANA INVESTIGADOS POR GRAVES DELITOS - Apuntes de San Luis","og_description":"Una fuente de la justicia federal local indic\u00f3 que la pareja de profesionales acusados cit\u00f3...","og_url":"https:\/\/apuntesdesanluis.com\/index.php\/2024\/01\/05\/se-negaron-a-declarar-el-abogado-y-la-escribana-investigados-por-graves-delitos\/","og_site_name":"Apuntes de San Luis","article_published_time":"2024-01-06T00:23:17+00:00","article_modified_time":"2024-01-06T00:23:51+00:00","og_image":[{"width":739,"height":443,"url":"https:\/\/apuntesdesanluis.com\/wp-content\/uploads\/2023\/07\/tribunales-de-villa-mercedes.png","type":"image\/png"}],"author":"apuntesdesanluis.com","twitter_card":"summary_large_image","twitter_misc":{"Escrito por":"apuntesdesanluis.com","Tiempo de lectura":"5 minutos"},"schema":{"@context":"https:\/\/schema.org","@graph":[{"@type":"Article","@id":"https:\/\/apuntesdesanluis.com\/index.php\/2024\/01\/05\/se-negaron-a-declarar-el-abogado-y-la-escribana-investigados-por-graves-delitos\/#article","isPartOf":{"@id":"https:\/\/apuntesdesanluis.com\/index.php\/2024\/01\/05\/se-negaron-a-declarar-el-abogado-y-la-escribana-investigados-por-graves-delitos\/"},"author":{"name":"apuntesdesanluis.com","@id":"https:\/\/apuntesdesanluis.com\/#\/schema\/person\/b55151d52296fcce64d1a72538a70b90"},"headline":"SE ABSTUVIERON DE DECLARAR EL ABOGADO Y LA ESCRIBANA INVESTIGADOS POR GRAVES DELITOS","datePublished":"2024-01-06T00:23:17+00:00","dateModified":"2024-01-06T00:23:51+00:00","mainEntityOfPage":{"@id":"https:\/\/apuntesdesanluis.com\/index.php\/2024\/01\/05\/se-negaron-a-declarar-el-abogado-y-la-escribana-investigados-por-graves-delitos\/"},"wordCount":1117,"publisher":{"@id":"https:\/\/apuntesdesanluis.com\/#\/schema\/person\/b55151d52296fcce64d1a72538a70b90"},"image":{"@id":"https:\/\/apuntesdesanluis.com\/index.php\/2024\/01\/05\/se-negaron-a-declarar-el-abogado-y-la-escribana-investigados-por-graves-delitos\/#primaryimage"},"thumbnailUrl":"https:\/\/apuntesdesanluis.com\/wp-content\/uploads\/2023\/07\/tribunales-de-villa-mercedes.png","articleSection":["Ciudad\/Provincia"],"inLanguage":"es-AR"},{"@type":"WebPage","@id":"https:\/\/apuntesdesanluis.com\/index.php\/2024\/01\/05\/se-negaron-a-declarar-el-abogado-y-la-escribana-investigados-por-graves-delitos\/","url":"https:\/\/apuntesdesanluis.com\/index.php\/2024\/01\/05\/se-negaron-a-declarar-el-abogado-y-la-escribana-investigados-por-graves-delitos\/","name":"SE ABSTUVIERON DE DECLARAR EL ABOGADO Y LA ESCRIBANA INVESTIGADOS POR GRAVES DELITOS - Apuntes de San Luis","isPartOf":{"@id":"https:\/\/apuntesdesanluis.com\/#website"},"primaryImageOfPage":{"@id":"https:\/\/apuntesdesanluis.com\/index.php\/2024\/01\/05\/se-negaron-a-declarar-el-abogado-y-la-escribana-investigados-por-graves-delitos\/#primaryimage"},"image":{"@id":"https:\/\/apuntesdesanluis.com\/index.php\/2024\/01\/05\/se-negaron-a-declarar-el-abogado-y-la-escribana-investigados-por-graves-delitos\/#primaryimage"},"thumbnailUrl":"https:\/\/apuntesdesanluis.com\/wp-content\/uploads\/2023\/07\/tribunales-de-villa-mercedes.png","datePublished":"2024-01-06T00:23:17+00:00","dateModified":"2024-01-06T00:23:51+00:00","breadcrumb":{"@id":"https:\/\/apuntesdesanluis.com\/index.php\/2024\/01\/05\/se-negaron-a-declarar-el-abogado-y-la-escribana-investigados-por-graves-delitos\/#breadcrumb"},"inLanguage":"es-AR","potentialAction":[{"@type":"ReadAction","target":["https:\/\/apuntesdesanluis.com\/index.php\/2024\/01\/05\/se-negaron-a-declarar-el-abogado-y-la-escribana-investigados-por-graves-delitos\/"]}]},{"@type":"ImageObject","inLanguage":"es-AR","@id":"https:\/\/apuntesdesanluis.com\/index.php\/2024\/01\/05\/se-negaron-a-declarar-el-abogado-y-la-escribana-investigados-por-graves-delitos\/#primaryimage","url":"https:\/\/apuntesdesanluis.com\/wp-content\/uploads\/2023\/07\/tribunales-de-villa-mercedes.png","contentUrl":"https:\/\/apuntesdesanluis.com\/wp-content\/uploads\/2023\/07\/tribunales-de-villa-mercedes.png","width":739,"height":443},{"@type":"BreadcrumbList","@id":"https:\/\/apuntesdesanluis.com\/index.php\/2024\/01\/05\/se-negaron-a-declarar-el-abogado-y-la-escribana-investigados-por-graves-delitos\/#breadcrumb","itemListElement":[{"@type":"ListItem","position":1,"name":"Inicio","item":"https:\/\/apuntesdesanluis.com\/"},{"@type":"ListItem","position":2,"name":"SE ABSTUVIERON DE DECLARAR EL ABOGADO Y LA ESCRIBANA INVESTIGADOS POR GRAVES DELITOS"}]},{"@type":"WebSite","@id":"https:\/\/apuntesdesanluis.com\/#website","url":"https:\/\/apuntesdesanluis.com\/","name":"Apuntes de San Luis","description":"","publisher":{"@id":"https:\/\/apuntesdesanluis.com\/#\/schema\/person\/b55151d52296fcce64d1a72538a70b90"},"potentialAction":[{"@type":"SearchAction","target":{"@type":"EntryPoint","urlTemplate":"https:\/\/apuntesdesanluis.com\/?s={search_term_string}"},"query-input":{"@type":"PropertyValueSpecification","valueRequired":true,"valueName":"search_term_string"}}],"inLanguage":"es-AR"},{"@type":["Person","Organization"],"@id":"https:\/\/apuntesdesanluis.com\/#\/schema\/person\/b55151d52296fcce64d1a72538a70b90","name":"apuntesdesanluis.com","image":{"@type":"ImageObject","inLanguage":"es-AR","@id":"https:\/\/apuntesdesanluis.com\/#\/schema\/person\/image\/","url":"https:\/\/apuntesdesanluis.com\/wp-content\/uploads\/2023\/07\/cropped-apuntesdesanluis.png","contentUrl":"https:\/\/apuntesdesanluis.com\/wp-content\/uploads\/2023\/07\/cropped-apuntesdesanluis.png","width":450,"height":112,"caption":"apuntesdesanluis.com"},"logo":{"@id":"https:\/\/apuntesdesanluis.com\/#\/schema\/person\/image\/"},"sameAs":["https:\/\/apuntesdesanluis.com"],"url":"https:\/\/apuntesdesanluis.com\/index.php\/author\/apuntesdesanluis-com\/"}]}},"featured_image_urls":{"full":["https:\/\/apuntesdesanluis.com\/wp-content\/uploads\/2023\/07\/tribunales-de-villa-mercedes.png",739,443,false],"thumbnail":["https:\/\/apuntesdesanluis.com\/wp-content\/uploads\/2023\/07\/tribunales-de-villa-mercedes-150x150.png",150,150,true],"medium":["https:\/\/apuntesdesanluis.com\/wp-content\/uploads\/2023\/07\/tribunales-de-villa-mercedes-300x180.png",300,180,true],"medium_large":["https:\/\/apuntesdesanluis.com\/wp-content\/uploads\/2023\/07\/tribunales-de-villa-mercedes.png",640,384,false],"large":["https:\/\/apuntesdesanluis.com\/wp-content\/uploads\/2023\/07\/tribunales-de-villa-mercedes.png",640,384,false],"1536x1536":["https:\/\/apuntesdesanluis.com\/wp-content\/uploads\/2023\/07\/tribunales-de-villa-mercedes.png",739,443,false],"2048x2048":["https:\/\/apuntesdesanluis.com\/wp-content\/uploads\/2023\/07\/tribunales-de-villa-mercedes.png",739,443,false],"newsever-slider-full":["https:\/\/apuntesdesanluis.com\/wp-content\/uploads\/2023\/07\/tribunales-de-villa-mercedes.png",739,443,false],"newsever-featured":["https:\/\/apuntesdesanluis.com\/wp-content\/uploads\/2023\/07\/tribunales-de-villa-mercedes.png",739,443,false],"newsever-medium":["https:\/\/apuntesdesanluis.com\/wp-content\/uploads\/2023\/07\/tribunales-de-villa-mercedes-720x443.png",720,443,true]},"author_info":{"display_name":"apuntesdesanluis.com","author_link":"https:\/\/apuntesdesanluis.com\/index.php\/author\/apuntesdesanluis-com\/"},"category_info":"<a href=\"https:\/\/apuntesdesanluis.com\/index.php\/category\/ciudad-provincia\/\" rel=\"category tag\">Ciudad\/Provincia<\/a>","tag_info":"Ciudad\/Provincia","comment_count":"0","_links":{"self":[{"href":"https:\/\/apuntesdesanluis.com\/index.php\/wp-json\/wp\/v2\/posts\/9558","targetHints":{"allow":["GET"]}}],"collection":[{"href":"https:\/\/apuntesdesanluis.com\/index.php\/wp-json\/wp\/v2\/posts"}],"about":[{"href":"https:\/\/apuntesdesanluis.com\/index.php\/wp-json\/wp\/v2\/types\/post"}],"author":[{"embeddable":true,"href":"https:\/\/apuntesdesanluis.com\/index.php\/wp-json\/wp\/v2\/users\/1"}],"replies":[{"embeddable":true,"href":"https:\/\/apuntesdesanluis.com\/index.php\/wp-json\/wp\/v2\/comments?post=9558"}],"version-history":[{"count":2,"href":"https:\/\/apuntesdesanluis.com\/index.php\/wp-json\/wp\/v2\/posts\/9558\/revisions"}],"predecessor-version":[{"id":9560,"href":"https:\/\/apuntesdesanluis.com\/index.php\/wp-json\/wp\/v2\/posts\/9558\/revisions\/9560"}],"wp:featuredmedia":[{"embeddable":true,"href":"https:\/\/apuntesdesanluis.com\/index.php\/wp-json\/wp\/v2\/media\/764"}],"wp:attachment":[{"href":"https:\/\/apuntesdesanluis.com\/index.php\/wp-json\/wp\/v2\/media?parent=9558"}],"wp:term":[{"taxonomy":"category","embeddable":true,"href":"https:\/\/apuntesdesanluis.com\/index.php\/wp-json\/wp\/v2\/categories?post=9558"},{"taxonomy":"post_tag","embeddable":true,"href":"https:\/\/apuntesdesanluis.com\/index.php\/wp-json\/wp\/v2\/tags?post=9558"}],"curies":[{"name":"wp","href":"https:\/\/api.w.org\/{rel}","templated":true}]}}