{"id":9567,"date":"2024-01-05T22:03:44","date_gmt":"2024-01-06T01:03:44","guid":{"rendered":"https:\/\/apuntesdesanluis.com\/?p=9567"},"modified":"2024-01-05T22:04:25","modified_gmt":"2024-01-06T01:04:25","slug":"perdidos-en-el-paraiso","status":"publish","type":"post","link":"https:\/\/apuntesdesanluis.com\/index.php\/2024\/01\/05\/perdidos-en-el-paraiso\/","title":{"rendered":"PERDIDOS EN EL PARA\u00cdSO"},"content":{"rendered":"<h3><strong><em>Macri, Bullrich y la CGT coinciden en un diagn\u00f3stico: entre febrero y marzo estallar\u00e1 una crisis que obligar\u00e1 a Milei a cambiar el gabinete.<\/em><\/strong><\/h3>\n<h3>Por <span style=\"color: #000000;\"><strong><em>Ignacio Fidanza *<\/em><\/strong><\/span><\/h3>\n<p><img fetchpriority=\"high\" decoding=\"async\" class=\"wp-image-8458 aligncenter\" src=\"https:\/\/apuntesdesanluis.com\/wp-content\/uploads\/2023\/12\/fidanza-300x227.png\" alt=\"\" width=\"394\" height=\"298\" srcset=\"https:\/\/apuntesdesanluis.com\/wp-content\/uploads\/2023\/12\/fidanza-300x227.png 300w, https:\/\/apuntesdesanluis.com\/wp-content\/uploads\/2023\/12\/fidanza.png 494w\" sizes=\"(max-width: 394px) 100vw, 394px\" \/><\/p>\n<h3>La pol\u00edtica es un desastre pero el peligro es la econom\u00eda. El gobierno de Milei hasta ahora no logr\u00f3 armar un equipo pol\u00edtico consistente. Se nota en el Congreso y se nota en la casi nula relaci\u00f3n con los gobernadores, incluso con los que est\u00e1n para acompa\u00f1arlo. Guillermo Francos est\u00e1 s\u00f3lo y no tiene herramientas. Milei lo dej\u00f3 sin fondos y lo obliga a ir a pedirle plata a Posse, que nunca le da. Hacer pol\u00edtica sin plata es como subir un cerro tucumano en una bicicleta sin cambios.<\/h3>\n<h3>Pero lo grave es la tormenta macro que se est\u00e1 armando en el horizonte. La emisi\u00f3n sigue disparada a niveles del Massa de las trenzas sueltas, el ajuste se empantan\u00f3 en el Vietnam del decretazo y la ley \u00f3mnibus, no hay financiamiento externo, las importaciones siguen completamente bloqueadas y la inflaci\u00f3n ahora s\u00ed coquetea con niveles de h\u00edper y ya descuentan en el mercado una nueva devaluaci\u00f3n para febrero. El d\u00e9ficit incluso podr\u00eda superar al de la maldita herencia si se consolida la recesi\u00f3n y derrumba la recaudaci\u00f3n.<\/h3>\n<h3>&#8220;Los pr\u00f3ximos tres meses van a ser horribles para ser funcionario del gobierno, yo estoy para apoyar y salir corriendo&#8221;, afirma un diputado que suena para ministro pero prefiere esperar el segundo turno.<\/h3>\n<h3>La especulaci\u00f3n de la eclosi\u00f3n de una crisis econ\u00f3mica y social que detone en alg\u00fan momento entre febrero y marzo es la que anima en este momento a la pol\u00edtica. Los que se autoperciben como ministros suplentes hablan maravillas de Milei pero guardan prudente distancia esperando el recambio. Es lo que hace Federico Sturzenegger que les dej\u00f3 el regalo envenenado del decretazo y se fue a Caril\u00f3. El economista del MIT, que como escribi\u00f3 Ricardo Kirschbaum va por su tercera medalla luego de fracasar con De la R\u00faa y Macri, no acepta cargos porque est\u00e1 convencido que es el sucesor designado de Caputo.<\/h3>\n<h3>&#8220;Federico se equivoca, cuando esto explote se lo lleva puesto a Toto, pero tambi\u00e9n a \u00e9l, se van los dos&#8221;, razona un funcionario libertario.<\/h3>\n<h3>La misma fragilidad aqueja a Francos que adem\u00e1s de los choques con Posse entr\u00f3 en la dead zone de Karina Milei. &#8220;Es el \u00fanico que hace pol\u00edtica&#8221;, se lamenta otro dirigente libertario, que intuye su ca\u00edda. El presidente, como Alberto Fern\u00e1ndez, es un chateador intenso. Entonces todos se creen muy cerca de ser elegidos. &#8220;Yo hablo directo con Javier, no necesito a Macri&#8221;, se envalentonan en el PRO. Error. Una cosa es el ejercicio de contenci\u00f3n presidencial, que le sale gratis -lo \u00fanico que pierde es tiempo-, y otra una negociaci\u00f3n pol\u00edtica que estabilice un gobierno en crisis. Para ofrecer eso hay que tener poder real.<\/h3>\n<h3>Por eso, la interna de fondo es la que por estas horas libran Patricia Bullrich y Macri, para ver si en la crisis que estiman inexorable, Milei elige el abrazo de un oso o de una osa. El Presidente ahora est\u00e1 bien con Bullrich y mal con Macri. Llegar de la mano del ex presidente implica veto presidencial. Le pas\u00f3 a Ritondo. Pero no conviene apresurarse en dar por muerto a Macri. Esta calma chica le permite a Milei desplantes de violinista exc\u00e9ntrico, imposibles de mantener cuando estalle la tormenta.<\/h3>\n<h3>Massa le dijo a los gordos de la CGT que se apresuraron en lanzar el paro. &#8220;Tiene raz\u00f3n, pero fue una canchereada innecesaria, porque ahora si levantan la medida van a decir que fue porque les pidi\u00f3 \u00e9l&#8221;, razona un integrante de esa organizaci\u00f3n, que entiende otra manera de abordar lo que viene. &#8220;Esto es la econom\u00eda y el conflicto social, nosotros no tenemos nada que hacer. Hay que esperar y cuando estalle el conflicto darle un cauce, conducirlo&#8221;, explica.<\/h3>\n<h3>La CGT le clava el visto a Francos porque les prometi\u00f3 que el decretazo s\u00f3lo contendr\u00eda un fondo optativo de despidos al estilo de la Uocra. &#8220;Le perdieron la confianza&#8221;. Hoy no hay un interlocutor confiable del gobierno con el movimiento obrero. &#8220;Nosotros pasamos de ser un factor de poder a un factor de presi\u00f3n, lo \u00fanico que pod\u00edamos ofrecer es paz social, ahora es posible que recuperemos alguna centralidad&#8221;, agrega el sindicalista. Los movimientos sociales son la otra pata de ese conflicto que viene. El Movimiento Evita de Emilio P\u00e9rsico est\u00e1 en sinton\u00eda con la CGT. Y los grupos que conduce Grabois con Cristina Kirchner.<\/h3>\n<h3>Milei trata de negociar algo con los sindicalistas, pero le faltan jugadores experimentados. Sandra Petovello crey\u00f3 que hab\u00eda metido un gol cuando se sac\u00f3 una foto con Armando Cavalieri en medio de la marcha de la CGT a Tribunales. Pero por algo le dicen el gitano. Luego del encuentro en el que Cavalieri prometi\u00f3 acompa\u00f1ar, la Direcci\u00f3n de Asuntos Jur\u00eddicos del Ministerio de Trabajo -se sigue llamando as\u00ed- sac\u00f3 un dictamen que dice que los art\u00edculos del decretazo que eliminan la cuota de solidaridad sindical no tienen efectos retroactivos en el caso del sindicato de comercio. Es decir que el m\u00e1s de un mill\u00f3n de afiliados de ese gremio seguir\u00e1n sufriendo esos descuentos compulsivos que Milei y Sturzenegger se creen que eliminaron. Y atr\u00e1s de ellos, el resto de los gremios.<\/h3>\n<h3>Que un \u00e1rea t\u00e9cnica del gobierno dictamine contra la l\u00ednea reformista de Milei no es un caso aislado y es consecuencia de la enorme cantidad de cargos importantes que el libertario no cubri\u00f3. As\u00ed como el cordob\u00e9s Osvaldo Giordano no se anima a reemplazar a los poderosos delegados de la Anses del Conurbano para no pelearse con los intendentes peronistas, en el Banco Central el \u00e1rea de asuntos jur\u00eddicos tiene a punto de salir un dictamen explosivo: el bono para importadores que lanz\u00f3 Caputo es inconstitucional y compromete de manera ilegal el patrimonio de esa instituci\u00f3n.<\/h3>\n<h3>El tema de los intendentes del Conurbano es serio. Milei compr\u00f3 la receta de Schiaretti y descarg\u00f3 el grueso del ajuste sobre la clase media del \u00e1rea metropolitana que sufrir\u00e1 los tarifazos m\u00e1s fuertes y una inflaci\u00f3n que le saca varios cuerpos a la del interior. Es en esa geograf\u00eda donde se define la suerte de los presidentes y por eso de De la R\u00faa para ac\u00e1 siempre se avanz\u00f3 con pies de plomos a la hora de remover los subsidios.<\/h3>\n<h3>&#8220;No hay nadie hablando con los intendentes que son los que deber\u00edan contener el conflicto cuando estalle&#8221;, razona un libertario. Y as\u00ed estamos.<\/h3>\n<h3><span style=\"color: #000000;\"><strong><em>* Editor de La Pol\u00edtica Online<\/em><\/strong><\/span><\/h3>\n<p>&nbsp;<\/p>\n<p>&nbsp;<\/p>\n<p>&nbsp;<\/p>\n","protected":false},"excerpt":{"rendered":"<p>Macri, Bullrich y la CGT coinciden en un diagn\u00f3stico: entre febrero y marzo estallar\u00e1 una&#8230;<\/p>\n","protected":false},"author":1,"featured_media":9568,"comment_status":"closed","ping_status":"closed","sticky":false,"template":"","format":"standard","meta":{"footnotes":""},"categories":[9],"tags":[],"class_list":["post-9567","post","type-post","status-publish","format-standard","has-post-thumbnail","hentry","category-opinion"],"yoast_head":"<!-- This site is optimized with the Yoast SEO plugin v26.1.1 - https:\/\/yoast.com\/wordpress\/plugins\/seo\/ -->\n<title>PERDIDOS EN EL PARA\u00cdSO - Apuntes de San Luis<\/title>\n<meta name=\"robots\" content=\"index, follow, max-snippet:-1, max-image-preview:large, max-video-preview:-1\" \/>\n<link rel=\"canonical\" href=\"https:\/\/apuntesdesanluis.com\/index.php\/2024\/01\/05\/perdidos-en-el-paraiso\/\" \/>\n<meta property=\"og:locale\" content=\"es_ES\" \/>\n<meta property=\"og:type\" content=\"article\" \/>\n<meta property=\"og:title\" content=\"PERDIDOS EN EL PARA\u00cdSO - Apuntes de San Luis\" \/>\n<meta property=\"og:description\" content=\"Macri, Bullrich y la CGT coinciden en un diagn\u00f3stico: entre febrero y marzo estallar\u00e1 una...\" \/>\n<meta property=\"og:url\" content=\"https:\/\/apuntesdesanluis.com\/index.php\/2024\/01\/05\/perdidos-en-el-paraiso\/\" \/>\n<meta property=\"og:site_name\" content=\"Apuntes de San Luis\" \/>\n<meta property=\"article:published_time\" content=\"2024-01-06T01:03:44+00:00\" \/>\n<meta property=\"article:modified_time\" content=\"2024-01-06T01:04:25+00:00\" \/>\n<meta property=\"og:image\" content=\"https:\/\/apuntesdesanluis.com\/wp-content\/uploads\/2024\/01\/tres-1.png\" \/>\n\t<meta property=\"og:image:width\" content=\"631\" \/>\n\t<meta property=\"og:image:height\" content=\"395\" \/>\n\t<meta property=\"og:image:type\" content=\"image\/png\" \/>\n<meta name=\"author\" content=\"apuntesdesanluis.com\" \/>\n<meta name=\"twitter:card\" content=\"summary_large_image\" \/>\n<meta name=\"twitter:label1\" content=\"Escrito por\" \/>\n\t<meta name=\"twitter:data1\" content=\"apuntesdesanluis.com\" \/>\n\t<meta name=\"twitter:label2\" content=\"Tiempo de lectura\" \/>\n\t<meta name=\"twitter:data2\" content=\"6 minutos\" \/>\n<script type=\"application\/ld+json\" class=\"yoast-schema-graph\">{\"@context\":\"https:\/\/schema.org\",\"@graph\":[{\"@type\":\"Article\",\"@id\":\"https:\/\/apuntesdesanluis.com\/index.php\/2024\/01\/05\/perdidos-en-el-paraiso\/#article\",\"isPartOf\":{\"@id\":\"https:\/\/apuntesdesanluis.com\/index.php\/2024\/01\/05\/perdidos-en-el-paraiso\/\"},\"author\":{\"name\":\"apuntesdesanluis.com\",\"@id\":\"https:\/\/apuntesdesanluis.com\/#\/schema\/person\/b55151d52296fcce64d1a72538a70b90\"},\"headline\":\"PERDIDOS EN EL PARA\u00cdSO\",\"datePublished\":\"2024-01-06T01:03:44+00:00\",\"dateModified\":\"2024-01-06T01:04:25+00:00\",\"mainEntityOfPage\":{\"@id\":\"https:\/\/apuntesdesanluis.com\/index.php\/2024\/01\/05\/perdidos-en-el-paraiso\/\"},\"wordCount\":1153,\"publisher\":{\"@id\":\"https:\/\/apuntesdesanluis.com\/#\/schema\/person\/b55151d52296fcce64d1a72538a70b90\"},\"image\":{\"@id\":\"https:\/\/apuntesdesanluis.com\/index.php\/2024\/01\/05\/perdidos-en-el-paraiso\/#primaryimage\"},\"thumbnailUrl\":\"https:\/\/apuntesdesanluis.com\/wp-content\/uploads\/2024\/01\/tres-1.png\",\"articleSection\":[\"Opini\u00f3n\"],\"inLanguage\":\"es-AR\"},{\"@type\":\"WebPage\",\"@id\":\"https:\/\/apuntesdesanluis.com\/index.php\/2024\/01\/05\/perdidos-en-el-paraiso\/\",\"url\":\"https:\/\/apuntesdesanluis.com\/index.php\/2024\/01\/05\/perdidos-en-el-paraiso\/\",\"name\":\"PERDIDOS EN EL PARA\u00cdSO - Apuntes de San Luis\",\"isPartOf\":{\"@id\":\"https:\/\/apuntesdesanluis.com\/#website\"},\"primaryImageOfPage\":{\"@id\":\"https:\/\/apuntesdesanluis.com\/index.php\/2024\/01\/05\/perdidos-en-el-paraiso\/#primaryimage\"},\"image\":{\"@id\":\"https:\/\/apuntesdesanluis.com\/index.php\/2024\/01\/05\/perdidos-en-el-paraiso\/#primaryimage\"},\"thumbnailUrl\":\"https:\/\/apuntesdesanluis.com\/wp-content\/uploads\/2024\/01\/tres-1.png\",\"datePublished\":\"2024-01-06T01:03:44+00:00\",\"dateModified\":\"2024-01-06T01:04:25+00:00\",\"breadcrumb\":{\"@id\":\"https:\/\/apuntesdesanluis.com\/index.php\/2024\/01\/05\/perdidos-en-el-paraiso\/#breadcrumb\"},\"inLanguage\":\"es-AR\",\"potentialAction\":[{\"@type\":\"ReadAction\",\"target\":[\"https:\/\/apuntesdesanluis.com\/index.php\/2024\/01\/05\/perdidos-en-el-paraiso\/\"]}]},{\"@type\":\"ImageObject\",\"inLanguage\":\"es-AR\",\"@id\":\"https:\/\/apuntesdesanluis.com\/index.php\/2024\/01\/05\/perdidos-en-el-paraiso\/#primaryimage\",\"url\":\"https:\/\/apuntesdesanluis.com\/wp-content\/uploads\/2024\/01\/tres-1.png\",\"contentUrl\":\"https:\/\/apuntesdesanluis.com\/wp-content\/uploads\/2024\/01\/tres-1.png\",\"width\":631,\"height\":395},{\"@type\":\"BreadcrumbList\",\"@id\":\"https:\/\/apuntesdesanluis.com\/index.php\/2024\/01\/05\/perdidos-en-el-paraiso\/#breadcrumb\",\"itemListElement\":[{\"@type\":\"ListItem\",\"position\":1,\"name\":\"Inicio\",\"item\":\"https:\/\/apuntesdesanluis.com\/\"},{\"@type\":\"ListItem\",\"position\":2,\"name\":\"PERDIDOS EN EL PARA\u00cdSO\"}]},{\"@type\":\"WebSite\",\"@id\":\"https:\/\/apuntesdesanluis.com\/#website\",\"url\":\"https:\/\/apuntesdesanluis.com\/\",\"name\":\"Apuntes de San Luis\",\"description\":\"\",\"publisher\":{\"@id\":\"https:\/\/apuntesdesanluis.com\/#\/schema\/person\/b55151d52296fcce64d1a72538a70b90\"},\"potentialAction\":[{\"@type\":\"SearchAction\",\"target\":{\"@type\":\"EntryPoint\",\"urlTemplate\":\"https:\/\/apuntesdesanluis.com\/?s={search_term_string}\"},\"query-input\":{\"@type\":\"PropertyValueSpecification\",\"valueRequired\":true,\"valueName\":\"search_term_string\"}}],\"inLanguage\":\"es-AR\"},{\"@type\":[\"Person\",\"Organization\"],\"@id\":\"https:\/\/apuntesdesanluis.com\/#\/schema\/person\/b55151d52296fcce64d1a72538a70b90\",\"name\":\"apuntesdesanluis.com\",\"image\":{\"@type\":\"ImageObject\",\"inLanguage\":\"es-AR\",\"@id\":\"https:\/\/apuntesdesanluis.com\/#\/schema\/person\/image\/\",\"url\":\"https:\/\/apuntesdesanluis.com\/wp-content\/uploads\/2023\/07\/cropped-apuntesdesanluis.png\",\"contentUrl\":\"https:\/\/apuntesdesanluis.com\/wp-content\/uploads\/2023\/07\/cropped-apuntesdesanluis.png\",\"width\":450,\"height\":112,\"caption\":\"apuntesdesanluis.com\"},\"logo\":{\"@id\":\"https:\/\/apuntesdesanluis.com\/#\/schema\/person\/image\/\"},\"sameAs\":[\"https:\/\/apuntesdesanluis.com\"],\"url\":\"https:\/\/apuntesdesanluis.com\/index.php\/author\/apuntesdesanluis-com\/\"}]}<\/script>\n<!-- \/ Yoast SEO plugin. -->","yoast_head_json":{"title":"PERDIDOS EN EL PARA\u00cdSO - Apuntes de San Luis","robots":{"index":"index","follow":"follow","max-snippet":"max-snippet:-1","max-image-preview":"max-image-preview:large","max-video-preview":"max-video-preview:-1"},"canonical":"https:\/\/apuntesdesanluis.com\/index.php\/2024\/01\/05\/perdidos-en-el-paraiso\/","og_locale":"es_ES","og_type":"article","og_title":"PERDIDOS EN EL PARA\u00cdSO - Apuntes de San Luis","og_description":"Macri, Bullrich y la CGT coinciden en un diagn\u00f3stico: entre febrero y marzo estallar\u00e1 una...","og_url":"https:\/\/apuntesdesanluis.com\/index.php\/2024\/01\/05\/perdidos-en-el-paraiso\/","og_site_name":"Apuntes de San Luis","article_published_time":"2024-01-06T01:03:44+00:00","article_modified_time":"2024-01-06T01:04:25+00:00","og_image":[{"width":631,"height":395,"url":"https:\/\/apuntesdesanluis.com\/wp-content\/uploads\/2024\/01\/tres-1.png","type":"image\/png"}],"author":"apuntesdesanluis.com","twitter_card":"summary_large_image","twitter_misc":{"Escrito por":"apuntesdesanluis.com","Tiempo de lectura":"6 minutos"},"schema":{"@context":"https:\/\/schema.org","@graph":[{"@type":"Article","@id":"https:\/\/apuntesdesanluis.com\/index.php\/2024\/01\/05\/perdidos-en-el-paraiso\/#article","isPartOf":{"@id":"https:\/\/apuntesdesanluis.com\/index.php\/2024\/01\/05\/perdidos-en-el-paraiso\/"},"author":{"name":"apuntesdesanluis.com","@id":"https:\/\/apuntesdesanluis.com\/#\/schema\/person\/b55151d52296fcce64d1a72538a70b90"},"headline":"PERDIDOS EN EL PARA\u00cdSO","datePublished":"2024-01-06T01:03:44+00:00","dateModified":"2024-01-06T01:04:25+00:00","mainEntityOfPage":{"@id":"https:\/\/apuntesdesanluis.com\/index.php\/2024\/01\/05\/perdidos-en-el-paraiso\/"},"wordCount":1153,"publisher":{"@id":"https:\/\/apuntesdesanluis.com\/#\/schema\/person\/b55151d52296fcce64d1a72538a70b90"},"image":{"@id":"https:\/\/apuntesdesanluis.com\/index.php\/2024\/01\/05\/perdidos-en-el-paraiso\/#primaryimage"},"thumbnailUrl":"https:\/\/apuntesdesanluis.com\/wp-content\/uploads\/2024\/01\/tres-1.png","articleSection":["Opini\u00f3n"],"inLanguage":"es-AR"},{"@type":"WebPage","@id":"https:\/\/apuntesdesanluis.com\/index.php\/2024\/01\/05\/perdidos-en-el-paraiso\/","url":"https:\/\/apuntesdesanluis.com\/index.php\/2024\/01\/05\/perdidos-en-el-paraiso\/","name":"PERDIDOS EN EL PARA\u00cdSO - Apuntes de San Luis","isPartOf":{"@id":"https:\/\/apuntesdesanluis.com\/#website"},"primaryImageOfPage":{"@id":"https:\/\/apuntesdesanluis.com\/index.php\/2024\/01\/05\/perdidos-en-el-paraiso\/#primaryimage"},"image":{"@id":"https:\/\/apuntesdesanluis.com\/index.php\/2024\/01\/05\/perdidos-en-el-paraiso\/#primaryimage"},"thumbnailUrl":"https:\/\/apuntesdesanluis.com\/wp-content\/uploads\/2024\/01\/tres-1.png","datePublished":"2024-01-06T01:03:44+00:00","dateModified":"2024-01-06T01:04:25+00:00","breadcrumb":{"@id":"https:\/\/apuntesdesanluis.com\/index.php\/2024\/01\/05\/perdidos-en-el-paraiso\/#breadcrumb"},"inLanguage":"es-AR","potentialAction":[{"@type":"ReadAction","target":["https:\/\/apuntesdesanluis.com\/index.php\/2024\/01\/05\/perdidos-en-el-paraiso\/"]}]},{"@type":"ImageObject","inLanguage":"es-AR","@id":"https:\/\/apuntesdesanluis.com\/index.php\/2024\/01\/05\/perdidos-en-el-paraiso\/#primaryimage","url":"https:\/\/apuntesdesanluis.com\/wp-content\/uploads\/2024\/01\/tres-1.png","contentUrl":"https:\/\/apuntesdesanluis.com\/wp-content\/uploads\/2024\/01\/tres-1.png","width":631,"height":395},{"@type":"BreadcrumbList","@id":"https:\/\/apuntesdesanluis.com\/index.php\/2024\/01\/05\/perdidos-en-el-paraiso\/#breadcrumb","itemListElement":[{"@type":"ListItem","position":1,"name":"Inicio","item":"https:\/\/apuntesdesanluis.com\/"},{"@type":"ListItem","position":2,"name":"PERDIDOS EN EL PARA\u00cdSO"}]},{"@type":"WebSite","@id":"https:\/\/apuntesdesanluis.com\/#website","url":"https:\/\/apuntesdesanluis.com\/","name":"Apuntes de San Luis","description":"","publisher":{"@id":"https:\/\/apuntesdesanluis.com\/#\/schema\/person\/b55151d52296fcce64d1a72538a70b90"},"potentialAction":[{"@type":"SearchAction","target":{"@type":"EntryPoint","urlTemplate":"https:\/\/apuntesdesanluis.com\/?s={search_term_string}"},"query-input":{"@type":"PropertyValueSpecification","valueRequired":true,"valueName":"search_term_string"}}],"inLanguage":"es-AR"},{"@type":["Person","Organization"],"@id":"https:\/\/apuntesdesanluis.com\/#\/schema\/person\/b55151d52296fcce64d1a72538a70b90","name":"apuntesdesanluis.com","image":{"@type":"ImageObject","inLanguage":"es-AR","@id":"https:\/\/apuntesdesanluis.com\/#\/schema\/person\/image\/","url":"https:\/\/apuntesdesanluis.com\/wp-content\/uploads\/2023\/07\/cropped-apuntesdesanluis.png","contentUrl":"https:\/\/apuntesdesanluis.com\/wp-content\/uploads\/2023\/07\/cropped-apuntesdesanluis.png","width":450,"height":112,"caption":"apuntesdesanluis.com"},"logo":{"@id":"https:\/\/apuntesdesanluis.com\/#\/schema\/person\/image\/"},"sameAs":["https:\/\/apuntesdesanluis.com"],"url":"https:\/\/apuntesdesanluis.com\/index.php\/author\/apuntesdesanluis-com\/"}]}},"featured_image_urls":{"full":["https:\/\/apuntesdesanluis.com\/wp-content\/uploads\/2024\/01\/tres-1.png",631,395,false],"thumbnail":["https:\/\/apuntesdesanluis.com\/wp-content\/uploads\/2024\/01\/tres-1-150x150.png",150,150,true],"medium":["https:\/\/apuntesdesanluis.com\/wp-content\/uploads\/2024\/01\/tres-1-300x188.png",300,188,true],"medium_large":["https:\/\/apuntesdesanluis.com\/wp-content\/uploads\/2024\/01\/tres-1.png",631,395,false],"large":["https:\/\/apuntesdesanluis.com\/wp-content\/uploads\/2024\/01\/tres-1.png",631,395,false],"1536x1536":["https:\/\/apuntesdesanluis.com\/wp-content\/uploads\/2024\/01\/tres-1.png",631,395,false],"2048x2048":["https:\/\/apuntesdesanluis.com\/wp-content\/uploads\/2024\/01\/tres-1.png",631,395,false],"newsever-slider-full":["https:\/\/apuntesdesanluis.com\/wp-content\/uploads\/2024\/01\/tres-1.png",631,395,false],"newsever-featured":["https:\/\/apuntesdesanluis.com\/wp-content\/uploads\/2024\/01\/tres-1.png",631,395,false],"newsever-medium":["https:\/\/apuntesdesanluis.com\/wp-content\/uploads\/2024\/01\/tres-1.png",631,395,false]},"author_info":{"display_name":"apuntesdesanluis.com","author_link":"https:\/\/apuntesdesanluis.com\/index.php\/author\/apuntesdesanluis-com\/"},"category_info":"<a href=\"https:\/\/apuntesdesanluis.com\/index.php\/category\/opinion\/\" rel=\"category tag\">Opini\u00f3n<\/a>","tag_info":"Opini\u00f3n","comment_count":"0","_links":{"self":[{"href":"https:\/\/apuntesdesanluis.com\/index.php\/wp-json\/wp\/v2\/posts\/9567","targetHints":{"allow":["GET"]}}],"collection":[{"href":"https:\/\/apuntesdesanluis.com\/index.php\/wp-json\/wp\/v2\/posts"}],"about":[{"href":"https:\/\/apuntesdesanluis.com\/index.php\/wp-json\/wp\/v2\/types\/post"}],"author":[{"embeddable":true,"href":"https:\/\/apuntesdesanluis.com\/index.php\/wp-json\/wp\/v2\/users\/1"}],"replies":[{"embeddable":true,"href":"https:\/\/apuntesdesanluis.com\/index.php\/wp-json\/wp\/v2\/comments?post=9567"}],"version-history":[{"count":2,"href":"https:\/\/apuntesdesanluis.com\/index.php\/wp-json\/wp\/v2\/posts\/9567\/revisions"}],"predecessor-version":[{"id":9570,"href":"https:\/\/apuntesdesanluis.com\/index.php\/wp-json\/wp\/v2\/posts\/9567\/revisions\/9570"}],"wp:featuredmedia":[{"embeddable":true,"href":"https:\/\/apuntesdesanluis.com\/index.php\/wp-json\/wp\/v2\/media\/9568"}],"wp:attachment":[{"href":"https:\/\/apuntesdesanluis.com\/index.php\/wp-json\/wp\/v2\/media?parent=9567"}],"wp:term":[{"taxonomy":"category","embeddable":true,"href":"https:\/\/apuntesdesanluis.com\/index.php\/wp-json\/wp\/v2\/categories?post=9567"},{"taxonomy":"post_tag","embeddable":true,"href":"https:\/\/apuntesdesanluis.com\/index.php\/wp-json\/wp\/v2\/tags?post=9567"}],"curies":[{"name":"wp","href":"https:\/\/api.w.org\/{rel}","templated":true}]}}