{"id":9581,"date":"2024-01-06T14:21:44","date_gmt":"2024-01-06T17:21:44","guid":{"rendered":"https:\/\/apuntesdesanluis.com\/?p=9581"},"modified":"2024-01-06T14:28:03","modified_gmt":"2024-01-06T17:28:03","slug":"fuerte-colision-la-chocaron-y-se-termino-subiendo-a-la-vereda","status":"publish","type":"post","link":"https:\/\/apuntesdesanluis.com\/index.php\/2024\/01\/06\/fuerte-colision-la-chocaron-y-se-termino-subiendo-a-la-vereda\/","title":{"rendered":"FUERTE COLISI\u00d3N: LA CHOCARON Y SE TERMIN\u00d3 SUBIENDO A LA VEREDA"},"content":{"rendered":"<h3>Ocurri\u00f3 cerca de las 12:30 de este s\u00e1bado, en la intersecci\u00f3n de calles Rivadavia y G\u00fcemes, barrio ATE I de Villa Mercedes. Felizmente no hubo heridos.<\/h3>\n<p><img fetchpriority=\"high\" decoding=\"async\" class=\"wp-image-9585 aligncenter\" src=\"https:\/\/apuntesdesanluis.com\/wp-content\/uploads\/2024\/01\/choque-mujer-300x236.jpg\" alt=\"\" width=\"573\" height=\"451\" srcset=\"https:\/\/apuntesdesanluis.com\/wp-content\/uploads\/2024\/01\/choque-mujer-300x236.jpg 300w, https:\/\/apuntesdesanluis.com\/wp-content\/uploads\/2024\/01\/choque-mujer.jpg 573w\" sizes=\"(max-width: 573px) 100vw, 573px\" \/><\/p>\n<h3><span style=\"color: #000000;\"><strong>Apuntes de San Luis<\/strong><\/span> pudo reconstruir que el autom\u00f3vil Peugeot 301 circulaba por G\u00fcemes y al llegar a Rivadavia no advirti\u00f3 que el Chevrolet Captiva atravesaba la misma y lo embisti\u00f3 sobre su costado izquierdo.<\/h3>\n<p><img decoding=\"async\" class=\"wp-image-9584 aligncenter\" src=\"https:\/\/apuntesdesanluis.com\/wp-content\/uploads\/2024\/01\/Choque-frente-danado-300x173.jpg\" alt=\"\" width=\"572\" height=\"330\" srcset=\"https:\/\/apuntesdesanluis.com\/wp-content\/uploads\/2024\/01\/Choque-frente-danado-300x173.jpg 300w, https:\/\/apuntesdesanluis.com\/wp-content\/uploads\/2024\/01\/Choque-frente-danado.jpg 600w\" sizes=\"(max-width: 572px) 100vw, 572px\" \/><\/p>\n<h3>Como resultado de la fuerte colisi\u00f3n la conductora de este \u00faltimo perdi\u00f3 el control, subi\u00f3 la vereda y pas\u00f3 entre una columna de hormig\u00f3n y un \u00e1rbol, para detener luego su marcha.<\/h3>\n<h3>Seg\u00fan testigos, ninguno de los conductores circulaba a elevada velocidad, por lo que a pesar del fuerte impacto no se registraron heridos.<\/h3>\n<p><img decoding=\"async\" class=\"wp-image-9583 aligncenter\" src=\"https:\/\/apuntesdesanluis.com\/wp-content\/uploads\/2024\/01\/captiva-300x225.jpg\" alt=\"\" width=\"575\" height=\"431\" srcset=\"https:\/\/apuntesdesanluis.com\/wp-content\/uploads\/2024\/01\/captiva-300x225.jpg 300w, https:\/\/apuntesdesanluis.com\/wp-content\/uploads\/2024\/01\/captiva.jpg 600w\" sizes=\"(max-width: 575px) 100vw, 575px\" \/><\/p>\n<h3>Pudo haber sido una tragedia, dado que se trata de un sector de mucha circulaci\u00f3n y adem\u00e1s en la esquina, a pocos metros del accidente, funciona un comercio (imagen principal).<\/h3>\n<h3>Producto del fuerte impacto, el Peugeot termin\u00f3 con su frente seriamente da\u00f1ado, en tanto que el otro rodado s\u00f3lo abolladuras sobre su lateral izquierdo.<\/h3>\n<p><img loading=\"lazy\" decoding=\"async\" class=\"wp-image-9582 aligncenter\" src=\"https:\/\/apuntesdesanluis.com\/wp-content\/uploads\/2024\/01\/choque-chevrolet-300x210.jpg\" alt=\"\" width=\"577\" height=\"404\" srcset=\"https:\/\/apuntesdesanluis.com\/wp-content\/uploads\/2024\/01\/choque-chevrolet-300x210.jpg 300w, https:\/\/apuntesdesanluis.com\/wp-content\/uploads\/2024\/01\/choque-chevrolet.jpg 600w\" sizes=\"(max-width: 577px) 100vw, 577px\" \/><\/p>\n<p>&nbsp;<\/p>\n<p>&nbsp;<\/p>\n<p>&nbsp;<\/p>\n","protected":false},"excerpt":{"rendered":"<p>Ocurri\u00f3 cerca de las 12:30 de este s\u00e1bado, en la intersecci\u00f3n de calles Rivadavia y&#8230;<\/p>\n","protected":false},"author":1,"featured_media":9586,"comment_status":"closed","ping_status":"closed","sticky":false,"template":"","format":"standard","meta":{"footnotes":""},"categories":[6],"tags":[],"class_list":["post-9581","post","type-post","status-publish","format-standard","has-post-thumbnail","hentry","category-ciudad-provincia"],"yoast_head":"<!-- This site is optimized with the Yoast SEO plugin v26.1.1 - https:\/\/yoast.com\/wordpress\/plugins\/seo\/ -->\n<title>FUERTE COLISI\u00d3N: LA CHOCARON Y SE TERMIN\u00d3 SUBIENDO A LA VEREDA - Apuntes de San Luis<\/title>\n<meta name=\"robots\" content=\"index, follow, max-snippet:-1, max-image-preview:large, max-video-preview:-1\" \/>\n<link rel=\"canonical\" href=\"https:\/\/apuntesdesanluis.com\/index.php\/2024\/01\/06\/fuerte-colision-la-chocaron-y-se-termino-subiendo-a-la-vereda\/\" \/>\n<meta property=\"og:locale\" content=\"es_ES\" \/>\n<meta property=\"og:type\" content=\"article\" \/>\n<meta property=\"og:title\" content=\"FUERTE COLISI\u00d3N: LA CHOCARON Y SE TERMIN\u00d3 SUBIENDO A LA VEREDA - Apuntes de San Luis\" \/>\n<meta property=\"og:description\" content=\"Ocurri\u00f3 cerca de las 12:30 de este s\u00e1bado, en la intersecci\u00f3n de calles Rivadavia y...\" \/>\n<meta property=\"og:url\" content=\"https:\/\/apuntesdesanluis.com\/index.php\/2024\/01\/06\/fuerte-colision-la-chocaron-y-se-termino-subiendo-a-la-vereda\/\" \/>\n<meta property=\"og:site_name\" content=\"Apuntes de San Luis\" \/>\n<meta property=\"article:published_time\" content=\"2024-01-06T17:21:44+00:00\" \/>\n<meta property=\"article:modified_time\" content=\"2024-01-06T17:28:03+00:00\" \/>\n<meta property=\"og:image\" content=\"https:\/\/apuntesdesanluis.com\/wp-content\/uploads\/2024\/01\/choque-tapa.jpg\" \/>\n\t<meta property=\"og:image:width\" content=\"600\" \/>\n\t<meta property=\"og:image:height\" content=\"279\" \/>\n\t<meta property=\"og:image:type\" content=\"image\/jpeg\" \/>\n<meta name=\"author\" content=\"apuntesdesanluis.com\" \/>\n<meta name=\"twitter:card\" content=\"summary_large_image\" \/>\n<meta name=\"twitter:label1\" content=\"Escrito por\" \/>\n\t<meta name=\"twitter:data1\" content=\"apuntesdesanluis.com\" \/>\n\t<meta name=\"twitter:label2\" content=\"Tiempo de lectura\" \/>\n\t<meta name=\"twitter:data2\" content=\"2 minutos\" \/>\n<script type=\"application\/ld+json\" class=\"yoast-schema-graph\">{\"@context\":\"https:\/\/schema.org\",\"@graph\":[{\"@type\":\"Article\",\"@id\":\"https:\/\/apuntesdesanluis.com\/index.php\/2024\/01\/06\/fuerte-colision-la-chocaron-y-se-termino-subiendo-a-la-vereda\/#article\",\"isPartOf\":{\"@id\":\"https:\/\/apuntesdesanluis.com\/index.php\/2024\/01\/06\/fuerte-colision-la-chocaron-y-se-termino-subiendo-a-la-vereda\/\"},\"author\":{\"name\":\"apuntesdesanluis.com\",\"@id\":\"https:\/\/apuntesdesanluis.com\/#\/schema\/person\/b55151d52296fcce64d1a72538a70b90\"},\"headline\":\"FUERTE COLISI\u00d3N: LA CHOCARON Y SE TERMIN\u00d3 SUBIENDO A LA VEREDA\",\"datePublished\":\"2024-01-06T17:21:44+00:00\",\"dateModified\":\"2024-01-06T17:28:03+00:00\",\"mainEntityOfPage\":{\"@id\":\"https:\/\/apuntesdesanluis.com\/index.php\/2024\/01\/06\/fuerte-colision-la-chocaron-y-se-termino-subiendo-a-la-vereda\/\"},\"wordCount\":194,\"publisher\":{\"@id\":\"https:\/\/apuntesdesanluis.com\/#\/schema\/person\/b55151d52296fcce64d1a72538a70b90\"},\"image\":{\"@id\":\"https:\/\/apuntesdesanluis.com\/index.php\/2024\/01\/06\/fuerte-colision-la-chocaron-y-se-termino-subiendo-a-la-vereda\/#primaryimage\"},\"thumbnailUrl\":\"https:\/\/apuntesdesanluis.com\/wp-content\/uploads\/2024\/01\/choque-tapa.jpg\",\"articleSection\":[\"Ciudad\/Provincia\"],\"inLanguage\":\"es-AR\"},{\"@type\":\"WebPage\",\"@id\":\"https:\/\/apuntesdesanluis.com\/index.php\/2024\/01\/06\/fuerte-colision-la-chocaron-y-se-termino-subiendo-a-la-vereda\/\",\"url\":\"https:\/\/apuntesdesanluis.com\/index.php\/2024\/01\/06\/fuerte-colision-la-chocaron-y-se-termino-subiendo-a-la-vereda\/\",\"name\":\"FUERTE COLISI\u00d3N: LA CHOCARON Y SE TERMIN\u00d3 SUBIENDO A LA VEREDA - Apuntes de San Luis\",\"isPartOf\":{\"@id\":\"https:\/\/apuntesdesanluis.com\/#website\"},\"primaryImageOfPage\":{\"@id\":\"https:\/\/apuntesdesanluis.com\/index.php\/2024\/01\/06\/fuerte-colision-la-chocaron-y-se-termino-subiendo-a-la-vereda\/#primaryimage\"},\"image\":{\"@id\":\"https:\/\/apuntesdesanluis.com\/index.php\/2024\/01\/06\/fuerte-colision-la-chocaron-y-se-termino-subiendo-a-la-vereda\/#primaryimage\"},\"thumbnailUrl\":\"https:\/\/apuntesdesanluis.com\/wp-content\/uploads\/2024\/01\/choque-tapa.jpg\",\"datePublished\":\"2024-01-06T17:21:44+00:00\",\"dateModified\":\"2024-01-06T17:28:03+00:00\",\"breadcrumb\":{\"@id\":\"https:\/\/apuntesdesanluis.com\/index.php\/2024\/01\/06\/fuerte-colision-la-chocaron-y-se-termino-subiendo-a-la-vereda\/#breadcrumb\"},\"inLanguage\":\"es-AR\",\"potentialAction\":[{\"@type\":\"ReadAction\",\"target\":[\"https:\/\/apuntesdesanluis.com\/index.php\/2024\/01\/06\/fuerte-colision-la-chocaron-y-se-termino-subiendo-a-la-vereda\/\"]}]},{\"@type\":\"ImageObject\",\"inLanguage\":\"es-AR\",\"@id\":\"https:\/\/apuntesdesanluis.com\/index.php\/2024\/01\/06\/fuerte-colision-la-chocaron-y-se-termino-subiendo-a-la-vereda\/#primaryimage\",\"url\":\"https:\/\/apuntesdesanluis.com\/wp-content\/uploads\/2024\/01\/choque-tapa.jpg\",\"contentUrl\":\"https:\/\/apuntesdesanluis.com\/wp-content\/uploads\/2024\/01\/choque-tapa.jpg\",\"width\":600,\"height\":279},{\"@type\":\"BreadcrumbList\",\"@id\":\"https:\/\/apuntesdesanluis.com\/index.php\/2024\/01\/06\/fuerte-colision-la-chocaron-y-se-termino-subiendo-a-la-vereda\/#breadcrumb\",\"itemListElement\":[{\"@type\":\"ListItem\",\"position\":1,\"name\":\"Inicio\",\"item\":\"https:\/\/apuntesdesanluis.com\/\"},{\"@type\":\"ListItem\",\"position\":2,\"name\":\"FUERTE COLISI\u00d3N: LA CHOCARON Y SE TERMIN\u00d3 SUBIENDO A LA VEREDA\"}]},{\"@type\":\"WebSite\",\"@id\":\"https:\/\/apuntesdesanluis.com\/#website\",\"url\":\"https:\/\/apuntesdesanluis.com\/\",\"name\":\"Apuntes de San Luis\",\"description\":\"\",\"publisher\":{\"@id\":\"https:\/\/apuntesdesanluis.com\/#\/schema\/person\/b55151d52296fcce64d1a72538a70b90\"},\"potentialAction\":[{\"@type\":\"SearchAction\",\"target\":{\"@type\":\"EntryPoint\",\"urlTemplate\":\"https:\/\/apuntesdesanluis.com\/?s={search_term_string}\"},\"query-input\":{\"@type\":\"PropertyValueSpecification\",\"valueRequired\":true,\"valueName\":\"search_term_string\"}}],\"inLanguage\":\"es-AR\"},{\"@type\":[\"Person\",\"Organization\"],\"@id\":\"https:\/\/apuntesdesanluis.com\/#\/schema\/person\/b55151d52296fcce64d1a72538a70b90\",\"name\":\"apuntesdesanluis.com\",\"image\":{\"@type\":\"ImageObject\",\"inLanguage\":\"es-AR\",\"@id\":\"https:\/\/apuntesdesanluis.com\/#\/schema\/person\/image\/\",\"url\":\"https:\/\/apuntesdesanluis.com\/wp-content\/uploads\/2023\/07\/cropped-apuntesdesanluis.png\",\"contentUrl\":\"https:\/\/apuntesdesanluis.com\/wp-content\/uploads\/2023\/07\/cropped-apuntesdesanluis.png\",\"width\":450,\"height\":112,\"caption\":\"apuntesdesanluis.com\"},\"logo\":{\"@id\":\"https:\/\/apuntesdesanluis.com\/#\/schema\/person\/image\/\"},\"sameAs\":[\"https:\/\/apuntesdesanluis.com\"],\"url\":\"https:\/\/apuntesdesanluis.com\/index.php\/author\/apuntesdesanluis-com\/\"}]}<\/script>\n<!-- \/ Yoast SEO plugin. -->","yoast_head_json":{"title":"FUERTE COLISI\u00d3N: LA CHOCARON Y SE TERMIN\u00d3 SUBIENDO A LA VEREDA - Apuntes de San Luis","robots":{"index":"index","follow":"follow","max-snippet":"max-snippet:-1","max-image-preview":"max-image-preview:large","max-video-preview":"max-video-preview:-1"},"canonical":"https:\/\/apuntesdesanluis.com\/index.php\/2024\/01\/06\/fuerte-colision-la-chocaron-y-se-termino-subiendo-a-la-vereda\/","og_locale":"es_ES","og_type":"article","og_title":"FUERTE COLISI\u00d3N: LA CHOCARON Y SE TERMIN\u00d3 SUBIENDO A LA VEREDA - Apuntes de San Luis","og_description":"Ocurri\u00f3 cerca de las 12:30 de este s\u00e1bado, en la intersecci\u00f3n de calles Rivadavia y...","og_url":"https:\/\/apuntesdesanluis.com\/index.php\/2024\/01\/06\/fuerte-colision-la-chocaron-y-se-termino-subiendo-a-la-vereda\/","og_site_name":"Apuntes de San Luis","article_published_time":"2024-01-06T17:21:44+00:00","article_modified_time":"2024-01-06T17:28:03+00:00","og_image":[{"width":600,"height":279,"url":"https:\/\/apuntesdesanluis.com\/wp-content\/uploads\/2024\/01\/choque-tapa.jpg","type":"image\/jpeg"}],"author":"apuntesdesanluis.com","twitter_card":"summary_large_image","twitter_misc":{"Escrito por":"apuntesdesanluis.com","Tiempo de lectura":"2 minutos"},"schema":{"@context":"https:\/\/schema.org","@graph":[{"@type":"Article","@id":"https:\/\/apuntesdesanluis.com\/index.php\/2024\/01\/06\/fuerte-colision-la-chocaron-y-se-termino-subiendo-a-la-vereda\/#article","isPartOf":{"@id":"https:\/\/apuntesdesanluis.com\/index.php\/2024\/01\/06\/fuerte-colision-la-chocaron-y-se-termino-subiendo-a-la-vereda\/"},"author":{"name":"apuntesdesanluis.com","@id":"https:\/\/apuntesdesanluis.com\/#\/schema\/person\/b55151d52296fcce64d1a72538a70b90"},"headline":"FUERTE COLISI\u00d3N: LA CHOCARON Y SE TERMIN\u00d3 SUBIENDO A LA VEREDA","datePublished":"2024-01-06T17:21:44+00:00","dateModified":"2024-01-06T17:28:03+00:00","mainEntityOfPage":{"@id":"https:\/\/apuntesdesanluis.com\/index.php\/2024\/01\/06\/fuerte-colision-la-chocaron-y-se-termino-subiendo-a-la-vereda\/"},"wordCount":194,"publisher":{"@id":"https:\/\/apuntesdesanluis.com\/#\/schema\/person\/b55151d52296fcce64d1a72538a70b90"},"image":{"@id":"https:\/\/apuntesdesanluis.com\/index.php\/2024\/01\/06\/fuerte-colision-la-chocaron-y-se-termino-subiendo-a-la-vereda\/#primaryimage"},"thumbnailUrl":"https:\/\/apuntesdesanluis.com\/wp-content\/uploads\/2024\/01\/choque-tapa.jpg","articleSection":["Ciudad\/Provincia"],"inLanguage":"es-AR"},{"@type":"WebPage","@id":"https:\/\/apuntesdesanluis.com\/index.php\/2024\/01\/06\/fuerte-colision-la-chocaron-y-se-termino-subiendo-a-la-vereda\/","url":"https:\/\/apuntesdesanluis.com\/index.php\/2024\/01\/06\/fuerte-colision-la-chocaron-y-se-termino-subiendo-a-la-vereda\/","name":"FUERTE COLISI\u00d3N: LA CHOCARON Y SE TERMIN\u00d3 SUBIENDO A LA VEREDA - Apuntes de San Luis","isPartOf":{"@id":"https:\/\/apuntesdesanluis.com\/#website"},"primaryImageOfPage":{"@id":"https:\/\/apuntesdesanluis.com\/index.php\/2024\/01\/06\/fuerte-colision-la-chocaron-y-se-termino-subiendo-a-la-vereda\/#primaryimage"},"image":{"@id":"https:\/\/apuntesdesanluis.com\/index.php\/2024\/01\/06\/fuerte-colision-la-chocaron-y-se-termino-subiendo-a-la-vereda\/#primaryimage"},"thumbnailUrl":"https:\/\/apuntesdesanluis.com\/wp-content\/uploads\/2024\/01\/choque-tapa.jpg","datePublished":"2024-01-06T17:21:44+00:00","dateModified":"2024-01-06T17:28:03+00:00","breadcrumb":{"@id":"https:\/\/apuntesdesanluis.com\/index.php\/2024\/01\/06\/fuerte-colision-la-chocaron-y-se-termino-subiendo-a-la-vereda\/#breadcrumb"},"inLanguage":"es-AR","potentialAction":[{"@type":"ReadAction","target":["https:\/\/apuntesdesanluis.com\/index.php\/2024\/01\/06\/fuerte-colision-la-chocaron-y-se-termino-subiendo-a-la-vereda\/"]}]},{"@type":"ImageObject","inLanguage":"es-AR","@id":"https:\/\/apuntesdesanluis.com\/index.php\/2024\/01\/06\/fuerte-colision-la-chocaron-y-se-termino-subiendo-a-la-vereda\/#primaryimage","url":"https:\/\/apuntesdesanluis.com\/wp-content\/uploads\/2024\/01\/choque-tapa.jpg","contentUrl":"https:\/\/apuntesdesanluis.com\/wp-content\/uploads\/2024\/01\/choque-tapa.jpg","width":600,"height":279},{"@type":"BreadcrumbList","@id":"https:\/\/apuntesdesanluis.com\/index.php\/2024\/01\/06\/fuerte-colision-la-chocaron-y-se-termino-subiendo-a-la-vereda\/#breadcrumb","itemListElement":[{"@type":"ListItem","position":1,"name":"Inicio","item":"https:\/\/apuntesdesanluis.com\/"},{"@type":"ListItem","position":2,"name":"FUERTE COLISI\u00d3N: LA CHOCARON Y SE TERMIN\u00d3 SUBIENDO A LA VEREDA"}]},{"@type":"WebSite","@id":"https:\/\/apuntesdesanluis.com\/#website","url":"https:\/\/apuntesdesanluis.com\/","name":"Apuntes de San Luis","description":"","publisher":{"@id":"https:\/\/apuntesdesanluis.com\/#\/schema\/person\/b55151d52296fcce64d1a72538a70b90"},"potentialAction":[{"@type":"SearchAction","target":{"@type":"EntryPoint","urlTemplate":"https:\/\/apuntesdesanluis.com\/?s={search_term_string}"},"query-input":{"@type":"PropertyValueSpecification","valueRequired":true,"valueName":"search_term_string"}}],"inLanguage":"es-AR"},{"@type":["Person","Organization"],"@id":"https:\/\/apuntesdesanluis.com\/#\/schema\/person\/b55151d52296fcce64d1a72538a70b90","name":"apuntesdesanluis.com","image":{"@type":"ImageObject","inLanguage":"es-AR","@id":"https:\/\/apuntesdesanluis.com\/#\/schema\/person\/image\/","url":"https:\/\/apuntesdesanluis.com\/wp-content\/uploads\/2023\/07\/cropped-apuntesdesanluis.png","contentUrl":"https:\/\/apuntesdesanluis.com\/wp-content\/uploads\/2023\/07\/cropped-apuntesdesanluis.png","width":450,"height":112,"caption":"apuntesdesanluis.com"},"logo":{"@id":"https:\/\/apuntesdesanluis.com\/#\/schema\/person\/image\/"},"sameAs":["https:\/\/apuntesdesanluis.com"],"url":"https:\/\/apuntesdesanluis.com\/index.php\/author\/apuntesdesanluis-com\/"}]}},"featured_image_urls":{"full":["https:\/\/apuntesdesanluis.com\/wp-content\/uploads\/2024\/01\/choque-tapa.jpg",600,279,false],"thumbnail":["https:\/\/apuntesdesanluis.com\/wp-content\/uploads\/2024\/01\/choque-tapa-150x150.jpg",150,150,true],"medium":["https:\/\/apuntesdesanluis.com\/wp-content\/uploads\/2024\/01\/choque-tapa-300x140.jpg",300,140,true],"medium_large":["https:\/\/apuntesdesanluis.com\/wp-content\/uploads\/2024\/01\/choque-tapa.jpg",600,279,false],"large":["https:\/\/apuntesdesanluis.com\/wp-content\/uploads\/2024\/01\/choque-tapa.jpg",600,279,false],"1536x1536":["https:\/\/apuntesdesanluis.com\/wp-content\/uploads\/2024\/01\/choque-tapa.jpg",600,279,false],"2048x2048":["https:\/\/apuntesdesanluis.com\/wp-content\/uploads\/2024\/01\/choque-tapa.jpg",600,279,false],"newsever-slider-full":["https:\/\/apuntesdesanluis.com\/wp-content\/uploads\/2024\/01\/choque-tapa.jpg",600,279,false],"newsever-featured":["https:\/\/apuntesdesanluis.com\/wp-content\/uploads\/2024\/01\/choque-tapa.jpg",600,279,false],"newsever-medium":["https:\/\/apuntesdesanluis.com\/wp-content\/uploads\/2024\/01\/choque-tapa.jpg",600,279,false]},"author_info":{"display_name":"apuntesdesanluis.com","author_link":"https:\/\/apuntesdesanluis.com\/index.php\/author\/apuntesdesanluis-com\/"},"category_info":"<a href=\"https:\/\/apuntesdesanluis.com\/index.php\/category\/ciudad-provincia\/\" rel=\"category tag\">Ciudad\/Provincia<\/a>","tag_info":"Ciudad\/Provincia","comment_count":"0","_links":{"self":[{"href":"https:\/\/apuntesdesanluis.com\/index.php\/wp-json\/wp\/v2\/posts\/9581","targetHints":{"allow":["GET"]}}],"collection":[{"href":"https:\/\/apuntesdesanluis.com\/index.php\/wp-json\/wp\/v2\/posts"}],"about":[{"href":"https:\/\/apuntesdesanluis.com\/index.php\/wp-json\/wp\/v2\/types\/post"}],"author":[{"embeddable":true,"href":"https:\/\/apuntesdesanluis.com\/index.php\/wp-json\/wp\/v2\/users\/1"}],"replies":[{"embeddable":true,"href":"https:\/\/apuntesdesanluis.com\/index.php\/wp-json\/wp\/v2\/comments?post=9581"}],"version-history":[{"count":8,"href":"https:\/\/apuntesdesanluis.com\/index.php\/wp-json\/wp\/v2\/posts\/9581\/revisions"}],"predecessor-version":[{"id":9594,"href":"https:\/\/apuntesdesanluis.com\/index.php\/wp-json\/wp\/v2\/posts\/9581\/revisions\/9594"}],"wp:featuredmedia":[{"embeddable":true,"href":"https:\/\/apuntesdesanluis.com\/index.php\/wp-json\/wp\/v2\/media\/9586"}],"wp:attachment":[{"href":"https:\/\/apuntesdesanluis.com\/index.php\/wp-json\/wp\/v2\/media?parent=9581"}],"wp:term":[{"taxonomy":"category","embeddable":true,"href":"https:\/\/apuntesdesanluis.com\/index.php\/wp-json\/wp\/v2\/categories?post=9581"},{"taxonomy":"post_tag","embeddable":true,"href":"https:\/\/apuntesdesanluis.com\/index.php\/wp-json\/wp\/v2\/tags?post=9581"}],"curies":[{"name":"wp","href":"https:\/\/api.w.org\/{rel}","templated":true}]}}