{"id":9595,"date":"2024-01-06T14:59:54","date_gmt":"2024-01-06T17:59:54","guid":{"rendered":"https:\/\/apuntesdesanluis.com\/?p=9595"},"modified":"2024-01-06T15:02:43","modified_gmt":"2024-01-06T18:02:43","slug":"descontento-del-sector-audiovisual-por-el-uso-de-san-luis-cine-para-gendarmeria","status":"publish","type":"post","link":"https:\/\/apuntesdesanluis.com\/index.php\/2024\/01\/06\/descontento-del-sector-audiovisual-por-el-uso-de-san-luis-cine-para-gendarmeria\/","title":{"rendered":"DESCONTENTO DEL SECTOR AUDIOVISUAL POR EL USO DE SAN LUIS CINE PARA GENDARMER\u00cdA"},"content":{"rendered":"<h3>Los trabajadores y trabajadoras del <strong>Sector Audiovisual de San Luis<\/strong> expresaron su \u201cdescontento ante la noticia sobre el pr\u00f3ximo uso que se le dar\u00e1 al Set\u00a0de Cine en la ciudad de La Punta, donde se ubicar\u00eda un grupo operativo de la Gendarmer\u00eda Nacional a requerimiento del gobierno provincial\u201d.<\/h3>\n<h3>La reacci\u00f3n vino despu\u00e9s de que la ministra de Seguridad, Nancy Sosa, se reuniera este viernes con jefes de la Gendarmer\u00eda y efectuaran un recorrido por el edificio que se plane\u00f3 para ser un set de cine y que est\u00e1 en desuso desde hace aproximadamente una d\u00e9cada.<\/h3>\n<h3>Tras el encuentro, la funcionaria inform\u00f3 que se har\u00e1 \u201cun estudio de factibilidad\u201d para definir si es adecuado para que all\u00ed se instale la fuerza federal.<\/h3>\n<h3>A trav\u00e9s de un comunicado, el Sector Audiovisual reconoce que \u201cel espacio f\u00edsico de San Luis Cine ten\u00eda poco uso, pero las personas que componemos este sector econ\u00f3mico y art\u00edstico esper\u00e1bamos poder dialogar con las autoridades provinciales para revertir esta situaci\u00f3n que tiene m\u00e1s de diez a\u00f1os por la falta de aplicaci\u00f3n de la Ley de Cine provincial, que fue ejemplo y modelo de las actuales leyes vigentes en varias provincias de nuestro pa\u00eds\u201d.<\/h3>\n<h3>\u201cSolo un pu\u00f1ado de actividades se generaron desde all\u00ed pero tambi\u00e9n, hay que reconocer, hubieron otras acciones del Estado Provincial, desde la ULP y desde la Secretar\u00eda de Cultura\u201d, aclaran.<\/h3>\n<h3>M\u00e1s adelante agregan: \u201cHay m\u00faltiples factores para analizar lo pasado, pero estamos convencidos\/as que hay que pensar el futuro y teniendo la estructura nos parece importante armar un plan en forma conjunta para aportar al PBI provincial, generar mano de obra ocupada, promover nuestros paisajes, mostrar nuestros actores y actrices, realizadores y realizadoras, ampliar la base y equipamiento tecnol\u00f3gico privado y p\u00fablico, generar contenidos para el canal provincial y otras pantallas\u201d.<\/h3>\n<h3>\u201cEs muy triste y desanima que un espacio con potencial para generar cultura pueda ser usado para albergar una fuerza de seguridad p\u00fablica\u201d, concluye el pronunciamiento del <strong>Sector Audiovisual de San Luis<\/strong>, integrante de los colectivos <strong>Unidos x la Cultura San Luis<\/strong> y <strong>Asamblea Cine Argentino Unido<\/strong>.<\/h3>\n<p>&nbsp;<\/p>\n<h3><span style=\"color: #3366ff;\">NOTICIA RELACIONADA:<\/span><\/h3>\n<p><a href=\"https:\/\/apuntesdesanluis.com\/index.php\/2024\/01\/05\/cine-de-accion-gendarmeria-llego-a-san-luis-y-podria-establecerse-en-la-punta\/\" target=\"_blank\" rel=\"noopener\"><img fetchpriority=\"high\" decoding=\"async\" class=\"alignnone wp-image-9598\" src=\"https:\/\/apuntesdesanluis.com\/wp-content\/uploads\/2024\/01\/posteo-300x232.png\" alt=\"\" width=\"449\" height=\"347\" srcset=\"https:\/\/apuntesdesanluis.com\/wp-content\/uploads\/2024\/01\/posteo-300x232.png 300w, https:\/\/apuntesdesanluis.com\/wp-content\/uploads\/2024\/01\/posteo.png 690w\" sizes=\"(max-width: 449px) 100vw, 449px\" \/><\/a><\/p>\n<p>&nbsp;<\/p>\n<p>&nbsp;<\/p>\n<p>&nbsp;<\/p>\n","protected":false},"excerpt":{"rendered":"<p>Los trabajadores y trabajadoras del Sector Audiovisual de San Luis expresaron su \u201cdescontento ante la&#8230;<\/p>\n","protected":false},"author":1,"featured_media":9596,"comment_status":"closed","ping_status":"closed","sticky":false,"template":"","format":"standard","meta":{"footnotes":""},"categories":[6],"tags":[],"class_list":["post-9595","post","type-post","status-publish","format-standard","has-post-thumbnail","hentry","category-ciudad-provincia"],"yoast_head":"<!-- This site is optimized with the Yoast SEO plugin v26.1.1 - https:\/\/yoast.com\/wordpress\/plugins\/seo\/ -->\n<title>DESCONTENTO DEL SECTOR AUDIOVISUAL POR EL USO DE SAN LUIS CINE PARA GENDARMER\u00cdA - Apuntes de San Luis<\/title>\n<meta name=\"robots\" content=\"index, follow, max-snippet:-1, max-image-preview:large, max-video-preview:-1\" \/>\n<link rel=\"canonical\" href=\"https:\/\/apuntesdesanluis.com\/index.php\/2024\/01\/06\/descontento-del-sector-audiovisual-por-el-uso-de-san-luis-cine-para-gendarmeria\/\" \/>\n<meta property=\"og:locale\" content=\"es_ES\" \/>\n<meta property=\"og:type\" content=\"article\" \/>\n<meta property=\"og:title\" content=\"DESCONTENTO DEL SECTOR AUDIOVISUAL POR EL USO DE SAN LUIS CINE PARA GENDARMER\u00cdA - Apuntes de San Luis\" \/>\n<meta property=\"og:description\" content=\"Los trabajadores y trabajadoras del Sector Audiovisual de San Luis expresaron su \u201cdescontento ante la...\" \/>\n<meta property=\"og:url\" content=\"https:\/\/apuntesdesanluis.com\/index.php\/2024\/01\/06\/descontento-del-sector-audiovisual-por-el-uso-de-san-luis-cine-para-gendarmeria\/\" \/>\n<meta property=\"og:site_name\" content=\"Apuntes de San Luis\" \/>\n<meta property=\"article:published_time\" content=\"2024-01-06T17:59:54+00:00\" \/>\n<meta property=\"article:modified_time\" content=\"2024-01-06T18:02:43+00:00\" \/>\n<meta property=\"og:image\" content=\"https:\/\/apuntesdesanluis.com\/wp-content\/uploads\/2024\/01\/SAN-LUIS-CINE.png\" \/>\n\t<meta property=\"og:image:width\" content=\"602\" \/>\n\t<meta property=\"og:image:height\" content=\"386\" \/>\n\t<meta property=\"og:image:type\" content=\"image\/png\" \/>\n<meta name=\"author\" content=\"apuntesdesanluis.com\" \/>\n<meta name=\"twitter:card\" content=\"summary_large_image\" \/>\n<meta name=\"twitter:label1\" content=\"Escrito por\" \/>\n\t<meta name=\"twitter:data1\" content=\"apuntesdesanluis.com\" \/>\n\t<meta name=\"twitter:label2\" content=\"Tiempo de lectura\" \/>\n\t<meta name=\"twitter:data2\" content=\"2 minutos\" \/>\n<script type=\"application\/ld+json\" class=\"yoast-schema-graph\">{\"@context\":\"https:\/\/schema.org\",\"@graph\":[{\"@type\":\"Article\",\"@id\":\"https:\/\/apuntesdesanluis.com\/index.php\/2024\/01\/06\/descontento-del-sector-audiovisual-por-el-uso-de-san-luis-cine-para-gendarmeria\/#article\",\"isPartOf\":{\"@id\":\"https:\/\/apuntesdesanluis.com\/index.php\/2024\/01\/06\/descontento-del-sector-audiovisual-por-el-uso-de-san-luis-cine-para-gendarmeria\/\"},\"author\":{\"name\":\"apuntesdesanluis.com\",\"@id\":\"https:\/\/apuntesdesanluis.com\/#\/schema\/person\/b55151d52296fcce64d1a72538a70b90\"},\"headline\":\"DESCONTENTO DEL SECTOR AUDIOVISUAL POR EL USO DE SAN LUIS CINE PARA GENDARMER\u00cdA\",\"datePublished\":\"2024-01-06T17:59:54+00:00\",\"dateModified\":\"2024-01-06T18:02:43+00:00\",\"mainEntityOfPage\":{\"@id\":\"https:\/\/apuntesdesanluis.com\/index.php\/2024\/01\/06\/descontento-del-sector-audiovisual-por-el-uso-de-san-luis-cine-para-gendarmeria\/\"},\"wordCount\":391,\"publisher\":{\"@id\":\"https:\/\/apuntesdesanluis.com\/#\/schema\/person\/b55151d52296fcce64d1a72538a70b90\"},\"image\":{\"@id\":\"https:\/\/apuntesdesanluis.com\/index.php\/2024\/01\/06\/descontento-del-sector-audiovisual-por-el-uso-de-san-luis-cine-para-gendarmeria\/#primaryimage\"},\"thumbnailUrl\":\"https:\/\/apuntesdesanluis.com\/wp-content\/uploads\/2024\/01\/SAN-LUIS-CINE.png\",\"articleSection\":[\"Ciudad\/Provincia\"],\"inLanguage\":\"es-AR\"},{\"@type\":\"WebPage\",\"@id\":\"https:\/\/apuntesdesanluis.com\/index.php\/2024\/01\/06\/descontento-del-sector-audiovisual-por-el-uso-de-san-luis-cine-para-gendarmeria\/\",\"url\":\"https:\/\/apuntesdesanluis.com\/index.php\/2024\/01\/06\/descontento-del-sector-audiovisual-por-el-uso-de-san-luis-cine-para-gendarmeria\/\",\"name\":\"DESCONTENTO DEL SECTOR AUDIOVISUAL POR EL USO DE SAN LUIS CINE PARA GENDARMER\u00cdA - Apuntes de San Luis\",\"isPartOf\":{\"@id\":\"https:\/\/apuntesdesanluis.com\/#website\"},\"primaryImageOfPage\":{\"@id\":\"https:\/\/apuntesdesanluis.com\/index.php\/2024\/01\/06\/descontento-del-sector-audiovisual-por-el-uso-de-san-luis-cine-para-gendarmeria\/#primaryimage\"},\"image\":{\"@id\":\"https:\/\/apuntesdesanluis.com\/index.php\/2024\/01\/06\/descontento-del-sector-audiovisual-por-el-uso-de-san-luis-cine-para-gendarmeria\/#primaryimage\"},\"thumbnailUrl\":\"https:\/\/apuntesdesanluis.com\/wp-content\/uploads\/2024\/01\/SAN-LUIS-CINE.png\",\"datePublished\":\"2024-01-06T17:59:54+00:00\",\"dateModified\":\"2024-01-06T18:02:43+00:00\",\"breadcrumb\":{\"@id\":\"https:\/\/apuntesdesanluis.com\/index.php\/2024\/01\/06\/descontento-del-sector-audiovisual-por-el-uso-de-san-luis-cine-para-gendarmeria\/#breadcrumb\"},\"inLanguage\":\"es-AR\",\"potentialAction\":[{\"@type\":\"ReadAction\",\"target\":[\"https:\/\/apuntesdesanluis.com\/index.php\/2024\/01\/06\/descontento-del-sector-audiovisual-por-el-uso-de-san-luis-cine-para-gendarmeria\/\"]}]},{\"@type\":\"ImageObject\",\"inLanguage\":\"es-AR\",\"@id\":\"https:\/\/apuntesdesanluis.com\/index.php\/2024\/01\/06\/descontento-del-sector-audiovisual-por-el-uso-de-san-luis-cine-para-gendarmeria\/#primaryimage\",\"url\":\"https:\/\/apuntesdesanluis.com\/wp-content\/uploads\/2024\/01\/SAN-LUIS-CINE.png\",\"contentUrl\":\"https:\/\/apuntesdesanluis.com\/wp-content\/uploads\/2024\/01\/SAN-LUIS-CINE.png\",\"width\":602,\"height\":386},{\"@type\":\"BreadcrumbList\",\"@id\":\"https:\/\/apuntesdesanluis.com\/index.php\/2024\/01\/06\/descontento-del-sector-audiovisual-por-el-uso-de-san-luis-cine-para-gendarmeria\/#breadcrumb\",\"itemListElement\":[{\"@type\":\"ListItem\",\"position\":1,\"name\":\"Inicio\",\"item\":\"https:\/\/apuntesdesanluis.com\/\"},{\"@type\":\"ListItem\",\"position\":2,\"name\":\"DESCONTENTO DEL SECTOR AUDIOVISUAL POR EL USO DE SAN LUIS CINE PARA GENDARMER\u00cdA\"}]},{\"@type\":\"WebSite\",\"@id\":\"https:\/\/apuntesdesanluis.com\/#website\",\"url\":\"https:\/\/apuntesdesanluis.com\/\",\"name\":\"Apuntes de San Luis\",\"description\":\"\",\"publisher\":{\"@id\":\"https:\/\/apuntesdesanluis.com\/#\/schema\/person\/b55151d52296fcce64d1a72538a70b90\"},\"potentialAction\":[{\"@type\":\"SearchAction\",\"target\":{\"@type\":\"EntryPoint\",\"urlTemplate\":\"https:\/\/apuntesdesanluis.com\/?s={search_term_string}\"},\"query-input\":{\"@type\":\"PropertyValueSpecification\",\"valueRequired\":true,\"valueName\":\"search_term_string\"}}],\"inLanguage\":\"es-AR\"},{\"@type\":[\"Person\",\"Organization\"],\"@id\":\"https:\/\/apuntesdesanluis.com\/#\/schema\/person\/b55151d52296fcce64d1a72538a70b90\",\"name\":\"apuntesdesanluis.com\",\"image\":{\"@type\":\"ImageObject\",\"inLanguage\":\"es-AR\",\"@id\":\"https:\/\/apuntesdesanluis.com\/#\/schema\/person\/image\/\",\"url\":\"https:\/\/apuntesdesanluis.com\/wp-content\/uploads\/2023\/07\/cropped-apuntesdesanluis.png\",\"contentUrl\":\"https:\/\/apuntesdesanluis.com\/wp-content\/uploads\/2023\/07\/cropped-apuntesdesanluis.png\",\"width\":450,\"height\":112,\"caption\":\"apuntesdesanluis.com\"},\"logo\":{\"@id\":\"https:\/\/apuntesdesanluis.com\/#\/schema\/person\/image\/\"},\"sameAs\":[\"https:\/\/apuntesdesanluis.com\"],\"url\":\"https:\/\/apuntesdesanluis.com\/index.php\/author\/apuntesdesanluis-com\/\"}]}<\/script>\n<!-- \/ Yoast SEO plugin. -->","yoast_head_json":{"title":"DESCONTENTO DEL SECTOR AUDIOVISUAL POR EL USO DE SAN LUIS CINE PARA GENDARMER\u00cdA - Apuntes de San Luis","robots":{"index":"index","follow":"follow","max-snippet":"max-snippet:-1","max-image-preview":"max-image-preview:large","max-video-preview":"max-video-preview:-1"},"canonical":"https:\/\/apuntesdesanluis.com\/index.php\/2024\/01\/06\/descontento-del-sector-audiovisual-por-el-uso-de-san-luis-cine-para-gendarmeria\/","og_locale":"es_ES","og_type":"article","og_title":"DESCONTENTO DEL SECTOR AUDIOVISUAL POR EL USO DE SAN LUIS CINE PARA GENDARMER\u00cdA - Apuntes de San Luis","og_description":"Los trabajadores y trabajadoras del Sector Audiovisual de San Luis expresaron su \u201cdescontento ante la...","og_url":"https:\/\/apuntesdesanluis.com\/index.php\/2024\/01\/06\/descontento-del-sector-audiovisual-por-el-uso-de-san-luis-cine-para-gendarmeria\/","og_site_name":"Apuntes de San Luis","article_published_time":"2024-01-06T17:59:54+00:00","article_modified_time":"2024-01-06T18:02:43+00:00","og_image":[{"width":602,"height":386,"url":"https:\/\/apuntesdesanluis.com\/wp-content\/uploads\/2024\/01\/SAN-LUIS-CINE.png","type":"image\/png"}],"author":"apuntesdesanluis.com","twitter_card":"summary_large_image","twitter_misc":{"Escrito por":"apuntesdesanluis.com","Tiempo de lectura":"2 minutos"},"schema":{"@context":"https:\/\/schema.org","@graph":[{"@type":"Article","@id":"https:\/\/apuntesdesanluis.com\/index.php\/2024\/01\/06\/descontento-del-sector-audiovisual-por-el-uso-de-san-luis-cine-para-gendarmeria\/#article","isPartOf":{"@id":"https:\/\/apuntesdesanluis.com\/index.php\/2024\/01\/06\/descontento-del-sector-audiovisual-por-el-uso-de-san-luis-cine-para-gendarmeria\/"},"author":{"name":"apuntesdesanluis.com","@id":"https:\/\/apuntesdesanluis.com\/#\/schema\/person\/b55151d52296fcce64d1a72538a70b90"},"headline":"DESCONTENTO DEL SECTOR AUDIOVISUAL POR EL USO DE SAN LUIS CINE PARA GENDARMER\u00cdA","datePublished":"2024-01-06T17:59:54+00:00","dateModified":"2024-01-06T18:02:43+00:00","mainEntityOfPage":{"@id":"https:\/\/apuntesdesanluis.com\/index.php\/2024\/01\/06\/descontento-del-sector-audiovisual-por-el-uso-de-san-luis-cine-para-gendarmeria\/"},"wordCount":391,"publisher":{"@id":"https:\/\/apuntesdesanluis.com\/#\/schema\/person\/b55151d52296fcce64d1a72538a70b90"},"image":{"@id":"https:\/\/apuntesdesanluis.com\/index.php\/2024\/01\/06\/descontento-del-sector-audiovisual-por-el-uso-de-san-luis-cine-para-gendarmeria\/#primaryimage"},"thumbnailUrl":"https:\/\/apuntesdesanluis.com\/wp-content\/uploads\/2024\/01\/SAN-LUIS-CINE.png","articleSection":["Ciudad\/Provincia"],"inLanguage":"es-AR"},{"@type":"WebPage","@id":"https:\/\/apuntesdesanluis.com\/index.php\/2024\/01\/06\/descontento-del-sector-audiovisual-por-el-uso-de-san-luis-cine-para-gendarmeria\/","url":"https:\/\/apuntesdesanluis.com\/index.php\/2024\/01\/06\/descontento-del-sector-audiovisual-por-el-uso-de-san-luis-cine-para-gendarmeria\/","name":"DESCONTENTO DEL SECTOR AUDIOVISUAL POR EL USO DE SAN LUIS CINE PARA GENDARMER\u00cdA - Apuntes de San Luis","isPartOf":{"@id":"https:\/\/apuntesdesanluis.com\/#website"},"primaryImageOfPage":{"@id":"https:\/\/apuntesdesanluis.com\/index.php\/2024\/01\/06\/descontento-del-sector-audiovisual-por-el-uso-de-san-luis-cine-para-gendarmeria\/#primaryimage"},"image":{"@id":"https:\/\/apuntesdesanluis.com\/index.php\/2024\/01\/06\/descontento-del-sector-audiovisual-por-el-uso-de-san-luis-cine-para-gendarmeria\/#primaryimage"},"thumbnailUrl":"https:\/\/apuntesdesanluis.com\/wp-content\/uploads\/2024\/01\/SAN-LUIS-CINE.png","datePublished":"2024-01-06T17:59:54+00:00","dateModified":"2024-01-06T18:02:43+00:00","breadcrumb":{"@id":"https:\/\/apuntesdesanluis.com\/index.php\/2024\/01\/06\/descontento-del-sector-audiovisual-por-el-uso-de-san-luis-cine-para-gendarmeria\/#breadcrumb"},"inLanguage":"es-AR","potentialAction":[{"@type":"ReadAction","target":["https:\/\/apuntesdesanluis.com\/index.php\/2024\/01\/06\/descontento-del-sector-audiovisual-por-el-uso-de-san-luis-cine-para-gendarmeria\/"]}]},{"@type":"ImageObject","inLanguage":"es-AR","@id":"https:\/\/apuntesdesanluis.com\/index.php\/2024\/01\/06\/descontento-del-sector-audiovisual-por-el-uso-de-san-luis-cine-para-gendarmeria\/#primaryimage","url":"https:\/\/apuntesdesanluis.com\/wp-content\/uploads\/2024\/01\/SAN-LUIS-CINE.png","contentUrl":"https:\/\/apuntesdesanluis.com\/wp-content\/uploads\/2024\/01\/SAN-LUIS-CINE.png","width":602,"height":386},{"@type":"BreadcrumbList","@id":"https:\/\/apuntesdesanluis.com\/index.php\/2024\/01\/06\/descontento-del-sector-audiovisual-por-el-uso-de-san-luis-cine-para-gendarmeria\/#breadcrumb","itemListElement":[{"@type":"ListItem","position":1,"name":"Inicio","item":"https:\/\/apuntesdesanluis.com\/"},{"@type":"ListItem","position":2,"name":"DESCONTENTO DEL SECTOR AUDIOVISUAL POR EL USO DE SAN LUIS CINE PARA GENDARMER\u00cdA"}]},{"@type":"WebSite","@id":"https:\/\/apuntesdesanluis.com\/#website","url":"https:\/\/apuntesdesanluis.com\/","name":"Apuntes de San Luis","description":"","publisher":{"@id":"https:\/\/apuntesdesanluis.com\/#\/schema\/person\/b55151d52296fcce64d1a72538a70b90"},"potentialAction":[{"@type":"SearchAction","target":{"@type":"EntryPoint","urlTemplate":"https:\/\/apuntesdesanluis.com\/?s={search_term_string}"},"query-input":{"@type":"PropertyValueSpecification","valueRequired":true,"valueName":"search_term_string"}}],"inLanguage":"es-AR"},{"@type":["Person","Organization"],"@id":"https:\/\/apuntesdesanluis.com\/#\/schema\/person\/b55151d52296fcce64d1a72538a70b90","name":"apuntesdesanluis.com","image":{"@type":"ImageObject","inLanguage":"es-AR","@id":"https:\/\/apuntesdesanluis.com\/#\/schema\/person\/image\/","url":"https:\/\/apuntesdesanluis.com\/wp-content\/uploads\/2023\/07\/cropped-apuntesdesanluis.png","contentUrl":"https:\/\/apuntesdesanluis.com\/wp-content\/uploads\/2023\/07\/cropped-apuntesdesanluis.png","width":450,"height":112,"caption":"apuntesdesanluis.com"},"logo":{"@id":"https:\/\/apuntesdesanluis.com\/#\/schema\/person\/image\/"},"sameAs":["https:\/\/apuntesdesanluis.com"],"url":"https:\/\/apuntesdesanluis.com\/index.php\/author\/apuntesdesanluis-com\/"}]}},"featured_image_urls":{"full":["https:\/\/apuntesdesanluis.com\/wp-content\/uploads\/2024\/01\/SAN-LUIS-CINE.png",602,386,false],"thumbnail":["https:\/\/apuntesdesanluis.com\/wp-content\/uploads\/2024\/01\/SAN-LUIS-CINE-150x150.png",150,150,true],"medium":["https:\/\/apuntesdesanluis.com\/wp-content\/uploads\/2024\/01\/SAN-LUIS-CINE-300x192.png",300,192,true],"medium_large":["https:\/\/apuntesdesanluis.com\/wp-content\/uploads\/2024\/01\/SAN-LUIS-CINE.png",602,386,false],"large":["https:\/\/apuntesdesanluis.com\/wp-content\/uploads\/2024\/01\/SAN-LUIS-CINE.png",602,386,false],"1536x1536":["https:\/\/apuntesdesanluis.com\/wp-content\/uploads\/2024\/01\/SAN-LUIS-CINE.png",602,386,false],"2048x2048":["https:\/\/apuntesdesanluis.com\/wp-content\/uploads\/2024\/01\/SAN-LUIS-CINE.png",602,386,false],"newsever-slider-full":["https:\/\/apuntesdesanluis.com\/wp-content\/uploads\/2024\/01\/SAN-LUIS-CINE.png",602,386,false],"newsever-featured":["https:\/\/apuntesdesanluis.com\/wp-content\/uploads\/2024\/01\/SAN-LUIS-CINE.png",602,386,false],"newsever-medium":["https:\/\/apuntesdesanluis.com\/wp-content\/uploads\/2024\/01\/SAN-LUIS-CINE.png",602,386,false]},"author_info":{"display_name":"apuntesdesanluis.com","author_link":"https:\/\/apuntesdesanluis.com\/index.php\/author\/apuntesdesanluis-com\/"},"category_info":"<a href=\"https:\/\/apuntesdesanluis.com\/index.php\/category\/ciudad-provincia\/\" rel=\"category tag\">Ciudad\/Provincia<\/a>","tag_info":"Ciudad\/Provincia","comment_count":"0","_links":{"self":[{"href":"https:\/\/apuntesdesanluis.com\/index.php\/wp-json\/wp\/v2\/posts\/9595","targetHints":{"allow":["GET"]}}],"collection":[{"href":"https:\/\/apuntesdesanluis.com\/index.php\/wp-json\/wp\/v2\/posts"}],"about":[{"href":"https:\/\/apuntesdesanluis.com\/index.php\/wp-json\/wp\/v2\/types\/post"}],"author":[{"embeddable":true,"href":"https:\/\/apuntesdesanluis.com\/index.php\/wp-json\/wp\/v2\/users\/1"}],"replies":[{"embeddable":true,"href":"https:\/\/apuntesdesanluis.com\/index.php\/wp-json\/wp\/v2\/comments?post=9595"}],"version-history":[{"count":5,"href":"https:\/\/apuntesdesanluis.com\/index.php\/wp-json\/wp\/v2\/posts\/9595\/revisions"}],"predecessor-version":[{"id":9602,"href":"https:\/\/apuntesdesanluis.com\/index.php\/wp-json\/wp\/v2\/posts\/9595\/revisions\/9602"}],"wp:featuredmedia":[{"embeddable":true,"href":"https:\/\/apuntesdesanluis.com\/index.php\/wp-json\/wp\/v2\/media\/9596"}],"wp:attachment":[{"href":"https:\/\/apuntesdesanluis.com\/index.php\/wp-json\/wp\/v2\/media?parent=9595"}],"wp:term":[{"taxonomy":"category","embeddable":true,"href":"https:\/\/apuntesdesanluis.com\/index.php\/wp-json\/wp\/v2\/categories?post=9595"},{"taxonomy":"post_tag","embeddable":true,"href":"https:\/\/apuntesdesanluis.com\/index.php\/wp-json\/wp\/v2\/tags?post=9595"}],"curies":[{"name":"wp","href":"https:\/\/api.w.org\/{rel}","templated":true}]}}