{"id":9620,"date":"2024-01-06T19:56:48","date_gmt":"2024-01-06T22:56:48","guid":{"rendered":"https:\/\/apuntesdesanluis.com\/?p=9620"},"modified":"2024-01-06T19:59:30","modified_gmt":"2024-01-06T22:59:30","slug":"el-desarme-del-proceso-colectivo-desato-una-lluvia-de-amparos-contra-el-dnu","status":"publish","type":"post","link":"https:\/\/apuntesdesanluis.com\/index.php\/2024\/01\/06\/el-desarme-del-proceso-colectivo-desato-una-lluvia-de-amparos-contra-el-dnu\/","title":{"rendered":"EL DESARME DEL PROCESO COLECTIVO DESAT\u00d3 UNA LLUVIA DE AMPAROS CONTRA EL DNU"},"content":{"rendered":"<h3>La decisi\u00f3n del juez del fuero contencioso administrativo federal <strong>Enrique Lavi\u00e9 Pico<\/strong> de desarmar el proceso colectivo provoc\u00f3 que vuelva a acelerarse la presentaci\u00f3n de recursos judiciales contra el mega Decreto de Necesidad y Urgencia (DNU) 70\/2023 cuya caracter\u00edstica saliente es la desregulaci\u00f3n de la actividad econ\u00f3mica.<\/h3>\n<h3>La mayor cantidad de presentaciones recayeron en el fuero contencioso administrativo federal con asiento en la Ciudad Aut\u00f3noma de Buenos Aires, donde hasta el viernes hab\u00eda m\u00e1s de 40 recursos, seg\u00fan pudo constatar <strong>T\u00e9lam<\/strong> a trav\u00e9s del sistema inform\u00e1tico del Poder Judicial de la Naci\u00f3n.<\/h3>\n<h3>Entre las presentaciones detectadas por esta agencia estaba la de la <strong>Federaci\u00f3n Argentina de Trabajadores de Prensa<\/strong> (Fatpren) y la de la <strong>Federaci\u00f3n Argentina de Empresas de Viajes y Turism<\/strong>o (Faevyt), mientras que la de la <strong>Federaci\u00f3n de Municipios<\/strong> (FAM), que hab\u00eda sido presentada el dos de enero, reci\u00e9n el viernes registr\u00f3 sus primeros movimientos.<\/h3>\n<h3>Otra presentaci\u00f3n que comenz\u00f3 a moverse fue la de la <strong>Asociaci\u00f3n Civil Inquilinos Agrupados<\/strong>, algo que tambi\u00e9n ocurri\u00f3 con el recurso presentado por la <strong>Confederaci\u00f3n Argentina de Deportes<\/strong> (CAD): en todos esos casos se dio vista a la fiscal\u00eda para que opine sobre el pedido de habilitar la feria judicial para tratar los planteos.<\/h3>\n<h3>Por fuera del Contencioso Administrativo federal, los planteos judiciales vinculados a los temas como el de las prepagas comenzaron a multiplicarse en el Fuero Civil y Comercial Federal, a la vez que tambi\u00e9n se dispararon las presentaciones ante los tribunales federales con asiento en distintas jurisdicciones contra el mega DNU, por motivos diversos.<\/h3>\n<h3>Un caso simb\u00f3lico fue el de un juez de primera instancia en lo Contencioso Administrativo de Avellaneda-Lan\u00fas que se present\u00f3 ante la justicia federal en lo Civil y Comercial de Lomas de Zamora para para frenar los efectos del DNU que impact\u00f3 directo en su bolsillo a trav\u00e9s de la suba del valor de la prepaga, seg\u00fan surge de la presentaci\u00f3n.<\/h3>\n<h3>El magistrado <strong>Maximiliano Alberto Ceballos<\/strong> reclam\u00f3 que se declare la inconstitucionalidad del DNU 70\/2023 &#8220;en relaci\u00f3n a los aspectos desregulatorios de las empresas de medicina prepaga y ordene a la empresa Swiss Medical S.A. a actualizar los aranceles del suscripto, conforme a las autorizaciones que le disponga el Ministerio de Salud&#8221;.<\/h3>\n<h3>EL DESARME DEL PROCESO COLECTIVO<\/h3>\n<h3>La multiplicaci\u00f3n de las presentaciones judiciales es uno de los efectos de la decisi\u00f3n del juez Lavi\u00e9 Pico en el expediente iniciado por una presentaci\u00f3n de la Asociaci\u00f3n Civil Observatorio por el Derecho a la Ciudad, donde dispuso desarmar el proceso colectivo hac\u00eda donde el Gobierno nacional pretend\u00eda hacer confluir todas las presentaciones contra el DNU.<\/h3>\n<h3>El juez Lavi\u00e9 Pico resolvi\u00f3 &#8220;declarar la inadmisibilidad formal de la acci\u00f3n como proceso colectivo y comunicarlo al Registro de Procesos Colectivos, a fin de su desvinculaci\u00f3n inmediata y remitir -a las jurisdicciones correspondientes- las actuaciones que hubieran sido vinculadas al presente proceso&#8221;.<\/h3>\n<h3>En ese mismo fallo el magistrado hab\u00eda argumentado que &#8220;no puede dejar de advertirse que dentro de la generalidad de las personas que la Asociaci\u00f3n actora dice representar, podr\u00edan existir personas que no se hayan visto alcanzadas por la normativa atacada, o que el nivel de afectaci\u00f3n resulte diferente en cada situaci\u00f3n&#8221;.<\/h3>\n<h3>&#8220;Ello es as\u00ed, toda vez que la normativa cuestionada modifica leyes que regulan materias muy dis\u00edmiles entre s\u00ed&#8221;, sostuvo el magistrado, que luego enumer\u00f3: Farmacias, Hidrocarburos, Turismo, Energ\u00eda El\u00e9ctrica, C\u00f3digo Civil y Comercial, Registro Automotor, Trabajo, Salud, Comercio Exterior, Reforma del Estado, C\u00f3digo Aeron\u00e1utico, entre otras.<\/h3>\n<h3>Lavi\u00e9 Pico tambi\u00e9n resalt\u00f3 en su fallo que las presentaciones contra el DNU tramitar\u00edan &#8220;en diferentes \u00e1mbitos judiciales, por lo que podr\u00e1, en su caso, examinarse de manera independiente y en relaci\u00f3n a cada materia -en concreto- ante los diferentes tribunales en su competencia espec\u00edfica, ya que las decisiones sobre su aplicaci\u00f3n y\/o validez podr\u00edan ser diferentes en cada supuesto y en cada jurisdicci\u00f3n&#8221;.<\/h3>\n<h3>Fue en ese contexto que la Faevyt difundi\u00f3 el viernes un comunicado en el que inform\u00f3 que hab\u00eda presentado &#8220;un amparo mediante el cual solicita que la justicia declare la inconstitucionalidad del DNU 70\/2023 en el punto en el cual pretende derogar el r\u00e9gimen general de los agentes de viajes (Ley 18.829)&#8221;.<\/h3>\n<h3>&#8220;Es fundamental resaltar que la derogaci\u00f3n del r\u00e9gimen de agentes de viajes impacta directamente sobre los derechos adquiridos por las empresas de viajes y turismo que, cumpliendo con esta ley, brindan seguridad a los pasajeros y estabilidad al sector&#8221;, dijo el presidente de esa entidad, Andr\u00e9s Dey\u00e1, a trav\u00e9s del comunicado.<\/h3>\n<h3>Hasta este fin de semana, el DNU del gobierno de Javier Milei permanec\u00eda vigente en todos sus aspectos, salvo en su cap\u00edtulo laboral: es que la Confederaci\u00f3n General del Trabajo (CGT) y luego la Central de Trabajadores de la Argentina (CTA) consiguieron que la justicia laboral dictara medidas cautelares que suspendieron su aplicaci\u00f3n.<\/h3>\n<h3>Se trata de medidas provisorias que tendr\u00e1n efecto hasta que se analice si las disposiciones laborales incluidas en el DNU, entre las cuales se encorseta el derecho a huelga, son o no constitucionales, seg\u00fan surge de la resoluci\u00f3n de la C\u00e1mara Nacional del Trabajo.<\/h3>\n<h3>Los fallos conocidos esta semana descompaginaron la estrategia del gobierno que buscaba acumular todas las presentaciones en un solo proceso colectivo que tramitara en el fuero contencioso administrativo, lo que hubiera generado una especie de embudo judicial que hubiera demorado cualquier decisi\u00f3n.<\/h3>\n<h3>Tras la habilitaci\u00f3n de feria que el juez Lavi\u00e9 Pico concedi\u00f3 para el planteo del abogado Jorge Rizzo -expresidente del Colegio P\u00fablico de Abogados de la Ciudad de Buenos Aires-, el magistrado solicit\u00f3 el informe de tres d\u00edas h\u00e1biles por la medida cautelar y, por cuerda paralela, notific\u00f3 del plazo de cinco d\u00edas para que las partes respondan por la cuesti\u00f3n de fondo.<\/h3>\n<h3>Por el gobierno, quienes trabajan en la estrategia judicial son el procurador del Tesoro de la Naci\u00f3n, Rodolfo Barra, y el ministro de Justicia, Mariano C\u00faneo Libarona, con sus respectivos equipos de colaboradores, seg\u00fan se\u00f1alaron a T\u00e9lam fuentes del oficialismo.<\/h3>\n<h3>Al principio de la semana, el Gobierno se hab\u00eda apurado a avisar a trav\u00e9s de diversas vocer\u00edas que apelar\u00eda el fallo de la justicia del trabajo que fren\u00f3 el cap\u00edtulo laboral del DNU, pero hacia el viernes el \u00e1nimo cambi\u00f3.<\/h3>\n<h3>&#8220;Est\u00e1 todo a an\u00e1lisis y a estudio. Es importante tener una estrategia integral para llevar adelante el objetivo. Las opciones ya est\u00e1n todos sobre la mesa. Es cuesti\u00f3n de elegir la mejor&#8221;, dijo a T\u00e9lam una fuente que tambi\u00e9n adelant\u00f3 que la palabra final ser\u00e1 la de la Corte Suprema de Justicia.<\/h3>\n","protected":false},"excerpt":{"rendered":"<p>La decisi\u00f3n del juez del fuero contencioso administrativo federal Enrique Lavi\u00e9 Pico de desarmar el&#8230;<\/p>\n","protected":false},"author":1,"featured_media":9621,"comment_status":"closed","ping_status":"closed","sticky":false,"template":"","format":"standard","meta":{"footnotes":""},"categories":[5],"tags":[],"class_list":["post-9620","post","type-post","status-publish","format-standard","has-post-thumbnail","hentry","category-nacionales-internacionales"],"yoast_head":"<!-- This site is optimized with the Yoast SEO plugin v26.1.1 - https:\/\/yoast.com\/wordpress\/plugins\/seo\/ -->\n<title>EL DESARME DEL PROCESO COLECTIVO DESAT\u00d3 UNA LLUVIA DE AMPAROS CONTRA EL DNU - Apuntes de San Luis<\/title>\n<meta name=\"robots\" content=\"index, follow, max-snippet:-1, max-image-preview:large, max-video-preview:-1\" \/>\n<link rel=\"canonical\" href=\"https:\/\/apuntesdesanluis.com\/index.php\/2024\/01\/06\/el-desarme-del-proceso-colectivo-desato-una-lluvia-de-amparos-contra-el-dnu\/\" \/>\n<meta property=\"og:locale\" content=\"es_ES\" \/>\n<meta property=\"og:type\" content=\"article\" \/>\n<meta property=\"og:title\" content=\"EL DESARME DEL PROCESO COLECTIVO DESAT\u00d3 UNA LLUVIA DE AMPAROS CONTRA EL DNU - Apuntes de San Luis\" \/>\n<meta property=\"og:description\" content=\"La decisi\u00f3n del juez del fuero contencioso administrativo federal Enrique Lavi\u00e9 Pico de desarmar el...\" \/>\n<meta property=\"og:url\" content=\"https:\/\/apuntesdesanluis.com\/index.php\/2024\/01\/06\/el-desarme-del-proceso-colectivo-desato-una-lluvia-de-amparos-contra-el-dnu\/\" \/>\n<meta property=\"og:site_name\" content=\"Apuntes de San Luis\" \/>\n<meta property=\"article:published_time\" content=\"2024-01-06T22:56:48+00:00\" \/>\n<meta property=\"article:modified_time\" content=\"2024-01-06T22:59:30+00:00\" \/>\n<meta property=\"og:image\" content=\"https:\/\/apuntesdesanluis.com\/wp-content\/uploads\/2024\/01\/MILEI-Y-GABINETE.jpg\" \/>\n\t<meta property=\"og:image:width\" content=\"600\" \/>\n\t<meta property=\"og:image:height\" content=\"337\" \/>\n\t<meta property=\"og:image:type\" content=\"image\/jpeg\" \/>\n<meta name=\"author\" content=\"apuntesdesanluis.com\" \/>\n<meta name=\"twitter:card\" content=\"summary_large_image\" \/>\n<meta name=\"twitter:label1\" content=\"Escrito por\" \/>\n\t<meta name=\"twitter:data1\" content=\"apuntesdesanluis.com\" \/>\n\t<meta name=\"twitter:label2\" content=\"Tiempo de lectura\" \/>\n\t<meta name=\"twitter:data2\" content=\"5 minutos\" \/>\n<script type=\"application\/ld+json\" class=\"yoast-schema-graph\">{\"@context\":\"https:\/\/schema.org\",\"@graph\":[{\"@type\":\"Article\",\"@id\":\"https:\/\/apuntesdesanluis.com\/index.php\/2024\/01\/06\/el-desarme-del-proceso-colectivo-desato-una-lluvia-de-amparos-contra-el-dnu\/#article\",\"isPartOf\":{\"@id\":\"https:\/\/apuntesdesanluis.com\/index.php\/2024\/01\/06\/el-desarme-del-proceso-colectivo-desato-una-lluvia-de-amparos-contra-el-dnu\/\"},\"author\":{\"name\":\"apuntesdesanluis.com\",\"@id\":\"https:\/\/apuntesdesanluis.com\/#\/schema\/person\/b55151d52296fcce64d1a72538a70b90\"},\"headline\":\"EL DESARME DEL PROCESO COLECTIVO DESAT\u00d3 UNA LLUVIA DE AMPAROS CONTRA EL DNU\",\"datePublished\":\"2024-01-06T22:56:48+00:00\",\"dateModified\":\"2024-01-06T22:59:30+00:00\",\"mainEntityOfPage\":{\"@id\":\"https:\/\/apuntesdesanluis.com\/index.php\/2024\/01\/06\/el-desarme-del-proceso-colectivo-desato-una-lluvia-de-amparos-contra-el-dnu\/\"},\"wordCount\":1171,\"publisher\":{\"@id\":\"https:\/\/apuntesdesanluis.com\/#\/schema\/person\/b55151d52296fcce64d1a72538a70b90\"},\"image\":{\"@id\":\"https:\/\/apuntesdesanluis.com\/index.php\/2024\/01\/06\/el-desarme-del-proceso-colectivo-desato-una-lluvia-de-amparos-contra-el-dnu\/#primaryimage\"},\"thumbnailUrl\":\"https:\/\/apuntesdesanluis.com\/wp-content\/uploads\/2024\/01\/MILEI-Y-GABINETE.jpg\",\"articleSection\":[\"Nacionales\/Internacionales\"],\"inLanguage\":\"es-AR\"},{\"@type\":\"WebPage\",\"@id\":\"https:\/\/apuntesdesanluis.com\/index.php\/2024\/01\/06\/el-desarme-del-proceso-colectivo-desato-una-lluvia-de-amparos-contra-el-dnu\/\",\"url\":\"https:\/\/apuntesdesanluis.com\/index.php\/2024\/01\/06\/el-desarme-del-proceso-colectivo-desato-una-lluvia-de-amparos-contra-el-dnu\/\",\"name\":\"EL DESARME DEL PROCESO COLECTIVO DESAT\u00d3 UNA LLUVIA DE AMPAROS CONTRA EL DNU - Apuntes de San Luis\",\"isPartOf\":{\"@id\":\"https:\/\/apuntesdesanluis.com\/#website\"},\"primaryImageOfPage\":{\"@id\":\"https:\/\/apuntesdesanluis.com\/index.php\/2024\/01\/06\/el-desarme-del-proceso-colectivo-desato-una-lluvia-de-amparos-contra-el-dnu\/#primaryimage\"},\"image\":{\"@id\":\"https:\/\/apuntesdesanluis.com\/index.php\/2024\/01\/06\/el-desarme-del-proceso-colectivo-desato-una-lluvia-de-amparos-contra-el-dnu\/#primaryimage\"},\"thumbnailUrl\":\"https:\/\/apuntesdesanluis.com\/wp-content\/uploads\/2024\/01\/MILEI-Y-GABINETE.jpg\",\"datePublished\":\"2024-01-06T22:56:48+00:00\",\"dateModified\":\"2024-01-06T22:59:30+00:00\",\"breadcrumb\":{\"@id\":\"https:\/\/apuntesdesanluis.com\/index.php\/2024\/01\/06\/el-desarme-del-proceso-colectivo-desato-una-lluvia-de-amparos-contra-el-dnu\/#breadcrumb\"},\"inLanguage\":\"es-AR\",\"potentialAction\":[{\"@type\":\"ReadAction\",\"target\":[\"https:\/\/apuntesdesanluis.com\/index.php\/2024\/01\/06\/el-desarme-del-proceso-colectivo-desato-una-lluvia-de-amparos-contra-el-dnu\/\"]}]},{\"@type\":\"ImageObject\",\"inLanguage\":\"es-AR\",\"@id\":\"https:\/\/apuntesdesanluis.com\/index.php\/2024\/01\/06\/el-desarme-del-proceso-colectivo-desato-una-lluvia-de-amparos-contra-el-dnu\/#primaryimage\",\"url\":\"https:\/\/apuntesdesanluis.com\/wp-content\/uploads\/2024\/01\/MILEI-Y-GABINETE.jpg\",\"contentUrl\":\"https:\/\/apuntesdesanluis.com\/wp-content\/uploads\/2024\/01\/MILEI-Y-GABINETE.jpg\",\"width\":600,\"height\":337},{\"@type\":\"BreadcrumbList\",\"@id\":\"https:\/\/apuntesdesanluis.com\/index.php\/2024\/01\/06\/el-desarme-del-proceso-colectivo-desato-una-lluvia-de-amparos-contra-el-dnu\/#breadcrumb\",\"itemListElement\":[{\"@type\":\"ListItem\",\"position\":1,\"name\":\"Inicio\",\"item\":\"https:\/\/apuntesdesanluis.com\/\"},{\"@type\":\"ListItem\",\"position\":2,\"name\":\"EL DESARME DEL PROCESO COLECTIVO DESAT\u00d3 UNA LLUVIA DE AMPAROS CONTRA EL DNU\"}]},{\"@type\":\"WebSite\",\"@id\":\"https:\/\/apuntesdesanluis.com\/#website\",\"url\":\"https:\/\/apuntesdesanluis.com\/\",\"name\":\"Apuntes de San Luis\",\"description\":\"\",\"publisher\":{\"@id\":\"https:\/\/apuntesdesanluis.com\/#\/schema\/person\/b55151d52296fcce64d1a72538a70b90\"},\"potentialAction\":[{\"@type\":\"SearchAction\",\"target\":{\"@type\":\"EntryPoint\",\"urlTemplate\":\"https:\/\/apuntesdesanluis.com\/?s={search_term_string}\"},\"query-input\":{\"@type\":\"PropertyValueSpecification\",\"valueRequired\":true,\"valueName\":\"search_term_string\"}}],\"inLanguage\":\"es-AR\"},{\"@type\":[\"Person\",\"Organization\"],\"@id\":\"https:\/\/apuntesdesanluis.com\/#\/schema\/person\/b55151d52296fcce64d1a72538a70b90\",\"name\":\"apuntesdesanluis.com\",\"image\":{\"@type\":\"ImageObject\",\"inLanguage\":\"es-AR\",\"@id\":\"https:\/\/apuntesdesanluis.com\/#\/schema\/person\/image\/\",\"url\":\"https:\/\/apuntesdesanluis.com\/wp-content\/uploads\/2023\/07\/cropped-apuntesdesanluis.png\",\"contentUrl\":\"https:\/\/apuntesdesanluis.com\/wp-content\/uploads\/2023\/07\/cropped-apuntesdesanluis.png\",\"width\":450,\"height\":112,\"caption\":\"apuntesdesanluis.com\"},\"logo\":{\"@id\":\"https:\/\/apuntesdesanluis.com\/#\/schema\/person\/image\/\"},\"sameAs\":[\"https:\/\/apuntesdesanluis.com\"],\"url\":\"https:\/\/apuntesdesanluis.com\/index.php\/author\/apuntesdesanluis-com\/\"}]}<\/script>\n<!-- \/ Yoast SEO plugin. -->","yoast_head_json":{"title":"EL DESARME DEL PROCESO COLECTIVO DESAT\u00d3 UNA LLUVIA DE AMPAROS CONTRA EL DNU - Apuntes de San Luis","robots":{"index":"index","follow":"follow","max-snippet":"max-snippet:-1","max-image-preview":"max-image-preview:large","max-video-preview":"max-video-preview:-1"},"canonical":"https:\/\/apuntesdesanluis.com\/index.php\/2024\/01\/06\/el-desarme-del-proceso-colectivo-desato-una-lluvia-de-amparos-contra-el-dnu\/","og_locale":"es_ES","og_type":"article","og_title":"EL DESARME DEL PROCESO COLECTIVO DESAT\u00d3 UNA LLUVIA DE AMPAROS CONTRA EL DNU - Apuntes de San Luis","og_description":"La decisi\u00f3n del juez del fuero contencioso administrativo federal Enrique Lavi\u00e9 Pico de desarmar el...","og_url":"https:\/\/apuntesdesanluis.com\/index.php\/2024\/01\/06\/el-desarme-del-proceso-colectivo-desato-una-lluvia-de-amparos-contra-el-dnu\/","og_site_name":"Apuntes de San Luis","article_published_time":"2024-01-06T22:56:48+00:00","article_modified_time":"2024-01-06T22:59:30+00:00","og_image":[{"width":600,"height":337,"url":"https:\/\/apuntesdesanluis.com\/wp-content\/uploads\/2024\/01\/MILEI-Y-GABINETE.jpg","type":"image\/jpeg"}],"author":"apuntesdesanluis.com","twitter_card":"summary_large_image","twitter_misc":{"Escrito por":"apuntesdesanluis.com","Tiempo de lectura":"5 minutos"},"schema":{"@context":"https:\/\/schema.org","@graph":[{"@type":"Article","@id":"https:\/\/apuntesdesanluis.com\/index.php\/2024\/01\/06\/el-desarme-del-proceso-colectivo-desato-una-lluvia-de-amparos-contra-el-dnu\/#article","isPartOf":{"@id":"https:\/\/apuntesdesanluis.com\/index.php\/2024\/01\/06\/el-desarme-del-proceso-colectivo-desato-una-lluvia-de-amparos-contra-el-dnu\/"},"author":{"name":"apuntesdesanluis.com","@id":"https:\/\/apuntesdesanluis.com\/#\/schema\/person\/b55151d52296fcce64d1a72538a70b90"},"headline":"EL DESARME DEL PROCESO COLECTIVO DESAT\u00d3 UNA LLUVIA DE AMPAROS CONTRA EL DNU","datePublished":"2024-01-06T22:56:48+00:00","dateModified":"2024-01-06T22:59:30+00:00","mainEntityOfPage":{"@id":"https:\/\/apuntesdesanluis.com\/index.php\/2024\/01\/06\/el-desarme-del-proceso-colectivo-desato-una-lluvia-de-amparos-contra-el-dnu\/"},"wordCount":1171,"publisher":{"@id":"https:\/\/apuntesdesanluis.com\/#\/schema\/person\/b55151d52296fcce64d1a72538a70b90"},"image":{"@id":"https:\/\/apuntesdesanluis.com\/index.php\/2024\/01\/06\/el-desarme-del-proceso-colectivo-desato-una-lluvia-de-amparos-contra-el-dnu\/#primaryimage"},"thumbnailUrl":"https:\/\/apuntesdesanluis.com\/wp-content\/uploads\/2024\/01\/MILEI-Y-GABINETE.jpg","articleSection":["Nacionales\/Internacionales"],"inLanguage":"es-AR"},{"@type":"WebPage","@id":"https:\/\/apuntesdesanluis.com\/index.php\/2024\/01\/06\/el-desarme-del-proceso-colectivo-desato-una-lluvia-de-amparos-contra-el-dnu\/","url":"https:\/\/apuntesdesanluis.com\/index.php\/2024\/01\/06\/el-desarme-del-proceso-colectivo-desato-una-lluvia-de-amparos-contra-el-dnu\/","name":"EL DESARME DEL PROCESO COLECTIVO DESAT\u00d3 UNA LLUVIA DE AMPAROS CONTRA EL DNU - Apuntes de San Luis","isPartOf":{"@id":"https:\/\/apuntesdesanluis.com\/#website"},"primaryImageOfPage":{"@id":"https:\/\/apuntesdesanluis.com\/index.php\/2024\/01\/06\/el-desarme-del-proceso-colectivo-desato-una-lluvia-de-amparos-contra-el-dnu\/#primaryimage"},"image":{"@id":"https:\/\/apuntesdesanluis.com\/index.php\/2024\/01\/06\/el-desarme-del-proceso-colectivo-desato-una-lluvia-de-amparos-contra-el-dnu\/#primaryimage"},"thumbnailUrl":"https:\/\/apuntesdesanluis.com\/wp-content\/uploads\/2024\/01\/MILEI-Y-GABINETE.jpg","datePublished":"2024-01-06T22:56:48+00:00","dateModified":"2024-01-06T22:59:30+00:00","breadcrumb":{"@id":"https:\/\/apuntesdesanluis.com\/index.php\/2024\/01\/06\/el-desarme-del-proceso-colectivo-desato-una-lluvia-de-amparos-contra-el-dnu\/#breadcrumb"},"inLanguage":"es-AR","potentialAction":[{"@type":"ReadAction","target":["https:\/\/apuntesdesanluis.com\/index.php\/2024\/01\/06\/el-desarme-del-proceso-colectivo-desato-una-lluvia-de-amparos-contra-el-dnu\/"]}]},{"@type":"ImageObject","inLanguage":"es-AR","@id":"https:\/\/apuntesdesanluis.com\/index.php\/2024\/01\/06\/el-desarme-del-proceso-colectivo-desato-una-lluvia-de-amparos-contra-el-dnu\/#primaryimage","url":"https:\/\/apuntesdesanluis.com\/wp-content\/uploads\/2024\/01\/MILEI-Y-GABINETE.jpg","contentUrl":"https:\/\/apuntesdesanluis.com\/wp-content\/uploads\/2024\/01\/MILEI-Y-GABINETE.jpg","width":600,"height":337},{"@type":"BreadcrumbList","@id":"https:\/\/apuntesdesanluis.com\/index.php\/2024\/01\/06\/el-desarme-del-proceso-colectivo-desato-una-lluvia-de-amparos-contra-el-dnu\/#breadcrumb","itemListElement":[{"@type":"ListItem","position":1,"name":"Inicio","item":"https:\/\/apuntesdesanluis.com\/"},{"@type":"ListItem","position":2,"name":"EL DESARME DEL PROCESO COLECTIVO DESAT\u00d3 UNA LLUVIA DE AMPAROS CONTRA EL DNU"}]},{"@type":"WebSite","@id":"https:\/\/apuntesdesanluis.com\/#website","url":"https:\/\/apuntesdesanluis.com\/","name":"Apuntes de San Luis","description":"","publisher":{"@id":"https:\/\/apuntesdesanluis.com\/#\/schema\/person\/b55151d52296fcce64d1a72538a70b90"},"potentialAction":[{"@type":"SearchAction","target":{"@type":"EntryPoint","urlTemplate":"https:\/\/apuntesdesanluis.com\/?s={search_term_string}"},"query-input":{"@type":"PropertyValueSpecification","valueRequired":true,"valueName":"search_term_string"}}],"inLanguage":"es-AR"},{"@type":["Person","Organization"],"@id":"https:\/\/apuntesdesanluis.com\/#\/schema\/person\/b55151d52296fcce64d1a72538a70b90","name":"apuntesdesanluis.com","image":{"@type":"ImageObject","inLanguage":"es-AR","@id":"https:\/\/apuntesdesanluis.com\/#\/schema\/person\/image\/","url":"https:\/\/apuntesdesanluis.com\/wp-content\/uploads\/2023\/07\/cropped-apuntesdesanluis.png","contentUrl":"https:\/\/apuntesdesanluis.com\/wp-content\/uploads\/2023\/07\/cropped-apuntesdesanluis.png","width":450,"height":112,"caption":"apuntesdesanluis.com"},"logo":{"@id":"https:\/\/apuntesdesanluis.com\/#\/schema\/person\/image\/"},"sameAs":["https:\/\/apuntesdesanluis.com"],"url":"https:\/\/apuntesdesanluis.com\/index.php\/author\/apuntesdesanluis-com\/"}]}},"featured_image_urls":{"full":["https:\/\/apuntesdesanluis.com\/wp-content\/uploads\/2024\/01\/MILEI-Y-GABINETE.jpg",600,337,false],"thumbnail":["https:\/\/apuntesdesanluis.com\/wp-content\/uploads\/2024\/01\/MILEI-Y-GABINETE-150x150.jpg",150,150,true],"medium":["https:\/\/apuntesdesanluis.com\/wp-content\/uploads\/2024\/01\/MILEI-Y-GABINETE-300x169.jpg",300,169,true],"medium_large":["https:\/\/apuntesdesanluis.com\/wp-content\/uploads\/2024\/01\/MILEI-Y-GABINETE.jpg",600,337,false],"large":["https:\/\/apuntesdesanluis.com\/wp-content\/uploads\/2024\/01\/MILEI-Y-GABINETE.jpg",600,337,false],"1536x1536":["https:\/\/apuntesdesanluis.com\/wp-content\/uploads\/2024\/01\/MILEI-Y-GABINETE.jpg",600,337,false],"2048x2048":["https:\/\/apuntesdesanluis.com\/wp-content\/uploads\/2024\/01\/MILEI-Y-GABINETE.jpg",600,337,false],"newsever-slider-full":["https:\/\/apuntesdesanluis.com\/wp-content\/uploads\/2024\/01\/MILEI-Y-GABINETE.jpg",600,337,false],"newsever-featured":["https:\/\/apuntesdesanluis.com\/wp-content\/uploads\/2024\/01\/MILEI-Y-GABINETE.jpg",600,337,false],"newsever-medium":["https:\/\/apuntesdesanluis.com\/wp-content\/uploads\/2024\/01\/MILEI-Y-GABINETE.jpg",600,337,false]},"author_info":{"display_name":"apuntesdesanluis.com","author_link":"https:\/\/apuntesdesanluis.com\/index.php\/author\/apuntesdesanluis-com\/"},"category_info":"<a href=\"https:\/\/apuntesdesanluis.com\/index.php\/category\/nacionales-internacionales\/\" rel=\"category tag\">Nacionales\/Internacionales<\/a>","tag_info":"Nacionales\/Internacionales","comment_count":"0","_links":{"self":[{"href":"https:\/\/apuntesdesanluis.com\/index.php\/wp-json\/wp\/v2\/posts\/9620","targetHints":{"allow":["GET"]}}],"collection":[{"href":"https:\/\/apuntesdesanluis.com\/index.php\/wp-json\/wp\/v2\/posts"}],"about":[{"href":"https:\/\/apuntesdesanluis.com\/index.php\/wp-json\/wp\/v2\/types\/post"}],"author":[{"embeddable":true,"href":"https:\/\/apuntesdesanluis.com\/index.php\/wp-json\/wp\/v2\/users\/1"}],"replies":[{"embeddable":true,"href":"https:\/\/apuntesdesanluis.com\/index.php\/wp-json\/wp\/v2\/comments?post=9620"}],"version-history":[{"count":3,"href":"https:\/\/apuntesdesanluis.com\/index.php\/wp-json\/wp\/v2\/posts\/9620\/revisions"}],"predecessor-version":[{"id":9624,"href":"https:\/\/apuntesdesanluis.com\/index.php\/wp-json\/wp\/v2\/posts\/9620\/revisions\/9624"}],"wp:featuredmedia":[{"embeddable":true,"href":"https:\/\/apuntesdesanluis.com\/index.php\/wp-json\/wp\/v2\/media\/9621"}],"wp:attachment":[{"href":"https:\/\/apuntesdesanluis.com\/index.php\/wp-json\/wp\/v2\/media?parent=9620"}],"wp:term":[{"taxonomy":"category","embeddable":true,"href":"https:\/\/apuntesdesanluis.com\/index.php\/wp-json\/wp\/v2\/categories?post=9620"},{"taxonomy":"post_tag","embeddable":true,"href":"https:\/\/apuntesdesanluis.com\/index.php\/wp-json\/wp\/v2\/tags?post=9620"}],"curies":[{"name":"wp","href":"https:\/\/api.w.org\/{rel}","templated":true}]}}