{"id":9649,"date":"2024-01-07T11:26:40","date_gmt":"2024-01-07T14:26:40","guid":{"rendered":"https:\/\/apuntesdesanluis.com\/?p=9649"},"modified":"2024-01-07T11:34:29","modified_gmt":"2024-01-07T14:34:29","slug":"impactantes-imagenes-de-la-caida-del-rayo-que-hirio-a-un-joven","status":"publish","type":"post","link":"https:\/\/apuntesdesanluis.com\/index.php\/2024\/01\/07\/impactantes-imagenes-de-la-caida-del-rayo-que-hirio-a-un-joven\/","title":{"rendered":"IMPACTANTES IM\u00c1GENES DE LA CAIDA DEL RAYO QUE HIRI\u00d3 A UN JOVEN"},"content":{"rendered":"<h3>A trav\u00e9s de sus redes sociales, <strong>Radio La Red Villa Mercedes<\/strong> dio a conocer im\u00e1genes ciertamente impactantes del preciso instante en que un rayo cae sobre un joven y lo deja tendido en el piso.<\/h3>\n<h3>Corresponde a lo ocurrido en horas de la madrugada del s\u00e1bado, cuando un grupo de personas se encontraban en la v\u00eda p\u00fablica, en avenida 25 de Mayo al 1860, en momentos en que se desarrollaba la tormenta en Villa Mercedes.<\/h3>\n<p><a href=\"https:\/\/www.instagram.com\/reel\/C1zR80HOXEs\/?igsh=MXUwdnJyd2dwZnNt\" target=\"_blank\" rel=\"noopener\"><img fetchpriority=\"high\" decoding=\"async\" class=\"wp-image-9652 aligncenter\" src=\"https:\/\/apuntesdesanluis.com\/wp-content\/uploads\/2024\/01\/instagram-300x170.png\" alt=\"\" width=\"685\" height=\"388\" srcset=\"https:\/\/apuntesdesanluis.com\/wp-content\/uploads\/2024\/01\/instagram-300x170.png 300w, https:\/\/apuntesdesanluis.com\/wp-content\/uploads\/2024\/01\/instagram.png 655w\" sizes=\"(max-width: 685px) 100vw, 685px\" \/><\/a><\/p>\n<h3>Seg\u00fan la c\u00e1mara que registr\u00f3 los hechos, eran las 03:20. Luego de producirse el fen\u00f3meno, los amigos salen todos corriendo ganados por el p\u00e1nico. Lo sugestivo es el tiempo transcurrido hasta que el joven fue llevado al hospital Ver\u00f3nica Bailone, dado que el nosocomio inform\u00f3 que fue a las 05:45, es decir dos horas y media m\u00e1s tarde.<\/h3>\n<h3>El s\u00e1bado poco despu\u00e9s de las 11:00 se inform\u00f3 que producto de la descarga el\u00e9ctrica sufri\u00f3 quemadura de tipo A y tipo AB del 20% de la superficie corporal en la zona del abdomen y muslo izquierdo y permanec\u00eda en terapia intensiva.<\/h3>\n<h3>Por su parte <strong>Radio La Bomba<\/strong> mostr\u00f3 una imagen de la v\u00edctima, <strong>Gabriel Ber\u00f3n,<\/strong> a quien se lo ve sonriendo en la habitaci\u00f3n donde est\u00e1 internado, informando que el mismo logr\u00f3 reaccionar, habl\u00f3 con su familia y &#8220;hasta pidi\u00f3 de comer&#8221;.<\/h3>\n<p><img decoding=\"async\" class=\"wp-image-9651 aligncenter\" src=\"https:\/\/apuntesdesanluis.com\/wp-content\/uploads\/2024\/01\/beron-300x251.png\" alt=\"\" width=\"660\" height=\"552\" srcset=\"https:\/\/apuntesdesanluis.com\/wp-content\/uploads\/2024\/01\/beron-300x251.png 300w, https:\/\/apuntesdesanluis.com\/wp-content\/uploads\/2024\/01\/beron.png 495w\" sizes=\"(max-width: 660px) 100vw, 660px\" \/><\/p>\n<div class=\"x11i5rnm xat24cr x1mh8g0r x1vvkbs xtlvy1s x126k92a\">\n<h3 dir=\"auto\">Especulan que una cadena de acero quir\u00fargico que llevaba puesta el joven podr\u00eda haber sido la causal del incidente.<\/h3>\n<h3 dir=\"auto\">De continuar evolucionando, podr\u00eda pasar a sala com\u00fan hasta su recuperaci\u00f3n total.<\/h3>\n<\/div>\n<p>&nbsp;<\/p>\n<p>&nbsp;<\/p>\n<p>&nbsp;<\/p>\n<h3><\/h3>\n<h3><\/h3>\n","protected":false},"excerpt":{"rendered":"<p>A trav\u00e9s de sus redes sociales, Radio La Red Villa Mercedes dio a conocer im\u00e1genes&#8230;<\/p>\n","protected":false},"author":1,"featured_media":9650,"comment_status":"closed","ping_status":"closed","sticky":false,"template":"","format":"standard","meta":{"footnotes":""},"categories":[6],"tags":[],"class_list":["post-9649","post","type-post","status-publish","format-standard","has-post-thumbnail","hentry","category-ciudad-provincia"],"yoast_head":"<!-- This site is optimized with the Yoast SEO plugin v26.1.1 - https:\/\/yoast.com\/wordpress\/plugins\/seo\/ -->\n<title>IMPACTANTES IM\u00c1GENES DE LA CAIDA DEL RAYO QUE HIRI\u00d3 A UN JOVEN - Apuntes de San Luis<\/title>\n<meta name=\"robots\" content=\"index, follow, max-snippet:-1, max-image-preview:large, max-video-preview:-1\" \/>\n<link rel=\"canonical\" href=\"https:\/\/apuntesdesanluis.com\/index.php\/2024\/01\/07\/impactantes-imagenes-de-la-caida-del-rayo-que-hirio-a-un-joven\/\" \/>\n<meta property=\"og:locale\" content=\"es_ES\" \/>\n<meta property=\"og:type\" content=\"article\" \/>\n<meta property=\"og:title\" content=\"IMPACTANTES IM\u00c1GENES DE LA CAIDA DEL RAYO QUE HIRI\u00d3 A UN JOVEN - Apuntes de San Luis\" \/>\n<meta property=\"og:description\" content=\"A trav\u00e9s de sus redes sociales, Radio La Red Villa Mercedes dio a conocer im\u00e1genes...\" \/>\n<meta property=\"og:url\" content=\"https:\/\/apuntesdesanluis.com\/index.php\/2024\/01\/07\/impactantes-imagenes-de-la-caida-del-rayo-que-hirio-a-un-joven\/\" \/>\n<meta property=\"og:site_name\" content=\"Apuntes de San Luis\" \/>\n<meta property=\"article:published_time\" content=\"2024-01-07T14:26:40+00:00\" \/>\n<meta property=\"article:modified_time\" content=\"2024-01-07T14:34:29+00:00\" \/>\n<meta property=\"og:image\" content=\"https:\/\/apuntesdesanluis.com\/wp-content\/uploads\/2024\/01\/chicos.png\" \/>\n\t<meta property=\"og:image:width\" content=\"490\" \/>\n\t<meta property=\"og:image:height\" content=\"264\" \/>\n\t<meta property=\"og:image:type\" content=\"image\/png\" \/>\n<meta name=\"author\" content=\"apuntesdesanluis.com\" \/>\n<meta name=\"twitter:card\" content=\"summary_large_image\" \/>\n<meta name=\"twitter:label1\" content=\"Escrito por\" \/>\n\t<meta name=\"twitter:data1\" content=\"apuntesdesanluis.com\" \/>\n\t<meta name=\"twitter:label2\" content=\"Tiempo de lectura\" \/>\n\t<meta name=\"twitter:data2\" content=\"2 minutos\" \/>\n<script type=\"application\/ld+json\" class=\"yoast-schema-graph\">{\"@context\":\"https:\/\/schema.org\",\"@graph\":[{\"@type\":\"Article\",\"@id\":\"https:\/\/apuntesdesanluis.com\/index.php\/2024\/01\/07\/impactantes-imagenes-de-la-caida-del-rayo-que-hirio-a-un-joven\/#article\",\"isPartOf\":{\"@id\":\"https:\/\/apuntesdesanluis.com\/index.php\/2024\/01\/07\/impactantes-imagenes-de-la-caida-del-rayo-que-hirio-a-un-joven\/\"},\"author\":{\"name\":\"apuntesdesanluis.com\",\"@id\":\"https:\/\/apuntesdesanluis.com\/#\/schema\/person\/b55151d52296fcce64d1a72538a70b90\"},\"headline\":\"IMPACTANTES IM\u00c1GENES DE LA CAIDA DEL RAYO QUE HIRI\u00d3 A UN JOVEN\",\"datePublished\":\"2024-01-07T14:26:40+00:00\",\"dateModified\":\"2024-01-07T14:34:29+00:00\",\"mainEntityOfPage\":{\"@id\":\"https:\/\/apuntesdesanluis.com\/index.php\/2024\/01\/07\/impactantes-imagenes-de-la-caida-del-rayo-que-hirio-a-un-joven\/\"},\"wordCount\":280,\"publisher\":{\"@id\":\"https:\/\/apuntesdesanluis.com\/#\/schema\/person\/b55151d52296fcce64d1a72538a70b90\"},\"image\":{\"@id\":\"https:\/\/apuntesdesanluis.com\/index.php\/2024\/01\/07\/impactantes-imagenes-de-la-caida-del-rayo-que-hirio-a-un-joven\/#primaryimage\"},\"thumbnailUrl\":\"https:\/\/apuntesdesanluis.com\/wp-content\/uploads\/2024\/01\/chicos.png\",\"articleSection\":[\"Ciudad\/Provincia\"],\"inLanguage\":\"es-AR\"},{\"@type\":\"WebPage\",\"@id\":\"https:\/\/apuntesdesanluis.com\/index.php\/2024\/01\/07\/impactantes-imagenes-de-la-caida-del-rayo-que-hirio-a-un-joven\/\",\"url\":\"https:\/\/apuntesdesanluis.com\/index.php\/2024\/01\/07\/impactantes-imagenes-de-la-caida-del-rayo-que-hirio-a-un-joven\/\",\"name\":\"IMPACTANTES IM\u00c1GENES DE LA CAIDA DEL RAYO QUE HIRI\u00d3 A UN JOVEN - Apuntes de San Luis\",\"isPartOf\":{\"@id\":\"https:\/\/apuntesdesanluis.com\/#website\"},\"primaryImageOfPage\":{\"@id\":\"https:\/\/apuntesdesanluis.com\/index.php\/2024\/01\/07\/impactantes-imagenes-de-la-caida-del-rayo-que-hirio-a-un-joven\/#primaryimage\"},\"image\":{\"@id\":\"https:\/\/apuntesdesanluis.com\/index.php\/2024\/01\/07\/impactantes-imagenes-de-la-caida-del-rayo-que-hirio-a-un-joven\/#primaryimage\"},\"thumbnailUrl\":\"https:\/\/apuntesdesanluis.com\/wp-content\/uploads\/2024\/01\/chicos.png\",\"datePublished\":\"2024-01-07T14:26:40+00:00\",\"dateModified\":\"2024-01-07T14:34:29+00:00\",\"breadcrumb\":{\"@id\":\"https:\/\/apuntesdesanluis.com\/index.php\/2024\/01\/07\/impactantes-imagenes-de-la-caida-del-rayo-que-hirio-a-un-joven\/#breadcrumb\"},\"inLanguage\":\"es-AR\",\"potentialAction\":[{\"@type\":\"ReadAction\",\"target\":[\"https:\/\/apuntesdesanluis.com\/index.php\/2024\/01\/07\/impactantes-imagenes-de-la-caida-del-rayo-que-hirio-a-un-joven\/\"]}]},{\"@type\":\"ImageObject\",\"inLanguage\":\"es-AR\",\"@id\":\"https:\/\/apuntesdesanluis.com\/index.php\/2024\/01\/07\/impactantes-imagenes-de-la-caida-del-rayo-que-hirio-a-un-joven\/#primaryimage\",\"url\":\"https:\/\/apuntesdesanluis.com\/wp-content\/uploads\/2024\/01\/chicos.png\",\"contentUrl\":\"https:\/\/apuntesdesanluis.com\/wp-content\/uploads\/2024\/01\/chicos.png\",\"width\":490,\"height\":264},{\"@type\":\"BreadcrumbList\",\"@id\":\"https:\/\/apuntesdesanluis.com\/index.php\/2024\/01\/07\/impactantes-imagenes-de-la-caida-del-rayo-que-hirio-a-un-joven\/#breadcrumb\",\"itemListElement\":[{\"@type\":\"ListItem\",\"position\":1,\"name\":\"Inicio\",\"item\":\"https:\/\/apuntesdesanluis.com\/\"},{\"@type\":\"ListItem\",\"position\":2,\"name\":\"IMPACTANTES IM\u00c1GENES DE LA CAIDA DEL RAYO QUE HIRI\u00d3 A UN JOVEN\"}]},{\"@type\":\"WebSite\",\"@id\":\"https:\/\/apuntesdesanluis.com\/#website\",\"url\":\"https:\/\/apuntesdesanluis.com\/\",\"name\":\"Apuntes de San Luis\",\"description\":\"\",\"publisher\":{\"@id\":\"https:\/\/apuntesdesanluis.com\/#\/schema\/person\/b55151d52296fcce64d1a72538a70b90\"},\"potentialAction\":[{\"@type\":\"SearchAction\",\"target\":{\"@type\":\"EntryPoint\",\"urlTemplate\":\"https:\/\/apuntesdesanluis.com\/?s={search_term_string}\"},\"query-input\":{\"@type\":\"PropertyValueSpecification\",\"valueRequired\":true,\"valueName\":\"search_term_string\"}}],\"inLanguage\":\"es-AR\"},{\"@type\":[\"Person\",\"Organization\"],\"@id\":\"https:\/\/apuntesdesanluis.com\/#\/schema\/person\/b55151d52296fcce64d1a72538a70b90\",\"name\":\"apuntesdesanluis.com\",\"image\":{\"@type\":\"ImageObject\",\"inLanguage\":\"es-AR\",\"@id\":\"https:\/\/apuntesdesanluis.com\/#\/schema\/person\/image\/\",\"url\":\"https:\/\/apuntesdesanluis.com\/wp-content\/uploads\/2023\/07\/cropped-apuntesdesanluis.png\",\"contentUrl\":\"https:\/\/apuntesdesanluis.com\/wp-content\/uploads\/2023\/07\/cropped-apuntesdesanluis.png\",\"width\":450,\"height\":112,\"caption\":\"apuntesdesanluis.com\"},\"logo\":{\"@id\":\"https:\/\/apuntesdesanluis.com\/#\/schema\/person\/image\/\"},\"sameAs\":[\"https:\/\/apuntesdesanluis.com\"],\"url\":\"https:\/\/apuntesdesanluis.com\/index.php\/author\/apuntesdesanluis-com\/\"}]}<\/script>\n<!-- \/ Yoast SEO plugin. -->","yoast_head_json":{"title":"IMPACTANTES IM\u00c1GENES DE LA CAIDA DEL RAYO QUE HIRI\u00d3 A UN JOVEN - Apuntes de San Luis","robots":{"index":"index","follow":"follow","max-snippet":"max-snippet:-1","max-image-preview":"max-image-preview:large","max-video-preview":"max-video-preview:-1"},"canonical":"https:\/\/apuntesdesanluis.com\/index.php\/2024\/01\/07\/impactantes-imagenes-de-la-caida-del-rayo-que-hirio-a-un-joven\/","og_locale":"es_ES","og_type":"article","og_title":"IMPACTANTES IM\u00c1GENES DE LA CAIDA DEL RAYO QUE HIRI\u00d3 A UN JOVEN - Apuntes de San Luis","og_description":"A trav\u00e9s de sus redes sociales, Radio La Red Villa Mercedes dio a conocer im\u00e1genes...","og_url":"https:\/\/apuntesdesanluis.com\/index.php\/2024\/01\/07\/impactantes-imagenes-de-la-caida-del-rayo-que-hirio-a-un-joven\/","og_site_name":"Apuntes de San Luis","article_published_time":"2024-01-07T14:26:40+00:00","article_modified_time":"2024-01-07T14:34:29+00:00","og_image":[{"width":490,"height":264,"url":"https:\/\/apuntesdesanluis.com\/wp-content\/uploads\/2024\/01\/chicos.png","type":"image\/png"}],"author":"apuntesdesanluis.com","twitter_card":"summary_large_image","twitter_misc":{"Escrito por":"apuntesdesanluis.com","Tiempo de lectura":"2 minutos"},"schema":{"@context":"https:\/\/schema.org","@graph":[{"@type":"Article","@id":"https:\/\/apuntesdesanluis.com\/index.php\/2024\/01\/07\/impactantes-imagenes-de-la-caida-del-rayo-que-hirio-a-un-joven\/#article","isPartOf":{"@id":"https:\/\/apuntesdesanluis.com\/index.php\/2024\/01\/07\/impactantes-imagenes-de-la-caida-del-rayo-que-hirio-a-un-joven\/"},"author":{"name":"apuntesdesanluis.com","@id":"https:\/\/apuntesdesanluis.com\/#\/schema\/person\/b55151d52296fcce64d1a72538a70b90"},"headline":"IMPACTANTES IM\u00c1GENES DE LA CAIDA DEL RAYO QUE HIRI\u00d3 A UN JOVEN","datePublished":"2024-01-07T14:26:40+00:00","dateModified":"2024-01-07T14:34:29+00:00","mainEntityOfPage":{"@id":"https:\/\/apuntesdesanluis.com\/index.php\/2024\/01\/07\/impactantes-imagenes-de-la-caida-del-rayo-que-hirio-a-un-joven\/"},"wordCount":280,"publisher":{"@id":"https:\/\/apuntesdesanluis.com\/#\/schema\/person\/b55151d52296fcce64d1a72538a70b90"},"image":{"@id":"https:\/\/apuntesdesanluis.com\/index.php\/2024\/01\/07\/impactantes-imagenes-de-la-caida-del-rayo-que-hirio-a-un-joven\/#primaryimage"},"thumbnailUrl":"https:\/\/apuntesdesanluis.com\/wp-content\/uploads\/2024\/01\/chicos.png","articleSection":["Ciudad\/Provincia"],"inLanguage":"es-AR"},{"@type":"WebPage","@id":"https:\/\/apuntesdesanluis.com\/index.php\/2024\/01\/07\/impactantes-imagenes-de-la-caida-del-rayo-que-hirio-a-un-joven\/","url":"https:\/\/apuntesdesanluis.com\/index.php\/2024\/01\/07\/impactantes-imagenes-de-la-caida-del-rayo-que-hirio-a-un-joven\/","name":"IMPACTANTES IM\u00c1GENES DE LA CAIDA DEL RAYO QUE HIRI\u00d3 A UN JOVEN - Apuntes de San Luis","isPartOf":{"@id":"https:\/\/apuntesdesanluis.com\/#website"},"primaryImageOfPage":{"@id":"https:\/\/apuntesdesanluis.com\/index.php\/2024\/01\/07\/impactantes-imagenes-de-la-caida-del-rayo-que-hirio-a-un-joven\/#primaryimage"},"image":{"@id":"https:\/\/apuntesdesanluis.com\/index.php\/2024\/01\/07\/impactantes-imagenes-de-la-caida-del-rayo-que-hirio-a-un-joven\/#primaryimage"},"thumbnailUrl":"https:\/\/apuntesdesanluis.com\/wp-content\/uploads\/2024\/01\/chicos.png","datePublished":"2024-01-07T14:26:40+00:00","dateModified":"2024-01-07T14:34:29+00:00","breadcrumb":{"@id":"https:\/\/apuntesdesanluis.com\/index.php\/2024\/01\/07\/impactantes-imagenes-de-la-caida-del-rayo-que-hirio-a-un-joven\/#breadcrumb"},"inLanguage":"es-AR","potentialAction":[{"@type":"ReadAction","target":["https:\/\/apuntesdesanluis.com\/index.php\/2024\/01\/07\/impactantes-imagenes-de-la-caida-del-rayo-que-hirio-a-un-joven\/"]}]},{"@type":"ImageObject","inLanguage":"es-AR","@id":"https:\/\/apuntesdesanluis.com\/index.php\/2024\/01\/07\/impactantes-imagenes-de-la-caida-del-rayo-que-hirio-a-un-joven\/#primaryimage","url":"https:\/\/apuntesdesanluis.com\/wp-content\/uploads\/2024\/01\/chicos.png","contentUrl":"https:\/\/apuntesdesanluis.com\/wp-content\/uploads\/2024\/01\/chicos.png","width":490,"height":264},{"@type":"BreadcrumbList","@id":"https:\/\/apuntesdesanluis.com\/index.php\/2024\/01\/07\/impactantes-imagenes-de-la-caida-del-rayo-que-hirio-a-un-joven\/#breadcrumb","itemListElement":[{"@type":"ListItem","position":1,"name":"Inicio","item":"https:\/\/apuntesdesanluis.com\/"},{"@type":"ListItem","position":2,"name":"IMPACTANTES IM\u00c1GENES DE LA CAIDA DEL RAYO QUE HIRI\u00d3 A UN JOVEN"}]},{"@type":"WebSite","@id":"https:\/\/apuntesdesanluis.com\/#website","url":"https:\/\/apuntesdesanluis.com\/","name":"Apuntes de San Luis","description":"","publisher":{"@id":"https:\/\/apuntesdesanluis.com\/#\/schema\/person\/b55151d52296fcce64d1a72538a70b90"},"potentialAction":[{"@type":"SearchAction","target":{"@type":"EntryPoint","urlTemplate":"https:\/\/apuntesdesanluis.com\/?s={search_term_string}"},"query-input":{"@type":"PropertyValueSpecification","valueRequired":true,"valueName":"search_term_string"}}],"inLanguage":"es-AR"},{"@type":["Person","Organization"],"@id":"https:\/\/apuntesdesanluis.com\/#\/schema\/person\/b55151d52296fcce64d1a72538a70b90","name":"apuntesdesanluis.com","image":{"@type":"ImageObject","inLanguage":"es-AR","@id":"https:\/\/apuntesdesanluis.com\/#\/schema\/person\/image\/","url":"https:\/\/apuntesdesanluis.com\/wp-content\/uploads\/2023\/07\/cropped-apuntesdesanluis.png","contentUrl":"https:\/\/apuntesdesanluis.com\/wp-content\/uploads\/2023\/07\/cropped-apuntesdesanluis.png","width":450,"height":112,"caption":"apuntesdesanluis.com"},"logo":{"@id":"https:\/\/apuntesdesanluis.com\/#\/schema\/person\/image\/"},"sameAs":["https:\/\/apuntesdesanluis.com"],"url":"https:\/\/apuntesdesanluis.com\/index.php\/author\/apuntesdesanluis-com\/"}]}},"featured_image_urls":{"full":["https:\/\/apuntesdesanluis.com\/wp-content\/uploads\/2024\/01\/chicos.png",490,264,false],"thumbnail":["https:\/\/apuntesdesanluis.com\/wp-content\/uploads\/2024\/01\/chicos-150x150.png",150,150,true],"medium":["https:\/\/apuntesdesanluis.com\/wp-content\/uploads\/2024\/01\/chicos-300x162.png",300,162,true],"medium_large":["https:\/\/apuntesdesanluis.com\/wp-content\/uploads\/2024\/01\/chicos.png",490,264,false],"large":["https:\/\/apuntesdesanluis.com\/wp-content\/uploads\/2024\/01\/chicos.png",490,264,false],"1536x1536":["https:\/\/apuntesdesanluis.com\/wp-content\/uploads\/2024\/01\/chicos.png",490,264,false],"2048x2048":["https:\/\/apuntesdesanluis.com\/wp-content\/uploads\/2024\/01\/chicos.png",490,264,false],"newsever-slider-full":["https:\/\/apuntesdesanluis.com\/wp-content\/uploads\/2024\/01\/chicos.png",490,264,false],"newsever-featured":["https:\/\/apuntesdesanluis.com\/wp-content\/uploads\/2024\/01\/chicos.png",490,264,false],"newsever-medium":["https:\/\/apuntesdesanluis.com\/wp-content\/uploads\/2024\/01\/chicos.png",490,264,false]},"author_info":{"display_name":"apuntesdesanluis.com","author_link":"https:\/\/apuntesdesanluis.com\/index.php\/author\/apuntesdesanluis-com\/"},"category_info":"<a href=\"https:\/\/apuntesdesanluis.com\/index.php\/category\/ciudad-provincia\/\" rel=\"category tag\">Ciudad\/Provincia<\/a>","tag_info":"Ciudad\/Provincia","comment_count":"0","_links":{"self":[{"href":"https:\/\/apuntesdesanluis.com\/index.php\/wp-json\/wp\/v2\/posts\/9649","targetHints":{"allow":["GET"]}}],"collection":[{"href":"https:\/\/apuntesdesanluis.com\/index.php\/wp-json\/wp\/v2\/posts"}],"about":[{"href":"https:\/\/apuntesdesanluis.com\/index.php\/wp-json\/wp\/v2\/types\/post"}],"author":[{"embeddable":true,"href":"https:\/\/apuntesdesanluis.com\/index.php\/wp-json\/wp\/v2\/users\/1"}],"replies":[{"embeddable":true,"href":"https:\/\/apuntesdesanluis.com\/index.php\/wp-json\/wp\/v2\/comments?post=9649"}],"version-history":[{"count":6,"href":"https:\/\/apuntesdesanluis.com\/index.php\/wp-json\/wp\/v2\/posts\/9649\/revisions"}],"predecessor-version":[{"id":9658,"href":"https:\/\/apuntesdesanluis.com\/index.php\/wp-json\/wp\/v2\/posts\/9649\/revisions\/9658"}],"wp:featuredmedia":[{"embeddable":true,"href":"https:\/\/apuntesdesanluis.com\/index.php\/wp-json\/wp\/v2\/media\/9650"}],"wp:attachment":[{"href":"https:\/\/apuntesdesanluis.com\/index.php\/wp-json\/wp\/v2\/media?parent=9649"}],"wp:term":[{"taxonomy":"category","embeddable":true,"href":"https:\/\/apuntesdesanluis.com\/index.php\/wp-json\/wp\/v2\/categories?post=9649"},{"taxonomy":"post_tag","embeddable":true,"href":"https:\/\/apuntesdesanluis.com\/index.php\/wp-json\/wp\/v2\/tags?post=9649"}],"curies":[{"name":"wp","href":"https:\/\/api.w.org\/{rel}","templated":true}]}}