{"id":9663,"date":"2024-01-07T11:59:56","date_gmt":"2024-01-07T14:59:56","guid":{"rendered":"https:\/\/apuntesdesanluis.com\/?p=9663"},"modified":"2024-01-07T12:00:32","modified_gmt":"2024-01-07T15:00:32","slug":"la-mision-del-fondo-monetario-internacional-se-reune-este-lunes-con-caputo-y-posse","status":"publish","type":"post","link":"https:\/\/apuntesdesanluis.com\/index.php\/2024\/01\/07\/la-mision-del-fondo-monetario-internacional-se-reune-este-lunes-con-caputo-y-posse\/","title":{"rendered":"LA MISI\u00d3N DEL FONDO MONETARIO INTERNACIONAL SE RE\u00daNE ESTE LUNES CON CAPUTO Y POSSE"},"content":{"rendered":"<h3>La duda es renegociar el acuerdo de Alberto Fern\u00e1ndez o bien iniciar conversaciones por la llegada de Javier Milei a la Rosada.<\/h3>\n<h3>La misi\u00f3n del Fondo Monetario Internacional (FMI) inici\u00f3 en Buenos Aires este viernes su visita y marc\u00f3 el debut con la gesti\u00f3n del presidente Javier Milei.<\/h3>\n<h3>El equipo del Fondo, liderado por Luis Cubeddu y Ashvin Ahuja, tiene programadas reuniones con funcionarios argentinos, incluidos el ministro Luis Caputo y el Jefe de Gabinete, Nicol\u00e1s Posse. Todo indica que ma\u00f1ana lunes ser\u00e1n las primeras rondas formales.<\/h3>\n<h3>El objetivo principal es renegociar las condiciones de un nuevo acuerdo, dadas las dificultades cumpliendo los t\u00e9rminos previos bajo la administraci\u00f3n de Alberto Fern\u00e1ndez y Sergio Massa.<\/h3>\n<h3>La delegaci\u00f3n del FMI comenz\u00f3 sus actividades reuni\u00e9ndose con t\u00e9cnicos del Banco Central, hoy al mando de Santiago Bausili, un hombre de Luis Caputo.<\/h3>\n<h3>Entre los temas cr\u00edticos a tratar se encuentran la acumulaci\u00f3n de reservas y la gesti\u00f3n del tipo de cambio. Las reservas netas del Banco Central cerraron el 2023 con un saldo negativo, incumpliendo as\u00ed las metas establecidas en un acuerdo anterior. Aunque tras la devaluaci\u00f3n y manejo del cepo, el BCRA adquiri\u00f3 d\u00f3lares en el mercado.<\/h3>\n<h3>El gobierno argentino enfrenta desaf\u00edos como el d\u00e9ficit fiscal y la emisi\u00f3n monetaria, y espera lograr la aprobaci\u00f3n del FMI para un desembolso pendiente de US$ 3.300 millones, adem\u00e1s de enfrentar vencimientos inminentes con el organismo que ascienden a US$ 7.700 millones para este a\u00f1o.<\/h3>\n<h3>Las conversaciones actuales podr\u00edan ser clave para resolver estos compromisos financieros y reorientar el acuerdo con el FMI.<\/h3>\n<p>&nbsp;<\/p>\n<p>&nbsp;<\/p>\n<p>&nbsp;<\/p>\n<p>&nbsp;<\/p>\n","protected":false},"excerpt":{"rendered":"<p>La duda es renegociar el acuerdo de Alberto Fern\u00e1ndez o bien iniciar conversaciones por la&#8230;<\/p>\n","protected":false},"author":1,"featured_media":1780,"comment_status":"closed","ping_status":"closed","sticky":false,"template":"","format":"standard","meta":{"footnotes":""},"categories":[5],"tags":[],"class_list":["post-9663","post","type-post","status-publish","format-standard","has-post-thumbnail","hentry","category-nacionales-internacionales"],"yoast_head":"<!-- This site is optimized with the Yoast SEO plugin v26.1.1 - https:\/\/yoast.com\/wordpress\/plugins\/seo\/ -->\n<title>LA MISI\u00d3N DEL FONDO MONETARIO INTERNACIONAL SE RE\u00daNE ESTE LUNES CON CAPUTO Y POSSE - Apuntes de San Luis<\/title>\n<meta name=\"robots\" content=\"index, follow, max-snippet:-1, max-image-preview:large, max-video-preview:-1\" \/>\n<link rel=\"canonical\" href=\"https:\/\/apuntesdesanluis.com\/index.php\/2024\/01\/07\/la-mision-del-fondo-monetario-internacional-se-reune-este-lunes-con-caputo-y-posse\/\" \/>\n<meta property=\"og:locale\" content=\"es_ES\" \/>\n<meta property=\"og:type\" content=\"article\" \/>\n<meta property=\"og:title\" content=\"LA MISI\u00d3N DEL FONDO MONETARIO INTERNACIONAL SE RE\u00daNE ESTE LUNES CON CAPUTO Y POSSE - Apuntes de San Luis\" \/>\n<meta property=\"og:description\" content=\"La duda es renegociar el acuerdo de Alberto Fern\u00e1ndez o bien iniciar conversaciones por la...\" \/>\n<meta property=\"og:url\" content=\"https:\/\/apuntesdesanluis.com\/index.php\/2024\/01\/07\/la-mision-del-fondo-monetario-internacional-se-reune-este-lunes-con-caputo-y-posse\/\" \/>\n<meta property=\"og:site_name\" content=\"Apuntes de San Luis\" \/>\n<meta property=\"article:published_time\" content=\"2024-01-07T14:59:56+00:00\" \/>\n<meta property=\"article:modified_time\" content=\"2024-01-07T15:00:32+00:00\" \/>\n<meta property=\"og:image\" content=\"https:\/\/apuntesdesanluis.com\/wp-content\/uploads\/2023\/08\/fmi-1.png\" \/>\n\t<meta property=\"og:image:width\" content=\"600\" \/>\n\t<meta property=\"og:image:height\" content=\"381\" \/>\n\t<meta property=\"og:image:type\" content=\"image\/png\" \/>\n<meta name=\"author\" content=\"apuntesdesanluis.com\" \/>\n<meta name=\"twitter:card\" content=\"summary_large_image\" \/>\n<meta name=\"twitter:label1\" content=\"Escrito por\" \/>\n\t<meta name=\"twitter:data1\" content=\"apuntesdesanluis.com\" \/>\n\t<meta name=\"twitter:label2\" content=\"Tiempo de lectura\" \/>\n\t<meta name=\"twitter:data2\" content=\"2 minutos\" \/>\n<script type=\"application\/ld+json\" class=\"yoast-schema-graph\">{\"@context\":\"https:\/\/schema.org\",\"@graph\":[{\"@type\":\"Article\",\"@id\":\"https:\/\/apuntesdesanluis.com\/index.php\/2024\/01\/07\/la-mision-del-fondo-monetario-internacional-se-reune-este-lunes-con-caputo-y-posse\/#article\",\"isPartOf\":{\"@id\":\"https:\/\/apuntesdesanluis.com\/index.php\/2024\/01\/07\/la-mision-del-fondo-monetario-internacional-se-reune-este-lunes-con-caputo-y-posse\/\"},\"author\":{\"name\":\"apuntesdesanluis.com\",\"@id\":\"https:\/\/apuntesdesanluis.com\/#\/schema\/person\/b55151d52296fcce64d1a72538a70b90\"},\"headline\":\"LA MISI\u00d3N DEL FONDO MONETARIO INTERNACIONAL SE RE\u00daNE ESTE LUNES CON CAPUTO Y POSSE\",\"datePublished\":\"2024-01-07T14:59:56+00:00\",\"dateModified\":\"2024-01-07T15:00:32+00:00\",\"mainEntityOfPage\":{\"@id\":\"https:\/\/apuntesdesanluis.com\/index.php\/2024\/01\/07\/la-mision-del-fondo-monetario-internacional-se-reune-este-lunes-con-caputo-y-posse\/\"},\"wordCount\":298,\"publisher\":{\"@id\":\"https:\/\/apuntesdesanluis.com\/#\/schema\/person\/b55151d52296fcce64d1a72538a70b90\"},\"image\":{\"@id\":\"https:\/\/apuntesdesanluis.com\/index.php\/2024\/01\/07\/la-mision-del-fondo-monetario-internacional-se-reune-este-lunes-con-caputo-y-posse\/#primaryimage\"},\"thumbnailUrl\":\"https:\/\/apuntesdesanluis.com\/wp-content\/uploads\/2023\/08\/fmi-1.png\",\"articleSection\":[\"Nacionales\/Internacionales\"],\"inLanguage\":\"es-AR\"},{\"@type\":\"WebPage\",\"@id\":\"https:\/\/apuntesdesanluis.com\/index.php\/2024\/01\/07\/la-mision-del-fondo-monetario-internacional-se-reune-este-lunes-con-caputo-y-posse\/\",\"url\":\"https:\/\/apuntesdesanluis.com\/index.php\/2024\/01\/07\/la-mision-del-fondo-monetario-internacional-se-reune-este-lunes-con-caputo-y-posse\/\",\"name\":\"LA MISI\u00d3N DEL FONDO MONETARIO INTERNACIONAL SE RE\u00daNE ESTE LUNES CON CAPUTO Y POSSE - Apuntes de San Luis\",\"isPartOf\":{\"@id\":\"https:\/\/apuntesdesanluis.com\/#website\"},\"primaryImageOfPage\":{\"@id\":\"https:\/\/apuntesdesanluis.com\/index.php\/2024\/01\/07\/la-mision-del-fondo-monetario-internacional-se-reune-este-lunes-con-caputo-y-posse\/#primaryimage\"},\"image\":{\"@id\":\"https:\/\/apuntesdesanluis.com\/index.php\/2024\/01\/07\/la-mision-del-fondo-monetario-internacional-se-reune-este-lunes-con-caputo-y-posse\/#primaryimage\"},\"thumbnailUrl\":\"https:\/\/apuntesdesanluis.com\/wp-content\/uploads\/2023\/08\/fmi-1.png\",\"datePublished\":\"2024-01-07T14:59:56+00:00\",\"dateModified\":\"2024-01-07T15:00:32+00:00\",\"breadcrumb\":{\"@id\":\"https:\/\/apuntesdesanluis.com\/index.php\/2024\/01\/07\/la-mision-del-fondo-monetario-internacional-se-reune-este-lunes-con-caputo-y-posse\/#breadcrumb\"},\"inLanguage\":\"es-AR\",\"potentialAction\":[{\"@type\":\"ReadAction\",\"target\":[\"https:\/\/apuntesdesanluis.com\/index.php\/2024\/01\/07\/la-mision-del-fondo-monetario-internacional-se-reune-este-lunes-con-caputo-y-posse\/\"]}]},{\"@type\":\"ImageObject\",\"inLanguage\":\"es-AR\",\"@id\":\"https:\/\/apuntesdesanluis.com\/index.php\/2024\/01\/07\/la-mision-del-fondo-monetario-internacional-se-reune-este-lunes-con-caputo-y-posse\/#primaryimage\",\"url\":\"https:\/\/apuntesdesanluis.com\/wp-content\/uploads\/2023\/08\/fmi-1.png\",\"contentUrl\":\"https:\/\/apuntesdesanluis.com\/wp-content\/uploads\/2023\/08\/fmi-1.png\",\"width\":600,\"height\":381},{\"@type\":\"BreadcrumbList\",\"@id\":\"https:\/\/apuntesdesanluis.com\/index.php\/2024\/01\/07\/la-mision-del-fondo-monetario-internacional-se-reune-este-lunes-con-caputo-y-posse\/#breadcrumb\",\"itemListElement\":[{\"@type\":\"ListItem\",\"position\":1,\"name\":\"Inicio\",\"item\":\"https:\/\/apuntesdesanluis.com\/\"},{\"@type\":\"ListItem\",\"position\":2,\"name\":\"LA MISI\u00d3N DEL FONDO MONETARIO INTERNACIONAL SE RE\u00daNE ESTE LUNES CON CAPUTO Y POSSE\"}]},{\"@type\":\"WebSite\",\"@id\":\"https:\/\/apuntesdesanluis.com\/#website\",\"url\":\"https:\/\/apuntesdesanluis.com\/\",\"name\":\"Apuntes de San Luis\",\"description\":\"\",\"publisher\":{\"@id\":\"https:\/\/apuntesdesanluis.com\/#\/schema\/person\/b55151d52296fcce64d1a72538a70b90\"},\"potentialAction\":[{\"@type\":\"SearchAction\",\"target\":{\"@type\":\"EntryPoint\",\"urlTemplate\":\"https:\/\/apuntesdesanluis.com\/?s={search_term_string}\"},\"query-input\":{\"@type\":\"PropertyValueSpecification\",\"valueRequired\":true,\"valueName\":\"search_term_string\"}}],\"inLanguage\":\"es-AR\"},{\"@type\":[\"Person\",\"Organization\"],\"@id\":\"https:\/\/apuntesdesanluis.com\/#\/schema\/person\/b55151d52296fcce64d1a72538a70b90\",\"name\":\"apuntesdesanluis.com\",\"image\":{\"@type\":\"ImageObject\",\"inLanguage\":\"es-AR\",\"@id\":\"https:\/\/apuntesdesanluis.com\/#\/schema\/person\/image\/\",\"url\":\"https:\/\/apuntesdesanluis.com\/wp-content\/uploads\/2023\/07\/cropped-apuntesdesanluis.png\",\"contentUrl\":\"https:\/\/apuntesdesanluis.com\/wp-content\/uploads\/2023\/07\/cropped-apuntesdesanluis.png\",\"width\":450,\"height\":112,\"caption\":\"apuntesdesanluis.com\"},\"logo\":{\"@id\":\"https:\/\/apuntesdesanluis.com\/#\/schema\/person\/image\/\"},\"sameAs\":[\"https:\/\/apuntesdesanluis.com\"],\"url\":\"https:\/\/apuntesdesanluis.com\/index.php\/author\/apuntesdesanluis-com\/\"}]}<\/script>\n<!-- \/ Yoast SEO plugin. -->","yoast_head_json":{"title":"LA MISI\u00d3N DEL FONDO MONETARIO INTERNACIONAL SE RE\u00daNE ESTE LUNES CON CAPUTO Y POSSE - Apuntes de San Luis","robots":{"index":"index","follow":"follow","max-snippet":"max-snippet:-1","max-image-preview":"max-image-preview:large","max-video-preview":"max-video-preview:-1"},"canonical":"https:\/\/apuntesdesanluis.com\/index.php\/2024\/01\/07\/la-mision-del-fondo-monetario-internacional-se-reune-este-lunes-con-caputo-y-posse\/","og_locale":"es_ES","og_type":"article","og_title":"LA MISI\u00d3N DEL FONDO MONETARIO INTERNACIONAL SE RE\u00daNE ESTE LUNES CON CAPUTO Y POSSE - Apuntes de San Luis","og_description":"La duda es renegociar el acuerdo de Alberto Fern\u00e1ndez o bien iniciar conversaciones por la...","og_url":"https:\/\/apuntesdesanluis.com\/index.php\/2024\/01\/07\/la-mision-del-fondo-monetario-internacional-se-reune-este-lunes-con-caputo-y-posse\/","og_site_name":"Apuntes de San Luis","article_published_time":"2024-01-07T14:59:56+00:00","article_modified_time":"2024-01-07T15:00:32+00:00","og_image":[{"width":600,"height":381,"url":"https:\/\/apuntesdesanluis.com\/wp-content\/uploads\/2023\/08\/fmi-1.png","type":"image\/png"}],"author":"apuntesdesanluis.com","twitter_card":"summary_large_image","twitter_misc":{"Escrito por":"apuntesdesanluis.com","Tiempo de lectura":"2 minutos"},"schema":{"@context":"https:\/\/schema.org","@graph":[{"@type":"Article","@id":"https:\/\/apuntesdesanluis.com\/index.php\/2024\/01\/07\/la-mision-del-fondo-monetario-internacional-se-reune-este-lunes-con-caputo-y-posse\/#article","isPartOf":{"@id":"https:\/\/apuntesdesanluis.com\/index.php\/2024\/01\/07\/la-mision-del-fondo-monetario-internacional-se-reune-este-lunes-con-caputo-y-posse\/"},"author":{"name":"apuntesdesanluis.com","@id":"https:\/\/apuntesdesanluis.com\/#\/schema\/person\/b55151d52296fcce64d1a72538a70b90"},"headline":"LA MISI\u00d3N DEL FONDO MONETARIO INTERNACIONAL SE RE\u00daNE ESTE LUNES CON CAPUTO Y POSSE","datePublished":"2024-01-07T14:59:56+00:00","dateModified":"2024-01-07T15:00:32+00:00","mainEntityOfPage":{"@id":"https:\/\/apuntesdesanluis.com\/index.php\/2024\/01\/07\/la-mision-del-fondo-monetario-internacional-se-reune-este-lunes-con-caputo-y-posse\/"},"wordCount":298,"publisher":{"@id":"https:\/\/apuntesdesanluis.com\/#\/schema\/person\/b55151d52296fcce64d1a72538a70b90"},"image":{"@id":"https:\/\/apuntesdesanluis.com\/index.php\/2024\/01\/07\/la-mision-del-fondo-monetario-internacional-se-reune-este-lunes-con-caputo-y-posse\/#primaryimage"},"thumbnailUrl":"https:\/\/apuntesdesanluis.com\/wp-content\/uploads\/2023\/08\/fmi-1.png","articleSection":["Nacionales\/Internacionales"],"inLanguage":"es-AR"},{"@type":"WebPage","@id":"https:\/\/apuntesdesanluis.com\/index.php\/2024\/01\/07\/la-mision-del-fondo-monetario-internacional-se-reune-este-lunes-con-caputo-y-posse\/","url":"https:\/\/apuntesdesanluis.com\/index.php\/2024\/01\/07\/la-mision-del-fondo-monetario-internacional-se-reune-este-lunes-con-caputo-y-posse\/","name":"LA MISI\u00d3N DEL FONDO MONETARIO INTERNACIONAL SE RE\u00daNE ESTE LUNES CON CAPUTO Y POSSE - Apuntes de San Luis","isPartOf":{"@id":"https:\/\/apuntesdesanluis.com\/#website"},"primaryImageOfPage":{"@id":"https:\/\/apuntesdesanluis.com\/index.php\/2024\/01\/07\/la-mision-del-fondo-monetario-internacional-se-reune-este-lunes-con-caputo-y-posse\/#primaryimage"},"image":{"@id":"https:\/\/apuntesdesanluis.com\/index.php\/2024\/01\/07\/la-mision-del-fondo-monetario-internacional-se-reune-este-lunes-con-caputo-y-posse\/#primaryimage"},"thumbnailUrl":"https:\/\/apuntesdesanluis.com\/wp-content\/uploads\/2023\/08\/fmi-1.png","datePublished":"2024-01-07T14:59:56+00:00","dateModified":"2024-01-07T15:00:32+00:00","breadcrumb":{"@id":"https:\/\/apuntesdesanluis.com\/index.php\/2024\/01\/07\/la-mision-del-fondo-monetario-internacional-se-reune-este-lunes-con-caputo-y-posse\/#breadcrumb"},"inLanguage":"es-AR","potentialAction":[{"@type":"ReadAction","target":["https:\/\/apuntesdesanluis.com\/index.php\/2024\/01\/07\/la-mision-del-fondo-monetario-internacional-se-reune-este-lunes-con-caputo-y-posse\/"]}]},{"@type":"ImageObject","inLanguage":"es-AR","@id":"https:\/\/apuntesdesanluis.com\/index.php\/2024\/01\/07\/la-mision-del-fondo-monetario-internacional-se-reune-este-lunes-con-caputo-y-posse\/#primaryimage","url":"https:\/\/apuntesdesanluis.com\/wp-content\/uploads\/2023\/08\/fmi-1.png","contentUrl":"https:\/\/apuntesdesanluis.com\/wp-content\/uploads\/2023\/08\/fmi-1.png","width":600,"height":381},{"@type":"BreadcrumbList","@id":"https:\/\/apuntesdesanluis.com\/index.php\/2024\/01\/07\/la-mision-del-fondo-monetario-internacional-se-reune-este-lunes-con-caputo-y-posse\/#breadcrumb","itemListElement":[{"@type":"ListItem","position":1,"name":"Inicio","item":"https:\/\/apuntesdesanluis.com\/"},{"@type":"ListItem","position":2,"name":"LA MISI\u00d3N DEL FONDO MONETARIO INTERNACIONAL SE RE\u00daNE ESTE LUNES CON CAPUTO Y POSSE"}]},{"@type":"WebSite","@id":"https:\/\/apuntesdesanluis.com\/#website","url":"https:\/\/apuntesdesanluis.com\/","name":"Apuntes de San Luis","description":"","publisher":{"@id":"https:\/\/apuntesdesanluis.com\/#\/schema\/person\/b55151d52296fcce64d1a72538a70b90"},"potentialAction":[{"@type":"SearchAction","target":{"@type":"EntryPoint","urlTemplate":"https:\/\/apuntesdesanluis.com\/?s={search_term_string}"},"query-input":{"@type":"PropertyValueSpecification","valueRequired":true,"valueName":"search_term_string"}}],"inLanguage":"es-AR"},{"@type":["Person","Organization"],"@id":"https:\/\/apuntesdesanluis.com\/#\/schema\/person\/b55151d52296fcce64d1a72538a70b90","name":"apuntesdesanluis.com","image":{"@type":"ImageObject","inLanguage":"es-AR","@id":"https:\/\/apuntesdesanluis.com\/#\/schema\/person\/image\/","url":"https:\/\/apuntesdesanluis.com\/wp-content\/uploads\/2023\/07\/cropped-apuntesdesanluis.png","contentUrl":"https:\/\/apuntesdesanluis.com\/wp-content\/uploads\/2023\/07\/cropped-apuntesdesanluis.png","width":450,"height":112,"caption":"apuntesdesanluis.com"},"logo":{"@id":"https:\/\/apuntesdesanluis.com\/#\/schema\/person\/image\/"},"sameAs":["https:\/\/apuntesdesanluis.com"],"url":"https:\/\/apuntesdesanluis.com\/index.php\/author\/apuntesdesanluis-com\/"}]}},"featured_image_urls":{"full":["https:\/\/apuntesdesanluis.com\/wp-content\/uploads\/2023\/08\/fmi-1.png",600,381,false],"thumbnail":["https:\/\/apuntesdesanluis.com\/wp-content\/uploads\/2023\/08\/fmi-1-150x150.png",150,150,true],"medium":["https:\/\/apuntesdesanluis.com\/wp-content\/uploads\/2023\/08\/fmi-1-300x191.png",300,191,true],"medium_large":["https:\/\/apuntesdesanluis.com\/wp-content\/uploads\/2023\/08\/fmi-1.png",600,381,false],"large":["https:\/\/apuntesdesanluis.com\/wp-content\/uploads\/2023\/08\/fmi-1.png",600,381,false],"1536x1536":["https:\/\/apuntesdesanluis.com\/wp-content\/uploads\/2023\/08\/fmi-1.png",600,381,false],"2048x2048":["https:\/\/apuntesdesanluis.com\/wp-content\/uploads\/2023\/08\/fmi-1.png",600,381,false],"newsever-slider-full":["https:\/\/apuntesdesanluis.com\/wp-content\/uploads\/2023\/08\/fmi-1.png",600,381,false],"newsever-featured":["https:\/\/apuntesdesanluis.com\/wp-content\/uploads\/2023\/08\/fmi-1.png",600,381,false],"newsever-medium":["https:\/\/apuntesdesanluis.com\/wp-content\/uploads\/2023\/08\/fmi-1.png",600,381,false]},"author_info":{"display_name":"apuntesdesanluis.com","author_link":"https:\/\/apuntesdesanluis.com\/index.php\/author\/apuntesdesanluis-com\/"},"category_info":"<a href=\"https:\/\/apuntesdesanluis.com\/index.php\/category\/nacionales-internacionales\/\" rel=\"category tag\">Nacionales\/Internacionales<\/a>","tag_info":"Nacionales\/Internacionales","comment_count":"0","_links":{"self":[{"href":"https:\/\/apuntesdesanluis.com\/index.php\/wp-json\/wp\/v2\/posts\/9663","targetHints":{"allow":["GET"]}}],"collection":[{"href":"https:\/\/apuntesdesanluis.com\/index.php\/wp-json\/wp\/v2\/posts"}],"about":[{"href":"https:\/\/apuntesdesanluis.com\/index.php\/wp-json\/wp\/v2\/types\/post"}],"author":[{"embeddable":true,"href":"https:\/\/apuntesdesanluis.com\/index.php\/wp-json\/wp\/v2\/users\/1"}],"replies":[{"embeddable":true,"href":"https:\/\/apuntesdesanluis.com\/index.php\/wp-json\/wp\/v2\/comments?post=9663"}],"version-history":[{"count":3,"href":"https:\/\/apuntesdesanluis.com\/index.php\/wp-json\/wp\/v2\/posts\/9663\/revisions"}],"predecessor-version":[{"id":9666,"href":"https:\/\/apuntesdesanluis.com\/index.php\/wp-json\/wp\/v2\/posts\/9663\/revisions\/9666"}],"wp:featuredmedia":[{"embeddable":true,"href":"https:\/\/apuntesdesanluis.com\/index.php\/wp-json\/wp\/v2\/media\/1780"}],"wp:attachment":[{"href":"https:\/\/apuntesdesanluis.com\/index.php\/wp-json\/wp\/v2\/media?parent=9663"}],"wp:term":[{"taxonomy":"category","embeddable":true,"href":"https:\/\/apuntesdesanluis.com\/index.php\/wp-json\/wp\/v2\/categories?post=9663"},{"taxonomy":"post_tag","embeddable":true,"href":"https:\/\/apuntesdesanluis.com\/index.php\/wp-json\/wp\/v2\/tags?post=9663"}],"curies":[{"name":"wp","href":"https:\/\/api.w.org\/{rel}","templated":true}]}}