{"id":9667,"date":"2024-01-07T13:37:04","date_gmt":"2024-01-07T16:37:04","guid":{"rendered":"https:\/\/apuntesdesanluis.com\/?p=9667"},"modified":"2024-01-07T13:45:45","modified_gmt":"2024-01-07T16:45:45","slug":"sigue-trabajando-el-comite-de-crisis-por-el-temporal-en-merlo","status":"publish","type":"post","link":"https:\/\/apuntesdesanluis.com\/index.php\/2024\/01\/07\/sigue-trabajando-el-comite-de-crisis-por-el-temporal-en-merlo\/","title":{"rendered":"SIGUE TRABAJANDO EL COMIT\u00c9 DE CRISIS POR EL TEMPORAL EN MERLO"},"content":{"rendered":"<h3>Coordinado por el intendente <strong>Juan \u00c1lvarez Pinto<\/strong>, los integrantes del Comit\u00e9 de Crisis se reunieron en el cuartel de Bomberos evaluando la situaci\u00f3n generada por las fuertes tormentas de lluvia y granizo que est\u00e1n afectando la Villa de Merlo y zonas aleda\u00f1as.<\/h3>\n<h3>Con m\u00e1s de 110 mil\u00edmetros ca\u00eddos s\u00f3lo en las \u00faltimas horas, seg\u00fan la Red de Estaciones Meteorol\u00f3gicas (REM), el temporal de lluvia, acompa\u00f1ada por viento y granizo en algunos sectores, hizo estragos en la Villa de Merlo, que amaneci\u00f3 con los arroyos desbordados y calles anegada por el agua que ven\u00eda con fuerza desde las sierras.<\/h3>\n<h3>Seg\u00fan informa<strong> El Corredor Noticias<\/strong>, el temporal que afect\u00f3 a Villa de Merlo, Santa Rosa del Conlara y localidades de Traslasierra ocasion\u00f3 grand\u00edsimas p\u00e9rdidas a causa de la ca\u00edda de piedras del tama\u00f1o de un huevo, las fuertes r\u00e1fagas de viento y las intensas lluvias que se registraron en muy corto lapso de tiempo.<\/h3>\n<p><img fetchpriority=\"high\" decoding=\"async\" class=\"wp-image-9669 aligncenter\" src=\"https:\/\/apuntesdesanluis.com\/wp-content\/uploads\/2024\/01\/comite-300x186.png\" alt=\"\" width=\"624\" height=\"387\" srcset=\"https:\/\/apuntesdesanluis.com\/wp-content\/uploads\/2024\/01\/comite-300x186.png 300w, https:\/\/apuntesdesanluis.com\/wp-content\/uploads\/2024\/01\/comite-768x476.png 768w, https:\/\/apuntesdesanluis.com\/wp-content\/uploads\/2024\/01\/comite.png 917w\" sizes=\"(max-width: 624px) 100vw, 624px\" \/><\/p>\n<h3>Techos rotos, vidrios, \u00e1rboles ca\u00eddos, postes, animales muertos, corte del suministro de agua, sectores sin luz y sin comunicaci\u00f3n, es el lamentable saldo que dej\u00f3 la tormenta que se origin\u00f3 este s\u00e1bado por la tarde y se extendi\u00f3 hasta la ma\u00f1ana del domingo.<\/h3>\n<h3>Las fuertes precipitaciones causaron el desborde de arroyos y el anegamiento de calles. Muchas familias quedaron aisladas debido a la crecida de los cauces en Piedra Blanca Arriba.<\/h3>\n<p><img decoding=\"async\" class=\"wp-image-9670 aligncenter\" src=\"https:\/\/apuntesdesanluis.com\/wp-content\/uploads\/2024\/01\/agua-300x209.png\" alt=\"\" width=\"636\" height=\"443\" srcset=\"https:\/\/apuntesdesanluis.com\/wp-content\/uploads\/2024\/01\/agua-300x209.png 300w, https:\/\/apuntesdesanluis.com\/wp-content\/uploads\/2024\/01\/agua.png 579w\" sizes=\"(max-width: 636px) 100vw, 636px\" \/><\/p>\n<h3>Seg\u00fan el pron\u00f3stico del Servicio Meteorol\u00f3gico Nacional, se esperan tormentas aisladas hasta el jueves.<\/h3>\n<h3><strong>EVACUADOS EN SANTA ROSA<\/strong><\/h3>\n<h3>El temporal tambi\u00e9n castig\u00f3 a Santa Rosa del Conlara, donde incluso hubo 37 personas evacuadas tras los recorridos que hizo el personal de la Municipalidad y de Defensa Civil por la localidad para asistir a los afectados. El personal de la Polic\u00eda de San Luis acompa\u00f1\u00f3 a las autoridades municipales para evitar que se agraven las situaciones de emergencia.<\/h3>\n<h3>El intendente, Miguel Postiguillo, ayud\u00f3 en la evacuaci\u00f3n de los turistas que se encontraban acampando en el camping del balneario Municipal R\u00edo Conlara, quienes fueron trasladados por personal municipal al centro de evacuaci\u00f3n armado en el Centro Educativo N\u00b017 Hip\u00f3lito Irigoyen, en la calle Urquiza, entre San Mart\u00edn y Pringles.<\/h3>\n<h3>Se identificaron 37 personas entre adultos y ni\u00f1os. Todos pernoctaban en carpas que fueron azotadas por el viento, incluso se registr\u00f3 la ca\u00edda de un \u00e1rbol que provoc\u00f3 da\u00f1os a un Chevrolet modelo Onix.<\/h3>\n<h3>Posteriormente, la Municipalidad realiz\u00f3 un relevamiento por las calles de Santa Rosa donde todav\u00eda se observan varias cuadras anegadas, \u00e1rboles y postes de electricidad ca\u00eddos, cables del tendido el\u00e9ctrico por el suelo, rotura de vidrios en casas particulares y locales comerciales.<\/h3>\n<h3>Hasta el momento no hay informaci\u00f3n de que haya personas lesionadas, solo da\u00f1os materiales. La Polic\u00eda trabaja en conjunto con personal del Municipio y los Bomberos Voluntarios.<\/h3>\n<p><img decoding=\"async\" class=\"wp-image-9671 aligncenter\" src=\"https:\/\/apuntesdesanluis.com\/wp-content\/uploads\/2024\/01\/inundacion-300x193.png\" alt=\"\" width=\"636\" height=\"409\" srcset=\"https:\/\/apuntesdesanluis.com\/wp-content\/uploads\/2024\/01\/inundacion-300x193.png 300w, https:\/\/apuntesdesanluis.com\/wp-content\/uploads\/2024\/01\/inundacion-768x494.png 768w, https:\/\/apuntesdesanluis.com\/wp-content\/uploads\/2024\/01\/inundacion.png 887w\" sizes=\"(max-width: 636px) 100vw, 636px\" \/><\/p>\n<h3>Desde el gobierno provincial se comunicaron con los municipios afectados funcionarios de la provincia, poni\u00e9ndose a disposici\u00f3n en caso de requerir acompa\u00f1amiento.<\/h3>\n<h3>Este domingo hubo una reuni\u00f3n del Comit\u00e9 de Crisis de Merlo, que nuclea al Municipio, Defensa Civil, Bomberos Voluntarios, Polic\u00eda, Vialidad Provincial, Plan Inclusi\u00f3n y Direcci\u00f3n de Gesti\u00f3n y Prevenci\u00f3n de Emergencia del ministerio de Seguridad provincial, para hacer una evaluaci\u00f3n de la situaci\u00f3n y seguir coordinando las acciones entre las diferentes \u00e1reas que est\u00e1n abocadas a la emergencia.<\/h3>\n<h3>Hay comunicaci\u00f3n permanente del Comit\u00e9 con el gobernador Claudio Poggi, m\u00e1s una articulaci\u00f3n con los diferentes ministerios. Las maquinarias de Servicios P\u00fablicos del Municipio y de Vialidad Provincial est\u00e1n trabajando en el acondicionamiento de calles y espacios p\u00fablicos. Las tareas se estar\u00e1n realizando en la medida que la lluvia lo permita.<\/h3>\n<h3>El pedido a la comunidad es que evite circular en la v\u00eda p\u00fablica y de ninguna manera intente cruzar los badenes de arroyos crecidos.<\/h3>\n<p><img loading=\"lazy\" decoding=\"async\" class=\"wp-image-9672 aligncenter\" src=\"https:\/\/apuntesdesanluis.com\/wp-content\/uploads\/2024\/01\/calle-300x200.png\" alt=\"\" width=\"636\" height=\"424\" srcset=\"https:\/\/apuntesdesanluis.com\/wp-content\/uploads\/2024\/01\/calle-300x200.png 300w, https:\/\/apuntesdesanluis.com\/wp-content\/uploads\/2024\/01\/calle.png 618w\" sizes=\"(max-width: 636px) 100vw, 636px\" \/><\/p>\n<h3>Ayer a modo de balance se registraron las siguientes situaciones:<\/h3>\n<h3>&#8211; 7 intervenciones de Bomberos<\/h3>\n<h3>&#8211; Rotura de techos e ingreso de agua en algunas viviendas<\/h3>\n<h3>&#8211; Rotura de parabrisas y ventanas<\/h3>\n<h3>&#8211; Crecida de arroyos con corte preventivo de tr\u00e1nsito en badenes<\/h3>\n<h3>&#8211; Corte preventivo del servicio de Agua Potable por crecida de arroyos en diferentes zonas<\/h3>\n<h3>&#8211; Calles comprometidas por roturas<\/h3>\n<h3>Se est\u00e1n coordinando acciones de asistencia y prevenci\u00f3n entre:<\/h3>\n<h3>&#8211; Bomberos Voluntarios<\/h3>\n<h3>&#8211; Municipio (Defensa Civil, Servicios P\u00fablicos, Tr\u00e1nsito y Transporte, Gobierno, Desarrollo Humano y otras \u00e1reas)<\/h3>\n<h3>&#8211; Vialidad Provincial<\/h3>\n<h3>&#8211; Polic\u00eda<\/h3>\n<h3>&#8211; Direcci\u00f3n Provincial de Prevenci\u00f3n y Gesti\u00f3n de la Emergencia<\/h3>\n<h3>Por \u00faltimo, se recomienda evitar salir y circular por la v\u00eda p\u00fablica y ante alguna situaci\u00f3n de emergencia comunicarse con el cuartel de bomberos: <span style=\"color: #3366ff;\">\ud83d\udcde100\/02656-478021\/475066<\/span>.<\/h3>\n<div style=\"width: 480px;\" class=\"wp-video\"><!--[if lt IE 9]><script>document.createElement('video');<\/script><![endif]-->\n<video class=\"wp-video-shortcode\" id=\"video-9667-1\" width=\"480\" height=\"864\" preload=\"metadata\" controls=\"controls\"><source type=\"video\/mp4\" src=\"https:\/\/apuntesdesanluis.com\/wp-content\/uploads\/2024\/01\/Intendente-Alvarez-Pinto.mp4?_=1\" \/><a href=\"https:\/\/apuntesdesanluis.com\/wp-content\/uploads\/2024\/01\/Intendente-Alvarez-Pinto.mp4\">https:\/\/apuntesdesanluis.com\/wp-content\/uploads\/2024\/01\/Intendente-Alvarez-Pinto.mp4<\/a><\/video><\/div>\n<p>&nbsp;<\/p>\n<h3><strong>La Direcci\u00f3n de Gesti\u00f3n y Prevenci\u00f3n de Emergencia del ministerio de Seguridad hizo las siguientes recomendaciones:<\/strong><\/h3>\n<h3>-No intentar cruzar a pie una corriente de agua que sobrepase las rodillas.<\/h3>\n<h3>-No acercarse a postes o cables de electricidad.<\/h3>\n<h3>-No sacar bolsas de basura u objetos que obstruyan desag\u00fces fluviales.<\/h3>\n<h3>-No dejar en techos, balcones y terrazas, objetos que puedan volarse.<\/h3>\n<h3>-No cruzar r\u00edos o arroyos crecidos si estos est\u00e1n bloqueados.<\/h3>\n<h3>-No acampar en lugares no autorizados.<\/h3>\n<h3>-En caso de tormenta el\u00e9ctrica, mantenerse dentro de sus hogares.<\/h3>\n<p>&nbsp;<\/p>\n<h3><span style=\"color: #3366ff;\">FOTOS:<\/span> EL CORREDOR NOTICIAS \/ EL CHORRILLERO \/ MUNIC. MERLO<\/h3>\n<p>&nbsp;<\/p>\n<p>&nbsp;<\/p>\n<p>&nbsp;<\/p>\n<p>&nbsp;<\/p>\n","protected":false},"excerpt":{"rendered":"<p>Coordinado por el intendente Juan \u00c1lvarez Pinto, los integrantes del Comit\u00e9 de Crisis se reunieron&#8230;<\/p>\n","protected":false},"author":1,"featured_media":9668,"comment_status":"closed","ping_status":"closed","sticky":false,"template":"","format":"standard","meta":{"footnotes":""},"categories":[6],"tags":[],"class_list":["post-9667","post","type-post","status-publish","format-standard","has-post-thumbnail","hentry","category-ciudad-provincia"],"yoast_head":"<!-- This site is optimized with the Yoast SEO plugin v26.1.1 - https:\/\/yoast.com\/wordpress\/plugins\/seo\/ -->\n<title>SIGUE TRABAJANDO EL COMIT\u00c9 DE CRISIS POR EL TEMPORAL EN MERLO - Apuntes de San Luis<\/title>\n<meta name=\"robots\" content=\"index, follow, max-snippet:-1, max-image-preview:large, max-video-preview:-1\" \/>\n<link rel=\"canonical\" href=\"https:\/\/apuntesdesanluis.com\/index.php\/2024\/01\/07\/sigue-trabajando-el-comite-de-crisis-por-el-temporal-en-merlo\/\" \/>\n<meta property=\"og:locale\" content=\"es_ES\" \/>\n<meta property=\"og:type\" content=\"article\" \/>\n<meta property=\"og:title\" content=\"SIGUE TRABAJANDO EL COMIT\u00c9 DE CRISIS POR EL TEMPORAL EN MERLO - Apuntes de San Luis\" \/>\n<meta property=\"og:description\" content=\"Coordinado por el intendente Juan \u00c1lvarez Pinto, los integrantes del Comit\u00e9 de Crisis se reunieron...\" \/>\n<meta property=\"og:url\" content=\"https:\/\/apuntesdesanluis.com\/index.php\/2024\/01\/07\/sigue-trabajando-el-comite-de-crisis-por-el-temporal-en-merlo\/\" \/>\n<meta property=\"og:site_name\" content=\"Apuntes de San Luis\" \/>\n<meta property=\"article:published_time\" content=\"2024-01-07T16:37:04+00:00\" \/>\n<meta property=\"article:modified_time\" content=\"2024-01-07T16:45:45+00:00\" \/>\n<meta property=\"og:image\" content=\"https:\/\/apuntesdesanluis.com\/wp-content\/uploads\/2024\/01\/arroyo.png\" \/>\n\t<meta property=\"og:image:width\" content=\"600\" \/>\n\t<meta property=\"og:image:height\" content=\"363\" \/>\n\t<meta property=\"og:image:type\" content=\"image\/png\" \/>\n<meta name=\"author\" content=\"apuntesdesanluis.com\" \/>\n<meta name=\"twitter:card\" content=\"summary_large_image\" \/>\n<meta name=\"twitter:label1\" content=\"Escrito por\" \/>\n\t<meta name=\"twitter:data1\" content=\"apuntesdesanluis.com\" \/>\n\t<meta name=\"twitter:label2\" content=\"Tiempo de lectura\" \/>\n\t<meta name=\"twitter:data2\" content=\"5 minutos\" \/>\n<script type=\"application\/ld+json\" class=\"yoast-schema-graph\">{\"@context\":\"https:\/\/schema.org\",\"@graph\":[{\"@type\":\"Article\",\"@id\":\"https:\/\/apuntesdesanluis.com\/index.php\/2024\/01\/07\/sigue-trabajando-el-comite-de-crisis-por-el-temporal-en-merlo\/#article\",\"isPartOf\":{\"@id\":\"https:\/\/apuntesdesanluis.com\/index.php\/2024\/01\/07\/sigue-trabajando-el-comite-de-crisis-por-el-temporal-en-merlo\/\"},\"author\":{\"name\":\"apuntesdesanluis.com\",\"@id\":\"https:\/\/apuntesdesanluis.com\/#\/schema\/person\/b55151d52296fcce64d1a72538a70b90\"},\"headline\":\"SIGUE TRABAJANDO EL COMIT\u00c9 DE CRISIS POR EL TEMPORAL EN MERLO\",\"datePublished\":\"2024-01-07T16:37:04+00:00\",\"dateModified\":\"2024-01-07T16:45:45+00:00\",\"mainEntityOfPage\":{\"@id\":\"https:\/\/apuntesdesanluis.com\/index.php\/2024\/01\/07\/sigue-trabajando-el-comite-de-crisis-por-el-temporal-en-merlo\/\"},\"wordCount\":936,\"publisher\":{\"@id\":\"https:\/\/apuntesdesanluis.com\/#\/schema\/person\/b55151d52296fcce64d1a72538a70b90\"},\"image\":{\"@id\":\"https:\/\/apuntesdesanluis.com\/index.php\/2024\/01\/07\/sigue-trabajando-el-comite-de-crisis-por-el-temporal-en-merlo\/#primaryimage\"},\"thumbnailUrl\":\"https:\/\/apuntesdesanluis.com\/wp-content\/uploads\/2024\/01\/arroyo.png\",\"articleSection\":[\"Ciudad\/Provincia\"],\"inLanguage\":\"es-AR\"},{\"@type\":\"WebPage\",\"@id\":\"https:\/\/apuntesdesanluis.com\/index.php\/2024\/01\/07\/sigue-trabajando-el-comite-de-crisis-por-el-temporal-en-merlo\/\",\"url\":\"https:\/\/apuntesdesanluis.com\/index.php\/2024\/01\/07\/sigue-trabajando-el-comite-de-crisis-por-el-temporal-en-merlo\/\",\"name\":\"SIGUE TRABAJANDO EL COMIT\u00c9 DE CRISIS POR EL TEMPORAL EN MERLO - Apuntes de San Luis\",\"isPartOf\":{\"@id\":\"https:\/\/apuntesdesanluis.com\/#website\"},\"primaryImageOfPage\":{\"@id\":\"https:\/\/apuntesdesanluis.com\/index.php\/2024\/01\/07\/sigue-trabajando-el-comite-de-crisis-por-el-temporal-en-merlo\/#primaryimage\"},\"image\":{\"@id\":\"https:\/\/apuntesdesanluis.com\/index.php\/2024\/01\/07\/sigue-trabajando-el-comite-de-crisis-por-el-temporal-en-merlo\/#primaryimage\"},\"thumbnailUrl\":\"https:\/\/apuntesdesanluis.com\/wp-content\/uploads\/2024\/01\/arroyo.png\",\"datePublished\":\"2024-01-07T16:37:04+00:00\",\"dateModified\":\"2024-01-07T16:45:45+00:00\",\"breadcrumb\":{\"@id\":\"https:\/\/apuntesdesanluis.com\/index.php\/2024\/01\/07\/sigue-trabajando-el-comite-de-crisis-por-el-temporal-en-merlo\/#breadcrumb\"},\"inLanguage\":\"es-AR\",\"potentialAction\":[{\"@type\":\"ReadAction\",\"target\":[\"https:\/\/apuntesdesanluis.com\/index.php\/2024\/01\/07\/sigue-trabajando-el-comite-de-crisis-por-el-temporal-en-merlo\/\"]}]},{\"@type\":\"ImageObject\",\"inLanguage\":\"es-AR\",\"@id\":\"https:\/\/apuntesdesanluis.com\/index.php\/2024\/01\/07\/sigue-trabajando-el-comite-de-crisis-por-el-temporal-en-merlo\/#primaryimage\",\"url\":\"https:\/\/apuntesdesanluis.com\/wp-content\/uploads\/2024\/01\/arroyo.png\",\"contentUrl\":\"https:\/\/apuntesdesanluis.com\/wp-content\/uploads\/2024\/01\/arroyo.png\",\"width\":600,\"height\":363},{\"@type\":\"BreadcrumbList\",\"@id\":\"https:\/\/apuntesdesanluis.com\/index.php\/2024\/01\/07\/sigue-trabajando-el-comite-de-crisis-por-el-temporal-en-merlo\/#breadcrumb\",\"itemListElement\":[{\"@type\":\"ListItem\",\"position\":1,\"name\":\"Inicio\",\"item\":\"https:\/\/apuntesdesanluis.com\/\"},{\"@type\":\"ListItem\",\"position\":2,\"name\":\"SIGUE TRABAJANDO EL COMIT\u00c9 DE CRISIS POR EL TEMPORAL EN MERLO\"}]},{\"@type\":\"WebSite\",\"@id\":\"https:\/\/apuntesdesanluis.com\/#website\",\"url\":\"https:\/\/apuntesdesanluis.com\/\",\"name\":\"Apuntes de San Luis\",\"description\":\"\",\"publisher\":{\"@id\":\"https:\/\/apuntesdesanluis.com\/#\/schema\/person\/b55151d52296fcce64d1a72538a70b90\"},\"potentialAction\":[{\"@type\":\"SearchAction\",\"target\":{\"@type\":\"EntryPoint\",\"urlTemplate\":\"https:\/\/apuntesdesanluis.com\/?s={search_term_string}\"},\"query-input\":{\"@type\":\"PropertyValueSpecification\",\"valueRequired\":true,\"valueName\":\"search_term_string\"}}],\"inLanguage\":\"es-AR\"},{\"@type\":[\"Person\",\"Organization\"],\"@id\":\"https:\/\/apuntesdesanluis.com\/#\/schema\/person\/b55151d52296fcce64d1a72538a70b90\",\"name\":\"apuntesdesanluis.com\",\"image\":{\"@type\":\"ImageObject\",\"inLanguage\":\"es-AR\",\"@id\":\"https:\/\/apuntesdesanluis.com\/#\/schema\/person\/image\/\",\"url\":\"https:\/\/apuntesdesanluis.com\/wp-content\/uploads\/2023\/07\/cropped-apuntesdesanluis.png\",\"contentUrl\":\"https:\/\/apuntesdesanluis.com\/wp-content\/uploads\/2023\/07\/cropped-apuntesdesanluis.png\",\"width\":450,\"height\":112,\"caption\":\"apuntesdesanluis.com\"},\"logo\":{\"@id\":\"https:\/\/apuntesdesanluis.com\/#\/schema\/person\/image\/\"},\"sameAs\":[\"https:\/\/apuntesdesanluis.com\"],\"url\":\"https:\/\/apuntesdesanluis.com\/index.php\/author\/apuntesdesanluis-com\/\"}]}<\/script>\n<!-- \/ Yoast SEO plugin. -->","yoast_head_json":{"title":"SIGUE TRABAJANDO EL COMIT\u00c9 DE CRISIS POR EL TEMPORAL EN MERLO - Apuntes de San Luis","robots":{"index":"index","follow":"follow","max-snippet":"max-snippet:-1","max-image-preview":"max-image-preview:large","max-video-preview":"max-video-preview:-1"},"canonical":"https:\/\/apuntesdesanluis.com\/index.php\/2024\/01\/07\/sigue-trabajando-el-comite-de-crisis-por-el-temporal-en-merlo\/","og_locale":"es_ES","og_type":"article","og_title":"SIGUE TRABAJANDO EL COMIT\u00c9 DE CRISIS POR EL TEMPORAL EN MERLO - Apuntes de San Luis","og_description":"Coordinado por el intendente Juan \u00c1lvarez Pinto, los integrantes del Comit\u00e9 de Crisis se reunieron...","og_url":"https:\/\/apuntesdesanluis.com\/index.php\/2024\/01\/07\/sigue-trabajando-el-comite-de-crisis-por-el-temporal-en-merlo\/","og_site_name":"Apuntes de San Luis","article_published_time":"2024-01-07T16:37:04+00:00","article_modified_time":"2024-01-07T16:45:45+00:00","og_image":[{"width":600,"height":363,"url":"https:\/\/apuntesdesanluis.com\/wp-content\/uploads\/2024\/01\/arroyo.png","type":"image\/png"}],"author":"apuntesdesanluis.com","twitter_card":"summary_large_image","twitter_misc":{"Escrito por":"apuntesdesanluis.com","Tiempo de lectura":"5 minutos"},"schema":{"@context":"https:\/\/schema.org","@graph":[{"@type":"Article","@id":"https:\/\/apuntesdesanluis.com\/index.php\/2024\/01\/07\/sigue-trabajando-el-comite-de-crisis-por-el-temporal-en-merlo\/#article","isPartOf":{"@id":"https:\/\/apuntesdesanluis.com\/index.php\/2024\/01\/07\/sigue-trabajando-el-comite-de-crisis-por-el-temporal-en-merlo\/"},"author":{"name":"apuntesdesanluis.com","@id":"https:\/\/apuntesdesanluis.com\/#\/schema\/person\/b55151d52296fcce64d1a72538a70b90"},"headline":"SIGUE TRABAJANDO EL COMIT\u00c9 DE CRISIS POR EL TEMPORAL EN MERLO","datePublished":"2024-01-07T16:37:04+00:00","dateModified":"2024-01-07T16:45:45+00:00","mainEntityOfPage":{"@id":"https:\/\/apuntesdesanluis.com\/index.php\/2024\/01\/07\/sigue-trabajando-el-comite-de-crisis-por-el-temporal-en-merlo\/"},"wordCount":936,"publisher":{"@id":"https:\/\/apuntesdesanluis.com\/#\/schema\/person\/b55151d52296fcce64d1a72538a70b90"},"image":{"@id":"https:\/\/apuntesdesanluis.com\/index.php\/2024\/01\/07\/sigue-trabajando-el-comite-de-crisis-por-el-temporal-en-merlo\/#primaryimage"},"thumbnailUrl":"https:\/\/apuntesdesanluis.com\/wp-content\/uploads\/2024\/01\/arroyo.png","articleSection":["Ciudad\/Provincia"],"inLanguage":"es-AR"},{"@type":"WebPage","@id":"https:\/\/apuntesdesanluis.com\/index.php\/2024\/01\/07\/sigue-trabajando-el-comite-de-crisis-por-el-temporal-en-merlo\/","url":"https:\/\/apuntesdesanluis.com\/index.php\/2024\/01\/07\/sigue-trabajando-el-comite-de-crisis-por-el-temporal-en-merlo\/","name":"SIGUE TRABAJANDO EL COMIT\u00c9 DE CRISIS POR EL TEMPORAL EN MERLO - Apuntes de San Luis","isPartOf":{"@id":"https:\/\/apuntesdesanluis.com\/#website"},"primaryImageOfPage":{"@id":"https:\/\/apuntesdesanluis.com\/index.php\/2024\/01\/07\/sigue-trabajando-el-comite-de-crisis-por-el-temporal-en-merlo\/#primaryimage"},"image":{"@id":"https:\/\/apuntesdesanluis.com\/index.php\/2024\/01\/07\/sigue-trabajando-el-comite-de-crisis-por-el-temporal-en-merlo\/#primaryimage"},"thumbnailUrl":"https:\/\/apuntesdesanluis.com\/wp-content\/uploads\/2024\/01\/arroyo.png","datePublished":"2024-01-07T16:37:04+00:00","dateModified":"2024-01-07T16:45:45+00:00","breadcrumb":{"@id":"https:\/\/apuntesdesanluis.com\/index.php\/2024\/01\/07\/sigue-trabajando-el-comite-de-crisis-por-el-temporal-en-merlo\/#breadcrumb"},"inLanguage":"es-AR","potentialAction":[{"@type":"ReadAction","target":["https:\/\/apuntesdesanluis.com\/index.php\/2024\/01\/07\/sigue-trabajando-el-comite-de-crisis-por-el-temporal-en-merlo\/"]}]},{"@type":"ImageObject","inLanguage":"es-AR","@id":"https:\/\/apuntesdesanluis.com\/index.php\/2024\/01\/07\/sigue-trabajando-el-comite-de-crisis-por-el-temporal-en-merlo\/#primaryimage","url":"https:\/\/apuntesdesanluis.com\/wp-content\/uploads\/2024\/01\/arroyo.png","contentUrl":"https:\/\/apuntesdesanluis.com\/wp-content\/uploads\/2024\/01\/arroyo.png","width":600,"height":363},{"@type":"BreadcrumbList","@id":"https:\/\/apuntesdesanluis.com\/index.php\/2024\/01\/07\/sigue-trabajando-el-comite-de-crisis-por-el-temporal-en-merlo\/#breadcrumb","itemListElement":[{"@type":"ListItem","position":1,"name":"Inicio","item":"https:\/\/apuntesdesanluis.com\/"},{"@type":"ListItem","position":2,"name":"SIGUE TRABAJANDO EL COMIT\u00c9 DE CRISIS POR EL TEMPORAL EN MERLO"}]},{"@type":"WebSite","@id":"https:\/\/apuntesdesanluis.com\/#website","url":"https:\/\/apuntesdesanluis.com\/","name":"Apuntes de San Luis","description":"","publisher":{"@id":"https:\/\/apuntesdesanluis.com\/#\/schema\/person\/b55151d52296fcce64d1a72538a70b90"},"potentialAction":[{"@type":"SearchAction","target":{"@type":"EntryPoint","urlTemplate":"https:\/\/apuntesdesanluis.com\/?s={search_term_string}"},"query-input":{"@type":"PropertyValueSpecification","valueRequired":true,"valueName":"search_term_string"}}],"inLanguage":"es-AR"},{"@type":["Person","Organization"],"@id":"https:\/\/apuntesdesanluis.com\/#\/schema\/person\/b55151d52296fcce64d1a72538a70b90","name":"apuntesdesanluis.com","image":{"@type":"ImageObject","inLanguage":"es-AR","@id":"https:\/\/apuntesdesanluis.com\/#\/schema\/person\/image\/","url":"https:\/\/apuntesdesanluis.com\/wp-content\/uploads\/2023\/07\/cropped-apuntesdesanluis.png","contentUrl":"https:\/\/apuntesdesanluis.com\/wp-content\/uploads\/2023\/07\/cropped-apuntesdesanluis.png","width":450,"height":112,"caption":"apuntesdesanluis.com"},"logo":{"@id":"https:\/\/apuntesdesanluis.com\/#\/schema\/person\/image\/"},"sameAs":["https:\/\/apuntesdesanluis.com"],"url":"https:\/\/apuntesdesanluis.com\/index.php\/author\/apuntesdesanluis-com\/"}]}},"featured_image_urls":{"full":["https:\/\/apuntesdesanluis.com\/wp-content\/uploads\/2024\/01\/arroyo.png",600,363,false],"thumbnail":["https:\/\/apuntesdesanluis.com\/wp-content\/uploads\/2024\/01\/arroyo-150x150.png",150,150,true],"medium":["https:\/\/apuntesdesanluis.com\/wp-content\/uploads\/2024\/01\/arroyo-300x182.png",300,182,true],"medium_large":["https:\/\/apuntesdesanluis.com\/wp-content\/uploads\/2024\/01\/arroyo.png",600,363,false],"large":["https:\/\/apuntesdesanluis.com\/wp-content\/uploads\/2024\/01\/arroyo.png",600,363,false],"1536x1536":["https:\/\/apuntesdesanluis.com\/wp-content\/uploads\/2024\/01\/arroyo.png",600,363,false],"2048x2048":["https:\/\/apuntesdesanluis.com\/wp-content\/uploads\/2024\/01\/arroyo.png",600,363,false],"newsever-slider-full":["https:\/\/apuntesdesanluis.com\/wp-content\/uploads\/2024\/01\/arroyo.png",600,363,false],"newsever-featured":["https:\/\/apuntesdesanluis.com\/wp-content\/uploads\/2024\/01\/arroyo.png",600,363,false],"newsever-medium":["https:\/\/apuntesdesanluis.com\/wp-content\/uploads\/2024\/01\/arroyo.png",600,363,false]},"author_info":{"display_name":"apuntesdesanluis.com","author_link":"https:\/\/apuntesdesanluis.com\/index.php\/author\/apuntesdesanluis-com\/"},"category_info":"<a href=\"https:\/\/apuntesdesanluis.com\/index.php\/category\/ciudad-provincia\/\" rel=\"category tag\">Ciudad\/Provincia<\/a>","tag_info":"Ciudad\/Provincia","comment_count":"0","_links":{"self":[{"href":"https:\/\/apuntesdesanluis.com\/index.php\/wp-json\/wp\/v2\/posts\/9667","targetHints":{"allow":["GET"]}}],"collection":[{"href":"https:\/\/apuntesdesanluis.com\/index.php\/wp-json\/wp\/v2\/posts"}],"about":[{"href":"https:\/\/apuntesdesanluis.com\/index.php\/wp-json\/wp\/v2\/types\/post"}],"author":[{"embeddable":true,"href":"https:\/\/apuntesdesanluis.com\/index.php\/wp-json\/wp\/v2\/users\/1"}],"replies":[{"embeddable":true,"href":"https:\/\/apuntesdesanluis.com\/index.php\/wp-json\/wp\/v2\/comments?post=9667"}],"version-history":[{"count":5,"href":"https:\/\/apuntesdesanluis.com\/index.php\/wp-json\/wp\/v2\/posts\/9667\/revisions"}],"predecessor-version":[{"id":9678,"href":"https:\/\/apuntesdesanluis.com\/index.php\/wp-json\/wp\/v2\/posts\/9667\/revisions\/9678"}],"wp:featuredmedia":[{"embeddable":true,"href":"https:\/\/apuntesdesanluis.com\/index.php\/wp-json\/wp\/v2\/media\/9668"}],"wp:attachment":[{"href":"https:\/\/apuntesdesanluis.com\/index.php\/wp-json\/wp\/v2\/media?parent=9667"}],"wp:term":[{"taxonomy":"category","embeddable":true,"href":"https:\/\/apuntesdesanluis.com\/index.php\/wp-json\/wp\/v2\/categories?post=9667"},{"taxonomy":"post_tag","embeddable":true,"href":"https:\/\/apuntesdesanluis.com\/index.php\/wp-json\/wp\/v2\/tags?post=9667"}],"curies":[{"name":"wp","href":"https:\/\/api.w.org\/{rel}","templated":true}]}}